{"id":1251,"date":"2020-11-20T12:26:09","date_gmt":"2020-11-20T11:26:09","guid":{"rendered":"https:\/\/joseppons.com\/servicios\/?p=1251"},"modified":"2020-11-20T14:45:54","modified_gmt":"2020-11-20T13:45:54","slug":"llega-la-semana-black-friday-a-josep-pons","status":"publish","type":"post","link":"https:\/\/joseppons.com\/servicios\/llega-la-semana-black-friday-a-josep-pons\/","title":{"rendered":"\u00a1Llega la semana Black Friday a Josep Pons!"},"content":{"rendered":"<p>El <strong>Black Friday<\/strong>, una de las tradiciones m\u00e1s emblem\u00e1ticas que hemos importado de los Estados Unidos, llega cada \u00faltimo viernes de noviembre con grandes descuentos.<\/p>\n<p>Como no pod\u00eda ser de otra manera, en el <a style=\"color: #c74ee5;\" href=\"https:\/\/joseppons.com\/servicios\/centro-perfeccionamiento-josep-pons\/\">centro Josep Pons Internacional de Barcelona<\/a> queremos celebrarlo con vosotros a lo largo de toda la semana. \u00a1Un solo d\u00eda sabe muy poco!<\/p>\n<p>Es por eso que a partir <strong>del lunes 23 hasta el viernes 27 de noviembre habr\u00e1 un 50%<\/strong> de descuento en todas nuestras mejores gamas de productos de l&#8217;Or\u00e9al Professionnel.<\/p>\n<p>De este modo, cada d\u00eda de la semana encontrar\u00e9is diferentes l\u00edneas de cosm\u00e9ticos en promoci\u00f3n, (gamas nutritivas, regenerativas, para cabellos te\u00f1idos, etc.) hasta llegar al viernes, donde podr\u00e9is disfrutar de una liquidaci\u00f3n final y de <strong>alguna sorpresa m\u00e1s&#8230;<\/strong><\/p>\n<p>Y es que el <strong>Black Friday de Josep Pons<\/strong> no son unas simples rebajas, \u00a1son la mejor oportunidad para haceros con productos espec\u00edficos para el cuidado del cabello! Nuestros profesionales nos asesorar\u00e1n en cuanto a su aplicaci\u00f3n y <a style=\"color: #c74ee5;\" href=\"https:\/\/joseppons.com\/servicios\/que-es-un-tratamiento-fisiologico-para-el-pelo\/\">rituales de tratamiento<\/a> para que pod\u00e1is conseguir un cabello extra sano y acabados de peluquer\u00eda desde casa.<\/p>\n<p>&nbsp;<\/p>\n<h2><strong>Todas las gamas de productos de l\u2019Or\u00e9al Professionel a mitad de precio<\/strong><strong>\u00a0<\/strong><\/h2>\n<ul>\n<li>\n<h3><strong>Lunes 23 de noviembre<\/strong><\/h3>\n<\/li>\n<\/ul>\n<p>La nutrici\u00f3n es una de las claves principales para ganar suavidad en el cabello.<\/p>\n<p>Para ello, nuestros profesionales proponen por un lado la gama <strong>Absolut Repair, <\/strong>un tratamiento capilar con productos de peluquer\u00eda id\u00f3neos para cualquier cabello.<\/p>\n<p>Se trata de una l\u00ednea de <a style=\"color: #c74ee5;\" href=\"https:\/\/joseppons.com\/servicios\/la-importancia-del-analisis-y-el-diagnostico-capilar\/\">productos ideal para reparar<\/a> y dejar m\u00e1s suave, ligera y brillante la melena de manera instant\u00e1nea. \u00a1Como si se tratara de un acabado de peluquer\u00eda!<\/p>\n<figure id=\"attachment_1253\" aria-describedby=\"caption-attachment-1253\" style=\"width: 1080px\" class=\"wp-caption alignnone\"><img fetchpriority=\"high\" decoding=\"async\" class=\"size-full wp-image-1253\" src=\"https:\/\/joseppons.com\/servicios\/wp-content\/uploads\/2020\/11\/Absolut-Repair-Loreal.jpg\" alt=\"Absolut Repair\" width=\"1080\" height=\"1080\" srcset=\"https:\/\/joseppons.com\/servicios\/wp-content\/uploads\/2020\/11\/Absolut-Repair-Loreal.jpg 1080w, https:\/\/joseppons.com\/servicios\/wp-content\/uploads\/2020\/11\/Absolut-Repair-Loreal-300x300.jpg 300w, https:\/\/joseppons.com\/servicios\/wp-content\/uploads\/2020\/11\/Absolut-Repair-Loreal-100x100.jpg 100w, https:\/\/joseppons.com\/servicios\/wp-content\/uploads\/2020\/11\/Absolut-Repair-Loreal-600x600.jpg 600w, https:\/\/joseppons.com\/servicios\/wp-content\/uploads\/2020\/11\/Absolut-Repair-Loreal-768x768.jpg 768w\" sizes=\"(max-width: 1080px) 100vw, 1080px\" \/><figcaption id=\"caption-attachment-1253\" class=\"wp-caption-text\">Absolut Repair<\/figcaption><\/figure>\n<p>Por otro lado, para los que busqu\u00e9is una nutrici\u00f3n m\u00e1s estricta\u2026 <a style=\"color: #c74ee5;\" href=\"https:\/\/joseppons.com\/servicios\/consulting-de-imagen-personal-josep-pons\/\">Nuestros especialistas<\/a> recomiendan la gama <strong>Nutrifier<\/strong> de l\u2019Or\u00e9al Professionnel, tambi\u00e9n al 50% de descuento.<\/p>\n<p>Se trata de una l\u00ednea ideal para cabellos secos, ya que todos sus productos est\u00e1n dise\u00f1ados para aportar un <strong>gran nombre de nutrientes a la melena<\/strong> as\u00ed como para ganar suavidad, flexibilidad y brillo.<\/p>\n<figure id=\"attachment_1254\" aria-describedby=\"caption-attachment-1254\" style=\"width: 1011px\" class=\"wp-caption alignnone\"><img decoding=\"async\" class=\"size-full wp-image-1254\" src=\"https:\/\/joseppons.com\/servicios\/wp-content\/uploads\/2020\/11\/Nutrifier-Loreal.jpg\" alt=\"Nutrifier\" width=\"1011\" height=\"1011\" srcset=\"https:\/\/joseppons.com\/servicios\/wp-content\/uploads\/2020\/11\/Nutrifier-Loreal.jpg 1011w, https:\/\/joseppons.com\/servicios\/wp-content\/uploads\/2020\/11\/Nutrifier-Loreal-300x300.jpg 300w, https:\/\/joseppons.com\/servicios\/wp-content\/uploads\/2020\/11\/Nutrifier-Loreal-100x100.jpg 100w, https:\/\/joseppons.com\/servicios\/wp-content\/uploads\/2020\/11\/Nutrifier-Loreal-600x600.jpg 600w, https:\/\/joseppons.com\/servicios\/wp-content\/uploads\/2020\/11\/Nutrifier-Loreal-768x768.jpg 768w\" sizes=\"(max-width: 1011px) 100vw, 1011px\" \/><figcaption id=\"caption-attachment-1254\" class=\"wp-caption-text\">Nutrifier<\/figcaption><\/figure>\n<ul>\n<li>\n<h3><strong>Martes 24 de noviembre<\/strong><\/h3>\n<\/li>\n<\/ul>\n<p>Las mejores rutinas profesionales para el cabello coloreado.<\/p>\n<p>En nuestro <strong>centro Josep Pons Internacional<\/strong> encontrar\u00e9is todos los productos de la gama<strong> Vitamino Color<\/strong>, el mejor aliado para cuidar, perfeccionar y mantener la coloraci\u00f3n del cabello, a mitad de precio.<\/p>\n<p>Y es que todos los productos de esta incre\u00edble gama presentan un <a style=\"color: #c74ee5;\" href=\"https:\/\/joseppons.com\/servicios\/como-cuidar-el-cabello-rubio\/\">sistema profesional de protecci\u00f3n del color<\/a>, m\u00e1s brillo y frescura.<\/p>\n<figure id=\"attachment_1255\" aria-describedby=\"caption-attachment-1255\" style=\"width: 800px\" class=\"wp-caption alignnone\"><img decoding=\"async\" class=\"wp-image-1255 size-full\" title=\"Vitamino Color\" src=\"https:\/\/joseppons.com\/servicios\/wp-content\/uploads\/2020\/11\/Vitamino-Color.png\" alt=\"Vitamino Color\" width=\"800\" height=\"800\" srcset=\"https:\/\/joseppons.com\/servicios\/wp-content\/uploads\/2020\/11\/Vitamino-Color.png 800w, https:\/\/joseppons.com\/servicios\/wp-content\/uploads\/2020\/11\/Vitamino-Color-300x300.png 300w, https:\/\/joseppons.com\/servicios\/wp-content\/uploads\/2020\/11\/Vitamino-Color-100x100.png 100w, https:\/\/joseppons.com\/servicios\/wp-content\/uploads\/2020\/11\/Vitamino-Color-600x600.png 600w, https:\/\/joseppons.com\/servicios\/wp-content\/uploads\/2020\/11\/Vitamino-Color-768x768.png 768w\" sizes=\"(max-width: 800px) 100vw, 800px\" \/><figcaption id=\"caption-attachment-1255\" class=\"wp-caption-text\">Vitamino Color<\/figcaption><\/figure>\n<p>La <strong>Gama Inforcer<\/strong>, tambi\u00e9n al 50% el martes 24 de noviembre, est\u00e1 formada por productos de cuidado profesional que logran aumentar la resistencia del cabello fr\u00e1gil debilitado por los tratamientos de coloraci\u00f3n, peinados o estr\u00e9s de la vida diaria gracias a su f\u00f3rmula a base de <strong>Vitamina B6 y Biotina<\/strong>.<\/p>\n<p>\u00a1Adi\u00f3s al cabello quebrado!<\/p>\n<figure id=\"attachment_1256\" aria-describedby=\"caption-attachment-1256\" style=\"width: 900px\" class=\"wp-caption alignnone\"><img loading=\"lazy\" decoding=\"async\" class=\"size-full wp-image-1256\" src=\"https:\/\/joseppons.com\/servicios\/wp-content\/uploads\/2020\/11\/Gama-Inforcer-LOreal.jpg\" alt=\"Gama Inforcer\" width=\"900\" height=\"600\" srcset=\"https:\/\/joseppons.com\/servicios\/wp-content\/uploads\/2020\/11\/Gama-Inforcer-LOreal.jpg 900w, https:\/\/joseppons.com\/servicios\/wp-content\/uploads\/2020\/11\/Gama-Inforcer-LOreal-600x400.jpg 600w, https:\/\/joseppons.com\/servicios\/wp-content\/uploads\/2020\/11\/Gama-Inforcer-LOreal-768x512.jpg 768w\" sizes=\"(max-width: 900px) 100vw, 900px\" \/><figcaption id=\"caption-attachment-1256\" class=\"wp-caption-text\">Gama Inforcer<\/figcaption><\/figure>\n<ul>\n<li>\n<h3><strong>Mi\u00e9rcoles 25 de noviembre<\/strong><\/h3>\n<\/li>\n<\/ul>\n<p>El <a style=\"color: #c74ee5;\" href=\"https:\/\/joseppons.com\/servicios\/blog\/#\">mundo de la peluquer\u00eda y la est\u00e9tica<\/a> est\u00e1 evolucionando hacia el concepto de cosm\u00e9tica sostenible.<\/p>\n<p>Es por eso que en nuestra semana Black Friday no pod\u00edan faltar <strong>productos veganos<\/strong>.<\/p>\n<p>El mi\u00e9rcoles 25 de noviembre encontrar\u00e9is toda la l\u00ednea <strong>Source Essentielle<\/strong> a mitad de precio en el centro Josep Pons Internacional. Se trata de una gama totalmente respetuosa con el cabello y el medioambiente.<\/p>\n<p><strong>Source Essentielle, de l\u2019Or\u00e9al Professionnel,<\/strong> es la nueva l\u00ednea de cuidado profesional elaborada con ingredientes naturales y veganos como el jazm\u00edn, la lavanda, el aceite de s\u00e9samo, de coco o de girasol, la cera de candelilla, la siempreviva as\u00ed como las hojas de acacia. Toda la gama est\u00e1 formada por nueve productos espec\u00edficos para <a style=\"color: #c74ee5;\" href=\"https:\/\/joseppons.com\/servicios\/en-josep-pons-decimos-stop-a-la-caida-capilar\/\">tratar el pelo seco<\/a>, el cabello delicado, el pelo decolorado, y un largo etc\u00e9tera.<\/p>\n<figure id=\"attachment_1257\" aria-describedby=\"caption-attachment-1257\" style=\"width: 1617px\" class=\"wp-caption alignnone\"><img loading=\"lazy\" decoding=\"async\" class=\"size-full wp-image-1257\" src=\"https:\/\/joseppons.com\/servicios\/wp-content\/uploads\/2020\/11\/Source-Essentielle.jpg\" alt=\"Source Essentielle \" width=\"1617\" height=\"1213\" srcset=\"https:\/\/joseppons.com\/servicios\/wp-content\/uploads\/2020\/11\/Source-Essentielle.jpg 1617w, https:\/\/joseppons.com\/servicios\/wp-content\/uploads\/2020\/11\/Source-Essentielle-600x450.jpg 600w, https:\/\/joseppons.com\/servicios\/wp-content\/uploads\/2020\/11\/Source-Essentielle-768x576.jpg 768w, https:\/\/joseppons.com\/servicios\/wp-content\/uploads\/2020\/11\/Source-Essentielle-1536x1152.jpg 1536w\" sizes=\"(max-width: 1617px) 100vw, 1617px\" \/><figcaption id=\"caption-attachment-1257\" class=\"wp-caption-text\">Source Essentielle<\/figcaption><\/figure>\n<ul>\n<li><strong>Jueves 26 de noviembre<\/strong><\/li>\n<\/ul>\n<p>Conseguir un acabado perfecto es muy sencillo si se cuenta con los productos adecuados. Desde Josep Pons Internacional ponemos a vuestro alcance las gamas <strong>Liss Unlimited<\/strong> y <strong>Curl Contour<\/strong> &#8211; tambi\u00e9n con un 50% de descuento -,\u00a0 para conseguir lisos y rizos de pasarela.<\/p>\n<figure id=\"attachment_1258\" aria-describedby=\"caption-attachment-1258\" style=\"width: 787px\" class=\"wp-caption alignnone\"><img loading=\"lazy\" decoding=\"async\" class=\"size-full wp-image-1258\" src=\"https:\/\/joseppons.com\/servicios\/wp-content\/uploads\/2020\/11\/Liss-Unlimited.jpg\" alt=\"Liss Unlimited\" width=\"787\" height=\"787\" srcset=\"https:\/\/joseppons.com\/servicios\/wp-content\/uploads\/2020\/11\/Liss-Unlimited.jpg 787w, https:\/\/joseppons.com\/servicios\/wp-content\/uploads\/2020\/11\/Liss-Unlimited-300x300.jpg 300w, https:\/\/joseppons.com\/servicios\/wp-content\/uploads\/2020\/11\/Liss-Unlimited-100x100.jpg 100w, https:\/\/joseppons.com\/servicios\/wp-content\/uploads\/2020\/11\/Liss-Unlimited-600x600.jpg 600w, https:\/\/joseppons.com\/servicios\/wp-content\/uploads\/2020\/11\/Liss-Unlimited-768x768.jpg 768w\" sizes=\"(max-width: 787px) 100vw, 787px\" \/><figcaption id=\"caption-attachment-1258\" class=\"wp-caption-text\">Liss Unlimited<\/figcaption><\/figure>\n<p>Y es que ambas gamas son espec\u00edficas para <a style=\"color: #c74ee5;\" href=\"https:\/\/joseppons.com\/servicios\/peluqueria\/\"><strong>domar cabellos indisciplinados<\/strong><\/a>.<\/p>\n<p>Los productos de la l\u00ednea Liss Unlimited, por un lado, aportan un extra de <strong>protecci\u00f3n anti-encrespamiento<\/strong> a la vez que purifican y suavizan la melena para conseguir un acabado 100% liso, mientras que los productos de la gama Curl Contour est\u00e1n dise\u00f1ados espec\u00edficamente para preparar, perfeccionar y definir los rizos a la vez que se evita su encrespamiento con las herramientas de styling.<\/p>\n<figure id=\"attachment_1259\" aria-describedby=\"caption-attachment-1259\" style=\"width: 800px\" class=\"wp-caption alignnone\"><img loading=\"lazy\" decoding=\"async\" class=\"size-full wp-image-1259\" src=\"https:\/\/joseppons.com\/servicios\/wp-content\/uploads\/2020\/11\/Curl-Contour.jpg\" alt=\"Curl-Contour\" width=\"800\" height=\"800\" srcset=\"https:\/\/joseppons.com\/servicios\/wp-content\/uploads\/2020\/11\/Curl-Contour.jpg 800w, https:\/\/joseppons.com\/servicios\/wp-content\/uploads\/2020\/11\/Curl-Contour-300x300.jpg 300w, https:\/\/joseppons.com\/servicios\/wp-content\/uploads\/2020\/11\/Curl-Contour-100x100.jpg 100w, https:\/\/joseppons.com\/servicios\/wp-content\/uploads\/2020\/11\/Curl-Contour-600x600.jpg 600w, https:\/\/joseppons.com\/servicios\/wp-content\/uploads\/2020\/11\/Curl-Contour-768x768.jpg 768w\" sizes=\"(max-width: 800px) 100vw, 800px\" \/><figcaption id=\"caption-attachment-1259\" class=\"wp-caption-text\">Curl Contour<\/figcaption><\/figure>\n<ul>\n<li>\n<h3><strong>Viernes 27 de noviembre<\/strong><\/h3>\n<\/li>\n<\/ul>\n<p>Coincidiendo con el \u00faltimo d\u00eda de la semana y la fiesta oficial del Black Friday\u2026 \u00a1el viernes 27 de noviembre volver\u00e9is a tener a vuestro alcance <strong>todas las gamas de l\u2019Or\u00e9al Professionnel a mitad de precio<\/strong> as\u00ed como una nueva l\u00ednea sorpresa dise\u00f1ada espec\u00edficamente para ganar volumen y aumentar la densidad de la fibra capilar para evitar su rotura.<\/p>\n<p>\u00a1No te lo pierdas!<\/p>\n<p>&nbsp;<\/p>\n<p>&nbsp;<\/p>\n","protected":false},"excerpt":{"rendered":"<p>El Black Friday, una de las tradiciones m\u00e1s emblem\u00e1ticas que hemos importado de los Estados Unidos, llega cada \u00faltimo viernes de noviembre con grandes descuentos. Como no pod\u00eda ser de otra manera, en el centro Josep Pons Internacional de Barcelona queremos celebrarlo con vosotros a lo largo de toda la semana. \u00a1Un solo d\u00eda sabe [&hellip;]<\/p>\n","protected":false},"author":2,"featured_media":1267,"comment_status":"closed","ping_status":"closed","sticky":false,"template":"","format":"standard","meta":{"_joinchat":[],"footnotes":""},"categories":[9],"tags":[72,76,74,77],"class_list":["post-1251","post","type-post","status-publish","format-standard","has-post-thumbnail","hentry","category-novedades","tag-black-friday","tag-black-friday-2020-josep-pons","tag-cuidado-del-cabello","tag-loreal-professionnel"],"yoast_head":"<!-- This site is optimized with the Yoast SEO plugin v26.6 - https:\/\/yoast.com\/wordpress\/plugins\/seo\/ -->\n<title>\u00a1Llega la semana Black Friday a Josep Pons! - Josep Pons Servicios<\/title>\n<meta name=\"description\" content=\"\u00a1Llega el Black Friday en Josep Pons! Del 23 al 27 de noviembre -50% de descuento en las mejores gamas de l&#039;Or\u00e9al Professionnel.\" \/>\n<meta name=\"robots\" content=\"index, follow, max-snippet:-1, max-image-preview:large, max-video-preview:-1\" \/>\n<link rel=\"canonical\" href=\"https:\/\/joseppons.com\/servicios\/llega-la-semana-black-friday-a-josep-pons\/\" \/>\n<meta property=\"og:locale\" content=\"es_ES\" \/>\n<meta property=\"og:type\" content=\"article\" \/>\n<meta property=\"og:title\" content=\"\u00a1Llega la semana Black Friday a Josep Pons! - Josep Pons Servicios\" \/>\n<meta property=\"og:description\" content=\"\u00a1Llega el Black Friday en Josep Pons! Del 23 al 27 de noviembre -50% de descuento en las mejores gamas de l&#039;Or\u00e9al Professionnel.\" \/>\n<meta property=\"og:url\" content=\"https:\/\/joseppons.com\/servicios\/llega-la-semana-black-friday-a-josep-pons\/\" \/>\n<meta property=\"og:site_name\" content=\"Josep Pons Servicios\" \/>\n<meta property=\"article:published_time\" content=\"2020-11-20T11:26:09+00:00\" \/>\n<meta property=\"article:modified_time\" content=\"2020-11-20T13:45:54+00:00\" \/>\n<meta property=\"og:image\" content=\"https:\/\/joseppons.com\/servicios\/wp-content\/uploads\/2020\/11\/black-friday-2020.png\" \/>\n\t<meta property=\"og:image:width\" content=\"656\" \/>\n\t<meta property=\"og:image:height\" content=\"370\" \/>\n\t<meta property=\"og:image:type\" content=\"image\/png\" \/>\n<meta name=\"author\" content=\"joseppons\" \/>\n<meta name=\"twitter:card\" content=\"summary_large_image\" \/>\n<meta name=\"twitter:label1\" content=\"Escrito por\" \/>\n\t<meta name=\"twitter:data1\" content=\"joseppons\" \/>\n\t<meta name=\"twitter:label2\" content=\"Tiempo de lectura\" \/>\n\t<meta name=\"twitter:data2\" content=\"4 minutos\" \/>\n<script type=\"application\/ld+json\" class=\"yoast-schema-graph\">{\"@context\":\"https:\/\/schema.org\",\"@graph\":[{\"@type\":\"Article\",\"@id\":\"https:\/\/joseppons.com\/servicios\/llega-la-semana-black-friday-a-josep-pons\/#article\",\"isPartOf\":{\"@id\":\"https:\/\/joseppons.com\/servicios\/llega-la-semana-black-friday-a-josep-pons\/\"},\"author\":{\"name\":\"joseppons\",\"@id\":\"https:\/\/joseppons.com\/servicios\/#\/schema\/person\/52350c76759824d67ee4b9d948063ed1\"},\"headline\":\"\u00a1Llega la semana Black Friday a Josep Pons!\",\"datePublished\":\"2020-11-20T11:26:09+00:00\",\"dateModified\":\"2020-11-20T13:45:54+00:00\",\"mainEntityOfPage\":{\"@id\":\"https:\/\/joseppons.com\/servicios\/llega-la-semana-black-friday-a-josep-pons\/\"},\"wordCount\":903,\"publisher\":{\"@id\":\"https:\/\/joseppons.com\/servicios\/#organization\"},\"image\":{\"@id\":\"https:\/\/joseppons.com\/servicios\/llega-la-semana-black-friday-a-josep-pons\/#primaryimage\"},\"thumbnailUrl\":\"https:\/\/joseppons.com\/servicios\/wp-content\/uploads\/2020\/11\/black-friday-2020.png\",\"keywords\":[\"Black friday\",\"Black Friday 2020 Josep Pons\",\"Cuidado del cabello\",\"L'Or\u00e9al Professionnel\"],\"articleSection\":[\"Novedades\"],\"inLanguage\":\"es\"},{\"@type\":\"WebPage\",\"@id\":\"https:\/\/joseppons.com\/servicios\/llega-la-semana-black-friday-a-josep-pons\/\",\"url\":\"https:\/\/joseppons.com\/servicios\/llega-la-semana-black-friday-a-josep-pons\/\",\"name\":\"\u00a1Llega la semana Black Friday a Josep Pons! - Josep Pons Servicios\",\"isPartOf\":{\"@id\":\"https:\/\/joseppons.com\/servicios\/#website\"},\"primaryImageOfPage\":{\"@id\":\"https:\/\/joseppons.com\/servicios\/llega-la-semana-black-friday-a-josep-pons\/#primaryimage\"},\"image\":{\"@id\":\"https:\/\/joseppons.com\/servicios\/llega-la-semana-black-friday-a-josep-pons\/#primaryimage\"},\"thumbnailUrl\":\"https:\/\/joseppons.com\/servicios\/wp-content\/uploads\/2020\/11\/black-friday-2020.png\",\"datePublished\":\"2020-11-20T11:26:09+00:00\",\"dateModified\":\"2020-11-20T13:45:54+00:00\",\"description\":\"\u00a1Llega el Black Friday en Josep Pons! Del 23 al 27 de noviembre -50% de descuento en las mejores gamas de l'Or\u00e9al Professionnel.\",\"breadcrumb\":{\"@id\":\"https:\/\/joseppons.com\/servicios\/llega-la-semana-black-friday-a-josep-pons\/#breadcrumb\"},\"inLanguage\":\"es\",\"potentialAction\":[{\"@type\":\"ReadAction\",\"target\":[\"https:\/\/joseppons.com\/servicios\/llega-la-semana-black-friday-a-josep-pons\/\"]}]},{\"@type\":\"ImageObject\",\"inLanguage\":\"es\",\"@id\":\"https:\/\/joseppons.com\/servicios\/llega-la-semana-black-friday-a-josep-pons\/#primaryimage\",\"url\":\"https:\/\/joseppons.com\/servicios\/wp-content\/uploads\/2020\/11\/black-friday-2020.png\",\"contentUrl\":\"https:\/\/joseppons.com\/servicios\/wp-content\/uploads\/2020\/11\/black-friday-2020.png\",\"width\":656,\"height\":370},{\"@type\":\"BreadcrumbList\",\"@id\":\"https:\/\/joseppons.com\/servicios\/llega-la-semana-black-friday-a-josep-pons\/#breadcrumb\",\"itemListElement\":[{\"@type\":\"ListItem\",\"position\":1,\"name\":\"Portada\",\"item\":\"https:\/\/joseppons.com\/servicios\/\"},{\"@type\":\"ListItem\",\"position\":2,\"name\":\"\u00a1Llega la semana Black Friday a Josep Pons!\"}]},{\"@type\":\"WebSite\",\"@id\":\"https:\/\/joseppons.com\/servicios\/#website\",\"url\":\"https:\/\/joseppons.com\/servicios\/\",\"name\":\"Josep Pons Servicios\",\"description\":\"\",\"publisher\":{\"@id\":\"https:\/\/joseppons.com\/servicios\/#organization\"},\"potentialAction\":[{\"@type\":\"SearchAction\",\"target\":{\"@type\":\"EntryPoint\",\"urlTemplate\":\"https:\/\/joseppons.com\/servicios\/?s={search_term_string}\"},\"query-input\":{\"@type\":\"PropertyValueSpecification\",\"valueRequired\":true,\"valueName\":\"search_term_string\"}}],\"inLanguage\":\"es\"},{\"@type\":\"Organization\",\"@id\":\"https:\/\/joseppons.com\/servicios\/#organization\",\"name\":\"Josep Pons Servicios\",\"url\":\"https:\/\/joseppons.com\/servicios\/\",\"logo\":{\"@type\":\"ImageObject\",\"inLanguage\":\"es\",\"@id\":\"https:\/\/joseppons.com\/servicios\/#\/schema\/logo\/image\/\",\"url\":\"https:\/\/joseppons.com\/servicios\/wp-content\/uploads\/2018\/09\/logo-josep-pons-servicios.svg\",\"contentUrl\":\"https:\/\/joseppons.com\/servicios\/wp-content\/uploads\/2018\/09\/logo-josep-pons-servicios.svg\",\"width\":1322,\"height\":500,\"caption\":\"Josep Pons Servicios\"},\"image\":{\"@id\":\"https:\/\/joseppons.com\/servicios\/#\/schema\/logo\/image\/\"}},{\"@type\":\"Person\",\"@id\":\"https:\/\/joseppons.com\/servicios\/#\/schema\/person\/52350c76759824d67ee4b9d948063ed1\",\"name\":\"joseppons\",\"image\":{\"@type\":\"ImageObject\",\"inLanguage\":\"es\",\"@id\":\"https:\/\/joseppons.com\/servicios\/#\/schema\/person\/image\/\",\"url\":\"https:\/\/secure.gravatar.com\/avatar\/5dd1c35b18680be2d500a35f4b28416f3bf8c7c2e221c19e1453596f0018618d?s=96&d=mm&r=g\",\"contentUrl\":\"https:\/\/secure.gravatar.com\/avatar\/5dd1c35b18680be2d500a35f4b28416f3bf8c7c2e221c19e1453596f0018618d?s=96&d=mm&r=g\",\"caption\":\"joseppons\"}}]}<\/script>\n<!-- \/ Yoast SEO plugin. -->","yoast_head_json":{"title":"\u00a1Llega la semana Black Friday a Josep Pons! - Josep Pons Servicios","description":"\u00a1Llega el Black Friday en Josep Pons! Del 23 al 27 de noviembre -50% de descuento en las mejores gamas de l'Or\u00e9al Professionnel.","robots":{"index":"index","follow":"follow","max-snippet":"max-snippet:-1","max-image-preview":"max-image-preview:large","max-video-preview":"max-video-preview:-1"},"canonical":"https:\/\/joseppons.com\/servicios\/llega-la-semana-black-friday-a-josep-pons\/","og_locale":"es_ES","og_type":"article","og_title":"\u00a1Llega la semana Black Friday a Josep Pons! - Josep Pons Servicios","og_description":"\u00a1Llega el Black Friday en Josep Pons! Del 23 al 27 de noviembre -50% de descuento en las mejores gamas de l'Or\u00e9al Professionnel.","og_url":"https:\/\/joseppons.com\/servicios\/llega-la-semana-black-friday-a-josep-pons\/","og_site_name":"Josep Pons Servicios","article_published_time":"2020-11-20T11:26:09+00:00","article_modified_time":"2020-11-20T13:45:54+00:00","og_image":[{"width":656,"height":370,"url":"https:\/\/joseppons.com\/servicios\/wp-content\/uploads\/2020\/11\/black-friday-2020.png","type":"image\/png"}],"author":"joseppons","twitter_card":"summary_large_image","twitter_misc":{"Escrito por":"joseppons","Tiempo de lectura":"4 minutos"},"schema":{"@context":"https:\/\/schema.org","@graph":[{"@type":"Article","@id":"https:\/\/joseppons.com\/servicios\/llega-la-semana-black-friday-a-josep-pons\/#article","isPartOf":{"@id":"https:\/\/joseppons.com\/servicios\/llega-la-semana-black-friday-a-josep-pons\/"},"author":{"name":"joseppons","@id":"https:\/\/joseppons.com\/servicios\/#\/schema\/person\/52350c76759824d67ee4b9d948063ed1"},"headline":"\u00a1Llega la semana Black Friday a Josep Pons!","datePublished":"2020-11-20T11:26:09+00:00","dateModified":"2020-11-20T13:45:54+00:00","mainEntityOfPage":{"@id":"https:\/\/joseppons.com\/servicios\/llega-la-semana-black-friday-a-josep-pons\/"},"wordCount":903,"publisher":{"@id":"https:\/\/joseppons.com\/servicios\/#organization"},"image":{"@id":"https:\/\/joseppons.com\/servicios\/llega-la-semana-black-friday-a-josep-pons\/#primaryimage"},"thumbnailUrl":"https:\/\/joseppons.com\/servicios\/wp-content\/uploads\/2020\/11\/black-friday-2020.png","keywords":["Black friday","Black Friday 2020 Josep Pons","Cuidado del cabello","L'Or\u00e9al Professionnel"],"articleSection":["Novedades"],"inLanguage":"es"},{"@type":"WebPage","@id":"https:\/\/joseppons.com\/servicios\/llega-la-semana-black-friday-a-josep-pons\/","url":"https:\/\/joseppons.com\/servicios\/llega-la-semana-black-friday-a-josep-pons\/","name":"\u00a1Llega la semana Black Friday a Josep Pons! - Josep Pons Servicios","isPartOf":{"@id":"https:\/\/joseppons.com\/servicios\/#website"},"primaryImageOfPage":{"@id":"https:\/\/joseppons.com\/servicios\/llega-la-semana-black-friday-a-josep-pons\/#primaryimage"},"image":{"@id":"https:\/\/joseppons.com\/servicios\/llega-la-semana-black-friday-a-josep-pons\/#primaryimage"},"thumbnailUrl":"https:\/\/joseppons.com\/servicios\/wp-content\/uploads\/2020\/11\/black-friday-2020.png","datePublished":"2020-11-20T11:26:09+00:00","dateModified":"2020-11-20T13:45:54+00:00","description":"\u00a1Llega el Black Friday en Josep Pons! Del 23 al 27 de noviembre -50% de descuento en las mejores gamas de l'Or\u00e9al Professionnel.","breadcrumb":{"@id":"https:\/\/joseppons.com\/servicios\/llega-la-semana-black-friday-a-josep-pons\/#breadcrumb"},"inLanguage":"es","potentialAction":[{"@type":"ReadAction","target":["https:\/\/joseppons.com\/servicios\/llega-la-semana-black-friday-a-josep-pons\/"]}]},{"@type":"ImageObject","inLanguage":"es","@id":"https:\/\/joseppons.com\/servicios\/llega-la-semana-black-friday-a-josep-pons\/#primaryimage","url":"https:\/\/joseppons.com\/servicios\/wp-content\/uploads\/2020\/11\/black-friday-2020.png","contentUrl":"https:\/\/joseppons.com\/servicios\/wp-content\/uploads\/2020\/11\/black-friday-2020.png","width":656,"height":370},{"@type":"BreadcrumbList","@id":"https:\/\/joseppons.com\/servicios\/llega-la-semana-black-friday-a-josep-pons\/#breadcrumb","itemListElement":[{"@type":"ListItem","position":1,"name":"Portada","item":"https:\/\/joseppons.com\/servicios\/"},{"@type":"ListItem","position":2,"name":"\u00a1Llega la semana Black Friday a Josep Pons!"}]},{"@type":"WebSite","@id":"https:\/\/joseppons.com\/servicios\/#website","url":"https:\/\/joseppons.com\/servicios\/","name":"Josep Pons Servicios","description":"","publisher":{"@id":"https:\/\/joseppons.com\/servicios\/#organization"},"potentialAction":[{"@type":"SearchAction","target":{"@type":"EntryPoint","urlTemplate":"https:\/\/joseppons.com\/servicios\/?s={search_term_string}"},"query-input":{"@type":"PropertyValueSpecification","valueRequired":true,"valueName":"search_term_string"}}],"inLanguage":"es"},{"@type":"Organization","@id":"https:\/\/joseppons.com\/servicios\/#organization","name":"Josep Pons Servicios","url":"https:\/\/joseppons.com\/servicios\/","logo":{"@type":"ImageObject","inLanguage":"es","@id":"https:\/\/joseppons.com\/servicios\/#\/schema\/logo\/image\/","url":"https:\/\/joseppons.com\/servicios\/wp-content\/uploads\/2018\/09\/logo-josep-pons-servicios.svg","contentUrl":"https:\/\/joseppons.com\/servicios\/wp-content\/uploads\/2018\/09\/logo-josep-pons-servicios.svg","width":1322,"height":500,"caption":"Josep Pons Servicios"},"image":{"@id":"https:\/\/joseppons.com\/servicios\/#\/schema\/logo\/image\/"}},{"@type":"Person","@id":"https:\/\/joseppons.com\/servicios\/#\/schema\/person\/52350c76759824d67ee4b9d948063ed1","name":"joseppons","image":{"@type":"ImageObject","inLanguage":"es","@id":"https:\/\/joseppons.com\/servicios\/#\/schema\/person\/image\/","url":"https:\/\/secure.gravatar.com\/avatar\/5dd1c35b18680be2d500a35f4b28416f3bf8c7c2e221c19e1453596f0018618d?s=96&d=mm&r=g","contentUrl":"https:\/\/secure.gravatar.com\/avatar\/5dd1c35b18680be2d500a35f4b28416f3bf8c7c2e221c19e1453596f0018618d?s=96&d=mm&r=g","caption":"joseppons"}}]}},"_links":{"self":[{"href":"https:\/\/joseppons.com\/servicios\/wp-json\/wp\/v2\/posts\/1251","targetHints":{"allow":["GET"]}}],"collection":[{"href":"https:\/\/joseppons.com\/servicios\/wp-json\/wp\/v2\/posts"}],"about":[{"href":"https:\/\/joseppons.com\/servicios\/wp-json\/wp\/v2\/types\/post"}],"author":[{"embeddable":true,"href":"https:\/\/joseppons.com\/servicios\/wp-json\/wp\/v2\/users\/2"}],"replies":[{"embeddable":true,"href":"https:\/\/joseppons.com\/servicios\/wp-json\/wp\/v2\/comments?post=1251"}],"version-history":[{"count":6,"href":"https:\/\/joseppons.com\/servicios\/wp-json\/wp\/v2\/posts\/1251\/revisions"}],"predecessor-version":[{"id":1270,"href":"https:\/\/joseppons.com\/servicios\/wp-json\/wp\/v2\/posts\/1251\/revisions\/1270"}],"wp:featuredmedia":[{"embeddable":true,"href":"https:\/\/joseppons.com\/servicios\/wp-json\/wp\/v2\/media\/1267"}],"wp:attachment":[{"href":"https:\/\/joseppons.com\/servicios\/wp-json\/wp\/v2\/media?parent=1251"}],"wp:term":[{"taxonomy":"category","embeddable":true,"href":"https:\/\/joseppons.com\/servicios\/wp-json\/wp\/v2\/categories?post=1251"},{"taxonomy":"post_tag","embeddable":true,"href":"https:\/\/joseppons.com\/servicios\/wp-json\/wp\/v2\/tags?post=1251"}],"curies":[{"name":"wp","href":"https:\/\/api.w.org\/{rel}","templated":true}]}}