{"id":9475,"date":"2022-02-10T13:02:55","date_gmt":"2022-02-10T12:02:55","guid":{"rendered":"https:\/\/joseppons.com\/formacion\/?p=9475"},"modified":"2022-02-16T16:44:38","modified_gmt":"2022-02-16T15:44:38","slug":"cuidado-de-la-piel","status":"publish","type":"post","link":"https:\/\/joseppons.com\/formacion\/cuidado-de-la-piel\/","title":{"rendered":"Tips para un buen cuidado de la piel"},"content":{"rendered":"\t\t<div data-elementor-type=\"wp-post\" data-elementor-id=\"9475\" class=\"elementor elementor-9475\" data-elementor-post-type=\"post\">\n\t\t\t\t\t\t<section class=\"elementor-section elementor-top-section elementor-element elementor-element-2820166 elementor-section-boxed elementor-section-height-default elementor-section-height-default\" data-id=\"2820166\" data-element_type=\"section\">\n\t\t\t\t\t\t<div class=\"elementor-container elementor-column-gap-default\">\n\t\t\t\t\t<div class=\"elementor-column elementor-col-100 elementor-top-column elementor-element elementor-element-62ddd91\" data-id=\"62ddd91\" data-element_type=\"column\">\n\t\t\t<div class=\"elementor-widget-wrap elementor-element-populated\">\n\t\t\t\t\t\t<div class=\"elementor-element elementor-element-aa6c21e elementor-widget elementor-widget-text-editor\" data-id=\"aa6c21e\" data-element_type=\"widget\" data-widget_type=\"text-editor.default\">\n\t\t\t\t<div class=\"elementor-widget-container\">\n\t\t\t\t\t\t\t\t\t<pre><span style=\"font-weight: 400;\">Sabemos que lucir una <\/span><b>piel perfecta<\/b><span style=\"font-weight: 400;\"> es el sue\u00f1o de todo el mundo. Ser\u00e1 por encajar en los c\u00e1nones de belleza, o ser\u00e1 por sentirse bien con una misma, pero a d\u00eda de hoy, esto es un hecho y una afirmaci\u00f3n casi irrefutable.\u00a0<\/span><br \/><br \/><span style=\"font-weight: 400;\">La piel est\u00e1 expuesta constantemente a factores externos. La <\/span><b>contaminaci\u00f3n<\/b><span style=\"font-weight: 400;\"> o el <\/span><b>clima<\/b><span style=\"font-weight: 400;\"> son fen\u00f3menos que aunque no los tengamos muy presentes, afectan al bienestar de la piel. Si a esto le sumamos los factores internos por lo que tambi\u00e9n se ve influenciada la apariencia como las <\/span><b>hormonas<\/b><span style=\"font-weight: 400;\"> o la <\/span><b>alimentaci\u00f3n<\/b><span style=\"font-weight: 400;\">, podemos pensar que mantener un buen cuidado de la piel no es cosa f\u00e1cil.<\/span><br \/><br \/><span style=\"font-weight: 400;\">Para hacer frente a estas adversidades, primero es importante conocer el tipo de piel que tienes, para despu\u00e9s darle el cuidado que necesita.<\/span><\/pre>\t\t\t\t\t\t\t\t<\/div>\n\t\t\t\t<\/div>\n\t\t\t\t<div class=\"elementor-element elementor-element-959c564 elementor-widget elementor-widget-image\" data-id=\"959c564\" data-element_type=\"widget\" data-widget_type=\"image.default\">\n\t\t\t\t<div class=\"elementor-widget-container\">\n\t\t\t\t\t\t\t\t\t\t\t\t\t\t\t<img fetchpriority=\"high\" decoding=\"async\" width=\"2000\" height=\"1600\" src=\"https:\/\/joseppons.com\/formacion\/wp-content\/uploads\/2022\/02\/cuidado-de-la-piel-3.jpg\" class=\"attachment-large size-large wp-image-9482\" alt=\"cuidado de la piel\" srcset=\"https:\/\/joseppons.com\/formacion\/wp-content\/uploads\/2022\/02\/cuidado-de-la-piel-3.jpg 2000w, https:\/\/joseppons.com\/formacion\/wp-content\/uploads\/2022\/02\/cuidado-de-la-piel-3-768x614.jpg 768w, https:\/\/joseppons.com\/formacion\/wp-content\/uploads\/2022\/02\/cuidado-de-la-piel-3-1536x1229.jpg 1536w\" sizes=\"(max-width: 2000px) 100vw, 2000px\" \/>\t\t\t\t\t\t\t\t\t\t\t\t\t\t\t<\/div>\n\t\t\t\t<\/div>\n\t\t\t\t\t<\/div>\n\t\t<\/div>\n\t\t\t\t\t<\/div>\n\t\t<\/section>\n\t\t\t\t<section class=\"elementor-section elementor-top-section elementor-element elementor-element-4ad4716 elementor-section-boxed elementor-section-height-default elementor-section-height-default\" data-id=\"4ad4716\" data-element_type=\"section\">\n\t\t\t\t\t\t<div class=\"elementor-container elementor-column-gap-default\">\n\t\t\t\t\t<div class=\"elementor-column elementor-col-100 elementor-top-column elementor-element elementor-element-33ecf54\" data-id=\"33ecf54\" data-element_type=\"column\">\n\t\t\t<div class=\"elementor-widget-wrap elementor-element-populated\">\n\t\t\t\t\t\t<div class=\"elementor-element elementor-element-e724875 elementor-widget elementor-widget-heading\" data-id=\"e724875\" data-element_type=\"widget\" data-widget_type=\"heading.default\">\n\t\t\t\t<div class=\"elementor-widget-container\">\n\t\t\t\t\t<h2 class=\"elementor-heading-title elementor-size-default\">Descubre qu\u00e9 tipo de piel tienes<\/h2>\t\t\t\t<\/div>\n\t\t\t\t<\/div>\n\t\t\t\t<div class=\"elementor-element elementor-element-eaad366 elementor-widget elementor-widget-text-editor\" data-id=\"eaad366\" data-element_type=\"widget\" data-widget_type=\"text-editor.default\">\n\t\t\t\t<div class=\"elementor-widget-container\">\n\t\t\t\t\t\t\t\t\t<pre><span style=\"font-weight: 400;\">Este es el primer paso para <\/span><b>detectar<\/b><span style=\"font-weight: 400;\"> qu\u00e9 es lo que tendremos que tratar como un \u201cproblema\u201d y de qu\u00e9 forma le podemos <\/span><b>sacar partido<\/b><span style=\"font-weight: 400;\"> de forma \u00f3ptima. Podemos distinguir entre cuatro tipos de pieles distintas:\u00a0<\/span><\/pre>\t\t\t\t\t\t\t\t<\/div>\n\t\t\t\t<\/div>\n\t\t\t\t<div class=\"elementor-element elementor-element-3eaa583 elementor-widget elementor-widget-image\" data-id=\"3eaa583\" data-element_type=\"widget\" data-widget_type=\"image.default\">\n\t\t\t\t<div class=\"elementor-widget-container\">\n\t\t\t\t\t\t\t\t\t\t\t\t\t\t\t<img decoding=\"async\" width=\"2000\" height=\"1600\" src=\"https:\/\/joseppons.com\/formacion\/wp-content\/uploads\/2022\/02\/cuidado-de-la-piel-1.jpg\" class=\"attachment-large size-large wp-image-9478\" alt=\"cuidado de la piel\" srcset=\"https:\/\/joseppons.com\/formacion\/wp-content\/uploads\/2022\/02\/cuidado-de-la-piel-1.jpg 2000w, https:\/\/joseppons.com\/formacion\/wp-content\/uploads\/2022\/02\/cuidado-de-la-piel-1-768x614.jpg 768w, https:\/\/joseppons.com\/formacion\/wp-content\/uploads\/2022\/02\/cuidado-de-la-piel-1-1536x1229.jpg 1536w\" sizes=\"(max-width: 2000px) 100vw, 2000px\" \/>\t\t\t\t\t\t\t\t\t\t\t\t\t\t\t<\/div>\n\t\t\t\t<\/div>\n\t\t\t\t<div class=\"elementor-element elementor-element-e91093c elementor-widget elementor-widget-text-editor\" data-id=\"e91093c\" data-element_type=\"widget\" data-widget_type=\"text-editor.default\">\n\t\t\t\t<div class=\"elementor-widget-container\">\n\t\t\t\t\t\t\t\t\t<pre><span style=\"font-weight: 400;\">La <\/span><b>piel seca <\/b><span style=\"font-weight: 400;\">se caracteriza por tener un aspecto \u00e1spero y puede provocar sensaci\u00f3n de tirantez o <\/span><b>picor<\/b><span style=\"font-weight: 400;\">. Este es un tipo de piel con poco color, m\u00e1s p\u00e1lida e incluso rojiza debido a la <\/span><b>irritaci\u00f3n<\/b><span style=\"font-weight: 400;\">.<\/span><br \/><br \/><span style=\"font-weight: 400;\">La <\/span><b>piel grasa <\/b><span style=\"font-weight: 400;\">es conocida por ser m\u00e1s gruesa, presentar un <\/span><b>exceso de sebo<\/b><span style=\"font-weight: 400;\"> y en consecuencia destaca por sus brillos. Este tipo de piel tambi\u00e9n es m\u00e1s propensa a padecer <\/span><b>acn\u00e9<\/b><span style=\"font-weight: 400;\">, ya que normalmente los <\/span><b>poros est\u00e1n m\u00e1s dilatados<\/b><span style=\"font-weight: 400;\">, la suciedad penetra y se incrusta con mayor frecuencia.<\/span><br \/><br \/><span style=\"font-weight: 400;\">Por lo general, la <\/span><b>piel mixta<\/b><span style=\"font-weight: 400;\"> se distingue por presentar las caracter\u00edsticas de una piel grasa como imperfecciones o <\/span><b>poros abiertos <\/b><span style=\"font-weight: 400;\">en la famosa <\/span><b>zona T, <\/b><span style=\"font-weight: 400;\">formada por la frente, la nariz, y el ment\u00f3n. Mientras que las otras partes c\u00f3mo las mejillas por ejemplo, son m\u00e1s equilibradas o incluso se acercan a un tipo de piel m\u00e1s seca.\u00a0<\/span><br \/><br \/><span style=\"font-weight: 400;\">Si entras dentro de esta categor\u00eda de pieles, es probable que la hayas confundido alguna vez con la piel grasa, por eso, para detectar bien la piel mixta, hay que prestar atenci\u00f3n a las<\/span><b> zonas m\u00e1s secas<\/b><span style=\"font-weight: 400;\"> de la cara c\u00f3mo las <\/span><b>mejillas<\/b><span style=\"font-weight: 400;\"> y el <\/span><b>contorno de los ojos<\/b><span style=\"font-weight: 400;\">.<\/span><br \/><br \/><span style=\"font-weight: 400;\">Finalmente, nos encontramos con la <\/span><b>piel sensible<\/b><span style=\"font-weight: 400;\">. La llamamos as\u00ed porque tiende a\u00a0 reaccionar m\u00e1s de lo normal ante factores con que las dem\u00e1s pieles no lo har\u00edan. Entre los factores m\u00e1s comunes encontramos: las bruscas variaciones de temperatura, el estr\u00e9s, la menstruaci\u00f3n, la alimentaci\u00f3n y los productos con altos componentes qu\u00edmicos c\u00f3mo algunos jabones. Las reacciones m\u00e1s comunes son el <\/span><b>picor<\/b><span style=\"font-weight: 400;\">, la <\/span><b>irritaci\u00f3n<\/b><span style=\"font-weight: 400;\">, la <\/span><b>rojez<\/b><span style=\"font-weight: 400;\"> y las <\/span><b>erupciones<\/b><span style=\"font-weight: 400;\">.\u00a0<\/span><\/pre>\t\t\t\t\t\t\t\t<\/div>\n\t\t\t\t<\/div>\n\t\t\t\t<div class=\"elementor-element elementor-element-85c74e2 elementor-widget elementor-widget-heading\" data-id=\"85c74e2\" data-element_type=\"widget\" data-widget_type=\"heading.default\">\n\t\t\t\t<div class=\"elementor-widget-container\">\n\t\t\t\t\t<h2 class=\"elementor-heading-title elementor-size-default\">\u00bfQu\u00e9 rutina es la adecuada para el cuidado de la piel?\n<\/h2>\t\t\t\t<\/div>\n\t\t\t\t<\/div>\n\t\t\t\t<div class=\"elementor-element elementor-element-83d4e33 elementor-widget elementor-widget-text-editor\" data-id=\"83d4e33\" data-element_type=\"widget\" data-widget_type=\"text-editor.default\">\n\t\t\t\t<div class=\"elementor-widget-container\">\n\t\t\t\t\t\t\t\t\t<pre><span style=\"font-weight: 400;\">Una vez tengas claro cual es tu tipo de piel, ya estar\u00e1s preparada para organizar y mantener una <\/span><b>skin care routine<\/b><span style=\"font-weight: 400;\"> adecuada y eficaz. A continuaci\u00f3n te daremos los tips esenciales para el cuidado de la piel seg\u00fan cada categor\u00eda.<\/span><br \/><br \/><b>Piel seca:<\/b><span style=\"font-weight: 400;\"> Si tu piel pertenece a esta categor\u00eda, debes saber que la peor \u00e9poca para tu rostro es el <\/span><b>invierno <\/b><span style=\"font-weight: 400;\">ya que es muy <\/span><b>sensible al fr\u00edo<\/b><span style=\"font-weight: 400;\">. Los cambios de temperatura y el viento acent\u00faan la sequedad y la irritaci\u00f3n. Por estos motivos, y m\u00e1s en invierno, a la piel seca hay que tratarla siempre con mucho cuidado. Recomendamos realizar una buena <\/span><b>limpieza diaria<\/b><span style=\"font-weight: 400;\"> pero con suavidad, usando productos poco agresivos como los <\/span><b>exfoliantes<\/b><span style=\"font-weight: 400;\">. Despu\u00e9s de la limpieza, tendr\u00e1s que aplicar una buena capa de productos <\/span><b>hidratantes<\/b><span style=\"font-weight: 400;\">. En este caso, te aconsejamos una crema m\u00e1s densa y altamente <\/span><b>nutritiva<\/b><span style=\"font-weight: 400;\"> para aportar ese plus de hidrataci\u00f3n que necesita tu piel.<\/span><br \/><br \/><span style=\"font-weight: 400;\">Para terminar, remarcar la importancia de la hidrataci\u00f3n no s\u00f3lo con productos de belleza, <\/span><b>beber<\/b><span style=\"font-weight: 400;\"> una cantidad de <\/span><b>agua<\/b><span style=\"font-weight: 400;\"> diaria tambi\u00e9n ayudar\u00e1 a la hidrataci\u00f3n de la piel seca.<\/span><\/pre>\t\t\t\t\t\t\t\t<\/div>\n\t\t\t\t<\/div>\n\t\t\t\t<div class=\"elementor-element elementor-element-136ba46 elementor-widget elementor-widget-image\" data-id=\"136ba46\" data-element_type=\"widget\" data-widget_type=\"image.default\">\n\t\t\t\t<div class=\"elementor-widget-container\">\n\t\t\t\t\t\t\t\t\t\t\t\t\t\t\t<img decoding=\"async\" width=\"2000\" height=\"1600\" src=\"https:\/\/joseppons.com\/formacion\/wp-content\/uploads\/2022\/02\/cuidado-de-la-piel-2.jpg\" class=\"attachment-large size-large wp-image-9479\" alt=\"cuidado de la piel\" srcset=\"https:\/\/joseppons.com\/formacion\/wp-content\/uploads\/2022\/02\/cuidado-de-la-piel-2.jpg 2000w, https:\/\/joseppons.com\/formacion\/wp-content\/uploads\/2022\/02\/cuidado-de-la-piel-2-768x614.jpg 768w, https:\/\/joseppons.com\/formacion\/wp-content\/uploads\/2022\/02\/cuidado-de-la-piel-2-1536x1229.jpg 1536w\" sizes=\"(max-width: 2000px) 100vw, 2000px\" \/>\t\t\t\t\t\t\t\t\t\t\t\t\t\t\t<\/div>\n\t\t\t\t<\/div>\n\t\t\t\t<div class=\"elementor-element elementor-element-ccb1237 elementor-widget elementor-widget-text-editor\" data-id=\"ccb1237\" data-element_type=\"widget\" data-widget_type=\"text-editor.default\">\n\t\t\t\t<div class=\"elementor-widget-container\">\n\t\t\t\t\t\t\t\t\t<pre><b>Piel grasa: <\/b><span style=\"font-weight: 400;\">En este caso, tendr\u00e1s que focalizar tus energ\u00edas en combatir las <\/span><b>imperfecciones<\/b><span style=\"font-weight: 400;\">. Mantener la piel lo m\u00e1s limpia posible deber\u00eda ser tu prioridad. Recomendamos los <\/span><b>exfoliantes<\/b><span style=\"font-weight: 400;\"> dos veces por semana para limpiar los poros en profundidad. Es muy importante tener una rutina facial de limpieza estricta, por la noche y de d\u00eda. Las <\/span><b>aguas micelares<\/b><span style=\"font-weight: 400;\"> ser\u00e1n tus mejores amigas para <\/span><b>desmaquillarte<\/b><span style=\"font-weight: 400;\">, pero aseg\u00farate de que no sean con bases aceitosas. Despu\u00e9s de la limpieza, viene\u00a0 la hidrataci\u00f3n. En este punto de la rutina es donde tendr\u00e1s que vigilar m\u00e1s, escoge una buena <\/span><b>crema hidratante<\/b><span style=\"font-weight: 400;\"> que tenga el mayor porcentaje de agua en sus componentes.<br \/><br \/><\/span><span style=\"font-weight: 400;\">Un <\/span><b>truco infalible<\/b><span style=\"font-weight: 400;\"> para la piel grasa es exponerse al sol en cortos periodos de tiempo, ya que el <\/span><b>sol<\/b><span style=\"font-weight: 400;\"> es beneficioso para <\/span><b>secar granitos<\/b><span style=\"font-weight: 400;\"> y algunas marcas.<\/span><br \/><br \/><b>Piel mixta:<\/b><span style=\"font-weight: 400;\"> En este caso tienes dos problemas en uno. Por ese motivo deber\u00e1s tratar cada zona en funci\u00f3n de sus respectivos requisitos. Pero tranquila, todo es posible. Aconsejamos siempre una limpieza profunda, y una <\/span><b>hidrataci\u00f3n<\/b><span style=\"font-weight: 400;\"> sobre todo en las zonas m\u00e1s secas: <\/span><b>mejillas<\/b><span style=\"font-weight: 400;\">, <\/span><b>contorno de ojos<\/b><span style=\"font-weight: 400;\"> y <\/span><b>contorno de labios<\/b><span style=\"font-weight: 400;\">. Procura evitar los <\/span><b>cambios de temperatura<\/b><span style=\"font-weight: 400;\"> bruscos ya que van a acentuar m\u00e1s las diferencias entre tu <\/span><b>zona T<\/b><span style=\"font-weight: 400;\"> y el resto de partes de la cara.<\/span><\/pre>\t\t\t\t\t\t\t\t<\/div>\n\t\t\t\t<\/div>\n\t\t\t\t<div class=\"elementor-element elementor-element-c35c1dd elementor-widget elementor-widget-image\" data-id=\"c35c1dd\" data-element_type=\"widget\" data-widget_type=\"image.default\">\n\t\t\t\t<div class=\"elementor-widget-container\">\n\t\t\t\t\t\t\t\t\t\t\t\t\t\t\t<img loading=\"lazy\" decoding=\"async\" width=\"2000\" height=\"1600\" src=\"https:\/\/joseppons.com\/formacion\/wp-content\/uploads\/2022\/02\/cuidado-de-la-piel..jpg\" class=\"attachment-large size-large wp-image-9480\" alt=\"cuidado de la piel\" srcset=\"https:\/\/joseppons.com\/formacion\/wp-content\/uploads\/2022\/02\/cuidado-de-la-piel..jpg 2000w, https:\/\/joseppons.com\/formacion\/wp-content\/uploads\/2022\/02\/cuidado-de-la-piel.-768x614.jpg 768w, https:\/\/joseppons.com\/formacion\/wp-content\/uploads\/2022\/02\/cuidado-de-la-piel.-1536x1229.jpg 1536w\" sizes=\"(max-width: 2000px) 100vw, 2000px\" \/>\t\t\t\t\t\t\t\t\t\t\t\t\t\t\t<\/div>\n\t\t\t\t<\/div>\n\t\t\t\t<div class=\"elementor-element elementor-element-1c9a3ce elementor-widget elementor-widget-text-editor\" data-id=\"1c9a3ce\" data-element_type=\"widget\" data-widget_type=\"text-editor.default\">\n\t\t\t\t<div class=\"elementor-widget-container\">\n\t\t\t\t\t\t\t\t\t<pre><b>Piel sensible:<\/b><span style=\"font-weight: 400;\"> C\u00f3mo bien sabes, este tipo de piel requiere <\/span><b>productos suaves<\/b><span style=\"font-weight: 400;\"> para su cuidado. Si perteneces a esta categor\u00eda, recomendamos con a\u00fan m\u00e1s acudir a un <\/span><b>profesional<\/b><span style=\"font-weight: 400;\"> para que te marque una rutina facial ajustada a tus necesidades. S\u00f3lo comentamos que trates a tu piel con el m\u00e1ximo cari\u00f1o, y no te recomendamos<\/span><b> maquillaje <\/b><span style=\"font-weight: 400;\">en exceso.\u00a0<\/span><\/pre>\t\t\t\t\t\t\t\t<\/div>\n\t\t\t\t<\/div>\n\t\t\t\t<div class=\"elementor-element elementor-element-7041361 elementor-widget elementor-widget-heading\" data-id=\"7041361\" data-element_type=\"widget\" data-widget_type=\"heading.default\">\n\t\t\t\t<div class=\"elementor-widget-container\">\n\t\t\t\t\t<h2 class=\"elementor-heading-title elementor-size-default\">El remate final <\/h2>\t\t\t\t<\/div>\n\t\t\t\t<\/div>\n\t\t\t\t<div class=\"elementor-element elementor-element-ce8fcbd elementor-widget elementor-widget-text-editor\" data-id=\"ce8fcbd\" data-element_type=\"widget\" data-widget_type=\"text-editor.default\">\n\t\t\t\t<div class=\"elementor-widget-container\">\n\t\t\t\t\t\t\t\t\t<pre><span style=\"font-weight: 400;\">Actualmente, en las redes sociales podemos encontrar mucho contenido relacionado con estos h\u00e1bitos, pero hay que tener en cuenta que nunca hay que copiar a otros, ya que cada rostro es \u00fanico. Por ejemplo, se han puesto de moda los t\u00e9rminos como <\/span><b>morning routine<\/b> <span style=\"font-weight: 400;\">o <\/span><b>night routine<\/b><span style=\"font-weight: 400;\"> donde vemos a gente aplicarse mil productos. En muchas ocasiones son ejemplos poco realistas y poco sostenibles en el tiempo, por ese motivo hay que acudir siempre a profesionales.<\/span><\/pre><pre><span style=\"font-weight: 400;\">En el nuestro centro de Formaci\u00f3n y Perfeccionamiento, impartimos cursos de <a href=\"https:\/\/joseppons.com\/formacion\/grado-medio-de-estetica-y-belleza\/\">Est\u00e9tica y Belleza<\/a> donde formamos a lx alumnxs para que sean capaces de tratar y aconsejar sobre todo tipo de pieles.<\/span><\/pre>\t\t\t\t\t\t\t\t<\/div>\n\t\t\t\t<\/div>\n\t\t\t\t<div class=\"elementor-element elementor-element-53f7ff0 elementor-widget elementor-widget-image\" data-id=\"53f7ff0\" data-element_type=\"widget\" data-widget_type=\"image.default\">\n\t\t\t\t<div class=\"elementor-widget-container\">\n\t\t\t\t\t\t\t\t\t\t\t\t\t\t\t<img loading=\"lazy\" decoding=\"async\" width=\"2000\" height=\"1600\" src=\"https:\/\/joseppons.com\/formacion\/wp-content\/uploads\/2022\/02\/cuidado-de-la-piel.-1.jpg\" class=\"attachment-large size-large wp-image-9481\" alt=\"cuidado de la piel.\" srcset=\"https:\/\/joseppons.com\/formacion\/wp-content\/uploads\/2022\/02\/cuidado-de-la-piel.-1.jpg 2000w, https:\/\/joseppons.com\/formacion\/wp-content\/uploads\/2022\/02\/cuidado-de-la-piel.-1-768x614.jpg 768w, https:\/\/joseppons.com\/formacion\/wp-content\/uploads\/2022\/02\/cuidado-de-la-piel.-1-1536x1229.jpg 1536w\" sizes=\"(max-width: 2000px) 100vw, 2000px\" \/>\t\t\t\t\t\t\t\t\t\t\t\t\t\t\t<\/div>\n\t\t\t\t<\/div>\n\t\t\t\t<div class=\"elementor-element elementor-element-db9e7c4 elementor-widget elementor-widget-text-editor\" data-id=\"db9e7c4\" data-element_type=\"widget\" data-widget_type=\"text-editor.default\">\n\t\t\t\t<div class=\"elementor-widget-container\">\n\t\t\t\t\t\t\t\t\t<pre><span style=\"font-weight: 400;\">Finalmente acabaremos este blog mencionando la importancia del <\/span><b>bienestar personal<\/b><span style=\"font-weight: 400;\">. Tener un <\/span><b>estado emocional<\/b><span style=\"font-weight: 400;\">, <\/span><b>mental<\/b><span style=\"font-weight: 400;\"> y <\/span><b>profesional<\/b> <b>equilibrado<\/b><span style=\"font-weight: 400;\"> tambi\u00e9n puede influir en la salud de tu piel ya que est\u00e1 regulada por <\/span><b>hormonas<\/b><span style=\"font-weight: 400;\">, y si estas est\u00e1n desequilibradas por alg\u00fan factor, puedes notar las reacciones en tu rostro.\u00a0<\/span><\/pre><pre><span style=\"font-weight: 400;\">En Josep Pons lo sabemos bien y en todas nuestras formaciones le damos la importancia que se merece gracias a las sesiones de <a href=\"https:\/\/ayrinponscoach.com\">coaching de Ayrin Pons<\/a>.<\/span><\/pre>\t\t\t\t\t\t\t\t<\/div>\n\t\t\t\t<\/div>\n\t\t\t\t\t<\/div>\n\t\t<\/div>\n\t\t\t\t\t<\/div>\n\t\t<\/section>\n\t\t\t\t<section class=\"elementor-section elementor-top-section elementor-element elementor-element-6a2db52 elementor-section-boxed elementor-section-height-default elementor-section-height-default\" data-id=\"6a2db52\" data-element_type=\"section\">\n\t\t\t\t\t\t<div class=\"elementor-container elementor-column-gap-default\">\n\t\t\t\t\t<div class=\"elementor-column elementor-col-100 elementor-top-column elementor-element elementor-element-621c11a\" data-id=\"621c11a\" data-element_type=\"column\">\n\t\t\t<div class=\"elementor-widget-wrap\">\n\t\t\t\t\t\t\t<\/div>\n\t\t<\/div>\n\t\t\t\t\t<\/div>\n\t\t<\/section>\n\t\t\t\t<\/div>\n\t\t","protected":false},"excerpt":{"rendered":"<p>Sabemos que lucir una piel perfecta es el sue\u00f1o de todo el mundo. Ser\u00e1 por encajar en los c\u00e1nones de belleza, o ser\u00e1 por sentirse bien con una misma, pero a d\u00eda de hoy, esto es un hecho y una afirmaci\u00f3n casi irrefutable.\u00a0La piel est\u00e1 expuesta constantemente a factores externos. La contaminaci\u00f3n o el clima&#8230;<\/p>\n","protected":false},"author":6,"featured_media":9476,"comment_status":"open","ping_status":"closed","sticky":false,"template":"","format":"standard","meta":{"_joinchat":[],"footnotes":""},"categories":[202,9,337,590],"tags":[601,189,209,600,464,47,599,439,178,592,593,596,597,595,598,591,594],"class_list":["post-9475","post","type-post","status-publish","format-standard","has-post-thumbnail","hentry","category-consejos","category-estetica","category-grado-de-estetica","category-grado-medio-estetica-y-belleza","tag-agua-micelar","tag-crema-hidratante","tag-cuidado-de-la-piel","tag-desmaquillante","tag-especializacion-en-estetica","tag-estetica-y-belleza","tag-exfoliante","tag-grado-medio-estetica","tag-hidratacion","tag-morning-routine","tag-night-routine","tag-piel-grasa","tag-piel-mixta","tag-piel-seca","tag-piel-sensible","tag-skin-care-routine","tag-tipo-de-piel"],"yoast_head":"<!-- This site is optimized with the Yoast SEO plugin v26.7 - https:\/\/yoast.com\/wordpress\/plugins\/seo\/ -->\n<title>Tips para un buen cuidado de la piel - Josep Pons Formaci\u00f3n<\/title>\n<meta name=\"description\" content=\"Sabemos que no es f\u00e1cil encontrar una buena Skin Care routine, y mucho menos mantenerla. Te taremos los mejores tips para...\" \/>\n<meta name=\"robots\" content=\"index, follow, max-snippet:-1, max-image-preview:large, max-video-preview:-1\" \/>\n<link rel=\"canonical\" href=\"https:\/\/joseppons.com\/formacion\/cuidado-de-la-piel\/\" \/>\n<meta property=\"og:locale\" content=\"es_ES\" \/>\n<meta property=\"og:type\" content=\"article\" \/>\n<meta property=\"og:title\" content=\"Tips para un buen cuidado de la piel - Josep Pons Formaci\u00f3n\" \/>\n<meta property=\"og:description\" content=\"Sabemos que no es f\u00e1cil encontrar una buena Skin Care routine, y mucho menos mantenerla. Te taremos los mejores tips para...\" \/>\n<meta property=\"og:url\" content=\"https:\/\/joseppons.com\/formacion\/cuidado-de-la-piel\/\" \/>\n<meta property=\"og:site_name\" content=\"Josep Pons Formaci\u00f3n\" \/>\n<meta property=\"article:publisher\" content=\"https:\/\/es-es.facebook.com\/JosepPonsFormacio\/\" \/>\n<meta property=\"article:published_time\" content=\"2022-02-10T12:02:55+00:00\" \/>\n<meta property=\"article:modified_time\" content=\"2022-02-16T15:44:38+00:00\" \/>\n<meta property=\"og:image\" content=\"https:\/\/joseppons.com\/formacion\/wp-content\/uploads\/2022\/02\/cuidado-de-la-piel.jpg\" \/>\n\t<meta property=\"og:image:width\" content=\"6000\" \/>\n\t<meta property=\"og:image:height\" content=\"4000\" \/>\n\t<meta property=\"og:image:type\" content=\"image\/jpeg\" \/>\n<meta name=\"author\" content=\"Comunicaci\u00f3n\" \/>\n<meta name=\"twitter:card\" content=\"summary_large_image\" \/>\n<meta name=\"twitter:creator\" content=\"@josepponsimatge\" \/>\n<meta name=\"twitter:site\" content=\"@josepponsimatge\" \/>\n<meta name=\"twitter:label1\" content=\"Escrito por\" \/>\n\t<meta name=\"twitter:data1\" content=\"Comunicaci\u00f3n\" \/>\n\t<meta name=\"twitter:label2\" content=\"Tiempo de lectura\" \/>\n\t<meta name=\"twitter:data2\" content=\"6 minutos\" \/>\n<script type=\"application\/ld+json\" class=\"yoast-schema-graph\">{\"@context\":\"https:\/\/schema.org\",\"@graph\":[{\"@type\":\"Article\",\"@id\":\"https:\/\/joseppons.com\/formacion\/cuidado-de-la-piel\/#article\",\"isPartOf\":{\"@id\":\"https:\/\/joseppons.com\/formacion\/cuidado-de-la-piel\/\"},\"author\":{\"name\":\"Comunicaci\u00f3n\",\"@id\":\"https:\/\/joseppons.com\/formacion\/#\/schema\/person\/5bcd14ff97d0c75b868e8577fd59c2a4\"},\"headline\":\"Tips para un buen cuidado de la piel\",\"datePublished\":\"2022-02-10T12:02:55+00:00\",\"dateModified\":\"2022-02-16T15:44:38+00:00\",\"mainEntityOfPage\":{\"@id\":\"https:\/\/joseppons.com\/formacion\/cuidado-de-la-piel\/\"},\"wordCount\":28,\"commentCount\":0,\"publisher\":{\"@id\":\"https:\/\/joseppons.com\/formacion\/#organization\"},\"image\":{\"@id\":\"https:\/\/joseppons.com\/formacion\/cuidado-de-la-piel\/#primaryimage\"},\"thumbnailUrl\":\"https:\/\/joseppons.com\/formacion\/wp-content\/uploads\/2022\/02\/cuidado-de-la-piel.jpg\",\"keywords\":[\"agua micelar\",\"crema hidratante\",\"cuidado de la piel\",\"desmaquillante\",\"especializaci\u00f3n en est\u00e9tica\",\"Est\u00e9tica y Belleza\",\"exfoliante\",\"Grado medio est\u00e9tica\",\"hidratacion\",\"morning routine\",\"night routine\",\"piel grasa\",\"piel mixta\",\"piel seca\",\"piel sensible\",\"skin care routine\",\"tipo de piel\"],\"articleSection\":[\"consejos\",\"Est\u00e9tica\",\"Grado de est\u00e9tica\",\"grado medio est\u00e9tica y belleza\"],\"inLanguage\":\"es\",\"potentialAction\":[{\"@type\":\"CommentAction\",\"name\":\"Comment\",\"target\":[\"https:\/\/joseppons.com\/formacion\/cuidado-de-la-piel\/#respond\"]}]},{\"@type\":\"WebPage\",\"@id\":\"https:\/\/joseppons.com\/formacion\/cuidado-de-la-piel\/\",\"url\":\"https:\/\/joseppons.com\/formacion\/cuidado-de-la-piel\/\",\"name\":\"Tips para un buen cuidado de la piel - Josep Pons Formaci\u00f3n\",\"isPartOf\":{\"@id\":\"https:\/\/joseppons.com\/formacion\/#website\"},\"primaryImageOfPage\":{\"@id\":\"https:\/\/joseppons.com\/formacion\/cuidado-de-la-piel\/#primaryimage\"},\"image\":{\"@id\":\"https:\/\/joseppons.com\/formacion\/cuidado-de-la-piel\/#primaryimage\"},\"thumbnailUrl\":\"https:\/\/joseppons.com\/formacion\/wp-content\/uploads\/2022\/02\/cuidado-de-la-piel.jpg\",\"datePublished\":\"2022-02-10T12:02:55+00:00\",\"dateModified\":\"2022-02-16T15:44:38+00:00\",\"description\":\"Sabemos que no es f\u00e1cil encontrar una buena Skin Care routine, y mucho menos mantenerla. Te taremos los mejores tips para...\",\"breadcrumb\":{\"@id\":\"https:\/\/joseppons.com\/formacion\/cuidado-de-la-piel\/#breadcrumb\"},\"inLanguage\":\"es\",\"potentialAction\":[{\"@type\":\"ReadAction\",\"target\":[\"https:\/\/joseppons.com\/formacion\/cuidado-de-la-piel\/\"]}]},{\"@type\":\"ImageObject\",\"inLanguage\":\"es\",\"@id\":\"https:\/\/joseppons.com\/formacion\/cuidado-de-la-piel\/#primaryimage\",\"url\":\"https:\/\/joseppons.com\/formacion\/wp-content\/uploads\/2022\/02\/cuidado-de-la-piel.jpg\",\"contentUrl\":\"https:\/\/joseppons.com\/formacion\/wp-content\/uploads\/2022\/02\/cuidado-de-la-piel.jpg\",\"width\":6000,\"height\":4000,\"caption\":\"cuidado de la piel\"},{\"@type\":\"BreadcrumbList\",\"@id\":\"https:\/\/joseppons.com\/formacion\/cuidado-de-la-piel\/#breadcrumb\",\"itemListElement\":[{\"@type\":\"ListItem\",\"position\":1,\"name\":\"Portada\",\"item\":\"https:\/\/joseppons.com\/formacion\/\"},{\"@type\":\"ListItem\",\"position\":2,\"name\":\"Tips para un buen cuidado de la piel\"}]},{\"@type\":\"WebSite\",\"@id\":\"https:\/\/joseppons.com\/formacion\/#website\",\"url\":\"https:\/\/joseppons.com\/formacion\/\",\"name\":\"Josep Pons Formaci\u00f3n\",\"description\":\"\",\"publisher\":{\"@id\":\"https:\/\/joseppons.com\/formacion\/#organization\"},\"potentialAction\":[{\"@type\":\"SearchAction\",\"target\":{\"@type\":\"EntryPoint\",\"urlTemplate\":\"https:\/\/joseppons.com\/formacion\/?s={search_term_string}\"},\"query-input\":{\"@type\":\"PropertyValueSpecification\",\"valueRequired\":true,\"valueName\":\"search_term_string\"}}],\"inLanguage\":\"es\"},{\"@type\":\"Organization\",\"@id\":\"https:\/\/joseppons.com\/formacion\/#organization\",\"name\":\"Josep Pons\",\"url\":\"https:\/\/joseppons.com\/formacion\/\",\"logo\":{\"@type\":\"ImageObject\",\"inLanguage\":\"es\",\"@id\":\"https:\/\/joseppons.com\/formacion\/#\/schema\/logo\/image\/\",\"url\":\"https:\/\/joseppons.com\/formacion\/wp-content\/uploads\/2018\/09\/logotipo-home-josepponsformacio-1.png\",\"contentUrl\":\"https:\/\/joseppons.com\/formacion\/wp-content\/uploads\/2018\/09\/logotipo-home-josepponsformacio-1.png\",\"width\":420,\"height\":280,\"caption\":\"Josep Pons\"},\"image\":{\"@id\":\"https:\/\/joseppons.com\/formacion\/#\/schema\/logo\/image\/\"},\"sameAs\":[\"https:\/\/es-es.facebook.com\/JosepPonsFormacio\/\",\"https:\/\/x.com\/josepponsimatge\",\"https:\/\/www.instagram.com\/ponsformacion\/\"]},{\"@type\":\"Person\",\"@id\":\"https:\/\/joseppons.com\/formacion\/#\/schema\/person\/5bcd14ff97d0c75b868e8577fd59c2a4\",\"name\":\"Comunicaci\u00f3n\"}]}<\/script>\n<!-- \/ Yoast SEO plugin. -->","yoast_head_json":{"title":"Tips para un buen cuidado de la piel - Josep Pons Formaci\u00f3n","description":"Sabemos que no es f\u00e1cil encontrar una buena Skin Care routine, y mucho menos mantenerla. Te taremos los mejores tips para...","robots":{"index":"index","follow":"follow","max-snippet":"max-snippet:-1","max-image-preview":"max-image-preview:large","max-video-preview":"max-video-preview:-1"},"canonical":"https:\/\/joseppons.com\/formacion\/cuidado-de-la-piel\/","og_locale":"es_ES","og_type":"article","og_title":"Tips para un buen cuidado de la piel - Josep Pons Formaci\u00f3n","og_description":"Sabemos que no es f\u00e1cil encontrar una buena Skin Care routine, y mucho menos mantenerla. Te taremos los mejores tips para...","og_url":"https:\/\/joseppons.com\/formacion\/cuidado-de-la-piel\/","og_site_name":"Josep Pons Formaci\u00f3n","article_publisher":"https:\/\/es-es.facebook.com\/JosepPonsFormacio\/","article_published_time":"2022-02-10T12:02:55+00:00","article_modified_time":"2022-02-16T15:44:38+00:00","og_image":[{"width":6000,"height":4000,"url":"https:\/\/joseppons.com\/formacion\/wp-content\/uploads\/2022\/02\/cuidado-de-la-piel.jpg","type":"image\/jpeg"}],"author":"Comunicaci\u00f3n","twitter_card":"summary_large_image","twitter_creator":"@josepponsimatge","twitter_site":"@josepponsimatge","twitter_misc":{"Escrito por":"Comunicaci\u00f3n","Tiempo de lectura":"6 minutos"},"schema":{"@context":"https:\/\/schema.org","@graph":[{"@type":"Article","@id":"https:\/\/joseppons.com\/formacion\/cuidado-de-la-piel\/#article","isPartOf":{"@id":"https:\/\/joseppons.com\/formacion\/cuidado-de-la-piel\/"},"author":{"name":"Comunicaci\u00f3n","@id":"https:\/\/joseppons.com\/formacion\/#\/schema\/person\/5bcd14ff97d0c75b868e8577fd59c2a4"},"headline":"Tips para un buen cuidado de la piel","datePublished":"2022-02-10T12:02:55+00:00","dateModified":"2022-02-16T15:44:38+00:00","mainEntityOfPage":{"@id":"https:\/\/joseppons.com\/formacion\/cuidado-de-la-piel\/"},"wordCount":28,"commentCount":0,"publisher":{"@id":"https:\/\/joseppons.com\/formacion\/#organization"},"image":{"@id":"https:\/\/joseppons.com\/formacion\/cuidado-de-la-piel\/#primaryimage"},"thumbnailUrl":"https:\/\/joseppons.com\/formacion\/wp-content\/uploads\/2022\/02\/cuidado-de-la-piel.jpg","keywords":["agua micelar","crema hidratante","cuidado de la piel","desmaquillante","especializaci\u00f3n en est\u00e9tica","Est\u00e9tica y Belleza","exfoliante","Grado medio est\u00e9tica","hidratacion","morning routine","night routine","piel grasa","piel mixta","piel seca","piel sensible","skin care routine","tipo de piel"],"articleSection":["consejos","Est\u00e9tica","Grado de est\u00e9tica","grado medio est\u00e9tica y belleza"],"inLanguage":"es","potentialAction":[{"@type":"CommentAction","name":"Comment","target":["https:\/\/joseppons.com\/formacion\/cuidado-de-la-piel\/#respond"]}]},{"@type":"WebPage","@id":"https:\/\/joseppons.com\/formacion\/cuidado-de-la-piel\/","url":"https:\/\/joseppons.com\/formacion\/cuidado-de-la-piel\/","name":"Tips para un buen cuidado de la piel - Josep Pons Formaci\u00f3n","isPartOf":{"@id":"https:\/\/joseppons.com\/formacion\/#website"},"primaryImageOfPage":{"@id":"https:\/\/joseppons.com\/formacion\/cuidado-de-la-piel\/#primaryimage"},"image":{"@id":"https:\/\/joseppons.com\/formacion\/cuidado-de-la-piel\/#primaryimage"},"thumbnailUrl":"https:\/\/joseppons.com\/formacion\/wp-content\/uploads\/2022\/02\/cuidado-de-la-piel.jpg","datePublished":"2022-02-10T12:02:55+00:00","dateModified":"2022-02-16T15:44:38+00:00","description":"Sabemos que no es f\u00e1cil encontrar una buena Skin Care routine, y mucho menos mantenerla. Te taremos los mejores tips para...","breadcrumb":{"@id":"https:\/\/joseppons.com\/formacion\/cuidado-de-la-piel\/#breadcrumb"},"inLanguage":"es","potentialAction":[{"@type":"ReadAction","target":["https:\/\/joseppons.com\/formacion\/cuidado-de-la-piel\/"]}]},{"@type":"ImageObject","inLanguage":"es","@id":"https:\/\/joseppons.com\/formacion\/cuidado-de-la-piel\/#primaryimage","url":"https:\/\/joseppons.com\/formacion\/wp-content\/uploads\/2022\/02\/cuidado-de-la-piel.jpg","contentUrl":"https:\/\/joseppons.com\/formacion\/wp-content\/uploads\/2022\/02\/cuidado-de-la-piel.jpg","width":6000,"height":4000,"caption":"cuidado de la piel"},{"@type":"BreadcrumbList","@id":"https:\/\/joseppons.com\/formacion\/cuidado-de-la-piel\/#breadcrumb","itemListElement":[{"@type":"ListItem","position":1,"name":"Portada","item":"https:\/\/joseppons.com\/formacion\/"},{"@type":"ListItem","position":2,"name":"Tips para un buen cuidado de la piel"}]},{"@type":"WebSite","@id":"https:\/\/joseppons.com\/formacion\/#website","url":"https:\/\/joseppons.com\/formacion\/","name":"Josep Pons Formaci\u00f3n","description":"","publisher":{"@id":"https:\/\/joseppons.com\/formacion\/#organization"},"potentialAction":[{"@type":"SearchAction","target":{"@type":"EntryPoint","urlTemplate":"https:\/\/joseppons.com\/formacion\/?s={search_term_string}"},"query-input":{"@type":"PropertyValueSpecification","valueRequired":true,"valueName":"search_term_string"}}],"inLanguage":"es"},{"@type":"Organization","@id":"https:\/\/joseppons.com\/formacion\/#organization","name":"Josep Pons","url":"https:\/\/joseppons.com\/formacion\/","logo":{"@type":"ImageObject","inLanguage":"es","@id":"https:\/\/joseppons.com\/formacion\/#\/schema\/logo\/image\/","url":"https:\/\/joseppons.com\/formacion\/wp-content\/uploads\/2018\/09\/logotipo-home-josepponsformacio-1.png","contentUrl":"https:\/\/joseppons.com\/formacion\/wp-content\/uploads\/2018\/09\/logotipo-home-josepponsformacio-1.png","width":420,"height":280,"caption":"Josep Pons"},"image":{"@id":"https:\/\/joseppons.com\/formacion\/#\/schema\/logo\/image\/"},"sameAs":["https:\/\/es-es.facebook.com\/JosepPonsFormacio\/","https:\/\/x.com\/josepponsimatge","https:\/\/www.instagram.com\/ponsformacion\/"]},{"@type":"Person","@id":"https:\/\/joseppons.com\/formacion\/#\/schema\/person\/5bcd14ff97d0c75b868e8577fd59c2a4","name":"Comunicaci\u00f3n"}]}},"_links":{"self":[{"href":"https:\/\/joseppons.com\/formacion\/wp-json\/wp\/v2\/posts\/9475","targetHints":{"allow":["GET"]}}],"collection":[{"href":"https:\/\/joseppons.com\/formacion\/wp-json\/wp\/v2\/posts"}],"about":[{"href":"https:\/\/joseppons.com\/formacion\/wp-json\/wp\/v2\/types\/post"}],"author":[{"embeddable":true,"href":"https:\/\/joseppons.com\/formacion\/wp-json\/wp\/v2\/users\/6"}],"replies":[{"embeddable":true,"href":"https:\/\/joseppons.com\/formacion\/wp-json\/wp\/v2\/comments?post=9475"}],"version-history":[{"count":0,"href":"https:\/\/joseppons.com\/formacion\/wp-json\/wp\/v2\/posts\/9475\/revisions"}],"wp:featuredmedia":[{"embeddable":true,"href":"https:\/\/joseppons.com\/formacion\/wp-json\/wp\/v2\/media\/9476"}],"wp:attachment":[{"href":"https:\/\/joseppons.com\/formacion\/wp-json\/wp\/v2\/media?parent=9475"}],"wp:term":[{"taxonomy":"category","embeddable":true,"href":"https:\/\/joseppons.com\/formacion\/wp-json\/wp\/v2\/categories?post=9475"},{"taxonomy":"post_tag","embeddable":true,"href":"https:\/\/joseppons.com\/formacion\/wp-json\/wp\/v2\/tags?post=9475"}],"curies":[{"name":"wp","href":"https:\/\/api.w.org\/{rel}","templated":true}]}}