{"id":6969,"date":"2021-09-23T10:00:54","date_gmt":"2021-09-23T08:00:54","guid":{"rendered":"https:\/\/joseppons.com\/formacion\/?p=6969"},"modified":"2021-09-22T10:28:31","modified_gmt":"2021-09-22T08:28:31","slug":"el-afeitado-en-una-barberia","status":"publish","type":"post","link":"https:\/\/joseppons.com\/formacion\/el-afeitado-en-una-barberia\/","title":{"rendered":"El afeitado en una barber\u00eda"},"content":{"rendered":"\t\t<div data-elementor-type=\"wp-post\" data-elementor-id=\"6969\" class=\"elementor elementor-6969\" data-elementor-post-type=\"post\">\n\t\t\t\t\t\t<section class=\"elementor-section elementor-top-section elementor-element elementor-element-12ea239 elementor-section-boxed elementor-section-height-default elementor-section-height-default\" data-id=\"12ea239\" data-element_type=\"section\">\n\t\t\t\t\t\t<div class=\"elementor-container elementor-column-gap-default\">\n\t\t\t\t\t<div class=\"elementor-column elementor-col-100 elementor-top-column elementor-element elementor-element-1ef48f8\" data-id=\"1ef48f8\" data-element_type=\"column\">\n\t\t\t<div class=\"elementor-widget-wrap elementor-element-populated\">\n\t\t\t\t\t\t<div class=\"elementor-element elementor-element-14d2b63 elementor-widget elementor-widget-text-editor\" data-id=\"14d2b63\" data-element_type=\"widget\" data-widget_type=\"text-editor.default\">\n\t\t\t\t<div class=\"elementor-widget-container\">\n\t\t\t\t\t\t\t\t\t<p><span style=\"font-size: 14.6667px; white-space: pre-wrap; font-family: 'Open Sans', sans-serif; letter-spacing: 0px;\"><strong>La barber\u00eda es un oficio<\/strong> <strong>cuya existencia se remonta a la antig\u00fcedad.<\/strong> En las grandes civilizaciones antiguas, Grecia, Roma y Egipto, los barberos gozaban de un gran reconocimiento social y se encargaban de <strong>todo tipo de servicios: corte, afeitado y <a href=\"https:\/\/joseppons.com\/formacion\/cortes-pelo-hombre-tendencia\/\">estilismo del cabello masculino<\/a>.<\/strong><\/span><\/p><p><span style=\"font-size: 14.6667px; white-space: pre-wrap; font-family: 'Open Sans', sans-serif; letter-spacing: 0px;\">Tantos a\u00f1os de historia y tradici\u00f3n han contribuido a mejorar la t\u00e9cnica de los barberos, que hoy en d\u00eda ofrecen toda una experiencia en los Barber Shops. Si te interesa esta profesi\u00f3n, <strong>en nuestra <a href=\"https:\/\/joseppons.com\/formacion\/\">academia Josep Pons<\/a> ofrecemos cursos de Barber\u00eda muy pr\u00e1cticos y para todo tipo de niveles.<\/strong><\/span><\/p>\t\t\t\t\t\t\t\t<\/div>\n\t\t\t\t<\/div>\n\t\t\t\t\t<\/div>\n\t\t<\/div>\n\t\t\t\t\t<\/div>\n\t\t<\/section>\n\t\t\t\t<section class=\"elementor-section elementor-top-section elementor-element elementor-element-2820166 elementor-section-boxed elementor-section-height-default elementor-section-height-default\" data-id=\"2820166\" data-element_type=\"section\">\n\t\t\t\t\t\t<div class=\"elementor-container elementor-column-gap-default\">\n\t\t\t\t\t<div class=\"elementor-column elementor-col-100 elementor-top-column elementor-element elementor-element-62ddd91\" data-id=\"62ddd91\" data-element_type=\"column\">\n\t\t\t<div class=\"elementor-widget-wrap elementor-element-populated\">\n\t\t\t\t\t\t<div class=\"elementor-element elementor-element-e724875 elementor-widget elementor-widget-heading\" data-id=\"e724875\" data-element_type=\"widget\" data-widget_type=\"heading.default\">\n\t\t\t\t<div class=\"elementor-widget-container\">\n\t\t\t\t\t<h2 class=\"elementor-heading-title elementor-size-default\">Entrevista con una experta en barber\u00eda\n<\/h2>\t\t\t\t<\/div>\n\t\t\t\t<\/div>\n\t\t\t\t\t<\/div>\n\t\t<\/div>\n\t\t\t\t\t<\/div>\n\t\t<\/section>\n\t\t\t\t<section class=\"elementor-section elementor-top-section elementor-element elementor-element-afe3f95 elementor-section-boxed elementor-section-height-default elementor-section-height-default\" data-id=\"afe3f95\" data-element_type=\"section\">\n\t\t\t\t\t\t<div class=\"elementor-container elementor-column-gap-default\">\n\t\t\t\t\t<div class=\"elementor-column elementor-col-100 elementor-top-column elementor-element elementor-element-cccdabf\" data-id=\"cccdabf\" data-element_type=\"column\">\n\t\t\t<div class=\"elementor-widget-wrap elementor-element-populated\">\n\t\t\t\t\t\t<div class=\"elementor-element elementor-element-a2bd918 elementor-widget elementor-widget-text-editor\" data-id=\"a2bd918\" data-element_type=\"widget\" data-widget_type=\"text-editor.default\">\n\t\t\t\t<div class=\"elementor-widget-container\">\n\t\t\t\t\t\t\t\t\t<p><span style=\"font-family: Open Sans, sans-serif;\"><span style=\"font-size: 14.6667px; white-space: pre-wrap;\">Hoy <strong>Judith<\/strong>, una de nuestras barbers expertas y <b>profesora de los <a href=\"https:\/\/joseppons.com\/formacion\/barberia\/\">cursos de especializaci\u00f3n en Barber\u00eda<\/a><\/b> de Josep Pons te explica la rutina del afeitado que se sigue en una barber\u00eda. <\/span><\/span><\/p>\t\t\t\t\t\t\t\t<\/div>\n\t\t\t\t<\/div>\n\t\t\t\t\t<\/div>\n\t\t<\/div>\n\t\t\t\t\t<\/div>\n\t\t<\/section>\n\t\t\t\t<section class=\"elementor-section elementor-top-section elementor-element elementor-element-92d073e elementor-section-boxed elementor-section-height-default elementor-section-height-default\" data-id=\"92d073e\" data-element_type=\"section\">\n\t\t\t\t\t\t<div class=\"elementor-container elementor-column-gap-default\">\n\t\t\t\t\t<div class=\"elementor-column elementor-col-100 elementor-top-column elementor-element elementor-element-fa54d35\" data-id=\"fa54d35\" data-element_type=\"column\">\n\t\t\t<div class=\"elementor-widget-wrap elementor-element-populated\">\n\t\t\t\t\t\t<div class=\"elementor-element elementor-element-52f8167 elementor-widget elementor-widget-heading\" data-id=\"52f8167\" data-element_type=\"widget\" data-widget_type=\"heading.default\">\n\t\t\t\t<div class=\"elementor-widget-container\">\n\t\t\t\t\t<h4 class=\"elementor-heading-title elementor-size-default\"><font face=\"Open Sans, sans-serif\"><span style=\"font-size: 14.6667px\">\u00bfQu\u00e9 tipo de preparaci\u00f3n se lleva a cabo antes del afeitado?<\/span><\/font><\/h4>\t\t\t\t<\/div>\n\t\t\t\t<\/div>\n\t\t\t\t<div class=\"elementor-element elementor-element-ff9892a elementor-widget elementor-widget-text-editor\" data-id=\"ff9892a\" data-element_type=\"widget\" data-widget_type=\"text-editor.default\">\n\t\t\t\t<div class=\"elementor-widget-container\">\n\t\t\t\t\t\t\t\t\t<p><em><span style=\"font-family: Open Sans, sans-serif;\"><span style=\"font-size: 14.6667px; white-space: pre-wrap;\"><strong>Judith:<\/strong> La preparaci\u00f3n es fundamental para proceder con un buen afeitado. Lo ideal es <strong>preparar la piel con vapor o con una toalla caliente para abrir los poros<\/strong>, de modo que al pasar la navaja el corte sea m\u00e1s sutil y no se irrite la piel del caballero. Normalmente la preparaci\u00f3n consta de dos fases: primero ponemos un aceite hidratante para ablandar el cabello y luego viene la parte caliente del proceso, con el vapor para abrir el poro del cabello.<\/span><\/span><\/em>\u00a0<\/p>\t\t\t\t\t\t\t\t<\/div>\n\t\t\t\t<\/div>\n\t\t\t\t\t<\/div>\n\t\t<\/div>\n\t\t\t\t\t<\/div>\n\t\t<\/section>\n\t\t\t\t<section class=\"elementor-section elementor-top-section elementor-element elementor-element-5b553cd elementor-section-boxed elementor-section-height-default elementor-section-height-default\" data-id=\"5b553cd\" data-element_type=\"section\">\n\t\t\t\t\t\t<div class=\"elementor-container elementor-column-gap-default\">\n\t\t\t\t\t<div class=\"elementor-column elementor-col-100 elementor-top-column elementor-element elementor-element-0c63596\" data-id=\"0c63596\" data-element_type=\"column\">\n\t\t\t<div class=\"elementor-widget-wrap elementor-element-populated\">\n\t\t\t\t\t\t<div class=\"elementor-element elementor-element-ad9197f elementor-widget elementor-widget-heading\" data-id=\"ad9197f\" data-element_type=\"widget\" data-widget_type=\"heading.default\">\n\t\t\t\t<div class=\"elementor-widget-container\">\n\t\t\t\t\t<h4 class=\"elementor-heading-title elementor-size-default\"><font face=\"Open Sans, sans-serif\"><span style=\"font-size: 14.6667px\">\u00bfC\u00f3mo es el proceso de afeitado en una barber\u00eda?<\/span><\/font><\/h4>\t\t\t\t<\/div>\n\t\t\t\t<\/div>\n\t\t\t\t<div class=\"elementor-element elementor-element-83b9304 elementor-widget elementor-widget-text-editor\" data-id=\"83b9304\" data-element_type=\"widget\" data-widget_type=\"text-editor.default\">\n\t\t\t\t<div class=\"elementor-widget-container\">\n\t\t\t\t\t\t\t\t\t<p><strong><em><span style=\"font-family: Open Sans, sans-serif;\"><span style=\"font-size: 14.6667px; white-space: pre-wrap;\">J: <\/span><\/span><\/em><\/strong><span style=\"font-family: Open Sans, sans-serif;\"><span style=\"font-size: 14.6667px; white-space: pre-wrap;\"><i>El proceso de afeitado en una barber\u00eda <strong>es todo un ritual.<\/strong> De hecho hay dos tipos de afeitado: con toalla y con vapor, pero ambos tienen los mismos pasos. El primer paso es la preparaci\u00f3n, con el aceite para preparar la piel y luego el vapor o la toalla para abrir el poro. Una vez est\u00e1 la preparaci\u00f3n hecha, ponemos el producto que hayamos escogido para el afeitado (espuma, gel u otro) y rasuramos. El siguiente paso es volver a poner la toalla caliente, para que <strong>el cliente se sienta relajado<\/strong> y retirar el exceso de producto. Para finalizar ponemos aftershave para cerrar el poro y que no se infecte.<\/i><\/span><\/span><\/p>\t\t\t\t\t\t\t\t<\/div>\n\t\t\t\t<\/div>\n\t\t\t\t<div class=\"elementor-element elementor-element-ff85420 elementor-widget elementor-widget-image\" data-id=\"ff85420\" data-element_type=\"widget\" data-widget_type=\"image.default\">\n\t\t\t\t<div class=\"elementor-widget-container\">\n\t\t\t\t\t\t\t\t\t\t\t\t\t\t\t<img fetchpriority=\"high\" decoding=\"async\" width=\"1368\" height=\"912\" src=\"https:\/\/joseppons.com\/formacion\/wp-content\/uploads\/2021\/09\/afeitado2.jpg\" class=\"attachment-large size-large wp-image-6987\" alt=\"afeitado en barber\u00eda\" srcset=\"https:\/\/joseppons.com\/formacion\/wp-content\/uploads\/2021\/09\/afeitado2.jpg 1368w, https:\/\/joseppons.com\/formacion\/wp-content\/uploads\/2021\/09\/afeitado2-768x512.jpg 768w\" sizes=\"(max-width: 1368px) 100vw, 1368px\" \/>\t\t\t\t\t\t\t\t\t\t\t\t\t\t\t<\/div>\n\t\t\t\t<\/div>\n\t\t\t\t\t<\/div>\n\t\t<\/div>\n\t\t\t\t\t<\/div>\n\t\t<\/section>\n\t\t\t\t<section class=\"elementor-section elementor-top-section elementor-element elementor-element-468769b elementor-section-boxed elementor-section-height-default elementor-section-height-default\" data-id=\"468769b\" data-element_type=\"section\">\n\t\t\t\t\t\t<div class=\"elementor-container elementor-column-gap-default\">\n\t\t\t\t\t<div class=\"elementor-column elementor-col-100 elementor-top-column elementor-element elementor-element-38e7f02\" data-id=\"38e7f02\" data-element_type=\"column\">\n\t\t\t<div class=\"elementor-widget-wrap elementor-element-populated\">\n\t\t\t\t\t\t<div class=\"elementor-element elementor-element-3442369 elementor-widget elementor-widget-heading\" data-id=\"3442369\" data-element_type=\"widget\" data-widget_type=\"heading.default\">\n\t\t\t\t<div class=\"elementor-widget-container\">\n\t\t\t\t\t<h4 class=\"elementor-heading-title elementor-size-default\"><font face=\"Open Sans, sans-serif\"><span style=\"font-size: 14.6667px\">\u00bfQu\u00e9 diferencias hay entre afeitarse en casa y en la barber\u00eda?<\/span><\/font><\/h4>\t\t\t\t<\/div>\n\t\t\t\t<\/div>\n\t\t\t\t<div class=\"elementor-element elementor-element-3729da7 elementor-widget elementor-widget-text-editor\" data-id=\"3729da7\" data-element_type=\"widget\" data-widget_type=\"text-editor.default\">\n\t\t\t\t<div class=\"elementor-widget-container\">\n\t\t\t\t\t\t\t\t\t<p><strong><em><span style=\"font-family: Open Sans, sans-serif;\"><span style=\"font-size: 14.6667px; white-space: pre-wrap;\">J: <\/span><\/span><\/em><\/strong><span style=\"font-family: Open Sans, sans-serif;\"><span style=\"font-size: 14.6667px; white-space: pre-wrap;\"><i>Son dos tipos de afeitados muy distintos. <strong>En casa<\/strong> normalmente <b>n<\/b><strong>o se suele preparar la piel<\/strong> y abrir el poro, por lo que <strong>nunca se llega a un afeitado tan preciso.<\/strong> Por eso muchos caballeros se afeitan y ya enseguida tienen vello negro. Lo que conseguimos <b>en la barber\u00eda <\/b>es abrir ese poro y rasurar m\u00e1s, <b>pulir m\u00e1s el afeitado para que sea m\u00e1s duradero<\/b>. Adem\u00e1s cuidamos la piel para que no se irrite y no est\u00e9 tan \u00e1spera. A muchos hombres, sobre todo j\u00f3venes, les salen granitos porque los productos que usan pueden no ser los adecuados para su tipo de piel. Uso de productos demasiado grasos o falta de hidrataci\u00f3n facial son problemas que solemos ver en los barbershops. En definitiva, <strong>en una barber\u00eda se cuida m\u00e1s la piel y el cabello.<\/strong><\/i><\/span><\/span><\/p>\t\t\t\t\t\t\t\t<\/div>\n\t\t\t\t<\/div>\n\t\t\t\t\t<\/div>\n\t\t<\/div>\n\t\t\t\t\t<\/div>\n\t\t<\/section>\n\t\t\t\t<section class=\"elementor-section elementor-top-section elementor-element elementor-element-eeb5120 elementor-section-boxed elementor-section-height-default elementor-section-height-default\" data-id=\"eeb5120\" data-element_type=\"section\">\n\t\t\t\t\t\t<div class=\"elementor-container elementor-column-gap-default\">\n\t\t\t\t\t<div class=\"elementor-column elementor-col-100 elementor-top-column elementor-element elementor-element-96f85ee\" data-id=\"96f85ee\" data-element_type=\"column\">\n\t\t\t<div class=\"elementor-widget-wrap elementor-element-populated\">\n\t\t\t\t\t\t<div class=\"elementor-element elementor-element-51509e8 elementor-widget elementor-widget-heading\" data-id=\"51509e8\" data-element_type=\"widget\" data-widget_type=\"heading.default\">\n\t\t\t\t<div class=\"elementor-widget-container\">\n\t\t\t\t\t<h4 class=\"elementor-heading-title elementor-size-default\"><font face=\"Open Sans, sans-serif\"><span style=\"font-size: 14.6667px\">\u00bfQu\u00e9 tipo de barbas pueden gozar de este servicio?<\/span><\/font><\/h4>\t\t\t\t<\/div>\n\t\t\t\t<\/div>\n\t\t\t\t<div class=\"elementor-element elementor-element-55e7db7 elementor-widget elementor-widget-text-editor\" data-id=\"55e7db7\" data-element_type=\"widget\" data-widget_type=\"text-editor.default\">\n\t\t\t\t<div class=\"elementor-widget-container\">\n\t\t\t\t\t\t\t\t\t<p><strong><em><span style=\"font-family: Open Sans, sans-serif;\"><span style=\"font-size: 14.6667px; white-space: pre-wrap;\">J: <\/span><\/span><\/em><\/strong><span style=\"font-family: Open Sans, sans-serif;\"><span style=\"font-size: 14.6667px; white-space: pre-wrap;\"><i>Este servicio est\u00e1 pensado <b>para todo tipo de barbas<\/b>: desde una barba hipster superlarga a un afeitado completo, pasando por la perilla, el bigote, etc. <b>Y tambi\u00e9n para todo tipo de pieles.<\/b> La diferencia entre una barba y un afeitado completo es que a la barba la hidratamos y en el afeitado cuidamos la piel. En casa normalmente los caballeros se lavan la barba, pero no la hidratan, por lo que en la barber\u00eda aparte de peinarla y cortarla tambi\u00e9n la cuidamos hidrat\u00e1ndola. <\/i><\/span><\/span><\/p>\t\t\t\t\t\t\t\t<\/div>\n\t\t\t\t<\/div>\n\t\t\t\t\t<\/div>\n\t\t<\/div>\n\t\t\t\t\t<\/div>\n\t\t<\/section>\n\t\t\t\t<section class=\"elementor-section elementor-top-section elementor-element elementor-element-53e1662 elementor-section-boxed elementor-section-height-default elementor-section-height-default\" data-id=\"53e1662\" data-element_type=\"section\">\n\t\t\t\t\t\t<div class=\"elementor-container elementor-column-gap-default\">\n\t\t\t\t\t<div class=\"elementor-column elementor-col-100 elementor-top-column elementor-element elementor-element-9629b8c\" data-id=\"9629b8c\" data-element_type=\"column\">\n\t\t\t<div class=\"elementor-widget-wrap elementor-element-populated\">\n\t\t\t\t\t\t<div class=\"elementor-element elementor-element-a4eaaac elementor-widget elementor-widget-heading\" data-id=\"a4eaaac\" data-element_type=\"widget\" data-widget_type=\"heading.default\">\n\t\t\t\t<div class=\"elementor-widget-container\">\n\t\t\t\t\t<h4 class=\"elementor-heading-title elementor-size-default\"><font face=\"Open Sans, sans-serif\"><span style=\"font-size: 14.6667px\">\u00bfPor qu\u00e9 recomendar\u00edas afeitarse en un Barbershop?<\/span><\/font><\/h4>\t\t\t\t<\/div>\n\t\t\t\t<\/div>\n\t\t\t\t<div class=\"elementor-element elementor-element-aa6e9b3 elementor-widget elementor-widget-text-editor\" data-id=\"aa6e9b3\" data-element_type=\"widget\" data-widget_type=\"text-editor.default\">\n\t\t\t\t<div class=\"elementor-widget-container\">\n\t\t\t\t\t\t\t\t\t<p><strong><em><span style=\"font-family: Open Sans, sans-serif;\"><span style=\"font-size: 14.6667px; white-space: pre-wrap;\">J: <\/span><\/span><\/em><\/strong><span style=\"font-family: Open Sans, sans-serif;\"><span style=\"font-size: 14.6667px; white-space: pre-wrap;\"><i>El afeitado en un Barber Shop es uno de los <a href=\"https:\/\/joseppons.com\/formacion\/los-servicios-mas-valorados-de-un-salon-de-barberia\/\">servicios m\u00e1s valorados<\/a>, una experiencia muy chula que cuando la pruebas sueles volver. <strong>Es un ritual,<\/strong> no se trata solo de afeitar, sino que es <strong>un momento de cuidados para el caballero.<\/strong> La sensaci\u00f3n de afeitarse en casa suele ser muy distinta, con prisas e incluso los hombres a veces se cortan o se les irrita la piel. En la barber\u00eda conseguimos que el ritual sea una sensaci\u00f3n m\u00e1s relajante y tranquila, <strong>adem\u00e1s de que el afeitado acaba siendo m\u00e1s duradero.<\/strong><\/i><\/span><\/span><\/p>\t\t\t\t\t\t\t\t<\/div>\n\t\t\t\t<\/div>\n\t\t\t\t<div class=\"elementor-element elementor-element-3638088 elementor-widget elementor-widget-image\" data-id=\"3638088\" data-element_type=\"widget\" data-widget_type=\"image.default\">\n\t\t\t\t<div class=\"elementor-widget-container\">\n\t\t\t\t\t\t\t\t\t\t\t\t\t\t\t<img decoding=\"async\" width=\"1250\" height=\"833\" src=\"https:\/\/joseppons.com\/formacion\/wp-content\/uploads\/2021\/09\/afeitado1.jpg\" class=\"attachment-large size-large wp-image-6988\" alt=\"herramientas de afeitado\" srcset=\"https:\/\/joseppons.com\/formacion\/wp-content\/uploads\/2021\/09\/afeitado1.jpg 1250w, https:\/\/joseppons.com\/formacion\/wp-content\/uploads\/2021\/09\/afeitado1-768x512.jpg 768w\" sizes=\"(max-width: 1250px) 100vw, 1250px\" \/>\t\t\t\t\t\t\t\t\t\t\t\t\t\t\t<\/div>\n\t\t\t\t<\/div>\n\t\t\t\t\t<\/div>\n\t\t<\/div>\n\t\t\t\t\t<\/div>\n\t\t<\/section>\n\t\t\t\t<section class=\"elementor-section elementor-top-section elementor-element elementor-element-5937247 elementor-section-boxed elementor-section-height-default elementor-section-height-default\" data-id=\"5937247\" data-element_type=\"section\">\n\t\t\t\t\t\t<div class=\"elementor-container elementor-column-gap-default\">\n\t\t\t\t\t<div class=\"elementor-column elementor-col-100 elementor-top-column elementor-element elementor-element-d9944e9\" data-id=\"d9944e9\" data-element_type=\"column\">\n\t\t\t<div class=\"elementor-widget-wrap elementor-element-populated\">\n\t\t\t\t\t\t<div class=\"elementor-element elementor-element-3a7c6f7 elementor-widget elementor-widget-heading\" data-id=\"3a7c6f7\" data-element_type=\"widget\" data-widget_type=\"heading.default\">\n\t\t\t\t<div class=\"elementor-widget-container\">\n\t\t\t\t\t<h4 class=\"elementor-heading-title elementor-size-default\"><font face=\"Open Sans, sans-serif\"><span style=\"font-size: 14.6667px\">\u00bfQu\u00e9 formaci\u00f3n se necesita para perfeccionar esta t\u00e9cnica?<\/span><\/font><\/h4>\t\t\t\t<\/div>\n\t\t\t\t<\/div>\n\t\t\t\t<div class=\"elementor-element elementor-element-db31787 elementor-widget elementor-widget-text-editor\" data-id=\"db31787\" data-element_type=\"widget\" data-widget_type=\"text-editor.default\">\n\t\t\t\t<div class=\"elementor-widget-container\">\n\t\t\t\t\t\t\t\t\t<p><em><span style=\"font-family: Open Sans, sans-serif;\"><span style=\"font-size: 14.6667px; white-space: pre-wrap;\"><b>J: <\/b><\/span><\/span><\/em><span style=\"font-family: Open Sans, sans-serif;\"><span style=\"font-size: 14.6667px; white-space: pre-wrap;\"><i>Para perfeccionar esta t\u00e9cnica <b>t<\/b><strong>e recomiendo hacer el <a href=\"https:\/\/joseppons.com\/formacion\/curso-de-iniciacion-en-barberia\/\">Curso de Barber\u00eda<\/a><\/strong> <strong>que ofrecemos en Josep Pons.<\/strong> Lo ideal es hacer el curso completo, con una duraci\u00f3n total de 12 meses. En este tiempo se aprende a diferenciar todas las t\u00e9cnicas de afeitado y a cuidar todos los tipos de pieles, ya que no todas las pieles ni los pelos son iguales. No es lo mismo afeitar a contra direcci\u00f3n un cabello muy fino que un cabello r\u00edgido y con mucho grosor. <strong>Sabiendo utilizar las diferentes t\u00e9cnicas y productos podemos conseguir que el afeitado sea un ritual placentero y f\u00e1cil<\/strong>, que deja feliz al cliente y nos ayuda a fidelizarlo. <\/i><\/span><\/span><\/p><p><span style=\"font-family: Open Sans, sans-serif;\"><span style=\"font-size: 14.6667px; white-space: pre-wrap;\"><i><strong>Recomiendo estudiar el curso completo<\/strong> de Barber\u00eda porque no solo se aprende el ritual del afeitado, sino que <strong>tambi\u00e9n se imparten conocimientos de corte, coloraci\u00f3n, moldeado e incluso<\/strong> algunas pinceladas de <strong>est\u00e9tica<\/strong> masculina. Adem\u00e1s, en nuestro centro todos los cursos incorporan la asesor\u00eda de imagen y el coaching, para formar a profesionales lo m\u00e1s completos posible.<\/i><\/span><\/span><\/p>\t\t\t\t\t\t\t\t<\/div>\n\t\t\t\t<\/div>\n\t\t\t\t\t<\/div>\n\t\t<\/div>\n\t\t\t\t\t<\/div>\n\t\t<\/section>\n\t\t\t\t<section class=\"elementor-section elementor-top-section elementor-element elementor-element-ffa082a elementor-section-boxed elementor-section-height-default elementor-section-height-default\" data-id=\"ffa082a\" data-element_type=\"section\">\n\t\t\t\t\t\t<div class=\"elementor-container elementor-column-gap-default\">\n\t\t\t\t\t<div class=\"elementor-column elementor-col-100 elementor-top-column elementor-element elementor-element-981f4c2\" data-id=\"981f4c2\" data-element_type=\"column\">\n\t\t\t<div class=\"elementor-widget-wrap elementor-element-populated\">\n\t\t\t\t\t\t<div class=\"elementor-element elementor-element-02a316c elementor-widget elementor-widget-heading\" data-id=\"02a316c\" data-element_type=\"widget\" data-widget_type=\"heading.default\">\n\t\t\t\t<div class=\"elementor-widget-container\">\n\t\t\t\t\t<h2 class=\"elementor-heading-title elementor-size-default\">Cursos de barber\u00eda en Josep Pons, m\u00e1s all\u00e1 del afeitado\n<\/h2>\t\t\t\t<\/div>\n\t\t\t\t<\/div>\n\t\t\t\t\t<\/div>\n\t\t<\/div>\n\t\t\t\t\t<\/div>\n\t\t<\/section>\n\t\t\t\t<section class=\"elementor-section elementor-top-section elementor-element elementor-element-9a5a6fb elementor-section-boxed elementor-section-height-default elementor-section-height-default\" data-id=\"9a5a6fb\" data-element_type=\"section\">\n\t\t\t\t\t\t<div class=\"elementor-container elementor-column-gap-default\">\n\t\t\t\t\t<div class=\"elementor-column elementor-col-100 elementor-top-column elementor-element elementor-element-974e6f5\" data-id=\"974e6f5\" data-element_type=\"column\">\n\t\t\t<div class=\"elementor-widget-wrap elementor-element-populated\">\n\t\t\t\t\t\t<div class=\"elementor-element elementor-element-d55233b elementor-widget elementor-widget-text-editor\" data-id=\"d55233b\" data-element_type=\"widget\" data-widget_type=\"text-editor.default\">\n\t\t\t\t<div class=\"elementor-widget-container\">\n\t\t\t\t\t\t\t\t\t<p><span style=\"font-family: Open Sans, sans-serif;\"><span style=\"font-size: 14.6667px; white-space: pre-wrap;\"><strong>La Barber\u00eda<\/strong> ha renacido y actualmente <strong>es una salida profesional con muchas posibilidades.<\/strong> Para desarrollarla con rigor, es importante que escojas una <strong>formaci\u00f3n s\u00f3lida e innovadora<\/strong>, que te permita diferenciarte de la competencia y aportar un valor a\u00f1adido a tus clientes. <strong>\u00a1Est\u00e1s de suerte!<\/strong> En nuestra academia de formaci\u00f3n <strong>ofrecemos cursos de barber\u00eda adaptados a todos los niveles.<\/strong><\/span><\/span><\/p>\t\t\t\t\t\t\t\t<\/div>\n\t\t\t\t<\/div>\n\t\t\t\t<div class=\"elementor-element elementor-element-8b4c316 elementor-widget elementor-widget-shortcode\" data-id=\"8b4c316\" data-element_type=\"widget\" data-widget_type=\"shortcode.default\">\n\t\t\t\t<div class=\"elementor-widget-container\">\n\t\t\t\t\t\t\t<div class=\"elementor-shortcode\"><blockquote class=\"instagram-media\" data-instgrm-permalink=\"https:\/\/www.instagram.com\/p\/CN5j3NnBVo3\/?utm_source=ig_embed&amp;utm_campaign=loading\" data-instgrm-version=\"13\" style=\" background:#FFF; border:0; border-radius:3px; box-shadow:0 0 1px 0 rgba(0,0,0,0.5),0 1px 10px 0 rgba(0,0,0,0.15); margin: 1px; max-width:540px; min-width:326px; padding:0; width:99.375%; width:-webkit-calc(100% - 2px); width:calc(100% - 2px);\"><div style=\"padding:16px;\"> <a href=\"https:\/\/www.instagram.com\/p\/CN5j3NnBVo3\/?utm_source=ig_embed&amp;utm_campaign=loading\" style=\" background:#FFFFFF; line-height:0; padding:0 0; text-align:center; text-decoration:none; width:100%;\" target=\"_blank\"> <div style=\" display: flex; flex-direction: row; align-items: center;\"> <div style=\"background-color: #F4F4F4; border-radius: 50%; flex-grow: 0; height: 40px; margin-right: 14px; width: 40px;\"><\/div> <div style=\"display: flex; flex-direction: column; flex-grow: 1; justify-content: center;\"> <div style=\" background-color: #F4F4F4; border-radius: 4px; flex-grow: 0; height: 14px; margin-bottom: 6px; width: 100px;\"><\/div> <div style=\" background-color: #F4F4F4; border-radius: 4px; flex-grow: 0; height: 14px; width: 60px;\"><\/div><\/div><\/div><div style=\"padding: 19% 0;\"><\/div> <div style=\"display:block; height:50px; margin:0 auto 12px; width:50px;\"><svg width=\"50px\" height=\"50px\" viewBox=\"0 0 60 60\" version=\"1.1\" xmlns=\"https:\/\/www.w3.org\/2000\/svg\" xmlns:xlink=\"https:\/\/www.w3.org\/1999\/xlink\"><g stroke=\"none\" stroke-width=\"1\" fill=\"none\" fill-rule=\"evenodd\"><g transform=\"translate(-511.000000, -20.000000)\" fill=\"#000000\"><g><path d=\"M556.869,30.41 C554.814,30.41 553.148,32.076 553.148,34.131 C553.148,36.186 554.814,37.852 556.869,37.852 C558.924,37.852 560.59,36.186 560.59,34.131 C560.59,32.076 558.924,30.41 556.869,30.41 M541,60.657 C535.114,60.657 530.342,55.887 530.342,50 C530.342,44.114 535.114,39.342 541,39.342 C546.887,39.342 551.658,44.114 551.658,50 C551.658,55.887 546.887,60.657 541,60.657 M541,33.886 C532.1,33.886 524.886,41.1 524.886,50 C524.886,58.899 532.1,66.113 541,66.113 C549.9,66.113 557.115,58.899 557.115,50 C557.115,41.1 549.9,33.886 541,33.886 M565.378,62.101 C565.244,65.022 564.756,66.606 564.346,67.663 C563.803,69.06 563.154,70.057 562.106,71.106 C561.058,72.155 560.06,72.803 558.662,73.347 C557.607,73.757 556.021,74.244 553.102,74.378 C549.944,74.521 548.997,74.552 541,74.552 C533.003,74.552 532.056,74.521 528.898,74.378 C525.979,74.244 524.393,73.757 523.338,73.347 C521.94,72.803 520.942,72.155 519.894,71.106 C518.846,70.057 518.197,69.06 517.654,67.663 C517.244,66.606 516.755,65.022 516.623,62.101 C516.479,58.943 516.448,57.996 516.448,50 C516.448,42.003 516.479,41.056 516.623,37.899 C516.755,34.978 517.244,33.391 517.654,32.338 C518.197,30.938 518.846,29.942 519.894,28.894 C520.942,27.846 521.94,27.196 523.338,26.654 C524.393,26.244 525.979,25.756 528.898,25.623 C532.057,25.479 533.004,25.448 541,25.448 C548.997,25.448 549.943,25.479 553.102,25.623 C556.021,25.756 557.607,26.244 558.662,26.654 C560.06,27.196 561.058,27.846 562.106,28.894 C563.154,29.942 563.803,30.938 564.346,32.338 C564.756,33.391 565.244,34.978 565.378,37.899 C565.522,41.056 565.552,42.003 565.552,50 C565.552,57.996 565.522,58.943 565.378,62.101 M570.82,37.631 C570.674,34.438 570.167,32.258 569.425,30.349 C568.659,28.377 567.633,26.702 565.965,25.035 C564.297,23.368 562.623,22.342 560.652,21.575 C558.743,20.834 556.562,20.326 553.369,20.18 C550.169,20.033 549.148,20 541,20 C532.853,20 531.831,20.033 528.631,20.18 C525.438,20.326 523.257,20.834 521.349,21.575 C519.376,22.342 517.703,23.368 516.035,25.035 C514.368,26.702 513.342,28.377 512.574,30.349 C511.834,32.258 511.326,34.438 511.181,37.631 C511.035,40.831 511,41.851 511,50 C511,58.147 511.035,59.17 511.181,62.369 C511.326,65.562 511.834,67.743 512.574,69.651 C513.342,71.625 514.368,73.296 516.035,74.965 C517.703,76.634 519.376,77.658 521.349,78.425 C523.257,79.167 525.438,79.673 528.631,79.82 C531.831,79.965 532.853,80.001 541,80.001 C549.148,80.001 550.169,79.965 553.369,79.82 C556.562,79.673 558.743,79.167 560.652,78.425 C562.623,77.658 564.297,76.634 565.965,74.965 C567.633,73.296 568.659,71.625 569.425,69.651 C570.167,67.743 570.674,65.562 570.82,62.369 C570.966,59.17 571,58.147 571,50 C571,41.851 570.966,40.831 570.82,37.631\"><\/path><\/g><\/g><\/g><\/svg><\/div><div style=\"padding-top: 8px;\"> <div style=\" color:#3897f0; font-family:Arial,sans-serif; font-size:14px; font-style:normal; font-weight:550; line-height:18px;\"> Ver esta publicaci\u00f3n en Instagram<\/div><\/div><div style=\"padding: 12.5% 0;\"><\/div> <div style=\"display: flex; flex-direction: row; margin-bottom: 14px; align-items: center;\"><div> <div style=\"background-color: #F4F4F4; border-radius: 50%; height: 12.5px; width: 12.5px; transform: translateX(0px) translateY(7px);\"><\/div> <div style=\"background-color: #F4F4F4; height: 12.5px; transform: rotate(-45deg) translateX(3px) translateY(1px); width: 12.5px; flex-grow: 0; margin-right: 14px; margin-left: 2px;\"><\/div> <div style=\"background-color: #F4F4F4; border-radius: 50%; height: 12.5px; width: 12.5px; transform: translateX(9px) translateY(-18px);\"><\/div><\/div><div style=\"margin-left: 8px;\"> <div style=\" background-color: #F4F4F4; border-radius: 50%; flex-grow: 0; height: 20px; width: 20px;\"><\/div> <div style=\" width: 0; height: 0; border-top: 2px solid transparent; border-left: 6px solid #f4f4f4; border-bottom: 2px solid transparent; transform: translateX(16px) translateY(-4px) rotate(30deg)\"><\/div><\/div><div style=\"margin-left: auto;\"> <div style=\" width: 0px; border-top: 8px solid #F4F4F4; border-right: 8px solid transparent; transform: translateY(16px);\"><\/div> <div style=\" background-color: #F4F4F4; flex-grow: 0; height: 12px; width: 16px; transform: translateY(-4px);\"><\/div> <div style=\" width: 0; height: 0; border-top: 8px solid #F4F4F4; border-left: 8px solid transparent; transform: translateY(-4px) translateX(8px);\"><\/div><\/div><\/div> <div style=\"display: flex; flex-direction: column; flex-grow: 1; justify-content: center; margin-bottom: 24px;\"> <div style=\" background-color: #F4F4F4; border-radius: 4px; flex-grow: 0; height: 14px; margin-bottom: 6px; width: 224px;\"><\/div> <div style=\" background-color: #F4F4F4; border-radius: 4px; flex-grow: 0; height: 14px; width: 144px;\"><\/div><\/div><\/a><p style=\" color:#c9c8cd; font-family:Arial,sans-serif; font-size:14px; line-height:17px; margin-bottom:0; margin-top:8px; overflow:hidden; padding:8px 0 7px; text-align:center; text-overflow:ellipsis; white-space:nowrap;\"><a href=\"https:\/\/www.instagram.com\/p\/CN5j3NnBVo3\/?utm_source=ig_embed&amp;utm_campaign=loading\" style=\" color:#c9c8cd; font-family:Arial,sans-serif; font-size:14px; font-style:normal; font-weight:normal; line-height:17px; text-decoration:none;\" target=\"_blank\">Una publicaci\u00f3n compartida de Josep Pons Formacio\u0301n (@ponsformacion)<\/a><\/p><\/div><\/blockquote> <script async src=\"\/\/www.instagram.com\/embed.js\"><\/script><\/div>\n\t\t\t\t\t\t<\/div>\n\t\t\t\t<\/div>\n\t\t\t\t\t<\/div>\n\t\t<\/div>\n\t\t\t\t\t<\/div>\n\t\t<\/section>\n\t\t\t\t<section class=\"elementor-section elementor-top-section elementor-element elementor-element-db72460 elementor-section-boxed elementor-section-height-default elementor-section-height-default\" data-id=\"db72460\" data-element_type=\"section\">\n\t\t\t\t\t\t<div class=\"elementor-container elementor-column-gap-default\">\n\t\t\t\t\t<div class=\"elementor-column elementor-col-100 elementor-top-column elementor-element elementor-element-daad127\" data-id=\"daad127\" data-element_type=\"column\">\n\t\t\t<div class=\"elementor-widget-wrap elementor-element-populated\">\n\t\t\t\t\t\t<div class=\"elementor-element elementor-element-124a9e2 elementor-widget elementor-widget-heading\" data-id=\"124a9e2\" data-element_type=\"widget\" data-widget_type=\"heading.default\">\n\t\t\t\t<div class=\"elementor-widget-container\">\n\t\t\t\t\t<h4 class=\"elementor-heading-title elementor-size-default\"><font face=\"Open Sans, sans-serif\"><span style=\"font-size: 14.6667px\">Masterclass Opening en Barbershop<\/span><\/font><\/h4>\t\t\t\t<\/div>\n\t\t\t\t<\/div>\n\t\t\t\t<div class=\"elementor-element elementor-element-d31c6a3 elementor-widget elementor-widget-text-editor\" data-id=\"d31c6a3\" data-element_type=\"widget\" data-widget_type=\"text-editor.default\">\n\t\t\t\t<div class=\"elementor-widget-container\">\n\t\t\t\t\t\t\t\t\t<p><span style=\"font-family: Open Sans, sans-serif;\"><span style=\"font-size: 14.6667px; white-space: pre-wrap;\">Las <a href=\"https:\/\/joseppons.com\/formacion\/cursos-especializacion\/\">masterclasses de Josep Pons<\/a> son todo un must formativo para los profesionales del sector. Se trata de <strong>sesiones formativas intensivas<\/strong> que te permitir\u00e1n estar actualizado y especializado. En el caso del <a href=\"https:\/\/joseppons.com\/formacion\/masterclass-opening-barbershop\/\">Opening de Barber\u00eda<\/a>, la formaci\u00f3n tiene una <strong>duraci\u00f3n de una jornada<\/strong> y es un curso intensivo de <strong>iniciaci\u00f3n<\/strong>. Si la barber\u00eda te provoca curiosidad pero nunca has profundizado en el corte masculino te recomendamos esta masterclass.<\/span><\/span><\/p>\t\t\t\t\t\t\t\t<\/div>\n\t\t\t\t<\/div>\n\t\t\t\t\t<\/div>\n\t\t<\/div>\n\t\t\t\t\t<\/div>\n\t\t<\/section>\n\t\t\t\t<section class=\"elementor-section elementor-top-section elementor-element elementor-element-dc435b5 elementor-section-boxed elementor-section-height-default elementor-section-height-default\" data-id=\"dc435b5\" data-element_type=\"section\">\n\t\t\t\t\t\t<div class=\"elementor-container elementor-column-gap-default\">\n\t\t\t\t\t<div class=\"elementor-column elementor-col-100 elementor-top-column elementor-element elementor-element-22fb917\" data-id=\"22fb917\" data-element_type=\"column\">\n\t\t\t<div class=\"elementor-widget-wrap elementor-element-populated\">\n\t\t\t\t\t\t<div class=\"elementor-element elementor-element-440c017 elementor-widget elementor-widget-heading\" data-id=\"440c017\" data-element_type=\"widget\" data-widget_type=\"heading.default\">\n\t\t\t\t<div class=\"elementor-widget-container\">\n\t\t\t\t\t<h4 class=\"elementor-heading-title elementor-size-default\"><font face=\"Open Sans, sans-serif\"><span style=\"font-size: 14.6667px\">Curso de iniciaci\u00f3n<\/span><\/font><\/h4>\t\t\t\t<\/div>\n\t\t\t\t<\/div>\n\t\t\t\t<div class=\"elementor-element elementor-element-35eaa0a elementor-widget elementor-widget-text-editor\" data-id=\"35eaa0a\" data-element_type=\"widget\" data-widget_type=\"text-editor.default\">\n\t\t\t\t<div class=\"elementor-widget-container\">\n\t\t\t\t\t\t\t\t\t<p><span style=\"font-family: Open Sans, sans-serif;\"><span style=\"font-size: 14.6667px; white-space: pre-wrap;\">El <a href=\"https:\/\/joseppons.com\/formacion\/curso-de-iniciacion-en-barberia\/\">curso de iniciaci\u00f3n en barber\u00eda<\/a> va <strong>enfocado a aquellas personas que quieran convertirse en barberos o barberas<\/strong>, pero que tienen un nivel b\u00e1sico o inicial respecto al corte masculino. Su <strong>duraci\u00f3n<\/strong> es de <strong>seis meses<\/strong> y se aprende a realizar las principales t\u00e9cnicas de corte, coloraci\u00f3n, afeitado y moldeado.<\/span><\/span><\/p>\t\t\t\t\t\t\t\t<\/div>\n\t\t\t\t<\/div>\n\t\t\t\t\t<\/div>\n\t\t<\/div>\n\t\t\t\t\t<\/div>\n\t\t<\/section>\n\t\t\t\t<section class=\"elementor-section elementor-top-section elementor-element elementor-element-ab84ee7 elementor-section-boxed elementor-section-height-default elementor-section-height-default\" data-id=\"ab84ee7\" data-element_type=\"section\">\n\t\t\t\t\t\t<div class=\"elementor-container elementor-column-gap-default\">\n\t\t\t\t\t<div class=\"elementor-column elementor-col-100 elementor-top-column elementor-element elementor-element-e95409c\" data-id=\"e95409c\" data-element_type=\"column\">\n\t\t\t<div class=\"elementor-widget-wrap elementor-element-populated\">\n\t\t\t\t\t\t<div class=\"elementor-element elementor-element-e992db5 elementor-widget elementor-widget-heading\" data-id=\"e992db5\" data-element_type=\"widget\" data-widget_type=\"heading.default\">\n\t\t\t\t<div class=\"elementor-widget-container\">\n\t\t\t\t\t<h4 class=\"elementor-heading-title elementor-size-default\"><font face=\"Open Sans, sans-serif\"><span style=\"font-size: 14.6667px\">Postgrado de especializaci\u00f3n<\/span><\/font><\/h4>\t\t\t\t<\/div>\n\t\t\t\t<\/div>\n\t\t\t\t<div class=\"elementor-element elementor-element-b24af56 elementor-widget elementor-widget-text-editor\" data-id=\"b24af56\" data-element_type=\"widget\" data-widget_type=\"text-editor.default\">\n\t\t\t\t<div class=\"elementor-widget-container\">\n\t\t\t\t\t\t\t\t\t<p><span style=\"font-family: Open Sans, sans-serif;\"><span style=\"font-size: 14.6667px; white-space: pre-wrap;\">El <a href=\"https:\/\/joseppons.com\/formacion\/curso-barberia\/\">postgrado de especializaci\u00f3n en barber\u00eda<\/a> es <strong>nuestro curso m\u00e1s avanzado<\/strong>, siendo la continuaci\u00f3n del curso de iniciaci\u00f3n. El nivel exigido para el acceso es alto, ya que las t\u00e9cnicas que se ense\u00f1an son las m\u00e1s avanzadas. Su <strong>duraci\u00f3n<\/strong> es tambi\u00e9n de <strong>seis meses<\/strong> y es <strong>ideal para aquellas personas que deseen especializarse<\/strong> en <i>barbershop<\/i>.<\/span><\/span>\u00a0<\/p>\t\t\t\t\t\t\t\t<\/div>\n\t\t\t\t<\/div>\n\t\t\t\t<div class=\"elementor-element elementor-element-e1407bd elementor-widget elementor-widget-shortcode\" data-id=\"e1407bd\" data-element_type=\"widget\" data-widget_type=\"shortcode.default\">\n\t\t\t\t<div class=\"elementor-widget-container\">\n\t\t\t\t\t\t\t<div class=\"elementor-shortcode\"><blockquote class=\"instagram-media\" data-instgrm-permalink=\"https:\/\/www.instagram.com\/p\/CMiJOyghGlK\/?utm_source=ig_embed&amp;utm_campaign=loading\" data-instgrm-version=\"13\" style=\" background:#FFF; border:0; border-radius:3px; box-shadow:0 0 1px 0 rgba(0,0,0,0.5),0 1px 10px 0 rgba(0,0,0,0.15); margin: 1px; max-width:540px; min-width:326px; padding:0; width:99.375%; width:-webkit-calc(100% - 2px); width:calc(100% - 2px);\"><div style=\"padding:16px;\"> <a href=\"https:\/\/www.instagram.com\/p\/CMiJOyghGlK\/?utm_source=ig_embed&amp;utm_campaign=loading\" style=\" background:#FFFFFF; line-height:0; padding:0 0; text-align:center; text-decoration:none; width:100%;\" target=\"_blank\"> <div style=\" display: flex; flex-direction: row; align-items: center;\"> <div style=\"background-color: #F4F4F4; border-radius: 50%; flex-grow: 0; height: 40px; margin-right: 14px; width: 40px;\"><\/div> <div style=\"display: flex; flex-direction: column; flex-grow: 1; justify-content: center;\"> <div style=\" background-color: #F4F4F4; border-radius: 4px; flex-grow: 0; height: 14px; margin-bottom: 6px; width: 100px;\"><\/div> <div style=\" background-color: #F4F4F4; border-radius: 4px; flex-grow: 0; height: 14px; width: 60px;\"><\/div><\/div><\/div><div style=\"padding: 19% 0;\"><\/div> <div style=\"display:block; height:50px; margin:0 auto 12px; width:50px;\"><svg width=\"50px\" height=\"50px\" viewBox=\"0 0 60 60\" version=\"1.1\" xmlns=\"https:\/\/www.w3.org\/2000\/svg\" xmlns:xlink=\"https:\/\/www.w3.org\/1999\/xlink\"><g stroke=\"none\" stroke-width=\"1\" fill=\"none\" fill-rule=\"evenodd\"><g transform=\"translate(-511.000000, -20.000000)\" fill=\"#000000\"><g><path d=\"M556.869,30.41 C554.814,30.41 553.148,32.076 553.148,34.131 C553.148,36.186 554.814,37.852 556.869,37.852 C558.924,37.852 560.59,36.186 560.59,34.131 C560.59,32.076 558.924,30.41 556.869,30.41 M541,60.657 C535.114,60.657 530.342,55.887 530.342,50 C530.342,44.114 535.114,39.342 541,39.342 C546.887,39.342 551.658,44.114 551.658,50 C551.658,55.887 546.887,60.657 541,60.657 M541,33.886 C532.1,33.886 524.886,41.1 524.886,50 C524.886,58.899 532.1,66.113 541,66.113 C549.9,66.113 557.115,58.899 557.115,50 C557.115,41.1 549.9,33.886 541,33.886 M565.378,62.101 C565.244,65.022 564.756,66.606 564.346,67.663 C563.803,69.06 563.154,70.057 562.106,71.106 C561.058,72.155 560.06,72.803 558.662,73.347 C557.607,73.757 556.021,74.244 553.102,74.378 C549.944,74.521 548.997,74.552 541,74.552 C533.003,74.552 532.056,74.521 528.898,74.378 C525.979,74.244 524.393,73.757 523.338,73.347 C521.94,72.803 520.942,72.155 519.894,71.106 C518.846,70.057 518.197,69.06 517.654,67.663 C517.244,66.606 516.755,65.022 516.623,62.101 C516.479,58.943 516.448,57.996 516.448,50 C516.448,42.003 516.479,41.056 516.623,37.899 C516.755,34.978 517.244,33.391 517.654,32.338 C518.197,30.938 518.846,29.942 519.894,28.894 C520.942,27.846 521.94,27.196 523.338,26.654 C524.393,26.244 525.979,25.756 528.898,25.623 C532.057,25.479 533.004,25.448 541,25.448 C548.997,25.448 549.943,25.479 553.102,25.623 C556.021,25.756 557.607,26.244 558.662,26.654 C560.06,27.196 561.058,27.846 562.106,28.894 C563.154,29.942 563.803,30.938 564.346,32.338 C564.756,33.391 565.244,34.978 565.378,37.899 C565.522,41.056 565.552,42.003 565.552,50 C565.552,57.996 565.522,58.943 565.378,62.101 M570.82,37.631 C570.674,34.438 570.167,32.258 569.425,30.349 C568.659,28.377 567.633,26.702 565.965,25.035 C564.297,23.368 562.623,22.342 560.652,21.575 C558.743,20.834 556.562,20.326 553.369,20.18 C550.169,20.033 549.148,20 541,20 C532.853,20 531.831,20.033 528.631,20.18 C525.438,20.326 523.257,20.834 521.349,21.575 C519.376,22.342 517.703,23.368 516.035,25.035 C514.368,26.702 513.342,28.377 512.574,30.349 C511.834,32.258 511.326,34.438 511.181,37.631 C511.035,40.831 511,41.851 511,50 C511,58.147 511.035,59.17 511.181,62.369 C511.326,65.562 511.834,67.743 512.574,69.651 C513.342,71.625 514.368,73.296 516.035,74.965 C517.703,76.634 519.376,77.658 521.349,78.425 C523.257,79.167 525.438,79.673 528.631,79.82 C531.831,79.965 532.853,80.001 541,80.001 C549.148,80.001 550.169,79.965 553.369,79.82 C556.562,79.673 558.743,79.167 560.652,78.425 C562.623,77.658 564.297,76.634 565.965,74.965 C567.633,73.296 568.659,71.625 569.425,69.651 C570.167,67.743 570.674,65.562 570.82,62.369 C570.966,59.17 571,58.147 571,50 C571,41.851 570.966,40.831 570.82,37.631\"><\/path><\/g><\/g><\/g><\/svg><\/div><div style=\"padding-top: 8px;\"> <div style=\" color:#3897f0; font-family:Arial,sans-serif; font-size:14px; font-style:normal; font-weight:550; line-height:18px;\"> Ver esta publicaci\u00f3n en Instagram<\/div><\/div><div style=\"padding: 12.5% 0;\"><\/div> <div style=\"display: flex; flex-direction: row; margin-bottom: 14px; align-items: center;\"><div> <div style=\"background-color: #F4F4F4; border-radius: 50%; height: 12.5px; width: 12.5px; transform: translateX(0px) translateY(7px);\"><\/div> <div style=\"background-color: #F4F4F4; height: 12.5px; transform: rotate(-45deg) translateX(3px) translateY(1px); width: 12.5px; flex-grow: 0; margin-right: 14px; margin-left: 2px;\"><\/div> <div style=\"background-color: #F4F4F4; border-radius: 50%; height: 12.5px; width: 12.5px; transform: translateX(9px) translateY(-18px);\"><\/div><\/div><div style=\"margin-left: 8px;\"> <div style=\" background-color: #F4F4F4; border-radius: 50%; flex-grow: 0; height: 20px; width: 20px;\"><\/div> <div style=\" width: 0; height: 0; border-top: 2px solid transparent; border-left: 6px solid #f4f4f4; border-bottom: 2px solid transparent; transform: translateX(16px) translateY(-4px) rotate(30deg)\"><\/div><\/div><div style=\"margin-left: auto;\"> <div style=\" width: 0px; border-top: 8px solid #F4F4F4; border-right: 8px solid transparent; transform: translateY(16px);\"><\/div> <div style=\" background-color: #F4F4F4; flex-grow: 0; height: 12px; width: 16px; transform: translateY(-4px);\"><\/div> <div style=\" width: 0; height: 0; border-top: 8px solid #F4F4F4; border-left: 8px solid transparent; transform: translateY(-4px) translateX(8px);\"><\/div><\/div><\/div> <div style=\"display: flex; flex-direction: column; flex-grow: 1; justify-content: center; margin-bottom: 24px;\"> <div style=\" background-color: #F4F4F4; border-radius: 4px; flex-grow: 0; height: 14px; margin-bottom: 6px; width: 224px;\"><\/div> <div style=\" background-color: #F4F4F4; border-radius: 4px; flex-grow: 0; height: 14px; width: 144px;\"><\/div><\/div><\/a><p style=\" color:#c9c8cd; font-family:Arial,sans-serif; font-size:14px; line-height:17px; margin-bottom:0; margin-top:8px; overflow:hidden; padding:8px 0 7px; text-align:center; text-overflow:ellipsis; white-space:nowrap;\"><a href=\"https:\/\/www.instagram.com\/p\/CMiJOyghGlK\/?utm_source=ig_embed&amp;utm_campaign=loading\" style=\" color:#c9c8cd; font-family:Arial,sans-serif; font-size:14px; font-style:normal; font-weight:normal; line-height:17px; text-decoration:none;\" target=\"_blank\">Una publicaci\u00f3n compartida de Josep Pons Formacio\u0301n (@ponsformacion)<\/a><\/p><\/div><\/blockquote> <script async src=\"\/\/www.instagram.com\/embed.js\"><\/script><\/div>\n\t\t\t\t\t\t<\/div>\n\t\t\t\t<\/div>\n\t\t\t\t\t<\/div>\n\t\t<\/div>\n\t\t\t\t\t<\/div>\n\t\t<\/section>\n\t\t\t\t<section class=\"elementor-section elementor-top-section elementor-element elementor-element-d0d77e6 elementor-section-boxed elementor-section-height-default elementor-section-height-default\" data-id=\"d0d77e6\" data-element_type=\"section\">\n\t\t\t\t\t\t<div class=\"elementor-container elementor-column-gap-default\">\n\t\t\t\t\t<div class=\"elementor-column elementor-col-100 elementor-top-column elementor-element elementor-element-a430692\" data-id=\"a430692\" data-element_type=\"column\">\n\t\t\t<div class=\"elementor-widget-wrap elementor-element-populated\">\n\t\t\t\t\t\t<div class=\"elementor-element elementor-element-b3140f8 elementor-widget elementor-widget-text-editor\" data-id=\"b3140f8\" data-element_type=\"widget\" data-widget_type=\"text-editor.default\">\n\t\t\t\t<div class=\"elementor-widget-container\">\n\t\t\t\t\t\t\t\t\t<p><span style=\"font-family: Open Sans, sans-serif;\"><span style=\"font-size: 14.6667px; white-space: pre-wrap;\"><strong>La especializaci\u00f3n es cada vez m\u00e1s importante en el sector de la imagen personal. <\/strong>Muchos estilistas optan por hacerlo, como los <a href=\"https:\/\/joseppons.com\/formacion\/peluqueria-en-television\/\">peluqueros en televisi\u00f3n<\/a> o los <a href=\"https:\/\/joseppons.com\/formacion\/trabajar-en-el-campo-de-la-cosmetologia-capilar\/\">cosmet\u00f3logos<\/a>. La barber\u00eda ha sido una disciplina hist\u00f3rica que sigue en nuestro d\u00eda a d\u00eda, ofreciendo un futuro laboral muy interesante a los que deciden especializarse. <b>\u00a1Barba s\u00ed, pero siempre controlada!<\/b><\/span><\/span><\/p><div>\u00a0<\/div>\t\t\t\t\t\t\t\t<\/div>\n\t\t\t\t<\/div>\n\t\t\t\t\t<\/div>\n\t\t<\/div>\n\t\t\t\t\t<\/div>\n\t\t<\/section>\n\t\t\t\t<\/div>\n\t\t","protected":false},"excerpt":{"rendered":"<p>La barber\u00eda es un oficio cuya existencia se remonta a la antig\u00fcedad. En las grandes civilizaciones antiguas, Grecia, Roma y Egipto, los barberos gozaban de un gran reconocimiento social y se encargaban de todo tipo de servicios: corte, afeitado y estilismo del cabello masculino. Tantos a\u00f1os de historia y tradici\u00f3n han contribuido a mejorar la&#8230;<\/p>\n","protected":false},"author":6,"featured_media":6971,"comment_status":"open","ping_status":"closed","sticky":false,"template":"","format":"standard","meta":{"_joinchat":[],"footnotes":""},"categories":[6,137,461,101],"tags":[138,23,362,441,516],"class_list":["post-6969","post","type-post","status-publish","format-standard","has-post-thumbnail","hentry","category-actualidad","category-barberia","category-especializaciones","category-grados-y-cursos","tag-barberia","tag-cursos","tag-especializacion-barberia","tag-estudiar-en-josep-pons","tag-salon-de-barberia"],"yoast_head":"<!-- This site is optimized with the Yoast SEO plugin v26.7 - https:\/\/yoast.com\/wordpress\/plugins\/seo\/ -->\n<title>El afeitado en una barber\u00eda - Josep Pons Formaci\u00f3n<\/title>\n<meta name=\"description\" content=\"Una de nuestras barbers expertas y profesora de los cursos de especializaci\u00f3n en Barber\u00eda te explica la rutina del afeitado que...\" \/>\n<meta name=\"robots\" content=\"index, follow, max-snippet:-1, max-image-preview:large, max-video-preview:-1\" \/>\n<link rel=\"canonical\" href=\"https:\/\/joseppons.com\/formacion\/el-afeitado-en-una-barberia\/\" \/>\n<meta property=\"og:locale\" content=\"es_ES\" \/>\n<meta property=\"og:type\" content=\"article\" \/>\n<meta property=\"og:title\" content=\"El afeitado en una barber\u00eda - Josep Pons Formaci\u00f3n\" \/>\n<meta property=\"og:description\" content=\"Una de nuestras barbers expertas y profesora de los cursos de especializaci\u00f3n en Barber\u00eda te explica la rutina del afeitado que...\" \/>\n<meta property=\"og:url\" content=\"https:\/\/joseppons.com\/formacion\/el-afeitado-en-una-barberia\/\" \/>\n<meta property=\"og:site_name\" content=\"Josep Pons Formaci\u00f3n\" \/>\n<meta property=\"article:publisher\" content=\"https:\/\/es-es.facebook.com\/JosepPonsFormacio\/\" \/>\n<meta property=\"article:published_time\" content=\"2021-09-23T08:00:54+00:00\" \/>\n<meta property=\"og:image\" content=\"https:\/\/joseppons.com\/formacion\/wp-content\/uploads\/2021\/09\/portada-afeitado.jpg\" \/>\n\t<meta property=\"og:image:width\" content=\"1680\" \/>\n\t<meta property=\"og:image:height\" content=\"1120\" \/>\n\t<meta property=\"og:image:type\" content=\"image\/jpeg\" \/>\n<meta name=\"author\" content=\"Comunicaci\u00f3n\" \/>\n<meta name=\"twitter:card\" content=\"summary_large_image\" \/>\n<meta name=\"twitter:creator\" content=\"@josepponsimatge\" \/>\n<meta name=\"twitter:site\" content=\"@josepponsimatge\" \/>\n<meta name=\"twitter:label1\" content=\"Escrito por\" \/>\n\t<meta name=\"twitter:data1\" content=\"Comunicaci\u00f3n\" \/>\n\t<meta name=\"twitter:label2\" content=\"Tiempo de lectura\" \/>\n\t<meta name=\"twitter:data2\" content=\"6 minutos\" \/>\n<script type=\"application\/ld+json\" class=\"yoast-schema-graph\">{\"@context\":\"https:\/\/schema.org\",\"@graph\":[{\"@type\":\"Article\",\"@id\":\"https:\/\/joseppons.com\/formacion\/el-afeitado-en-una-barberia\/#article\",\"isPartOf\":{\"@id\":\"https:\/\/joseppons.com\/formacion\/el-afeitado-en-una-barberia\/\"},\"author\":{\"name\":\"Comunicaci\u00f3n\",\"@id\":\"https:\/\/joseppons.com\/formacion\/#\/schema\/person\/5bcd14ff97d0c75b868e8577fd59c2a4\"},\"headline\":\"El afeitado en una barber\u00eda\",\"datePublished\":\"2021-09-23T08:00:54+00:00\",\"mainEntityOfPage\":{\"@id\":\"https:\/\/joseppons.com\/formacion\/el-afeitado-en-una-barberia\/\"},\"wordCount\":1303,\"commentCount\":2,\"publisher\":{\"@id\":\"https:\/\/joseppons.com\/formacion\/#organization\"},\"image\":{\"@id\":\"https:\/\/joseppons.com\/formacion\/el-afeitado-en-una-barberia\/#primaryimage\"},\"thumbnailUrl\":\"https:\/\/joseppons.com\/formacion\/wp-content\/uploads\/2021\/09\/portada-afeitado.jpg\",\"keywords\":[\"Barber\u00eda\",\"cursos\",\"Especializaci\u00f3n Barber\u00eda\",\"Estudiar en Josep Pons\",\"Sal\u00f3n de barber\u00eda\"],\"articleSection\":[\"Actualidad\",\"Barber\u00eda\",\"Especializaciones\",\"Grados y cursos\"],\"inLanguage\":\"es\",\"potentialAction\":[{\"@type\":\"CommentAction\",\"name\":\"Comment\",\"target\":[\"https:\/\/joseppons.com\/formacion\/el-afeitado-en-una-barberia\/#respond\"]}]},{\"@type\":\"WebPage\",\"@id\":\"https:\/\/joseppons.com\/formacion\/el-afeitado-en-una-barberia\/\",\"url\":\"https:\/\/joseppons.com\/formacion\/el-afeitado-en-una-barberia\/\",\"name\":\"El afeitado en una barber\u00eda - Josep Pons Formaci\u00f3n\",\"isPartOf\":{\"@id\":\"https:\/\/joseppons.com\/formacion\/#website\"},\"primaryImageOfPage\":{\"@id\":\"https:\/\/joseppons.com\/formacion\/el-afeitado-en-una-barberia\/#primaryimage\"},\"image\":{\"@id\":\"https:\/\/joseppons.com\/formacion\/el-afeitado-en-una-barberia\/#primaryimage\"},\"thumbnailUrl\":\"https:\/\/joseppons.com\/formacion\/wp-content\/uploads\/2021\/09\/portada-afeitado.jpg\",\"datePublished\":\"2021-09-23T08:00:54+00:00\",\"description\":\"Una de nuestras barbers expertas y profesora de los cursos de especializaci\u00f3n en Barber\u00eda te explica la rutina del afeitado que...\",\"breadcrumb\":{\"@id\":\"https:\/\/joseppons.com\/formacion\/el-afeitado-en-una-barberia\/#breadcrumb\"},\"inLanguage\":\"es\",\"potentialAction\":[{\"@type\":\"ReadAction\",\"target\":[\"https:\/\/joseppons.com\/formacion\/el-afeitado-en-una-barberia\/\"]}]},{\"@type\":\"ImageObject\",\"inLanguage\":\"es\",\"@id\":\"https:\/\/joseppons.com\/formacion\/el-afeitado-en-una-barberia\/#primaryimage\",\"url\":\"https:\/\/joseppons.com\/formacion\/wp-content\/uploads\/2021\/09\/portada-afeitado.jpg\",\"contentUrl\":\"https:\/\/joseppons.com\/formacion\/wp-content\/uploads\/2021\/09\/portada-afeitado.jpg\",\"width\":1680,\"height\":1120,\"caption\":\"afeitado en barber\u00eda\"},{\"@type\":\"BreadcrumbList\",\"@id\":\"https:\/\/joseppons.com\/formacion\/el-afeitado-en-una-barberia\/#breadcrumb\",\"itemListElement\":[{\"@type\":\"ListItem\",\"position\":1,\"name\":\"Portada\",\"item\":\"https:\/\/joseppons.com\/formacion\/\"},{\"@type\":\"ListItem\",\"position\":2,\"name\":\"El afeitado en una barber\u00eda\"}]},{\"@type\":\"WebSite\",\"@id\":\"https:\/\/joseppons.com\/formacion\/#website\",\"url\":\"https:\/\/joseppons.com\/formacion\/\",\"name\":\"Josep Pons Formaci\u00f3n\",\"description\":\"\",\"publisher\":{\"@id\":\"https:\/\/joseppons.com\/formacion\/#organization\"},\"potentialAction\":[{\"@type\":\"SearchAction\",\"target\":{\"@type\":\"EntryPoint\",\"urlTemplate\":\"https:\/\/joseppons.com\/formacion\/?s={search_term_string}\"},\"query-input\":{\"@type\":\"PropertyValueSpecification\",\"valueRequired\":true,\"valueName\":\"search_term_string\"}}],\"inLanguage\":\"es\"},{\"@type\":\"Organization\",\"@id\":\"https:\/\/joseppons.com\/formacion\/#organization\",\"name\":\"Josep Pons\",\"url\":\"https:\/\/joseppons.com\/formacion\/\",\"logo\":{\"@type\":\"ImageObject\",\"inLanguage\":\"es\",\"@id\":\"https:\/\/joseppons.com\/formacion\/#\/schema\/logo\/image\/\",\"url\":\"https:\/\/joseppons.com\/formacion\/wp-content\/uploads\/2018\/09\/logotipo-home-josepponsformacio-1.png\",\"contentUrl\":\"https:\/\/joseppons.com\/formacion\/wp-content\/uploads\/2018\/09\/logotipo-home-josepponsformacio-1.png\",\"width\":420,\"height\":280,\"caption\":\"Josep Pons\"},\"image\":{\"@id\":\"https:\/\/joseppons.com\/formacion\/#\/schema\/logo\/image\/\"},\"sameAs\":[\"https:\/\/es-es.facebook.com\/JosepPonsFormacio\/\",\"https:\/\/x.com\/josepponsimatge\",\"https:\/\/www.instagram.com\/ponsformacion\/\"]},{\"@type\":\"Person\",\"@id\":\"https:\/\/joseppons.com\/formacion\/#\/schema\/person\/5bcd14ff97d0c75b868e8577fd59c2a4\",\"name\":\"Comunicaci\u00f3n\"}]}<\/script>\n<!-- \/ Yoast SEO plugin. -->","yoast_head_json":{"title":"El afeitado en una barber\u00eda - Josep Pons Formaci\u00f3n","description":"Una de nuestras barbers expertas y profesora de los cursos de especializaci\u00f3n en Barber\u00eda te explica la rutina del afeitado que...","robots":{"index":"index","follow":"follow","max-snippet":"max-snippet:-1","max-image-preview":"max-image-preview:large","max-video-preview":"max-video-preview:-1"},"canonical":"https:\/\/joseppons.com\/formacion\/el-afeitado-en-una-barberia\/","og_locale":"es_ES","og_type":"article","og_title":"El afeitado en una barber\u00eda - Josep Pons Formaci\u00f3n","og_description":"Una de nuestras barbers expertas y profesora de los cursos de especializaci\u00f3n en Barber\u00eda te explica la rutina del afeitado que...","og_url":"https:\/\/joseppons.com\/formacion\/el-afeitado-en-una-barberia\/","og_site_name":"Josep Pons Formaci\u00f3n","article_publisher":"https:\/\/es-es.facebook.com\/JosepPonsFormacio\/","article_published_time":"2021-09-23T08:00:54+00:00","og_image":[{"width":1680,"height":1120,"url":"https:\/\/joseppons.com\/formacion\/wp-content\/uploads\/2021\/09\/portada-afeitado.jpg","type":"image\/jpeg"}],"author":"Comunicaci\u00f3n","twitter_card":"summary_large_image","twitter_creator":"@josepponsimatge","twitter_site":"@josepponsimatge","twitter_misc":{"Escrito por":"Comunicaci\u00f3n","Tiempo de lectura":"6 minutos"},"schema":{"@context":"https:\/\/schema.org","@graph":[{"@type":"Article","@id":"https:\/\/joseppons.com\/formacion\/el-afeitado-en-una-barberia\/#article","isPartOf":{"@id":"https:\/\/joseppons.com\/formacion\/el-afeitado-en-una-barberia\/"},"author":{"name":"Comunicaci\u00f3n","@id":"https:\/\/joseppons.com\/formacion\/#\/schema\/person\/5bcd14ff97d0c75b868e8577fd59c2a4"},"headline":"El afeitado en una barber\u00eda","datePublished":"2021-09-23T08:00:54+00:00","mainEntityOfPage":{"@id":"https:\/\/joseppons.com\/formacion\/el-afeitado-en-una-barberia\/"},"wordCount":1303,"commentCount":2,"publisher":{"@id":"https:\/\/joseppons.com\/formacion\/#organization"},"image":{"@id":"https:\/\/joseppons.com\/formacion\/el-afeitado-en-una-barberia\/#primaryimage"},"thumbnailUrl":"https:\/\/joseppons.com\/formacion\/wp-content\/uploads\/2021\/09\/portada-afeitado.jpg","keywords":["Barber\u00eda","cursos","Especializaci\u00f3n Barber\u00eda","Estudiar en Josep Pons","Sal\u00f3n de barber\u00eda"],"articleSection":["Actualidad","Barber\u00eda","Especializaciones","Grados y cursos"],"inLanguage":"es","potentialAction":[{"@type":"CommentAction","name":"Comment","target":["https:\/\/joseppons.com\/formacion\/el-afeitado-en-una-barberia\/#respond"]}]},{"@type":"WebPage","@id":"https:\/\/joseppons.com\/formacion\/el-afeitado-en-una-barberia\/","url":"https:\/\/joseppons.com\/formacion\/el-afeitado-en-una-barberia\/","name":"El afeitado en una barber\u00eda - Josep Pons Formaci\u00f3n","isPartOf":{"@id":"https:\/\/joseppons.com\/formacion\/#website"},"primaryImageOfPage":{"@id":"https:\/\/joseppons.com\/formacion\/el-afeitado-en-una-barberia\/#primaryimage"},"image":{"@id":"https:\/\/joseppons.com\/formacion\/el-afeitado-en-una-barberia\/#primaryimage"},"thumbnailUrl":"https:\/\/joseppons.com\/formacion\/wp-content\/uploads\/2021\/09\/portada-afeitado.jpg","datePublished":"2021-09-23T08:00:54+00:00","description":"Una de nuestras barbers expertas y profesora de los cursos de especializaci\u00f3n en Barber\u00eda te explica la rutina del afeitado que...","breadcrumb":{"@id":"https:\/\/joseppons.com\/formacion\/el-afeitado-en-una-barberia\/#breadcrumb"},"inLanguage":"es","potentialAction":[{"@type":"ReadAction","target":["https:\/\/joseppons.com\/formacion\/el-afeitado-en-una-barberia\/"]}]},{"@type":"ImageObject","inLanguage":"es","@id":"https:\/\/joseppons.com\/formacion\/el-afeitado-en-una-barberia\/#primaryimage","url":"https:\/\/joseppons.com\/formacion\/wp-content\/uploads\/2021\/09\/portada-afeitado.jpg","contentUrl":"https:\/\/joseppons.com\/formacion\/wp-content\/uploads\/2021\/09\/portada-afeitado.jpg","width":1680,"height":1120,"caption":"afeitado en barber\u00eda"},{"@type":"BreadcrumbList","@id":"https:\/\/joseppons.com\/formacion\/el-afeitado-en-una-barberia\/#breadcrumb","itemListElement":[{"@type":"ListItem","position":1,"name":"Portada","item":"https:\/\/joseppons.com\/formacion\/"},{"@type":"ListItem","position":2,"name":"El afeitado en una barber\u00eda"}]},{"@type":"WebSite","@id":"https:\/\/joseppons.com\/formacion\/#website","url":"https:\/\/joseppons.com\/formacion\/","name":"Josep Pons Formaci\u00f3n","description":"","publisher":{"@id":"https:\/\/joseppons.com\/formacion\/#organization"},"potentialAction":[{"@type":"SearchAction","target":{"@type":"EntryPoint","urlTemplate":"https:\/\/joseppons.com\/formacion\/?s={search_term_string}"},"query-input":{"@type":"PropertyValueSpecification","valueRequired":true,"valueName":"search_term_string"}}],"inLanguage":"es"},{"@type":"Organization","@id":"https:\/\/joseppons.com\/formacion\/#organization","name":"Josep Pons","url":"https:\/\/joseppons.com\/formacion\/","logo":{"@type":"ImageObject","inLanguage":"es","@id":"https:\/\/joseppons.com\/formacion\/#\/schema\/logo\/image\/","url":"https:\/\/joseppons.com\/formacion\/wp-content\/uploads\/2018\/09\/logotipo-home-josepponsformacio-1.png","contentUrl":"https:\/\/joseppons.com\/formacion\/wp-content\/uploads\/2018\/09\/logotipo-home-josepponsformacio-1.png","width":420,"height":280,"caption":"Josep Pons"},"image":{"@id":"https:\/\/joseppons.com\/formacion\/#\/schema\/logo\/image\/"},"sameAs":["https:\/\/es-es.facebook.com\/JosepPonsFormacio\/","https:\/\/x.com\/josepponsimatge","https:\/\/www.instagram.com\/ponsformacion\/"]},{"@type":"Person","@id":"https:\/\/joseppons.com\/formacion\/#\/schema\/person\/5bcd14ff97d0c75b868e8577fd59c2a4","name":"Comunicaci\u00f3n"}]}},"_links":{"self":[{"href":"https:\/\/joseppons.com\/formacion\/wp-json\/wp\/v2\/posts\/6969","targetHints":{"allow":["GET"]}}],"collection":[{"href":"https:\/\/joseppons.com\/formacion\/wp-json\/wp\/v2\/posts"}],"about":[{"href":"https:\/\/joseppons.com\/formacion\/wp-json\/wp\/v2\/types\/post"}],"author":[{"embeddable":true,"href":"https:\/\/joseppons.com\/formacion\/wp-json\/wp\/v2\/users\/6"}],"replies":[{"embeddable":true,"href":"https:\/\/joseppons.com\/formacion\/wp-json\/wp\/v2\/comments?post=6969"}],"version-history":[{"count":0,"href":"https:\/\/joseppons.com\/formacion\/wp-json\/wp\/v2\/posts\/6969\/revisions"}],"wp:featuredmedia":[{"embeddable":true,"href":"https:\/\/joseppons.com\/formacion\/wp-json\/wp\/v2\/media\/6971"}],"wp:attachment":[{"href":"https:\/\/joseppons.com\/formacion\/wp-json\/wp\/v2\/media?parent=6969"}],"wp:term":[{"taxonomy":"category","embeddable":true,"href":"https:\/\/joseppons.com\/formacion\/wp-json\/wp\/v2\/categories?post=6969"},{"taxonomy":"post_tag","embeddable":true,"href":"https:\/\/joseppons.com\/formacion\/wp-json\/wp\/v2\/tags?post=6969"}],"curies":[{"name":"wp","href":"https:\/\/api.w.org\/{rel}","templated":true}]}}