{"id":6811,"date":"2021-09-16T16:14:39","date_gmt":"2021-09-16T14:14:39","guid":{"rendered":"https:\/\/joseppons.com\/formacion\/?p=6811"},"modified":"2025-11-10T08:44:12","modified_gmt":"2025-11-10T07:44:12","slug":"las-unas-de-moda-de-este-otono-invierno","status":"publish","type":"post","link":"https:\/\/joseppons.com\/formacion\/las-unas-de-moda-de-este-otono-invierno\/","title":{"rendered":"Las u\u00f1as de moda de este oto\u00f1o-invierno"},"content":{"rendered":"\t\t<div data-elementor-type=\"wp-post\" data-elementor-id=\"6811\" class=\"elementor elementor-6811\" data-elementor-post-type=\"post\">\n\t\t\t\t\t\t<section class=\"elementor-section elementor-top-section elementor-element elementor-element-12ea239 elementor-section-boxed elementor-section-height-default elementor-section-height-default\" data-id=\"12ea239\" data-element_type=\"section\">\n\t\t\t\t\t\t<div class=\"elementor-container elementor-column-gap-default\">\n\t\t\t\t\t<div class=\"elementor-column elementor-col-100 elementor-top-column elementor-element elementor-element-1ef48f8\" data-id=\"1ef48f8\" data-element_type=\"column\">\n\t\t\t<div class=\"elementor-widget-wrap elementor-element-populated\">\n\t\t\t\t\t\t<div class=\"elementor-element elementor-element-14d2b63 elementor-widget elementor-widget-text-editor\" data-id=\"14d2b63\" data-element_type=\"widget\" data-widget_type=\"text-editor.default\">\n\t\t\t\t<div class=\"elementor-widget-container\">\n\t\t\t\t\t\t\t\t\t<p><span style=\"font-family: Open Sans, sans-serif;\"><span style=\"font-size: 14.6667px; white-space: pre-wrap;\"><b>Las manos dicen muchas cosas sobre nosotros.<\/b> Una manicura bien cuidada es la mejor carta de presentaci\u00f3n, indicando que somos personas cuidadosas y detallistas. Adem\u00e1s, igual que sucede con la moda, <b>las u\u00f1as pueden mostrar c\u00f3mo es nuestra personalidad y estilo<\/b>. En este post te traemos las u\u00f1as de moda para esta temporada oto\u00f1o-invierno. <\/span><\/span><\/p><p><span style=\"font-family: Open Sans, sans-serif;\"><span style=\"font-size: 14.6667px; white-space: pre-wrap;\"><b>Las u\u00f1as son <i>trendy<\/i><\/b>. Ya hace varios a\u00f1os que artistas como Rosal\u00eda las pusieron en el foco y ahora forman parte del estilismo, siendo un complemento m\u00e1s. Parece que las <i>celebrities<\/i> compiten para ver qui\u00e9n las lleva m\u00e1s llamativas y <b>los negocios enfocados al dise\u00f1o de u\u00f1as han proliferado exitosamente en las grandes ciudades<\/b>. <\/span><\/span><\/p><p><span style=\"font-family: Open Sans, sans-serif;\"><span style=\"font-size: 14.6667px; white-space: pre-wrap;\">Este \u00e9xito no nos asombra, ya que en la <a href=\"https:\/\/joseppons.com\/formacion\/\"><b>academia Josep Pons<\/b><\/a> siempre hemos valorado la imagen personal como un aspecto fundamental del ser. Nos gusta valorar la est\u00e9tica y su funci\u00f3n imprescindible en nuestra socializaci\u00f3n, y as\u00ed lo transmitimos a nuestros alumnos del <a href=\"https:\/\/joseppons.com\/formacion\/grado-medio-de-estetica-y-belleza\/\"><b>Grado Medio de Est\u00e9tica y Belleza<\/b><\/a>. <\/span><\/span><\/p>\t\t\t\t\t\t\t\t<\/div>\n\t\t\t\t<\/div>\n\t\t\t\t\t<\/div>\n\t\t<\/div>\n\t\t\t\t\t<\/div>\n\t\t<\/section>\n\t\t\t\t<section class=\"elementor-section elementor-top-section elementor-element elementor-element-2820166 elementor-section-boxed elementor-section-height-default elementor-section-height-default\" data-id=\"2820166\" data-element_type=\"section\">\n\t\t\t\t\t\t<div class=\"elementor-container elementor-column-gap-default\">\n\t\t\t\t\t<div class=\"elementor-column elementor-col-100 elementor-top-column elementor-element elementor-element-62ddd91\" data-id=\"62ddd91\" data-element_type=\"column\">\n\t\t\t<div class=\"elementor-widget-wrap elementor-element-populated\">\n\t\t\t\t\t\t<div class=\"elementor-element elementor-element-e724875 elementor-widget elementor-widget-heading\" data-id=\"e724875\" data-element_type=\"widget\" data-widget_type=\"heading.default\">\n\t\t\t\t<div class=\"elementor-widget-container\">\n\t\t\t\t\t<h2 class=\"elementor-heading-title elementor-size-default\">Una manicura para cada persona\n<\/h2>\t\t\t\t<\/div>\n\t\t\t\t<\/div>\n\t\t\t\t\t<\/div>\n\t\t<\/div>\n\t\t\t\t\t<\/div>\n\t\t<\/section>\n\t\t\t\t<section class=\"elementor-section elementor-top-section elementor-element elementor-element-afe3f95 elementor-section-boxed elementor-section-height-default elementor-section-height-default\" data-id=\"afe3f95\" data-element_type=\"section\">\n\t\t\t\t\t\t<div class=\"elementor-container elementor-column-gap-default\">\n\t\t\t\t\t<div class=\"elementor-column elementor-col-100 elementor-top-column elementor-element elementor-element-cccdabf\" data-id=\"cccdabf\" data-element_type=\"column\">\n\t\t\t<div class=\"elementor-widget-wrap elementor-element-populated\">\n\t\t\t\t\t\t<div class=\"elementor-element elementor-element-a2bd918 elementor-widget elementor-widget-text-editor\" data-id=\"a2bd918\" data-element_type=\"widget\" data-widget_type=\"text-editor.default\">\n\t\t\t\t<div class=\"elementor-widget-container\">\n\t\t\t\t\t\t\t\t\t<p><span style=\"font-family: Open Sans, sans-serif;\"><span style=\"font-size: 14.6667px; white-space: pre-wrap;\"><b>Antes de hacerte la manicura es fundamental que analices qu\u00e9 tipo de u\u00f1as son las m\u00e1s adecuadas para ti<\/b>. Cada persona es un mundo y tiene un estilo de vida muy variable. Si te gusta cambiar el dise\u00f1o cada semana o si necesitas que las u\u00f1as sean muy resistentes son factores que deber\u00edas tener en cuenta al elegir qu\u00e9 tipo de manicura hacerte.<\/span><\/span><\/p>\t\t\t\t\t\t\t\t<\/div>\n\t\t\t\t<\/div>\n\t\t\t\t<div class=\"elementor-element elementor-element-2da08bf elementor-widget elementor-widget-image\" data-id=\"2da08bf\" data-element_type=\"widget\" data-widget_type=\"image.default\">\n\t\t\t\t<div class=\"elementor-widget-container\">\n\t\t\t\t\t\t\t\t\t\t\t\t\t\t\t<img fetchpriority=\"high\" decoding=\"async\" width=\"1459\" height=\"974\" src=\"https:\/\/joseppons.com\/formacion\/wp-content\/uploads\/2021\/09\/esmaltado-clasico.jpg\" class=\"attachment-large size-large wp-image-6870\" alt=\"esmaltado clasico\" srcset=\"https:\/\/joseppons.com\/formacion\/wp-content\/uploads\/2021\/09\/esmaltado-clasico.jpg 1459w, https:\/\/joseppons.com\/formacion\/wp-content\/uploads\/2021\/09\/esmaltado-clasico-768x513.jpg 768w\" sizes=\"(max-width: 1459px) 100vw, 1459px\" \/>\t\t\t\t\t\t\t\t\t\t\t\t\t\t\t<\/div>\n\t\t\t\t<\/div>\n\t\t\t\t\t<\/div>\n\t\t<\/div>\n\t\t\t\t\t<\/div>\n\t\t<\/section>\n\t\t\t\t<section class=\"elementor-section elementor-top-section elementor-element elementor-element-92d073e elementor-section-boxed elementor-section-height-default elementor-section-height-default\" data-id=\"92d073e\" data-element_type=\"section\">\n\t\t\t\t\t\t<div class=\"elementor-container elementor-column-gap-default\">\n\t\t\t\t\t<div class=\"elementor-column elementor-col-100 elementor-top-column elementor-element elementor-element-fa54d35\" data-id=\"fa54d35\" data-element_type=\"column\">\n\t\t\t<div class=\"elementor-widget-wrap elementor-element-populated\">\n\t\t\t\t\t\t<div class=\"elementor-element elementor-element-52f8167 elementor-widget elementor-widget-heading\" data-id=\"52f8167\" data-element_type=\"widget\" data-widget_type=\"heading.default\">\n\t\t\t\t<div class=\"elementor-widget-container\">\n\t\t\t\t\t<h4 class=\"elementor-heading-title elementor-size-default\"><font face=\"Open Sans, sans-serif\"><span style=\"font-size: 14.6667px\">Esmaltado cl\u00e1sico<\/span><\/font><\/h4>\t\t\t\t<\/div>\n\t\t\t\t<\/div>\n\t\t\t\t<div class=\"elementor-element elementor-element-ff9892a elementor-widget elementor-widget-text-editor\" data-id=\"ff9892a\" data-element_type=\"widget\" data-widget_type=\"text-editor.default\">\n\t\t\t\t<div class=\"elementor-widget-container\">\n\t\t\t\t\t\t\t\t\t<p><span style=\"font-family: Open Sans, sans-serif;\"><span style=\"font-size: 14.6667px; white-space: pre-wrap;\">El esmaltado cl\u00e1sico o tradicional <b>es el m\u00e1s com\u00fan<\/b> y extendido. El de \u201ctoda la vida\u201d y que nos hacemos en casa con un simple esmalte. Es el tipo de manicura m\u00e1s econ\u00f3mica y sencilla que existe, ya que no necesita muchos pasos ni productos. Adem\u00e1s, <b>nos ofrece la posibilidad de cambiar de color cada semana<\/b> al ser f\u00e1cil de retirar. Se trata de una manicura muy poco agresiva, pero que tiene como inconveniente su corta duraci\u00f3n (aproximadamente una semana). Es un tipo de esmaltado poco recomendado si en tu d\u00eda a d\u00eda realizas actividades que puedan desgastarlo (lavar los platos a mano, etc) porque <b>se estropea con facilidad<\/b>. Te recomendamos esta manicura si te gusta cambiar todas las semanas de estilo.<\/span><\/span><\/p>\t\t\t\t\t\t\t\t<\/div>\n\t\t\t\t<\/div>\n\t\t\t\t\t<\/div>\n\t\t<\/div>\n\t\t\t\t\t<\/div>\n\t\t<\/section>\n\t\t\t\t<section class=\"elementor-section elementor-top-section elementor-element elementor-element-a5520b9 elementor-section-boxed elementor-section-height-default elementor-section-height-default\" data-id=\"a5520b9\" data-element_type=\"section\">\n\t\t\t\t\t\t<div class=\"elementor-container elementor-column-gap-default\">\n\t\t\t\t\t<div class=\"elementor-column elementor-col-100 elementor-top-column elementor-element elementor-element-433a7f3\" data-id=\"433a7f3\" data-element_type=\"column\">\n\t\t\t<div class=\"elementor-widget-wrap elementor-element-populated\">\n\t\t\t\t\t\t<div class=\"elementor-element elementor-element-2b1e3b9 elementor-widget elementor-widget-heading\" data-id=\"2b1e3b9\" data-element_type=\"widget\" data-widget_type=\"heading.default\">\n\t\t\t\t<div class=\"elementor-widget-container\">\n\t\t\t\t\t<h4 class=\"elementor-heading-title elementor-size-default\"><font face=\"Open Sans, sans-serif\"><span style=\"font-size: 14.6667px\">Manicura semipermanente<\/span><\/font><\/h4>\t\t\t\t<\/div>\n\t\t\t\t<\/div>\n\t\t\t\t<div class=\"elementor-element elementor-element-859c8dd elementor-widget elementor-widget-text-editor\" data-id=\"859c8dd\" data-element_type=\"widget\" data-widget_type=\"text-editor.default\">\n\t\t\t\t<div class=\"elementor-widget-container\">\n\t\t\t\t\t\t\t\t\t<p><span style=\"font-family: Open Sans, sans-serif;\"><span style=\"font-size: 14.6667px; white-space: pre-wrap;\">La manicura semipermanente es un esmaltado con un <b>esmalte altamente duradero<\/b>. Se aplica igual que el esmaltado cl\u00e1sico, pero debe secarse bajo una l\u00e1mpara de rayos UVA. La principal diferencia con un esmaltado tradicional es su composici\u00f3n, que hacen que tenga una duraci\u00f3n de <b>entre 2 y 3 semanas<\/b> aproximadamente. Al ser m\u00e1s resistente, es l\u00f3gicamente m\u00e1s agresivo con las u\u00f1as. Te recomendamos esta manicura si necesitas <b>una manicura resistente a un precio asequible<\/b>. <\/span><\/span><\/p>\t\t\t\t\t\t\t\t<\/div>\n\t\t\t\t<\/div>\n\t\t\t\t\t<\/div>\n\t\t<\/div>\n\t\t\t\t\t<\/div>\n\t\t<\/section>\n\t\t\t\t<section class=\"elementor-section elementor-top-section elementor-element elementor-element-7d6c2f2 elementor-section-boxed elementor-section-height-default elementor-section-height-default\" data-id=\"7d6c2f2\" data-element_type=\"section\">\n\t\t\t\t\t\t<div class=\"elementor-container elementor-column-gap-default\">\n\t\t\t\t\t<div class=\"elementor-column elementor-col-100 elementor-top-column elementor-element elementor-element-10120a0\" data-id=\"10120a0\" data-element_type=\"column\">\n\t\t\t<div class=\"elementor-widget-wrap elementor-element-populated\">\n\t\t\t\t\t\t<div class=\"elementor-element elementor-element-d4ae8d7 elementor-widget elementor-widget-heading\" data-id=\"d4ae8d7\" data-element_type=\"widget\" data-widget_type=\"heading.default\">\n\t\t\t\t<div class=\"elementor-widget-container\">\n\t\t\t\t\t<h4 class=\"elementor-heading-title elementor-size-default\"><font face=\"Open Sans, sans-serif\"><span style=\"font-size: 14.6667px\">U\u00f1as de gel<\/span><\/font><\/h4>\t\t\t\t<\/div>\n\t\t\t\t<\/div>\n\t\t\t\t<div class=\"elementor-element elementor-element-ac7d78d elementor-widget elementor-widget-text-editor\" data-id=\"ac7d78d\" data-element_type=\"widget\" data-widget_type=\"text-editor.default\">\n\t\t\t\t<div class=\"elementor-widget-container\">\n\t\t\t\t\t\t\t\t\t<p><span style=\"font-family: Open Sans, sans-serif;\"><span style=\"font-size: 14.6667px; white-space: pre-wrap;\">Las u\u00f1as de gel son un tipo de <b>esmaltado permanente<\/b>, basado en un gel que se seca con luz ultravioleta. Proporcionan un <b>acabado natural y brillante<\/b>, y son bastante respetuosas con tus u\u00f1as naturales. Ofrecen una alta resistencia, con una <b>duraci\u00f3n de 3 a 5 semanas<\/b>. Te recomendamos esta manicura si quieres unas u\u00f1as bonitas, discretas y duraderas.<\/span><\/span><\/p>\t\t\t\t\t\t\t\t<\/div>\n\t\t\t\t<\/div>\n\t\t\t\t\t<\/div>\n\t\t<\/div>\n\t\t\t\t\t<\/div>\n\t\t<\/section>\n\t\t\t\t<section class=\"elementor-section elementor-top-section elementor-element elementor-element-5588a0e elementor-section-boxed elementor-section-height-default elementor-section-height-default\" data-id=\"5588a0e\" data-element_type=\"section\">\n\t\t\t\t\t\t<div class=\"elementor-container elementor-column-gap-default\">\n\t\t\t\t\t<div class=\"elementor-column elementor-col-100 elementor-top-column elementor-element elementor-element-e5f5c67\" data-id=\"e5f5c67\" data-element_type=\"column\">\n\t\t\t<div class=\"elementor-widget-wrap elementor-element-populated\">\n\t\t\t\t\t\t<div class=\"elementor-element elementor-element-36ad210 elementor-widget elementor-widget-heading\" data-id=\"36ad210\" data-element_type=\"widget\" data-widget_type=\"heading.default\">\n\t\t\t\t<div class=\"elementor-widget-container\">\n\t\t\t\t\t<h4 class=\"elementor-heading-title elementor-size-default\"><font face=\"Open Sans, sans-serif\"><span style=\"font-size: 14.6667px\">U\u00f1as acr\u00edlicas<\/span><\/font><\/h4>\t\t\t\t<\/div>\n\t\t\t\t<\/div>\n\t\t\t\t<div class=\"elementor-element elementor-element-6eea97f elementor-widget elementor-widget-text-editor\" data-id=\"6eea97f\" data-element_type=\"widget\" data-widget_type=\"text-editor.default\">\n\t\t\t\t<div class=\"elementor-widget-container\">\n\t\t\t\t\t\t\t\t\t<p><span style=\"font-family: Open Sans, sans-serif;\"><span style=\"font-size: 14.6667px; white-space: pre-wrap;\">Las u\u00f1as acr\u00edlicas son <b>extensiones de las u\u00f1as naturales<\/b> elaboradas con materiales acr\u00edlicos. Estos materiales son <b>muy resistentes<\/b>, por lo que su duraci\u00f3n ser\u00e1 muy alta (<b>de 6 a 12 semanas<\/b>). Son las u\u00f1as de moda m\u00e1s duras, ofreciendo <b>muchas posibilidades creativas<\/b>. Las u\u00f1as que solemos ver en celebrities como Rosal\u00eda o Billie Eilish son acr\u00edlicas. Te recomendamos esta manicura si eres una persona atrevida y te encanta el <a href=\"https:\/\/joseppons.com\/formacion\/por-que-es-tan-importante-especializarse\/\"><i>nail art<\/i><\/a>. <\/span><\/span><\/p>\t\t\t\t\t\t\t\t<\/div>\n\t\t\t\t<\/div>\n\t\t\t\t<div class=\"elementor-element elementor-element-323e127 elementor-widget elementor-widget-shortcode\" data-id=\"323e127\" data-element_type=\"widget\" data-widget_type=\"shortcode.default\">\n\t\t\t\t<div class=\"elementor-widget-container\">\n\t\t\t\t\t\t\t<div class=\"elementor-shortcode\"><blockquote class=\"instagram-media\" data-instgrm-permalink=\"https:\/\/www.instagram.com\/p\/CQ-RIx4L4UU\/?utm_source=ig_embed&amp;utm_campaign=loading\" data-instgrm-version=\"13\" style=\" background:#FFF; border:0; border-radius:3px; box-shadow:0 0 1px 0 rgba(0,0,0,0.5),0 1px 10px 0 rgba(0,0,0,0.15); margin: 1px; max-width:540px; min-width:326px; padding:0; width:99.375%; width:-webkit-calc(100% - 2px); width:calc(100% - 2px);\"><div style=\"padding:16px;\"> <a href=\"https:\/\/www.instagram.com\/p\/CQ-RIx4L4UU\/?utm_source=ig_embed&amp;utm_campaign=loading\" style=\" background:#FFFFFF; line-height:0; padding:0 0; text-align:center; text-decoration:none; width:100%;\" target=\"_blank\"> <div style=\" display: flex; flex-direction: row; align-items: center;\"> <div style=\"background-color: #F4F4F4; border-radius: 50%; flex-grow: 0; height: 40px; margin-right: 14px; width: 40px;\"><\/div> <div style=\"display: flex; flex-direction: column; flex-grow: 1; justify-content: center;\"> <div style=\" background-color: #F4F4F4; border-radius: 4px; flex-grow: 0; height: 14px; margin-bottom: 6px; width: 100px;\"><\/div> <div style=\" background-color: #F4F4F4; border-radius: 4px; flex-grow: 0; height: 14px; width: 60px;\"><\/div><\/div><\/div><div style=\"padding: 19% 0;\"><\/div> <div style=\"display:block; height:50px; margin:0 auto 12px; width:50px;\"><svg width=\"50px\" height=\"50px\" viewBox=\"0 0 60 60\" version=\"1.1\" xmlns=\"https:\/\/www.w3.org\/2000\/svg\" xmlns:xlink=\"https:\/\/www.w3.org\/1999\/xlink\"><g stroke=\"none\" stroke-width=\"1\" fill=\"none\" fill-rule=\"evenodd\"><g transform=\"translate(-511.000000, -20.000000)\" fill=\"#000000\"><g><path d=\"M556.869,30.41 C554.814,30.41 553.148,32.076 553.148,34.131 C553.148,36.186 554.814,37.852 556.869,37.852 C558.924,37.852 560.59,36.186 560.59,34.131 C560.59,32.076 558.924,30.41 556.869,30.41 M541,60.657 C535.114,60.657 530.342,55.887 530.342,50 C530.342,44.114 535.114,39.342 541,39.342 C546.887,39.342 551.658,44.114 551.658,50 C551.658,55.887 546.887,60.657 541,60.657 M541,33.886 C532.1,33.886 524.886,41.1 524.886,50 C524.886,58.899 532.1,66.113 541,66.113 C549.9,66.113 557.115,58.899 557.115,50 C557.115,41.1 549.9,33.886 541,33.886 M565.378,62.101 C565.244,65.022 564.756,66.606 564.346,67.663 C563.803,69.06 563.154,70.057 562.106,71.106 C561.058,72.155 560.06,72.803 558.662,73.347 C557.607,73.757 556.021,74.244 553.102,74.378 C549.944,74.521 548.997,74.552 541,74.552 C533.003,74.552 532.056,74.521 528.898,74.378 C525.979,74.244 524.393,73.757 523.338,73.347 C521.94,72.803 520.942,72.155 519.894,71.106 C518.846,70.057 518.197,69.06 517.654,67.663 C517.244,66.606 516.755,65.022 516.623,62.101 C516.479,58.943 516.448,57.996 516.448,50 C516.448,42.003 516.479,41.056 516.623,37.899 C516.755,34.978 517.244,33.391 517.654,32.338 C518.197,30.938 518.846,29.942 519.894,28.894 C520.942,27.846 521.94,27.196 523.338,26.654 C524.393,26.244 525.979,25.756 528.898,25.623 C532.057,25.479 533.004,25.448 541,25.448 C548.997,25.448 549.943,25.479 553.102,25.623 C556.021,25.756 557.607,26.244 558.662,26.654 C560.06,27.196 561.058,27.846 562.106,28.894 C563.154,29.942 563.803,30.938 564.346,32.338 C564.756,33.391 565.244,34.978 565.378,37.899 C565.522,41.056 565.552,42.003 565.552,50 C565.552,57.996 565.522,58.943 565.378,62.101 M570.82,37.631 C570.674,34.438 570.167,32.258 569.425,30.349 C568.659,28.377 567.633,26.702 565.965,25.035 C564.297,23.368 562.623,22.342 560.652,21.575 C558.743,20.834 556.562,20.326 553.369,20.18 C550.169,20.033 549.148,20 541,20 C532.853,20 531.831,20.033 528.631,20.18 C525.438,20.326 523.257,20.834 521.349,21.575 C519.376,22.342 517.703,23.368 516.035,25.035 C514.368,26.702 513.342,28.377 512.574,30.349 C511.834,32.258 511.326,34.438 511.181,37.631 C511.035,40.831 511,41.851 511,50 C511,58.147 511.035,59.17 511.181,62.369 C511.326,65.562 511.834,67.743 512.574,69.651 C513.342,71.625 514.368,73.296 516.035,74.965 C517.703,76.634 519.376,77.658 521.349,78.425 C523.257,79.167 525.438,79.673 528.631,79.82 C531.831,79.965 532.853,80.001 541,80.001 C549.148,80.001 550.169,79.965 553.369,79.82 C556.562,79.673 558.743,79.167 560.652,78.425 C562.623,77.658 564.297,76.634 565.965,74.965 C567.633,73.296 568.659,71.625 569.425,69.651 C570.167,67.743 570.674,65.562 570.82,62.369 C570.966,59.17 571,58.147 571,50 C571,41.851 570.966,40.831 570.82,37.631\"><\/path><\/g><\/g><\/g><\/svg><\/div><div style=\"padding-top: 8px;\"> <div style=\" color:#3897f0; font-family:Arial,sans-serif; font-size:14px; font-style:normal; font-weight:550; line-height:18px;\"> Ver esta publicaci\u00f3n en Instagram<\/div><\/div><div style=\"padding: 12.5% 0;\"><\/div> <div style=\"display: flex; flex-direction: row; margin-bottom: 14px; align-items: center;\"><div> <div style=\"background-color: #F4F4F4; border-radius: 50%; height: 12.5px; width: 12.5px; transform: translateX(0px) translateY(7px);\"><\/div> <div style=\"background-color: #F4F4F4; height: 12.5px; transform: rotate(-45deg) translateX(3px) translateY(1px); width: 12.5px; flex-grow: 0; margin-right: 14px; margin-left: 2px;\"><\/div> <div style=\"background-color: #F4F4F4; border-radius: 50%; height: 12.5px; width: 12.5px; transform: translateX(9px) translateY(-18px);\"><\/div><\/div><div style=\"margin-left: 8px;\"> <div style=\" background-color: #F4F4F4; border-radius: 50%; flex-grow: 0; height: 20px; width: 20px;\"><\/div> <div style=\" width: 0; height: 0; border-top: 2px solid transparent; border-left: 6px solid #f4f4f4; border-bottom: 2px solid transparent; transform: translateX(16px) translateY(-4px) rotate(30deg)\"><\/div><\/div><div style=\"margin-left: auto;\"> <div style=\" width: 0px; border-top: 8px solid #F4F4F4; border-right: 8px solid transparent; transform: translateY(16px);\"><\/div> <div style=\" background-color: #F4F4F4; flex-grow: 0; height: 12px; width: 16px; transform: translateY(-4px);\"><\/div> <div style=\" width: 0; height: 0; border-top: 8px solid #F4F4F4; border-left: 8px solid transparent; transform: translateY(-4px) translateX(8px);\"><\/div><\/div><\/div> <div style=\"display: flex; flex-direction: column; flex-grow: 1; justify-content: center; margin-bottom: 24px;\"> <div style=\" background-color: #F4F4F4; border-radius: 4px; flex-grow: 0; height: 14px; margin-bottom: 6px; width: 224px;\"><\/div> <div style=\" background-color: #F4F4F4; border-radius: 4px; flex-grow: 0; height: 14px; width: 144px;\"><\/div><\/div><\/a><p style=\" color:#c9c8cd; font-family:Arial,sans-serif; font-size:14px; line-height:17px; margin-bottom:0; margin-top:8px; overflow:hidden; padding:8px 0 7px; text-align:center; text-overflow:ellipsis; white-space:nowrap;\"><a href=\"https:\/\/www.instagram.com\/p\/CQ-RIx4L4UU\/?utm_source=ig_embed&amp;utm_campaign=loading\" style=\" color:#c9c8cd; font-family:Arial,sans-serif; font-size:14px; font-style:normal; font-weight:normal; line-height:17px; text-decoration:none;\" target=\"_blank\">Una publicaci\u00f3n compartida de BILLIE EILISH (@billieeilish)<\/a><\/p><\/div><\/blockquote> <script async src=\"\/\/www.instagram.com\/embed.js\"><\/script><\/div>\n\t\t\t\t\t\t<\/div>\n\t\t\t\t<\/div>\n\t\t\t\t\t<\/div>\n\t\t<\/div>\n\t\t\t\t\t<\/div>\n\t\t<\/section>\n\t\t\t\t<section class=\"elementor-section elementor-top-section elementor-element elementor-element-ffa082a elementor-section-boxed elementor-section-height-default elementor-section-height-default\" data-id=\"ffa082a\" data-element_type=\"section\">\n\t\t\t\t\t\t<div class=\"elementor-container elementor-column-gap-default\">\n\t\t\t\t\t<div class=\"elementor-column elementor-col-100 elementor-top-column elementor-element elementor-element-981f4c2\" data-id=\"981f4c2\" data-element_type=\"column\">\n\t\t\t<div class=\"elementor-widget-wrap elementor-element-populated\">\n\t\t\t\t\t\t<div class=\"elementor-element elementor-element-02a316c elementor-widget elementor-widget-heading\" data-id=\"02a316c\" data-element_type=\"widget\" data-widget_type=\"heading.default\">\n\t\t\t\t<div class=\"elementor-widget-container\">\n\t\t\t\t\t<h2 class=\"elementor-heading-title elementor-size-default\">Las u\u00f1as de moda\n<\/h2>\t\t\t\t<\/div>\n\t\t\t\t<\/div>\n\t\t\t\t\t<\/div>\n\t\t<\/div>\n\t\t\t\t\t<\/div>\n\t\t<\/section>\n\t\t\t\t<section class=\"elementor-section elementor-top-section elementor-element elementor-element-9a5a6fb elementor-section-boxed elementor-section-height-default elementor-section-height-default\" data-id=\"9a5a6fb\" data-element_type=\"section\">\n\t\t\t\t\t\t<div class=\"elementor-container elementor-column-gap-default\">\n\t\t\t\t\t<div class=\"elementor-column elementor-col-100 elementor-top-column elementor-element elementor-element-974e6f5\" data-id=\"974e6f5\" data-element_type=\"column\">\n\t\t\t<div class=\"elementor-widget-wrap elementor-element-populated\">\n\t\t\t\t\t\t<div class=\"elementor-element elementor-element-d55233b elementor-widget elementor-widget-text-editor\" data-id=\"d55233b\" data-element_type=\"widget\" data-widget_type=\"text-editor.default\">\n\t\t\t\t<div class=\"elementor-widget-container\">\n\t\t\t\t\t\t\t\t\t<p><span style=\"font-family: Open Sans, sans-serif;\"><span style=\"font-size: 14.6667px; white-space: pre-wrap;\">La vuelta al cole tambi\u00e9n es una <b>vuelta a nuestras rutinas de belleza<\/b>. Es importante cuidarnos por dentro, del mismo modo que cuidarnos por fuera nos puede ayudar a sentirnos m\u00e1s bellas y ofrecer una mejor imagen. <b>La manicura es un detalle que aportar\u00e1 a tu <i>look<\/i> un acabado impecable<\/b>. Nuestras especialistas en est\u00e9tica te explican las tendencias que veremos este oto\u00f1o-invierno.<\/span><\/span><\/p>\t\t\t\t\t\t\t\t<\/div>\n\t\t\t\t<\/div>\n\t\t\t\t\t<\/div>\n\t\t<\/div>\n\t\t\t\t\t<\/div>\n\t\t<\/section>\n\t\t\t\t<section class=\"elementor-section elementor-top-section elementor-element elementor-element-db72460 elementor-section-boxed elementor-section-height-default elementor-section-height-default\" data-id=\"db72460\" data-element_type=\"section\">\n\t\t\t\t\t\t<div class=\"elementor-container elementor-column-gap-default\">\n\t\t\t\t\t<div class=\"elementor-column elementor-col-100 elementor-top-column elementor-element elementor-element-daad127\" data-id=\"daad127\" data-element_type=\"column\">\n\t\t\t<div class=\"elementor-widget-wrap elementor-element-populated\">\n\t\t\t\t\t\t<div class=\"elementor-element elementor-element-124a9e2 elementor-widget elementor-widget-heading\" data-id=\"124a9e2\" data-element_type=\"widget\" data-widget_type=\"heading.default\">\n\t\t\t\t<div class=\"elementor-widget-container\">\n\t\t\t\t\t<h4 class=\"elementor-heading-title elementor-size-default\"><font face=\"Open Sans, sans-serif\"><span style=\"font-size: 14.6667px\">Estilos<\/span><\/font><\/h4>\t\t\t\t<\/div>\n\t\t\t\t<\/div>\n\t\t\t\t<div class=\"elementor-element elementor-element-d31c6a3 elementor-widget elementor-widget-text-editor\" data-id=\"d31c6a3\" data-element_type=\"widget\" data-widget_type=\"text-editor.default\">\n\t\t\t\t<div class=\"elementor-widget-container\">\n\t\t\t\t\t\t\t\t\t<p><span style=\"font-family: Open Sans, sans-serif;\"><span style=\"font-size: 14.6667px; white-space: pre-wrap;\">Los cl\u00e1sicos siempre vuelven\u2026 \u00bfO quiz\u00e1s nunca se fueron? Esta temporada la <strong>manicura francesa<\/strong> vuelve a estar en tendencia. Ya le hemos visto en algunas <i>red carpets<\/i> como el <a href=\"https:\/\/joseppons.com\/formacion\/looks-festival-de-venecia-2021\/\">Festival de Venecia<\/a> o el Met Gala. Es un estilo que nos encanta. <b>Sencillez, tradici\u00f3n y elegancia<\/b>. \u00bfQu\u00e9 m\u00e1s se le puede pedir a una manicura? <\/span><\/span><\/p><p><span style=\"font-family: Open Sans, sans-serif;\"><span style=\"font-size: 14.6667px; white-space: pre-wrap;\">Tambi\u00e9n se va a llevar mucho la <b>variante divertida de la manicura francesa<\/b>, incorporando un toque de color en la parte superior. Especialmente lo vamos a ver en <b>tonos pastel<\/b>. Nos parece una buena opci\u00f3n para variar tu manicura si no quieres arriesgarte demasiado, ni en colores ni en estilo. La hemos visto ya en influencers como Mar\u00eda Pombo y queda ideal. <\/span><\/span><\/p>\t\t\t\t\t\t\t\t<\/div>\n\t\t\t\t<\/div>\n\t\t\t\t<div class=\"elementor-element elementor-element-9ec3ac3 elementor-widget elementor-widget-image\" data-id=\"9ec3ac3\" data-element_type=\"widget\" data-widget_type=\"image.default\">\n\t\t\t\t<div class=\"elementor-widget-container\">\n\t\t\t\t\t\t\t\t\t\t\t\t<figure class=\"wp-caption\">\n\t\t\t\t\t\t\t\t\t\t<img decoding=\"async\" width=\"1000\" height=\"800\" src=\"https:\/\/joseppons.com\/formacion\/wp-content\/uploads\/2021\/09\/un\u0303as-de-moda-francesa.png\" class=\"attachment-large size-large wp-image-6881\" alt=\"u\u00f1as de moda\" srcset=\"https:\/\/joseppons.com\/formacion\/wp-content\/uploads\/2021\/09\/un\u0303as-de-moda-francesa.png 1000w, https:\/\/joseppons.com\/formacion\/wp-content\/uploads\/2021\/09\/un\u0303as-de-moda-francesa-768x614.png 768w\" sizes=\"(max-width: 1000px) 100vw, 1000px\" \/>\t\t\t\t\t\t\t\t\t\t\t<figcaption class=\"widget-image-caption wp-caption-text\">Fuente: Pinterest<\/figcaption>\n\t\t\t\t\t\t\t\t\t\t<\/figure>\n\t\t\t\t\t\t\t\t\t<\/div>\n\t\t\t\t<\/div>\n\t\t\t\t\t<\/div>\n\t\t<\/div>\n\t\t\t\t\t<\/div>\n\t\t<\/section>\n\t\t\t\t<section class=\"elementor-section elementor-top-section elementor-element elementor-element-6282475 elementor-section-boxed elementor-section-height-default elementor-section-height-default\" data-id=\"6282475\" data-element_type=\"section\">\n\t\t\t\t\t\t<div class=\"elementor-container elementor-column-gap-default\">\n\t\t\t\t\t<div class=\"elementor-column elementor-col-100 elementor-top-column elementor-element elementor-element-e80a998\" data-id=\"e80a998\" data-element_type=\"column\">\n\t\t\t<div class=\"elementor-widget-wrap elementor-element-populated\">\n\t\t\t\t\t\t<div class=\"elementor-element elementor-element-2a2ab94 elementor-widget elementor-widget-text-editor\" data-id=\"2a2ab94\" data-element_type=\"widget\" data-widget_type=\"text-editor.default\">\n\t\t\t\t<div class=\"elementor-widget-container\">\n\t\t\t\t\t\t\t\t\t<p><span style=\"font-family: Open Sans, sans-serif;\"><span style=\"font-size: 14.6667px; white-space: pre-wrap;\">Otra variante que tambi\u00e9n se llevar\u00e1 esta temporada es la <b>manicura francesa invertida<\/b>, con el color en la parte interior de la u\u00f1a. Esta manicura es muy vers\u00e1til y sigue manteniendo la elegancia de la francesa tradicional, con un aire m\u00e1s creativo. <b>Perfecta para ir a la oficina. <\/b><\/span><\/span><\/p><p><span style=\"font-family: Open Sans, sans-serif;\"><span style=\"font-size: 14.6667px; white-space: pre-wrap;\">Las <b>u\u00f1as b\u00e1sicas con detalles en color<\/b> van a ser una de las tendencias del oto\u00f1o. Del mismo modo que la manicura francesa y sus variantes, se trata de manicuras discretas y a la vez <i>trendys<\/i>, que son originales y nos permiten respetar la vestimenta de oficina. Las que m\u00e1s nos gustan y te recomendamos son las <b>u\u00f1as con puntos<\/b>. <\/span><\/span><\/p>\t\t\t\t\t\t\t\t<\/div>\n\t\t\t\t<\/div>\n\t\t\t\t<div class=\"elementor-element elementor-element-d02c04d elementor-widget elementor-widget-image\" data-id=\"d02c04d\" data-element_type=\"widget\" data-widget_type=\"image.default\">\n\t\t\t\t<div class=\"elementor-widget-container\">\n\t\t\t\t\t\t\t\t\t\t\t\t<figure class=\"wp-caption\">\n\t\t\t\t\t\t\t\t\t\t<img decoding=\"async\" width=\"1000\" height=\"800\" src=\"https:\/\/joseppons.com\/formacion\/wp-content\/uploads\/2021\/09\/un\u0303as-de-moda-2.png\" class=\"attachment-large size-large wp-image-6882\" alt=\"u\u00f1as de moda\" srcset=\"https:\/\/joseppons.com\/formacion\/wp-content\/uploads\/2021\/09\/un\u0303as-de-moda-2.png 1000w, https:\/\/joseppons.com\/formacion\/wp-content\/uploads\/2021\/09\/un\u0303as-de-moda-2-768x614.png 768w\" sizes=\"(max-width: 1000px) 100vw, 1000px\" \/>\t\t\t\t\t\t\t\t\t\t\t<figcaption class=\"widget-image-caption wp-caption-text\">Fuente: Pinterest<\/figcaption>\n\t\t\t\t\t\t\t\t\t\t<\/figure>\n\t\t\t\t\t\t\t\t\t<\/div>\n\t\t\t\t<\/div>\n\t\t\t\t\t<\/div>\n\t\t<\/div>\n\t\t\t\t\t<\/div>\n\t\t<\/section>\n\t\t\t\t<section class=\"elementor-section elementor-top-section elementor-element elementor-element-fab2eba elementor-section-boxed elementor-section-height-default elementor-section-height-default\" data-id=\"fab2eba\" data-element_type=\"section\">\n\t\t\t\t\t\t<div class=\"elementor-container elementor-column-gap-default\">\n\t\t\t\t\t<div class=\"elementor-column elementor-col-100 elementor-top-column elementor-element elementor-element-8c6eff2\" data-id=\"8c6eff2\" data-element_type=\"column\">\n\t\t\t<div class=\"elementor-widget-wrap elementor-element-populated\">\n\t\t\t\t\t\t<div class=\"elementor-element elementor-element-ef3d533 elementor-widget elementor-widget-text-editor\" data-id=\"ef3d533\" data-element_type=\"widget\" data-widget_type=\"text-editor.default\">\n\t\t\t\t<div class=\"elementor-widget-container\">\n\t\t\t\t\t\t\t\t\t<p><span style=\"font-family: Open Sans, sans-serif;\"><span style=\"font-size: 14.6667px; white-space: pre-wrap;\">Los <b>degradados<\/b> no son una novedad de este a\u00f1o, pero van a seguir siendo unas u\u00f1as de moda. Una u\u00f1a de cada color en colores principalmente <b>nude o tierra<\/b>, en conjunto con la temporada oto\u00f1al. Esta manicura es tan sencilla que te la puedes hacer t\u00fa misma en casa, adem\u00e1s de que puedes variarla cada semana con colores distintos. \u00bfTe atreves?<\/span><\/span><\/p>\t\t\t\t\t\t\t\t<\/div>\n\t\t\t\t<\/div>\n\t\t\t\t<div class=\"elementor-element elementor-element-8c9c453 elementor-widget elementor-widget-shortcode\" data-id=\"8c9c453\" data-element_type=\"widget\" data-widget_type=\"shortcode.default\">\n\t\t\t\t<div class=\"elementor-widget-container\">\n\t\t\t\t\t\t\t<div class=\"elementor-shortcode\"><blockquote class=\"instagram-media\" data-instgrm-permalink=\"https:\/\/www.instagram.com\/p\/CSl0o2StE11\/?utm_source=ig_embed&amp;utm_campaign=loading\" data-instgrm-version=\"13\" style=\" background:#FFF; border:0; border-radius:3px; box-shadow:0 0 1px 0 rgba(0,0,0,0.5),0 1px 10px 0 rgba(0,0,0,0.15); margin: 1px; max-width:540px; min-width:326px; padding:0; width:99.375%; width:-webkit-calc(100% - 2px); width:calc(100% - 2px);\"><div style=\"padding:16px;\"> <a href=\"https:\/\/www.instagram.com\/p\/CSl0o2StE11\/?utm_source=ig_embed&amp;utm_campaign=loading\" style=\" background:#FFFFFF; line-height:0; padding:0 0; text-align:center; text-decoration:none; width:100%;\" target=\"_blank\"> <div style=\" display: flex; flex-direction: row; align-items: center;\"> <div style=\"background-color: #F4F4F4; border-radius: 50%; flex-grow: 0; height: 40px; margin-right: 14px; width: 40px;\"><\/div> <div style=\"display: flex; flex-direction: column; flex-grow: 1; justify-content: center;\"> <div style=\" background-color: #F4F4F4; border-radius: 4px; flex-grow: 0; height: 14px; margin-bottom: 6px; width: 100px;\"><\/div> <div style=\" background-color: #F4F4F4; border-radius: 4px; flex-grow: 0; height: 14px; width: 60px;\"><\/div><\/div><\/div><div style=\"padding: 19% 0;\"><\/div> <div style=\"display:block; height:50px; margin:0 auto 12px; width:50px;\"><svg width=\"50px\" height=\"50px\" viewBox=\"0 0 60 60\" version=\"1.1\" xmlns=\"https:\/\/www.w3.org\/2000\/svg\" xmlns:xlink=\"https:\/\/www.w3.org\/1999\/xlink\"><g stroke=\"none\" stroke-width=\"1\" fill=\"none\" fill-rule=\"evenodd\"><g transform=\"translate(-511.000000, -20.000000)\" fill=\"#000000\"><g><path d=\"M556.869,30.41 C554.814,30.41 553.148,32.076 553.148,34.131 C553.148,36.186 554.814,37.852 556.869,37.852 C558.924,37.852 560.59,36.186 560.59,34.131 C560.59,32.076 558.924,30.41 556.869,30.41 M541,60.657 C535.114,60.657 530.342,55.887 530.342,50 C530.342,44.114 535.114,39.342 541,39.342 C546.887,39.342 551.658,44.114 551.658,50 C551.658,55.887 546.887,60.657 541,60.657 M541,33.886 C532.1,33.886 524.886,41.1 524.886,50 C524.886,58.899 532.1,66.113 541,66.113 C549.9,66.113 557.115,58.899 557.115,50 C557.115,41.1 549.9,33.886 541,33.886 M565.378,62.101 C565.244,65.022 564.756,66.606 564.346,67.663 C563.803,69.06 563.154,70.057 562.106,71.106 C561.058,72.155 560.06,72.803 558.662,73.347 C557.607,73.757 556.021,74.244 553.102,74.378 C549.944,74.521 548.997,74.552 541,74.552 C533.003,74.552 532.056,74.521 528.898,74.378 C525.979,74.244 524.393,73.757 523.338,73.347 C521.94,72.803 520.942,72.155 519.894,71.106 C518.846,70.057 518.197,69.06 517.654,67.663 C517.244,66.606 516.755,65.022 516.623,62.101 C516.479,58.943 516.448,57.996 516.448,50 C516.448,42.003 516.479,41.056 516.623,37.899 C516.755,34.978 517.244,33.391 517.654,32.338 C518.197,30.938 518.846,29.942 519.894,28.894 C520.942,27.846 521.94,27.196 523.338,26.654 C524.393,26.244 525.979,25.756 528.898,25.623 C532.057,25.479 533.004,25.448 541,25.448 C548.997,25.448 549.943,25.479 553.102,25.623 C556.021,25.756 557.607,26.244 558.662,26.654 C560.06,27.196 561.058,27.846 562.106,28.894 C563.154,29.942 563.803,30.938 564.346,32.338 C564.756,33.391 565.244,34.978 565.378,37.899 C565.522,41.056 565.552,42.003 565.552,50 C565.552,57.996 565.522,58.943 565.378,62.101 M570.82,37.631 C570.674,34.438 570.167,32.258 569.425,30.349 C568.659,28.377 567.633,26.702 565.965,25.035 C564.297,23.368 562.623,22.342 560.652,21.575 C558.743,20.834 556.562,20.326 553.369,20.18 C550.169,20.033 549.148,20 541,20 C532.853,20 531.831,20.033 528.631,20.18 C525.438,20.326 523.257,20.834 521.349,21.575 C519.376,22.342 517.703,23.368 516.035,25.035 C514.368,26.702 513.342,28.377 512.574,30.349 C511.834,32.258 511.326,34.438 511.181,37.631 C511.035,40.831 511,41.851 511,50 C511,58.147 511.035,59.17 511.181,62.369 C511.326,65.562 511.834,67.743 512.574,69.651 C513.342,71.625 514.368,73.296 516.035,74.965 C517.703,76.634 519.376,77.658 521.349,78.425 C523.257,79.167 525.438,79.673 528.631,79.82 C531.831,79.965 532.853,80.001 541,80.001 C549.148,80.001 550.169,79.965 553.369,79.82 C556.562,79.673 558.743,79.167 560.652,78.425 C562.623,77.658 564.297,76.634 565.965,74.965 C567.633,73.296 568.659,71.625 569.425,69.651 C570.167,67.743 570.674,65.562 570.82,62.369 C570.966,59.17 571,58.147 571,50 C571,41.851 570.966,40.831 570.82,37.631\"><\/path><\/g><\/g><\/g><\/svg><\/div><div style=\"padding-top: 8px;\"> <div style=\" color:#3897f0; font-family:Arial,sans-serif; font-size:14px; font-style:normal; font-weight:550; line-height:18px;\"> Ver esta publicaci\u00f3n en Instagram<\/div><\/div><div style=\"padding: 12.5% 0;\"><\/div> <div style=\"display: flex; flex-direction: row; margin-bottom: 14px; align-items: center;\"><div> <div style=\"background-color: #F4F4F4; border-radius: 50%; height: 12.5px; width: 12.5px; transform: translateX(0px) translateY(7px);\"><\/div> <div style=\"background-color: #F4F4F4; height: 12.5px; transform: rotate(-45deg) translateX(3px) translateY(1px); width: 12.5px; flex-grow: 0; margin-right: 14px; margin-left: 2px;\"><\/div> <div style=\"background-color: #F4F4F4; border-radius: 50%; height: 12.5px; width: 12.5px; transform: translateX(9px) translateY(-18px);\"><\/div><\/div><div style=\"margin-left: 8px;\"> <div style=\" background-color: #F4F4F4; border-radius: 50%; flex-grow: 0; height: 20px; width: 20px;\"><\/div> <div style=\" width: 0; height: 0; border-top: 2px solid transparent; border-left: 6px solid #f4f4f4; border-bottom: 2px solid transparent; transform: translateX(16px) translateY(-4px) rotate(30deg)\"><\/div><\/div><div style=\"margin-left: auto;\"> <div style=\" width: 0px; border-top: 8px solid #F4F4F4; border-right: 8px solid transparent; transform: translateY(16px);\"><\/div> <div style=\" background-color: #F4F4F4; flex-grow: 0; height: 12px; width: 16px; transform: translateY(-4px);\"><\/div> <div style=\" width: 0; height: 0; border-top: 8px solid #F4F4F4; border-left: 8px solid transparent; transform: translateY(-4px) translateX(8px);\"><\/div><\/div><\/div> <div style=\"display: flex; flex-direction: column; flex-grow: 1; justify-content: center; margin-bottom: 24px;\"> <div style=\" background-color: #F4F4F4; border-radius: 4px; flex-grow: 0; height: 14px; margin-bottom: 6px; width: 224px;\"><\/div> <div style=\" background-color: #F4F4F4; border-radius: 4px; flex-grow: 0; height: 14px; width: 144px;\"><\/div><\/div><\/a><p style=\" color:#c9c8cd; font-family:Arial,sans-serif; font-size:14px; line-height:17px; margin-bottom:0; margin-top:8px; overflow:hidden; padding:8px 0 7px; text-align:center; text-overflow:ellipsis; white-space:nowrap;\"><a href=\"https:\/\/www.instagram.com\/p\/CSl0o2StE11\/?utm_source=ig_embed&amp;utm_campaign=loading\" style=\" color:#c9c8cd; font-family:Arial,sans-serif; font-size:14px; font-style:normal; font-weight:normal; line-height:17px; text-decoration:none;\" target=\"_blank\">Una publicaci\u00f3n compartida de emily jane lathan (@emilyjanelathan)<\/a><\/p><\/div><\/blockquote> <script async src=\"\/\/www.instagram.com\/embed.js\"><\/script><\/div>\n\t\t\t\t\t\t<\/div>\n\t\t\t\t<\/div>\n\t\t\t\t\t<\/div>\n\t\t<\/div>\n\t\t\t\t\t<\/div>\n\t\t<\/section>\n\t\t\t\t<section class=\"elementor-section elementor-top-section elementor-element elementor-element-8cb6a5e elementor-section-boxed elementor-section-height-default elementor-section-height-default\" data-id=\"8cb6a5e\" data-element_type=\"section\">\n\t\t\t\t\t\t<div class=\"elementor-container elementor-column-gap-default\">\n\t\t\t\t\t<div class=\"elementor-column elementor-col-100 elementor-top-column elementor-element elementor-element-3031e65\" data-id=\"3031e65\" data-element_type=\"column\">\n\t\t\t<div class=\"elementor-widget-wrap elementor-element-populated\">\n\t\t\t\t\t\t<div class=\"elementor-element elementor-element-435a59f elementor-widget elementor-widget-heading\" data-id=\"435a59f\" data-element_type=\"widget\" data-widget_type=\"heading.default\">\n\t\t\t\t<div class=\"elementor-widget-container\">\n\t\t\t\t\t<h4 class=\"elementor-heading-title elementor-size-default\"><font face=\"Open Sans, sans-serif\"><span style=\"font-size: 14.6667px\">Los colores que se llevan esta temporada<\/span><\/font><\/h4>\t\t\t\t<\/div>\n\t\t\t\t<\/div>\n\t\t\t\t<div class=\"elementor-element elementor-element-8e0369f elementor-widget elementor-widget-text-editor\" data-id=\"8e0369f\" data-element_type=\"widget\" data-widget_type=\"text-editor.default\">\n\t\t\t\t<div class=\"elementor-widget-container\">\n\t\t\t\t\t\t\t\t\t<p><span style=\"font-family: Open Sans, sans-serif;\"><span style=\"font-size: 14.6667px; white-space: pre-wrap;\">Ya conoces los <a href=\"https:\/\/joseppons.com\/formacion\/las-manicuras-que-pediras-en-el-salon-este-2020\/\">estilos de manicura<\/a> que se van a llevar este oto\u00f1o-invierno, pero te falta por saber la otra clave de la manicura: el color. <b>Los colores de las u\u00f1as acompa\u00f1an mucho los tonos de la temporada<\/b>, siendo m\u00e1s vivos en los <a href=\"https:\/\/joseppons.com\/formacion\/manicuras-que-desearas-hacerte-este-verano\/\">meses c\u00e1lidos<\/a> y m\u00e1s apagados en los fr\u00edos. Tambi\u00e9n suelen acompa\u00f1ar mucho a las tendencias. <\/span><\/span><\/p><p><span style=\"font-family: Open Sans, sans-serif;\"><span style=\"font-size: 14.6667px; white-space: pre-wrap;\">En esta temporada vamos a ver muchos <b>tonos nude, tierra y marrones<\/b>. Son los colores que clim\u00e1ticamente m\u00e1s les corresponden al oto\u00f1o y que todas las temporadas vemos en esta \u00e9poca. Este a\u00f1o te recomendamos usar <b>tonos naturales y poco saturados<\/b>, evitando los colores m\u00e1s fuertes. <\/span><\/span><\/p><p style=\"font-size: 6px; letter-spacing: normal;\"><span style=\"font-size: 6px; font-family: 'Open Sans', sans-serif;\"><span style=\"font-size: 14.6667px; white-space: pre-wrap;\">Otro tipo de colores que vamos a ver mucho son los <b>tonos pastel<\/b>. Aunque vamos a verlos en todos los colores, auguramos que <b>en especial los colores lila y amarillo<\/b> van a triunfar. Son dos tonos que nos encantan, y que le dar\u00e1n a tus estilismos ese necesario toque de color. <\/span><\/span><\/p><p style=\"font-size: 6px; letter-spacing: normal;\"><span style=\"font-size: 6px; font-family: 'Open Sans', sans-serif;\"><span style=\"font-size: 14.6667px; white-space: pre-wrap;\">Sin embargo, <b>el color de la temporada ser\u00e1 el verde<\/b>. Las u\u00f1as de moda ser\u00e1n en verde botella, aunque tambi\u00e9n estar\u00e1n en tendencia otras tonalidades de este color. Se trata de un color muy vers\u00e1til y oto\u00f1al, que le aportar\u00e1 elegancia a tus estilismos.<\/span><\/span><\/p>\t\t\t\t\t\t\t\t<\/div>\n\t\t\t\t<\/div>\n\t\t\t\t<div class=\"elementor-element elementor-element-2278c96 elementor-widget elementor-widget-image\" data-id=\"2278c96\" data-element_type=\"widget\" data-widget_type=\"image.default\">\n\t\t\t\t<div class=\"elementor-widget-container\">\n\t\t\t\t\t\t\t\t\t\t\t\t<figure class=\"wp-caption\">\n\t\t\t\t\t\t\t\t\t\t<img loading=\"lazy\" decoding=\"async\" width=\"1000\" height=\"800\" src=\"https:\/\/joseppons.com\/formacion\/wp-content\/uploads\/2021\/09\/un\u0303as-de-moda-3.png\" class=\"attachment-large size-large wp-image-6889\" alt=\"colores de moda\" srcset=\"https:\/\/joseppons.com\/formacion\/wp-content\/uploads\/2021\/09\/un\u0303as-de-moda-3.png 1000w, https:\/\/joseppons.com\/formacion\/wp-content\/uploads\/2021\/09\/un\u0303as-de-moda-3-768x614.png 768w\" sizes=\"(max-width: 1000px) 100vw, 1000px\" \/>\t\t\t\t\t\t\t\t\t\t\t<figcaption class=\"widget-image-caption wp-caption-text\">Fuente: Pinterest<\/figcaption>\n\t\t\t\t\t\t\t\t\t\t<\/figure>\n\t\t\t\t\t\t\t\t\t<\/div>\n\t\t\t\t<\/div>\n\t\t\t\t\t<\/div>\n\t\t<\/div>\n\t\t\t\t\t<\/div>\n\t\t<\/section>\n\t\t\t\t<section class=\"elementor-section elementor-top-section elementor-element elementor-element-d0d77e6 elementor-section-boxed elementor-section-height-default elementor-section-height-default\" data-id=\"d0d77e6\" data-element_type=\"section\">\n\t\t\t\t\t\t<div class=\"elementor-container elementor-column-gap-default\">\n\t\t\t\t\t<div class=\"elementor-column elementor-col-100 elementor-top-column elementor-element elementor-element-a430692\" data-id=\"a430692\" data-element_type=\"column\">\n\t\t\t<div class=\"elementor-widget-wrap elementor-element-populated\">\n\t\t\t\t\t\t<div class=\"elementor-element elementor-element-b3140f8 elementor-widget elementor-widget-text-editor\" data-id=\"b3140f8\" data-element_type=\"widget\" data-widget_type=\"text-editor.default\">\n\t\t\t\t<div class=\"elementor-widget-container\">\n\t\t\t\t\t\t\t\t\t<p><span style=\"font-family: Open Sans, sans-serif;\"><span style=\"font-size: 14.6667px; white-space: pre-wrap;\">En Josep Pons impartimos <b>cursos de especializaci\u00f3n <\/b>enfocados a<b> <\/b>la<b><a href=\"https:\/\/joseppons.com\/formacion\/masterclass-de-manicura\/\"> manicura<\/a> y <a href=\"https:\/\/joseppons.com\/formacion\/curso-de-pedicura\/\">pedicura<\/a><\/b>, las <a href=\"https:\/\/joseppons.com\/formacion\/especializaciones-en-estetica\/masterclass-de-unas-acrilicas\/\"><strong>u\u00f1as acr\u00edlicas<\/strong><\/a> y las <a href=\"https:\/\/joseppons.com\/formacion\/especializaciones-en-estetica\/masterclass-de-unas-de-gel\/\"><strong>u\u00f1as de gel<\/strong><\/a> para que los profesionales del sector de la est\u00e9tica y la belleza puedan ofrecer los servicios m\u00e1s solicitados. <b>\u00a1Las mejores Masterclass para los amantes del <i>nail art<\/i>! <\/b><\/span><\/span><\/p><p><span style=\"font-family: Open Sans, sans-serif;\"><span style=\"font-size: 14.6667px; white-space: pre-wrap;\"><b>Ya conoces las claves para dominar tu manicura este oto\u00f1o-invierno<\/b> y conoces las tendencias para llevar unas u\u00f1as de moda. Ahora debes decidir qu\u00e9 estilos y colores encajan mejor con tu d\u00eda a d\u00eda y tu personalidad. <b>\u00a1An\u00edmate con las tendencias m\u00e1s atrevidas! <\/b><\/span><\/span><\/p><div>\u00a0<\/div>\t\t\t\t\t\t\t\t<\/div>\n\t\t\t\t<\/div>\n\t\t\t\t\t<\/div>\n\t\t<\/div>\n\t\t\t\t\t<\/div>\n\t\t<\/section>\n\t\t\t\t<\/div>\n\t\t","protected":false},"excerpt":{"rendered":"<p>Las manos dicen muchas cosas sobre nosotros. Una manicura bien cuidada es la mejor carta de presentaci\u00f3n, indicando que somos personas cuidadosas y detallistas. Adem\u00e1s, igual que sucede con la moda, las u\u00f1as pueden mostrar c\u00f3mo es nuestra personalidad y estilo. En este post te traemos las u\u00f1as de moda para esta temporada oto\u00f1o-invierno. Las&#8230;<\/p>\n","protected":false},"author":6,"featured_media":6868,"comment_status":"open","ping_status":"closed","sticky":false,"template":"","format":"standard","meta":{"_joinchat":[],"footnotes":""},"categories":[6,461,9,337,192,125],"tags":[26,24,441,339,29],"class_list":["post-6811","post","type-post","status-publish","format-standard","has-post-thumbnail","hentry","category-actualidad","category-especializaciones","category-estetica","category-grado-de-estetica","category-manicura","category-tendencias","tag-especializarse-en-estetica","tag-estetica","tag-estudiar-en-josep-pons","tag-grado-medio-de-estetica","tag-salidas-profesionales"],"yoast_head":"<!-- This site is optimized with the Yoast SEO plugin v26.7 - https:\/\/yoast.com\/wordpress\/plugins\/seo\/ -->\n<title>Las u\u00f1as de moda de este oto\u00f1o-invierno - Josep Pons Formaci\u00f3n<\/title>\n<meta name=\"description\" content=\"La manicura es un detalle que aportar\u00e1 a tu look un acabado impecable. Seg\u00fan nuestras especialistas en est\u00e9tica las u\u00f1as de moda son...\" \/>\n<meta name=\"robots\" content=\"index, follow, max-snippet:-1, max-image-preview:large, max-video-preview:-1\" \/>\n<link rel=\"canonical\" href=\"https:\/\/joseppons.com\/formacion\/las-unas-de-moda-de-este-otono-invierno\/\" \/>\n<meta property=\"og:locale\" content=\"es_ES\" \/>\n<meta property=\"og:type\" content=\"article\" \/>\n<meta property=\"og:title\" content=\"Las u\u00f1as de moda de este oto\u00f1o-invierno - Josep Pons Formaci\u00f3n\" \/>\n<meta property=\"og:description\" content=\"La manicura es un detalle que aportar\u00e1 a tu look un acabado impecable. Seg\u00fan nuestras especialistas en est\u00e9tica las u\u00f1as de moda son...\" \/>\n<meta property=\"og:url\" content=\"https:\/\/joseppons.com\/formacion\/las-unas-de-moda-de-este-otono-invierno\/\" \/>\n<meta property=\"og:site_name\" content=\"Josep Pons Formaci\u00f3n\" \/>\n<meta property=\"article:publisher\" content=\"https:\/\/es-es.facebook.com\/JosepPonsFormacio\/\" \/>\n<meta property=\"article:published_time\" content=\"2021-09-16T14:14:39+00:00\" \/>\n<meta property=\"article:modified_time\" content=\"2025-11-10T07:44:12+00:00\" \/>\n<meta property=\"og:image\" content=\"https:\/\/joseppons.com\/formacion\/wp-content\/uploads\/2021\/09\/portada-un\u0303as-de-moda.jpg\" \/>\n\t<meta property=\"og:image:width\" content=\"1368\" \/>\n\t<meta property=\"og:image:height\" content=\"912\" \/>\n\t<meta property=\"og:image:type\" content=\"image\/jpeg\" \/>\n<meta name=\"author\" content=\"Comunicaci\u00f3n\" \/>\n<meta name=\"twitter:card\" content=\"summary_large_image\" \/>\n<meta name=\"twitter:creator\" content=\"@josepponsimatge\" \/>\n<meta name=\"twitter:site\" content=\"@josepponsimatge\" \/>\n<meta name=\"twitter:label1\" content=\"Escrito por\" \/>\n\t<meta name=\"twitter:data1\" content=\"Comunicaci\u00f3n\" \/>\n\t<meta name=\"twitter:label2\" content=\"Tiempo de lectura\" \/>\n\t<meta name=\"twitter:data2\" content=\"7 minutos\" \/>\n<script type=\"application\/ld+json\" class=\"yoast-schema-graph\">{\"@context\":\"https:\/\/schema.org\",\"@graph\":[{\"@type\":\"Article\",\"@id\":\"https:\/\/joseppons.com\/formacion\/las-unas-de-moda-de-este-otono-invierno\/#article\",\"isPartOf\":{\"@id\":\"https:\/\/joseppons.com\/formacion\/las-unas-de-moda-de-este-otono-invierno\/\"},\"author\":{\"name\":\"Comunicaci\u00f3n\",\"@id\":\"https:\/\/joseppons.com\/formacion\/#\/schema\/person\/5bcd14ff97d0c75b868e8577fd59c2a4\"},\"headline\":\"Las u\u00f1as de moda de este oto\u00f1o-invierno\",\"datePublished\":\"2021-09-16T14:14:39+00:00\",\"dateModified\":\"2025-11-10T07:44:12+00:00\",\"mainEntityOfPage\":{\"@id\":\"https:\/\/joseppons.com\/formacion\/las-unas-de-moda-de-este-otono-invierno\/\"},\"wordCount\":1366,\"commentCount\":0,\"publisher\":{\"@id\":\"https:\/\/joseppons.com\/formacion\/#organization\"},\"image\":{\"@id\":\"https:\/\/joseppons.com\/formacion\/las-unas-de-moda-de-este-otono-invierno\/#primaryimage\"},\"thumbnailUrl\":\"https:\/\/joseppons.com\/formacion\/wp-content\/uploads\/2021\/09\/portada-un\u0303as-de-moda.jpg\",\"keywords\":[\"especializarse en est\u00e9tica\",\"est\u00e9tica\",\"Estudiar en Josep Pons\",\"Grado medio de \u00e9stetica\",\"salidas profesionales\"],\"articleSection\":[\"Actualidad\",\"Especializaciones\",\"Est\u00e9tica\",\"Grado de est\u00e9tica\",\"Manicura\",\"tendencias\"],\"inLanguage\":\"es\",\"potentialAction\":[{\"@type\":\"CommentAction\",\"name\":\"Comment\",\"target\":[\"https:\/\/joseppons.com\/formacion\/las-unas-de-moda-de-este-otono-invierno\/#respond\"]}]},{\"@type\":\"WebPage\",\"@id\":\"https:\/\/joseppons.com\/formacion\/las-unas-de-moda-de-este-otono-invierno\/\",\"url\":\"https:\/\/joseppons.com\/formacion\/las-unas-de-moda-de-este-otono-invierno\/\",\"name\":\"Las u\u00f1as de moda de este oto\u00f1o-invierno - Josep Pons Formaci\u00f3n\",\"isPartOf\":{\"@id\":\"https:\/\/joseppons.com\/formacion\/#website\"},\"primaryImageOfPage\":{\"@id\":\"https:\/\/joseppons.com\/formacion\/las-unas-de-moda-de-este-otono-invierno\/#primaryimage\"},\"image\":{\"@id\":\"https:\/\/joseppons.com\/formacion\/las-unas-de-moda-de-este-otono-invierno\/#primaryimage\"},\"thumbnailUrl\":\"https:\/\/joseppons.com\/formacion\/wp-content\/uploads\/2021\/09\/portada-un\u0303as-de-moda.jpg\",\"datePublished\":\"2021-09-16T14:14:39+00:00\",\"dateModified\":\"2025-11-10T07:44:12+00:00\",\"description\":\"La manicura es un detalle que aportar\u00e1 a tu look un acabado impecable. Seg\u00fan nuestras especialistas en est\u00e9tica las u\u00f1as de moda son...\",\"breadcrumb\":{\"@id\":\"https:\/\/joseppons.com\/formacion\/las-unas-de-moda-de-este-otono-invierno\/#breadcrumb\"},\"inLanguage\":\"es\",\"potentialAction\":[{\"@type\":\"ReadAction\",\"target\":[\"https:\/\/joseppons.com\/formacion\/las-unas-de-moda-de-este-otono-invierno\/\"]}]},{\"@type\":\"ImageObject\",\"inLanguage\":\"es\",\"@id\":\"https:\/\/joseppons.com\/formacion\/las-unas-de-moda-de-este-otono-invierno\/#primaryimage\",\"url\":\"https:\/\/joseppons.com\/formacion\/wp-content\/uploads\/2021\/09\/portada-un\u0303as-de-moda.jpg\",\"contentUrl\":\"https:\/\/joseppons.com\/formacion\/wp-content\/uploads\/2021\/09\/portada-un\u0303as-de-moda.jpg\",\"width\":1368,\"height\":912,\"caption\":\"u\u00f1as de moda\"},{\"@type\":\"BreadcrumbList\",\"@id\":\"https:\/\/joseppons.com\/formacion\/las-unas-de-moda-de-este-otono-invierno\/#breadcrumb\",\"itemListElement\":[{\"@type\":\"ListItem\",\"position\":1,\"name\":\"Portada\",\"item\":\"https:\/\/joseppons.com\/formacion\/\"},{\"@type\":\"ListItem\",\"position\":2,\"name\":\"Las u\u00f1as de moda de este oto\u00f1o-invierno\"}]},{\"@type\":\"WebSite\",\"@id\":\"https:\/\/joseppons.com\/formacion\/#website\",\"url\":\"https:\/\/joseppons.com\/formacion\/\",\"name\":\"Josep Pons Formaci\u00f3n\",\"description\":\"\",\"publisher\":{\"@id\":\"https:\/\/joseppons.com\/formacion\/#organization\"},\"potentialAction\":[{\"@type\":\"SearchAction\",\"target\":{\"@type\":\"EntryPoint\",\"urlTemplate\":\"https:\/\/joseppons.com\/formacion\/?s={search_term_string}\"},\"query-input\":{\"@type\":\"PropertyValueSpecification\",\"valueRequired\":true,\"valueName\":\"search_term_string\"}}],\"inLanguage\":\"es\"},{\"@type\":\"Organization\",\"@id\":\"https:\/\/joseppons.com\/formacion\/#organization\",\"name\":\"Josep Pons\",\"url\":\"https:\/\/joseppons.com\/formacion\/\",\"logo\":{\"@type\":\"ImageObject\",\"inLanguage\":\"es\",\"@id\":\"https:\/\/joseppons.com\/formacion\/#\/schema\/logo\/image\/\",\"url\":\"https:\/\/joseppons.com\/formacion\/wp-content\/uploads\/2018\/09\/logotipo-home-josepponsformacio-1.png\",\"contentUrl\":\"https:\/\/joseppons.com\/formacion\/wp-content\/uploads\/2018\/09\/logotipo-home-josepponsformacio-1.png\",\"width\":420,\"height\":280,\"caption\":\"Josep Pons\"},\"image\":{\"@id\":\"https:\/\/joseppons.com\/formacion\/#\/schema\/logo\/image\/\"},\"sameAs\":[\"https:\/\/es-es.facebook.com\/JosepPonsFormacio\/\",\"https:\/\/x.com\/josepponsimatge\",\"https:\/\/www.instagram.com\/ponsformacion\/\"]},{\"@type\":\"Person\",\"@id\":\"https:\/\/joseppons.com\/formacion\/#\/schema\/person\/5bcd14ff97d0c75b868e8577fd59c2a4\",\"name\":\"Comunicaci\u00f3n\"}]}<\/script>\n<!-- \/ Yoast SEO plugin. -->","yoast_head_json":{"title":"Las u\u00f1as de moda de este oto\u00f1o-invierno - Josep Pons Formaci\u00f3n","description":"La manicura es un detalle que aportar\u00e1 a tu look un acabado impecable. Seg\u00fan nuestras especialistas en est\u00e9tica las u\u00f1as de moda son...","robots":{"index":"index","follow":"follow","max-snippet":"max-snippet:-1","max-image-preview":"max-image-preview:large","max-video-preview":"max-video-preview:-1"},"canonical":"https:\/\/joseppons.com\/formacion\/las-unas-de-moda-de-este-otono-invierno\/","og_locale":"es_ES","og_type":"article","og_title":"Las u\u00f1as de moda de este oto\u00f1o-invierno - Josep Pons Formaci\u00f3n","og_description":"La manicura es un detalle que aportar\u00e1 a tu look un acabado impecable. Seg\u00fan nuestras especialistas en est\u00e9tica las u\u00f1as de moda son...","og_url":"https:\/\/joseppons.com\/formacion\/las-unas-de-moda-de-este-otono-invierno\/","og_site_name":"Josep Pons Formaci\u00f3n","article_publisher":"https:\/\/es-es.facebook.com\/JosepPonsFormacio\/","article_published_time":"2021-09-16T14:14:39+00:00","article_modified_time":"2025-11-10T07:44:12+00:00","og_image":[{"width":1368,"height":912,"url":"https:\/\/joseppons.com\/formacion\/wp-content\/uploads\/2021\/09\/portada-un\u0303as-de-moda.jpg","type":"image\/jpeg"}],"author":"Comunicaci\u00f3n","twitter_card":"summary_large_image","twitter_creator":"@josepponsimatge","twitter_site":"@josepponsimatge","twitter_misc":{"Escrito por":"Comunicaci\u00f3n","Tiempo de lectura":"7 minutos"},"schema":{"@context":"https:\/\/schema.org","@graph":[{"@type":"Article","@id":"https:\/\/joseppons.com\/formacion\/las-unas-de-moda-de-este-otono-invierno\/#article","isPartOf":{"@id":"https:\/\/joseppons.com\/formacion\/las-unas-de-moda-de-este-otono-invierno\/"},"author":{"name":"Comunicaci\u00f3n","@id":"https:\/\/joseppons.com\/formacion\/#\/schema\/person\/5bcd14ff97d0c75b868e8577fd59c2a4"},"headline":"Las u\u00f1as de moda de este oto\u00f1o-invierno","datePublished":"2021-09-16T14:14:39+00:00","dateModified":"2025-11-10T07:44:12+00:00","mainEntityOfPage":{"@id":"https:\/\/joseppons.com\/formacion\/las-unas-de-moda-de-este-otono-invierno\/"},"wordCount":1366,"commentCount":0,"publisher":{"@id":"https:\/\/joseppons.com\/formacion\/#organization"},"image":{"@id":"https:\/\/joseppons.com\/formacion\/las-unas-de-moda-de-este-otono-invierno\/#primaryimage"},"thumbnailUrl":"https:\/\/joseppons.com\/formacion\/wp-content\/uploads\/2021\/09\/portada-un\u0303as-de-moda.jpg","keywords":["especializarse en est\u00e9tica","est\u00e9tica","Estudiar en Josep Pons","Grado medio de \u00e9stetica","salidas profesionales"],"articleSection":["Actualidad","Especializaciones","Est\u00e9tica","Grado de est\u00e9tica","Manicura","tendencias"],"inLanguage":"es","potentialAction":[{"@type":"CommentAction","name":"Comment","target":["https:\/\/joseppons.com\/formacion\/las-unas-de-moda-de-este-otono-invierno\/#respond"]}]},{"@type":"WebPage","@id":"https:\/\/joseppons.com\/formacion\/las-unas-de-moda-de-este-otono-invierno\/","url":"https:\/\/joseppons.com\/formacion\/las-unas-de-moda-de-este-otono-invierno\/","name":"Las u\u00f1as de moda de este oto\u00f1o-invierno - Josep Pons Formaci\u00f3n","isPartOf":{"@id":"https:\/\/joseppons.com\/formacion\/#website"},"primaryImageOfPage":{"@id":"https:\/\/joseppons.com\/formacion\/las-unas-de-moda-de-este-otono-invierno\/#primaryimage"},"image":{"@id":"https:\/\/joseppons.com\/formacion\/las-unas-de-moda-de-este-otono-invierno\/#primaryimage"},"thumbnailUrl":"https:\/\/joseppons.com\/formacion\/wp-content\/uploads\/2021\/09\/portada-un\u0303as-de-moda.jpg","datePublished":"2021-09-16T14:14:39+00:00","dateModified":"2025-11-10T07:44:12+00:00","description":"La manicura es un detalle que aportar\u00e1 a tu look un acabado impecable. Seg\u00fan nuestras especialistas en est\u00e9tica las u\u00f1as de moda son...","breadcrumb":{"@id":"https:\/\/joseppons.com\/formacion\/las-unas-de-moda-de-este-otono-invierno\/#breadcrumb"},"inLanguage":"es","potentialAction":[{"@type":"ReadAction","target":["https:\/\/joseppons.com\/formacion\/las-unas-de-moda-de-este-otono-invierno\/"]}]},{"@type":"ImageObject","inLanguage":"es","@id":"https:\/\/joseppons.com\/formacion\/las-unas-de-moda-de-este-otono-invierno\/#primaryimage","url":"https:\/\/joseppons.com\/formacion\/wp-content\/uploads\/2021\/09\/portada-un\u0303as-de-moda.jpg","contentUrl":"https:\/\/joseppons.com\/formacion\/wp-content\/uploads\/2021\/09\/portada-un\u0303as-de-moda.jpg","width":1368,"height":912,"caption":"u\u00f1as de moda"},{"@type":"BreadcrumbList","@id":"https:\/\/joseppons.com\/formacion\/las-unas-de-moda-de-este-otono-invierno\/#breadcrumb","itemListElement":[{"@type":"ListItem","position":1,"name":"Portada","item":"https:\/\/joseppons.com\/formacion\/"},{"@type":"ListItem","position":2,"name":"Las u\u00f1as de moda de este oto\u00f1o-invierno"}]},{"@type":"WebSite","@id":"https:\/\/joseppons.com\/formacion\/#website","url":"https:\/\/joseppons.com\/formacion\/","name":"Josep Pons Formaci\u00f3n","description":"","publisher":{"@id":"https:\/\/joseppons.com\/formacion\/#organization"},"potentialAction":[{"@type":"SearchAction","target":{"@type":"EntryPoint","urlTemplate":"https:\/\/joseppons.com\/formacion\/?s={search_term_string}"},"query-input":{"@type":"PropertyValueSpecification","valueRequired":true,"valueName":"search_term_string"}}],"inLanguage":"es"},{"@type":"Organization","@id":"https:\/\/joseppons.com\/formacion\/#organization","name":"Josep Pons","url":"https:\/\/joseppons.com\/formacion\/","logo":{"@type":"ImageObject","inLanguage":"es","@id":"https:\/\/joseppons.com\/formacion\/#\/schema\/logo\/image\/","url":"https:\/\/joseppons.com\/formacion\/wp-content\/uploads\/2018\/09\/logotipo-home-josepponsformacio-1.png","contentUrl":"https:\/\/joseppons.com\/formacion\/wp-content\/uploads\/2018\/09\/logotipo-home-josepponsformacio-1.png","width":420,"height":280,"caption":"Josep Pons"},"image":{"@id":"https:\/\/joseppons.com\/formacion\/#\/schema\/logo\/image\/"},"sameAs":["https:\/\/es-es.facebook.com\/JosepPonsFormacio\/","https:\/\/x.com\/josepponsimatge","https:\/\/www.instagram.com\/ponsformacion\/"]},{"@type":"Person","@id":"https:\/\/joseppons.com\/formacion\/#\/schema\/person\/5bcd14ff97d0c75b868e8577fd59c2a4","name":"Comunicaci\u00f3n"}]}},"_links":{"self":[{"href":"https:\/\/joseppons.com\/formacion\/wp-json\/wp\/v2\/posts\/6811","targetHints":{"allow":["GET"]}}],"collection":[{"href":"https:\/\/joseppons.com\/formacion\/wp-json\/wp\/v2\/posts"}],"about":[{"href":"https:\/\/joseppons.com\/formacion\/wp-json\/wp\/v2\/types\/post"}],"author":[{"embeddable":true,"href":"https:\/\/joseppons.com\/formacion\/wp-json\/wp\/v2\/users\/6"}],"replies":[{"embeddable":true,"href":"https:\/\/joseppons.com\/formacion\/wp-json\/wp\/v2\/comments?post=6811"}],"version-history":[{"count":3,"href":"https:\/\/joseppons.com\/formacion\/wp-json\/wp\/v2\/posts\/6811\/revisions"}],"predecessor-version":[{"id":18894,"href":"https:\/\/joseppons.com\/formacion\/wp-json\/wp\/v2\/posts\/6811\/revisions\/18894"}],"wp:featuredmedia":[{"embeddable":true,"href":"https:\/\/joseppons.com\/formacion\/wp-json\/wp\/v2\/media\/6868"}],"wp:attachment":[{"href":"https:\/\/joseppons.com\/formacion\/wp-json\/wp\/v2\/media?parent=6811"}],"wp:term":[{"taxonomy":"category","embeddable":true,"href":"https:\/\/joseppons.com\/formacion\/wp-json\/wp\/v2\/categories?post=6811"},{"taxonomy":"post_tag","embeddable":true,"href":"https:\/\/joseppons.com\/formacion\/wp-json\/wp\/v2\/tags?post=6811"}],"curies":[{"name":"wp","href":"https:\/\/api.w.org\/{rel}","templated":true}]}}