{"id":4701,"date":"2021-01-21T11:43:23","date_gmt":"2021-01-21T10:43:23","guid":{"rendered":"https:\/\/joseppons.com\/formacion\/?p=4701"},"modified":"2021-01-21T12:09:54","modified_gmt":"2021-01-21T11:09:54","slug":"trabajar-en-el-campo-de-la-cosmetologia-capilar","status":"publish","type":"post","link":"https:\/\/joseppons.com\/formacion\/trabajar-en-el-campo-de-la-cosmetologia-capilar\/","title":{"rendered":"Trabajar en el campo de la cosmetolog\u00eda capilar \ud83d\udd2c"},"content":{"rendered":"\t\t<div data-elementor-type=\"wp-post\" data-elementor-id=\"4701\" class=\"elementor elementor-4701\" data-elementor-post-type=\"post\">\n\t\t\t\t\t\t<section class=\"elementor-section elementor-top-section elementor-element elementor-element-b473c30 elementor-section-boxed elementor-section-height-default elementor-section-height-default\" data-id=\"b473c30\" data-element_type=\"section\">\n\t\t\t\t\t\t<div class=\"elementor-container elementor-column-gap-default\">\n\t\t\t\t\t<div class=\"elementor-column elementor-col-100 elementor-top-column elementor-element elementor-element-7865288\" data-id=\"7865288\" data-element_type=\"column\">\n\t\t\t<div class=\"elementor-widget-wrap elementor-element-populated\">\n\t\t\t\t\t\t<div class=\"elementor-element elementor-element-5978012 elementor-widget elementor-widget-text-editor\" data-id=\"5978012\" data-element_type=\"widget\" data-widget_type=\"text-editor.default\">\n\t\t\t\t<div class=\"elementor-widget-container\">\n\t\t\t\t\t\t\t\t\t<p>Que la <a href=\"https:\/\/joseppons.com\/formacion\/peluqueria\/\">peluquer\u00eda<\/a> se haya convertido en uno de los trabajos con m\u00e1s <strong>salidas profesionales<\/strong> no es mera casualidad.<\/p><p>La inversi\u00f3n en investigaci\u00f3n y cuidado capilar, la amplia oferta formativa y todas sus posibilidades profesionales han convertido la peluquer\u00eda en una profesi\u00f3n muy anhelada.<\/p><p>Y es que sin ir muy lejos, la mayor\u00eda de personas &#8211; tanto hombres como mujeres &#8211; hacen una visita a su sal\u00f3n de peluquer\u00eda o barber\u00eda cada mes y medio.<\/p><p>Esto, sumado a la actual inquietud de priorizar e invertir en salud personal, ha convertido la peluquer\u00eda en una necesidad b\u00e1sica e imprescindible.<\/p><p>A d\u00eda de hoy necesitamos acudir a este profesional para saber <a href=\"https:\/\/joseppons.com\/formacion\/contenidos-grado-medio-peluqueria-y-cosmetica-capilar\/\">el estado de salud de nuestro cabello<\/a>, qu\u00e9 corte de pelo nos queda mejor, conocer en exactitud qu\u00e9 productos capilares utilizar y, por supuesto, c\u00f3mo debemos emplearlos.<\/p><p>Toda esta demanda ha derivado a una mayor profesionalizaci\u00f3n de la figura del peluquero, que est\u00e1 especializado en el \u00e1mbito de la salud y la cosm\u00e9tica capilar.<\/p><p>De hecho, estos \u00faltimos a\u00f1os hemos podido ver como se ha diversificado el concepto cl\u00e1sico de peluquer\u00eda y consecuentemente se ha popularizado la labor del especialista en salud capilar.<\/p>\t\t\t\t\t\t\t\t<\/div>\n\t\t\t\t<\/div>\n\t\t\t\t\t<\/div>\n\t\t<\/div>\n\t\t\t\t\t<\/div>\n\t\t<\/section>\n\t\t\t\t<section class=\"elementor-section elementor-top-section elementor-element elementor-element-03e76e4 elementor-section-boxed elementor-section-height-default elementor-section-height-default\" data-id=\"03e76e4\" data-element_type=\"section\">\n\t\t\t\t\t\t<div class=\"elementor-container elementor-column-gap-default\">\n\t\t\t\t\t<div class=\"elementor-column elementor-col-100 elementor-top-column elementor-element elementor-element-47d33c3\" data-id=\"47d33c3\" data-element_type=\"column\">\n\t\t\t<div class=\"elementor-widget-wrap elementor-element-populated\">\n\t\t\t\t\t\t<div class=\"elementor-element elementor-element-9edde3b elementor-widget elementor-widget-heading\" data-id=\"9edde3b\" data-element_type=\"widget\" data-widget_type=\"heading.default\">\n\t\t\t\t<div class=\"elementor-widget-container\">\n\t\t\t\t\t<h2 class=\"elementor-heading-title elementor-size-default\">\n\u00bfQu\u00e9 es la cosmetolog\u00eda capilar?\n<\/h2>\t\t\t\t<\/div>\n\t\t\t\t<\/div>\n\t\t\t\t\t<\/div>\n\t\t<\/div>\n\t\t\t\t\t<\/div>\n\t\t<\/section>\n\t\t\t\t<section class=\"elementor-section elementor-top-section elementor-element elementor-element-6ceaa96 elementor-section-boxed elementor-section-height-default elementor-section-height-default\" data-id=\"6ceaa96\" data-element_type=\"section\">\n\t\t\t\t\t\t<div class=\"elementor-container elementor-column-gap-default\">\n\t\t\t\t\t<div class=\"elementor-column elementor-col-100 elementor-top-column elementor-element elementor-element-9e5218d\" data-id=\"9e5218d\" data-element_type=\"column\">\n\t\t\t<div class=\"elementor-widget-wrap elementor-element-populated\">\n\t\t\t\t\t\t<div class=\"elementor-element elementor-element-a41288a elementor-widget elementor-widget-text-editor\" data-id=\"a41288a\" data-element_type=\"widget\" data-widget_type=\"text-editor.default\">\n\t\t\t\t<div class=\"elementor-widget-container\">\n\t\t\t\t\t\t\t\t\t<p>La <a href=\"https:\/\/joseppons.com\/formacion\/ciclo-formativo-grado-medio-peluqueria\/\">cosmetolog\u00eda capilar<\/a> es una disciplina de las ciencias de la salud que estudia la acci\u00f3n y los efectos de los cosm\u00e9ticos y determina las normas generales de su uso pr\u00e1ctico en el cabello.<\/p><p>Todo, con el objetivo de favorecer la salud, el cuidado y mantenimiento del pelo.<\/p><p>Es por eso que es muy importante que antes de realizar cualquier tratamiento se hayan identificado previamente las <strong>caracter\u00edsticas del cabello<\/strong> para comprobar su estado y detectar si se padece alguna problem\u00e1tica, desde deshidrataci\u00f3n, desnutrici\u00f3n, caspa, rotura y ca\u00edda hasta un largo etc\u00e9tera.<\/p>\t\t\t\t\t\t\t\t<\/div>\n\t\t\t\t<\/div>\n\t\t\t\t\t<\/div>\n\t\t<\/div>\n\t\t\t\t\t<\/div>\n\t\t<\/section>\n\t\t\t\t<section class=\"elementor-section elementor-top-section elementor-element elementor-element-2488e83 elementor-section-boxed elementor-section-height-default elementor-section-height-default\" data-id=\"2488e83\" data-element_type=\"section\">\n\t\t\t\t\t\t<div class=\"elementor-container elementor-column-gap-default\">\n\t\t\t\t\t<div class=\"elementor-column elementor-col-100 elementor-top-column elementor-element elementor-element-658e6dc\" data-id=\"658e6dc\" data-element_type=\"column\">\n\t\t\t<div class=\"elementor-widget-wrap elementor-element-populated\">\n\t\t\t\t\t\t<div class=\"elementor-element elementor-element-b5865be elementor-widget elementor-widget-image\" data-id=\"b5865be\" data-element_type=\"widget\" data-widget_type=\"image.default\">\n\t\t\t\t<div class=\"elementor-widget-container\">\n\t\t\t\t\t\t\t\t\t\t\t\t\t\t\t<img fetchpriority=\"high\" decoding=\"async\" width=\"800\" height=\"533\" src=\"https:\/\/joseppons.com\/formacion\/wp-content\/uploads\/2021\/01\/diagnostico-capilar.jpg\" class=\"attachment-large size-large wp-image-4704\" alt=\"Diagn\u00f3stico capilar\" srcset=\"https:\/\/joseppons.com\/formacion\/wp-content\/uploads\/2021\/01\/diagnostico-capilar.jpg 800w, https:\/\/joseppons.com\/formacion\/wp-content\/uploads\/2021\/01\/diagnostico-capilar-768x512.jpg 768w\" sizes=\"(max-width: 800px) 100vw, 800px\" \/>\t\t\t\t\t\t\t\t\t\t\t\t\t\t\t<\/div>\n\t\t\t\t<\/div>\n\t\t\t\t\t<\/div>\n\t\t<\/div>\n\t\t\t\t\t<\/div>\n\t\t<\/section>\n\t\t\t\t<section class=\"elementor-section elementor-top-section elementor-element elementor-element-85c36de elementor-section-boxed elementor-section-height-default elementor-section-height-default\" data-id=\"85c36de\" data-element_type=\"section\">\n\t\t\t\t\t\t<div class=\"elementor-container elementor-column-gap-default\">\n\t\t\t\t\t<div class=\"elementor-column elementor-col-100 elementor-top-column elementor-element elementor-element-13a0db7\" data-id=\"13a0db7\" data-element_type=\"column\">\n\t\t\t<div class=\"elementor-widget-wrap elementor-element-populated\">\n\t\t\t\t\t\t<div class=\"elementor-element elementor-element-344acf4 elementor-widget elementor-widget-text-editor\" data-id=\"344acf4\" data-element_type=\"widget\" data-widget_type=\"text-editor.default\">\n\t\t\t\t<div class=\"elementor-widget-container\">\n\t\t\t\t\t\t\t\t\t<p>La <a href=\"https:\/\/joseppons.com\/servicios\/diagnostico-capilar\/\">cosm\u00e9tica capilar<\/a> es una de las \u00e1reas donde actualmente se invierte m\u00e1s dinero en investigaci\u00f3n y desarrollo.<\/p><p>La prueba de ello son la gran cantidad de gamas de productos dise\u00f1ados especialmente para tratar cada vez casos m\u00e1s espec\u00edficos o conseguir innumerables ventajas como, por ejemplo, mantener un cabello m\u00e1s brillante y atractivo.<\/p><p>Entre las principales funciones de los <strong>cosm\u00e9ticos capilares<\/strong> destacan la higiene, la correcci\u00f3n, el mantenimiento y la prevenci\u00f3n.<\/p><p>Es por eso que en el mercado actual no solamente encontramos productos espec\u00edficos para eliminar la suciedad sino que tambi\u00e9n existen m\u00faltiples cosm\u00e9ticos dise\u00f1ados para <strong>proteger el cabello<\/strong> de tintes y procesos de coloraci\u00f3n, permanentes y secados; cosm\u00e9tica farmacol\u00f3gica para restablecer el estado del cuero cabelludo en caso de alteraciones como la caspa, la desnutrici\u00f3n, la alopecia o la dermatitis seborreica, entre otras; y un gran abanico de m\u00e1s gamas profesionales para tratar cada tipolog\u00eda de cabello.<\/p>\t\t\t\t\t\t\t\t<\/div>\n\t\t\t\t<\/div>\n\t\t\t\t\t<\/div>\n\t\t<\/div>\n\t\t\t\t\t<\/div>\n\t\t<\/section>\n\t\t\t\t<section class=\"elementor-section elementor-top-section elementor-element elementor-element-424230c elementor-section-boxed elementor-section-height-default elementor-section-height-default\" data-id=\"424230c\" data-element_type=\"section\">\n\t\t\t\t\t\t<div class=\"elementor-container elementor-column-gap-default\">\n\t\t\t\t\t<div class=\"elementor-column elementor-col-100 elementor-top-column elementor-element elementor-element-ba0ea19\" data-id=\"ba0ea19\" data-element_type=\"column\">\n\t\t\t<div class=\"elementor-widget-wrap elementor-element-populated\">\n\t\t\t\t\t\t<div class=\"elementor-element elementor-element-3d34fd8 elementor-widget elementor-widget-heading\" data-id=\"3d34fd8\" data-element_type=\"widget\" data-widget_type=\"heading.default\">\n\t\t\t\t<div class=\"elementor-widget-container\">\n\t\t\t\t\t<h2 class=\"elementor-heading-title elementor-size-default\">\u00bfPor qu\u00e9 estudiar cosmetolog\u00eda?<\/h2>\t\t\t\t<\/div>\n\t\t\t\t<\/div>\n\t\t\t\t\t<\/div>\n\t\t<\/div>\n\t\t\t\t\t<\/div>\n\t\t<\/section>\n\t\t\t\t<section class=\"elementor-section elementor-top-section elementor-element elementor-element-615a55c elementor-section-boxed elementor-section-height-default elementor-section-height-default\" data-id=\"615a55c\" data-element_type=\"section\">\n\t\t\t\t\t\t<div class=\"elementor-container elementor-column-gap-default\">\n\t\t\t\t\t<div class=\"elementor-column elementor-col-100 elementor-top-column elementor-element elementor-element-5e010c0\" data-id=\"5e010c0\" data-element_type=\"column\">\n\t\t\t<div class=\"elementor-widget-wrap elementor-element-populated\">\n\t\t\t\t\t\t<div class=\"elementor-element elementor-element-9155fb5 elementor-widget elementor-widget-text-editor\" data-id=\"9155fb5\" data-element_type=\"widget\" data-widget_type=\"text-editor.default\">\n\t\t\t\t<div class=\"elementor-widget-container\">\n\t\t\t\t\t\t\t\t\t<p>Entre los motivos por los que\u00a0<strong>estudiar cosmetolog\u00eda capilar<\/strong> encontramos la alta demanda profesional que existe actualmente dentro del sector.<\/p><p>Y es que aunque nos pueda parecer que hay una gran cantidad de profesionales, todav\u00eda a d\u00eda de hoy se echa en falta la figura del cosmet\u00f3logo.<\/p><p>Vivimos en una \u00e9poca donde la salud personal es tan importante que la cosmetolog\u00eda se ha convertido en una disciplina m\u00e1s dentro de cualquier rutina de cuidado.<\/p><p>Actualmente, dentro de los h\u00e1bitos m\u00e1s frecuentes &#8211; como llevar una alimentaci\u00f3n saludable y hacer ejercicio diariamente &#8211; se ha a\u00f1adido el uso de productos y cosm\u00e9tica de calidad.<\/p><p>De esta manera, la <a href=\"https:\/\/joseppons.com\/formacion\/salidas-profesionales-de-la-peluqueria\/\">figura del profesional de la peluquer\u00eda<\/a> est\u00e1 evolucionando hacia la cosmetolog\u00eda para dar al cliente una atenci\u00f3n a\u00fan m\u00e1s especializada y con un valor a\u00f1adido incalculable.<\/p><p>El peluquero cosmet\u00f3logo es el m\u00e1ximo responsable para analizar y diagnosticar el cabello, realizar tratamientos rehabilitantes, y sugerir y recomendar productos de cuidado as\u00ed como su posterior aplicaci\u00f3n.<\/p>\t\t\t\t\t\t\t\t<\/div>\n\t\t\t\t<\/div>\n\t\t\t\t\t<\/div>\n\t\t<\/div>\n\t\t\t\t\t<\/div>\n\t\t<\/section>\n\t\t\t\t<section class=\"elementor-section elementor-top-section elementor-element elementor-element-6bf86d4 elementor-section-boxed elementor-section-height-default elementor-section-height-default\" data-id=\"6bf86d4\" data-element_type=\"section\">\n\t\t\t\t\t\t<div class=\"elementor-container elementor-column-gap-default\">\n\t\t\t\t\t<div class=\"elementor-column elementor-col-100 elementor-top-column elementor-element elementor-element-f3aab01\" data-id=\"f3aab01\" data-element_type=\"column\">\n\t\t\t<div class=\"elementor-widget-wrap elementor-element-populated\">\n\t\t\t\t\t\t<div class=\"elementor-element elementor-element-8ac3b22 elementor-widget elementor-widget-image\" data-id=\"8ac3b22\" data-element_type=\"widget\" data-widget_type=\"image.default\">\n\t\t\t\t<div class=\"elementor-widget-container\">\n\t\t\t\t\t\t\t\t\t\t\t\t\t\t\t<img decoding=\"async\" width=\"800\" height=\"533\" src=\"https:\/\/joseppons.com\/formacion\/wp-content\/uploads\/2021\/01\/productos-para-el-cabello.jpg\" class=\"attachment-large size-large wp-image-4708\" alt=\"Productos para el cabello\" srcset=\"https:\/\/joseppons.com\/formacion\/wp-content\/uploads\/2021\/01\/productos-para-el-cabello.jpg 800w, https:\/\/joseppons.com\/formacion\/wp-content\/uploads\/2021\/01\/productos-para-el-cabello-768x512.jpg 768w\" sizes=\"(max-width: 800px) 100vw, 800px\" \/>\t\t\t\t\t\t\t\t\t\t\t\t\t\t\t<\/div>\n\t\t\t\t<\/div>\n\t\t\t\t\t<\/div>\n\t\t<\/div>\n\t\t\t\t\t<\/div>\n\t\t<\/section>\n\t\t\t\t<section class=\"elementor-section elementor-top-section elementor-element elementor-element-7433b6d elementor-section-boxed elementor-section-height-default elementor-section-height-default\" data-id=\"7433b6d\" data-element_type=\"section\">\n\t\t\t\t\t\t<div class=\"elementor-container elementor-column-gap-default\">\n\t\t\t\t\t<div class=\"elementor-column elementor-col-100 elementor-top-column elementor-element elementor-element-9d41e64\" data-id=\"9d41e64\" data-element_type=\"column\">\n\t\t\t<div class=\"elementor-widget-wrap elementor-element-populated\">\n\t\t\t\t\t\t<div class=\"elementor-element elementor-element-95e4dcf elementor-widget elementor-widget-heading\" data-id=\"95e4dcf\" data-element_type=\"widget\" data-widget_type=\"heading.default\">\n\t\t\t\t<div class=\"elementor-widget-container\">\n\t\t\t\t\t<h2 class=\"elementor-heading-title elementor-size-default\">\u00bfQu\u00e9 estudiar para ser cosmet\u00f3logo capilar?<\/h2>\t\t\t\t<\/div>\n\t\t\t\t<\/div>\n\t\t\t\t\t<\/div>\n\t\t<\/div>\n\t\t\t\t\t<\/div>\n\t\t<\/section>\n\t\t\t\t<section class=\"elementor-section elementor-top-section elementor-element elementor-element-c21e899 elementor-section-boxed elementor-section-height-default elementor-section-height-default\" data-id=\"c21e899\" data-element_type=\"section\">\n\t\t\t\t\t\t<div class=\"elementor-container elementor-column-gap-default\">\n\t\t\t\t\t<div class=\"elementor-column elementor-col-100 elementor-top-column elementor-element elementor-element-7543484\" data-id=\"7543484\" data-element_type=\"column\">\n\t\t\t<div class=\"elementor-widget-wrap elementor-element-populated\">\n\t\t\t\t\t\t<div class=\"elementor-element elementor-element-ab0c6a3 elementor-widget elementor-widget-text-editor\" data-id=\"ab0c6a3\" data-element_type=\"widget\" data-widget_type=\"text-editor.default\">\n\t\t\t\t<div class=\"elementor-widget-container\">\n\t\t\t\t\t\t\t\t\t<p>El primer paso para convertirse en cosmet\u00f3logo capilar es empezar estudiando un <strong>Ciclo Formativo de Grado Medio de Peluquer\u00eda y Cosm\u00e9tica Capilar<\/strong>, con el que se obtiene una Titulaci\u00f3n Oficial expedida por la Generalitat y el Ministerio de Educaci\u00f3n.<\/p><p>Se trata de un curso acad\u00e9mico que tiene una duraci\u00f3n de dos a\u00f1os y que aporta todos los conocimientos necesarios para trabajar en el sector de la peluquer\u00eda.<\/p><p>De hecho, a lo largo del Grado Medio de Peluquer\u00eda y Cosm\u00e9tica Capilar de la <a href=\"https:\/\/joseppons.com\/formacion\/\">academia Josep Pons<\/a>, aparte de dar a los alumnos todos los contenidos y herramientas m\u00e1s relacionadas con el \u00e1rea de estilismo (corte, color, extensiones, moldeados,&#8230;), tambi\u00e9n se hace mucho hincapi\u00e9 a la salud del pelo, prestando especial atenci\u00f3n a las anomal\u00edas y problem\u00e1ticas m\u00e1s frecuentes y a todo el campo de la cosm\u00e9tica capilar: tipolog\u00edas y gamas de productos, sus propiedades, protocolos de uso, indicaciones y contraindicaciones,\u2026<\/p><p>Todo, a la vez que el alumnado aprende a desarrollar un estudio completo de an\u00e1lisis y diagn\u00f3stico capilar, identificando personalmente cada problem\u00e1tica y escogiendo y asesorando a un modelo real el uso espec\u00edfico de cada producto.<\/p><p>No obstante, es muy importante que el peluquero que quiere trabajar como cosmet\u00f3logo capilar, despu\u00e9s de adentrarse en el mundo de la peluquer\u00eda y la cosm\u00e9tica, tambi\u00e9n tenga una formaci\u00f3n espec\u00edfica en tricolog\u00eda y pr\u00f3tesis capilares.<\/p><p>Esto le permitir\u00e1 dar un salto cualitativo en su carrera profesional, especializ\u00e1ndose en la ciencia que <b>e<\/b><strong>studia el cabello y el cuero cabelludo<\/strong> para trabajar, por ejemplo, en cl\u00ednicas y laboratorios capilares.<\/p>\t\t\t\t\t\t\t\t<\/div>\n\t\t\t\t<\/div>\n\t\t\t\t\t<\/div>\n\t\t<\/div>\n\t\t\t\t\t<\/div>\n\t\t<\/section>\n\t\t\t\t<section class=\"elementor-section elementor-top-section elementor-element elementor-element-8ccf1aa elementor-section-boxed elementor-section-height-default elementor-section-height-default\" data-id=\"8ccf1aa\" data-element_type=\"section\">\n\t\t\t\t\t\t<div class=\"elementor-container elementor-column-gap-default\">\n\t\t\t\t\t<div class=\"elementor-column elementor-col-100 elementor-top-column elementor-element elementor-element-0160f04\" data-id=\"0160f04\" data-element_type=\"column\">\n\t\t\t<div class=\"elementor-widget-wrap elementor-element-populated\">\n\t\t\t\t\t\t<div class=\"elementor-element elementor-element-0c43390 elementor-widget elementor-widget-image\" data-id=\"0c43390\" data-element_type=\"widget\" data-widget_type=\"image.default\">\n\t\t\t\t<div class=\"elementor-widget-container\">\n\t\t\t\t\t\t\t\t\t\t\t\t\t\t\t<img decoding=\"async\" width=\"760\" height=\"500\" src=\"https:\/\/joseppons.com\/formacion\/wp-content\/uploads\/2021\/01\/tricologia-760x500.jpg\" class=\"attachment-post_thumb_port size-post_thumb_port wp-image-4709\" alt=\"Tricolog\u00eda\" \/>\t\t\t\t\t\t\t\t\t\t\t\t\t\t\t<\/div>\n\t\t\t\t<\/div>\n\t\t\t\t\t<\/div>\n\t\t<\/div>\n\t\t\t\t\t<\/div>\n\t\t<\/section>\n\t\t\t\t<\/div>\n\t\t","protected":false},"excerpt":{"rendered":"<p>Que la peluquer\u00eda se haya convertido en uno de los trabajos con m\u00e1s salidas profesionales no es mera casualidad. La inversi\u00f3n en investigaci\u00f3n y cuidado capilar, la amplia oferta formativa y todas sus posibilidades profesionales han convertido la peluquer\u00eda en una profesi\u00f3n muy anhelada. Y es que sin ir muy lejos, la mayor\u00eda de personas&#8230;<\/p>\n","protected":false},"author":2,"featured_media":4702,"comment_status":"open","ping_status":"closed","sticky":false,"template":"","format":"standard","meta":{"_joinchat":[],"footnotes":""},"categories":[137,529,102,101,74,7,13],"tags":[138,530,16,516,156,531],"class_list":["post-4701","post","type-post","status-publish","format-standard","has-post-thumbnail","hentry","category-barberia","category-cosmetologia-capilar","category-grado-medio-y-superior-en-peluqueria","category-grados-y-cursos","category-maquillaje","category-peluqueria","category-tecnicas-y-coloraciones","tag-barberia","tag-cosmetologia-capilar","tag-peluqueria","tag-salon-de-barberia","tag-salon-de-peluqueria","tag-trabajar"],"yoast_head":"<!-- This site is optimized with the Yoast SEO plugin v26.7 - https:\/\/yoast.com\/wordpress\/plugins\/seo\/ -->\n<title>Trabajar en el campo de la cosmetolog\u00eda capilar \ud83d\udd2c - Josep Pons Formaci\u00f3n<\/title>\n<meta name=\"description\" content=\"Una de las salidas profesionales de la peluquer\u00eda es trabajar en el campo de la cosmetolog\u00eda capilar, que actualmente se ha convertido en...\" \/>\n<meta name=\"robots\" content=\"index, follow, max-snippet:-1, max-image-preview:large, max-video-preview:-1\" \/>\n<link rel=\"canonical\" href=\"https:\/\/joseppons.com\/formacion\/trabajar-en-el-campo-de-la-cosmetologia-capilar\/\" \/>\n<meta property=\"og:locale\" content=\"es_ES\" \/>\n<meta property=\"og:type\" content=\"article\" \/>\n<meta property=\"og:title\" content=\"Trabajar en el campo de la cosmetolog\u00eda capilar \ud83d\udd2c - Josep Pons Formaci\u00f3n\" \/>\n<meta property=\"og:description\" content=\"Una de las salidas profesionales de la peluquer\u00eda es trabajar en el campo de la cosmetolog\u00eda capilar, que actualmente se ha convertido en...\" \/>\n<meta property=\"og:url\" content=\"https:\/\/joseppons.com\/formacion\/trabajar-en-el-campo-de-la-cosmetologia-capilar\/\" \/>\n<meta property=\"og:site_name\" content=\"Josep Pons Formaci\u00f3n\" \/>\n<meta property=\"article:publisher\" content=\"https:\/\/es-es.facebook.com\/JosepPonsFormacio\/\" \/>\n<meta property=\"article:published_time\" content=\"2021-01-21T10:43:23+00:00\" \/>\n<meta property=\"article:modified_time\" content=\"2021-01-21T11:09:54+00:00\" \/>\n<meta property=\"og:image\" content=\"https:\/\/joseppons.com\/formacion\/wp-content\/uploads\/2021\/01\/trabajar-como-cosmetologo.jpg\" \/>\n\t<meta property=\"og:image:width\" content=\"800\" \/>\n\t<meta property=\"og:image:height\" content=\"533\" \/>\n\t<meta property=\"og:image:type\" content=\"image\/jpeg\" \/>\n<meta name=\"author\" content=\"joseppons\" \/>\n<meta name=\"twitter:card\" content=\"summary_large_image\" \/>\n<meta name=\"twitter:creator\" content=\"@josepponsimatge\" \/>\n<meta name=\"twitter:site\" content=\"@josepponsimatge\" \/>\n<meta name=\"twitter:label1\" content=\"Escrito por\" \/>\n\t<meta name=\"twitter:data1\" content=\"joseppons\" \/>\n\t<meta name=\"twitter:label2\" content=\"Tiempo de lectura\" \/>\n\t<meta name=\"twitter:data2\" content=\"5 minutos\" \/>\n<script type=\"application\/ld+json\" class=\"yoast-schema-graph\">{\"@context\":\"https:\/\/schema.org\",\"@graph\":[{\"@type\":\"Article\",\"@id\":\"https:\/\/joseppons.com\/formacion\/trabajar-en-el-campo-de-la-cosmetologia-capilar\/#article\",\"isPartOf\":{\"@id\":\"https:\/\/joseppons.com\/formacion\/trabajar-en-el-campo-de-la-cosmetologia-capilar\/\"},\"author\":{\"name\":\"joseppons\",\"@id\":\"https:\/\/joseppons.com\/formacion\/#\/schema\/person\/52350c76759824d67ee4b9d948063ed1\"},\"headline\":\"Trabajar en el campo de la cosmetolog\u00eda capilar \ud83d\udd2c\",\"datePublished\":\"2021-01-21T10:43:23+00:00\",\"dateModified\":\"2021-01-21T11:09:54+00:00\",\"mainEntityOfPage\":{\"@id\":\"https:\/\/joseppons.com\/formacion\/trabajar-en-el-campo-de-la-cosmetologia-capilar\/\"},\"wordCount\":977,\"commentCount\":0,\"publisher\":{\"@id\":\"https:\/\/joseppons.com\/formacion\/#organization\"},\"image\":{\"@id\":\"https:\/\/joseppons.com\/formacion\/trabajar-en-el-campo-de-la-cosmetologia-capilar\/#primaryimage\"},\"thumbnailUrl\":\"https:\/\/joseppons.com\/formacion\/wp-content\/uploads\/2021\/01\/trabajar-como-cosmetologo.jpg\",\"keywords\":[\"Barber\u00eda\",\"cosmetolog\u00eda capilar\",\"Peluquer\u00eda\",\"Sal\u00f3n de barber\u00eda\",\"Sal\u00f3n de peluquer\u00eda\",\"Trabajar\"],\"articleSection\":[\"Barber\u00eda\",\"cosmetolog\u00eda capilar\",\"Grado Medio y Superior en peluqueria\",\"Grados y cursos\",\"Maquillaje\",\"Peluquer\u00eda\",\"t\u00e9cnicas y coloraciones\"],\"inLanguage\":\"es\",\"potentialAction\":[{\"@type\":\"CommentAction\",\"name\":\"Comment\",\"target\":[\"https:\/\/joseppons.com\/formacion\/trabajar-en-el-campo-de-la-cosmetologia-capilar\/#respond\"]}]},{\"@type\":\"WebPage\",\"@id\":\"https:\/\/joseppons.com\/formacion\/trabajar-en-el-campo-de-la-cosmetologia-capilar\/\",\"url\":\"https:\/\/joseppons.com\/formacion\/trabajar-en-el-campo-de-la-cosmetologia-capilar\/\",\"name\":\"Trabajar en el campo de la cosmetolog\u00eda capilar \ud83d\udd2c - Josep Pons Formaci\u00f3n\",\"isPartOf\":{\"@id\":\"https:\/\/joseppons.com\/formacion\/#website\"},\"primaryImageOfPage\":{\"@id\":\"https:\/\/joseppons.com\/formacion\/trabajar-en-el-campo-de-la-cosmetologia-capilar\/#primaryimage\"},\"image\":{\"@id\":\"https:\/\/joseppons.com\/formacion\/trabajar-en-el-campo-de-la-cosmetologia-capilar\/#primaryimage\"},\"thumbnailUrl\":\"https:\/\/joseppons.com\/formacion\/wp-content\/uploads\/2021\/01\/trabajar-como-cosmetologo.jpg\",\"datePublished\":\"2021-01-21T10:43:23+00:00\",\"dateModified\":\"2021-01-21T11:09:54+00:00\",\"description\":\"Una de las salidas profesionales de la peluquer\u00eda es trabajar en el campo de la cosmetolog\u00eda capilar, que actualmente se ha convertido en...\",\"breadcrumb\":{\"@id\":\"https:\/\/joseppons.com\/formacion\/trabajar-en-el-campo-de-la-cosmetologia-capilar\/#breadcrumb\"},\"inLanguage\":\"es\",\"potentialAction\":[{\"@type\":\"ReadAction\",\"target\":[\"https:\/\/joseppons.com\/formacion\/trabajar-en-el-campo-de-la-cosmetologia-capilar\/\"]}]},{\"@type\":\"ImageObject\",\"inLanguage\":\"es\",\"@id\":\"https:\/\/joseppons.com\/formacion\/trabajar-en-el-campo-de-la-cosmetologia-capilar\/#primaryimage\",\"url\":\"https:\/\/joseppons.com\/formacion\/wp-content\/uploads\/2021\/01\/trabajar-como-cosmetologo.jpg\",\"contentUrl\":\"https:\/\/joseppons.com\/formacion\/wp-content\/uploads\/2021\/01\/trabajar-como-cosmetologo.jpg\",\"width\":800,\"height\":533,\"caption\":\"Trabajar como cosmet\u00f3logo capilar\"},{\"@type\":\"BreadcrumbList\",\"@id\":\"https:\/\/joseppons.com\/formacion\/trabajar-en-el-campo-de-la-cosmetologia-capilar\/#breadcrumb\",\"itemListElement\":[{\"@type\":\"ListItem\",\"position\":1,\"name\":\"Portada\",\"item\":\"https:\/\/joseppons.com\/formacion\/\"},{\"@type\":\"ListItem\",\"position\":2,\"name\":\"Trabajar en el campo de la cosmetolog\u00eda capilar \ud83d\udd2c\"}]},{\"@type\":\"WebSite\",\"@id\":\"https:\/\/joseppons.com\/formacion\/#website\",\"url\":\"https:\/\/joseppons.com\/formacion\/\",\"name\":\"Josep Pons Formaci\u00f3n\",\"description\":\"\",\"publisher\":{\"@id\":\"https:\/\/joseppons.com\/formacion\/#organization\"},\"potentialAction\":[{\"@type\":\"SearchAction\",\"target\":{\"@type\":\"EntryPoint\",\"urlTemplate\":\"https:\/\/joseppons.com\/formacion\/?s={search_term_string}\"},\"query-input\":{\"@type\":\"PropertyValueSpecification\",\"valueRequired\":true,\"valueName\":\"search_term_string\"}}],\"inLanguage\":\"es\"},{\"@type\":\"Organization\",\"@id\":\"https:\/\/joseppons.com\/formacion\/#organization\",\"name\":\"Josep Pons\",\"url\":\"https:\/\/joseppons.com\/formacion\/\",\"logo\":{\"@type\":\"ImageObject\",\"inLanguage\":\"es\",\"@id\":\"https:\/\/joseppons.com\/formacion\/#\/schema\/logo\/image\/\",\"url\":\"https:\/\/joseppons.com\/formacion\/wp-content\/uploads\/2018\/09\/logotipo-home-josepponsformacio-1.png\",\"contentUrl\":\"https:\/\/joseppons.com\/formacion\/wp-content\/uploads\/2018\/09\/logotipo-home-josepponsformacio-1.png\",\"width\":420,\"height\":280,\"caption\":\"Josep Pons\"},\"image\":{\"@id\":\"https:\/\/joseppons.com\/formacion\/#\/schema\/logo\/image\/\"},\"sameAs\":[\"https:\/\/es-es.facebook.com\/JosepPonsFormacio\/\",\"https:\/\/x.com\/josepponsimatge\",\"https:\/\/www.instagram.com\/ponsformacion\/\"]},{\"@type\":\"Person\",\"@id\":\"https:\/\/joseppons.com\/formacion\/#\/schema\/person\/52350c76759824d67ee4b9d948063ed1\",\"name\":\"joseppons\"}]}<\/script>\n<!-- \/ Yoast SEO plugin. -->","yoast_head_json":{"title":"Trabajar en el campo de la cosmetolog\u00eda capilar \ud83d\udd2c - Josep Pons Formaci\u00f3n","description":"Una de las salidas profesionales de la peluquer\u00eda es trabajar en el campo de la cosmetolog\u00eda capilar, que actualmente se ha convertido en...","robots":{"index":"index","follow":"follow","max-snippet":"max-snippet:-1","max-image-preview":"max-image-preview:large","max-video-preview":"max-video-preview:-1"},"canonical":"https:\/\/joseppons.com\/formacion\/trabajar-en-el-campo-de-la-cosmetologia-capilar\/","og_locale":"es_ES","og_type":"article","og_title":"Trabajar en el campo de la cosmetolog\u00eda capilar \ud83d\udd2c - Josep Pons Formaci\u00f3n","og_description":"Una de las salidas profesionales de la peluquer\u00eda es trabajar en el campo de la cosmetolog\u00eda capilar, que actualmente se ha convertido en...","og_url":"https:\/\/joseppons.com\/formacion\/trabajar-en-el-campo-de-la-cosmetologia-capilar\/","og_site_name":"Josep Pons Formaci\u00f3n","article_publisher":"https:\/\/es-es.facebook.com\/JosepPonsFormacio\/","article_published_time":"2021-01-21T10:43:23+00:00","article_modified_time":"2021-01-21T11:09:54+00:00","og_image":[{"width":800,"height":533,"url":"https:\/\/joseppons.com\/formacion\/wp-content\/uploads\/2021\/01\/trabajar-como-cosmetologo.jpg","type":"image\/jpeg"}],"author":"joseppons","twitter_card":"summary_large_image","twitter_creator":"@josepponsimatge","twitter_site":"@josepponsimatge","twitter_misc":{"Escrito por":"joseppons","Tiempo de lectura":"5 minutos"},"schema":{"@context":"https:\/\/schema.org","@graph":[{"@type":"Article","@id":"https:\/\/joseppons.com\/formacion\/trabajar-en-el-campo-de-la-cosmetologia-capilar\/#article","isPartOf":{"@id":"https:\/\/joseppons.com\/formacion\/trabajar-en-el-campo-de-la-cosmetologia-capilar\/"},"author":{"name":"joseppons","@id":"https:\/\/joseppons.com\/formacion\/#\/schema\/person\/52350c76759824d67ee4b9d948063ed1"},"headline":"Trabajar en el campo de la cosmetolog\u00eda capilar \ud83d\udd2c","datePublished":"2021-01-21T10:43:23+00:00","dateModified":"2021-01-21T11:09:54+00:00","mainEntityOfPage":{"@id":"https:\/\/joseppons.com\/formacion\/trabajar-en-el-campo-de-la-cosmetologia-capilar\/"},"wordCount":977,"commentCount":0,"publisher":{"@id":"https:\/\/joseppons.com\/formacion\/#organization"},"image":{"@id":"https:\/\/joseppons.com\/formacion\/trabajar-en-el-campo-de-la-cosmetologia-capilar\/#primaryimage"},"thumbnailUrl":"https:\/\/joseppons.com\/formacion\/wp-content\/uploads\/2021\/01\/trabajar-como-cosmetologo.jpg","keywords":["Barber\u00eda","cosmetolog\u00eda capilar","Peluquer\u00eda","Sal\u00f3n de barber\u00eda","Sal\u00f3n de peluquer\u00eda","Trabajar"],"articleSection":["Barber\u00eda","cosmetolog\u00eda capilar","Grado Medio y Superior en peluqueria","Grados y cursos","Maquillaje","Peluquer\u00eda","t\u00e9cnicas y coloraciones"],"inLanguage":"es","potentialAction":[{"@type":"CommentAction","name":"Comment","target":["https:\/\/joseppons.com\/formacion\/trabajar-en-el-campo-de-la-cosmetologia-capilar\/#respond"]}]},{"@type":"WebPage","@id":"https:\/\/joseppons.com\/formacion\/trabajar-en-el-campo-de-la-cosmetologia-capilar\/","url":"https:\/\/joseppons.com\/formacion\/trabajar-en-el-campo-de-la-cosmetologia-capilar\/","name":"Trabajar en el campo de la cosmetolog\u00eda capilar \ud83d\udd2c - Josep Pons Formaci\u00f3n","isPartOf":{"@id":"https:\/\/joseppons.com\/formacion\/#website"},"primaryImageOfPage":{"@id":"https:\/\/joseppons.com\/formacion\/trabajar-en-el-campo-de-la-cosmetologia-capilar\/#primaryimage"},"image":{"@id":"https:\/\/joseppons.com\/formacion\/trabajar-en-el-campo-de-la-cosmetologia-capilar\/#primaryimage"},"thumbnailUrl":"https:\/\/joseppons.com\/formacion\/wp-content\/uploads\/2021\/01\/trabajar-como-cosmetologo.jpg","datePublished":"2021-01-21T10:43:23+00:00","dateModified":"2021-01-21T11:09:54+00:00","description":"Una de las salidas profesionales de la peluquer\u00eda es trabajar en el campo de la cosmetolog\u00eda capilar, que actualmente se ha convertido en...","breadcrumb":{"@id":"https:\/\/joseppons.com\/formacion\/trabajar-en-el-campo-de-la-cosmetologia-capilar\/#breadcrumb"},"inLanguage":"es","potentialAction":[{"@type":"ReadAction","target":["https:\/\/joseppons.com\/formacion\/trabajar-en-el-campo-de-la-cosmetologia-capilar\/"]}]},{"@type":"ImageObject","inLanguage":"es","@id":"https:\/\/joseppons.com\/formacion\/trabajar-en-el-campo-de-la-cosmetologia-capilar\/#primaryimage","url":"https:\/\/joseppons.com\/formacion\/wp-content\/uploads\/2021\/01\/trabajar-como-cosmetologo.jpg","contentUrl":"https:\/\/joseppons.com\/formacion\/wp-content\/uploads\/2021\/01\/trabajar-como-cosmetologo.jpg","width":800,"height":533,"caption":"Trabajar como cosmet\u00f3logo capilar"},{"@type":"BreadcrumbList","@id":"https:\/\/joseppons.com\/formacion\/trabajar-en-el-campo-de-la-cosmetologia-capilar\/#breadcrumb","itemListElement":[{"@type":"ListItem","position":1,"name":"Portada","item":"https:\/\/joseppons.com\/formacion\/"},{"@type":"ListItem","position":2,"name":"Trabajar en el campo de la cosmetolog\u00eda capilar \ud83d\udd2c"}]},{"@type":"WebSite","@id":"https:\/\/joseppons.com\/formacion\/#website","url":"https:\/\/joseppons.com\/formacion\/","name":"Josep Pons Formaci\u00f3n","description":"","publisher":{"@id":"https:\/\/joseppons.com\/formacion\/#organization"},"potentialAction":[{"@type":"SearchAction","target":{"@type":"EntryPoint","urlTemplate":"https:\/\/joseppons.com\/formacion\/?s={search_term_string}"},"query-input":{"@type":"PropertyValueSpecification","valueRequired":true,"valueName":"search_term_string"}}],"inLanguage":"es"},{"@type":"Organization","@id":"https:\/\/joseppons.com\/formacion\/#organization","name":"Josep Pons","url":"https:\/\/joseppons.com\/formacion\/","logo":{"@type":"ImageObject","inLanguage":"es","@id":"https:\/\/joseppons.com\/formacion\/#\/schema\/logo\/image\/","url":"https:\/\/joseppons.com\/formacion\/wp-content\/uploads\/2018\/09\/logotipo-home-josepponsformacio-1.png","contentUrl":"https:\/\/joseppons.com\/formacion\/wp-content\/uploads\/2018\/09\/logotipo-home-josepponsformacio-1.png","width":420,"height":280,"caption":"Josep Pons"},"image":{"@id":"https:\/\/joseppons.com\/formacion\/#\/schema\/logo\/image\/"},"sameAs":["https:\/\/es-es.facebook.com\/JosepPonsFormacio\/","https:\/\/x.com\/josepponsimatge","https:\/\/www.instagram.com\/ponsformacion\/"]},{"@type":"Person","@id":"https:\/\/joseppons.com\/formacion\/#\/schema\/person\/52350c76759824d67ee4b9d948063ed1","name":"joseppons"}]}},"_links":{"self":[{"href":"https:\/\/joseppons.com\/formacion\/wp-json\/wp\/v2\/posts\/4701","targetHints":{"allow":["GET"]}}],"collection":[{"href":"https:\/\/joseppons.com\/formacion\/wp-json\/wp\/v2\/posts"}],"about":[{"href":"https:\/\/joseppons.com\/formacion\/wp-json\/wp\/v2\/types\/post"}],"author":[{"embeddable":true,"href":"https:\/\/joseppons.com\/formacion\/wp-json\/wp\/v2\/users\/2"}],"replies":[{"embeddable":true,"href":"https:\/\/joseppons.com\/formacion\/wp-json\/wp\/v2\/comments?post=4701"}],"version-history":[{"count":0,"href":"https:\/\/joseppons.com\/formacion\/wp-json\/wp\/v2\/posts\/4701\/revisions"}],"wp:featuredmedia":[{"embeddable":true,"href":"https:\/\/joseppons.com\/formacion\/wp-json\/wp\/v2\/media\/4702"}],"wp:attachment":[{"href":"https:\/\/joseppons.com\/formacion\/wp-json\/wp\/v2\/media?parent=4701"}],"wp:term":[{"taxonomy":"category","embeddable":true,"href":"https:\/\/joseppons.com\/formacion\/wp-json\/wp\/v2\/categories?post=4701"},{"taxonomy":"post_tag","embeddable":true,"href":"https:\/\/joseppons.com\/formacion\/wp-json\/wp\/v2\/tags?post=4701"}],"curies":[{"name":"wp","href":"https:\/\/api.w.org\/{rel}","templated":true}]}}