{"id":4580,"date":"2021-01-12T12:51:36","date_gmt":"2021-01-12T11:51:36","guid":{"rendered":"https:\/\/joseppons.com\/formacion\/?p=4580"},"modified":"2021-01-14T11:00:36","modified_gmt":"2021-01-14T10:00:36","slug":"atencion-publico-sector-imagen","status":"publish","type":"post","link":"https:\/\/joseppons.com\/formacion\/atencion-publico-sector-imagen\/","title":{"rendered":"La atenci\u00f3n al p\u00fablico en el sector de la imagen \ud83d\udc6b"},"content":{"rendered":"\t\t<div data-elementor-type=\"wp-post\" data-elementor-id=\"4580\" class=\"elementor elementor-4580\" data-elementor-post-type=\"post\">\n\t\t\t\t\t\t<section class=\"elementor-section elementor-top-section elementor-element elementor-element-aebc245 elementor-section-boxed elementor-section-height-default elementor-section-height-default\" data-id=\"aebc245\" data-element_type=\"section\">\n\t\t\t\t\t\t<div class=\"elementor-container elementor-column-gap-default\">\n\t\t\t\t\t<div class=\"elementor-column elementor-col-100 elementor-top-column elementor-element elementor-element-d51e566\" data-id=\"d51e566\" data-element_type=\"column\">\n\t\t\t<div class=\"elementor-widget-wrap elementor-element-populated\">\n\t\t\t\t\t\t<div class=\"elementor-element elementor-element-56716e5 elementor-widget elementor-widget-text-editor\" data-id=\"56716e5\" data-element_type=\"widget\" data-widget_type=\"text-editor.default\">\n\t\t\t\t<div class=\"elementor-widget-container\">\n\t\t\t\t\t\t\t\t\t<p>La atenci\u00f3n al p\u00fablico es un arte.<\/p><p>La labor de los <a href=\"https:\/\/joseppons.com\/formacion\/especializacion-de-asesoria-de-imagen\/\">profesionales de la imagen<\/a> es escuchar, entender, analizar y asesorar para, despu\u00e9s, realizar el servicio que cada cliente desea.\u00a0<span style=\"font-size: 1em; letter-spacing: 0px;\">Est\u00e1 en sus manos proponer las opciones que m\u00e1s se adecuan a sus objetivos, as\u00ed como ofrecerles la m\u00e1xima comodidad y calidad en el servicio a lo largo de su estancia.<\/span><\/p><p>Y es que cuando un cliente entra por la puerta de un <strong>sal\u00f3n de belleza, peluquer\u00eda o barber\u00eda<\/strong> est\u00e1 dando toda su confianza a los profesionales para que cuiden de su imagen y cumplan con todas sus expectativas.<\/p><p>Este servicio debe traducirse como una oportunidad clave para fidelizar su habitualidad y convertirse en sus profesionales o centro de referencia.<\/p><p>Es por eso que toda nuestra formaci\u00f3n (desde los <strong>Ciclos Formativos de Grado Medio y Grado Superior<\/strong> hasta los <a href=\"https:\/\/joseppons.com\/formacion\/cursos-especializacion\/\">cursos de especializaci\u00f3n para profesionales<\/a> en activo) busca aportar a los alumnos todas las herramientas necesarias para aprender a actuar en p\u00fablico, atendiendo a clientes reales y entrenando sus habilidades para detectar todas sus necesidades.<\/p><p>Los centros de peluquer\u00eda y est\u00e9tica son un lugar donde los usuarios pueden llegar a pasarse much\u00edsimo rato, por lo que hay que establecer un clima de confianza y hacer de cada establecimiento un lugar c\u00e1lido y apacible donde los clientes se sientan como en casa.<\/p><p>\u00bfQuieres conocer los mejores consejos para prestar un servicio de atenci\u00f3n al p\u00fablico digno de admirar?<\/p><p>\u00a1Los detallamos a continuaci\u00f3n!<\/p>\t\t\t\t\t\t\t\t<\/div>\n\t\t\t\t<\/div>\n\t\t\t\t\t<\/div>\n\t\t<\/div>\n\t\t\t\t\t<\/div>\n\t\t<\/section>\n\t\t\t\t<section class=\"elementor-section elementor-top-section elementor-element elementor-element-9f7c136 elementor-section-boxed elementor-section-height-default elementor-section-height-default\" data-id=\"9f7c136\" data-element_type=\"section\">\n\t\t\t\t\t\t<div class=\"elementor-container elementor-column-gap-default\">\n\t\t\t\t\t<div class=\"elementor-column elementor-col-100 elementor-top-column elementor-element elementor-element-d6034a2\" data-id=\"d6034a2\" data-element_type=\"column\">\n\t\t\t<div class=\"elementor-widget-wrap elementor-element-populated\">\n\t\t\t\t\t\t<div class=\"elementor-element elementor-element-3f62a6e elementor-widget elementor-widget-heading\" data-id=\"3f62a6e\" data-element_type=\"widget\" data-widget_type=\"heading.default\">\n\t\t\t\t<div class=\"elementor-widget-container\">\n\t\t\t\t\t<h2 class=\"elementor-heading-title elementor-size-default\">1.\tEstablecer feedback<\/h2>\t\t\t\t<\/div>\n\t\t\t\t<\/div>\n\t\t\t\t\t<\/div>\n\t\t<\/div>\n\t\t\t\t\t<\/div>\n\t\t<\/section>\n\t\t\t\t<section class=\"elementor-section elementor-top-section elementor-element elementor-element-336e07b elementor-section-boxed elementor-section-height-default elementor-section-height-default\" data-id=\"336e07b\" data-element_type=\"section\">\n\t\t\t\t\t\t<div class=\"elementor-container elementor-column-gap-default\">\n\t\t\t\t\t<div class=\"elementor-column elementor-col-100 elementor-top-column elementor-element elementor-element-ffde77e\" data-id=\"ffde77e\" data-element_type=\"column\">\n\t\t\t<div class=\"elementor-widget-wrap elementor-element-populated\">\n\t\t\t\t\t\t<div class=\"elementor-element elementor-element-9bbf1aa elementor-widget elementor-widget-text-editor\" data-id=\"9bbf1aa\" data-element_type=\"widget\" data-widget_type=\"text-editor.default\">\n\t\t\t\t<div class=\"elementor-widget-container\">\n\t\t\t\t\t\t\t\t\t<p>El trato y la capacidad de establecer un feedback con los clientes marcar\u00e1 una diferencia enorme en cuanto a la incidencia que puede llegar a tener el profesional a la hora de recomendar y argumentar <a href=\"https:\/\/joseppons.com\/servicios\/\">servicios y productos de cuidado personal<\/a>.<\/p><p>Para ello, el profesional debe asegurarse que cuando el cliente entra por la puerta ya se sienta atendido, mostr\u00e1ndole en todo momento ilusi\u00f3n por recibirlo y ganas de ofrecerle una experiencia inmejorable.<\/p><p>El cliente debe ser el centro de atenci\u00f3n, no se debe descuidar en ning\u00fan momento y hay que hacerle saber todo lo bueno que se puede llegar a hacer por \u00e9l.<\/p><p>Resolver sus dudas con honestidad, ofreci\u00e9ndole en todo momento una informaci\u00f3n clara y sincera<strong>, ayudar\u00e1 al profesional de la imagen<\/strong> a conseguir ganarse su confianza.<\/p>\t\t\t\t\t\t\t\t<\/div>\n\t\t\t\t<\/div>\n\t\t\t\t\t<\/div>\n\t\t<\/div>\n\t\t\t\t\t<\/div>\n\t\t<\/section>\n\t\t\t\t<section class=\"elementor-section elementor-top-section elementor-element elementor-element-0728a62 elementor-section-boxed elementor-section-height-default elementor-section-height-default\" data-id=\"0728a62\" data-element_type=\"section\">\n\t\t\t\t\t\t<div class=\"elementor-container elementor-column-gap-default\">\n\t\t\t\t\t<div class=\"elementor-column elementor-col-100 elementor-top-column elementor-element elementor-element-60f9d99\" data-id=\"60f9d99\" data-element_type=\"column\">\n\t\t\t<div class=\"elementor-widget-wrap elementor-element-populated\">\n\t\t\t\t\t\t<div class=\"elementor-element elementor-element-8f53f9d elementor-widget elementor-widget-image\" data-id=\"8f53f9d\" data-element_type=\"widget\" data-widget_type=\"image.default\">\n\t\t\t\t<div class=\"elementor-widget-container\">\n\t\t\t\t\t\t\t\t\t\t\t\t\t\t\t<img fetchpriority=\"high\" decoding=\"async\" width=\"800\" height=\"556\" src=\"https:\/\/joseppons.com\/formacion\/wp-content\/uploads\/2021\/01\/welcome-salon.jpg\" class=\"attachment-large size-large wp-image-4591\" alt=\"1. Establecer Feedback\" srcset=\"https:\/\/joseppons.com\/formacion\/wp-content\/uploads\/2021\/01\/welcome-salon.jpg 800w, https:\/\/joseppons.com\/formacion\/wp-content\/uploads\/2021\/01\/welcome-salon-768x534.jpg 768w\" sizes=\"(max-width: 800px) 100vw, 800px\" \/>\t\t\t\t\t\t\t\t\t\t\t\t\t\t\t<\/div>\n\t\t\t\t<\/div>\n\t\t\t\t\t<\/div>\n\t\t<\/div>\n\t\t\t\t\t<\/div>\n\t\t<\/section>\n\t\t\t\t<section class=\"elementor-section elementor-top-section elementor-element elementor-element-631e0f6 elementor-section-boxed elementor-section-height-default elementor-section-height-default\" data-id=\"631e0f6\" data-element_type=\"section\">\n\t\t\t\t\t\t<div class=\"elementor-container elementor-column-gap-default\">\n\t\t\t\t\t<div class=\"elementor-column elementor-col-100 elementor-top-column elementor-element elementor-element-00491a4\" data-id=\"00491a4\" data-element_type=\"column\">\n\t\t\t<div class=\"elementor-widget-wrap elementor-element-populated\">\n\t\t\t\t\t\t<div class=\"elementor-element elementor-element-d421336 elementor-widget elementor-widget-heading\" data-id=\"d421336\" data-element_type=\"widget\" data-widget_type=\"heading.default\">\n\t\t\t\t<div class=\"elementor-widget-container\">\n\t\t\t\t\t<h2 class=\"elementor-heading-title elementor-size-default\">2.\tConocer sus necesidades<\/h2>\t\t\t\t<\/div>\n\t\t\t\t<\/div>\n\t\t\t\t\t<\/div>\n\t\t<\/div>\n\t\t\t\t\t<\/div>\n\t\t<\/section>\n\t\t\t\t<section class=\"elementor-section elementor-top-section elementor-element elementor-element-abe5fef elementor-section-boxed elementor-section-height-default elementor-section-height-default\" data-id=\"abe5fef\" data-element_type=\"section\">\n\t\t\t\t\t\t<div class=\"elementor-container elementor-column-gap-default\">\n\t\t\t\t\t<div class=\"elementor-column elementor-col-100 elementor-top-column elementor-element elementor-element-88e6b1e\" data-id=\"88e6b1e\" data-element_type=\"column\">\n\t\t\t<div class=\"elementor-widget-wrap elementor-element-populated\">\n\t\t\t\t\t\t<div class=\"elementor-element elementor-element-0441707 elementor-widget elementor-widget-text-editor\" data-id=\"0441707\" data-element_type=\"widget\" data-widget_type=\"text-editor.default\">\n\t\t\t\t<div class=\"elementor-widget-container\">\n\t\t\t\t\t\t\t\t\t<p>Es muy frecuente que los clientes acudan al sal\u00f3n con una idea de servicio en concreto, muchas veces <a href=\"https:\/\/joseppons.com\/formacion\/los-estilos-de-cabello-que-son-tendencia-este-otono-invierno\/\">influenciado por referentes o anuncios<\/a> que han visto en las redes sociales.<\/p><p>Como especialista en la materia, el <strong>profesional de la imagen <\/strong>debe interesarse por los objetivos del cliente para conocer a la perfecci\u00f3n lo que realmente quiere y recomendarle, a posteriori, el mejor camino para llegar a ellos.<\/p><p>Es por eso que es muy importante colocarse en su piel y empatizar con sus necesidades, tanto de imagen como econ\u00f3micas, para saber exactamente c\u00f3mo anticipar sus deseos, gustos y as\u00ed poderlo sorprender.<\/p><p>Cada cliente es un mundo, por lo que cabe prestar mucha atenci\u00f3n para detectar las preferencias individuales\u00a0 y entender lo que realmente se quiere y necesita.<\/p>\t\t\t\t\t\t\t\t<\/div>\n\t\t\t\t<\/div>\n\t\t\t\t\t<\/div>\n\t\t<\/div>\n\t\t\t\t\t<\/div>\n\t\t<\/section>\n\t\t\t\t<section class=\"elementor-section elementor-top-section elementor-element elementor-element-ecb25e2 elementor-section-boxed elementor-section-height-default elementor-section-height-default\" data-id=\"ecb25e2\" data-element_type=\"section\">\n\t\t\t\t\t\t<div class=\"elementor-container elementor-column-gap-default\">\n\t\t\t\t\t<div class=\"elementor-column elementor-col-100 elementor-top-column elementor-element elementor-element-87715d8\" data-id=\"87715d8\" data-element_type=\"column\">\n\t\t\t<div class=\"elementor-widget-wrap elementor-element-populated\">\n\t\t\t\t\t\t<div class=\"elementor-element elementor-element-84dd2dd elementor-widget elementor-widget-heading\" data-id=\"84dd2dd\" data-element_type=\"widget\" data-widget_type=\"heading.default\">\n\t\t\t\t<div class=\"elementor-widget-container\">\n\t\t\t\t\t<h2 class=\"elementor-heading-title elementor-size-default\">3.\tOfrecer una experiencia perfecta<\/h2>\t\t\t\t<\/div>\n\t\t\t\t<\/div>\n\t\t\t\t\t<\/div>\n\t\t<\/div>\n\t\t\t\t\t<\/div>\n\t\t<\/section>\n\t\t\t\t<section class=\"elementor-section elementor-top-section elementor-element elementor-element-ab7d1d5 elementor-section-boxed elementor-section-height-default elementor-section-height-default\" data-id=\"ab7d1d5\" data-element_type=\"section\">\n\t\t\t\t\t\t<div class=\"elementor-container elementor-column-gap-default\">\n\t\t\t\t\t<div class=\"elementor-column elementor-col-100 elementor-top-column elementor-element elementor-element-4ad7aec\" data-id=\"4ad7aec\" data-element_type=\"column\">\n\t\t\t<div class=\"elementor-widget-wrap elementor-element-populated\">\n\t\t\t\t\t\t<div class=\"elementor-element elementor-element-f24e900 elementor-widget elementor-widget-text-editor\" data-id=\"f24e900\" data-element_type=\"widget\" data-widget_type=\"text-editor.default\">\n\t\t\t\t<div class=\"elementor-widget-container\">\n\t\t\t\t\t\t\t\t\t<p>M\u00e1s all\u00e1 de la calidad del servicio, que evidentemente debe rozar la excelencia, para poder ofrecer una experiencia perfecta y un servicio de atenci\u00f3n al p\u00fablico impecable, el profesional debe asegurarse de tener controlados todos los detalles.<\/p><p>\u00bfQu\u00e9 significa esto? Que el centro tiene que estar limpio, <a href=\"https:\/\/joseppons.com\/formacion\/guia-del-alumno-medidas-de-prevencion-para-la-covid-19\/\">ordenado y adecuado a todos los protocolos higi\u00e9nicos,<\/a> y que el profesional debe tener controladas las horas para cumplir con el tiempo establecido por cada servicio &#8211; es muy importante no hacer esperar a los clientes, por lo que se debe cumplir con los tiempos acordados -.<\/p><p>Todo, sin descuidar, por supuesto, el ambiente relajante que rodea cualquier sal\u00f3n, tener peque\u00f1os detalles con los clientes &#8211; como un ligero toque de maquillaje, un breve masaje, un afeitado de barba,&#8230; &#8211; y un <a href=\"https:\/\/joseppons.com\/formacion\/por-que-es-tan-importante-especializarse\/\">equipo altamente cualificado<\/a> para ofrecer un trato inmejorable.<\/p>\t\t\t\t\t\t\t\t<\/div>\n\t\t\t\t<\/div>\n\t\t\t\t\t<\/div>\n\t\t<\/div>\n\t\t\t\t\t<\/div>\n\t\t<\/section>\n\t\t\t\t<section class=\"elementor-section elementor-top-section elementor-element elementor-element-b5441c8 elementor-section-boxed elementor-section-height-default elementor-section-height-default\" data-id=\"b5441c8\" data-element_type=\"section\">\n\t\t\t\t\t\t<div class=\"elementor-container elementor-column-gap-default\">\n\t\t\t\t\t<div class=\"elementor-column elementor-col-100 elementor-top-column elementor-element elementor-element-9d93870\" data-id=\"9d93870\" data-element_type=\"column\">\n\t\t\t<div class=\"elementor-widget-wrap elementor-element-populated\">\n\t\t\t\t\t\t<div class=\"elementor-element elementor-element-0cf24c4 elementor-widget elementor-widget-image\" data-id=\"0cf24c4\" data-element_type=\"widget\" data-widget_type=\"image.default\">\n\t\t\t\t<div class=\"elementor-widget-container\">\n\t\t\t\t\t\t\t\t\t\t\t\t\t\t\t<img decoding=\"async\" width=\"800\" height=\"1200\" src=\"https:\/\/joseppons.com\/formacion\/wp-content\/uploads\/2021\/01\/experiencia-inmejorable.jpg\" class=\"attachment-large size-large wp-image-4595\" alt=\"3. Ofrecer una experiencia perfecta\" srcset=\"https:\/\/joseppons.com\/formacion\/wp-content\/uploads\/2021\/01\/experiencia-inmejorable.jpg 800w, https:\/\/joseppons.com\/formacion\/wp-content\/uploads\/2021\/01\/experiencia-inmejorable-768x1152.jpg 768w\" sizes=\"(max-width: 800px) 100vw, 800px\" \/>\t\t\t\t\t\t\t\t\t\t\t\t\t\t\t<\/div>\n\t\t\t\t<\/div>\n\t\t\t\t\t<\/div>\n\t\t<\/div>\n\t\t\t\t\t<\/div>\n\t\t<\/section>\n\t\t\t\t<section class=\"elementor-section elementor-top-section elementor-element elementor-element-49f8e64 elementor-section-boxed elementor-section-height-default elementor-section-height-default\" data-id=\"49f8e64\" data-element_type=\"section\">\n\t\t\t\t\t\t<div class=\"elementor-container elementor-column-gap-default\">\n\t\t\t\t\t<div class=\"elementor-column elementor-col-100 elementor-top-column elementor-element elementor-element-758c870\" data-id=\"758c870\" data-element_type=\"column\">\n\t\t\t<div class=\"elementor-widget-wrap elementor-element-populated\">\n\t\t\t\t\t\t<div class=\"elementor-element elementor-element-66026eb elementor-widget elementor-widget-heading\" data-id=\"66026eb\" data-element_type=\"widget\" data-widget_type=\"heading.default\">\n\t\t\t\t<div class=\"elementor-widget-container\">\n\t\t\t\t\t<h2 class=\"elementor-heading-title elementor-size-default\">4.\tDiagn\u00f3stico y asesor\u00eda personalizada<\/h2>\t\t\t\t<\/div>\n\t\t\t\t<\/div>\n\t\t\t\t\t<\/div>\n\t\t<\/div>\n\t\t\t\t\t<\/div>\n\t\t<\/section>\n\t\t\t\t<section class=\"elementor-section elementor-top-section elementor-element elementor-element-9656590 elementor-section-boxed elementor-section-height-default elementor-section-height-default\" data-id=\"9656590\" data-element_type=\"section\">\n\t\t\t\t\t\t<div class=\"elementor-container elementor-column-gap-default\">\n\t\t\t\t\t<div class=\"elementor-column elementor-col-100 elementor-top-column elementor-element elementor-element-f9fc401\" data-id=\"f9fc401\" data-element_type=\"column\">\n\t\t\t<div class=\"elementor-widget-wrap elementor-element-populated\">\n\t\t\t\t\t\t<div class=\"elementor-element elementor-element-03fa2cd elementor-widget elementor-widget-text-editor\" data-id=\"03fa2cd\" data-element_type=\"widget\" data-widget_type=\"text-editor.default\">\n\t\t\t\t<div class=\"elementor-widget-container\">\n\t\t\t\t\t\t\t\t\t<p>Para que un <a href=\"https:\/\/joseppons.com\/servicios\/centros\/\">centro de peluquer\u00eda o est\u00e9tica<\/a> se diferencie de los dem\u00e1s, debe ofrecer <strong>servicios exclusivos<\/strong>\u00a0y una atenci\u00f3n al p\u00fablico que aporten un valor a\u00f1adido al cliente.<\/p><p>Dos de ellos son el <a href=\"https:\/\/joseppons.com\/servicios\/diagnostico-capilar\/\">diagn\u00f3stico<\/a> y la <a href=\"https:\/\/joseppons.com\/servicios\/asesoria-imagen\/\">asesor\u00eda personalizada<\/a>.<\/p><p>Ambos consisten en tratar individualmente el caso de cada cliente desde sus necesidades hasta sus objetivos de imagen para ofrecer un servicio completo que no solamente cumpla con sus expectativas est\u00e9ticas, sino que tambi\u00e9n le suponga una mejora en el estado de su salud.<\/p>\t\t\t\t\t\t\t\t<\/div>\n\t\t\t\t<\/div>\n\t\t\t\t\t<\/div>\n\t\t<\/div>\n\t\t\t\t\t<\/div>\n\t\t<\/section>\n\t\t\t\t<section class=\"elementor-section elementor-top-section elementor-element elementor-element-170aabd elementor-section-boxed elementor-section-height-default elementor-section-height-default\" data-id=\"170aabd\" data-element_type=\"section\">\n\t\t\t\t\t\t<div class=\"elementor-container elementor-column-gap-default\">\n\t\t\t\t\t<div class=\"elementor-column elementor-col-100 elementor-top-column elementor-element elementor-element-edf83ff\" data-id=\"edf83ff\" data-element_type=\"column\">\n\t\t\t<div class=\"elementor-widget-wrap elementor-element-populated\">\n\t\t\t\t\t\t<div class=\"elementor-element elementor-element-bf1e7c8 elementor-widget elementor-widget-heading\" data-id=\"bf1e7c8\" data-element_type=\"widget\" data-widget_type=\"heading.default\">\n\t\t\t\t<div class=\"elementor-widget-container\">\n\t\t\t\t\t<h2 class=\"elementor-heading-title elementor-size-default\">5.\tRecomendaci\u00f3n de productos<\/h2>\t\t\t\t<\/div>\n\t\t\t\t<\/div>\n\t\t\t\t\t<\/div>\n\t\t<\/div>\n\t\t\t\t\t<\/div>\n\t\t<\/section>\n\t\t\t\t<section class=\"elementor-section elementor-top-section elementor-element elementor-element-99e50b9 elementor-section-boxed elementor-section-height-default elementor-section-height-default\" data-id=\"99e50b9\" data-element_type=\"section\">\n\t\t\t\t\t\t<div class=\"elementor-container elementor-column-gap-default\">\n\t\t\t\t\t<div class=\"elementor-column elementor-col-100 elementor-top-column elementor-element elementor-element-5773a0e\" data-id=\"5773a0e\" data-element_type=\"column\">\n\t\t\t<div class=\"elementor-widget-wrap elementor-element-populated\">\n\t\t\t\t\t\t<div class=\"elementor-element elementor-element-2bdb57c elementor-widget elementor-widget-text-editor\" data-id=\"2bdb57c\" data-element_type=\"widget\" data-widget_type=\"text-editor.default\">\n\t\t\t\t<div class=\"elementor-widget-container\">\n\t\t\t\t\t\t\t\t\t<p>A d\u00eda de hoy existen much\u00edsimas firmas que ofrecen diferentes l\u00edneas de productos de cuidado capilar, facial, corporal, de esmaltado de u\u00f1as, maquillaje,&#8230; un hecho que, la mayor\u00eda de veces, dificulta al consumidor la correcta elecci\u00f3n y compra de estos mismos.<\/p><p>Los<strong> profesionales de los salones de belleza<\/strong> son los encargados de responder a esta necesidad.\u00a0<span style=\"font-size: 1em; letter-spacing: 0px;\">Y es que como especialistas, deben recomendar los productos m\u00e1s adecuados para sus clientes.<\/span><\/p><p>Es muy importante hacer ver al cliente que el profesional encargado de tratar su cabello, cuerpo, piel, etc. es una figura indispensable para sus rutinas de cuidado, ya que conoce a la perfecci\u00f3n sus necesidades espec\u00edficas as\u00ed como la imagen que quiere llegar a proyectar.<\/p>\t\t\t\t\t\t\t\t<\/div>\n\t\t\t\t<\/div>\n\t\t\t\t\t<\/div>\n\t\t<\/div>\n\t\t\t\t\t<\/div>\n\t\t<\/section>\n\t\t\t\t<section class=\"elementor-section elementor-top-section elementor-element elementor-element-fa8ee10 elementor-section-boxed elementor-section-height-default elementor-section-height-default\" data-id=\"fa8ee10\" data-element_type=\"section\">\n\t\t\t\t\t\t<div class=\"elementor-container elementor-column-gap-default\">\n\t\t\t\t\t<div class=\"elementor-column elementor-col-100 elementor-top-column elementor-element elementor-element-7693254\" data-id=\"7693254\" data-element_type=\"column\">\n\t\t\t<div class=\"elementor-widget-wrap elementor-element-populated\">\n\t\t\t\t\t\t<div class=\"elementor-element elementor-element-571ee1b elementor-widget elementor-widget-image\" data-id=\"571ee1b\" data-element_type=\"widget\" data-widget_type=\"image.default\">\n\t\t\t\t<div class=\"elementor-widget-container\">\n\t\t\t\t\t\t\t\t\t\t\t\t\t\t\t<img decoding=\"async\" width=\"800\" height=\"1067\" src=\"https:\/\/joseppons.com\/formacion\/wp-content\/uploads\/2021\/01\/recomendacion-de-productos.jpg\" class=\"attachment-large size-large wp-image-4599\" alt=\"5. Recomendaci\u00f3n de productos\" srcset=\"https:\/\/joseppons.com\/formacion\/wp-content\/uploads\/2021\/01\/recomendacion-de-productos.jpg 800w, https:\/\/joseppons.com\/formacion\/wp-content\/uploads\/2021\/01\/recomendacion-de-productos-768x1024.jpg 768w\" sizes=\"(max-width: 800px) 100vw, 800px\" \/>\t\t\t\t\t\t\t\t\t\t\t\t\t\t\t<\/div>\n\t\t\t\t<\/div>\n\t\t\t\t\t<\/div>\n\t\t<\/div>\n\t\t\t\t\t<\/div>\n\t\t<\/section>\n\t\t\t\t<\/div>\n\t\t","protected":false},"excerpt":{"rendered":"<p>La atenci\u00f3n al p\u00fablico es un arte. La labor de los profesionales de la imagen es escuchar, entender, analizar y asesorar para, despu\u00e9s, realizar el servicio que cada cliente desea.\u00a0Est\u00e1 en sus manos proponer las opciones que m\u00e1s se adecuan a sus objetivos, as\u00ed como ofrecerles la m\u00e1xima comodidad y calidad en el servicio a&#8230;<\/p>\n","protected":false},"author":2,"featured_media":4589,"comment_status":"open","ping_status":"closed","sticky":false,"template":"","format":"standard","meta":{"_joinchat":[],"footnotes":""},"categories":[6,8,202,461,102,356,101,7,270],"tags":[421,527,106,528,369,432,526],"class_list":["post-4580","post","type-post","status-publish","format-standard","has-post-thumbnail","hentry","category-actualidad","category-asesoria-de-imagen","category-consejos","category-especializaciones","category-grado-medio-y-superior-en-peluqueria","category-grado-superior-en-asesoria","category-grados-y-cursos","category-peluqueria","category-servicios-de-asesoria","tag-asesoria-de-imagen-personal-y-corporativa","tag-atencion-al-publico","tag-estilista-de-peluqueria","tag-experiencia-positiva","tag-grado-medio-peluqueria","tag-grado-superior-de-asesoria","tag-peluqueria-y-cosmetica-capilar"],"yoast_head":"<!-- This site is optimized with the Yoast SEO plugin v26.7 - https:\/\/yoast.com\/wordpress\/plugins\/seo\/ -->\n<title>La atenci\u00f3n al p\u00fablico en el sector de la imagen \ud83d\udc6b<\/title>\n<meta name=\"description\" content=\"Una buena atenci\u00f3n al p\u00fablico puede ser determinante en el sector de la imagen. Y es que la actitud del profesional a la hora de asesorar,...\" \/>\n<meta name=\"robots\" content=\"index, follow, max-snippet:-1, max-image-preview:large, max-video-preview:-1\" \/>\n<link rel=\"canonical\" href=\"https:\/\/joseppons.com\/formacion\/atencion-publico-sector-imagen\/\" \/>\n<meta property=\"og:locale\" content=\"es_ES\" \/>\n<meta property=\"og:type\" content=\"article\" \/>\n<meta property=\"og:title\" content=\"La atenci\u00f3n al p\u00fablico en el sector de la imagen \ud83d\udc6b\" \/>\n<meta property=\"og:description\" content=\"Una buena atenci\u00f3n al p\u00fablico puede ser determinante en el sector de la imagen. Y es que la actitud del profesional a la hora de asesorar,...\" \/>\n<meta property=\"og:url\" content=\"https:\/\/joseppons.com\/formacion\/atencion-publico-sector-imagen\/\" \/>\n<meta property=\"og:site_name\" content=\"Josep Pons Formaci\u00f3n\" \/>\n<meta property=\"article:publisher\" content=\"https:\/\/es-es.facebook.com\/JosepPonsFormacio\/\" \/>\n<meta property=\"article:published_time\" content=\"2021-01-12T11:51:36+00:00\" \/>\n<meta property=\"article:modified_time\" content=\"2021-01-14T10:00:36+00:00\" \/>\n<meta property=\"og:image\" content=\"https:\/\/joseppons.com\/formacion\/wp-content\/uploads\/2021\/01\/salon-de-peluqueria.jpg\" \/>\n\t<meta property=\"og:image:width\" content=\"800\" \/>\n\t<meta property=\"og:image:height\" content=\"532\" \/>\n\t<meta property=\"og:image:type\" content=\"image\/jpeg\" \/>\n<meta name=\"author\" content=\"joseppons\" \/>\n<meta name=\"twitter:card\" content=\"summary_large_image\" \/>\n<meta name=\"twitter:creator\" content=\"@josepponsimatge\" \/>\n<meta name=\"twitter:site\" content=\"@josepponsimatge\" \/>\n<meta name=\"twitter:label1\" content=\"Escrito por\" \/>\n\t<meta name=\"twitter:data1\" content=\"joseppons\" \/>\n\t<meta name=\"twitter:label2\" content=\"Tiempo de lectura\" \/>\n\t<meta name=\"twitter:data2\" content=\"5 minutos\" \/>\n<script type=\"application\/ld+json\" class=\"yoast-schema-graph\">{\"@context\":\"https:\/\/schema.org\",\"@graph\":[{\"@type\":\"Article\",\"@id\":\"https:\/\/joseppons.com\/formacion\/atencion-publico-sector-imagen\/#article\",\"isPartOf\":{\"@id\":\"https:\/\/joseppons.com\/formacion\/atencion-publico-sector-imagen\/\"},\"author\":{\"name\":\"joseppons\",\"@id\":\"https:\/\/joseppons.com\/formacion\/#\/schema\/person\/52350c76759824d67ee4b9d948063ed1\"},\"headline\":\"La atenci\u00f3n al p\u00fablico en el sector de la imagen \ud83d\udc6b\",\"datePublished\":\"2021-01-12T11:51:36+00:00\",\"dateModified\":\"2021-01-14T10:00:36+00:00\",\"mainEntityOfPage\":{\"@id\":\"https:\/\/joseppons.com\/formacion\/atencion-publico-sector-imagen\/\"},\"wordCount\":915,\"commentCount\":0,\"publisher\":{\"@id\":\"https:\/\/joseppons.com\/formacion\/#organization\"},\"image\":{\"@id\":\"https:\/\/joseppons.com\/formacion\/atencion-publico-sector-imagen\/#primaryimage\"},\"thumbnailUrl\":\"https:\/\/joseppons.com\/formacion\/wp-content\/uploads\/2021\/01\/salon-de-peluqueria.jpg\",\"keywords\":[\"Asesor\u00eda de Imagen Personal y Corporativa\",\"Atenci\u00f3n al p\u00fablico\",\"Estilista de peluquer\u00eda\",\"Experiencia positiva\",\"Grado Medio Peluquer\u00eda\",\"Grado Superior de Asesor\u00eda\",\"Peluquer\u00eda y Cosm\u00e9tica Capilar\"],\"articleSection\":[\"Actualidad\",\"Asesor\u00eda de imagen\",\"consejos\",\"Especializaciones\",\"Grado Medio y Superior en peluqueria\",\"Grado Superior en Asesor\u00eda\",\"Grados y cursos\",\"Peluquer\u00eda\",\"Servicios de Asesor\u00eda\"],\"inLanguage\":\"es\",\"potentialAction\":[{\"@type\":\"CommentAction\",\"name\":\"Comment\",\"target\":[\"https:\/\/joseppons.com\/formacion\/atencion-publico-sector-imagen\/#respond\"]}]},{\"@type\":\"WebPage\",\"@id\":\"https:\/\/joseppons.com\/formacion\/atencion-publico-sector-imagen\/\",\"url\":\"https:\/\/joseppons.com\/formacion\/atencion-publico-sector-imagen\/\",\"name\":\"La atenci\u00f3n al p\u00fablico en el sector de la imagen \ud83d\udc6b\",\"isPartOf\":{\"@id\":\"https:\/\/joseppons.com\/formacion\/#website\"},\"primaryImageOfPage\":{\"@id\":\"https:\/\/joseppons.com\/formacion\/atencion-publico-sector-imagen\/#primaryimage\"},\"image\":{\"@id\":\"https:\/\/joseppons.com\/formacion\/atencion-publico-sector-imagen\/#primaryimage\"},\"thumbnailUrl\":\"https:\/\/joseppons.com\/formacion\/wp-content\/uploads\/2021\/01\/salon-de-peluqueria.jpg\",\"datePublished\":\"2021-01-12T11:51:36+00:00\",\"dateModified\":\"2021-01-14T10:00:36+00:00\",\"description\":\"Una buena atenci\u00f3n al p\u00fablico puede ser determinante en el sector de la imagen. Y es que la actitud del profesional a la hora de asesorar,...\",\"breadcrumb\":{\"@id\":\"https:\/\/joseppons.com\/formacion\/atencion-publico-sector-imagen\/#breadcrumb\"},\"inLanguage\":\"es\",\"potentialAction\":[{\"@type\":\"ReadAction\",\"target\":[\"https:\/\/joseppons.com\/formacion\/atencion-publico-sector-imagen\/\"]}]},{\"@type\":\"ImageObject\",\"inLanguage\":\"es\",\"@id\":\"https:\/\/joseppons.com\/formacion\/atencion-publico-sector-imagen\/#primaryimage\",\"url\":\"https:\/\/joseppons.com\/formacion\/wp-content\/uploads\/2021\/01\/salon-de-peluqueria.jpg\",\"contentUrl\":\"https:\/\/joseppons.com\/formacion\/wp-content\/uploads\/2021\/01\/salon-de-peluqueria.jpg\",\"width\":800,\"height\":532,\"caption\":\"Sal\u00f3n de Peluquer\u00eda: atenci\u00f3n al cliente\"},{\"@type\":\"BreadcrumbList\",\"@id\":\"https:\/\/joseppons.com\/formacion\/atencion-publico-sector-imagen\/#breadcrumb\",\"itemListElement\":[{\"@type\":\"ListItem\",\"position\":1,\"name\":\"Portada\",\"item\":\"https:\/\/joseppons.com\/formacion\/\"},{\"@type\":\"ListItem\",\"position\":2,\"name\":\"La atenci\u00f3n al p\u00fablico en el sector de la imagen \ud83d\udc6b\"}]},{\"@type\":\"WebSite\",\"@id\":\"https:\/\/joseppons.com\/formacion\/#website\",\"url\":\"https:\/\/joseppons.com\/formacion\/\",\"name\":\"Josep Pons Formaci\u00f3n\",\"description\":\"\",\"publisher\":{\"@id\":\"https:\/\/joseppons.com\/formacion\/#organization\"},\"potentialAction\":[{\"@type\":\"SearchAction\",\"target\":{\"@type\":\"EntryPoint\",\"urlTemplate\":\"https:\/\/joseppons.com\/formacion\/?s={search_term_string}\"},\"query-input\":{\"@type\":\"PropertyValueSpecification\",\"valueRequired\":true,\"valueName\":\"search_term_string\"}}],\"inLanguage\":\"es\"},{\"@type\":\"Organization\",\"@id\":\"https:\/\/joseppons.com\/formacion\/#organization\",\"name\":\"Josep Pons\",\"url\":\"https:\/\/joseppons.com\/formacion\/\",\"logo\":{\"@type\":\"ImageObject\",\"inLanguage\":\"es\",\"@id\":\"https:\/\/joseppons.com\/formacion\/#\/schema\/logo\/image\/\",\"url\":\"https:\/\/joseppons.com\/formacion\/wp-content\/uploads\/2018\/09\/logotipo-home-josepponsformacio-1.png\",\"contentUrl\":\"https:\/\/joseppons.com\/formacion\/wp-content\/uploads\/2018\/09\/logotipo-home-josepponsformacio-1.png\",\"width\":420,\"height\":280,\"caption\":\"Josep Pons\"},\"image\":{\"@id\":\"https:\/\/joseppons.com\/formacion\/#\/schema\/logo\/image\/\"},\"sameAs\":[\"https:\/\/es-es.facebook.com\/JosepPonsFormacio\/\",\"https:\/\/x.com\/josepponsimatge\",\"https:\/\/www.instagram.com\/ponsformacion\/\"]},{\"@type\":\"Person\",\"@id\":\"https:\/\/joseppons.com\/formacion\/#\/schema\/person\/52350c76759824d67ee4b9d948063ed1\",\"name\":\"joseppons\"}]}<\/script>\n<!-- \/ Yoast SEO plugin. -->","yoast_head_json":{"title":"La atenci\u00f3n al p\u00fablico en el sector de la imagen \ud83d\udc6b","description":"Una buena atenci\u00f3n al p\u00fablico puede ser determinante en el sector de la imagen. Y es que la actitud del profesional a la hora de asesorar,...","robots":{"index":"index","follow":"follow","max-snippet":"max-snippet:-1","max-image-preview":"max-image-preview:large","max-video-preview":"max-video-preview:-1"},"canonical":"https:\/\/joseppons.com\/formacion\/atencion-publico-sector-imagen\/","og_locale":"es_ES","og_type":"article","og_title":"La atenci\u00f3n al p\u00fablico en el sector de la imagen \ud83d\udc6b","og_description":"Una buena atenci\u00f3n al p\u00fablico puede ser determinante en el sector de la imagen. Y es que la actitud del profesional a la hora de asesorar,...","og_url":"https:\/\/joseppons.com\/formacion\/atencion-publico-sector-imagen\/","og_site_name":"Josep Pons Formaci\u00f3n","article_publisher":"https:\/\/es-es.facebook.com\/JosepPonsFormacio\/","article_published_time":"2021-01-12T11:51:36+00:00","article_modified_time":"2021-01-14T10:00:36+00:00","og_image":[{"width":800,"height":532,"url":"https:\/\/joseppons.com\/formacion\/wp-content\/uploads\/2021\/01\/salon-de-peluqueria.jpg","type":"image\/jpeg"}],"author":"joseppons","twitter_card":"summary_large_image","twitter_creator":"@josepponsimatge","twitter_site":"@josepponsimatge","twitter_misc":{"Escrito por":"joseppons","Tiempo de lectura":"5 minutos"},"schema":{"@context":"https:\/\/schema.org","@graph":[{"@type":"Article","@id":"https:\/\/joseppons.com\/formacion\/atencion-publico-sector-imagen\/#article","isPartOf":{"@id":"https:\/\/joseppons.com\/formacion\/atencion-publico-sector-imagen\/"},"author":{"name":"joseppons","@id":"https:\/\/joseppons.com\/formacion\/#\/schema\/person\/52350c76759824d67ee4b9d948063ed1"},"headline":"La atenci\u00f3n al p\u00fablico en el sector de la imagen \ud83d\udc6b","datePublished":"2021-01-12T11:51:36+00:00","dateModified":"2021-01-14T10:00:36+00:00","mainEntityOfPage":{"@id":"https:\/\/joseppons.com\/formacion\/atencion-publico-sector-imagen\/"},"wordCount":915,"commentCount":0,"publisher":{"@id":"https:\/\/joseppons.com\/formacion\/#organization"},"image":{"@id":"https:\/\/joseppons.com\/formacion\/atencion-publico-sector-imagen\/#primaryimage"},"thumbnailUrl":"https:\/\/joseppons.com\/formacion\/wp-content\/uploads\/2021\/01\/salon-de-peluqueria.jpg","keywords":["Asesor\u00eda de Imagen Personal y Corporativa","Atenci\u00f3n al p\u00fablico","Estilista de peluquer\u00eda","Experiencia positiva","Grado Medio Peluquer\u00eda","Grado Superior de Asesor\u00eda","Peluquer\u00eda y Cosm\u00e9tica Capilar"],"articleSection":["Actualidad","Asesor\u00eda de imagen","consejos","Especializaciones","Grado Medio y Superior en peluqueria","Grado Superior en Asesor\u00eda","Grados y cursos","Peluquer\u00eda","Servicios de Asesor\u00eda"],"inLanguage":"es","potentialAction":[{"@type":"CommentAction","name":"Comment","target":["https:\/\/joseppons.com\/formacion\/atencion-publico-sector-imagen\/#respond"]}]},{"@type":"WebPage","@id":"https:\/\/joseppons.com\/formacion\/atencion-publico-sector-imagen\/","url":"https:\/\/joseppons.com\/formacion\/atencion-publico-sector-imagen\/","name":"La atenci\u00f3n al p\u00fablico en el sector de la imagen \ud83d\udc6b","isPartOf":{"@id":"https:\/\/joseppons.com\/formacion\/#website"},"primaryImageOfPage":{"@id":"https:\/\/joseppons.com\/formacion\/atencion-publico-sector-imagen\/#primaryimage"},"image":{"@id":"https:\/\/joseppons.com\/formacion\/atencion-publico-sector-imagen\/#primaryimage"},"thumbnailUrl":"https:\/\/joseppons.com\/formacion\/wp-content\/uploads\/2021\/01\/salon-de-peluqueria.jpg","datePublished":"2021-01-12T11:51:36+00:00","dateModified":"2021-01-14T10:00:36+00:00","description":"Una buena atenci\u00f3n al p\u00fablico puede ser determinante en el sector de la imagen. Y es que la actitud del profesional a la hora de asesorar,...","breadcrumb":{"@id":"https:\/\/joseppons.com\/formacion\/atencion-publico-sector-imagen\/#breadcrumb"},"inLanguage":"es","potentialAction":[{"@type":"ReadAction","target":["https:\/\/joseppons.com\/formacion\/atencion-publico-sector-imagen\/"]}]},{"@type":"ImageObject","inLanguage":"es","@id":"https:\/\/joseppons.com\/formacion\/atencion-publico-sector-imagen\/#primaryimage","url":"https:\/\/joseppons.com\/formacion\/wp-content\/uploads\/2021\/01\/salon-de-peluqueria.jpg","contentUrl":"https:\/\/joseppons.com\/formacion\/wp-content\/uploads\/2021\/01\/salon-de-peluqueria.jpg","width":800,"height":532,"caption":"Sal\u00f3n de Peluquer\u00eda: atenci\u00f3n al cliente"},{"@type":"BreadcrumbList","@id":"https:\/\/joseppons.com\/formacion\/atencion-publico-sector-imagen\/#breadcrumb","itemListElement":[{"@type":"ListItem","position":1,"name":"Portada","item":"https:\/\/joseppons.com\/formacion\/"},{"@type":"ListItem","position":2,"name":"La atenci\u00f3n al p\u00fablico en el sector de la imagen \ud83d\udc6b"}]},{"@type":"WebSite","@id":"https:\/\/joseppons.com\/formacion\/#website","url":"https:\/\/joseppons.com\/formacion\/","name":"Josep Pons Formaci\u00f3n","description":"","publisher":{"@id":"https:\/\/joseppons.com\/formacion\/#organization"},"potentialAction":[{"@type":"SearchAction","target":{"@type":"EntryPoint","urlTemplate":"https:\/\/joseppons.com\/formacion\/?s={search_term_string}"},"query-input":{"@type":"PropertyValueSpecification","valueRequired":true,"valueName":"search_term_string"}}],"inLanguage":"es"},{"@type":"Organization","@id":"https:\/\/joseppons.com\/formacion\/#organization","name":"Josep Pons","url":"https:\/\/joseppons.com\/formacion\/","logo":{"@type":"ImageObject","inLanguage":"es","@id":"https:\/\/joseppons.com\/formacion\/#\/schema\/logo\/image\/","url":"https:\/\/joseppons.com\/formacion\/wp-content\/uploads\/2018\/09\/logotipo-home-josepponsformacio-1.png","contentUrl":"https:\/\/joseppons.com\/formacion\/wp-content\/uploads\/2018\/09\/logotipo-home-josepponsformacio-1.png","width":420,"height":280,"caption":"Josep Pons"},"image":{"@id":"https:\/\/joseppons.com\/formacion\/#\/schema\/logo\/image\/"},"sameAs":["https:\/\/es-es.facebook.com\/JosepPonsFormacio\/","https:\/\/x.com\/josepponsimatge","https:\/\/www.instagram.com\/ponsformacion\/"]},{"@type":"Person","@id":"https:\/\/joseppons.com\/formacion\/#\/schema\/person\/52350c76759824d67ee4b9d948063ed1","name":"joseppons"}]}},"_links":{"self":[{"href":"https:\/\/joseppons.com\/formacion\/wp-json\/wp\/v2\/posts\/4580","targetHints":{"allow":["GET"]}}],"collection":[{"href":"https:\/\/joseppons.com\/formacion\/wp-json\/wp\/v2\/posts"}],"about":[{"href":"https:\/\/joseppons.com\/formacion\/wp-json\/wp\/v2\/types\/post"}],"author":[{"embeddable":true,"href":"https:\/\/joseppons.com\/formacion\/wp-json\/wp\/v2\/users\/2"}],"replies":[{"embeddable":true,"href":"https:\/\/joseppons.com\/formacion\/wp-json\/wp\/v2\/comments?post=4580"}],"version-history":[{"count":0,"href":"https:\/\/joseppons.com\/formacion\/wp-json\/wp\/v2\/posts\/4580\/revisions"}],"wp:featuredmedia":[{"embeddable":true,"href":"https:\/\/joseppons.com\/formacion\/wp-json\/wp\/v2\/media\/4589"}],"wp:attachment":[{"href":"https:\/\/joseppons.com\/formacion\/wp-json\/wp\/v2\/media?parent=4580"}],"wp:term":[{"taxonomy":"category","embeddable":true,"href":"https:\/\/joseppons.com\/formacion\/wp-json\/wp\/v2\/categories?post=4580"},{"taxonomy":"post_tag","embeddable":true,"href":"https:\/\/joseppons.com\/formacion\/wp-json\/wp\/v2\/tags?post=4580"}],"curies":[{"name":"wp","href":"https:\/\/api.w.org\/{rel}","templated":true}]}}