{"id":4529,"date":"2020-12-10T14:10:48","date_gmt":"2020-12-10T13:10:48","guid":{"rendered":"https:\/\/joseppons.com\/formacion\/?p=4529"},"modified":"2025-11-10T09:46:03","modified_gmt":"2025-11-10T08:46:03","slug":"sera-este-invierno-la-epoca-estrella-de-las-prendas-comfy","status":"publish","type":"post","link":"https:\/\/joseppons.com\/formacion\/sera-este-invierno-la-epoca-estrella-de-las-prendas-comfy\/","title":{"rendered":"\u00bfSer\u00e1 este invierno la \u00e9poca estrella de las prendas comfy?\ud83d\ude0d"},"content":{"rendered":"\t\t<div data-elementor-type=\"wp-post\" data-elementor-id=\"4529\" class=\"elementor elementor-4529\" data-elementor-post-type=\"post\">\n\t\t\t\t\t\t<section class=\"elementor-section elementor-top-section elementor-element elementor-element-6d47044 elementor-section-boxed elementor-section-height-default elementor-section-height-default\" data-id=\"6d47044\" data-element_type=\"section\">\n\t\t\t\t\t\t<div class=\"elementor-container elementor-column-gap-default\">\n\t\t\t\t\t<div class=\"elementor-column elementor-col-100 elementor-top-column elementor-element elementor-element-391642f\" data-id=\"391642f\" data-element_type=\"column\">\n\t\t\t<div class=\"elementor-widget-wrap elementor-element-populated\">\n\t\t\t\t\t\t<div class=\"elementor-element elementor-element-ccddc53 elementor-widget elementor-widget-text-editor\" data-id=\"ccddc53\" data-element_type=\"widget\" data-widget_type=\"text-editor.default\">\n\t\t\t\t<div class=\"elementor-widget-container\">\n\t\t\t\t\t\t\t\t\t<p>El confinamiento, <a href=\"https:\/\/joseppons.com\/formacion\/looks-ideales-para-trabajar-desde-casa\/\">el teletrabajo<\/a>, el <em>home workout<\/em> y el priorizar pasar tiempo en casa nos han devuelto la oportunidad de <strong>vestirnos con ropa c\u00f3moda<\/strong>, que no significa para nada renunciar a looks estilosos.<\/p><p>Este a\u00f1o las grandes firmas de dise\u00f1adores han vuelto a apostar por la creaci\u00f3n de piezas, conjuntos y outfits s\u00faper f\u00e1ciles de llevar gracias a la elasticidad y holgura de sus materiales.<\/p><p>La ropa \u201cc\u00f3moda\u201d &#8211; por as\u00ed decirlo &#8211; ha sido reinterpretada por la moda, dando lugar a varias tendencias que no han dejado indiferente a nadie y que priorizan en todo momento un look m\u00e1s sencillo y vers\u00e1til.<\/p><p>Y es que estamos ante la era m\u00e1s <em>comfy<\/em> de los \u00faltimos a\u00f1os.<\/p><p>No te pierdas los consejos de nuestras especialistas en <a href=\"https:\/\/joseppons.com\/formacion\/asesoria-de-imagen\/\">asesor\u00eda de imagen<\/a> para adaptar tu armario a los nuevos tiempos y hacerte con los conjuntos y prendas m\u00e1s top de la temporada.<\/p><p>\u00a1Te prometemos que funcionan en cualquier contexto!<\/p><p>Palabra de estilistas.<\/p>\t\t\t\t\t\t\t\t<\/div>\n\t\t\t\t<\/div>\n\t\t\t\t\t<\/div>\n\t\t<\/div>\n\t\t\t\t\t<\/div>\n\t\t<\/section>\n\t\t\t\t<section class=\"elementor-section elementor-top-section elementor-element elementor-element-ca2ec6d elementor-section-boxed elementor-section-height-default elementor-section-height-default\" data-id=\"ca2ec6d\" data-element_type=\"section\">\n\t\t\t\t\t\t<div class=\"elementor-container elementor-column-gap-default\">\n\t\t\t\t\t<div class=\"elementor-column elementor-col-100 elementor-top-column elementor-element elementor-element-a3cfaf3\" data-id=\"a3cfaf3\" data-element_type=\"column\">\n\t\t\t<div class=\"elementor-widget-wrap elementor-element-populated\">\n\t\t\t\t\t\t<div class=\"elementor-element elementor-element-f044213 elementor-widget elementor-widget-heading\" data-id=\"f044213\" data-element_type=\"widget\" data-widget_type=\"heading.default\">\n\t\t\t\t<div class=\"elementor-widget-container\">\n\t\t\t\t\t<h2 class=\"elementor-heading-title elementor-size-default\">-\tEl ch\u00e1ndal<\/h2>\t\t\t\t<\/div>\n\t\t\t\t<\/div>\n\t\t\t\t\t<\/div>\n\t\t<\/div>\n\t\t\t\t\t<\/div>\n\t\t<\/section>\n\t\t\t\t<section class=\"elementor-section elementor-top-section elementor-element elementor-element-d0d24b0 elementor-section-boxed elementor-section-height-default elementor-section-height-default\" data-id=\"d0d24b0\" data-element_type=\"section\">\n\t\t\t\t\t\t<div class=\"elementor-container elementor-column-gap-default\">\n\t\t\t\t\t<div class=\"elementor-column elementor-col-100 elementor-top-column elementor-element elementor-element-9436316\" data-id=\"9436316\" data-element_type=\"column\">\n\t\t\t<div class=\"elementor-widget-wrap elementor-element-populated\">\n\t\t\t\t\t\t<div class=\"elementor-element elementor-element-b96737f elementor-widget elementor-widget-text-editor\" data-id=\"b96737f\" data-element_type=\"widget\" data-widget_type=\"text-editor.default\">\n\t\t\t\t<div class=\"elementor-widget-container\">\n\t\t\t\t\t\t\t\t\t<p>Es la prenda estrella de este invierno 2020.<\/p><p>El <strong>estilo deportivo<\/strong> ha vuelto m\u00e1s fuerte que nunca, pero lo hace con una est\u00e9tica cuidada y muy apetecible.<\/p><p>Los ch\u00e1ndales que m\u00e1s est\u00e1n triunfando destacan por sus tonalidades claras (grises, azules celeste, lilas pastel,&#8230;) y por la suavidad de sus tejidos.<\/p><p>Sin embargo, como pasa con todas las tendencias, todo el mundo es libre de interpretarlas como quiera, por lo que encontramos muchas propuestas que apuestan por el ch\u00e1ndal al completo y otras que combinan el pantal\u00f3n con otras piezas que tambi\u00e9n est\u00e1n a la m\u00e1xima orden del d\u00eda, como los b\u00e1sicos de cuello alto o las sudaderas de estilo universitario.<\/p><p>De hecho, esto es uno de los factores que ha convertido esta pieza (hasta ahora pensada para estar por casa) en un outfit ideal para salir a pasear o hacer recados.<\/p><p>Pues en el <a href=\"https:\/\/joseppons.com\/formacion\/customizar-ropa-sacar-partido-a-tus-prendas\/\">street style<\/a> m\u00e1s vanguardista encontramos looks muy interesantes y chics que personalizan el ch\u00e1ndal combin\u00e1ndolo con un abrigo largo o un <i>blazer<\/i>\u00a0y d\u00e1ndole un toque distintivo con unas <i>sneakers<\/i> o unas <a href=\"https:\/\/joseppons.com\/formacion\/los-10-zapatos-que-son-tendencia\/\">botas con plataforma<\/a>.<\/p><p>S\u00ed, parece arriesgado, pero el resultado es una mezcla perfecta entre comodidad y glamour que ha sabido adaptarse a la perfecci\u00f3n a los tiempos que corren.<\/p>\t\t\t\t\t\t\t\t<\/div>\n\t\t\t\t<\/div>\n\t\t\t\t\t<\/div>\n\t\t<\/div>\n\t\t\t\t\t<\/div>\n\t\t<\/section>\n\t\t\t\t<section class=\"elementor-section elementor-top-section elementor-element elementor-element-3e8ab5b elementor-section-boxed elementor-section-height-default elementor-section-height-default\" data-id=\"3e8ab5b\" data-element_type=\"section\">\n\t\t\t\t\t\t<div class=\"elementor-container elementor-column-gap-default\">\n\t\t\t\t\t<div class=\"elementor-column elementor-col-100 elementor-top-column elementor-element elementor-element-8953e59\" data-id=\"8953e59\" data-element_type=\"column\">\n\t\t\t<div class=\"elementor-widget-wrap elementor-element-populated\">\n\t\t\t\t\t\t<div class=\"elementor-element elementor-element-e2df4aa elementor-widget elementor-widget-image\" data-id=\"e2df4aa\" data-element_type=\"widget\" data-widget_type=\"image.default\">\n\t\t\t\t<div class=\"elementor-widget-container\">\n\t\t\t\t\t\t\t\t\t\t\t\t\t\t\t<img fetchpriority=\"high\" decoding=\"async\" width=\"762\" height=\"1143\" src=\"https:\/\/joseppons.com\/formacion\/wp-content\/uploads\/2020\/12\/chandal-abrigo.jpg\" class=\"attachment-large size-large wp-image-4535\" alt=\"\" \/>\t\t\t\t\t\t\t\t\t\t\t\t\t\t\t<\/div>\n\t\t\t\t<\/div>\n\t\t\t\t\t<\/div>\n\t\t<\/div>\n\t\t\t\t\t<\/div>\n\t\t<\/section>\n\t\t\t\t<section class=\"elementor-section elementor-top-section elementor-element elementor-element-ba69572 elementor-section-boxed elementor-section-height-default elementor-section-height-default\" data-id=\"ba69572\" data-element_type=\"section\">\n\t\t\t\t\t\t<div class=\"elementor-container elementor-column-gap-default\">\n\t\t\t\t\t<div class=\"elementor-column elementor-col-100 elementor-top-column elementor-element elementor-element-2889fc5\" data-id=\"2889fc5\" data-element_type=\"column\">\n\t\t\t<div class=\"elementor-widget-wrap elementor-element-populated\">\n\t\t\t\t\t\t<div class=\"elementor-element elementor-element-3b05475 elementor-widget elementor-widget-heading\" data-id=\"3b05475\" data-element_type=\"widget\" data-widget_type=\"heading.default\">\n\t\t\t\t<div class=\"elementor-widget-container\">\n\t\t\t\t\t<h2 class=\"elementor-heading-title elementor-size-default\">-\tLa ropa fitness<\/h2>\t\t\t\t<\/div>\n\t\t\t\t<\/div>\n\t\t\t\t\t<\/div>\n\t\t<\/div>\n\t\t\t\t\t<\/div>\n\t\t<\/section>\n\t\t\t\t<section class=\"elementor-section elementor-top-section elementor-element elementor-element-b68cd14 elementor-section-boxed elementor-section-height-default elementor-section-height-default\" data-id=\"b68cd14\" data-element_type=\"section\">\n\t\t\t\t\t\t<div class=\"elementor-container elementor-column-gap-default\">\n\t\t\t\t\t<div class=\"elementor-column elementor-col-100 elementor-top-column elementor-element elementor-element-9a2c302\" data-id=\"9a2c302\" data-element_type=\"column\">\n\t\t\t<div class=\"elementor-widget-wrap elementor-element-populated\">\n\t\t\t\t\t\t<div class=\"elementor-element elementor-element-7c3236a elementor-widget elementor-widget-text-editor\" data-id=\"7c3236a\" data-element_type=\"widget\" data-widget_type=\"text-editor.default\">\n\t\t\t\t<div class=\"elementor-widget-container\">\n\t\t\t\t\t\t\t\t\t<p>La <strong>tendencia de los <em>home workouts <\/em><\/strong>ha disparado las ventas en ropa deportiva que, aparte de cumplir con su principal funcionalidad, es capaz de adaptarse a las rutinas de teletrabajo que exige este 2020.<\/p><p>Los conjuntos de top y leggings se han vuelto un must dentro del estilo <em>comfy<\/em>.<\/p><p>La elasticidad de los tejidos y su facilidad para adaptarse al cuerpo permitiendo as\u00ed el 100% de su movilidad los han convertido en un look ideal tanto para estar dentro como fuera de casa.<\/p><p>El secreto est\u00e1 en sumarle capas y accesorios a conciencia.<\/p><p>Una de nuestras propuestas favoritas son los c\u00e1rdigans con botones y los <a href=\"https:\/\/joseppons.com\/formacion\/peaky-blinders-tiene-las-tendencias-de-este-otono-invierno\/\"><em>blazers<\/em> de cuadros<\/a>, que m\u00e1s all\u00e1 de aportar calidez al outfit tambi\u00e9n a\u00f1aden un toque ligeramente sofisticado y festivo que no dejar\u00e1 indiferente a nadie.<\/p><p>Sin duda, una opci\u00f3n ideal para ganar en comodidad sin dejar de apostar por las tendencias m\u00e1s virales del momento.<\/p>\t\t\t\t\t\t\t\t<\/div>\n\t\t\t\t<\/div>\n\t\t\t\t\t<\/div>\n\t\t<\/div>\n\t\t\t\t\t<\/div>\n\t\t<\/section>\n\t\t\t\t<section class=\"elementor-section elementor-top-section elementor-element elementor-element-ca01d94 elementor-section-boxed elementor-section-height-default elementor-section-height-default\" data-id=\"ca01d94\" data-element_type=\"section\">\n\t\t\t\t\t\t<div class=\"elementor-container elementor-column-gap-default\">\n\t\t\t\t\t<div class=\"elementor-column elementor-col-100 elementor-top-column elementor-element elementor-element-4586620\" data-id=\"4586620\" data-element_type=\"column\">\n\t\t\t<div class=\"elementor-widget-wrap elementor-element-populated\">\n\t\t\t\t\t\t<div class=\"elementor-element elementor-element-0e1a2b0 elementor-widget elementor-widget-image\" data-id=\"0e1a2b0\" data-element_type=\"widget\" data-widget_type=\"image.default\">\n\t\t\t\t<div class=\"elementor-widget-container\">\n\t\t\t\t\t\t\t\t\t\t\t\t\t\t\t<img decoding=\"async\" width=\"1366\" height=\"1713\" src=\"https:\/\/joseppons.com\/formacion\/wp-content\/uploads\/2020\/12\/Top-leggins-blazer.jpeg\" class=\"attachment-large size-large wp-image-4536\" alt=\"\" srcset=\"https:\/\/joseppons.com\/formacion\/wp-content\/uploads\/2020\/12\/Top-leggins-blazer.jpeg 1366w, https:\/\/joseppons.com\/formacion\/wp-content\/uploads\/2020\/12\/Top-leggins-blazer-768x963.jpeg 768w, https:\/\/joseppons.com\/formacion\/wp-content\/uploads\/2020\/12\/Top-leggins-blazer-1225x1536.jpeg 1225w\" sizes=\"(max-width: 1366px) 100vw, 1366px\" \/>\t\t\t\t\t\t\t\t\t\t\t\t\t\t\t<\/div>\n\t\t\t\t<\/div>\n\t\t\t\t\t<\/div>\n\t\t<\/div>\n\t\t\t\t\t<\/div>\n\t\t<\/section>\n\t\t\t\t<section class=\"elementor-section elementor-top-section elementor-element elementor-element-c36eb8e elementor-section-boxed elementor-section-height-default elementor-section-height-default\" data-id=\"c36eb8e\" data-element_type=\"section\">\n\t\t\t\t\t\t<div class=\"elementor-container elementor-column-gap-default\">\n\t\t\t\t\t<div class=\"elementor-column elementor-col-100 elementor-top-column elementor-element elementor-element-c2e5757\" data-id=\"c2e5757\" data-element_type=\"column\">\n\t\t\t<div class=\"elementor-widget-wrap elementor-element-populated\">\n\t\t\t\t\t\t<div class=\"elementor-element elementor-element-1f1c003 elementor-widget elementor-widget-heading\" data-id=\"1f1c003\" data-element_type=\"widget\" data-widget_type=\"heading.default\">\n\t\t\t\t<div class=\"elementor-widget-container\">\n\t\t\t\t\t<h2 class=\"elementor-heading-title elementor-size-default\">-\tLa ropa de punto<\/h2>\t\t\t\t<\/div>\n\t\t\t\t<\/div>\n\t\t\t\t\t<\/div>\n\t\t<\/div>\n\t\t\t\t\t<\/div>\n\t\t<\/section>\n\t\t\t\t<section class=\"elementor-section elementor-top-section elementor-element elementor-element-feae5a4 elementor-section-boxed elementor-section-height-default elementor-section-height-default\" data-id=\"feae5a4\" data-element_type=\"section\">\n\t\t\t\t\t\t<div class=\"elementor-container elementor-column-gap-default\">\n\t\t\t\t\t<div class=\"elementor-column elementor-col-100 elementor-top-column elementor-element elementor-element-fc158a3\" data-id=\"fc158a3\" data-element_type=\"column\">\n\t\t\t<div class=\"elementor-widget-wrap elementor-element-populated\">\n\t\t\t\t\t\t<div class=\"elementor-element elementor-element-645906c elementor-widget elementor-widget-text-editor\" data-id=\"645906c\" data-element_type=\"widget\" data-widget_type=\"text-editor.default\">\n\t\t\t\t<div class=\"elementor-widget-container\">\n\t\t\t\t\t\t\t\t\t<p>Vestidos, faldas, leggings, pantalones acampanados e incluso conjuntos monocolor. La <strong>ropa de punto<\/strong> ha experimentado un importante <em>boom <\/em>este invierno reinvent\u00e1ndose m\u00e1s all\u00e1 del t\u00edpico jersey para ofrecer comodidad y calidez a partes iguales.<\/p><p>A trav\u00e9s de dise\u00f1os muy sencillos, el punto ha dado a las prendas cl\u00e1sicas el don de sacarnos de un apuro en cualquier ocasi\u00f3n, convirti\u00e9ndose en una excelente opci\u00f3n para trabajar desde casa como para salir a tomar algo por la tarde.<\/p><p>La prueba de ello son los <a href=\"https:\/\/joseppons.com\/formacion\/guia-estilo-asesor-de-imagen\/\">vestidos y las faldas<\/a> (de todas las longitudes) que encontramos en muchas de nuestras tiendas favoritas y que a la vez son un must en todo fondo de armario.<\/p><p>Prueba con combinarlas con un abrigo largo liso y con botas mosqueteras o botines para afrontar el fr\u00edo y dar un toque <em>glam<\/em> a tu look.<\/p><p>No obstante, si eres m\u00e1s de leggings o pantalones, tambi\u00e9n te habr\u00e1s fijado en la tendencia de los conjuntos monocolor.\u00a0<span style=\"font-size: 1em; letter-spacing: 0px;\">A d\u00eda de hoy existen much\u00edsimos modelos, incluso con un <\/span><strong style=\"font-size: 1em; letter-spacing: 0px;\">c\u00e1rdigan o jersey<\/strong><span style=\"font-size: 1em; letter-spacing: 0px;\"> de punto a juego.<\/span><\/p><p>Como siempre, las opciones son infinitas\u2026 \u00a1pero el toque personal lo a\u00f1ades t\u00fa!<\/p>\t\t\t\t\t\t\t\t<\/div>\n\t\t\t\t<\/div>\n\t\t\t\t\t<\/div>\n\t\t<\/div>\n\t\t\t\t\t<\/div>\n\t\t<\/section>\n\t\t\t\t<section class=\"elementor-section elementor-top-section elementor-element elementor-element-0aabcaa elementor-section-boxed elementor-section-height-default elementor-section-height-default\" data-id=\"0aabcaa\" data-element_type=\"section\">\n\t\t\t\t\t\t<div class=\"elementor-container elementor-column-gap-default\">\n\t\t\t\t\t<div class=\"elementor-column elementor-col-100 elementor-top-column elementor-element elementor-element-595759f\" data-id=\"595759f\" data-element_type=\"column\">\n\t\t\t<div class=\"elementor-widget-wrap elementor-element-populated\">\n\t\t\t\t\t\t<div class=\"elementor-element elementor-element-08bdaab elementor-widget elementor-widget-image\" data-id=\"08bdaab\" data-element_type=\"widget\" data-widget_type=\"image.default\">\n\t\t\t\t<div class=\"elementor-widget-container\">\n\t\t\t\t\t\t\t\t\t\t\t\t\t\t\t<img decoding=\"async\" width=\"620\" height=\"930\" src=\"https:\/\/joseppons.com\/formacion\/wp-content\/uploads\/2020\/12\/conjunto-de-punto.jpg\" class=\"attachment-large size-large wp-image-4537\" alt=\"\" \/>\t\t\t\t\t\t\t\t\t\t\t\t\t\t\t<\/div>\n\t\t\t\t<\/div>\n\t\t\t\t\t<\/div>\n\t\t<\/div>\n\t\t\t\t\t<\/div>\n\t\t<\/section>\n\t\t\t\t<section class=\"elementor-section elementor-top-section elementor-element elementor-element-0ad2f8b elementor-section-boxed elementor-section-height-default elementor-section-height-default\" data-id=\"0ad2f8b\" data-element_type=\"section\">\n\t\t\t\t\t\t<div class=\"elementor-container elementor-column-gap-default\">\n\t\t\t\t\t<div class=\"elementor-column elementor-col-100 elementor-top-column elementor-element elementor-element-2ccfb25\" data-id=\"2ccfb25\" data-element_type=\"column\">\n\t\t\t<div class=\"elementor-widget-wrap elementor-element-populated\">\n\t\t\t\t\t\t<div class=\"elementor-element elementor-element-1463566 elementor-widget elementor-widget-heading\" data-id=\"1463566\" data-element_type=\"widget\" data-widget_type=\"heading.default\">\n\t\t\t\t<div class=\"elementor-widget-container\">\n\t\t\t\t\t<h2 class=\"elementor-heading-title elementor-size-default\">-\tEl forro polar<\/h2>\t\t\t\t<\/div>\n\t\t\t\t<\/div>\n\t\t\t\t\t<\/div>\n\t\t<\/div>\n\t\t\t\t\t<\/div>\n\t\t<\/section>\n\t\t\t\t<section class=\"elementor-section elementor-top-section elementor-element elementor-element-41d626f elementor-section-boxed elementor-section-height-default elementor-section-height-default\" data-id=\"41d626f\" data-element_type=\"section\">\n\t\t\t\t\t\t<div class=\"elementor-container elementor-column-gap-default\">\n\t\t\t\t\t<div class=\"elementor-column elementor-col-100 elementor-top-column elementor-element elementor-element-07ed18a\" data-id=\"07ed18a\" data-element_type=\"column\">\n\t\t\t<div class=\"elementor-widget-wrap elementor-element-populated\">\n\t\t\t\t\t\t<div class=\"elementor-element elementor-element-1f55b0b elementor-widget elementor-widget-text-editor\" data-id=\"1f55b0b\" data-element_type=\"widget\" data-widget_type=\"text-editor.default\">\n\t\t\t\t<div class=\"elementor-widget-container\">\n\t\t\t\t\t\t\t\t\t<p>Ya la vimos el a\u00f1o pasado y caus\u00f3 bastante furor\u2026 Pero esta temporada el <b>forro polar<\/b>\u00a0se ha vuelto un imprescindible.\u00a0<span style=\"font-size: 1em; letter-spacing: 0px;\">Y no solo porque es s\u00faper calentito y apetecible\u2026<\/span><\/p><p>Se trata de una prenda ideal tanto para combinar con los looks de estar m\u00e1s por casa como para salir a la calle con unos <em>jeans <\/em>o incluso con unos leggings de cuero<em>. <\/em><\/p><p>Gracias a la infinidad de modelos que hay actualmente (con estampados <i>animal print<\/i>, cuadros, de colores pastel, con efecto <em>borreguito<\/em>,&#8230;) la sudadera polar aporta a cualquier estilismo\u00a0ese toque casual tan caracter\u00edstico del street style m\u00e1s <i>underground<\/i>.<\/p><p>Comb\u00ednala con una <i>tote bag<\/i>, tus <i>jeans<\/i> preferidos y unas <i>sneakers<\/i> \u00a1y ver\u00e1s como los looks\u00a0<i>comfy<\/i> se convierten en tus favoritos!<\/p>\t\t\t\t\t\t\t\t<\/div>\n\t\t\t\t<\/div>\n\t\t\t\t\t<\/div>\n\t\t<\/div>\n\t\t\t\t\t<\/div>\n\t\t<\/section>\n\t\t\t\t<section class=\"elementor-section elementor-top-section elementor-element elementor-element-85c2e72 elementor-section-boxed elementor-section-height-default elementor-section-height-default\" data-id=\"85c2e72\" data-element_type=\"section\">\n\t\t\t\t\t\t<div class=\"elementor-container elementor-column-gap-default\">\n\t\t\t\t\t<div class=\"elementor-column elementor-col-100 elementor-top-column elementor-element elementor-element-e1db14d\" data-id=\"e1db14d\" data-element_type=\"column\">\n\t\t\t<div class=\"elementor-widget-wrap elementor-element-populated\">\n\t\t\t\t\t\t<div class=\"elementor-element elementor-element-7d5c383 elementor-widget elementor-widget-image\" data-id=\"7d5c383\" data-element_type=\"widget\" data-widget_type=\"image.default\">\n\t\t\t\t<div class=\"elementor-widget-container\">\n\t\t\t\t\t\t\t\t\t\t\t\t\t\t\t<img loading=\"lazy\" decoding=\"async\" width=\"900\" height=\"1358\" src=\"https:\/\/joseppons.com\/formacion\/wp-content\/uploads\/2020\/12\/forro-polar.jpg\" class=\"attachment-large size-large wp-image-4538\" alt=\"\" srcset=\"https:\/\/joseppons.com\/formacion\/wp-content\/uploads\/2020\/12\/forro-polar.jpg 900w, https:\/\/joseppons.com\/formacion\/wp-content\/uploads\/2020\/12\/forro-polar-768x1159.jpg 768w\" sizes=\"(max-width: 900px) 100vw, 900px\" \/>\t\t\t\t\t\t\t\t\t\t\t\t\t\t\t<\/div>\n\t\t\t\t<\/div>\n\t\t\t\t\t<\/div>\n\t\t<\/div>\n\t\t\t\t\t<\/div>\n\t\t<\/section>\n\t\t\t\t<\/div>\n\t\t","protected":false},"excerpt":{"rendered":"<p>El confinamiento, el teletrabajo, el home workout y el priorizar pasar tiempo en casa nos han devuelto la oportunidad de vestirnos con ropa c\u00f3moda, que no significa para nada renunciar a looks estilosos. Este a\u00f1o las grandes firmas de dise\u00f1adores han vuelto a apostar por la creaci\u00f3n de piezas, conjuntos y outfits s\u00faper f\u00e1ciles de&#8230;<\/p>\n","protected":false},"author":2,"featured_media":4541,"comment_status":"open","ping_status":"closed","sticky":false,"template":"","format":"standard","meta":{"_joinchat":[],"footnotes":""},"categories":[6,8,202,356,101,270],"tags":[121,521,522,524,523,40],"class_list":["post-4529","post","type-post","status-publish","format-standard","has-post-thumbnail","hentry","category-actualidad","category-asesoria-de-imagen","category-consejos","category-grado-superior-en-asesoria","category-grados-y-cursos","category-servicios-de-asesoria","tag-asesoria-de-imagen","tag-comfy","tag-prendas-comfy","tag-ropa-de-punto","tag-ropa-deportiva","tag-tendencias"],"yoast_head":"<!-- This site is optimized with the Yoast SEO plugin v26.7 - https:\/\/yoast.com\/wordpress\/plugins\/seo\/ -->\n<title>\u00bfSer\u00e1 este invierno la \u00e9poca estrella de las prendas comfy?\ud83d\ude0d - Josep Pons Formaci\u00f3n<\/title>\n<meta name=\"description\" content=\"Este invierno llega la tendencia comfy: looks compuestos por prendas c\u00f3modas y apetecibles como los ch\u00e1ndales, los conjuntos de punto, los...\" \/>\n<meta name=\"robots\" content=\"index, follow, max-snippet:-1, max-image-preview:large, max-video-preview:-1\" \/>\n<link rel=\"canonical\" href=\"https:\/\/joseppons.com\/formacion\/sera-este-invierno-la-epoca-estrella-de-las-prendas-comfy\/\" \/>\n<meta property=\"og:locale\" content=\"es_ES\" \/>\n<meta property=\"og:type\" content=\"article\" \/>\n<meta property=\"og:title\" content=\"\u00bfSer\u00e1 este invierno la \u00e9poca estrella de las prendas comfy?\ud83d\ude0d - Josep Pons Formaci\u00f3n\" \/>\n<meta property=\"og:description\" content=\"Este invierno llega la tendencia comfy: looks compuestos por prendas c\u00f3modas y apetecibles como los ch\u00e1ndales, los conjuntos de punto, los...\" \/>\n<meta property=\"og:url\" content=\"https:\/\/joseppons.com\/formacion\/sera-este-invierno-la-epoca-estrella-de-las-prendas-comfy\/\" \/>\n<meta property=\"og:site_name\" content=\"Josep Pons Formaci\u00f3n\" \/>\n<meta property=\"article:publisher\" content=\"https:\/\/es-es.facebook.com\/JosepPonsFormacio\/\" \/>\n<meta property=\"article:published_time\" content=\"2020-12-10T13:10:48+00:00\" \/>\n<meta property=\"article:modified_time\" content=\"2025-11-10T08:46:03+00:00\" \/>\n<meta property=\"og:image\" content=\"https:\/\/joseppons.com\/formacion\/wp-content\/uploads\/2020\/12\/85ff65ac9c0be083b87b9c0ef1e87c03.jpg\" \/>\n\t<meta property=\"og:image:width\" content=\"1200\" \/>\n\t<meta property=\"og:image:height\" content=\"1800\" \/>\n\t<meta property=\"og:image:type\" content=\"image\/jpeg\" \/>\n<meta name=\"author\" content=\"joseppons\" \/>\n<meta name=\"twitter:card\" content=\"summary_large_image\" \/>\n<meta name=\"twitter:creator\" content=\"@josepponsimatge\" \/>\n<meta name=\"twitter:site\" content=\"@josepponsimatge\" \/>\n<meta name=\"twitter:label1\" content=\"Escrito por\" \/>\n\t<meta name=\"twitter:data1\" content=\"joseppons\" \/>\n\t<meta name=\"twitter:label2\" content=\"Tiempo de lectura\" \/>\n\t<meta name=\"twitter:data2\" content=\"5 minutos\" \/>\n<script type=\"application\/ld+json\" class=\"yoast-schema-graph\">{\"@context\":\"https:\/\/schema.org\",\"@graph\":[{\"@type\":\"Article\",\"@id\":\"https:\/\/joseppons.com\/formacion\/sera-este-invierno-la-epoca-estrella-de-las-prendas-comfy\/#article\",\"isPartOf\":{\"@id\":\"https:\/\/joseppons.com\/formacion\/sera-este-invierno-la-epoca-estrella-de-las-prendas-comfy\/\"},\"author\":{\"name\":\"joseppons\",\"@id\":\"https:\/\/joseppons.com\/formacion\/#\/schema\/person\/52350c76759824d67ee4b9d948063ed1\"},\"headline\":\"\u00bfSer\u00e1 este invierno la \u00e9poca estrella de las prendas comfy?\ud83d\ude0d\",\"datePublished\":\"2020-12-10T13:10:48+00:00\",\"dateModified\":\"2025-11-10T08:46:03+00:00\",\"mainEntityOfPage\":{\"@id\":\"https:\/\/joseppons.com\/formacion\/sera-este-invierno-la-epoca-estrella-de-las-prendas-comfy\/\"},\"wordCount\":906,\"commentCount\":0,\"publisher\":{\"@id\":\"https:\/\/joseppons.com\/formacion\/#organization\"},\"image\":{\"@id\":\"https:\/\/joseppons.com\/formacion\/sera-este-invierno-la-epoca-estrella-de-las-prendas-comfy\/#primaryimage\"},\"thumbnailUrl\":\"https:\/\/joseppons.com\/formacion\/wp-content\/uploads\/2020\/12\/85ff65ac9c0be083b87b9c0ef1e87c03.jpg\",\"keywords\":[\"asesoria de imagen\",\"comfy\",\"prendas comfy\",\"ropa de punto\",\"ropa deportiva\",\"tendencias\"],\"articleSection\":[\"Actualidad\",\"Asesor\u00eda de imagen\",\"consejos\",\"Grado Superior en Asesor\u00eda\",\"Grados y cursos\",\"Servicios de Asesor\u00eda\"],\"inLanguage\":\"es\",\"potentialAction\":[{\"@type\":\"CommentAction\",\"name\":\"Comment\",\"target\":[\"https:\/\/joseppons.com\/formacion\/sera-este-invierno-la-epoca-estrella-de-las-prendas-comfy\/#respond\"]}]},{\"@type\":\"WebPage\",\"@id\":\"https:\/\/joseppons.com\/formacion\/sera-este-invierno-la-epoca-estrella-de-las-prendas-comfy\/\",\"url\":\"https:\/\/joseppons.com\/formacion\/sera-este-invierno-la-epoca-estrella-de-las-prendas-comfy\/\",\"name\":\"\u00bfSer\u00e1 este invierno la \u00e9poca estrella de las prendas comfy?\ud83d\ude0d - Josep Pons Formaci\u00f3n\",\"isPartOf\":{\"@id\":\"https:\/\/joseppons.com\/formacion\/#website\"},\"primaryImageOfPage\":{\"@id\":\"https:\/\/joseppons.com\/formacion\/sera-este-invierno-la-epoca-estrella-de-las-prendas-comfy\/#primaryimage\"},\"image\":{\"@id\":\"https:\/\/joseppons.com\/formacion\/sera-este-invierno-la-epoca-estrella-de-las-prendas-comfy\/#primaryimage\"},\"thumbnailUrl\":\"https:\/\/joseppons.com\/formacion\/wp-content\/uploads\/2020\/12\/85ff65ac9c0be083b87b9c0ef1e87c03.jpg\",\"datePublished\":\"2020-12-10T13:10:48+00:00\",\"dateModified\":\"2025-11-10T08:46:03+00:00\",\"description\":\"Este invierno llega la tendencia comfy: looks compuestos por prendas c\u00f3modas y apetecibles como los ch\u00e1ndales, los conjuntos de punto, los...\",\"breadcrumb\":{\"@id\":\"https:\/\/joseppons.com\/formacion\/sera-este-invierno-la-epoca-estrella-de-las-prendas-comfy\/#breadcrumb\"},\"inLanguage\":\"es\",\"potentialAction\":[{\"@type\":\"ReadAction\",\"target\":[\"https:\/\/joseppons.com\/formacion\/sera-este-invierno-la-epoca-estrella-de-las-prendas-comfy\/\"]}]},{\"@type\":\"ImageObject\",\"inLanguage\":\"es\",\"@id\":\"https:\/\/joseppons.com\/formacion\/sera-este-invierno-la-epoca-estrella-de-las-prendas-comfy\/#primaryimage\",\"url\":\"https:\/\/joseppons.com\/formacion\/wp-content\/uploads\/2020\/12\/85ff65ac9c0be083b87b9c0ef1e87c03.jpg\",\"contentUrl\":\"https:\/\/joseppons.com\/formacion\/wp-content\/uploads\/2020\/12\/85ff65ac9c0be083b87b9c0ef1e87c03.jpg\",\"width\":1200,\"height\":1800},{\"@type\":\"BreadcrumbList\",\"@id\":\"https:\/\/joseppons.com\/formacion\/sera-este-invierno-la-epoca-estrella-de-las-prendas-comfy\/#breadcrumb\",\"itemListElement\":[{\"@type\":\"ListItem\",\"position\":1,\"name\":\"Portada\",\"item\":\"https:\/\/joseppons.com\/formacion\/\"},{\"@type\":\"ListItem\",\"position\":2,\"name\":\"\u00bfSer\u00e1 este invierno la \u00e9poca estrella de las prendas comfy?\ud83d\ude0d\"}]},{\"@type\":\"WebSite\",\"@id\":\"https:\/\/joseppons.com\/formacion\/#website\",\"url\":\"https:\/\/joseppons.com\/formacion\/\",\"name\":\"Josep Pons Formaci\u00f3n\",\"description\":\"\",\"publisher\":{\"@id\":\"https:\/\/joseppons.com\/formacion\/#organization\"},\"potentialAction\":[{\"@type\":\"SearchAction\",\"target\":{\"@type\":\"EntryPoint\",\"urlTemplate\":\"https:\/\/joseppons.com\/formacion\/?s={search_term_string}\"},\"query-input\":{\"@type\":\"PropertyValueSpecification\",\"valueRequired\":true,\"valueName\":\"search_term_string\"}}],\"inLanguage\":\"es\"},{\"@type\":\"Organization\",\"@id\":\"https:\/\/joseppons.com\/formacion\/#organization\",\"name\":\"Josep Pons\",\"url\":\"https:\/\/joseppons.com\/formacion\/\",\"logo\":{\"@type\":\"ImageObject\",\"inLanguage\":\"es\",\"@id\":\"https:\/\/joseppons.com\/formacion\/#\/schema\/logo\/image\/\",\"url\":\"https:\/\/joseppons.com\/formacion\/wp-content\/uploads\/2018\/09\/logotipo-home-josepponsformacio-1.png\",\"contentUrl\":\"https:\/\/joseppons.com\/formacion\/wp-content\/uploads\/2018\/09\/logotipo-home-josepponsformacio-1.png\",\"width\":420,\"height\":280,\"caption\":\"Josep Pons\"},\"image\":{\"@id\":\"https:\/\/joseppons.com\/formacion\/#\/schema\/logo\/image\/\"},\"sameAs\":[\"https:\/\/es-es.facebook.com\/JosepPonsFormacio\/\",\"https:\/\/x.com\/josepponsimatge\",\"https:\/\/www.instagram.com\/ponsformacion\/\"]},{\"@type\":\"Person\",\"@id\":\"https:\/\/joseppons.com\/formacion\/#\/schema\/person\/52350c76759824d67ee4b9d948063ed1\",\"name\":\"joseppons\"}]}<\/script>\n<!-- \/ Yoast SEO plugin. -->","yoast_head_json":{"title":"\u00bfSer\u00e1 este invierno la \u00e9poca estrella de las prendas comfy?\ud83d\ude0d - Josep Pons Formaci\u00f3n","description":"Este invierno llega la tendencia comfy: looks compuestos por prendas c\u00f3modas y apetecibles como los ch\u00e1ndales, los conjuntos de punto, los...","robots":{"index":"index","follow":"follow","max-snippet":"max-snippet:-1","max-image-preview":"max-image-preview:large","max-video-preview":"max-video-preview:-1"},"canonical":"https:\/\/joseppons.com\/formacion\/sera-este-invierno-la-epoca-estrella-de-las-prendas-comfy\/","og_locale":"es_ES","og_type":"article","og_title":"\u00bfSer\u00e1 este invierno la \u00e9poca estrella de las prendas comfy?\ud83d\ude0d - Josep Pons Formaci\u00f3n","og_description":"Este invierno llega la tendencia comfy: looks compuestos por prendas c\u00f3modas y apetecibles como los ch\u00e1ndales, los conjuntos de punto, los...","og_url":"https:\/\/joseppons.com\/formacion\/sera-este-invierno-la-epoca-estrella-de-las-prendas-comfy\/","og_site_name":"Josep Pons Formaci\u00f3n","article_publisher":"https:\/\/es-es.facebook.com\/JosepPonsFormacio\/","article_published_time":"2020-12-10T13:10:48+00:00","article_modified_time":"2025-11-10T08:46:03+00:00","og_image":[{"width":1200,"height":1800,"url":"https:\/\/joseppons.com\/formacion\/wp-content\/uploads\/2020\/12\/85ff65ac9c0be083b87b9c0ef1e87c03.jpg","type":"image\/jpeg"}],"author":"joseppons","twitter_card":"summary_large_image","twitter_creator":"@josepponsimatge","twitter_site":"@josepponsimatge","twitter_misc":{"Escrito por":"joseppons","Tiempo de lectura":"5 minutos"},"schema":{"@context":"https:\/\/schema.org","@graph":[{"@type":"Article","@id":"https:\/\/joseppons.com\/formacion\/sera-este-invierno-la-epoca-estrella-de-las-prendas-comfy\/#article","isPartOf":{"@id":"https:\/\/joseppons.com\/formacion\/sera-este-invierno-la-epoca-estrella-de-las-prendas-comfy\/"},"author":{"name":"joseppons","@id":"https:\/\/joseppons.com\/formacion\/#\/schema\/person\/52350c76759824d67ee4b9d948063ed1"},"headline":"\u00bfSer\u00e1 este invierno la \u00e9poca estrella de las prendas comfy?\ud83d\ude0d","datePublished":"2020-12-10T13:10:48+00:00","dateModified":"2025-11-10T08:46:03+00:00","mainEntityOfPage":{"@id":"https:\/\/joseppons.com\/formacion\/sera-este-invierno-la-epoca-estrella-de-las-prendas-comfy\/"},"wordCount":906,"commentCount":0,"publisher":{"@id":"https:\/\/joseppons.com\/formacion\/#organization"},"image":{"@id":"https:\/\/joseppons.com\/formacion\/sera-este-invierno-la-epoca-estrella-de-las-prendas-comfy\/#primaryimage"},"thumbnailUrl":"https:\/\/joseppons.com\/formacion\/wp-content\/uploads\/2020\/12\/85ff65ac9c0be083b87b9c0ef1e87c03.jpg","keywords":["asesoria de imagen","comfy","prendas comfy","ropa de punto","ropa deportiva","tendencias"],"articleSection":["Actualidad","Asesor\u00eda de imagen","consejos","Grado Superior en Asesor\u00eda","Grados y cursos","Servicios de Asesor\u00eda"],"inLanguage":"es","potentialAction":[{"@type":"CommentAction","name":"Comment","target":["https:\/\/joseppons.com\/formacion\/sera-este-invierno-la-epoca-estrella-de-las-prendas-comfy\/#respond"]}]},{"@type":"WebPage","@id":"https:\/\/joseppons.com\/formacion\/sera-este-invierno-la-epoca-estrella-de-las-prendas-comfy\/","url":"https:\/\/joseppons.com\/formacion\/sera-este-invierno-la-epoca-estrella-de-las-prendas-comfy\/","name":"\u00bfSer\u00e1 este invierno la \u00e9poca estrella de las prendas comfy?\ud83d\ude0d - Josep Pons Formaci\u00f3n","isPartOf":{"@id":"https:\/\/joseppons.com\/formacion\/#website"},"primaryImageOfPage":{"@id":"https:\/\/joseppons.com\/formacion\/sera-este-invierno-la-epoca-estrella-de-las-prendas-comfy\/#primaryimage"},"image":{"@id":"https:\/\/joseppons.com\/formacion\/sera-este-invierno-la-epoca-estrella-de-las-prendas-comfy\/#primaryimage"},"thumbnailUrl":"https:\/\/joseppons.com\/formacion\/wp-content\/uploads\/2020\/12\/85ff65ac9c0be083b87b9c0ef1e87c03.jpg","datePublished":"2020-12-10T13:10:48+00:00","dateModified":"2025-11-10T08:46:03+00:00","description":"Este invierno llega la tendencia comfy: looks compuestos por prendas c\u00f3modas y apetecibles como los ch\u00e1ndales, los conjuntos de punto, los...","breadcrumb":{"@id":"https:\/\/joseppons.com\/formacion\/sera-este-invierno-la-epoca-estrella-de-las-prendas-comfy\/#breadcrumb"},"inLanguage":"es","potentialAction":[{"@type":"ReadAction","target":["https:\/\/joseppons.com\/formacion\/sera-este-invierno-la-epoca-estrella-de-las-prendas-comfy\/"]}]},{"@type":"ImageObject","inLanguage":"es","@id":"https:\/\/joseppons.com\/formacion\/sera-este-invierno-la-epoca-estrella-de-las-prendas-comfy\/#primaryimage","url":"https:\/\/joseppons.com\/formacion\/wp-content\/uploads\/2020\/12\/85ff65ac9c0be083b87b9c0ef1e87c03.jpg","contentUrl":"https:\/\/joseppons.com\/formacion\/wp-content\/uploads\/2020\/12\/85ff65ac9c0be083b87b9c0ef1e87c03.jpg","width":1200,"height":1800},{"@type":"BreadcrumbList","@id":"https:\/\/joseppons.com\/formacion\/sera-este-invierno-la-epoca-estrella-de-las-prendas-comfy\/#breadcrumb","itemListElement":[{"@type":"ListItem","position":1,"name":"Portada","item":"https:\/\/joseppons.com\/formacion\/"},{"@type":"ListItem","position":2,"name":"\u00bfSer\u00e1 este invierno la \u00e9poca estrella de las prendas comfy?\ud83d\ude0d"}]},{"@type":"WebSite","@id":"https:\/\/joseppons.com\/formacion\/#website","url":"https:\/\/joseppons.com\/formacion\/","name":"Josep Pons Formaci\u00f3n","description":"","publisher":{"@id":"https:\/\/joseppons.com\/formacion\/#organization"},"potentialAction":[{"@type":"SearchAction","target":{"@type":"EntryPoint","urlTemplate":"https:\/\/joseppons.com\/formacion\/?s={search_term_string}"},"query-input":{"@type":"PropertyValueSpecification","valueRequired":true,"valueName":"search_term_string"}}],"inLanguage":"es"},{"@type":"Organization","@id":"https:\/\/joseppons.com\/formacion\/#organization","name":"Josep Pons","url":"https:\/\/joseppons.com\/formacion\/","logo":{"@type":"ImageObject","inLanguage":"es","@id":"https:\/\/joseppons.com\/formacion\/#\/schema\/logo\/image\/","url":"https:\/\/joseppons.com\/formacion\/wp-content\/uploads\/2018\/09\/logotipo-home-josepponsformacio-1.png","contentUrl":"https:\/\/joseppons.com\/formacion\/wp-content\/uploads\/2018\/09\/logotipo-home-josepponsformacio-1.png","width":420,"height":280,"caption":"Josep Pons"},"image":{"@id":"https:\/\/joseppons.com\/formacion\/#\/schema\/logo\/image\/"},"sameAs":["https:\/\/es-es.facebook.com\/JosepPonsFormacio\/","https:\/\/x.com\/josepponsimatge","https:\/\/www.instagram.com\/ponsformacion\/"]},{"@type":"Person","@id":"https:\/\/joseppons.com\/formacion\/#\/schema\/person\/52350c76759824d67ee4b9d948063ed1","name":"joseppons"}]}},"_links":{"self":[{"href":"https:\/\/joseppons.com\/formacion\/wp-json\/wp\/v2\/posts\/4529","targetHints":{"allow":["GET"]}}],"collection":[{"href":"https:\/\/joseppons.com\/formacion\/wp-json\/wp\/v2\/posts"}],"about":[{"href":"https:\/\/joseppons.com\/formacion\/wp-json\/wp\/v2\/types\/post"}],"author":[{"embeddable":true,"href":"https:\/\/joseppons.com\/formacion\/wp-json\/wp\/v2\/users\/2"}],"replies":[{"embeddable":true,"href":"https:\/\/joseppons.com\/formacion\/wp-json\/wp\/v2\/comments?post=4529"}],"version-history":[{"count":3,"href":"https:\/\/joseppons.com\/formacion\/wp-json\/wp\/v2\/posts\/4529\/revisions"}],"predecessor-version":[{"id":18998,"href":"https:\/\/joseppons.com\/formacion\/wp-json\/wp\/v2\/posts\/4529\/revisions\/18998"}],"wp:featuredmedia":[{"embeddable":true,"href":"https:\/\/joseppons.com\/formacion\/wp-json\/wp\/v2\/media\/4541"}],"wp:attachment":[{"href":"https:\/\/joseppons.com\/formacion\/wp-json\/wp\/v2\/media?parent=4529"}],"wp:term":[{"taxonomy":"category","embeddable":true,"href":"https:\/\/joseppons.com\/formacion\/wp-json\/wp\/v2\/categories?post=4529"},{"taxonomy":"post_tag","embeddable":true,"href":"https:\/\/joseppons.com\/formacion\/wp-json\/wp\/v2\/tags?post=4529"}],"curies":[{"name":"wp","href":"https:\/\/api.w.org\/{rel}","templated":true}]}}