{"id":3876,"date":"2020-07-16T14:27:59","date_gmt":"2020-07-16T12:27:59","guid":{"rendered":"https:\/\/joseppons.com\/formacion\/?p=3876"},"modified":"2025-11-10T08:49:35","modified_gmt":"2025-11-10T07:49:35","slug":"los-cursos-que-no-te-puedes-perder-este-verano","status":"publish","type":"post","link":"https:\/\/joseppons.com\/formacion\/los-cursos-que-no-te-puedes-perder-este-verano\/","title":{"rendered":"Los cursos que no te puedes perder este verano \ud83e\udd29"},"content":{"rendered":"\t\t<div data-elementor-type=\"wp-post\" data-elementor-id=\"3876\" class=\"elementor elementor-3876\" data-elementor-post-type=\"post\">\n\t\t\t\t\t\t<section class=\"elementor-section elementor-top-section elementor-element elementor-element-0d7aafc elementor-section-boxed elementor-section-height-default elementor-section-height-default\" data-id=\"0d7aafc\" data-element_type=\"section\">\n\t\t\t\t\t\t<div class=\"elementor-container elementor-column-gap-default\">\n\t\t\t\t\t<div class=\"elementor-column elementor-col-100 elementor-top-column elementor-element elementor-element-a30ef3a\" data-id=\"a30ef3a\" data-element_type=\"column\">\n\t\t\t<div class=\"elementor-widget-wrap elementor-element-populated\">\n\t\t\t\t\t\t<div class=\"elementor-element elementor-element-b340883 elementor-widget elementor-widget-text-editor\" data-id=\"b340883\" data-element_type=\"widget\" data-widget_type=\"text-editor.default\">\n\t\t\t\t<div class=\"elementor-widget-container\">\n\t\t\t\t\t\t\t\t\t<p>El verano es aquella \u00e9poca del a\u00f1o <a href=\"https:\/\/joseppons.com\/formacion\/productos-belleza-debes-llevarte-vacaciones\/\">ideal para irse de vacaciones<\/a>, viajar (aunque este a\u00f1o sea mucho m\u00e1s cerca), descansar y aprovechar el tiempo libre para hacer aquellas cosas que durante el d\u00eda a d\u00eda son m\u00e1s dif\u00edciles de compaginar con el trabajo.<\/p><p>S\u00ed, hablamos ni m\u00e1s ni menos de<strong> la oportunidad de formarse y especializarse con cursos intensivos<\/strong> para profesionales en activo.<\/p><p>\u00bfY es que cu\u00e1ntas veces has pensado en buscar un hueco para aprender a realizar un servicio nuevo? \u00bfO para ganar destreza?<\/p><p>Los <a href=\"https:\/\/joseppons.com\/formacion\/cursos-especializacion\/\">cursos intensivos de verano de Josep Pons<\/a> buscan aportar a profesionales en activo la posibilidad de especializarse en todos los campos del sector de la imagen personal, desde la <a href=\"https:\/\/joseppons.com\/formacion\/especializaciones-peluqueria\/\">peluquer\u00eda<\/a> (coloraci\u00f3n, recogidos,&#8230;), la <a href=\"https:\/\/joseppons.com\/formacion\/especializaciones-en-estetica\/\">est\u00e9tica<\/a> (tratamientos, masajes, manicuras,&#8230;) y la asesor\u00eda de imagen.<\/p><p>Cada curso es <strong>100% pr\u00e1ctico<\/strong> y est\u00e1 fundamentado bajo una metodolog\u00eda de formaci\u00f3n propia basada en 87 a\u00f1os de experiencia que permite a cada cursillista conseguir los mejores resultados.<\/p>\t\t\t\t\t\t\t\t<\/div>\n\t\t\t\t<\/div>\n\t\t\t\t\t<\/div>\n\t\t<\/div>\n\t\t\t\t\t<\/div>\n\t\t<\/section>\n\t\t\t\t<section class=\"elementor-section elementor-top-section elementor-element elementor-element-6d485a5 elementor-section-boxed elementor-section-height-default elementor-section-height-default\" data-id=\"6d485a5\" data-element_type=\"section\">\n\t\t\t\t\t\t<div class=\"elementor-container elementor-column-gap-default\">\n\t\t\t\t\t<div class=\"elementor-column elementor-col-100 elementor-top-column elementor-element elementor-element-6c655d1\" data-id=\"6c655d1\" data-element_type=\"column\">\n\t\t\t<div class=\"elementor-widget-wrap elementor-element-populated\">\n\t\t\t\t\t\t<div class=\"elementor-element elementor-element-5da1503 elementor-widget elementor-widget-heading\" data-id=\"5da1503\" data-element_type=\"widget\" data-widget_type=\"heading.default\">\n\t\t\t\t<div class=\"elementor-widget-container\">\n\t\t\t\t\t<h2 class=\"elementor-heading-title elementor-size-default\">Cursos de especializaci\u00f3n para este julio 2020<\/h2>\t\t\t\t<\/div>\n\t\t\t\t<\/div>\n\t\t\t\t\t<\/div>\n\t\t<\/div>\n\t\t\t\t\t<\/div>\n\t\t<\/section>\n\t\t\t\t<section class=\"elementor-section elementor-top-section elementor-element elementor-element-96d65cf elementor-section-boxed elementor-section-height-default elementor-section-height-default\" data-id=\"96d65cf\" data-element_type=\"section\">\n\t\t\t\t\t\t<div class=\"elementor-container elementor-column-gap-default\">\n\t\t\t\t\t<div class=\"elementor-column elementor-col-100 elementor-top-column elementor-element elementor-element-70d11ea\" data-id=\"70d11ea\" data-element_type=\"column\">\n\t\t\t<div class=\"elementor-widget-wrap elementor-element-populated\">\n\t\t\t\t\t\t<div class=\"elementor-element elementor-element-905628e elementor-widget elementor-widget-heading\" data-id=\"905628e\" data-element_type=\"widget\" data-widget_type=\"heading.default\">\n\t\t\t\t<div class=\"elementor-widget-container\">\n\t\t\t\t\t<h3 class=\"elementor-heading-title elementor-size-default\">Masterclass de colorimetr\u00eda<\/h3>\t\t\t\t<\/div>\n\t\t\t\t<\/div>\n\t\t\t\t\t<\/div>\n\t\t<\/div>\n\t\t\t\t\t<\/div>\n\t\t<\/section>\n\t\t\t\t<section class=\"elementor-section elementor-top-section elementor-element elementor-element-b1f1473 elementor-section-boxed elementor-section-height-default elementor-section-height-default\" data-id=\"b1f1473\" data-element_type=\"section\">\n\t\t\t\t\t\t<div class=\"elementor-container elementor-column-gap-default\">\n\t\t\t\t\t<div class=\"elementor-column elementor-col-100 elementor-top-column elementor-element elementor-element-926e2d3\" data-id=\"926e2d3\" data-element_type=\"column\">\n\t\t\t<div class=\"elementor-widget-wrap elementor-element-populated\">\n\t\t\t\t\t\t<div class=\"elementor-element elementor-element-6bf4109 elementor-widget elementor-widget-text-editor\" data-id=\"6bf4109\" data-element_type=\"widget\" data-widget_type=\"text-editor.default\">\n\t\t\t\t<div class=\"elementor-widget-container\">\n\t\t\t\t\t\t\t\t\t<p>Es imposible entender la peluquer\u00eda actual sin las<strong> t\u00e9cnicas de coloraci\u00f3n<\/strong>.<\/p><p>Hoy en d\u00eda el color se ha convertido en uno de los servicios m\u00e1s solicitados en la mayor\u00eda de salones y esto ha generado una mayor necesidad de formaci\u00f3n a muchos profesionales en activo.<\/p><p>Y es que aprender a conseguir tonalidades de color \u00fanicas, saber realizar a la perfecci\u00f3n las t\u00e9cnicas m\u00e1s populares y ser capaz de hacer un diagn\u00f3stico de color previo a cada cliente es determinante a la hora de dar un paso m\u00e1s en t\u00e9rminos profesionales.<\/p><p>Tener <a href=\"https:\/\/joseppons.com\/formacion\/como-saber-colores-favorecen\/\">conocimientos de colorimetr\u00eda<\/a> es esencial en una carrera de estilismo, pues se trata &#8211; ni m\u00e1s ni menos &#8211; de la ciencia que estudia y desarrolla el color para obtener una escala de valores num\u00e9ricos.<\/p><p>Y esto permite al estilista <strong>conocer a la perfecci\u00f3n cada gama de color y sus derivaciones<\/strong> para, as\u00ed, ofrecer a cada cliente un servicio de coloraci\u00f3n excelente.<\/p><p>La<a href=\"https:\/\/joseppons.com\/formacion\/masterclass-de-colorimetria\/\"> masterclass de colorimetr\u00eda <\/a>es un curso intensivo totalmente pr\u00e1ctico dise\u00f1ado espec\u00edficamente para aportar todos los conocimientos necesarios a aquellos coloristas del sector que quieren dar un salto profesional. \u00a0<\/p><p>Esta especializaci\u00f3n proporciona los conocimientos y herramientas m\u00e1s avanzadas <strong>para dominar al completo todas las \u00e1reas del color<\/strong>, aplicando diferentes procedimientos para crear, clasificar y reproducir las diferentes gamas.<\/p><p>La nueva edici\u00f3n del<strong> curso intensivo de Josep Pons<\/strong> tendr\u00e1 lugar <strong>el d\u00eda 20 de julio de 10:00h de la ma\u00f1ana hasta las 18:00h de la tarde<\/strong>.<\/p>\t\t\t\t\t\t\t\t<\/div>\n\t\t\t\t<\/div>\n\t\t\t\t\t<\/div>\n\t\t<\/div>\n\t\t\t\t\t<\/div>\n\t\t<\/section>\n\t\t\t\t<section class=\"elementor-section elementor-top-section elementor-element elementor-element-d11e868 elementor-section-boxed elementor-section-height-default elementor-section-height-default\" data-id=\"d11e868\" data-element_type=\"section\">\n\t\t\t\t\t\t<div class=\"elementor-container elementor-column-gap-default\">\n\t\t\t\t\t<div class=\"elementor-column elementor-col-100 elementor-top-column elementor-element elementor-element-e6e7fd9\" data-id=\"e6e7fd9\" data-element_type=\"column\">\n\t\t\t<div class=\"elementor-widget-wrap elementor-element-populated\">\n\t\t\t\t\t\t<div class=\"elementor-element elementor-element-a6f2e92 elementor-widget elementor-widget-image\" data-id=\"a6f2e92\" data-element_type=\"widget\" data-widget_type=\"image.default\">\n\t\t\t\t<div class=\"elementor-widget-container\">\n\t\t\t\t\t\t\t\t\t\t\t\t<figure class=\"wp-caption\">\n\t\t\t\t\t\t\t\t\t\t<img fetchpriority=\"high\" decoding=\"async\" width=\"800\" height=\"530\" src=\"https:\/\/joseppons.com\/formacion\/wp-content\/uploads\/2020\/07\/Masterclass-colimetria.jpg\" class=\"attachment-large size-large wp-image-3879\" alt=\"Masterclass de colorimetr\u00eda\" srcset=\"https:\/\/joseppons.com\/formacion\/wp-content\/uploads\/2020\/07\/Masterclass-colimetria.jpg 800w, https:\/\/joseppons.com\/formacion\/wp-content\/uploads\/2020\/07\/Masterclass-colimetria-768x509.jpg 768w\" sizes=\"(max-width: 800px) 100vw, 800px\" \/>\t\t\t\t\t\t\t\t\t\t\t<figcaption class=\"widget-image-caption wp-caption-text\">Masterclass de colorimetr\u00eda<\/figcaption>\n\t\t\t\t\t\t\t\t\t\t<\/figure>\n\t\t\t\t\t\t\t\t\t<\/div>\n\t\t\t\t<\/div>\n\t\t\t\t\t<\/div>\n\t\t<\/div>\n\t\t\t\t\t<\/div>\n\t\t<\/section>\n\t\t\t\t<section class=\"elementor-section elementor-top-section elementor-element elementor-element-3f7e8f7 elementor-section-boxed elementor-section-height-default elementor-section-height-default\" data-id=\"3f7e8f7\" data-element_type=\"section\">\n\t\t\t\t\t\t<div class=\"elementor-container elementor-column-gap-default\">\n\t\t\t\t\t<div class=\"elementor-column elementor-col-100 elementor-top-column elementor-element elementor-element-7cc5d01\" data-id=\"7cc5d01\" data-element_type=\"column\">\n\t\t\t<div class=\"elementor-widget-wrap elementor-element-populated\">\n\t\t\t\t\t\t<div class=\"elementor-element elementor-element-0758ea8 elementor-widget elementor-widget-heading\" data-id=\"0758ea8\" data-element_type=\"widget\" data-widget_type=\"heading.default\">\n\t\t\t\t<div class=\"elementor-widget-container\">\n\t\t\t\t\t<h3 class=\"elementor-heading-title elementor-size-default\">Masterclass de manicura y pedicura<\/h3>\t\t\t\t<\/div>\n\t\t\t\t<\/div>\n\t\t\t\t\t<\/div>\n\t\t<\/div>\n\t\t\t\t\t<\/div>\n\t\t<\/section>\n\t\t\t\t<section class=\"elementor-section elementor-top-section elementor-element elementor-element-2020cc1 elementor-section-boxed elementor-section-height-default elementor-section-height-default\" data-id=\"2020cc1\" data-element_type=\"section\">\n\t\t\t\t\t\t<div class=\"elementor-container elementor-column-gap-default\">\n\t\t\t\t\t<div class=\"elementor-column elementor-col-100 elementor-top-column elementor-element elementor-element-bbf810c\" data-id=\"bbf810c\" data-element_type=\"column\">\n\t\t\t<div class=\"elementor-widget-wrap elementor-element-populated\">\n\t\t\t\t\t\t<div class=\"elementor-element elementor-element-683bfde elementor-widget elementor-widget-text-editor\" data-id=\"683bfde\" data-element_type=\"widget\" data-widget_type=\"text-editor.default\">\n\t\t\t\t<div class=\"elementor-widget-container\">\n\t\t\t\t\t\t\t\t\t<p><strong>\u00a0<\/strong>Cada vez existen m\u00e1s <a href=\"https:\/\/joseppons.com\/servicios\/\">centros especializados en el cuidado y embellecimiento de u\u00f1as. <\/a><\/p><p>Sin embargo, encontrar <strong>profesionales expertos en manicura y pedicura<\/strong> que sepan realizar a la perfecci\u00f3n el esmaltado as\u00ed como cada ritual de tratamiento no es nada f\u00e1cil.<\/p><p>Y es que aunque las u\u00f1as sean las protagonistas de cada servicio de manicura y pedicura, tambi\u00e9n existen una multitud de factores que deben tenerse en cuenta, como la seguridad y la higiene, los protocolos de bienvenida y preparaci\u00f3n del cliente, el uso de herramientas y materiales adecuados, las t\u00e9cnicas de masaje de manos, brazos y pies, y un largo etc\u00e9tera.\u00a0<\/p><p>Es por eso que el curso intensivo de manicura y pedicura de Josep Pons tiene como objetivo formar a los<strong> profesionales del sector de la est\u00e9tica<\/strong> para que ofrezcan una experiencia completa a sus clientes desde el principio hasta el final, aportando un valor a\u00f1adido fundamentado en los detalles del proceso y garantizando un esmaltado impecable.<\/p><p>A lo largo de los dos d\u00edas de formaci\u00f3n, que tendr\u00e1n lugar <strong>los d\u00edas 29 y 30 de julio de 2020 de 15:00h a 19:00h de la tarde<\/strong>, los cursillistas aprender\u00e1n las <strong>t\u00e9cnicas de esmaltado y dise\u00f1o de u\u00f1as m\u00e1s solicitadas del mercado<\/strong>, y los tratamientos y cuidados m\u00e1s vanguardistas del sector.<\/p>\t\t\t\t\t\t\t\t<\/div>\n\t\t\t\t<\/div>\n\t\t\t\t\t<\/div>\n\t\t<\/div>\n\t\t\t\t\t<\/div>\n\t\t<\/section>\n\t\t\t\t<section class=\"elementor-section elementor-top-section elementor-element elementor-element-b380e22 elementor-section-boxed elementor-section-height-default elementor-section-height-default\" data-id=\"b380e22\" data-element_type=\"section\">\n\t\t\t\t\t\t<div class=\"elementor-container elementor-column-gap-default\">\n\t\t\t\t\t<div class=\"elementor-column elementor-col-100 elementor-top-column elementor-element elementor-element-2b1443d\" data-id=\"2b1443d\" data-element_type=\"column\">\n\t\t\t<div class=\"elementor-widget-wrap elementor-element-populated\">\n\t\t\t\t\t\t<div class=\"elementor-element elementor-element-c3ff78b elementor-widget elementor-widget-image\" data-id=\"c3ff78b\" data-element_type=\"widget\" data-widget_type=\"image.default\">\n\t\t\t\t<div class=\"elementor-widget-container\">\n\t\t\t\t\t\t\t\t\t\t\t\t<figure class=\"wp-caption\">\n\t\t\t\t\t\t\t\t\t\t<img decoding=\"async\" width=\"800\" height=\"533\" src=\"https:\/\/joseppons.com\/formacion\/wp-content\/uploads\/2020\/07\/masterclass-manicura-pedicura.jpg\" class=\"attachment-large size-large wp-image-3882\" alt=\"Masterclass de manicura y pedicura\" srcset=\"https:\/\/joseppons.com\/formacion\/wp-content\/uploads\/2020\/07\/masterclass-manicura-pedicura.jpg 800w, https:\/\/joseppons.com\/formacion\/wp-content\/uploads\/2020\/07\/masterclass-manicura-pedicura-768x512.jpg 768w\" sizes=\"(max-width: 800px) 100vw, 800px\" \/>\t\t\t\t\t\t\t\t\t\t\t<figcaption class=\"widget-image-caption wp-caption-text\">Masterclass de manicura y pedicura<\/figcaption>\n\t\t\t\t\t\t\t\t\t\t<\/figure>\n\t\t\t\t\t\t\t\t\t<\/div>\n\t\t\t\t<\/div>\n\t\t\t\t\t<\/div>\n\t\t<\/div>\n\t\t\t\t\t<\/div>\n\t\t<\/section>\n\t\t\t\t<\/div>\n\t\t","protected":false},"excerpt":{"rendered":"<p>El verano es aquella \u00e9poca del a\u00f1o ideal para irse de vacaciones, viajar (aunque este a\u00f1o sea mucho m\u00e1s cerca), descansar y aprovechar el tiempo libre para hacer aquellas cosas que durante el d\u00eda a d\u00eda son m\u00e1s dif\u00edciles de compaginar con el trabajo. S\u00ed, hablamos ni m\u00e1s ni menos de la oportunidad de formarse&#8230;<\/p>\n","protected":false},"author":2,"featured_media":3878,"comment_status":"open","ping_status":"closed","sticky":false,"template":"","format":"standard","meta":{"_joinchat":[],"footnotes":""},"categories":[6,9,101,192,7],"tags":[446,23,445,444,447,448,449,450],"class_list":["post-3876","post","type-post","status-publish","format-standard","has-post-thumbnail","hentry","category-actualidad","category-estetica","category-grados-y-cursos","category-manicura","category-peluqueria","tag-curso-de-unas-acrilicas","tag-cursos","tag-cursos-de-maquillaje","tag-cursos-especializacion","tag-masterclass","tag-masterclass-de-colorimetria","tag-masterclass-de-manicura-y-pedicura","tag-masterclass-josep-pons-2020"],"yoast_head":"<!-- This site is optimized with the Yoast SEO plugin v26.7 - https:\/\/yoast.com\/wordpress\/plugins\/seo\/ -->\n<title>Los cursos que no te puedes perder este verano \ud83e\udd29 - Josep Pons Formaci\u00f3n<\/title>\n<meta name=\"description\" content=\"\u00a1Aprovecha el verano para seguir form\u00e1ndote! Cursos intensivos de peluquer\u00eda y est\u00e9tica. \u00a1Escoge tu masterclass! Manicura, pedicura, colorimetr\u00eda,...\" \/>\n<meta name=\"robots\" content=\"index, follow, max-snippet:-1, max-image-preview:large, max-video-preview:-1\" \/>\n<link rel=\"canonical\" href=\"https:\/\/joseppons.com\/formacion\/los-cursos-que-no-te-puedes-perder-este-verano\/\" \/>\n<meta property=\"og:locale\" content=\"es_ES\" \/>\n<meta property=\"og:type\" content=\"article\" \/>\n<meta property=\"og:title\" content=\"Los cursos que no te puedes perder este verano \ud83e\udd29 - Josep Pons Formaci\u00f3n\" \/>\n<meta property=\"og:description\" content=\"\u00a1Aprovecha el verano para seguir form\u00e1ndote! Cursos intensivos de peluquer\u00eda y est\u00e9tica. \u00a1Escoge tu masterclass! Manicura, pedicura, colorimetr\u00eda,...\" \/>\n<meta property=\"og:url\" content=\"https:\/\/joseppons.com\/formacion\/los-cursos-que-no-te-puedes-perder-este-verano\/\" \/>\n<meta property=\"og:site_name\" content=\"Josep Pons Formaci\u00f3n\" \/>\n<meta property=\"article:publisher\" content=\"https:\/\/es-es.facebook.com\/JosepPonsFormacio\/\" \/>\n<meta property=\"article:published_time\" content=\"2020-07-16T12:27:59+00:00\" \/>\n<meta property=\"article:modified_time\" content=\"2025-11-10T07:49:35+00:00\" \/>\n<meta property=\"og:image\" content=\"https:\/\/joseppons.com\/formacion\/wp-content\/uploads\/2020\/07\/masterclass-josep-pons-junio-2020.jpg\" \/>\n\t<meta property=\"og:image:width\" content=\"800\" \/>\n\t<meta property=\"og:image:height\" content=\"412\" \/>\n\t<meta property=\"og:image:type\" content=\"image\/jpeg\" \/>\n<meta name=\"author\" content=\"joseppons\" \/>\n<meta name=\"twitter:card\" content=\"summary_large_image\" \/>\n<meta name=\"twitter:creator\" content=\"@josepponsimatge\" \/>\n<meta name=\"twitter:site\" content=\"@josepponsimatge\" \/>\n<meta name=\"twitter:label1\" content=\"Escrito por\" \/>\n\t<meta name=\"twitter:data1\" content=\"joseppons\" \/>\n\t<meta name=\"twitter:label2\" content=\"Tiempo de lectura\" \/>\n\t<meta name=\"twitter:data2\" content=\"4 minutos\" \/>\n<script type=\"application\/ld+json\" class=\"yoast-schema-graph\">{\"@context\":\"https:\/\/schema.org\",\"@graph\":[{\"@type\":\"Article\",\"@id\":\"https:\/\/joseppons.com\/formacion\/los-cursos-que-no-te-puedes-perder-este-verano\/#article\",\"isPartOf\":{\"@id\":\"https:\/\/joseppons.com\/formacion\/los-cursos-que-no-te-puedes-perder-este-verano\/\"},\"author\":{\"name\":\"joseppons\",\"@id\":\"https:\/\/joseppons.com\/formacion\/#\/schema\/person\/52350c76759824d67ee4b9d948063ed1\"},\"headline\":\"Los cursos que no te puedes perder este verano \ud83e\udd29\",\"datePublished\":\"2020-07-16T12:27:59+00:00\",\"dateModified\":\"2025-11-10T07:49:35+00:00\",\"mainEntityOfPage\":{\"@id\":\"https:\/\/joseppons.com\/formacion\/los-cursos-que-no-te-puedes-perder-este-verano\/\"},\"wordCount\":698,\"commentCount\":0,\"publisher\":{\"@id\":\"https:\/\/joseppons.com\/formacion\/#organization\"},\"image\":{\"@id\":\"https:\/\/joseppons.com\/formacion\/los-cursos-que-no-te-puedes-perder-este-verano\/#primaryimage\"},\"thumbnailUrl\":\"https:\/\/joseppons.com\/formacion\/wp-content\/uploads\/2020\/07\/masterclass-josep-pons-junio-2020.jpg\",\"keywords\":[\"curso de u\u00f1as acr\u00edlicas\",\"cursos\",\"cursos de maquillaje\",\"cursos especializaci\u00f3n\",\"masterclass\",\"Masterclass de colorimetr\u00eda\",\"Masterclass de manicura y pedicura\",\"masterclass Josep Pons 2020\"],\"articleSection\":[\"Actualidad\",\"Est\u00e9tica\",\"Grados y cursos\",\"Manicura\",\"Peluquer\u00eda\"],\"inLanguage\":\"es\",\"potentialAction\":[{\"@type\":\"CommentAction\",\"name\":\"Comment\",\"target\":[\"https:\/\/joseppons.com\/formacion\/los-cursos-que-no-te-puedes-perder-este-verano\/#respond\"]}]},{\"@type\":\"WebPage\",\"@id\":\"https:\/\/joseppons.com\/formacion\/los-cursos-que-no-te-puedes-perder-este-verano\/\",\"url\":\"https:\/\/joseppons.com\/formacion\/los-cursos-que-no-te-puedes-perder-este-verano\/\",\"name\":\"Los cursos que no te puedes perder este verano \ud83e\udd29 - Josep Pons Formaci\u00f3n\",\"isPartOf\":{\"@id\":\"https:\/\/joseppons.com\/formacion\/#website\"},\"primaryImageOfPage\":{\"@id\":\"https:\/\/joseppons.com\/formacion\/los-cursos-que-no-te-puedes-perder-este-verano\/#primaryimage\"},\"image\":{\"@id\":\"https:\/\/joseppons.com\/formacion\/los-cursos-que-no-te-puedes-perder-este-verano\/#primaryimage\"},\"thumbnailUrl\":\"https:\/\/joseppons.com\/formacion\/wp-content\/uploads\/2020\/07\/masterclass-josep-pons-junio-2020.jpg\",\"datePublished\":\"2020-07-16T12:27:59+00:00\",\"dateModified\":\"2025-11-10T07:49:35+00:00\",\"description\":\"\u00a1Aprovecha el verano para seguir form\u00e1ndote! Cursos intensivos de peluquer\u00eda y est\u00e9tica. \u00a1Escoge tu masterclass! Manicura, pedicura, colorimetr\u00eda,...\",\"breadcrumb\":{\"@id\":\"https:\/\/joseppons.com\/formacion\/los-cursos-que-no-te-puedes-perder-este-verano\/#breadcrumb\"},\"inLanguage\":\"es\",\"potentialAction\":[{\"@type\":\"ReadAction\",\"target\":[\"https:\/\/joseppons.com\/formacion\/los-cursos-que-no-te-puedes-perder-este-verano\/\"]}]},{\"@type\":\"ImageObject\",\"inLanguage\":\"es\",\"@id\":\"https:\/\/joseppons.com\/formacion\/los-cursos-que-no-te-puedes-perder-este-verano\/#primaryimage\",\"url\":\"https:\/\/joseppons.com\/formacion\/wp-content\/uploads\/2020\/07\/masterclass-josep-pons-junio-2020.jpg\",\"contentUrl\":\"https:\/\/joseppons.com\/formacion\/wp-content\/uploads\/2020\/07\/masterclass-josep-pons-junio-2020.jpg\",\"width\":800,\"height\":412,\"caption\":\"Masterclass Josep Pons Verano 2020\"},{\"@type\":\"BreadcrumbList\",\"@id\":\"https:\/\/joseppons.com\/formacion\/los-cursos-que-no-te-puedes-perder-este-verano\/#breadcrumb\",\"itemListElement\":[{\"@type\":\"ListItem\",\"position\":1,\"name\":\"Portada\",\"item\":\"https:\/\/joseppons.com\/formacion\/\"},{\"@type\":\"ListItem\",\"position\":2,\"name\":\"Los cursos que no te puedes perder este verano \ud83e\udd29\"}]},{\"@type\":\"WebSite\",\"@id\":\"https:\/\/joseppons.com\/formacion\/#website\",\"url\":\"https:\/\/joseppons.com\/formacion\/\",\"name\":\"Josep Pons Formaci\u00f3n\",\"description\":\"\",\"publisher\":{\"@id\":\"https:\/\/joseppons.com\/formacion\/#organization\"},\"potentialAction\":[{\"@type\":\"SearchAction\",\"target\":{\"@type\":\"EntryPoint\",\"urlTemplate\":\"https:\/\/joseppons.com\/formacion\/?s={search_term_string}\"},\"query-input\":{\"@type\":\"PropertyValueSpecification\",\"valueRequired\":true,\"valueName\":\"search_term_string\"}}],\"inLanguage\":\"es\"},{\"@type\":\"Organization\",\"@id\":\"https:\/\/joseppons.com\/formacion\/#organization\",\"name\":\"Josep Pons\",\"url\":\"https:\/\/joseppons.com\/formacion\/\",\"logo\":{\"@type\":\"ImageObject\",\"inLanguage\":\"es\",\"@id\":\"https:\/\/joseppons.com\/formacion\/#\/schema\/logo\/image\/\",\"url\":\"https:\/\/joseppons.com\/formacion\/wp-content\/uploads\/2018\/09\/logotipo-home-josepponsformacio-1.png\",\"contentUrl\":\"https:\/\/joseppons.com\/formacion\/wp-content\/uploads\/2018\/09\/logotipo-home-josepponsformacio-1.png\",\"width\":420,\"height\":280,\"caption\":\"Josep Pons\"},\"image\":{\"@id\":\"https:\/\/joseppons.com\/formacion\/#\/schema\/logo\/image\/\"},\"sameAs\":[\"https:\/\/es-es.facebook.com\/JosepPonsFormacio\/\",\"https:\/\/x.com\/josepponsimatge\",\"https:\/\/www.instagram.com\/ponsformacion\/\"]},{\"@type\":\"Person\",\"@id\":\"https:\/\/joseppons.com\/formacion\/#\/schema\/person\/52350c76759824d67ee4b9d948063ed1\",\"name\":\"joseppons\"}]}<\/script>\n<!-- \/ Yoast SEO plugin. -->","yoast_head_json":{"title":"Los cursos que no te puedes perder este verano \ud83e\udd29 - Josep Pons Formaci\u00f3n","description":"\u00a1Aprovecha el verano para seguir form\u00e1ndote! Cursos intensivos de peluquer\u00eda y est\u00e9tica. \u00a1Escoge tu masterclass! Manicura, pedicura, colorimetr\u00eda,...","robots":{"index":"index","follow":"follow","max-snippet":"max-snippet:-1","max-image-preview":"max-image-preview:large","max-video-preview":"max-video-preview:-1"},"canonical":"https:\/\/joseppons.com\/formacion\/los-cursos-que-no-te-puedes-perder-este-verano\/","og_locale":"es_ES","og_type":"article","og_title":"Los cursos que no te puedes perder este verano \ud83e\udd29 - Josep Pons Formaci\u00f3n","og_description":"\u00a1Aprovecha el verano para seguir form\u00e1ndote! Cursos intensivos de peluquer\u00eda y est\u00e9tica. \u00a1Escoge tu masterclass! Manicura, pedicura, colorimetr\u00eda,...","og_url":"https:\/\/joseppons.com\/formacion\/los-cursos-que-no-te-puedes-perder-este-verano\/","og_site_name":"Josep Pons Formaci\u00f3n","article_publisher":"https:\/\/es-es.facebook.com\/JosepPonsFormacio\/","article_published_time":"2020-07-16T12:27:59+00:00","article_modified_time":"2025-11-10T07:49:35+00:00","og_image":[{"width":800,"height":412,"url":"https:\/\/joseppons.com\/formacion\/wp-content\/uploads\/2020\/07\/masterclass-josep-pons-junio-2020.jpg","type":"image\/jpeg"}],"author":"joseppons","twitter_card":"summary_large_image","twitter_creator":"@josepponsimatge","twitter_site":"@josepponsimatge","twitter_misc":{"Escrito por":"joseppons","Tiempo de lectura":"4 minutos"},"schema":{"@context":"https:\/\/schema.org","@graph":[{"@type":"Article","@id":"https:\/\/joseppons.com\/formacion\/los-cursos-que-no-te-puedes-perder-este-verano\/#article","isPartOf":{"@id":"https:\/\/joseppons.com\/formacion\/los-cursos-que-no-te-puedes-perder-este-verano\/"},"author":{"name":"joseppons","@id":"https:\/\/joseppons.com\/formacion\/#\/schema\/person\/52350c76759824d67ee4b9d948063ed1"},"headline":"Los cursos que no te puedes perder este verano \ud83e\udd29","datePublished":"2020-07-16T12:27:59+00:00","dateModified":"2025-11-10T07:49:35+00:00","mainEntityOfPage":{"@id":"https:\/\/joseppons.com\/formacion\/los-cursos-que-no-te-puedes-perder-este-verano\/"},"wordCount":698,"commentCount":0,"publisher":{"@id":"https:\/\/joseppons.com\/formacion\/#organization"},"image":{"@id":"https:\/\/joseppons.com\/formacion\/los-cursos-que-no-te-puedes-perder-este-verano\/#primaryimage"},"thumbnailUrl":"https:\/\/joseppons.com\/formacion\/wp-content\/uploads\/2020\/07\/masterclass-josep-pons-junio-2020.jpg","keywords":["curso de u\u00f1as acr\u00edlicas","cursos","cursos de maquillaje","cursos especializaci\u00f3n","masterclass","Masterclass de colorimetr\u00eda","Masterclass de manicura y pedicura","masterclass Josep Pons 2020"],"articleSection":["Actualidad","Est\u00e9tica","Grados y cursos","Manicura","Peluquer\u00eda"],"inLanguage":"es","potentialAction":[{"@type":"CommentAction","name":"Comment","target":["https:\/\/joseppons.com\/formacion\/los-cursos-que-no-te-puedes-perder-este-verano\/#respond"]}]},{"@type":"WebPage","@id":"https:\/\/joseppons.com\/formacion\/los-cursos-que-no-te-puedes-perder-este-verano\/","url":"https:\/\/joseppons.com\/formacion\/los-cursos-que-no-te-puedes-perder-este-verano\/","name":"Los cursos que no te puedes perder este verano \ud83e\udd29 - Josep Pons Formaci\u00f3n","isPartOf":{"@id":"https:\/\/joseppons.com\/formacion\/#website"},"primaryImageOfPage":{"@id":"https:\/\/joseppons.com\/formacion\/los-cursos-que-no-te-puedes-perder-este-verano\/#primaryimage"},"image":{"@id":"https:\/\/joseppons.com\/formacion\/los-cursos-que-no-te-puedes-perder-este-verano\/#primaryimage"},"thumbnailUrl":"https:\/\/joseppons.com\/formacion\/wp-content\/uploads\/2020\/07\/masterclass-josep-pons-junio-2020.jpg","datePublished":"2020-07-16T12:27:59+00:00","dateModified":"2025-11-10T07:49:35+00:00","description":"\u00a1Aprovecha el verano para seguir form\u00e1ndote! Cursos intensivos de peluquer\u00eda y est\u00e9tica. \u00a1Escoge tu masterclass! Manicura, pedicura, colorimetr\u00eda,...","breadcrumb":{"@id":"https:\/\/joseppons.com\/formacion\/los-cursos-que-no-te-puedes-perder-este-verano\/#breadcrumb"},"inLanguage":"es","potentialAction":[{"@type":"ReadAction","target":["https:\/\/joseppons.com\/formacion\/los-cursos-que-no-te-puedes-perder-este-verano\/"]}]},{"@type":"ImageObject","inLanguage":"es","@id":"https:\/\/joseppons.com\/formacion\/los-cursos-que-no-te-puedes-perder-este-verano\/#primaryimage","url":"https:\/\/joseppons.com\/formacion\/wp-content\/uploads\/2020\/07\/masterclass-josep-pons-junio-2020.jpg","contentUrl":"https:\/\/joseppons.com\/formacion\/wp-content\/uploads\/2020\/07\/masterclass-josep-pons-junio-2020.jpg","width":800,"height":412,"caption":"Masterclass Josep Pons Verano 2020"},{"@type":"BreadcrumbList","@id":"https:\/\/joseppons.com\/formacion\/los-cursos-que-no-te-puedes-perder-este-verano\/#breadcrumb","itemListElement":[{"@type":"ListItem","position":1,"name":"Portada","item":"https:\/\/joseppons.com\/formacion\/"},{"@type":"ListItem","position":2,"name":"Los cursos que no te puedes perder este verano \ud83e\udd29"}]},{"@type":"WebSite","@id":"https:\/\/joseppons.com\/formacion\/#website","url":"https:\/\/joseppons.com\/formacion\/","name":"Josep Pons Formaci\u00f3n","description":"","publisher":{"@id":"https:\/\/joseppons.com\/formacion\/#organization"},"potentialAction":[{"@type":"SearchAction","target":{"@type":"EntryPoint","urlTemplate":"https:\/\/joseppons.com\/formacion\/?s={search_term_string}"},"query-input":{"@type":"PropertyValueSpecification","valueRequired":true,"valueName":"search_term_string"}}],"inLanguage":"es"},{"@type":"Organization","@id":"https:\/\/joseppons.com\/formacion\/#organization","name":"Josep Pons","url":"https:\/\/joseppons.com\/formacion\/","logo":{"@type":"ImageObject","inLanguage":"es","@id":"https:\/\/joseppons.com\/formacion\/#\/schema\/logo\/image\/","url":"https:\/\/joseppons.com\/formacion\/wp-content\/uploads\/2018\/09\/logotipo-home-josepponsformacio-1.png","contentUrl":"https:\/\/joseppons.com\/formacion\/wp-content\/uploads\/2018\/09\/logotipo-home-josepponsformacio-1.png","width":420,"height":280,"caption":"Josep Pons"},"image":{"@id":"https:\/\/joseppons.com\/formacion\/#\/schema\/logo\/image\/"},"sameAs":["https:\/\/es-es.facebook.com\/JosepPonsFormacio\/","https:\/\/x.com\/josepponsimatge","https:\/\/www.instagram.com\/ponsformacion\/"]},{"@type":"Person","@id":"https:\/\/joseppons.com\/formacion\/#\/schema\/person\/52350c76759824d67ee4b9d948063ed1","name":"joseppons"}]}},"_links":{"self":[{"href":"https:\/\/joseppons.com\/formacion\/wp-json\/wp\/v2\/posts\/3876","targetHints":{"allow":["GET"]}}],"collection":[{"href":"https:\/\/joseppons.com\/formacion\/wp-json\/wp\/v2\/posts"}],"about":[{"href":"https:\/\/joseppons.com\/formacion\/wp-json\/wp\/v2\/types\/post"}],"author":[{"embeddable":true,"href":"https:\/\/joseppons.com\/formacion\/wp-json\/wp\/v2\/users\/2"}],"replies":[{"embeddable":true,"href":"https:\/\/joseppons.com\/formacion\/wp-json\/wp\/v2\/comments?post=3876"}],"version-history":[{"count":3,"href":"https:\/\/joseppons.com\/formacion\/wp-json\/wp\/v2\/posts\/3876\/revisions"}],"predecessor-version":[{"id":18906,"href":"https:\/\/joseppons.com\/formacion\/wp-json\/wp\/v2\/posts\/3876\/revisions\/18906"}],"wp:featuredmedia":[{"embeddable":true,"href":"https:\/\/joseppons.com\/formacion\/wp-json\/wp\/v2\/media\/3878"}],"wp:attachment":[{"href":"https:\/\/joseppons.com\/formacion\/wp-json\/wp\/v2\/media?parent=3876"}],"wp:term":[{"taxonomy":"category","embeddable":true,"href":"https:\/\/joseppons.com\/formacion\/wp-json\/wp\/v2\/categories?post=3876"},{"taxonomy":"post_tag","embeddable":true,"href":"https:\/\/joseppons.com\/formacion\/wp-json\/wp\/v2\/tags?post=3876"}],"curies":[{"name":"wp","href":"https:\/\/api.w.org\/{rel}","templated":true}]}}