{"id":3595,"date":"2020-04-10T12:24:08","date_gmt":"2020-04-10T10:24:08","guid":{"rendered":"https:\/\/joseppons.com\/formacion\/?p=3595"},"modified":"2020-04-10T12:43:19","modified_gmt":"2020-04-10T10:43:19","slug":"informate-online-ciclos-formativos","status":"publish","type":"post","link":"https:\/\/joseppons.com\/formacion\/informate-online-ciclos-formativos\/","title":{"rendered":"Inf\u00f3rmate online sobre los Ciclos Formativos de Josep Pons"},"content":{"rendered":"\t\t<div data-elementor-type=\"wp-post\" data-elementor-id=\"3595\" class=\"elementor elementor-3595\" data-elementor-post-type=\"post\">\n\t\t\t\t\t\t<section class=\"elementor-section elementor-top-section elementor-element elementor-element-f98af14 elementor-section-boxed elementor-section-height-default elementor-section-height-default\" data-id=\"f98af14\" data-element_type=\"section\">\n\t\t\t\t\t\t<div class=\"elementor-container elementor-column-gap-default\">\n\t\t\t\t\t<div class=\"elementor-column elementor-col-100 elementor-top-column elementor-element elementor-element-cde146a\" data-id=\"cde146a\" data-element_type=\"column\">\n\t\t\t<div class=\"elementor-widget-wrap elementor-element-populated\">\n\t\t\t\t\t\t<div class=\"elementor-element elementor-element-c4b90de elementor-widget elementor-widget-text-editor\" data-id=\"c4b90de\" data-element_type=\"widget\" data-widget_type=\"text-editor.default\">\n\t\t\t\t<div class=\"elementor-widget-container\">\n\t\t\t\t\t\t\t\t\t<p><span style=\"font-family: 'Open Sans', sans-serif; font-size: 12pt; white-space: pre-wrap; letter-spacing: 0px;\">En Josep Pons somos conscientes que la mejor manera de conocernos es concertando visitas personalizadas para ver las instalaciones de <a href=\"https:\/\/joseppons.com\/formacion\/conoce-la-escuela\/\" target=\"_blank\" rel=\"noopener\">nuestra academia<\/a> de Barcelona, y resolviendo todas vuestras dudas con el coordinador de cada programa.<\/span><\/p><p dir=\"ltr\" style=\"line-height: 1.8; margin-top: 0pt; margin-bottom: 0pt;\"><span style=\"font-size: 12pt; font-family: 'Open Sans', sans-serif; font-variant-numeric: normal; font-variant-east-asian: normal; white-space: pre-wrap;\">Sin embargo, este a\u00f1o &#8211; debido a la emergencia sanitaria producida por la Covid-19 -, hemos organizado unas <a href=\"https:\/\/joseppons.com\/formacion\/sesiones-informativas\/\" target=\"_blank\" rel=\"noopener\">sesiones informativas<\/a> online que te permitir\u00e1n entrevistarte con el coordinador de cada programa y conocer todos los detalles de nuestros <b>Ciclos Formativos homologados<\/b> por el Departament d\u2019Ensenyament de la Generalitat sin tener que salir de casa.<\/span><\/p><p dir=\"ltr\" style=\"line-height: 1.8; margin-top: 0pt; margin-bottom: 0pt;\"><span style=\"font-size: 12pt; letter-spacing: 0px; font-family: 'Open Sans', sans-serif; white-space: pre-wrap;\">\u00a0<\/span><\/p><p dir=\"ltr\" style=\"line-height: 1.8; margin-top: 0pt; margin-bottom: 0pt;\"><span style=\"font-size: 12pt; letter-spacing: 0px; font-family: 'Open Sans', sans-serif; white-space: pre-wrap;\">Los <\/span><b style=\"font-size: 12pt; letter-spacing: 0px; font-family: 'Open Sans', sans-serif; white-space: pre-wrap;\">d\u00edas jueves 16 y viernes 17 de abril<\/b><span style=\"font-size: 12pt; letter-spacing: 0px; font-family: 'Open Sans', sans-serif; white-space: pre-wrap;\"> podr\u00e1s participar en los meetings virtuales de Peluquer\u00eda, Est\u00e9tica y Asesor\u00eda de Imagen de forma telem\u00e1tica. Estas sesiones informativas funcionar\u00e1n como unas jornadas de <\/span><b style=\"font-size: 12pt; letter-spacing: 0px; font-family: 'Open Sans', sans-serif; white-space: pre-wrap;\">puertas abiertas online<\/b><span style=\"font-size: 12pt; letter-spacing: 0px; font-family: 'Open Sans', sans-serif; white-space: pre-wrap;\"> para que conozcas m\u00e1s nuestra escuela, metodolog\u00eda formativa, trayectoria profesional y todas las titulaciones oficiales que ofrecemos.<\/span><\/p><p dir=\"ltr\" style=\"line-height: 1.8; margin-top: 0pt; margin-bottom: 0pt;\"><span style=\"font-size: 12pt; letter-spacing: 0px; font-family: 'Open Sans', sans-serif; white-space: pre-wrap;\">\u00a0<\/span><\/p><p dir=\"ltr\" style=\"line-height: 1.8; margin-top: 0pt; margin-bottom: 0pt;\"><span style=\"font-size: 12pt; letter-spacing: 0px; font-family: 'Open Sans', sans-serif; white-space: pre-wrap;\">Cada sesi\u00f3n tiene una <\/span><b style=\"font-size: 12pt; letter-spacing: 0px; font-family: 'Open Sans', sans-serif; white-space: pre-wrap;\">duraci\u00f3n aproximada de una hora<\/b><span style=\"font-size: 12pt; letter-spacing: 0px; font-family: 'Open Sans', sans-serif; white-space: pre-wrap;\">, destinando as\u00ed media hora a toda la informaci\u00f3n del programa acad\u00e9mico y la restante a resolver todas vuestras preguntas, desde la organizaci\u00f3n del curso, las asignaturas, las pr\u00e1cticas y las tutor\u00edas personalizadas hasta el per\u00edodo de matriculaci\u00f3n y su financiaci\u00f3n econ\u00f3mica.\u00a0<\/span><\/p>\t\t\t\t\t\t\t\t<\/div>\n\t\t\t\t<\/div>\n\t\t\t\t\t<\/div>\n\t\t<\/div>\n\t\t\t\t\t<\/div>\n\t\t<\/section>\n\t\t\t\t<section class=\"elementor-section elementor-top-section elementor-element elementor-element-69c2153 elementor-section-boxed elementor-section-height-default elementor-section-height-default\" data-id=\"69c2153\" data-element_type=\"section\">\n\t\t\t\t\t\t<div class=\"elementor-container elementor-column-gap-default\">\n\t\t\t\t\t<div class=\"elementor-column elementor-col-100 elementor-top-column elementor-element elementor-element-5d9e877\" data-id=\"5d9e877\" data-element_type=\"column\">\n\t\t\t<div class=\"elementor-widget-wrap elementor-element-populated\">\n\t\t\t\t\t\t<div class=\"elementor-element elementor-element-8391bf6 elementor-widget elementor-widget-heading\" data-id=\"8391bf6\" data-element_type=\"widget\" data-widget_type=\"heading.default\">\n\t\t\t\t<div class=\"elementor-widget-container\">\n\t\t\t\t\t<h2 class=\"elementor-heading-title elementor-size-default\">\u00bfSobre qu\u00e9 cursos te podr\u00e1s informar? <\/h2>\t\t\t\t<\/div>\n\t\t\t\t<\/div>\n\t\t\t\t\t<\/div>\n\t\t<\/div>\n\t\t\t\t\t<\/div>\n\t\t<\/section>\n\t\t\t\t<section class=\"elementor-section elementor-top-section elementor-element elementor-element-a5fcf4f elementor-section-boxed elementor-section-height-default elementor-section-height-default\" data-id=\"a5fcf4f\" data-element_type=\"section\">\n\t\t\t\t\t\t<div class=\"elementor-container elementor-column-gap-default\">\n\t\t\t\t\t<div class=\"elementor-column elementor-col-100 elementor-top-column elementor-element elementor-element-b6bf332\" data-id=\"b6bf332\" data-element_type=\"column\">\n\t\t\t<div class=\"elementor-widget-wrap elementor-element-populated\">\n\t\t\t\t\t\t<div class=\"elementor-element elementor-element-7abc36d elementor-widget elementor-widget-heading\" data-id=\"7abc36d\" data-element_type=\"widget\" data-widget_type=\"heading.default\">\n\t\t\t\t<div class=\"elementor-widget-container\">\n\t\t\t\t\t<h3 class=\"elementor-heading-title elementor-size-default\">\u25cf\tGrado Medio de Peluquer\u00eda<\/h3>\t\t\t\t<\/div>\n\t\t\t\t<\/div>\n\t\t\t\t\t<\/div>\n\t\t<\/div>\n\t\t\t\t\t<\/div>\n\t\t<\/section>\n\t\t\t\t<section class=\"elementor-section elementor-top-section elementor-element elementor-element-e99591f elementor-section-boxed elementor-section-height-default elementor-section-height-default\" data-id=\"e99591f\" data-element_type=\"section\">\n\t\t\t\t\t\t<div class=\"elementor-container elementor-column-gap-default\">\n\t\t\t\t\t<div class=\"elementor-column elementor-col-100 elementor-top-column elementor-element elementor-element-083a6b1\" data-id=\"083a6b1\" data-element_type=\"column\">\n\t\t\t<div class=\"elementor-widget-wrap elementor-element-populated\">\n\t\t\t\t\t\t<div class=\"elementor-element elementor-element-6acf5f1 elementor-widget elementor-widget-text-editor\" data-id=\"6acf5f1\" data-element_type=\"widget\" data-widget_type=\"text-editor.default\">\n\t\t\t\t<div class=\"elementor-widget-container\">\n\t\t\t\t\t\t\t\t\t<p><span style=\"font-family: 'Open Sans', sans-serif; font-size: 12pt; white-space: pre-wrap; letter-spacing: 0px;\">El Ciclo Formativo de <a href=\"https:\/\/joseppons.com\/formacion\/ciclo-formativo-grado-medio-peluqueria\/\" target=\"_blank\" rel=\"noopener\">Grado Medio de Peluquer\u00eda<\/a> y Cosm\u00e9tica Capilar de Josep Pons est\u00e1 homologado por la Generalitat, por lo que una vez finalices el programa acad\u00e9mico obtendr\u00e1s una <b>titulaci\u00f3n oficial<\/b>.<\/span><\/p>\n<p dir=\"ltr\" style=\"line-height: 1.8; margin-top: 0pt; margin-bottom: 0pt;\"><span style=\"font-size: 12pt; font-family: 'Open Sans', sans-serif; font-variant-numeric: normal; font-variant-east-asian: normal; white-space: pre-wrap;\">Este curso, que se desarrolla en un entorno que simula un <\/span><span style=\"font-size: 12pt; font-family: 'Open Sans', sans-serif; font-weight: bold; font-variant-numeric: normal; font-variant-east-asian: normal; white-space: pre-wrap;\">sal\u00f3n de peluquer\u00eda real, <\/span><span style=\"font-size: 12pt; font-family: 'Open Sans', sans-serif; font-variant-numeric: normal; font-variant-east-asian: normal; white-space: pre-wrap;\">prioriza desde el primer momento la pr\u00e1ctica constante. De esta manera, nuestros alumnos ponen a prueba sus conocimientos y habilidades con <b>modelos reales<\/b> d\u00eda tras d\u00eda para garantizar la correcta asimilaci\u00f3n de todos los contenidos y recibir la mejor formaci\u00f3n para convertirse en aut\u00e9nticos profesionales de la peluquer\u00eda.<\/span><\/p><p dir=\"ltr\" style=\"line-height: 1.8; margin-top: 0pt; margin-bottom: 0pt;\"><span style=\"font-size: 12pt; letter-spacing: 0px; font-family: &quot;Open Sans&quot;, sans-serif; white-space: pre-wrap;\"><br><\/span><\/p><p dir=\"ltr\" style=\"line-height: 1.8; margin-top: 0pt; margin-bottom: 0pt;\"><span style=\"font-size: 12pt; letter-spacing: 0px; font-family: &quot;Open Sans&quot;, sans-serif; white-space: pre-wrap;\">Las <\/span><b style=\"font-size: 12pt; letter-spacing: 0px; font-family: &quot;Open Sans&quot;, sans-serif; white-space: pre-wrap;\">sesiones informativas de peluquer\u00eda<\/b><span style=\"font-size: 12pt; letter-spacing: 0px; font-family: &quot;Open Sans&quot;, sans-serif; white-space: pre-wrap;\"> tendr\u00e1n lugar el jueves 16 de abril a las 16:00h y el viernes 17 de abril a las 10:00h.&nbsp;<\/span><\/p>\t\t\t\t\t\t\t\t<\/div>\n\t\t\t\t<\/div>\n\t\t\t\t<div class=\"elementor-element elementor-element-8830fa4 elementor-widget elementor-widget-video\" data-id=\"8830fa4\" data-element_type=\"widget\" data-settings=\"{&quot;youtube_url&quot;:&quot;https:\\\/\\\/www.youtube.com\\\/watch?v=Mwpx0J2a5kg&quot;,&quot;video_type&quot;:&quot;youtube&quot;,&quot;controls&quot;:&quot;yes&quot;}\" data-widget_type=\"video.default\">\n\t\t\t\t<div class=\"elementor-widget-container\">\n\t\t\t\t\t\t\t<div class=\"elementor-wrapper elementor-open-inline\">\n\t\t\t<div class=\"elementor-video\"><\/div>\t\t<\/div>\n\t\t\t\t\t\t<\/div>\n\t\t\t\t<\/div>\n\t\t\t\t\t<\/div>\n\t\t<\/div>\n\t\t\t\t\t<\/div>\n\t\t<\/section>\n\t\t\t\t<section class=\"elementor-section elementor-top-section elementor-element elementor-element-242d10b elementor-section-boxed elementor-section-height-default elementor-section-height-default\" data-id=\"242d10b\" data-element_type=\"section\">\n\t\t\t\t\t\t<div class=\"elementor-container elementor-column-gap-default\">\n\t\t\t\t\t<div class=\"elementor-column elementor-col-100 elementor-top-column elementor-element elementor-element-9ca80a5\" data-id=\"9ca80a5\" data-element_type=\"column\">\n\t\t\t<div class=\"elementor-widget-wrap elementor-element-populated\">\n\t\t\t\t\t\t<div class=\"elementor-element elementor-element-0b8d876 elementor-widget elementor-widget-heading\" data-id=\"0b8d876\" data-element_type=\"widget\" data-widget_type=\"heading.default\">\n\t\t\t\t<div class=\"elementor-widget-container\">\n\t\t\t\t\t<h3 class=\"elementor-heading-title elementor-size-default\">\u25cf\tGrado Medio de Est\u00e9tica<\/h3>\t\t\t\t<\/div>\n\t\t\t\t<\/div>\n\t\t\t\t\t<\/div>\n\t\t<\/div>\n\t\t\t\t\t<\/div>\n\t\t<\/section>\n\t\t\t\t<section class=\"elementor-section elementor-top-section elementor-element elementor-element-c954c62 elementor-section-boxed elementor-section-height-default elementor-section-height-default\" data-id=\"c954c62\" data-element_type=\"section\">\n\t\t\t\t\t\t<div class=\"elementor-container elementor-column-gap-default\">\n\t\t\t\t\t<div class=\"elementor-column elementor-col-100 elementor-top-column elementor-element elementor-element-7128151\" data-id=\"7128151\" data-element_type=\"column\">\n\t\t\t<div class=\"elementor-widget-wrap elementor-element-populated\">\n\t\t\t\t\t\t<div class=\"elementor-element elementor-element-d1e366d elementor-widget elementor-widget-text-editor\" data-id=\"d1e366d\" data-element_type=\"widget\" data-widget_type=\"text-editor.default\">\n\t\t\t\t<div class=\"elementor-widget-container\">\n\t\t\t\t\t\t\t\t\t<p><span style=\"font-family: 'Open Sans', sans-serif; font-size: 12pt; white-space: pre-wrap; letter-spacing: 0px;\">El Ciclo Formativo de <a href=\"https:\/\/joseppons.com\/formacion\/grado-medio-de-estetica-y-belleza\/\" target=\"_blank\" rel=\"noopener\">Grado Medio de Est\u00e9tica<\/a> y Belleza de Josep Pons te permitir\u00e1 obtener una titulaci\u00f3n oficial otorgada por el <b>Departament d\u2019Ensenyament<\/b> de la Generalitat.<\/span><\/p><p><span style=\"font-family: 'Open Sans', sans-serif; font-size: 12pt; white-space: pre-wrap; letter-spacing: 0px;\">Se trata de un programa acad\u00e9mico <b>totalmente orientado a la pr\u00e1ctica<\/b>, por lo que a lo largo de los dos a\u00f1os formativos nuestros alumnos aprenden a realizar correctamente todos los servicios que puede ofrecer un <a href=\"https:\/\/joseppons.com\/formacion\/salidas-profesionales-de-la-estetica\/\" target=\"_blank\" rel=\"noopener\">esteticista<\/a>, desde tratamientos y depilaciones, hasta manicuras y maquillaje profesional.<\/span><\/p><p><span style=\"font-family: 'Open Sans', sans-serif; font-size: 12pt; white-space: pre-wrap; letter-spacing: 0px;\">Y es que bajo la supervisi\u00f3n del equipo de profesores, durante el Grado Medio de Est\u00e9tica y Belleza nuestros estudiantes no solo perfeccionan el protocolo de atenci\u00f3n y trato con el cliente, sino que tambi\u00e9n <b>mejoran constantemente su t\u00e9cnica<\/b> a la vez que trabajan con algunas de las mejores gamas de productos del mercado actual.<\/span><\/p><p><span style=\"font-family: 'Open Sans', sans-serif; font-size: 12pt; white-space: pre-wrap; letter-spacing: 0px;\">Las <b>sesiones informativas de est\u00e9tica<\/b> tendr\u00e1n lugar el jueves 16 de abril a las 17:00h y el viernes 17 de abril a las 11:00h.<\/span><\/p>\t\t\t\t\t\t\t\t<\/div>\n\t\t\t\t<\/div>\n\t\t\t\t<div class=\"elementor-element elementor-element-88d89c4 elementor-widget elementor-widget-video\" data-id=\"88d89c4\" data-element_type=\"widget\" data-settings=\"{&quot;youtube_url&quot;:&quot;https:\\\/\\\/www.youtube.com\\\/watch?v=n-eVgvd6wwU&quot;,&quot;video_type&quot;:&quot;youtube&quot;,&quot;controls&quot;:&quot;yes&quot;}\" data-widget_type=\"video.default\">\n\t\t\t\t<div class=\"elementor-widget-container\">\n\t\t\t\t\t\t\t<div class=\"elementor-wrapper elementor-open-inline\">\n\t\t\t<div class=\"elementor-video\"><\/div>\t\t<\/div>\n\t\t\t\t\t\t<\/div>\n\t\t\t\t<\/div>\n\t\t\t\t\t<\/div>\n\t\t<\/div>\n\t\t\t\t\t<\/div>\n\t\t<\/section>\n\t\t\t\t<section class=\"elementor-section elementor-top-section elementor-element elementor-element-b30489a elementor-section-boxed elementor-section-height-default elementor-section-height-default\" data-id=\"b30489a\" data-element_type=\"section\">\n\t\t\t\t\t\t<div class=\"elementor-container elementor-column-gap-default\">\n\t\t\t\t\t<div class=\"elementor-column elementor-col-100 elementor-top-column elementor-element elementor-element-d1593df\" data-id=\"d1593df\" data-element_type=\"column\">\n\t\t\t<div class=\"elementor-widget-wrap elementor-element-populated\">\n\t\t\t\t\t\t<div class=\"elementor-element elementor-element-7e340e3 elementor-widget elementor-widget-heading\" data-id=\"7e340e3\" data-element_type=\"widget\" data-widget_type=\"heading.default\">\n\t\t\t\t<div class=\"elementor-widget-container\">\n\t\t\t\t\t<h3 class=\"elementor-heading-title elementor-size-default\">\u25cf\tGrado Superior de Asesor\u00eda de Imagen<\/h3>\t\t\t\t<\/div>\n\t\t\t\t<\/div>\n\t\t\t\t\t<\/div>\n\t\t<\/div>\n\t\t\t\t\t<\/div>\n\t\t<\/section>\n\t\t\t\t<section class=\"elementor-section elementor-top-section elementor-element elementor-element-bc9637c elementor-section-boxed elementor-section-height-default elementor-section-height-default\" data-id=\"bc9637c\" data-element_type=\"section\">\n\t\t\t\t\t\t<div class=\"elementor-container elementor-column-gap-default\">\n\t\t\t\t\t<div class=\"elementor-column elementor-col-100 elementor-top-column elementor-element elementor-element-87d1a34\" data-id=\"87d1a34\" data-element_type=\"column\">\n\t\t\t<div class=\"elementor-widget-wrap elementor-element-populated\">\n\t\t\t\t\t\t<div class=\"elementor-element elementor-element-7719609 elementor-widget elementor-widget-text-editor\" data-id=\"7719609\" data-element_type=\"widget\" data-widget_type=\"text-editor.default\">\n\t\t\t\t<div class=\"elementor-widget-container\">\n\t\t\t\t\t\t\t\t\t<p><span style=\"font-family: 'Open Sans', sans-serif; font-size: 12pt; white-space: pre-wrap; letter-spacing: 0px;\">La asesor\u00eda de imagen se ha convertido en una \u00e1rea esencial para <a href=\"https:\/\/joseppons.com\/formacion\/salidas-profesionales-asesoria-imagen\/\" target=\"_blank\" rel=\"noopener\">cualquier \u00e1mbito profesional<\/a>. Hoy en d\u00eda los servicios de los expertos en imagen son requeridos tanto a nivel particular como corporativo, ya que pueden mejorar tanto la imagen de una persona como de una empresa, as\u00ed como <b>organizar eventos y asesorar en t\u00e9rminos de protocolo<\/b> y habilidades sociales.<\/span><\/p>\n<p><span style=\"font-family: 'Open Sans', sans-serif; font-size: 12pt; white-space: pre-wrap; letter-spacing: 0px;\">Es por eso que el Ciclo Formativo de <\/span><a style=\"font-family: 'Open Sans', sans-serif; font-size: 12pt; white-space: pre-wrap; letter-spacing: 0px;\" href=\"https:\/\/joseppons.com\/formacion\/ciclos-formativos-de-asesoria-de-imagen\/\" target=\"_blank\" rel=\"noopener\">Grado Superior de Asesor\u00eda de Imagen<\/a><span style=\"font-family: 'Open Sans', sans-serif; font-size: 12pt; white-space: pre-wrap; letter-spacing: 0px;\"> Personal y Corporativa de Josep Pons se diferencia por trabajar y analizar con la misma importancia todas las \u00e1reas que pueden llegar a constituir la imagen de una persona, empresa, organizaci\u00f3n o instituci\u00f3n.<\/span><\/p><p><span style=\"font-family: &quot;Open Sans&quot;, sans-serif; font-size: 12pt; white-space: pre-wrap; letter-spacing: 0px;\">De esta manera, nuestros alumnos se forman alrededor del <\/span><b style=\"font-family: &quot;Open Sans&quot;, sans-serif; font-size: 12pt; white-space: pre-wrap; letter-spacing: 0px;\">concepto de imagen integral <\/b><span style=\"font-family: &quot;Open Sans&quot;, sans-serif; font-size: 12pt; white-space: pre-wrap; letter-spacing: 0px;\">para conseguir un perfil polivalente dentro del sector a la vez que complementan su formaci\u00f3n realizando <\/span><b style=\"font-family: &quot;Open Sans&quot;, sans-serif; font-size: 12pt; white-space: pre-wrap; letter-spacing: 0px;\">pr\u00e1cticas en las empresas m\u00e1s reconocidas<\/b><span style=\"font-family: &quot;Open Sans&quot;, sans-serif; font-size: 12pt; white-space: pre-wrap; letter-spacing: 0px;\"> del mundo de la asesor\u00eda de imagen personal y corporativa, el estilismo, la comunicaci\u00f3n, la organizaci\u00f3n de eventos y el protocolo.<\/span><\/p>\n<p><\/p>\n<p dir=\"ltr\" style=\"line-height: 1.8; margin-top: 0pt; margin-bottom: 0pt;\"><span style=\"font-size: 12pt; font-family: 'Open Sans', sans-serif; font-variant-numeric: normal; font-variant-east-asian: normal; white-space: pre-wrap;\">Las <b>sesiones informativas<\/b> de este curso, que te permitir\u00e1 adquirir la titulaci\u00f3n de T\u00e9cnico Superior en Asesor\u00eda de Imagen, tendr\u00e1n lugar el jueves 16 de abril a las 18:00h y el viernes 17 de abril a las 12:00h. <\/span><\/p>\t\t\t\t\t\t\t\t<\/div>\n\t\t\t\t<\/div>\n\t\t\t\t<div class=\"elementor-element elementor-element-6b23876 elementor-widget elementor-widget-video\" data-id=\"6b23876\" data-element_type=\"widget\" data-settings=\"{&quot;youtube_url&quot;:&quot;https:\\\/\\\/www.youtube.com\\\/watch?v=l7yuYPxm86Q&quot;,&quot;video_type&quot;:&quot;youtube&quot;,&quot;controls&quot;:&quot;yes&quot;}\" data-widget_type=\"video.default\">\n\t\t\t\t<div class=\"elementor-widget-container\">\n\t\t\t\t\t\t\t<div class=\"elementor-wrapper elementor-open-inline\">\n\t\t\t<div class=\"elementor-video\"><\/div>\t\t<\/div>\n\t\t\t\t\t\t<\/div>\n\t\t\t\t<\/div>\n\t\t\t\t\t<\/div>\n\t\t<\/div>\n\t\t\t\t\t<\/div>\n\t\t<\/section>\n\t\t\t\t<\/div>\n\t\t","protected":false},"excerpt":{"rendered":"<p>En Josep Pons somos conscientes que la mejor manera de conocernos es concertando visitas personalizadas para ver las instalaciones de nuestra academia de Barcelona, y resolviendo todas vuestras dudas con el coordinador de cada programa. Sin embargo, este a\u00f1o &#8211; debido a la emergencia sanitaria producida por la Covid-19 -, hemos organizado unas sesiones informativas&#8230;<\/p>\n","protected":false},"author":2,"featured_media":3604,"comment_status":"open","ping_status":"closed","sticky":false,"template":"","format":"standard","meta":{"_joinchat":[],"footnotes":""},"categories":[6,101],"tags":[401,339,404,403,110,400,402],"class_list":["post-3595","post","type-post","status-publish","format-standard","has-post-thumbnail","hentry","category-actualidad","category-grados-y-cursos","tag-ciclos-formativos","tag-grado-medio-de-estetica","tag-grado-medio-de-peluqueria","tag-grado-superior-de-asesoria-de-imagen","tag-josep-pons","tag-sesiones-informativas-online","tag-titulacion-oficial"],"yoast_head":"<!-- This site is optimized with the Yoast SEO plugin v26.7 - https:\/\/yoast.com\/wordpress\/plugins\/seo\/ -->\n<title>Inf\u00f3rmate online sobre los Ciclos Formativos de Josep Pons - Josep Pons Formaci\u00f3n<\/title>\n<meta name=\"description\" content=\"Josep Pons organiza una jordnada de sesiones informativas online en abierto para conocer m\u00e1s informaci\u00f3n acerca de sus Ciclos Formativos.\" \/>\n<meta name=\"robots\" content=\"index, follow, max-snippet:-1, max-image-preview:large, max-video-preview:-1\" \/>\n<link rel=\"canonical\" href=\"https:\/\/joseppons.com\/formacion\/informate-online-ciclos-formativos\/\" \/>\n<meta property=\"og:locale\" content=\"es_ES\" \/>\n<meta property=\"og:type\" content=\"article\" \/>\n<meta property=\"og:title\" content=\"Inf\u00f3rmate online sobre los Ciclos Formativos de Josep Pons - Josep Pons Formaci\u00f3n\" \/>\n<meta property=\"og:description\" content=\"Josep Pons organiza una jordnada de sesiones informativas online en abierto para conocer m\u00e1s informaci\u00f3n acerca de sus Ciclos Formativos.\" \/>\n<meta property=\"og:url\" content=\"https:\/\/joseppons.com\/formacion\/informate-online-ciclos-formativos\/\" \/>\n<meta property=\"og:site_name\" content=\"Josep Pons Formaci\u00f3n\" \/>\n<meta property=\"article:publisher\" content=\"https:\/\/es-es.facebook.com\/JosepPonsFormacio\/\" \/>\n<meta property=\"article:published_time\" content=\"2020-04-10T10:24:08+00:00\" \/>\n<meta property=\"article:modified_time\" content=\"2020-04-10T10:43:19+00:00\" \/>\n<meta property=\"og:image\" content=\"https:\/\/joseppons.com\/formacion\/wp-content\/uploads\/2020\/04\/SESIONES-INFORMATIVAS-JP-1.jpg\" \/>\n\t<meta property=\"og:image:width\" content=\"1920\" \/>\n\t<meta property=\"og:image:height\" content=\"1080\" \/>\n\t<meta property=\"og:image:type\" content=\"image\/jpeg\" \/>\n<meta name=\"author\" content=\"joseppons\" \/>\n<meta name=\"twitter:card\" content=\"summary_large_image\" \/>\n<meta name=\"twitter:creator\" content=\"@josepponsimatge\" \/>\n<meta name=\"twitter:site\" content=\"@josepponsimatge\" \/>\n<meta name=\"twitter:label1\" content=\"Escrito por\" \/>\n\t<meta name=\"twitter:data1\" content=\"joseppons\" \/>\n\t<meta name=\"twitter:label2\" content=\"Tiempo de lectura\" \/>\n\t<meta name=\"twitter:data2\" content=\"4 minutos\" \/>\n<script type=\"application\/ld+json\" class=\"yoast-schema-graph\">{\"@context\":\"https:\/\/schema.org\",\"@graph\":[{\"@type\":\"Article\",\"@id\":\"https:\/\/joseppons.com\/formacion\/informate-online-ciclos-formativos\/#article\",\"isPartOf\":{\"@id\":\"https:\/\/joseppons.com\/formacion\/informate-online-ciclos-formativos\/\"},\"author\":{\"name\":\"joseppons\",\"@id\":\"https:\/\/joseppons.com\/formacion\/#\/schema\/person\/52350c76759824d67ee4b9d948063ed1\"},\"headline\":\"Inf\u00f3rmate online sobre los Ciclos Formativos de Josep Pons\",\"datePublished\":\"2020-04-10T10:24:08+00:00\",\"dateModified\":\"2020-04-10T10:43:19+00:00\",\"mainEntityOfPage\":{\"@id\":\"https:\/\/joseppons.com\/formacion\/informate-online-ciclos-formativos\/\"},\"wordCount\":784,\"commentCount\":0,\"publisher\":{\"@id\":\"https:\/\/joseppons.com\/formacion\/#organization\"},\"image\":{\"@id\":\"https:\/\/joseppons.com\/formacion\/informate-online-ciclos-formativos\/#primaryimage\"},\"thumbnailUrl\":\"https:\/\/joseppons.com\/formacion\/wp-content\/uploads\/2020\/04\/SESIONES-INFORMATIVAS-JP-1.jpg\",\"keywords\":[\"Ciclos Formativos\",\"Grado medio de \u00e9stetica\",\"Grado Medio de Peluquer\u00eda\",\"Grado Superior de Asesor\u00eda de Imagen\",\"Josep pons\",\"Sesiones Informativas Online\",\"Titulaci\u00f3n Oficial\"],\"articleSection\":[\"Actualidad\",\"Grados y cursos\"],\"inLanguage\":\"es\",\"potentialAction\":[{\"@type\":\"CommentAction\",\"name\":\"Comment\",\"target\":[\"https:\/\/joseppons.com\/formacion\/informate-online-ciclos-formativos\/#respond\"]}]},{\"@type\":\"WebPage\",\"@id\":\"https:\/\/joseppons.com\/formacion\/informate-online-ciclos-formativos\/\",\"url\":\"https:\/\/joseppons.com\/formacion\/informate-online-ciclos-formativos\/\",\"name\":\"Inf\u00f3rmate online sobre los Ciclos Formativos de Josep Pons - Josep Pons Formaci\u00f3n\",\"isPartOf\":{\"@id\":\"https:\/\/joseppons.com\/formacion\/#website\"},\"primaryImageOfPage\":{\"@id\":\"https:\/\/joseppons.com\/formacion\/informate-online-ciclos-formativos\/#primaryimage\"},\"image\":{\"@id\":\"https:\/\/joseppons.com\/formacion\/informate-online-ciclos-formativos\/#primaryimage\"},\"thumbnailUrl\":\"https:\/\/joseppons.com\/formacion\/wp-content\/uploads\/2020\/04\/SESIONES-INFORMATIVAS-JP-1.jpg\",\"datePublished\":\"2020-04-10T10:24:08+00:00\",\"dateModified\":\"2020-04-10T10:43:19+00:00\",\"description\":\"Josep Pons organiza una jordnada de sesiones informativas online en abierto para conocer m\u00e1s informaci\u00f3n acerca de sus Ciclos Formativos.\",\"breadcrumb\":{\"@id\":\"https:\/\/joseppons.com\/formacion\/informate-online-ciclos-formativos\/#breadcrumb\"},\"inLanguage\":\"es\",\"potentialAction\":[{\"@type\":\"ReadAction\",\"target\":[\"https:\/\/joseppons.com\/formacion\/informate-online-ciclos-formativos\/\"]}]},{\"@type\":\"ImageObject\",\"inLanguage\":\"es\",\"@id\":\"https:\/\/joseppons.com\/formacion\/informate-online-ciclos-formativos\/#primaryimage\",\"url\":\"https:\/\/joseppons.com\/formacion\/wp-content\/uploads\/2020\/04\/SESIONES-INFORMATIVAS-JP-1.jpg\",\"contentUrl\":\"https:\/\/joseppons.com\/formacion\/wp-content\/uploads\/2020\/04\/SESIONES-INFORMATIVAS-JP-1.jpg\",\"width\":1920,\"height\":1080},{\"@type\":\"BreadcrumbList\",\"@id\":\"https:\/\/joseppons.com\/formacion\/informate-online-ciclos-formativos\/#breadcrumb\",\"itemListElement\":[{\"@type\":\"ListItem\",\"position\":1,\"name\":\"Portada\",\"item\":\"https:\/\/joseppons.com\/formacion\/\"},{\"@type\":\"ListItem\",\"position\":2,\"name\":\"Inf\u00f3rmate online sobre los Ciclos Formativos de Josep Pons\"}]},{\"@type\":\"WebSite\",\"@id\":\"https:\/\/joseppons.com\/formacion\/#website\",\"url\":\"https:\/\/joseppons.com\/formacion\/\",\"name\":\"Josep Pons Formaci\u00f3n\",\"description\":\"\",\"publisher\":{\"@id\":\"https:\/\/joseppons.com\/formacion\/#organization\"},\"potentialAction\":[{\"@type\":\"SearchAction\",\"target\":{\"@type\":\"EntryPoint\",\"urlTemplate\":\"https:\/\/joseppons.com\/formacion\/?s={search_term_string}\"},\"query-input\":{\"@type\":\"PropertyValueSpecification\",\"valueRequired\":true,\"valueName\":\"search_term_string\"}}],\"inLanguage\":\"es\"},{\"@type\":\"Organization\",\"@id\":\"https:\/\/joseppons.com\/formacion\/#organization\",\"name\":\"Josep Pons\",\"url\":\"https:\/\/joseppons.com\/formacion\/\",\"logo\":{\"@type\":\"ImageObject\",\"inLanguage\":\"es\",\"@id\":\"https:\/\/joseppons.com\/formacion\/#\/schema\/logo\/image\/\",\"url\":\"https:\/\/joseppons.com\/formacion\/wp-content\/uploads\/2018\/09\/logotipo-home-josepponsformacio-1.png\",\"contentUrl\":\"https:\/\/joseppons.com\/formacion\/wp-content\/uploads\/2018\/09\/logotipo-home-josepponsformacio-1.png\",\"width\":420,\"height\":280,\"caption\":\"Josep Pons\"},\"image\":{\"@id\":\"https:\/\/joseppons.com\/formacion\/#\/schema\/logo\/image\/\"},\"sameAs\":[\"https:\/\/es-es.facebook.com\/JosepPonsFormacio\/\",\"https:\/\/x.com\/josepponsimatge\",\"https:\/\/www.instagram.com\/ponsformacion\/\"]},{\"@type\":\"Person\",\"@id\":\"https:\/\/joseppons.com\/formacion\/#\/schema\/person\/52350c76759824d67ee4b9d948063ed1\",\"name\":\"joseppons\"}]}<\/script>\n<!-- \/ Yoast SEO plugin. -->","yoast_head_json":{"title":"Inf\u00f3rmate online sobre los Ciclos Formativos de Josep Pons - Josep Pons Formaci\u00f3n","description":"Josep Pons organiza una jordnada de sesiones informativas online en abierto para conocer m\u00e1s informaci\u00f3n acerca de sus Ciclos Formativos.","robots":{"index":"index","follow":"follow","max-snippet":"max-snippet:-1","max-image-preview":"max-image-preview:large","max-video-preview":"max-video-preview:-1"},"canonical":"https:\/\/joseppons.com\/formacion\/informate-online-ciclos-formativos\/","og_locale":"es_ES","og_type":"article","og_title":"Inf\u00f3rmate online sobre los Ciclos Formativos de Josep Pons - Josep Pons Formaci\u00f3n","og_description":"Josep Pons organiza una jordnada de sesiones informativas online en abierto para conocer m\u00e1s informaci\u00f3n acerca de sus Ciclos Formativos.","og_url":"https:\/\/joseppons.com\/formacion\/informate-online-ciclos-formativos\/","og_site_name":"Josep Pons Formaci\u00f3n","article_publisher":"https:\/\/es-es.facebook.com\/JosepPonsFormacio\/","article_published_time":"2020-04-10T10:24:08+00:00","article_modified_time":"2020-04-10T10:43:19+00:00","og_image":[{"width":1920,"height":1080,"url":"https:\/\/joseppons.com\/formacion\/wp-content\/uploads\/2020\/04\/SESIONES-INFORMATIVAS-JP-1.jpg","type":"image\/jpeg"}],"author":"joseppons","twitter_card":"summary_large_image","twitter_creator":"@josepponsimatge","twitter_site":"@josepponsimatge","twitter_misc":{"Escrito por":"joseppons","Tiempo de lectura":"4 minutos"},"schema":{"@context":"https:\/\/schema.org","@graph":[{"@type":"Article","@id":"https:\/\/joseppons.com\/formacion\/informate-online-ciclos-formativos\/#article","isPartOf":{"@id":"https:\/\/joseppons.com\/formacion\/informate-online-ciclos-formativos\/"},"author":{"name":"joseppons","@id":"https:\/\/joseppons.com\/formacion\/#\/schema\/person\/52350c76759824d67ee4b9d948063ed1"},"headline":"Inf\u00f3rmate online sobre los Ciclos Formativos de Josep Pons","datePublished":"2020-04-10T10:24:08+00:00","dateModified":"2020-04-10T10:43:19+00:00","mainEntityOfPage":{"@id":"https:\/\/joseppons.com\/formacion\/informate-online-ciclos-formativos\/"},"wordCount":784,"commentCount":0,"publisher":{"@id":"https:\/\/joseppons.com\/formacion\/#organization"},"image":{"@id":"https:\/\/joseppons.com\/formacion\/informate-online-ciclos-formativos\/#primaryimage"},"thumbnailUrl":"https:\/\/joseppons.com\/formacion\/wp-content\/uploads\/2020\/04\/SESIONES-INFORMATIVAS-JP-1.jpg","keywords":["Ciclos Formativos","Grado medio de \u00e9stetica","Grado Medio de Peluquer\u00eda","Grado Superior de Asesor\u00eda de Imagen","Josep pons","Sesiones Informativas Online","Titulaci\u00f3n Oficial"],"articleSection":["Actualidad","Grados y cursos"],"inLanguage":"es","potentialAction":[{"@type":"CommentAction","name":"Comment","target":["https:\/\/joseppons.com\/formacion\/informate-online-ciclos-formativos\/#respond"]}]},{"@type":"WebPage","@id":"https:\/\/joseppons.com\/formacion\/informate-online-ciclos-formativos\/","url":"https:\/\/joseppons.com\/formacion\/informate-online-ciclos-formativos\/","name":"Inf\u00f3rmate online sobre los Ciclos Formativos de Josep Pons - Josep Pons Formaci\u00f3n","isPartOf":{"@id":"https:\/\/joseppons.com\/formacion\/#website"},"primaryImageOfPage":{"@id":"https:\/\/joseppons.com\/formacion\/informate-online-ciclos-formativos\/#primaryimage"},"image":{"@id":"https:\/\/joseppons.com\/formacion\/informate-online-ciclos-formativos\/#primaryimage"},"thumbnailUrl":"https:\/\/joseppons.com\/formacion\/wp-content\/uploads\/2020\/04\/SESIONES-INFORMATIVAS-JP-1.jpg","datePublished":"2020-04-10T10:24:08+00:00","dateModified":"2020-04-10T10:43:19+00:00","description":"Josep Pons organiza una jordnada de sesiones informativas online en abierto para conocer m\u00e1s informaci\u00f3n acerca de sus Ciclos Formativos.","breadcrumb":{"@id":"https:\/\/joseppons.com\/formacion\/informate-online-ciclos-formativos\/#breadcrumb"},"inLanguage":"es","potentialAction":[{"@type":"ReadAction","target":["https:\/\/joseppons.com\/formacion\/informate-online-ciclos-formativos\/"]}]},{"@type":"ImageObject","inLanguage":"es","@id":"https:\/\/joseppons.com\/formacion\/informate-online-ciclos-formativos\/#primaryimage","url":"https:\/\/joseppons.com\/formacion\/wp-content\/uploads\/2020\/04\/SESIONES-INFORMATIVAS-JP-1.jpg","contentUrl":"https:\/\/joseppons.com\/formacion\/wp-content\/uploads\/2020\/04\/SESIONES-INFORMATIVAS-JP-1.jpg","width":1920,"height":1080},{"@type":"BreadcrumbList","@id":"https:\/\/joseppons.com\/formacion\/informate-online-ciclos-formativos\/#breadcrumb","itemListElement":[{"@type":"ListItem","position":1,"name":"Portada","item":"https:\/\/joseppons.com\/formacion\/"},{"@type":"ListItem","position":2,"name":"Inf\u00f3rmate online sobre los Ciclos Formativos de Josep Pons"}]},{"@type":"WebSite","@id":"https:\/\/joseppons.com\/formacion\/#website","url":"https:\/\/joseppons.com\/formacion\/","name":"Josep Pons Formaci\u00f3n","description":"","publisher":{"@id":"https:\/\/joseppons.com\/formacion\/#organization"},"potentialAction":[{"@type":"SearchAction","target":{"@type":"EntryPoint","urlTemplate":"https:\/\/joseppons.com\/formacion\/?s={search_term_string}"},"query-input":{"@type":"PropertyValueSpecification","valueRequired":true,"valueName":"search_term_string"}}],"inLanguage":"es"},{"@type":"Organization","@id":"https:\/\/joseppons.com\/formacion\/#organization","name":"Josep Pons","url":"https:\/\/joseppons.com\/formacion\/","logo":{"@type":"ImageObject","inLanguage":"es","@id":"https:\/\/joseppons.com\/formacion\/#\/schema\/logo\/image\/","url":"https:\/\/joseppons.com\/formacion\/wp-content\/uploads\/2018\/09\/logotipo-home-josepponsformacio-1.png","contentUrl":"https:\/\/joseppons.com\/formacion\/wp-content\/uploads\/2018\/09\/logotipo-home-josepponsformacio-1.png","width":420,"height":280,"caption":"Josep Pons"},"image":{"@id":"https:\/\/joseppons.com\/formacion\/#\/schema\/logo\/image\/"},"sameAs":["https:\/\/es-es.facebook.com\/JosepPonsFormacio\/","https:\/\/x.com\/josepponsimatge","https:\/\/www.instagram.com\/ponsformacion\/"]},{"@type":"Person","@id":"https:\/\/joseppons.com\/formacion\/#\/schema\/person\/52350c76759824d67ee4b9d948063ed1","name":"joseppons"}]}},"_links":{"self":[{"href":"https:\/\/joseppons.com\/formacion\/wp-json\/wp\/v2\/posts\/3595","targetHints":{"allow":["GET"]}}],"collection":[{"href":"https:\/\/joseppons.com\/formacion\/wp-json\/wp\/v2\/posts"}],"about":[{"href":"https:\/\/joseppons.com\/formacion\/wp-json\/wp\/v2\/types\/post"}],"author":[{"embeddable":true,"href":"https:\/\/joseppons.com\/formacion\/wp-json\/wp\/v2\/users\/2"}],"replies":[{"embeddable":true,"href":"https:\/\/joseppons.com\/formacion\/wp-json\/wp\/v2\/comments?post=3595"}],"version-history":[{"count":0,"href":"https:\/\/joseppons.com\/formacion\/wp-json\/wp\/v2\/posts\/3595\/revisions"}],"wp:featuredmedia":[{"embeddable":true,"href":"https:\/\/joseppons.com\/formacion\/wp-json\/wp\/v2\/media\/3604"}],"wp:attachment":[{"href":"https:\/\/joseppons.com\/formacion\/wp-json\/wp\/v2\/media?parent=3595"}],"wp:term":[{"taxonomy":"category","embeddable":true,"href":"https:\/\/joseppons.com\/formacion\/wp-json\/wp\/v2\/categories?post=3595"},{"taxonomy":"post_tag","embeddable":true,"href":"https:\/\/joseppons.com\/formacion\/wp-json\/wp\/v2\/tags?post=3595"}],"curies":[{"name":"wp","href":"https:\/\/api.w.org\/{rel}","templated":true}]}}