{"id":3376,"date":"2020-03-13T11:36:04","date_gmt":"2020-03-13T10:36:04","guid":{"rendered":"https:\/\/joseppons.com\/formacion\/?p=3376"},"modified":"2025-11-10T09:44:51","modified_gmt":"2025-11-10T08:44:51","slug":"guia-estilo-asesor-de-imagen","status":"publish","type":"post","link":"https:\/\/joseppons.com\/formacion\/guia-estilo-asesor-de-imagen\/","title":{"rendered":"Gu\u00eda de estilo de un asesor de imagen \ud83d\udc57"},"content":{"rendered":"\t\t<div data-elementor-type=\"wp-post\" data-elementor-id=\"3376\" class=\"elementor elementor-3376\" data-elementor-post-type=\"post\">\n\t\t\t\t\t\t<section class=\"elementor-section elementor-top-section elementor-element elementor-element-6fe13aa elementor-section-boxed elementor-section-height-default elementor-section-height-default\" data-id=\"6fe13aa\" data-element_type=\"section\">\n\t\t\t\t\t\t<div class=\"elementor-container elementor-column-gap-default\">\n\t\t\t\t\t<div class=\"elementor-column elementor-col-100 elementor-top-column elementor-element elementor-element-4a012d3\" data-id=\"4a012d3\" data-element_type=\"column\">\n\t\t\t<div class=\"elementor-widget-wrap elementor-element-populated\">\n\t\t\t\t\t\t<div class=\"elementor-element elementor-element-69d3329 elementor-widget elementor-widget-text-editor\" data-id=\"69d3329\" data-element_type=\"widget\" data-widget_type=\"text-editor.default\">\n\t\t\t\t<div class=\"elementor-widget-container\">\n\t\t\t\t\t\t\t\t\t<p>Sentirnos a gusto con nuestra imagen es esencial para reforzar nuestra <b>seguridad y autoestima<\/b>.<\/p><p>Como sociedad, tendemos a hacerlo siguiendo las \u00faltimas <a href=\"https:\/\/joseppons.com\/formacion\/tendencias-maquillaje-desearas-2020\/\">tendencias<\/a> para ir a la moda y estando al d\u00eda de lo que llevan las <em>it girls<\/em> y las <em>celebrities<\/em> a trav\u00e9s de las redes sociales y los medios de comunicaci\u00f3n.<\/p><p>Sin embargo, y a pesar de todo esfuerzo, hay veces que no nos acabamos de sentir del todo a gusto con nuestra imagen.<\/p><p>No acabamos de <b>encontrar nuestro estilo<\/b>, no tenemos claro c\u00f3mo proyectar a conciencia la imagen que queremos y, en muchas ocasiones, por ejemplo, no sabemos c\u00f3mo vestirnos.<\/p><p>Sacarnos el m\u00e1ximo partido no siempre es tarea f\u00e1cil y recurrir a un <a href=\"https:\/\/joseppons.com\/formacion\/ciclos-formativos-de-asesoria-de-imagen\/\">especialista<\/a> puede ser una opci\u00f3n muy inteligente. \u00bfQui\u00e9n mejor que un asesor de imagen para aconsejar sobre moda y estilismo?<\/p><p>Sus recomendaciones pueden llegar a ser determinantes a la hora de construir un buen fondo de armario &#8211; apto para cualquier tipo de evento &#8211; as\u00ed como para aprender a utilizar seg\u00fan qu\u00e9 prendas y complementos. \u00bfPreparad@ para conocerlos?<\/p>\t\t\t\t\t\t\t\t<\/div>\n\t\t\t\t<\/div>\n\t\t\t\t\t<\/div>\n\t\t<\/div>\n\t\t\t\t\t<\/div>\n\t\t<\/section>\n\t\t\t\t<section class=\"elementor-section elementor-top-section elementor-element elementor-element-6d6961e elementor-section-boxed elementor-section-height-default elementor-section-height-default\" data-id=\"6d6961e\" data-element_type=\"section\">\n\t\t\t\t\t\t<div class=\"elementor-container elementor-column-gap-default\">\n\t\t\t\t\t<div class=\"elementor-column elementor-col-100 elementor-top-column elementor-element elementor-element-9b20587\" data-id=\"9b20587\" data-element_type=\"column\">\n\t\t\t<div class=\"elementor-widget-wrap elementor-element-populated\">\n\t\t\t\t\t\t<div class=\"elementor-element elementor-element-a6cc52a elementor-widget elementor-widget-heading\" data-id=\"a6cc52a\" data-element_type=\"widget\" data-widget_type=\"heading.default\">\n\t\t\t\t<div class=\"elementor-widget-container\">\n\t\t\t\t\t<h2 class=\"elementor-heading-title elementor-size-default\">Los mejores consejos de estilismo de un asesor de imagen<\/h2>\t\t\t\t<\/div>\n\t\t\t\t<\/div>\n\t\t\t\t\t<\/div>\n\t\t<\/div>\n\t\t\t\t\t<\/div>\n\t\t<\/section>\n\t\t\t\t<section class=\"elementor-section elementor-top-section elementor-element elementor-element-d05b0f8 elementor-section-boxed elementor-section-height-default elementor-section-height-default\" data-id=\"d05b0f8\" data-element_type=\"section\">\n\t\t\t\t\t\t<div class=\"elementor-container elementor-column-gap-default\">\n\t\t\t\t\t<div class=\"elementor-column elementor-col-100 elementor-top-column elementor-element elementor-element-a29f2a9\" data-id=\"a29f2a9\" data-element_type=\"column\">\n\t\t\t<div class=\"elementor-widget-wrap elementor-element-populated\">\n\t\t\t\t\t\t<div class=\"elementor-element elementor-element-b0846b8 elementor-widget elementor-widget-heading\" data-id=\"b0846b8\" data-element_type=\"widget\" data-widget_type=\"heading.default\">\n\t\t\t\t<div class=\"elementor-widget-container\">\n\t\t\t\t\t<h3 class=\"elementor-heading-title elementor-size-default\">\u25cf Las l\u00edneas rectas aportan seguridad<\/h3>\t\t\t\t<\/div>\n\t\t\t\t<\/div>\n\t\t\t\t\t<\/div>\n\t\t<\/div>\n\t\t\t\t\t<\/div>\n\t\t<\/section>\n\t\t\t\t<section class=\"elementor-section elementor-top-section elementor-element elementor-element-da37558 elementor-section-boxed elementor-section-height-default elementor-section-height-default\" data-id=\"da37558\" data-element_type=\"section\">\n\t\t\t\t\t\t<div class=\"elementor-container elementor-column-gap-default\">\n\t\t\t\t\t<div class=\"elementor-column elementor-col-100 elementor-top-column elementor-element elementor-element-32786bb\" data-id=\"32786bb\" data-element_type=\"column\">\n\t\t\t<div class=\"elementor-widget-wrap elementor-element-populated\">\n\t\t\t\t\t\t<div class=\"elementor-element elementor-element-4d26cd4 elementor-widget elementor-widget-text-editor\" data-id=\"4d26cd4\" data-element_type=\"widget\" data-widget_type=\"text-editor.default\">\n\t\t\t\t<div class=\"elementor-widget-container\">\n\t\t\t\t\t\t\t\t\t<p>Un <strong>estilismo de linealidades rectas<\/strong> siempre nos ayudar\u00e1 a proyectar una imagen de mayor seguridad, profesionalidad y elegancia.<\/p><p>Este tipo de vestuario, a d\u00eda de hoy tendencia gracias a los populares trajes de americana y pantal\u00f3n y a la versi\u00f3n 2.0 de la falda de tubo, es ideal para \u00e1mbitos laborales como entrevistas de trabajo, cenas de empresa o en compa\u00f1\u00edas donde haya un protocolo de vestimenta establecido.<\/p>\t\t\t\t\t\t\t\t<\/div>\n\t\t\t\t<\/div>\n\t\t\t\t\t<\/div>\n\t\t<\/div>\n\t\t\t\t\t<\/div>\n\t\t<\/section>\n\t\t\t\t<section class=\"elementor-section elementor-top-section elementor-element elementor-element-c40229c elementor-section-boxed elementor-section-height-default elementor-section-height-default\" data-id=\"c40229c\" data-element_type=\"section\">\n\t\t\t\t\t\t<div class=\"elementor-container elementor-column-gap-default\">\n\t\t\t\t\t<div class=\"elementor-column elementor-col-100 elementor-top-column elementor-element elementor-element-04dcbb5\" data-id=\"04dcbb5\" data-element_type=\"column\">\n\t\t\t<div class=\"elementor-widget-wrap elementor-element-populated\">\n\t\t\t\t\t\t<div class=\"elementor-element elementor-element-d6d6882 elementor-widget elementor-widget-image\" data-id=\"d6d6882\" data-element_type=\"widget\" data-widget_type=\"image.default\">\n\t\t\t\t<div class=\"elementor-widget-container\">\n\t\t\t\t\t\t\t\t\t\t\t\t\t\t\t<img fetchpriority=\"high\" decoding=\"async\" width=\"2048\" height=\"3072\" src=\"https:\/\/joseppons.com\/formacion\/wp-content\/uploads\/2020\/03\/Blazer-cuadros.jpg\" class=\"attachment-large size-large wp-image-3383\" alt=\"Blazer cuadros\" srcset=\"https:\/\/joseppons.com\/formacion\/wp-content\/uploads\/2020\/03\/Blazer-cuadros.jpg 2048w, https:\/\/joseppons.com\/formacion\/wp-content\/uploads\/2020\/03\/Blazer-cuadros-768x1152.jpg 768w, https:\/\/joseppons.com\/formacion\/wp-content\/uploads\/2020\/03\/Blazer-cuadros-1024x1536.jpg 1024w, https:\/\/joseppons.com\/formacion\/wp-content\/uploads\/2020\/03\/Blazer-cuadros-1365x2048.jpg 1365w\" sizes=\"(max-width: 2048px) 100vw, 2048px\" \/>\t\t\t\t\t\t\t\t\t\t\t\t\t\t\t<\/div>\n\t\t\t\t<\/div>\n\t\t\t\t\t<\/div>\n\t\t<\/div>\n\t\t\t\t\t<\/div>\n\t\t<\/section>\n\t\t\t\t<section class=\"elementor-section elementor-top-section elementor-element elementor-element-ad86736 elementor-section-boxed elementor-section-height-default elementor-section-height-default\" data-id=\"ad86736\" data-element_type=\"section\">\n\t\t\t\t\t\t<div class=\"elementor-container elementor-column-gap-default\">\n\t\t\t\t\t<div class=\"elementor-column elementor-col-100 elementor-top-column elementor-element elementor-element-3e46576\" data-id=\"3e46576\" data-element_type=\"column\">\n\t\t\t<div class=\"elementor-widget-wrap elementor-element-populated\">\n\t\t\t\t\t\t<div class=\"elementor-element elementor-element-e88630f elementor-widget elementor-widget-heading\" data-id=\"e88630f\" data-element_type=\"widget\" data-widget_type=\"heading.default\">\n\t\t\t\t<div class=\"elementor-widget-container\">\n\t\t\t\t\t<h3 class=\"elementor-heading-title elementor-size-default\">\u25cf\tLas l\u00edneas curvas transmiten dinamismo<\/h3>\t\t\t\t<\/div>\n\t\t\t\t<\/div>\n\t\t\t\t\t<\/div>\n\t\t<\/div>\n\t\t\t\t\t<\/div>\n\t\t<\/section>\n\t\t\t\t<section class=\"elementor-section elementor-top-section elementor-element elementor-element-6c95bc3 elementor-section-boxed elementor-section-height-default elementor-section-height-default\" data-id=\"6c95bc3\" data-element_type=\"section\">\n\t\t\t\t\t\t<div class=\"elementor-container elementor-column-gap-default\">\n\t\t\t\t\t<div class=\"elementor-column elementor-col-100 elementor-top-column elementor-element elementor-element-0bef4b8\" data-id=\"0bef4b8\" data-element_type=\"column\">\n\t\t\t<div class=\"elementor-widget-wrap elementor-element-populated\">\n\t\t\t\t\t\t<div class=\"elementor-element elementor-element-3c3932b elementor-widget elementor-widget-text-editor\" data-id=\"3c3932b\" data-element_type=\"widget\" data-widget_type=\"text-editor.default\">\n\t\t\t\t<div class=\"elementor-widget-container\">\n\t\t\t\t\t\t\t\t\t<p>Un vestuario compuesto por linealidades curvas aporta una imagen m\u00e1s juvenil, din\u00e1mica y accesible, por lo que se convierte en una opci\u00f3n perfecta para asistir a cualquier tipo de evento social, como una cena con amigos, un evento familiar o una fiesta privada.<\/p>\n<p>Dentro de las \u00faltimas tendencias, nuestros profesionales en asesor\u00eda de imagen recomiendan apostar por un<a href=\"https:\/\/joseppons.com\/formacion\/tendencias-2020\/\"> vestuario vaporoso y con vuelo<\/a> &#8211; como vestidos y faldas midi &#8211; as\u00ed como prendas con las mangas abullonadas, \u00a1un aut\u00e9ntico <em>must-have<\/em> de esta temporada!<\/p>\t\t\t\t\t\t\t\t<\/div>\n\t\t\t\t<\/div>\n\t\t\t\t\t<\/div>\n\t\t<\/div>\n\t\t\t\t\t<\/div>\n\t\t<\/section>\n\t\t\t\t<section class=\"elementor-section elementor-top-section elementor-element elementor-element-7e0891f elementor-section-boxed elementor-section-height-default elementor-section-height-default\" data-id=\"7e0891f\" data-element_type=\"section\">\n\t\t\t\t\t\t<div class=\"elementor-container elementor-column-gap-default\">\n\t\t\t\t\t<div class=\"elementor-column elementor-col-100 elementor-top-column elementor-element elementor-element-732f797\" data-id=\"732f797\" data-element_type=\"column\">\n\t\t\t<div class=\"elementor-widget-wrap elementor-element-populated\">\n\t\t\t\t\t\t<div class=\"elementor-element elementor-element-73685af elementor-widget elementor-widget-image\" data-id=\"73685af\" data-element_type=\"widget\" data-widget_type=\"image.default\">\n\t\t\t\t<div class=\"elementor-widget-container\">\n\t\t\t\t\t\t\t\t\t\t\t\t\t\t\t<img decoding=\"async\" width=\"2048\" height=\"3072\" src=\"https:\/\/joseppons.com\/formacion\/wp-content\/uploads\/2020\/03\/vestido-con-volantes.jpg\" class=\"attachment-large size-large wp-image-3384\" alt=\"vestido con volantes\" srcset=\"https:\/\/joseppons.com\/formacion\/wp-content\/uploads\/2020\/03\/vestido-con-volantes.jpg 2048w, https:\/\/joseppons.com\/formacion\/wp-content\/uploads\/2020\/03\/vestido-con-volantes-768x1152.jpg 768w, https:\/\/joseppons.com\/formacion\/wp-content\/uploads\/2020\/03\/vestido-con-volantes-1024x1536.jpg 1024w, https:\/\/joseppons.com\/formacion\/wp-content\/uploads\/2020\/03\/vestido-con-volantes-1365x2048.jpg 1365w\" sizes=\"(max-width: 2048px) 100vw, 2048px\" \/>\t\t\t\t\t\t\t\t\t\t\t\t\t\t\t<\/div>\n\t\t\t\t<\/div>\n\t\t\t\t\t<\/div>\n\t\t<\/div>\n\t\t\t\t\t<\/div>\n\t\t<\/section>\n\t\t\t\t<section class=\"elementor-section elementor-top-section elementor-element elementor-element-231bbbe elementor-section-boxed elementor-section-height-default elementor-section-height-default\" data-id=\"231bbbe\" data-element_type=\"section\">\n\t\t\t\t\t\t<div class=\"elementor-container elementor-column-gap-default\">\n\t\t\t\t\t<div class=\"elementor-column elementor-col-100 elementor-top-column elementor-element elementor-element-a627652\" data-id=\"a627652\" data-element_type=\"column\">\n\t\t\t<div class=\"elementor-widget-wrap elementor-element-populated\">\n\t\t\t\t\t\t<div class=\"elementor-element elementor-element-a989b85 elementor-widget elementor-widget-heading\" data-id=\"a989b85\" data-element_type=\"widget\" data-widget_type=\"heading.default\">\n\t\t\t\t<div class=\"elementor-widget-container\">\n\t\t\t\t\t<h3 class=\"elementor-heading-title elementor-size-default\">\u25cf S\u00ed a los colores pastel<\/h3>\t\t\t\t<\/div>\n\t\t\t\t<\/div>\n\t\t\t\t\t<\/div>\n\t\t<\/div>\n\t\t\t\t\t<\/div>\n\t\t<\/section>\n\t\t\t\t<section class=\"elementor-section elementor-top-section elementor-element elementor-element-ad0cb30 elementor-section-boxed elementor-section-height-default elementor-section-height-default\" data-id=\"ad0cb30\" data-element_type=\"section\">\n\t\t\t\t\t\t<div class=\"elementor-container elementor-column-gap-default\">\n\t\t\t\t\t<div class=\"elementor-column elementor-col-100 elementor-top-column elementor-element elementor-element-3f238b2\" data-id=\"3f238b2\" data-element_type=\"column\">\n\t\t\t<div class=\"elementor-widget-wrap elementor-element-populated\">\n\t\t\t\t\t\t<div class=\"elementor-element elementor-element-9aeb041 elementor-widget elementor-widget-text-editor\" data-id=\"9aeb041\" data-element_type=\"widget\" data-widget_type=\"text-editor.default\">\n\t\t\t\t<div class=\"elementor-widget-container\">\n\t\t\t\t\t\t\t\t\t<p>Las prendas de color pastel, que parec\u00edan ser solo cosa del verano, se posicionan como una gran opci\u00f3n para aportar un <b>toque de luminosidad<\/b> a nuestro d\u00eda a d\u00eda.<\/p><p><span style=\"font-size: 1em; letter-spacing: 0px;\">Tal y como explican nuestras asesoras de imagen, las tonalidades pastel son ideales para transmitir una <b>imagen m\u00e1s cercana<\/b>, juvenil y sociable. Sabemos que pueden resultar algo problem\u00e1ticas a la hora de combinar, pero apostar por un total look o combinarlas con un color neutro siempre ser\u00e1 un acierto, \u00a1sobretodo si la pieza va acorde con tu armon\u00eda de color!<\/span><\/p>\t\t\t\t\t\t\t\t<\/div>\n\t\t\t\t<\/div>\n\t\t\t\t\t<\/div>\n\t\t<\/div>\n\t\t\t\t\t<\/div>\n\t\t<\/section>\n\t\t\t\t<section class=\"elementor-section elementor-top-section elementor-element elementor-element-6816681 elementor-section-boxed elementor-section-height-default elementor-section-height-default\" data-id=\"6816681\" data-element_type=\"section\">\n\t\t\t\t\t\t<div class=\"elementor-container elementor-column-gap-default\">\n\t\t\t\t\t<div class=\"elementor-column elementor-col-100 elementor-top-column elementor-element elementor-element-38ff014\" data-id=\"38ff014\" data-element_type=\"column\">\n\t\t\t<div class=\"elementor-widget-wrap elementor-element-populated\">\n\t\t\t\t\t\t<div class=\"elementor-element elementor-element-ab00ebf elementor-widget elementor-widget-image\" data-id=\"ab00ebf\" data-element_type=\"widget\" data-widget_type=\"image.default\">\n\t\t\t\t<div class=\"elementor-widget-container\">\n\t\t\t\t\t\t\t\t\t\t\t\t\t\t\t<img decoding=\"async\" width=\"1090\" height=\"1803\" src=\"https:\/\/joseppons.com\/formacion\/wp-content\/uploads\/2020\/03\/colores-pastel.jpg\" class=\"attachment-large size-large wp-image-3385\" alt=\"colores pastel\" srcset=\"https:\/\/joseppons.com\/formacion\/wp-content\/uploads\/2020\/03\/colores-pastel.jpg 1090w, https:\/\/joseppons.com\/formacion\/wp-content\/uploads\/2020\/03\/colores-pastel-768x1270.jpg 768w, https:\/\/joseppons.com\/formacion\/wp-content\/uploads\/2020\/03\/colores-pastel-929x1536.jpg 929w\" sizes=\"(max-width: 1090px) 100vw, 1090px\" \/>\t\t\t\t\t\t\t\t\t\t\t\t\t\t\t<\/div>\n\t\t\t\t<\/div>\n\t\t\t\t\t<\/div>\n\t\t<\/div>\n\t\t\t\t\t<\/div>\n\t\t<\/section>\n\t\t\t\t<section class=\"elementor-section elementor-top-section elementor-element elementor-element-8e65902 elementor-section-boxed elementor-section-height-default elementor-section-height-default\" data-id=\"8e65902\" data-element_type=\"section\">\n\t\t\t\t\t\t<div class=\"elementor-container elementor-column-gap-default\">\n\t\t\t\t\t<div class=\"elementor-column elementor-col-100 elementor-top-column elementor-element elementor-element-eccb9fd\" data-id=\"eccb9fd\" data-element_type=\"column\">\n\t\t\t<div class=\"elementor-widget-wrap elementor-element-populated\">\n\t\t\t\t\t\t<div class=\"elementor-element elementor-element-92ea63e elementor-widget elementor-widget-heading\" data-id=\"92ea63e\" data-element_type=\"widget\" data-widget_type=\"heading.default\">\n\t\t\t\t<div class=\"elementor-widget-container\">\n\t\t\t\t\t<h3 class=\"elementor-heading-title elementor-size-default\">\u25cf\tUn escote para cada mujer<\/h3>\t\t\t\t<\/div>\n\t\t\t\t<\/div>\n\t\t\t\t\t<\/div>\n\t\t<\/div>\n\t\t\t\t\t<\/div>\n\t\t<\/section>\n\t\t\t\t<section class=\"elementor-section elementor-top-section elementor-element elementor-element-02aa391 elementor-section-boxed elementor-section-height-default elementor-section-height-default\" data-id=\"02aa391\" data-element_type=\"section\">\n\t\t\t\t\t\t<div class=\"elementor-container elementor-column-gap-default\">\n\t\t\t\t\t<div class=\"elementor-column elementor-col-100 elementor-top-column elementor-element elementor-element-2122861\" data-id=\"2122861\" data-element_type=\"column\">\n\t\t\t<div class=\"elementor-widget-wrap elementor-element-populated\">\n\t\t\t\t\t\t<div class=\"elementor-element elementor-element-0a5a9e5 elementor-widget elementor-widget-text-editor\" data-id=\"0a5a9e5\" data-element_type=\"widget\" data-widget_type=\"text-editor.default\">\n\t\t\t\t<div class=\"elementor-widget-container\">\n\t\t\t\t\t\t\t\t\t<p>De la misma forma que hay mujeres y mujeres, tambi\u00e9n hay escotes y escotes.<\/p><p>La elecci\u00f3n de uno u otro <b>depende de la forma del pecho<\/b>, del cuello y principalmente de la imagen que se quiera transmitir.<\/p><p>Sin embargo, a grandes rasgos, nuestros asesores de imagen explican que cuanto m\u00e1s cerrado sea el escote &#8211; como es el caso del cuello halter &#8211; m\u00e1s se pronunciar\u00e1 el pecho, del mismo modo que como m\u00e1s abierto sea, m\u00e1s se disimular\u00e1.<\/p>\t\t\t\t\t\t\t\t<\/div>\n\t\t\t\t<\/div>\n\t\t\t\t\t<\/div>\n\t\t<\/div>\n\t\t\t\t\t<\/div>\n\t\t<\/section>\n\t\t\t\t<section class=\"elementor-section elementor-top-section elementor-element elementor-element-862e476 elementor-section-boxed elementor-section-height-default elementor-section-height-default\" data-id=\"862e476\" data-element_type=\"section\">\n\t\t\t\t\t\t<div class=\"elementor-container elementor-column-gap-default\">\n\t\t\t\t\t<div class=\"elementor-column elementor-col-100 elementor-top-column elementor-element elementor-element-5ed4a08\" data-id=\"5ed4a08\" data-element_type=\"column\">\n\t\t\t<div class=\"elementor-widget-wrap elementor-element-populated\">\n\t\t\t\t\t\t<div class=\"elementor-element elementor-element-3d7f13c elementor-widget elementor-widget-image\" data-id=\"3d7f13c\" data-element_type=\"widget\" data-widget_type=\"image.default\">\n\t\t\t\t<div class=\"elementor-widget-container\">\n\t\t\t\t\t\t\t\t\t\t\t\t\t\t\t<img loading=\"lazy\" decoding=\"async\" width=\"1500\" height=\"2098\" src=\"https:\/\/joseppons.com\/formacion\/wp-content\/uploads\/2020\/03\/cuello-halter.jpg\" class=\"attachment-large size-large wp-image-3387\" alt=\"cuello halter\" srcset=\"https:\/\/joseppons.com\/formacion\/wp-content\/uploads\/2020\/03\/cuello-halter.jpg 1500w, https:\/\/joseppons.com\/formacion\/wp-content\/uploads\/2020\/03\/cuello-halter-768x1074.jpg 768w, https:\/\/joseppons.com\/formacion\/wp-content\/uploads\/2020\/03\/cuello-halter-1098x1536.jpg 1098w, https:\/\/joseppons.com\/formacion\/wp-content\/uploads\/2020\/03\/cuello-halter-1464x2048.jpg 1464w\" sizes=\"(max-width: 1500px) 100vw, 1500px\" \/>\t\t\t\t\t\t\t\t\t\t\t\t\t\t\t<\/div>\n\t\t\t\t<\/div>\n\t\t\t\t\t<\/div>\n\t\t<\/div>\n\t\t\t\t\t<\/div>\n\t\t<\/section>\n\t\t\t\t<section class=\"elementor-section elementor-top-section elementor-element elementor-element-4d6dee4 elementor-section-boxed elementor-section-height-default elementor-section-height-default\" data-id=\"4d6dee4\" data-element_type=\"section\">\n\t\t\t\t\t\t<div class=\"elementor-container elementor-column-gap-default\">\n\t\t\t\t\t<div class=\"elementor-column elementor-col-100 elementor-top-column elementor-element elementor-element-addb10d\" data-id=\"addb10d\" data-element_type=\"column\">\n\t\t\t<div class=\"elementor-widget-wrap elementor-element-populated\">\n\t\t\t\t\t\t<div class=\"elementor-element elementor-element-300a3da elementor-widget elementor-widget-heading\" data-id=\"300a3da\" data-element_type=\"widget\" data-widget_type=\"heading.default\">\n\t\t\t\t<div class=\"elementor-widget-container\">\n\t\t\t\t\t<h3 class=\"elementor-heading-title elementor-size-default\">\u25cf\tLa camisa blanca es el primer paso para crear el mejor fondo de armario<\/h3>\t\t\t\t<\/div>\n\t\t\t\t<\/div>\n\t\t\t\t\t<\/div>\n\t\t<\/div>\n\t\t\t\t\t<\/div>\n\t\t<\/section>\n\t\t\t\t<section class=\"elementor-section elementor-top-section elementor-element elementor-element-98242c5 elementor-section-boxed elementor-section-height-default elementor-section-height-default\" data-id=\"98242c5\" data-element_type=\"section\">\n\t\t\t\t\t\t<div class=\"elementor-container elementor-column-gap-default\">\n\t\t\t\t\t<div class=\"elementor-column elementor-col-100 elementor-top-column elementor-element elementor-element-92e9187\" data-id=\"92e9187\" data-element_type=\"column\">\n\t\t\t<div class=\"elementor-widget-wrap elementor-element-populated\">\n\t\t\t\t\t\t<div class=\"elementor-element elementor-element-9f2b812 elementor-widget elementor-widget-text-editor\" data-id=\"9f2b812\" data-element_type=\"widget\" data-widget_type=\"text-editor.default\">\n\t\t\t\t<div class=\"elementor-widget-container\">\n\t\t\t\t\t\t\t\t\t<p>No hay nada que se le resista. La camisa blanca es la prenda por excelencia de cualquier fondo de armario.<\/p><p>Independientemente de su estilo (oversize, estructurada, con las mangas abullonadas, con el cuello redondeado,&#8230;) la camisa blanca siempre aportar\u00e1 una imagen profesional, segura y estable que podremos combinar con todas las prendas de ropa y <b>utilizar en cualquier ocasi\u00f3n<\/b>.<\/p><p style=\"font-size: 16px; letter-spacing: normal;\"><span style=\"font-size: 16px;\">\u00a1No hay ninguna mujer a la que le vaya mal una camisa blanca, palabra de estilistas!<\/span><\/p>\t\t\t\t\t\t\t\t<\/div>\n\t\t\t\t<\/div>\n\t\t\t\t<div class=\"elementor-element elementor-element-bedb76f elementor-widget elementor-widget-image\" data-id=\"bedb76f\" data-element_type=\"widget\" data-widget_type=\"image.default\">\n\t\t\t\t<div class=\"elementor-widget-container\">\n\t\t\t\t\t\t\t\t\t\t\t\t\t\t\t<img loading=\"lazy\" decoding=\"async\" width=\"750\" height=\"1125\" src=\"https:\/\/joseppons.com\/formacion\/wp-content\/uploads\/2020\/03\/camisa-blanca-1.jpg\" class=\"attachment-large size-large wp-image-3402\" alt=\"camisa blanca\" \/>\t\t\t\t\t\t\t\t\t\t\t\t\t\t\t<\/div>\n\t\t\t\t<\/div>\n\t\t\t\t\t<\/div>\n\t\t<\/div>\n\t\t\t\t\t<\/div>\n\t\t<\/section>\n\t\t\t\t<section class=\"elementor-section elementor-top-section elementor-element elementor-element-9079e71 elementor-section-boxed elementor-section-height-default elementor-section-height-default\" data-id=\"9079e71\" data-element_type=\"section\">\n\t\t\t\t\t\t<div class=\"elementor-container elementor-column-gap-default\">\n\t\t\t\t\t<div class=\"elementor-column elementor-col-100 elementor-top-column elementor-element elementor-element-06cbb80\" data-id=\"06cbb80\" data-element_type=\"column\">\n\t\t\t<div class=\"elementor-widget-wrap elementor-element-populated\">\n\t\t\t\t\t\t<div class=\"elementor-element elementor-element-a47bdc6 elementor-widget elementor-widget-heading\" data-id=\"a47bdc6\" data-element_type=\"widget\" data-widget_type=\"heading.default\">\n\t\t\t\t<div class=\"elementor-widget-container\">\n\t\t\t\t\t<h3 class=\"elementor-heading-title elementor-size-default\">\u25cf\tLos bolsillos traseros cuentan \u00a1y mucho!<\/h3>\t\t\t\t<\/div>\n\t\t\t\t<\/div>\n\t\t\t\t\t<\/div>\n\t\t<\/div>\n\t\t\t\t\t<\/div>\n\t\t<\/section>\n\t\t\t\t<section class=\"elementor-section elementor-top-section elementor-element elementor-element-f2b77fc elementor-section-boxed elementor-section-height-default elementor-section-height-default\" data-id=\"f2b77fc\" data-element_type=\"section\">\n\t\t\t\t\t\t<div class=\"elementor-container elementor-column-gap-default\">\n\t\t\t\t\t<div class=\"elementor-column elementor-col-100 elementor-top-column elementor-element elementor-element-0d50c74\" data-id=\"0d50c74\" data-element_type=\"column\">\n\t\t\t<div class=\"elementor-widget-wrap elementor-element-populated\">\n\t\t\t\t\t\t<div class=\"elementor-element elementor-element-879cb6f elementor-widget elementor-widget-text-editor\" data-id=\"879cb6f\" data-element_type=\"widget\" data-widget_type=\"text-editor.default\">\n\t\t\t\t<div class=\"elementor-widget-container\">\n\t\t\t\t\t\t\t\t\t<p>\u00bfAlguna vez has pensado en la importancia de los bolsillos traseros del pantal\u00f3n?<\/p><p>El <strong>bolsillo adecuado puede resultar determinante<\/strong> a la hora de comprarnos unos jeans.<\/p><p>Es por eso que nuestros profesionales en asesor\u00eda de imagen insisten en la importancia de asegurarnos de elegir unos pantalones que dispongan de bolsillos traseros, ya que aportan relieve a la zona del gl\u00fateo y, por lo tanto, consiguen un resultado mucho m\u00e1s favorecedor.<\/p>\t\t\t\t\t\t\t\t<\/div>\n\t\t\t\t<\/div>\n\t\t\t\t\t<\/div>\n\t\t<\/div>\n\t\t\t\t\t<\/div>\n\t\t<\/section>\n\t\t\t\t<section class=\"elementor-section elementor-top-section elementor-element elementor-element-447bf19 elementor-section-boxed elementor-section-height-default elementor-section-height-default\" data-id=\"447bf19\" data-element_type=\"section\">\n\t\t\t\t\t\t<div class=\"elementor-container elementor-column-gap-default\">\n\t\t\t\t\t<div class=\"elementor-column elementor-col-100 elementor-top-column elementor-element elementor-element-376bddf\" data-id=\"376bddf\" data-element_type=\"column\">\n\t\t\t<div class=\"elementor-widget-wrap elementor-element-populated\">\n\t\t\t\t\t\t<div class=\"elementor-element elementor-element-4dc8547 elementor-widget elementor-widget-image\" data-id=\"4dc8547\" data-element_type=\"widget\" data-widget_type=\"image.default\">\n\t\t\t\t<div class=\"elementor-widget-container\">\n\t\t\t\t\t\t\t\t\t\t\t\t\t\t\t<img loading=\"lazy\" decoding=\"async\" width=\"750\" height=\"1125\" src=\"https:\/\/joseppons.com\/formacion\/wp-content\/uploads\/2020\/03\/bolsillos-traseros-pantalon.jpg\" class=\"attachment-large size-large wp-image-3396\" alt=\"bolsillos traseros pantalon\" \/>\t\t\t\t\t\t\t\t\t\t\t\t\t\t\t<\/div>\n\t\t\t\t<\/div>\n\t\t\t\t\t<\/div>\n\t\t<\/div>\n\t\t\t\t\t<\/div>\n\t\t<\/section>\n\t\t\t\t<section class=\"elementor-section elementor-top-section elementor-element elementor-element-0f5135c elementor-section-boxed elementor-section-height-default elementor-section-height-default\" data-id=\"0f5135c\" data-element_type=\"section\">\n\t\t\t\t\t\t<div class=\"elementor-container elementor-column-gap-default\">\n\t\t\t\t\t<div class=\"elementor-column elementor-col-100 elementor-top-column elementor-element elementor-element-2a394ce\" data-id=\"2a394ce\" data-element_type=\"column\">\n\t\t\t<div class=\"elementor-widget-wrap elementor-element-populated\">\n\t\t\t\t\t\t<div class=\"elementor-element elementor-element-9e0eb97 elementor-widget elementor-widget-heading\" data-id=\"9e0eb97\" data-element_type=\"widget\" data-widget_type=\"heading.default\">\n\t\t\t\t<div class=\"elementor-widget-container\">\n\t\t\t\t\t<h3 class=\"elementor-heading-title elementor-size-default\">\u25cf\tLos pantalones de tiro alto son para todas<\/h3>\t\t\t\t<\/div>\n\t\t\t\t<\/div>\n\t\t\t\t\t<\/div>\n\t\t<\/div>\n\t\t\t\t\t<\/div>\n\t\t<\/section>\n\t\t\t\t<section class=\"elementor-section elementor-top-section elementor-element elementor-element-3967f39 elementor-section-boxed elementor-section-height-default elementor-section-height-default\" data-id=\"3967f39\" data-element_type=\"section\">\n\t\t\t\t\t\t<div class=\"elementor-container elementor-column-gap-default\">\n\t\t\t\t\t<div class=\"elementor-column elementor-col-100 elementor-top-column elementor-element elementor-element-b8f7c28\" data-id=\"b8f7c28\" data-element_type=\"column\">\n\t\t\t<div class=\"elementor-widget-wrap elementor-element-populated\">\n\t\t\t\t\t\t<div class=\"elementor-element elementor-element-2cb1575 elementor-widget elementor-widget-text-editor\" data-id=\"2cb1575\" data-element_type=\"widget\" data-widget_type=\"text-editor.default\">\n\t\t\t\t<div class=\"elementor-widget-container\">\n\t\t\t\t\t\t\t\t\t<p>Piernas largas, cortas, rectas, estrechas, anchas&#8230; Los<strong> pantalones de tiro alto<\/strong> son ideales para cualquier tipolog\u00eda corporal y estilizan much\u00edsimo la silueta de la mujer.<\/p><p>De hecho, son perfectos para marcar la cintura, redondear la zona de la cadera y alargar las piernas.<\/p><p>No obstante, para sacarles el m\u00e1ximo provecho es esencial <b>combinarlos con una camiseta<\/b> relativamente corta o metida por dentro. \u00a1Te encantar\u00e1 el resultado!<\/p>\t\t\t\t\t\t\t\t<\/div>\n\t\t\t\t<\/div>\n\t\t\t\t\t<\/div>\n\t\t<\/div>\n\t\t\t\t\t<\/div>\n\t\t<\/section>\n\t\t\t\t<section class=\"elementor-section elementor-top-section elementor-element elementor-element-d603e5f elementor-section-boxed elementor-section-height-default elementor-section-height-default\" data-id=\"d603e5f\" data-element_type=\"section\">\n\t\t\t\t\t\t<div class=\"elementor-container elementor-column-gap-default\">\n\t\t\t\t\t<div class=\"elementor-column elementor-col-100 elementor-top-column elementor-element elementor-element-1294007\" data-id=\"1294007\" data-element_type=\"column\">\n\t\t\t<div class=\"elementor-widget-wrap elementor-element-populated\">\n\t\t\t\t\t\t<div class=\"elementor-element elementor-element-97f366a elementor-widget elementor-widget-image\" data-id=\"97f366a\" data-element_type=\"widget\" data-widget_type=\"image.default\">\n\t\t\t\t<div class=\"elementor-widget-container\">\n\t\t\t\t\t\t\t\t\t\t\t\t\t\t\t<img loading=\"lazy\" decoding=\"async\" width=\"1090\" height=\"1803\" src=\"https:\/\/joseppons.com\/formacion\/wp-content\/uploads\/2020\/03\/pantalones-culotte.jpg\" class=\"attachment-large size-large wp-image-3398\" alt=\"pantalones culotte\" srcset=\"https:\/\/joseppons.com\/formacion\/wp-content\/uploads\/2020\/03\/pantalones-culotte.jpg 1090w, https:\/\/joseppons.com\/formacion\/wp-content\/uploads\/2020\/03\/pantalones-culotte-768x1270.jpg 768w, https:\/\/joseppons.com\/formacion\/wp-content\/uploads\/2020\/03\/pantalones-culotte-929x1536.jpg 929w\" sizes=\"(max-width: 1090px) 100vw, 1090px\" \/>\t\t\t\t\t\t\t\t\t\t\t\t\t\t\t<\/div>\n\t\t\t\t<\/div>\n\t\t\t\t\t<\/div>\n\t\t<\/div>\n\t\t\t\t\t<\/div>\n\t\t<\/section>\n\t\t\t\t<section class=\"elementor-section elementor-top-section elementor-element elementor-element-87989d2 elementor-section-boxed elementor-section-height-default elementor-section-height-default\" data-id=\"87989d2\" data-element_type=\"section\">\n\t\t\t\t\t\t<div class=\"elementor-container elementor-column-gap-default\">\n\t\t\t\t\t<div class=\"elementor-column elementor-col-100 elementor-top-column elementor-element elementor-element-95d7b63\" data-id=\"95d7b63\" data-element_type=\"column\">\n\t\t\t<div class=\"elementor-widget-wrap elementor-element-populated\">\n\t\t\t\t\t\t<div class=\"elementor-element elementor-element-4a17b6b elementor-widget elementor-widget-heading\" data-id=\"4a17b6b\" data-element_type=\"widget\" data-widget_type=\"heading.default\">\n\t\t\t\t<div class=\"elementor-widget-container\">\n\t\t\t\t\t<h3 class=\"elementor-heading-title elementor-size-default\">\u25cfEl cintur\u00f3n, el complemento m\u00e1s glam<\/h3>\t\t\t\t<\/div>\n\t\t\t\t<\/div>\n\t\t\t\t\t<\/div>\n\t\t<\/div>\n\t\t\t\t\t<\/div>\n\t\t<\/section>\n\t\t\t\t<section class=\"elementor-section elementor-top-section elementor-element elementor-element-d18f94b elementor-section-boxed elementor-section-height-default elementor-section-height-default\" data-id=\"d18f94b\" data-element_type=\"section\">\n\t\t\t\t\t\t<div class=\"elementor-container elementor-column-gap-default\">\n\t\t\t\t\t<div class=\"elementor-column elementor-col-100 elementor-top-column elementor-element elementor-element-7fd9162\" data-id=\"7fd9162\" data-element_type=\"column\">\n\t\t\t<div class=\"elementor-widget-wrap elementor-element-populated\">\n\t\t\t\t\t\t<div class=\"elementor-element elementor-element-441121d elementor-widget elementor-widget-text-editor\" data-id=\"441121d\" data-element_type=\"widget\" data-widget_type=\"text-editor.default\">\n\t\t\t\t<div class=\"elementor-widget-container\">\n\t\t\t\t\t\t\t\t\t<p>El cintur\u00f3n se ha convertido en un <strong>complemento estrella<\/strong>, y no solo por su est\u00e9tica &#8211; cada vez m\u00e1s moderna y capaz de aportar un toque <a href=\"https:\/\/joseppons.com\/formacion\/maquillajes-halloween-mas-glam-instagram\/\">s\u00faper <em>glam<\/em><\/a> a los\u00a0<em>looks &#8211;<\/em>.<\/p><p>La principal funci\u00f3n del cintur\u00f3n &#8211; como bien dice su nombre &#8211; es acentuar la cintura con el objetivo de estilizar la silueta. Para conseguir este efecto es necesario que el color sea lo m\u00e1s neutro posible o vaya perfectamente conjuntado con una tonalidad acorde a la del vestuario.<\/p><p style=\"font-size: 16px; letter-spacing: normal;\"><span style=\"font-size: 16px;\">Pero esto no es todo.<\/span><\/p><p style=\"font-size: 16px; letter-spacing: normal;\">Nuestros profesionales en asesor\u00eda de imagen tambi\u00e9n insisten en la importancia de tener en cuenta su\u00a0<b style=\"font-size: 16px;\">anchura en relaci\u00f3n a la cadera<\/b>\u00a0de la mujer.<\/p><p style=\"font-size: 16px; letter-spacing: normal;\">Cuanto m\u00e1s fina sea \u00e9sta, m\u00e1s fino deber\u00e1 ser el cintur\u00f3n, y as\u00ed viceversa.<\/p>\t\t\t\t\t\t\t\t<\/div>\n\t\t\t\t<\/div>\n\t\t\t\t\t<\/div>\n\t\t<\/div>\n\t\t\t\t\t<\/div>\n\t\t<\/section>\n\t\t\t\t<section class=\"elementor-section elementor-top-section elementor-element elementor-element-5451951 elementor-section-boxed elementor-section-height-default elementor-section-height-default\" data-id=\"5451951\" data-element_type=\"section\">\n\t\t\t\t\t\t<div class=\"elementor-container elementor-column-gap-default\">\n\t\t\t\t\t<div class=\"elementor-column elementor-col-100 elementor-top-column elementor-element elementor-element-64fac53\" data-id=\"64fac53\" data-element_type=\"column\">\n\t\t\t<div class=\"elementor-widget-wrap elementor-element-populated\">\n\t\t\t\t\t\t<div class=\"elementor-element elementor-element-c2500fe elementor-widget elementor-widget-image\" data-id=\"c2500fe\" data-element_type=\"widget\" data-widget_type=\"image.default\">\n\t\t\t\t<div class=\"elementor-widget-container\">\n\t\t\t\t\t\t\t\t\t\t\t\t\t\t\t<img loading=\"lazy\" decoding=\"async\" width=\"1500\" height=\"2098\" src=\"https:\/\/joseppons.com\/formacion\/wp-content\/uploads\/2020\/03\/cinturon.jpg\" class=\"attachment-large size-large wp-image-3389\" alt=\"cinturon\" srcset=\"https:\/\/joseppons.com\/formacion\/wp-content\/uploads\/2020\/03\/cinturon.jpg 1500w, https:\/\/joseppons.com\/formacion\/wp-content\/uploads\/2020\/03\/cinturon-768x1074.jpg 768w, https:\/\/joseppons.com\/formacion\/wp-content\/uploads\/2020\/03\/cinturon-1098x1536.jpg 1098w, https:\/\/joseppons.com\/formacion\/wp-content\/uploads\/2020\/03\/cinturon-1464x2048.jpg 1464w\" sizes=\"(max-width: 1500px) 100vw, 1500px\" \/>\t\t\t\t\t\t\t\t\t\t\t\t\t\t\t<\/div>\n\t\t\t\t<\/div>\n\t\t\t\t\t<\/div>\n\t\t<\/div>\n\t\t\t\t\t<\/div>\n\t\t<\/section>\n\t\t\t\t<section class=\"elementor-section elementor-top-section elementor-element elementor-element-affc573 elementor-section-boxed elementor-section-height-default elementor-section-height-default\" data-id=\"affc573\" data-element_type=\"section\">\n\t\t\t\t\t\t<div class=\"elementor-container elementor-column-gap-default\">\n\t\t\t\t\t<div class=\"elementor-column elementor-col-100 elementor-top-column elementor-element elementor-element-c7412eb\" data-id=\"c7412eb\" data-element_type=\"column\">\n\t\t\t<div class=\"elementor-widget-wrap elementor-element-populated\">\n\t\t\t\t\t\t<div class=\"elementor-element elementor-element-d86e0b6 elementor-widget elementor-widget-heading\" data-id=\"d86e0b6\" data-element_type=\"widget\" data-widget_type=\"heading.default\">\n\t\t\t\t<div class=\"elementor-widget-container\">\n\t\t\t\t\t<h3 class=\"elementor-heading-title elementor-size-default\">\u25cf\tEl bolso lo dice todo<\/h3>\t\t\t\t<\/div>\n\t\t\t\t<\/div>\n\t\t\t\t\t<\/div>\n\t\t<\/div>\n\t\t\t\t\t<\/div>\n\t\t<\/section>\n\t\t\t\t<section class=\"elementor-section elementor-top-section elementor-element elementor-element-2c98581 elementor-section-boxed elementor-section-height-default elementor-section-height-default\" data-id=\"2c98581\" data-element_type=\"section\">\n\t\t\t\t\t\t<div class=\"elementor-container elementor-column-gap-default\">\n\t\t\t\t\t<div class=\"elementor-column elementor-col-100 elementor-top-column elementor-element elementor-element-392d175\" data-id=\"392d175\" data-element_type=\"column\">\n\t\t\t<div class=\"elementor-widget-wrap elementor-element-populated\">\n\t\t\t\t\t\t<div class=\"elementor-element elementor-element-64a9fce elementor-widget elementor-widget-text-editor\" data-id=\"64a9fce\" data-element_type=\"widget\" data-widget_type=\"text-editor.default\">\n\t\t\t\t<div class=\"elementor-widget-container\">\n\t\t\t\t\t\t\t\t\t<p>El bolso es un accesorio muy pr\u00e1ctico y casi imprescindible para completar cualquier<em> look<\/em>.\u00a0<span style=\"font-size: 1em; letter-spacing: 0px;\">Por eso, el momento de la elecci\u00f3n es una fase clave para asegurarse de que se est\u00e1 escogiendo bien.<\/span><\/p><p>Tal y como explican nuestros profesionales en asesor\u00eda de imagen, a la hora de elegir este accesorio es impresindible tener en cuenta la forma del cuerpo, ya que se convierte en un factor que influye directamente en los tipos de bolsos que podemos llevar.\u00a0<\/p><p><span style=\"font-size: 1em; letter-spacing: 0px;\">Por ejemplo, no es recomendable que una <\/span><strong style=\"font-size: 1em; letter-spacing: 0px;\">mujer bajita lleve un bolso muy grande<\/strong><span style=\"font-size: 1em; letter-spacing: 0px;\">, del mismo modo que a una mujer alta tampoco le favorecer\u00e1 un bolso muy peque\u00f1o.<\/span><\/p><p>Por otro lado, tambi\u00e9n es conveniente que las mujeres con un pecho bastante voluminoso opten por utilizar bolsos de mano o a la altura de la cadera para <b>equilibrar la silueta<\/b>, y as\u00ed viceversa.<\/p>\t\t\t\t\t\t\t\t<\/div>\n\t\t\t\t<\/div>\n\t\t\t\t\t<\/div>\n\t\t<\/div>\n\t\t\t\t\t<\/div>\n\t\t<\/section>\n\t\t\t\t<section class=\"elementor-section elementor-top-section elementor-element elementor-element-83c9c75 elementor-section-boxed elementor-section-height-default elementor-section-height-default\" data-id=\"83c9c75\" data-element_type=\"section\">\n\t\t\t\t\t\t<div class=\"elementor-container elementor-column-gap-default\">\n\t\t\t\t\t<div class=\"elementor-column elementor-col-100 elementor-top-column elementor-element elementor-element-0790221\" data-id=\"0790221\" data-element_type=\"column\">\n\t\t\t<div class=\"elementor-widget-wrap elementor-element-populated\">\n\t\t\t\t\t\t<div class=\"elementor-element elementor-element-56eea3a elementor-widget elementor-widget-image\" data-id=\"56eea3a\" data-element_type=\"widget\" data-widget_type=\"image.default\">\n\t\t\t\t<div class=\"elementor-widget-container\">\n\t\t\t\t\t\t\t\t\t\t\t\t\t\t\t<img loading=\"lazy\" decoding=\"async\" width=\"1090\" height=\"1803\" src=\"https:\/\/joseppons.com\/formacion\/wp-content\/uploads\/2020\/03\/Bolso.jpg\" class=\"attachment-large size-large wp-image-3397\" alt=\"Bolso\" srcset=\"https:\/\/joseppons.com\/formacion\/wp-content\/uploads\/2020\/03\/Bolso.jpg 1090w, https:\/\/joseppons.com\/formacion\/wp-content\/uploads\/2020\/03\/Bolso-768x1270.jpg 768w, https:\/\/joseppons.com\/formacion\/wp-content\/uploads\/2020\/03\/Bolso-929x1536.jpg 929w\" sizes=\"(max-width: 1090px) 100vw, 1090px\" \/>\t\t\t\t\t\t\t\t\t\t\t\t\t\t\t<\/div>\n\t\t\t\t<\/div>\n\t\t\t\t\t<\/div>\n\t\t<\/div>\n\t\t\t\t\t<\/div>\n\t\t<\/section>\n\t\t\t\t<section class=\"elementor-section elementor-top-section elementor-element elementor-element-8350a97 elementor-section-boxed elementor-section-height-default elementor-section-height-default\" data-id=\"8350a97\" data-element_type=\"section\">\n\t\t\t\t\t\t<div class=\"elementor-container elementor-column-gap-default\">\n\t\t\t\t\t<div class=\"elementor-column elementor-col-100 elementor-top-column elementor-element elementor-element-f749653\" data-id=\"f749653\" data-element_type=\"column\">\n\t\t\t<div class=\"elementor-widget-wrap elementor-element-populated\">\n\t\t\t\t\t\t<div class=\"elementor-element elementor-element-8cbc3ff elementor-widget elementor-widget-heading\" data-id=\"8cbc3ff\" data-element_type=\"widget\" data-widget_type=\"heading.default\">\n\t\t\t\t<div class=\"elementor-widget-container\">\n\t\t\t\t\t<h3 class=\"elementor-heading-title elementor-size-default\">\u25cf\tCuidado con las zapatillas con plataforma, el nuevo <i>must-have <\/i>de las<i> influencers<\/i><\/h3>\t\t\t\t<\/div>\n\t\t\t\t<\/div>\n\t\t\t\t\t<\/div>\n\t\t<\/div>\n\t\t\t\t\t<\/div>\n\t\t<\/section>\n\t\t\t\t<section class=\"elementor-section elementor-top-section elementor-element elementor-element-2549bd3 elementor-section-boxed elementor-section-height-default elementor-section-height-default\" data-id=\"2549bd3\" data-element_type=\"section\">\n\t\t\t\t\t\t<div class=\"elementor-container elementor-column-gap-default\">\n\t\t\t\t\t<div class=\"elementor-column elementor-col-100 elementor-top-column elementor-element elementor-element-f70698f\" data-id=\"f70698f\" data-element_type=\"column\">\n\t\t\t<div class=\"elementor-widget-wrap elementor-element-populated\">\n\t\t\t\t\t\t<div class=\"elementor-element elementor-element-17953b8 elementor-widget elementor-widget-text-editor\" data-id=\"17953b8\" data-element_type=\"widget\" data-widget_type=\"text-editor.default\">\n\t\t\t\t<div class=\"elementor-widget-container\">\n\t\t\t\t\t\t\t\t\t<p>Aunque se trate, seguramente, de una de las tendencias a la que las <em>it girls<\/em> m\u00e1s populares del momento no han tardado nada en sumarse, las zapatillas de plataforma aportan much\u00edsimo volumen visualmente.\u00a0<\/p><p>Es por eso que nuestros profesionales en asesor\u00eda de imagen recomiendan los modelos m\u00e1s llavativos y exagerados a tipolog\u00edas corporales m\u00e1s anchas, y los dise\u00f1os m\u00e1s discretos a siluetas m\u00e1s delgadas, ya que sino &#8211; en este \u00faltimo caso &#8211; se puede llegar a producir un desequilibrio entre la figura de la mujer y el calzado.<\/p>\t\t\t\t\t\t\t\t<\/div>\n\t\t\t\t<\/div>\n\t\t\t\t<div class=\"elementor-element elementor-element-1fdfc95 elementor-widget elementor-widget-image\" data-id=\"1fdfc95\" data-element_type=\"widget\" data-widget_type=\"image.default\">\n\t\t\t\t<div class=\"elementor-widget-container\">\n\t\t\t\t\t\t\t\t\t\t\t\t\t\t\t<img loading=\"lazy\" decoding=\"async\" width=\"1000\" height=\"1500\" src=\"https:\/\/joseppons.com\/formacion\/wp-content\/uploads\/2020\/03\/zapatillas-plataforma.jpeg\" class=\"attachment-large size-large wp-image-3414\" alt=\"zapatillas con plataforma\" srcset=\"https:\/\/joseppons.com\/formacion\/wp-content\/uploads\/2020\/03\/zapatillas-plataforma.jpeg 1000w, https:\/\/joseppons.com\/formacion\/wp-content\/uploads\/2020\/03\/zapatillas-plataforma-768x1152.jpeg 768w\" sizes=\"(max-width: 1000px) 100vw, 1000px\" \/>\t\t\t\t\t\t\t\t\t\t\t\t\t\t\t<\/div>\n\t\t\t\t<\/div>\n\t\t\t\t\t<\/div>\n\t\t<\/div>\n\t\t\t\t\t<\/div>\n\t\t<\/section>\n\t\t\t\t<section class=\"elementor-section elementor-top-section elementor-element elementor-element-b1077a0 elementor-section-boxed elementor-section-height-default elementor-section-height-default\" data-id=\"b1077a0\" data-element_type=\"section\">\n\t\t\t\t\t\t<div class=\"elementor-container elementor-column-gap-default\">\n\t\t\t\t\t<div class=\"elementor-column elementor-col-100 elementor-top-column elementor-element elementor-element-eb1f1fb\" data-id=\"eb1f1fb\" data-element_type=\"column\">\n\t\t\t<div class=\"elementor-widget-wrap elementor-element-populated\">\n\t\t\t\t\t\t<div class=\"elementor-element elementor-element-9c6fd38 elementor-widget elementor-widget-heading\" data-id=\"9c6fd38\" data-element_type=\"widget\" data-widget_type=\"heading.default\">\n\t\t\t\t<div class=\"elementor-widget-container\">\n\t\t\t\t\t<h3 class=\"elementor-heading-title elementor-size-default\">\u25cf\tElegir bien los tacones s\u00ed importa<\/h3>\t\t\t\t<\/div>\n\t\t\t\t<\/div>\n\t\t\t\t\t<\/div>\n\t\t<\/div>\n\t\t\t\t\t<\/div>\n\t\t<\/section>\n\t\t\t\t<section class=\"elementor-section elementor-top-section elementor-element elementor-element-1cc6cef elementor-section-boxed elementor-section-height-default elementor-section-height-default\" data-id=\"1cc6cef\" data-element_type=\"section\">\n\t\t\t\t\t\t<div class=\"elementor-container elementor-column-gap-default\">\n\t\t\t\t\t<div class=\"elementor-column elementor-col-100 elementor-top-column elementor-element elementor-element-26ea5af\" data-id=\"26ea5af\" data-element_type=\"column\">\n\t\t\t<div class=\"elementor-widget-wrap elementor-element-populated\">\n\t\t\t\t\t\t<div class=\"elementor-element elementor-element-e0f8e9b elementor-widget elementor-widget-text-editor\" data-id=\"e0f8e9b\" data-element_type=\"widget\" data-widget_type=\"text-editor.default\">\n\t\t\t\t<div class=\"elementor-widget-container\">\n\t\t\t\t\t\t\t\t\t<p>Elegir bien los tacones tambi\u00e9n es una cuesti\u00f3n esencial de estilismo, ya que cada tipo de zapato aporta unas cualidades de imagen diferentes.<\/p><p>Dentro del campo de la asesor\u00eda de imagen se recomienda, por un lado, elegir los tacones en funci\u00f3n de la anchura de la cadera &#8211; deben ser iguales para equilibrar visualmente la silueta -; apostar por sandalias con el empeine abierto, ya que estilizan mucho m\u00e1s la pierna en comparaci\u00f3n al calzado cerrado; y elegir colores similares al de la piel (en verano) y al de la vestimenta (en invierno).\u00a0<\/p>\t\t\t\t\t\t\t\t<\/div>\n\t\t\t\t<\/div>\n\t\t\t\t<div class=\"elementor-element elementor-element-46aacc4 elementor-widget elementor-widget-image\" data-id=\"46aacc4\" data-element_type=\"widget\" data-widget_type=\"image.default\">\n\t\t\t\t<div class=\"elementor-widget-container\">\n\t\t\t\t\t\t\t\t\t\t\t\t\t\t\t<img loading=\"lazy\" decoding=\"async\" width=\"750\" height=\"1125\" src=\"https:\/\/joseppons.com\/formacion\/wp-content\/uploads\/2020\/03\/sandalias-empeine-abierto.jpg\" class=\"attachment-large size-large wp-image-3405\" alt=\"sandalias empeine abierto\" \/>\t\t\t\t\t\t\t\t\t\t\t\t\t\t\t<\/div>\n\t\t\t\t<\/div>\n\t\t\t\t\t<\/div>\n\t\t<\/div>\n\t\t\t\t\t<\/div>\n\t\t<\/section>\n\t\t\t\t<section class=\"elementor-section elementor-top-section elementor-element elementor-element-411740b elementor-section-boxed elementor-section-height-default elementor-section-height-default\" data-id=\"411740b\" data-element_type=\"section\">\n\t\t\t\t\t\t<div class=\"elementor-container elementor-column-gap-default\">\n\t\t\t\t\t<div class=\"elementor-column elementor-col-100 elementor-top-column elementor-element elementor-element-b6473be\" data-id=\"b6473be\" data-element_type=\"column\">\n\t\t\t<div class=\"elementor-widget-wrap elementor-element-populated\">\n\t\t\t\t\t\t<div class=\"elementor-element elementor-element-152b0fc elementor-widget elementor-widget-heading\" data-id=\"152b0fc\" data-element_type=\"widget\" data-widget_type=\"heading.default\">\n\t\t\t\t<div class=\"elementor-widget-container\">\n\t\t\t\t\t<h3 class=\"elementor-heading-title elementor-size-default\">\u25cf\t\u00a1<i>Stop<\/i> sandalias de inspiraci\u00f3n romana!<\/h3>\t\t\t\t<\/div>\n\t\t\t\t<\/div>\n\t\t\t\t\t<\/div>\n\t\t<\/div>\n\t\t\t\t\t<\/div>\n\t\t<\/section>\n\t\t\t\t<section class=\"elementor-section elementor-top-section elementor-element elementor-element-3af5d27 elementor-section-boxed elementor-section-height-default elementor-section-height-default\" data-id=\"3af5d27\" data-element_type=\"section\">\n\t\t\t\t\t\t<div class=\"elementor-container elementor-column-gap-default\">\n\t\t\t\t\t<div class=\"elementor-column elementor-col-100 elementor-top-column elementor-element elementor-element-263c29c\" data-id=\"263c29c\" data-element_type=\"column\">\n\t\t\t<div class=\"elementor-widget-wrap elementor-element-populated\">\n\t\t\t\t\t\t<div class=\"elementor-element elementor-element-9385751 elementor-widget elementor-widget-text-editor\" data-id=\"9385751\" data-element_type=\"widget\" data-widget_type=\"text-editor.default\">\n\t\t\t\t<div class=\"elementor-widget-container\">\n\t\t\t\t\t\t\t\t\t<p style=\"font-size: 16px; letter-spacing: normal;\">Sabemos que las sandalias atadas al tobillo son un <i>must-have<\/i>\u00a0siempre que llega la temporada de verano. Son vistosas, bonitas y te hacen sentir como una diosa del Olimpo.<\/p><p style=\"font-size: 16px; letter-spacing: normal;\">Sin embargo, nuestros especialistas explican que <b>las ataduras al tobillo acortan<\/b> visualmentente las piernas y por lo tanto no estilizan.\u00a0\u00a0<\/p><p style=\"font-size: 16px; letter-spacing: normal;\">Por eso, en el caso de querer llevar este tipo de calzado recomiendan asegurarse de que tienen tac\u00f3n o el empeine abierto, y combinarlas siempre con faldas, vestidos y pantalones cortos.<\/p>\t\t\t\t\t\t\t\t<\/div>\n\t\t\t\t<\/div>\n\t\t\t\t<div class=\"elementor-element elementor-element-88c93f2 elementor-widget elementor-widget-image\" data-id=\"88c93f2\" data-element_type=\"widget\" data-widget_type=\"image.default\">\n\t\t\t\t<div class=\"elementor-widget-container\">\n\t\t\t\t\t\t\t\t\t\t\t\t\t\t\t<img loading=\"lazy\" decoding=\"async\" width=\"1090\" height=\"1803\" src=\"https:\/\/joseppons.com\/formacion\/wp-content\/uploads\/2020\/03\/sandalias-ataduras.jpg\" class=\"attachment-large size-large wp-image-3400\" alt=\"sandalias ataduras\" srcset=\"https:\/\/joseppons.com\/formacion\/wp-content\/uploads\/2020\/03\/sandalias-ataduras.jpg 1090w, https:\/\/joseppons.com\/formacion\/wp-content\/uploads\/2020\/03\/sandalias-ataduras-768x1270.jpg 768w, https:\/\/joseppons.com\/formacion\/wp-content\/uploads\/2020\/03\/sandalias-ataduras-929x1536.jpg 929w\" sizes=\"(max-width: 1090px) 100vw, 1090px\" \/>\t\t\t\t\t\t\t\t\t\t\t\t\t\t\t<\/div>\n\t\t\t\t<\/div>\n\t\t\t\t<div class=\"elementor-element elementor-element-b657004 elementor-widget elementor-widget-text-editor\" data-id=\"b657004\" data-element_type=\"widget\" data-widget_type=\"text-editor.default\">\n\t\t\t\t<div class=\"elementor-widget-container\">\n\t\t\t\t\t\t\t\t\t<p><em>Fuentes: Mango, Zara y Stradivarius<\/em><\/p>\t\t\t\t\t\t\t\t<\/div>\n\t\t\t\t<\/div>\n\t\t\t\t\t<\/div>\n\t\t<\/div>\n\t\t\t\t\t<\/div>\n\t\t<\/section>\n\t\t\t\t<\/div>\n\t\t","protected":false},"excerpt":{"rendered":"<p>Sentirnos a gusto con nuestra imagen es esencial para reforzar nuestra seguridad y autoestima. Como sociedad, tendemos a hacerlo siguiendo las \u00faltimas tendencias para ir a la moda y estando al d\u00eda de lo que llevan las it girls y las celebrities a trav\u00e9s de las redes sociales y los medios de comunicaci\u00f3n. Sin embargo,&#8230;<\/p>\n","protected":false},"author":2,"featured_media":3409,"comment_status":"open","ping_status":"closed","sticky":false,"template":"","format":"standard","meta":{"_joinchat":[],"footnotes":""},"categories":[6,102,101,7],"tags":[121,373,375,374],"class_list":["post-3376","post","type-post","status-publish","format-standard","has-post-thumbnail","hentry","category-actualidad","category-grado-medio-y-superior-en-peluqueria","category-grados-y-cursos","category-peluqueria","tag-asesoria-de-imagen","tag-grado-superior-en-asesoria","tag-grados-y-cursos","tag-ventajas-de-la-asesoria"],"yoast_head":"<!-- This site is optimized with the Yoast SEO plugin v26.7 - https:\/\/yoast.com\/wordpress\/plugins\/seo\/ -->\n<title>Gu\u00eda de estilo de un asesor de imagen \ud83d\udc57 - Josep Pons Formaci\u00f3n<\/title>\n<meta name=\"description\" content=\"Un asesor de imagen es el profesional encargado de mejorar la imagen de sus clientes asesor\u00e1ndolos en la elecci\u00f3n de su vestuario y aconsej\u00e1ndolos en...\" \/>\n<meta name=\"robots\" content=\"index, follow, max-snippet:-1, max-image-preview:large, max-video-preview:-1\" \/>\n<link rel=\"canonical\" href=\"https:\/\/joseppons.com\/formacion\/guia-estilo-asesor-de-imagen\/\" \/>\n<meta property=\"og:locale\" content=\"es_ES\" \/>\n<meta property=\"og:type\" content=\"article\" \/>\n<meta property=\"og:title\" content=\"Gu\u00eda de estilo de un asesor de imagen \ud83d\udc57 - Josep Pons Formaci\u00f3n\" \/>\n<meta property=\"og:description\" content=\"Un asesor de imagen es el profesional encargado de mejorar la imagen de sus clientes asesor\u00e1ndolos en la elecci\u00f3n de su vestuario y aconsej\u00e1ndolos en...\" \/>\n<meta property=\"og:url\" content=\"https:\/\/joseppons.com\/formacion\/guia-estilo-asesor-de-imagen\/\" \/>\n<meta property=\"og:site_name\" content=\"Josep Pons Formaci\u00f3n\" \/>\n<meta property=\"article:publisher\" content=\"https:\/\/es-es.facebook.com\/JosepPonsFormacio\/\" \/>\n<meta property=\"article:published_time\" content=\"2020-03-13T10:36:04+00:00\" \/>\n<meta property=\"article:modified_time\" content=\"2025-11-10T08:44:51+00:00\" \/>\n<meta property=\"og:image\" content=\"https:\/\/joseppons.com\/formacion\/wp-content\/uploads\/2020\/03\/consejos-estilismo-asesor-de-imagen-3.jpg\" \/>\n\t<meta property=\"og:image:width\" content=\"1500\" \/>\n\t<meta property=\"og:image:height\" content=\"1000\" \/>\n\t<meta property=\"og:image:type\" content=\"image\/jpeg\" \/>\n<meta name=\"author\" content=\"joseppons\" \/>\n<meta name=\"twitter:card\" content=\"summary_large_image\" \/>\n<meta name=\"twitter:creator\" content=\"@josepponsimatge\" \/>\n<meta name=\"twitter:site\" content=\"@josepponsimatge\" \/>\n<meta name=\"twitter:label1\" content=\"Escrito por\" \/>\n\t<meta name=\"twitter:data1\" content=\"joseppons\" \/>\n\t<meta name=\"twitter:label2\" content=\"Tiempo de lectura\" \/>\n\t<meta name=\"twitter:data2\" content=\"9 minutos\" \/>\n<script type=\"application\/ld+json\" class=\"yoast-schema-graph\">{\"@context\":\"https:\/\/schema.org\",\"@graph\":[{\"@type\":\"Article\",\"@id\":\"https:\/\/joseppons.com\/formacion\/guia-estilo-asesor-de-imagen\/#article\",\"isPartOf\":{\"@id\":\"https:\/\/joseppons.com\/formacion\/guia-estilo-asesor-de-imagen\/\"},\"author\":{\"name\":\"joseppons\",\"@id\":\"https:\/\/joseppons.com\/formacion\/#\/schema\/person\/52350c76759824d67ee4b9d948063ed1\"},\"headline\":\"Gu\u00eda de estilo de un asesor de imagen \ud83d\udc57\",\"datePublished\":\"2020-03-13T10:36:04+00:00\",\"dateModified\":\"2025-11-10T08:44:51+00:00\",\"mainEntityOfPage\":{\"@id\":\"https:\/\/joseppons.com\/formacion\/guia-estilo-asesor-de-imagen\/\"},\"wordCount\":1416,\"commentCount\":0,\"publisher\":{\"@id\":\"https:\/\/joseppons.com\/formacion\/#organization\"},\"image\":{\"@id\":\"https:\/\/joseppons.com\/formacion\/guia-estilo-asesor-de-imagen\/#primaryimage\"},\"thumbnailUrl\":\"https:\/\/joseppons.com\/formacion\/wp-content\/uploads\/2020\/03\/consejos-estilismo-asesor-de-imagen-3.jpg\",\"keywords\":[\"asesoria de imagen\",\"Grado Superior en Asesor\u00eda\",\"Grados y Cursos\",\"Ventajas de la asesor\u00eda\"],\"articleSection\":[\"Actualidad\",\"Grado Medio y Superior en peluqueria\",\"Grados y cursos\",\"Peluquer\u00eda\"],\"inLanguage\":\"es\",\"potentialAction\":[{\"@type\":\"CommentAction\",\"name\":\"Comment\",\"target\":[\"https:\/\/joseppons.com\/formacion\/guia-estilo-asesor-de-imagen\/#respond\"]}]},{\"@type\":\"WebPage\",\"@id\":\"https:\/\/joseppons.com\/formacion\/guia-estilo-asesor-de-imagen\/\",\"url\":\"https:\/\/joseppons.com\/formacion\/guia-estilo-asesor-de-imagen\/\",\"name\":\"Gu\u00eda de estilo de un asesor de imagen \ud83d\udc57 - Josep Pons Formaci\u00f3n\",\"isPartOf\":{\"@id\":\"https:\/\/joseppons.com\/formacion\/#website\"},\"primaryImageOfPage\":{\"@id\":\"https:\/\/joseppons.com\/formacion\/guia-estilo-asesor-de-imagen\/#primaryimage\"},\"image\":{\"@id\":\"https:\/\/joseppons.com\/formacion\/guia-estilo-asesor-de-imagen\/#primaryimage\"},\"thumbnailUrl\":\"https:\/\/joseppons.com\/formacion\/wp-content\/uploads\/2020\/03\/consejos-estilismo-asesor-de-imagen-3.jpg\",\"datePublished\":\"2020-03-13T10:36:04+00:00\",\"dateModified\":\"2025-11-10T08:44:51+00:00\",\"description\":\"Un asesor de imagen es el profesional encargado de mejorar la imagen de sus clientes asesor\u00e1ndolos en la elecci\u00f3n de su vestuario y aconsej\u00e1ndolos en...\",\"breadcrumb\":{\"@id\":\"https:\/\/joseppons.com\/formacion\/guia-estilo-asesor-de-imagen\/#breadcrumb\"},\"inLanguage\":\"es\",\"potentialAction\":[{\"@type\":\"ReadAction\",\"target\":[\"https:\/\/joseppons.com\/formacion\/guia-estilo-asesor-de-imagen\/\"]}]},{\"@type\":\"ImageObject\",\"inLanguage\":\"es\",\"@id\":\"https:\/\/joseppons.com\/formacion\/guia-estilo-asesor-de-imagen\/#primaryimage\",\"url\":\"https:\/\/joseppons.com\/formacion\/wp-content\/uploads\/2020\/03\/consejos-estilismo-asesor-de-imagen-3.jpg\",\"contentUrl\":\"https:\/\/joseppons.com\/formacion\/wp-content\/uploads\/2020\/03\/consejos-estilismo-asesor-de-imagen-3.jpg\",\"width\":1500,\"height\":1000,\"caption\":\"consejos estilismo asesor de imagen\"},{\"@type\":\"BreadcrumbList\",\"@id\":\"https:\/\/joseppons.com\/formacion\/guia-estilo-asesor-de-imagen\/#breadcrumb\",\"itemListElement\":[{\"@type\":\"ListItem\",\"position\":1,\"name\":\"Portada\",\"item\":\"https:\/\/joseppons.com\/formacion\/\"},{\"@type\":\"ListItem\",\"position\":2,\"name\":\"Gu\u00eda de estilo de un asesor de imagen \ud83d\udc57\"}]},{\"@type\":\"WebSite\",\"@id\":\"https:\/\/joseppons.com\/formacion\/#website\",\"url\":\"https:\/\/joseppons.com\/formacion\/\",\"name\":\"Josep Pons Formaci\u00f3n\",\"description\":\"\",\"publisher\":{\"@id\":\"https:\/\/joseppons.com\/formacion\/#organization\"},\"potentialAction\":[{\"@type\":\"SearchAction\",\"target\":{\"@type\":\"EntryPoint\",\"urlTemplate\":\"https:\/\/joseppons.com\/formacion\/?s={search_term_string}\"},\"query-input\":{\"@type\":\"PropertyValueSpecification\",\"valueRequired\":true,\"valueName\":\"search_term_string\"}}],\"inLanguage\":\"es\"},{\"@type\":\"Organization\",\"@id\":\"https:\/\/joseppons.com\/formacion\/#organization\",\"name\":\"Josep Pons\",\"url\":\"https:\/\/joseppons.com\/formacion\/\",\"logo\":{\"@type\":\"ImageObject\",\"inLanguage\":\"es\",\"@id\":\"https:\/\/joseppons.com\/formacion\/#\/schema\/logo\/image\/\",\"url\":\"https:\/\/joseppons.com\/formacion\/wp-content\/uploads\/2018\/09\/logotipo-home-josepponsformacio-1.png\",\"contentUrl\":\"https:\/\/joseppons.com\/formacion\/wp-content\/uploads\/2018\/09\/logotipo-home-josepponsformacio-1.png\",\"width\":420,\"height\":280,\"caption\":\"Josep Pons\"},\"image\":{\"@id\":\"https:\/\/joseppons.com\/formacion\/#\/schema\/logo\/image\/\"},\"sameAs\":[\"https:\/\/es-es.facebook.com\/JosepPonsFormacio\/\",\"https:\/\/x.com\/josepponsimatge\",\"https:\/\/www.instagram.com\/ponsformacion\/\"]},{\"@type\":\"Person\",\"@id\":\"https:\/\/joseppons.com\/formacion\/#\/schema\/person\/52350c76759824d67ee4b9d948063ed1\",\"name\":\"joseppons\"}]}<\/script>\n<!-- \/ Yoast SEO plugin. -->","yoast_head_json":{"title":"Gu\u00eda de estilo de un asesor de imagen \ud83d\udc57 - Josep Pons Formaci\u00f3n","description":"Un asesor de imagen es el profesional encargado de mejorar la imagen de sus clientes asesor\u00e1ndolos en la elecci\u00f3n de su vestuario y aconsej\u00e1ndolos en...","robots":{"index":"index","follow":"follow","max-snippet":"max-snippet:-1","max-image-preview":"max-image-preview:large","max-video-preview":"max-video-preview:-1"},"canonical":"https:\/\/joseppons.com\/formacion\/guia-estilo-asesor-de-imagen\/","og_locale":"es_ES","og_type":"article","og_title":"Gu\u00eda de estilo de un asesor de imagen \ud83d\udc57 - Josep Pons Formaci\u00f3n","og_description":"Un asesor de imagen es el profesional encargado de mejorar la imagen de sus clientes asesor\u00e1ndolos en la elecci\u00f3n de su vestuario y aconsej\u00e1ndolos en...","og_url":"https:\/\/joseppons.com\/formacion\/guia-estilo-asesor-de-imagen\/","og_site_name":"Josep Pons Formaci\u00f3n","article_publisher":"https:\/\/es-es.facebook.com\/JosepPonsFormacio\/","article_published_time":"2020-03-13T10:36:04+00:00","article_modified_time":"2025-11-10T08:44:51+00:00","og_image":[{"width":1500,"height":1000,"url":"https:\/\/joseppons.com\/formacion\/wp-content\/uploads\/2020\/03\/consejos-estilismo-asesor-de-imagen-3.jpg","type":"image\/jpeg"}],"author":"joseppons","twitter_card":"summary_large_image","twitter_creator":"@josepponsimatge","twitter_site":"@josepponsimatge","twitter_misc":{"Escrito por":"joseppons","Tiempo de lectura":"9 minutos"},"schema":{"@context":"https:\/\/schema.org","@graph":[{"@type":"Article","@id":"https:\/\/joseppons.com\/formacion\/guia-estilo-asesor-de-imagen\/#article","isPartOf":{"@id":"https:\/\/joseppons.com\/formacion\/guia-estilo-asesor-de-imagen\/"},"author":{"name":"joseppons","@id":"https:\/\/joseppons.com\/formacion\/#\/schema\/person\/52350c76759824d67ee4b9d948063ed1"},"headline":"Gu\u00eda de estilo de un asesor de imagen \ud83d\udc57","datePublished":"2020-03-13T10:36:04+00:00","dateModified":"2025-11-10T08:44:51+00:00","mainEntityOfPage":{"@id":"https:\/\/joseppons.com\/formacion\/guia-estilo-asesor-de-imagen\/"},"wordCount":1416,"commentCount":0,"publisher":{"@id":"https:\/\/joseppons.com\/formacion\/#organization"},"image":{"@id":"https:\/\/joseppons.com\/formacion\/guia-estilo-asesor-de-imagen\/#primaryimage"},"thumbnailUrl":"https:\/\/joseppons.com\/formacion\/wp-content\/uploads\/2020\/03\/consejos-estilismo-asesor-de-imagen-3.jpg","keywords":["asesoria de imagen","Grado Superior en Asesor\u00eda","Grados y Cursos","Ventajas de la asesor\u00eda"],"articleSection":["Actualidad","Grado Medio y Superior en peluqueria","Grados y cursos","Peluquer\u00eda"],"inLanguage":"es","potentialAction":[{"@type":"CommentAction","name":"Comment","target":["https:\/\/joseppons.com\/formacion\/guia-estilo-asesor-de-imagen\/#respond"]}]},{"@type":"WebPage","@id":"https:\/\/joseppons.com\/formacion\/guia-estilo-asesor-de-imagen\/","url":"https:\/\/joseppons.com\/formacion\/guia-estilo-asesor-de-imagen\/","name":"Gu\u00eda de estilo de un asesor de imagen \ud83d\udc57 - Josep Pons Formaci\u00f3n","isPartOf":{"@id":"https:\/\/joseppons.com\/formacion\/#website"},"primaryImageOfPage":{"@id":"https:\/\/joseppons.com\/formacion\/guia-estilo-asesor-de-imagen\/#primaryimage"},"image":{"@id":"https:\/\/joseppons.com\/formacion\/guia-estilo-asesor-de-imagen\/#primaryimage"},"thumbnailUrl":"https:\/\/joseppons.com\/formacion\/wp-content\/uploads\/2020\/03\/consejos-estilismo-asesor-de-imagen-3.jpg","datePublished":"2020-03-13T10:36:04+00:00","dateModified":"2025-11-10T08:44:51+00:00","description":"Un asesor de imagen es el profesional encargado de mejorar la imagen de sus clientes asesor\u00e1ndolos en la elecci\u00f3n de su vestuario y aconsej\u00e1ndolos en...","breadcrumb":{"@id":"https:\/\/joseppons.com\/formacion\/guia-estilo-asesor-de-imagen\/#breadcrumb"},"inLanguage":"es","potentialAction":[{"@type":"ReadAction","target":["https:\/\/joseppons.com\/formacion\/guia-estilo-asesor-de-imagen\/"]}]},{"@type":"ImageObject","inLanguage":"es","@id":"https:\/\/joseppons.com\/formacion\/guia-estilo-asesor-de-imagen\/#primaryimage","url":"https:\/\/joseppons.com\/formacion\/wp-content\/uploads\/2020\/03\/consejos-estilismo-asesor-de-imagen-3.jpg","contentUrl":"https:\/\/joseppons.com\/formacion\/wp-content\/uploads\/2020\/03\/consejos-estilismo-asesor-de-imagen-3.jpg","width":1500,"height":1000,"caption":"consejos estilismo asesor de imagen"},{"@type":"BreadcrumbList","@id":"https:\/\/joseppons.com\/formacion\/guia-estilo-asesor-de-imagen\/#breadcrumb","itemListElement":[{"@type":"ListItem","position":1,"name":"Portada","item":"https:\/\/joseppons.com\/formacion\/"},{"@type":"ListItem","position":2,"name":"Gu\u00eda de estilo de un asesor de imagen \ud83d\udc57"}]},{"@type":"WebSite","@id":"https:\/\/joseppons.com\/formacion\/#website","url":"https:\/\/joseppons.com\/formacion\/","name":"Josep Pons Formaci\u00f3n","description":"","publisher":{"@id":"https:\/\/joseppons.com\/formacion\/#organization"},"potentialAction":[{"@type":"SearchAction","target":{"@type":"EntryPoint","urlTemplate":"https:\/\/joseppons.com\/formacion\/?s={search_term_string}"},"query-input":{"@type":"PropertyValueSpecification","valueRequired":true,"valueName":"search_term_string"}}],"inLanguage":"es"},{"@type":"Organization","@id":"https:\/\/joseppons.com\/formacion\/#organization","name":"Josep Pons","url":"https:\/\/joseppons.com\/formacion\/","logo":{"@type":"ImageObject","inLanguage":"es","@id":"https:\/\/joseppons.com\/formacion\/#\/schema\/logo\/image\/","url":"https:\/\/joseppons.com\/formacion\/wp-content\/uploads\/2018\/09\/logotipo-home-josepponsformacio-1.png","contentUrl":"https:\/\/joseppons.com\/formacion\/wp-content\/uploads\/2018\/09\/logotipo-home-josepponsformacio-1.png","width":420,"height":280,"caption":"Josep Pons"},"image":{"@id":"https:\/\/joseppons.com\/formacion\/#\/schema\/logo\/image\/"},"sameAs":["https:\/\/es-es.facebook.com\/JosepPonsFormacio\/","https:\/\/x.com\/josepponsimatge","https:\/\/www.instagram.com\/ponsformacion\/"]},{"@type":"Person","@id":"https:\/\/joseppons.com\/formacion\/#\/schema\/person\/52350c76759824d67ee4b9d948063ed1","name":"joseppons"}]}},"_links":{"self":[{"href":"https:\/\/joseppons.com\/formacion\/wp-json\/wp\/v2\/posts\/3376","targetHints":{"allow":["GET"]}}],"collection":[{"href":"https:\/\/joseppons.com\/formacion\/wp-json\/wp\/v2\/posts"}],"about":[{"href":"https:\/\/joseppons.com\/formacion\/wp-json\/wp\/v2\/types\/post"}],"author":[{"embeddable":true,"href":"https:\/\/joseppons.com\/formacion\/wp-json\/wp\/v2\/users\/2"}],"replies":[{"embeddable":true,"href":"https:\/\/joseppons.com\/formacion\/wp-json\/wp\/v2\/comments?post=3376"}],"version-history":[{"count":6,"href":"https:\/\/joseppons.com\/formacion\/wp-json\/wp\/v2\/posts\/3376\/revisions"}],"predecessor-version":[{"id":18992,"href":"https:\/\/joseppons.com\/formacion\/wp-json\/wp\/v2\/posts\/3376\/revisions\/18992"}],"wp:featuredmedia":[{"embeddable":true,"href":"https:\/\/joseppons.com\/formacion\/wp-json\/wp\/v2\/media\/3409"}],"wp:attachment":[{"href":"https:\/\/joseppons.com\/formacion\/wp-json\/wp\/v2\/media?parent=3376"}],"wp:term":[{"taxonomy":"category","embeddable":true,"href":"https:\/\/joseppons.com\/formacion\/wp-json\/wp\/v2\/categories?post=3376"},{"taxonomy":"post_tag","embeddable":true,"href":"https:\/\/joseppons.com\/formacion\/wp-json\/wp\/v2\/tags?post=3376"}],"curies":[{"name":"wp","href":"https:\/\/api.w.org\/{rel}","templated":true}]}}