{"id":3241,"date":"2020-03-05T16:00:23","date_gmt":"2020-03-05T15:00:23","guid":{"rendered":"https:\/\/joseppons.com\/formacion\/?p=3241"},"modified":"2020-03-06T09:58:42","modified_gmt":"2020-03-06T08:58:42","slug":"salidas-profesionales-de-la-peluqueria","status":"publish","type":"post","link":"https:\/\/joseppons.com\/formacion\/salidas-profesionales-de-la-peluqueria\/","title":{"rendered":"Salidas profesionales de la peluquer\u00eda \u2702\ufe0f"},"content":{"rendered":"\t\t<div data-elementor-type=\"wp-post\" data-elementor-id=\"3241\" class=\"elementor elementor-3241\" data-elementor-post-type=\"post\">\n\t\t\t\t\t\t<section class=\"elementor-section elementor-top-section elementor-element elementor-element-6fe13aa elementor-section-boxed elementor-section-height-default elementor-section-height-default\" data-id=\"6fe13aa\" data-element_type=\"section\">\n\t\t\t\t\t\t<div class=\"elementor-container elementor-column-gap-default\">\n\t\t\t\t\t<div class=\"elementor-column elementor-col-100 elementor-top-column elementor-element elementor-element-4a012d3\" data-id=\"4a012d3\" data-element_type=\"column\">\n\t\t\t<div class=\"elementor-widget-wrap elementor-element-populated\">\n\t\t\t\t\t\t<div class=\"elementor-element elementor-element-69d3329 elementor-widget elementor-widget-text-editor\" data-id=\"69d3329\" data-element_type=\"widget\" data-widget_type=\"text-editor.default\">\n\t\t\t\t<div class=\"elementor-widget-container\">\n\t\t\t\t\t\t\t\t\t<p><span style=\"font-family: 'Open Sans', sans-serif; font-size: 12pt; white-space: pre-wrap; letter-spacing: 0px;\">Cada vez son m\u00e1s los j\u00f3venes que deciden empezar a <a href=\"https:\/\/joseppons.com\/formacion\/estudiar-peluqueria\/\">estudiar peluquer\u00eda<\/a> debido al gran abanico de salidas profesionales que ofrece y a la <b>elevada demanda de estilistas<\/b> para diferentes rangos y empresas del sector.&nbsp;<\/span><\/p>\n<p dir=\"ltr\" style=\"line-height: 1.8; margin-top: 0pt; margin-bottom: 0pt;\"><span style=\"font-size: 12pt; font-family: 'Open Sans', sans-serif; font-variant-numeric: normal; font-variant-east-asian: normal; white-space: pre-wrap;\">No obstante, <\/span><span style=\"font-size: 12pt; font-family: 'Open Sans', sans-serif; background-color: #ffffff; font-variant-numeric: normal; font-variant-east-asian: normal; white-space: pre-wrap;\">cuando alguien nos dice que est\u00e1 estudiando peluquer\u00eda, lo primero que nos viene a la mente es la imagen de un peluquero dirigiendo o trabajando en un sal\u00f3n. Y, sin embargo, esta es solo una de sus muchas oportunidades laborales.<\/span><\/p><p dir=\"ltr\" style=\"line-height: 1.8; margin-top: 0pt; margin-bottom: 0pt;\"><span style=\"font-size: 12pt; font-family: 'Open Sans', sans-serif; background-color: #ffffff; font-variant-numeric: normal; font-variant-east-asian: normal; white-space: pre-wrap;\"><br><\/span><\/p>\n<p dir=\"ltr\" style=\"line-height: 1.8; margin-top: 0pt; margin-bottom: 0pt;\"><span style=\"font-size: 12pt; letter-spacing: 0px; font-family: 'Open Sans', sans-serif; white-space: pre-wrap;\">En la actualidad, la peluquer\u00eda ha creado una infinidad de <\/span><b style=\"font-size: 12pt; letter-spacing: 0px; font-family: 'Open Sans', sans-serif; white-space: pre-wrap;\">nuevos puestos de trabajo <\/b><span style=\"font-size: 12pt; letter-spacing: 0px; font-family: 'Open Sans', sans-serif; white-space: pre-wrap;\">que van desde la figura del estilista en peluquer\u00eda para <\/span><a style=\"font-size: 12pt; letter-spacing: 0px; font-family: 'Open Sans', sans-serif; white-space: pre-wrap;\" href=\"https:\/\/joseppons.com\/formacion\/las-alumnas-del-grado-superior-asesoria-imagen-asisten-080-barcelona-fashion\/\">pasarelas de moda<\/a><span style=\"font-size: 12pt; letter-spacing: 0px; font-family: 'Open Sans', sans-serif; white-space: pre-wrap;\"> hasta la del t\u00e9cnico especialista en cl\u00ednicas capilares.<\/span><\/p>\n<p dir=\"ltr\" style=\"line-height: 1.8; margin-top: 0pt; margin-bottom: 0pt;\"><span style=\"font-size: 12pt; letter-spacing: 0px; font-family: 'Open Sans', sans-serif; white-space: pre-wrap;\"><br><\/span><\/p><p dir=\"ltr\" style=\"line-height: 1.8; margin-top: 0pt; margin-bottom: 0pt;\"><span style=\"font-size: 12pt; letter-spacing: 0px; font-family: 'Open Sans', sans-serif; white-space: pre-wrap;\">Y es que si en algo destaca la peluquer\u00eda es por su constante e incansable crecimiento. Se trata de una profesi\u00f3n que <\/span><b style=\"font-size: 12pt; letter-spacing: 0px; font-family: 'Open Sans', sans-serif; white-space: pre-wrap;\">huye de lo preestablecido y que evoluciona<\/b><span style=\"font-size: 12pt; letter-spacing: 0px; font-family: 'Open Sans', sans-serif; white-space: pre-wrap;\"> en cuanto a tendencias, t\u00e9cnicas, cortes, coloraciones, tratamientos, cosm\u00e9tica, productos,&#8230;<\/span><\/p><p dir=\"ltr\" style=\"line-height: 1.8; margin-top: 0pt; margin-bottom: 0pt;\"><span style=\"font-size: 12pt; letter-spacing: 0px; font-family: 'Open Sans', sans-serif; white-space: pre-wrap;\"><br><\/span><\/p>\n<p dir=\"ltr\" style=\"line-height: 1.8; margin-top: 0pt; margin-bottom: 0pt;\"><span style=\"font-size: 12pt; letter-spacing: 0px; font-family: 'Open Sans', sans-serif; white-space: pre-wrap;\">\u00bfQu\u00e9 significa esto? Pues que siempre ser\u00e1n necesarias las <\/span><b style=\"font-size: 12pt; letter-spacing: 0px; font-family: 'Open Sans', sans-serif; white-space: pre-wrap;\">habilidades y conocimientos de este profesional<\/b><span style=\"font-size: 12pt; letter-spacing: 0px; font-family: 'Open Sans', sans-serif; white-space: pre-wrap;\"> para poder trasladar cada novedad a las portadas de las mejores revistas, a los desfiles de moda m\u00e1s emblem\u00e1ticos, a los laboratorios de investigaci\u00f3n, a las firmas de cosm\u00e9tica y productos profesionales, a las cl\u00ednicas de cuidado capilar y, por supuesto, a nuestros salones de confianza.&nbsp;<\/span><\/p>\t\t\t\t\t\t\t\t<\/div>\n\t\t\t\t<\/div>\n\t\t\t\t\t<\/div>\n\t\t<\/div>\n\t\t\t\t\t<\/div>\n\t\t<\/section>\n\t\t\t\t<section class=\"elementor-section elementor-top-section elementor-element elementor-element-6d6961e elementor-section-boxed elementor-section-height-default elementor-section-height-default\" data-id=\"6d6961e\" data-element_type=\"section\">\n\t\t\t\t\t\t<div class=\"elementor-container elementor-column-gap-default\">\n\t\t\t\t\t<div class=\"elementor-column elementor-col-100 elementor-top-column elementor-element elementor-element-9b20587\" data-id=\"9b20587\" data-element_type=\"column\">\n\t\t\t<div class=\"elementor-widget-wrap elementor-element-populated\">\n\t\t\t\t\t\t<div class=\"elementor-element elementor-element-a6cc52a elementor-widget elementor-widget-heading\" data-id=\"a6cc52a\" data-element_type=\"widget\" data-widget_type=\"heading.default\">\n\t\t\t\t<div class=\"elementor-widget-container\">\n\t\t\t\t\t<h2 class=\"elementor-heading-title elementor-size-default\">Estudiar peluquer\u00eda: \u00bfcu\u00e1les son sus salidas profesionales?<\/h2>\t\t\t\t<\/div>\n\t\t\t\t<\/div>\n\t\t\t\t\t<\/div>\n\t\t<\/div>\n\t\t\t\t\t<\/div>\n\t\t<\/section>\n\t\t\t\t<section class=\"elementor-section elementor-top-section elementor-element elementor-element-d05b0f8 elementor-section-boxed elementor-section-height-default elementor-section-height-default\" data-id=\"d05b0f8\" data-element_type=\"section\">\n\t\t\t\t\t\t<div class=\"elementor-container elementor-column-gap-default\">\n\t\t\t\t\t<div class=\"elementor-column elementor-col-100 elementor-top-column elementor-element elementor-element-a29f2a9\" data-id=\"a29f2a9\" data-element_type=\"column\">\n\t\t\t<div class=\"elementor-widget-wrap elementor-element-populated\">\n\t\t\t\t\t\t<div class=\"elementor-element elementor-element-b0846b8 elementor-widget elementor-widget-heading\" data-id=\"b0846b8\" data-element_type=\"widget\" data-widget_type=\"heading.default\">\n\t\t\t\t<div class=\"elementor-widget-container\">\n\t\t\t\t\t<h3 class=\"elementor-heading-title elementor-size-default\">\u25cf\tTrabajar como estilista o abrir tu propio sal\u00f3n de peluquer\u00eda<\/h3>\t\t\t\t<\/div>\n\t\t\t\t<\/div>\n\t\t\t\t\t<\/div>\n\t\t<\/div>\n\t\t\t\t\t<\/div>\n\t\t<\/section>\n\t\t\t\t<section class=\"elementor-section elementor-top-section elementor-element elementor-element-da37558 elementor-section-boxed elementor-section-height-default elementor-section-height-default\" data-id=\"da37558\" data-element_type=\"section\">\n\t\t\t\t\t\t<div class=\"elementor-container elementor-column-gap-default\">\n\t\t\t\t\t<div class=\"elementor-column elementor-col-100 elementor-top-column elementor-element elementor-element-32786bb\" data-id=\"32786bb\" data-element_type=\"column\">\n\t\t\t<div class=\"elementor-widget-wrap elementor-element-populated\">\n\t\t\t\t\t\t<div class=\"elementor-element elementor-element-4d26cd4 elementor-widget elementor-widget-text-editor\" data-id=\"4d26cd4\" data-element_type=\"widget\" data-widget_type=\"text-editor.default\">\n\t\t\t\t<div class=\"elementor-widget-container\">\n\t\t\t\t\t\t\t\t\t<p>Seguramente es la principal <strong>salida profesional<\/strong> que nos viene a la mente cuando pensamos en estudiar, por ejemplo, un <a href=\"https:\/\/joseppons.com\/formacion\/ciclo-formativo-grado-medio-peluqueria\/\">Grado Medio de Peluquer\u00eda<\/a> (el primer paso para formarse en la profesi\u00f3n).<\/p><p>Como bien dice su nombre, un peluquero puede dirigir o trabajar en un sal\u00f3n de peluquer\u00eda sacando el m\u00e1ximo partido a la imagen de sus clientes a partir del cabello.<\/p><p>\u00bfC\u00f3mo lo hace? Detectando qu\u00e9 tipo de corte de pelo y color les favorece m\u00e1s bajo el concepto de asesor\u00eda de imagen, y realizando el cambio de estilo pertinente.<\/p><p>Para conseguir una trayectoria de \u00e9xito, es muy importante que renueve constantemente sus conocimientos en <strong>colorimetr\u00eda, t\u00e9cnicas de corte, tratamientos capilares y peinados<\/strong> con cursos de especializaci\u00f3n para profesionales en activo.<\/p><p>El amplio conocimiento de diferentes t\u00e9cnicas y tratamientos de peluquer\u00eda, asesor\u00eda de imagen y est\u00e9tica hace que el peluquero se enriquezca de conocimientos y pueda aportar diferentes servicios y sugerencias a sus clientes.<\/p>\t\t\t\t\t\t\t\t<\/div>\n\t\t\t\t<\/div>\n\t\t\t\t\t<\/div>\n\t\t<\/div>\n\t\t\t\t\t<\/div>\n\t\t<\/section>\n\t\t\t\t<section class=\"elementor-section elementor-top-section elementor-element elementor-element-c40229c elementor-section-boxed elementor-section-height-default elementor-section-height-default\" data-id=\"c40229c\" data-element_type=\"section\">\n\t\t\t\t\t\t<div class=\"elementor-container elementor-column-gap-default\">\n\t\t\t\t\t<div class=\"elementor-column elementor-col-100 elementor-top-column elementor-element elementor-element-04dcbb5\" data-id=\"04dcbb5\" data-element_type=\"column\">\n\t\t\t<div class=\"elementor-widget-wrap elementor-element-populated\">\n\t\t\t\t\t\t<div class=\"elementor-element elementor-element-d6d6882 elementor-widget elementor-widget-image\" data-id=\"d6d6882\" data-element_type=\"widget\" data-widget_type=\"image.default\">\n\t\t\t\t<div class=\"elementor-widget-container\">\n\t\t\t\t\t\t\t\t\t\t\t\t\t\t\t<img fetchpriority=\"high\" decoding=\"async\" width=\"1359\" height=\"891\" src=\"https:\/\/joseppons.com\/formacion\/wp-content\/uploads\/2020\/03\/Salon-de-peluqueria.jpg\" class=\"attachment-large size-large wp-image-3258\" alt=\"Salon de peluqueria\" srcset=\"https:\/\/joseppons.com\/formacion\/wp-content\/uploads\/2020\/03\/Salon-de-peluqueria.jpg 1359w, https:\/\/joseppons.com\/formacion\/wp-content\/uploads\/2020\/03\/Salon-de-peluqueria-768x504.jpg 768w\" sizes=\"(max-width: 1359px) 100vw, 1359px\" \/>\t\t\t\t\t\t\t\t\t\t\t\t\t\t\t<\/div>\n\t\t\t\t<\/div>\n\t\t\t\t\t<\/div>\n\t\t<\/div>\n\t\t\t\t\t<\/div>\n\t\t<\/section>\n\t\t\t\t<section class=\"elementor-section elementor-top-section elementor-element elementor-element-ad86736 elementor-section-boxed elementor-section-height-default elementor-section-height-default\" data-id=\"ad86736\" data-element_type=\"section\">\n\t\t\t\t\t\t<div class=\"elementor-container elementor-column-gap-default\">\n\t\t\t\t\t<div class=\"elementor-column elementor-col-100 elementor-top-column elementor-element elementor-element-3e46576\" data-id=\"3e46576\" data-element_type=\"column\">\n\t\t\t<div class=\"elementor-widget-wrap elementor-element-populated\">\n\t\t\t\t\t\t<div class=\"elementor-element elementor-element-e88630f elementor-widget elementor-widget-heading\" data-id=\"e88630f\" data-element_type=\"widget\" data-widget_type=\"heading.default\">\n\t\t\t\t<div class=\"elementor-widget-container\">\n\t\t\t\t\t<h3 class=\"elementor-heading-title elementor-size-default\">\u25cf\tTrabajar como barbero o abrir tu propio barber shop<\/h3>\t\t\t\t<\/div>\n\t\t\t\t<\/div>\n\t\t\t\t\t<\/div>\n\t\t<\/div>\n\t\t\t\t\t<\/div>\n\t\t<\/section>\n\t\t\t\t<section class=\"elementor-section elementor-top-section elementor-element elementor-element-6c95bc3 elementor-section-boxed elementor-section-height-default elementor-section-height-default\" data-id=\"6c95bc3\" data-element_type=\"section\">\n\t\t\t\t\t\t<div class=\"elementor-container elementor-column-gap-default\">\n\t\t\t\t\t<div class=\"elementor-column elementor-col-100 elementor-top-column elementor-element elementor-element-0bef4b8\" data-id=\"0bef4b8\" data-element_type=\"column\">\n\t\t\t<div class=\"elementor-widget-wrap elementor-element-populated\">\n\t\t\t\t\t\t<div class=\"elementor-element elementor-element-3c3932b elementor-widget elementor-widget-text-editor\" data-id=\"3c3932b\" data-element_type=\"widget\" data-widget_type=\"text-editor.default\">\n\t\t\t\t<div class=\"elementor-widget-container\">\n\t\t\t\t\t\t\t\t\t<p>Una de las salidas profesionales m\u00e1s exitosas &#8211; y a la que m\u00e1s estudiantes de peluquer\u00eda aspiran &#8211; es la de dedicarse al mundo de la barber\u00eda.<\/p><p>Es por eso que despu\u00e9s de finalizar la formaci\u00f3n de <strong>Grado Medio en Peluquer\u00eda<\/strong> muchos de ellos optan por especializarse en <a href=\"https:\/\/joseppons.com\/formacion\/barberia\/\">barber shop<\/a>.<\/p><p>Y es que no nos podemos enga\u00f1ar.<\/p><p>La barber\u00eda ha resucitado y se ha convertido en un <strong>negocio muy rentable y prestigioso<\/strong>. Futbolistas, actores, modelos,&#8230; cada vez son m\u00e1s las caras conocidas que comparten en sus redes sociales el v\u00ednculo que establecen con sus barberos de confianza.<\/p><p>El barbero actual capta las necesidades de sus clientes y ofrece un servicio totalmente personalizado rompiendo esquemas y presentando estilismos s\u00faper creativos, siempre acorde con lo que buscan los hombres que se ponen en sus manos.<\/p><p>Sin embargo, abrir un <em>barbershop<\/em> no es tarea f\u00e1cil.\u00a0<span style=\"font-size: 1em; letter-spacing: 0px;\">Hace falta una amplia y s\u00f3lida <\/span><strong style=\"font-size: 1em; letter-spacing: 0px;\">formaci\u00f3n en peluquer\u00eda para hombre,<\/strong><span style=\"font-size: 1em; letter-spacing: 0px;\"> en cuidados y tratamientos masculinos, y en marketing y empresa.<\/span><\/p>\t\t\t\t\t\t\t\t<\/div>\n\t\t\t\t<\/div>\n\t\t\t\t\t<\/div>\n\t\t<\/div>\n\t\t\t\t\t<\/div>\n\t\t<\/section>\n\t\t\t\t<section class=\"elementor-section elementor-top-section elementor-element elementor-element-7e0891f elementor-section-boxed elementor-section-height-default elementor-section-height-default\" data-id=\"7e0891f\" data-element_type=\"section\">\n\t\t\t\t\t\t<div class=\"elementor-container elementor-column-gap-default\">\n\t\t\t\t\t<div class=\"elementor-column elementor-col-100 elementor-top-column elementor-element elementor-element-732f797\" data-id=\"732f797\" data-element_type=\"column\">\n\t\t\t<div class=\"elementor-widget-wrap elementor-element-populated\">\n\t\t\t\t\t\t<div class=\"elementor-element elementor-element-73685af elementor-widget elementor-widget-image\" data-id=\"73685af\" data-element_type=\"widget\" data-widget_type=\"image.default\">\n\t\t\t\t<div class=\"elementor-widget-container\">\n\t\t\t\t\t\t\t\t\t\t\t\t\t\t\t<img decoding=\"async\" width=\"1624\" height=\"1096\" src=\"https:\/\/joseppons.com\/formacion\/wp-content\/uploads\/2020\/03\/Trabajar-como-barbero.jpg\" class=\"attachment-large size-large wp-image-3251\" alt=\"Trabajar como barbero\" srcset=\"https:\/\/joseppons.com\/formacion\/wp-content\/uploads\/2020\/03\/Trabajar-como-barbero.jpg 1624w, https:\/\/joseppons.com\/formacion\/wp-content\/uploads\/2020\/03\/Trabajar-como-barbero-768x518.jpg 768w, https:\/\/joseppons.com\/formacion\/wp-content\/uploads\/2020\/03\/Trabajar-como-barbero-1536x1037.jpg 1536w\" sizes=\"(max-width: 1624px) 100vw, 1624px\" \/>\t\t\t\t\t\t\t\t\t\t\t\t\t\t\t<\/div>\n\t\t\t\t<\/div>\n\t\t\t\t\t<\/div>\n\t\t<\/div>\n\t\t\t\t\t<\/div>\n\t\t<\/section>\n\t\t\t\t<section class=\"elementor-section elementor-top-section elementor-element elementor-element-48bb8e4 elementor-section-boxed elementor-section-height-default elementor-section-height-default\" data-id=\"48bb8e4\" data-element_type=\"section\">\n\t\t\t\t\t\t<div class=\"elementor-container elementor-column-gap-default\">\n\t\t\t\t\t<div class=\"elementor-column elementor-col-100 elementor-top-column elementor-element elementor-element-a1d2783\" data-id=\"a1d2783\" data-element_type=\"column\">\n\t\t\t<div class=\"elementor-widget-wrap elementor-element-populated\">\n\t\t\t\t\t\t<div class=\"elementor-element elementor-element-4223255 elementor-widget elementor-widget-heading\" data-id=\"4223255\" data-element_type=\"widget\" data-widget_type=\"heading.default\">\n\t\t\t\t<div class=\"elementor-widget-container\">\n\t\t\t\t\t<h3 class=\"elementor-heading-title elementor-size-default\">\u25cf\tEstilista en peluquer\u00eda para pasarelas de moda<\/h3>\t\t\t\t<\/div>\n\t\t\t\t<\/div>\n\t\t\t\t\t<\/div>\n\t\t<\/div>\n\t\t\t\t\t<\/div>\n\t\t<\/section>\n\t\t\t\t<section class=\"elementor-section elementor-top-section elementor-element elementor-element-02aa391 elementor-section-boxed elementor-section-height-default elementor-section-height-default\" data-id=\"02aa391\" data-element_type=\"section\">\n\t\t\t\t\t\t<div class=\"elementor-container elementor-column-gap-default\">\n\t\t\t\t\t<div class=\"elementor-column elementor-col-100 elementor-top-column elementor-element elementor-element-2122861\" data-id=\"2122861\" data-element_type=\"column\">\n\t\t\t<div class=\"elementor-widget-wrap elementor-element-populated\">\n\t\t\t\t\t\t<div class=\"elementor-element elementor-element-0a5a9e5 elementor-widget elementor-widget-text-editor\" data-id=\"0a5a9e5\" data-element_type=\"widget\" data-widget_type=\"text-editor.default\">\n\t\t\t\t<div class=\"elementor-widget-container\">\n\t\t\t\t\t\t\t\t\t<p>\u00bfAlguna vez te has preguntado por qu\u00e9 profesionales est\u00e1 compuesto el equipo <em>beauty<\/em> de una pasarela de moda? Normalmente lo forman tres \u00e1reas principales: <strong>peluquer\u00eda, maquillaje y manicura.<\/strong><\/p><p>Tres equipos diferentes que trabajan de manera coordinada para aportar un valor a\u00f1adido a las propuestas de vestuario que se lucen durante los desfiles.<\/p><p>El <a href=\"https:\/\/joseppons.com\/formacion\/josep-pons-peluqueria-oficial-miss-world-catalunya\/\">equipo de peluqueros<\/a> se encarga de peinar (varias veces al d\u00eda) a las modelos para que est\u00e9n listas para los desfiles.<\/p><p>El proceso para decidir los peinados empieza una o dos semanas antes de la pasarela de moda y consiste en reunirse con los dise\u00f1adores y los directores de <em>backstage <\/em>para conocer la idea que tienen y trabajar conjuntamente para crear el peinado que desean.<\/p><p>Una vez se han definido los diferentes estilismos, se crea un <em>book <\/em>en el que se recoge el paso a paso de <strong>cada peinado para que los peluqueros<\/strong> sepan c\u00f3mo peinar a cada modelo antes del desfile.<\/p>\t\t\t\t\t\t\t\t<\/div>\n\t\t\t\t<\/div>\n\t\t\t\t\t<\/div>\n\t\t<\/div>\n\t\t\t\t\t<\/div>\n\t\t<\/section>\n\t\t\t\t<section class=\"elementor-section elementor-top-section elementor-element elementor-element-42623e5 elementor-section-boxed elementor-section-height-default elementor-section-height-default\" data-id=\"42623e5\" data-element_type=\"section\">\n\t\t\t\t\t\t<div class=\"elementor-container elementor-column-gap-default\">\n\t\t\t\t\t<div class=\"elementor-column elementor-col-100 elementor-top-column elementor-element elementor-element-9d9e9cd\" data-id=\"9d9e9cd\" data-element_type=\"column\">\n\t\t\t<div class=\"elementor-widget-wrap elementor-element-populated\">\n\t\t\t\t\t\t<div class=\"elementor-element elementor-element-43aab23 elementor-widget elementor-widget-image\" data-id=\"43aab23\" data-element_type=\"widget\" data-widget_type=\"image.default\">\n\t\t\t\t<div class=\"elementor-widget-container\">\n\t\t\t\t\t\t\t\t\t\t\t\t\t\t\t<img decoding=\"async\" width=\"2836\" height=\"3840\" src=\"https:\/\/joseppons.com\/formacion\/wp-content\/uploads\/2020\/03\/Backstage-peluqueri\u0301a-e1583421118637.jpg\" class=\"attachment-large size-large wp-image-3250\" alt=\"Backstage peluqueri\u0301a\" \/>\t\t\t\t\t\t\t\t\t\t\t\t\t\t\t<\/div>\n\t\t\t\t<\/div>\n\t\t\t\t\t<\/div>\n\t\t<\/div>\n\t\t\t\t\t<\/div>\n\t\t<\/section>\n\t\t\t\t<section class=\"elementor-section elementor-top-section elementor-element elementor-element-231bbbe elementor-section-boxed elementor-section-height-default elementor-section-height-default\" data-id=\"231bbbe\" data-element_type=\"section\">\n\t\t\t\t\t\t<div class=\"elementor-container elementor-column-gap-default\">\n\t\t\t\t\t<div class=\"elementor-column elementor-col-100 elementor-top-column elementor-element elementor-element-a627652\" data-id=\"a627652\" data-element_type=\"column\">\n\t\t\t<div class=\"elementor-widget-wrap elementor-element-populated\">\n\t\t\t\t\t\t<div class=\"elementor-element elementor-element-a989b85 elementor-widget elementor-widget-heading\" data-id=\"a989b85\" data-element_type=\"widget\" data-widget_type=\"heading.default\">\n\t\t\t\t<div class=\"elementor-widget-container\">\n\t\t\t\t\t<h3 class=\"elementor-heading-title elementor-size-default\">\u25cf\tPeluquer\u00eda profesional en televisi\u00f3n y producciones fotogr\u00e1ficas<\/h3>\t\t\t\t<\/div>\n\t\t\t\t<\/div>\n\t\t\t\t\t<\/div>\n\t\t<\/div>\n\t\t\t\t\t<\/div>\n\t\t<\/section>\n\t\t\t\t<section class=\"elementor-section elementor-top-section elementor-element elementor-element-ad0cb30 elementor-section-boxed elementor-section-height-default elementor-section-height-default\" data-id=\"ad0cb30\" data-element_type=\"section\">\n\t\t\t\t\t\t<div class=\"elementor-container elementor-column-gap-default\">\n\t\t\t\t\t<div class=\"elementor-column elementor-col-100 elementor-top-column elementor-element elementor-element-3f238b2\" data-id=\"3f238b2\" data-element_type=\"column\">\n\t\t\t<div class=\"elementor-widget-wrap elementor-element-populated\">\n\t\t\t\t\t\t<div class=\"elementor-element elementor-element-9aeb041 elementor-widget elementor-widget-text-editor\" data-id=\"9aeb041\" data-element_type=\"widget\" data-widget_type=\"text-editor.default\">\n\t\t\t\t<div class=\"elementor-widget-container\">\n\t\t\t\t\t\t\t\t\t<p>De la misma manera que el maquillaje se vuelve un factor imprescindible en cualquier <strong>medio de comunicaci\u00f3n o producci\u00f3n fotogr\u00e1fica<\/strong>, la peluquer\u00eda tambi\u00e9n se convierte en un departamento obligatorio.<\/p>\n<p>Y es que gran parte de la magia de la televisi\u00f3n o las sesiones de fotos pasa por las manos del profesional de peluquer\u00eda.<\/p>\n<p>En los medios de comunicaci\u00f3n, por ejemplo, cada presentador, invitado y colaborador se somete al <a href=\"https:\/\/joseppons.com\/formacion\/grado-medio-de-estetica-y-belleza\/\">proceso de maquillaje<\/a> y peluquer\u00eda, un trabajo esencial que a<em> priori<\/em> pasa desapercibido pero que si no estuviera se echar\u00eda mucho en falta.<\/p>\n<p>\u00a1Y lo mismo pasa con las sesiones fotogr\u00e1ficas!<\/p>\n<p>Detr\u00e1s de tanta c\u00e1mara y foco encontramos el trabajo de este profesional que se encarga de peinar a las modelos, artistas y <em>celebrities<\/em> que posan en las grandes portadas de revistas o en los m\u00e1s importantes cat\u00e1logos de moda.<\/p>\n<p>El \u00e1rea de peluquer\u00eda de cualquier producci\u00f3n audiovisual es esencial tanto a nivel personal como corporativo, ya que un buen peinado aporta mayor seguridad al protagonista y permite transmitir una <strong>imagen mucho m\u00e1s cuidada<\/strong>.<\/p>\t\t\t\t\t\t\t\t<\/div>\n\t\t\t\t<\/div>\n\t\t\t\t\t<\/div>\n\t\t<\/div>\n\t\t\t\t\t<\/div>\n\t\t<\/section>\n\t\t\t\t<section class=\"elementor-section elementor-top-section elementor-element elementor-element-862e476 elementor-section-boxed elementor-section-height-default elementor-section-height-default\" data-id=\"862e476\" data-element_type=\"section\">\n\t\t\t\t\t\t<div class=\"elementor-container elementor-column-gap-default\">\n\t\t\t\t\t<div class=\"elementor-column elementor-col-100 elementor-top-column elementor-element elementor-element-5ed4a08\" data-id=\"5ed4a08\" data-element_type=\"column\">\n\t\t\t<div class=\"elementor-widget-wrap elementor-element-populated\">\n\t\t\t\t\t\t<div class=\"elementor-element elementor-element-3d7f13c elementor-widget elementor-widget-image\" data-id=\"3d7f13c\" data-element_type=\"widget\" data-widget_type=\"image.default\">\n\t\t\t\t<div class=\"elementor-widget-container\">\n\t\t\t\t\t\t\t\t\t\t\t\t\t\t\t<img loading=\"lazy\" decoding=\"async\" width=\"2462\" height=\"3077\" src=\"https:\/\/joseppons.com\/formacion\/wp-content\/uploads\/2020\/03\/Producciones-revistas.jpg\" class=\"attachment-large size-large wp-image-3249\" alt=\"Producciones revistas\" srcset=\"https:\/\/joseppons.com\/formacion\/wp-content\/uploads\/2020\/03\/Producciones-revistas.jpg 2462w, https:\/\/joseppons.com\/formacion\/wp-content\/uploads\/2020\/03\/Producciones-revistas-768x960.jpg 768w, https:\/\/joseppons.com\/formacion\/wp-content\/uploads\/2020\/03\/Producciones-revistas-1229x1536.jpg 1229w, https:\/\/joseppons.com\/formacion\/wp-content\/uploads\/2020\/03\/Producciones-revistas-1639x2048.jpg 1639w\" sizes=\"(max-width: 2462px) 100vw, 2462px\" \/>\t\t\t\t\t\t\t\t\t\t\t\t\t\t\t<\/div>\n\t\t\t\t<\/div>\n\t\t\t\t\t<\/div>\n\t\t<\/div>\n\t\t\t\t\t<\/div>\n\t\t<\/section>\n\t\t\t\t<section class=\"elementor-section elementor-top-section elementor-element elementor-element-f8b57a7 elementor-section-boxed elementor-section-height-default elementor-section-height-default\" data-id=\"f8b57a7\" data-element_type=\"section\">\n\t\t\t\t\t\t<div class=\"elementor-container elementor-column-gap-default\">\n\t\t\t\t\t<div class=\"elementor-column elementor-col-100 elementor-top-column elementor-element elementor-element-bba4baf\" data-id=\"bba4baf\" data-element_type=\"column\">\n\t\t\t<div class=\"elementor-widget-wrap elementor-element-populated\">\n\t\t\t\t\t\t<div class=\"elementor-element elementor-element-85e5dd8 elementor-widget elementor-widget-heading\" data-id=\"85e5dd8\" data-element_type=\"widget\" data-widget_type=\"heading.default\">\n\t\t\t\t<div class=\"elementor-widget-container\">\n\t\t\t\t\t<h3 class=\"elementor-heading-title elementor-size-default\">\u25cf\tEspecialista en cl\u00ednicas capilares<\/h3>\t\t\t\t<\/div>\n\t\t\t\t<\/div>\n\t\t\t\t\t<\/div>\n\t\t<\/div>\n\t\t\t\t\t<\/div>\n\t\t<\/section>\n\t\t\t\t<section class=\"elementor-section elementor-top-section elementor-element elementor-element-586ba67 elementor-section-boxed elementor-section-height-default elementor-section-height-default\" data-id=\"586ba67\" data-element_type=\"section\">\n\t\t\t\t\t\t<div class=\"elementor-container elementor-column-gap-default\">\n\t\t\t\t\t<div class=\"elementor-column elementor-col-100 elementor-top-column elementor-element elementor-element-32d63c9\" data-id=\"32d63c9\" data-element_type=\"column\">\n\t\t\t<div class=\"elementor-widget-wrap elementor-element-populated\">\n\t\t\t\t\t\t<div class=\"elementor-element elementor-element-a217f19 elementor-widget elementor-widget-text-editor\" data-id=\"a217f19\" data-element_type=\"widget\" data-widget_type=\"text-editor.default\">\n\t\t\t\t<div class=\"elementor-widget-container\">\n\t\t\t\t\t\t\t\t\t<p>Las cl\u00ednicas capilares son uno destino cada vez m\u00e1s frecuente para muchos <strong>profesionales del sector de la peluquer\u00eda<\/strong>.<\/p><p>En los centros de cuidado, el peluquero &#8211; que tiene conocimientos en cosm\u00e9tica capilar &#8211; es el encargado de detectar, analizar y tratar las anomal\u00edas y enfermedades del cuero cabelludo para garantizar una buena salud capilar.<\/p><p>No obstante, su trayectoria en cl\u00ednicas no acaba aqu\u00ed.<\/p><p>Debido a la gran inquietud y demanda de muchos hombres para someterse a un <a href=\"https:\/\/joseppons.com\/formacion\/josep-pons-claves-para-cuidar-el-cabello\/\">trasplante de cabello<\/a>, una de las salidas profesionales con m\u00e1s \u00e9xito es la del <strong>especialista en peluquer\u00eda cl\u00ednica<\/strong>.<\/p><p>Este profesional &#8211; que necesita una formaci\u00f3n previa en peluquer\u00eda y una posterior especializaci\u00f3n en cirug\u00eda capilar &#8211; trabaja con un <strong>equipo de m\u00e9dicos y cirujanos<\/strong> para dar soluci\u00f3n a la falta de cabello de sus clientes.<\/p>\t\t\t\t\t\t\t\t<\/div>\n\t\t\t\t<\/div>\n\t\t\t\t\t<\/div>\n\t\t<\/div>\n\t\t\t\t\t<\/div>\n\t\t<\/section>\n\t\t\t\t<section class=\"elementor-section elementor-top-section elementor-element elementor-element-b499528 elementor-section-boxed elementor-section-height-default elementor-section-height-default\" data-id=\"b499528\" data-element_type=\"section\">\n\t\t\t\t\t\t<div class=\"elementor-container elementor-column-gap-default\">\n\t\t\t\t\t<div class=\"elementor-column elementor-col-100 elementor-top-column elementor-element elementor-element-e80d38f\" data-id=\"e80d38f\" data-element_type=\"column\">\n\t\t\t<div class=\"elementor-widget-wrap elementor-element-populated\">\n\t\t\t\t\t\t<div class=\"elementor-element elementor-element-44b4543 elementor-widget elementor-widget-image\" data-id=\"44b4543\" data-element_type=\"widget\" data-widget_type=\"image.default\">\n\t\t\t\t<div class=\"elementor-widget-container\">\n\t\t\t\t\t\t\t\t\t\t\t\t\t\t\t<img loading=\"lazy\" decoding=\"async\" width=\"1404\" height=\"936\" src=\"https:\/\/joseppons.com\/formacion\/wp-content\/uploads\/2020\/03\/Clinicas-capilares.jpg\" class=\"attachment-large size-large wp-image-3254\" alt=\"Clinicas capilares\" srcset=\"https:\/\/joseppons.com\/formacion\/wp-content\/uploads\/2020\/03\/Clinicas-capilares.jpg 1404w, https:\/\/joseppons.com\/formacion\/wp-content\/uploads\/2020\/03\/Clinicas-capilares-768x512.jpg 768w\" sizes=\"(max-width: 1404px) 100vw, 1404px\" \/>\t\t\t\t\t\t\t\t\t\t\t\t\t\t\t<\/div>\n\t\t\t\t<\/div>\n\t\t\t\t\t<\/div>\n\t\t<\/div>\n\t\t\t\t\t<\/div>\n\t\t<\/section>\n\t\t\t\t<section class=\"elementor-section elementor-top-section elementor-element elementor-element-2e8355e elementor-section-boxed elementor-section-height-default elementor-section-height-default\" data-id=\"2e8355e\" data-element_type=\"section\">\n\t\t\t\t\t\t<div class=\"elementor-container elementor-column-gap-default\">\n\t\t\t\t\t<div class=\"elementor-column elementor-col-100 elementor-top-column elementor-element elementor-element-0818399\" data-id=\"0818399\" data-element_type=\"column\">\n\t\t\t<div class=\"elementor-widget-wrap elementor-element-populated\">\n\t\t\t\t\t\t<div class=\"elementor-element elementor-element-05f8544 elementor-widget elementor-widget-heading\" data-id=\"05f8544\" data-element_type=\"widget\" data-widget_type=\"heading.default\">\n\t\t\t\t<div class=\"elementor-widget-container\">\n\t\t\t\t\t<h3 class=\"elementor-heading-title elementor-size-default\">\u25cf\tFormador de equipos, cosm\u00e9ticos y t\u00e9cnicas de peluquer\u00eda<\/h3>\t\t\t\t<\/div>\n\t\t\t\t<\/div>\n\t\t\t\t\t<\/div>\n\t\t<\/div>\n\t\t\t\t\t<\/div>\n\t\t<\/section>\n\t\t\t\t<section class=\"elementor-section elementor-top-section elementor-element elementor-element-4ab3d78 elementor-section-boxed elementor-section-height-default elementor-section-height-default\" data-id=\"4ab3d78\" data-element_type=\"section\">\n\t\t\t\t\t\t<div class=\"elementor-container elementor-column-gap-default\">\n\t\t\t\t\t<div class=\"elementor-column elementor-col-100 elementor-top-column elementor-element elementor-element-1a52ee1\" data-id=\"1a52ee1\" data-element_type=\"column\">\n\t\t\t<div class=\"elementor-widget-wrap elementor-element-populated\">\n\t\t\t\t\t\t<div class=\"elementor-element elementor-element-ce25073 elementor-widget elementor-widget-text-editor\" data-id=\"ce25073\" data-element_type=\"widget\" data-widget_type=\"text-editor.default\">\n\t\t\t\t<div class=\"elementor-widget-container\">\n\t\t\t\t\t\t\t\t\t<p>Se trata de un <strong>perfil cada vez m\u00e1s necesario<\/strong> en firmas y empresas multinacionales del sector de la cosm\u00e9tica y la electr\u00f3nica capilar.<\/p>\n<p>El formador de equipos suele ser un peluquero con conocimientos en marketing y con dotes de agente comercial.<\/p>\n<p>Principalmente se encarga de presentar y ense\u00f1ar a utilizar las novedades del sector a profesionales en activo que quieren incorporar los \u00faltimos lanzamientos de las firmas de productos a sus respectivas empresas y <a href=\"https:\/\/joseppons.com\/formacion\/claves-para-abrir-salon-peluqueria\/\">salones de peluquer\u00eda<\/a>.<\/p>\t\t\t\t\t\t\t\t<\/div>\n\t\t\t\t<\/div>\n\t\t\t\t\t<\/div>\n\t\t<\/div>\n\t\t\t\t\t<\/div>\n\t\t<\/section>\n\t\t\t\t<section class=\"elementor-section elementor-top-section elementor-element elementor-element-63fa5cf elementor-section-boxed elementor-section-height-default elementor-section-height-default\" data-id=\"63fa5cf\" data-element_type=\"section\">\n\t\t\t\t\t\t<div class=\"elementor-container elementor-column-gap-default\">\n\t\t\t\t\t<div class=\"elementor-column elementor-col-100 elementor-top-column elementor-element elementor-element-f6d2f1e\" data-id=\"f6d2f1e\" data-element_type=\"column\">\n\t\t\t<div class=\"elementor-widget-wrap elementor-element-populated\">\n\t\t\t\t\t\t<div class=\"elementor-element elementor-element-78d79fd elementor-widget elementor-widget-image\" data-id=\"78d79fd\" data-element_type=\"widget\" data-widget_type=\"image.default\">\n\t\t\t\t<div class=\"elementor-widget-container\">\n\t\t\t\t\t\t\t\t\t\t\t\t\t\t\t<img loading=\"lazy\" decoding=\"async\" width=\"1306\" height=\"750\" src=\"https:\/\/joseppons.com\/formacion\/wp-content\/uploads\/2020\/03\/Formador-de-productos.jpg\" class=\"attachment-large size-large wp-image-3255\" alt=\"Formador de productos\" srcset=\"https:\/\/joseppons.com\/formacion\/wp-content\/uploads\/2020\/03\/Formador-de-productos.jpg 1306w, https:\/\/joseppons.com\/formacion\/wp-content\/uploads\/2020\/03\/Formador-de-productos-768x441.jpg 768w\" sizes=\"(max-width: 1306px) 100vw, 1306px\" \/>\t\t\t\t\t\t\t\t\t\t\t\t\t\t\t<\/div>\n\t\t\t\t<\/div>\n\t\t\t\t\t<\/div>\n\t\t<\/div>\n\t\t\t\t\t<\/div>\n\t\t<\/section>\n\t\t\t\t<section class=\"elementor-section elementor-top-section elementor-element elementor-element-c7deb92 elementor-section-boxed elementor-section-height-default elementor-section-height-default\" data-id=\"c7deb92\" data-element_type=\"section\">\n\t\t\t\t\t\t<div class=\"elementor-container elementor-column-gap-default\">\n\t\t\t\t\t<div class=\"elementor-column elementor-col-100 elementor-top-column elementor-element elementor-element-1bda82a\" data-id=\"1bda82a\" data-element_type=\"column\">\n\t\t\t<div class=\"elementor-widget-wrap elementor-element-populated\">\n\t\t\t\t\t\t<div class=\"elementor-element elementor-element-a764b8f elementor-widget elementor-widget-heading\" data-id=\"a764b8f\" data-element_type=\"widget\" data-widget_type=\"heading.default\">\n\t\t\t\t<div class=\"elementor-widget-container\">\n\t\t\t\t\t<h2 class=\"elementor-heading-title elementor-size-default\">Un perfil polivalente<\/h2>\t\t\t\t<\/div>\n\t\t\t\t<\/div>\n\t\t\t\t\t<\/div>\n\t\t<\/div>\n\t\t\t\t\t<\/div>\n\t\t<\/section>\n\t\t\t\t<section class=\"elementor-section elementor-top-section elementor-element elementor-element-7d78568 elementor-section-boxed elementor-section-height-default elementor-section-height-default\" data-id=\"7d78568\" data-element_type=\"section\">\n\t\t\t\t\t\t<div class=\"elementor-container elementor-column-gap-default\">\n\t\t\t\t\t<div class=\"elementor-column elementor-col-100 elementor-top-column elementor-element elementor-element-c1b5463\" data-id=\"c1b5463\" data-element_type=\"column\">\n\t\t\t<div class=\"elementor-widget-wrap elementor-element-populated\">\n\t\t\t\t\t\t<div class=\"elementor-element elementor-element-65a7fbb elementor-widget elementor-widget-text-editor\" data-id=\"65a7fbb\" data-element_type=\"widget\" data-widget_type=\"text-editor.default\">\n\t\t\t\t<div class=\"elementor-widget-container\">\n\t\t\t\t\t\t\t\t\t<p>De cara al futuro, y dada la progresiva <a href=\"https:\/\/joseppons.com\/formacion\/beneficios-asesoria-imagen\/\">integraci\u00f3n de los estilistas en peluquer\u00eda<\/a> en diferentes entornos de trabajo, el mercado laboral necesitar\u00e1 m\u00e1s profesionales, mejor formados y con c<strong>onocimientos espec\u00edficos en todos los campos<\/strong> de actuaci\u00f3n que abarca la peluquer\u00eda.<\/p><p>Tener conocimientos en asesor\u00eda de imagen, est\u00e9tica y belleza puede llegar a ser un factor determinante de cara al futuro laboral, ya que ser multidisciplinar ser\u00e1 lo \u00fanico que dar\u00e1 respuesta a un mercado cada vez m\u00e1s amplio y exigente.<\/p><p>Es por eso que en el <strong>Ciclo Formativo de Peluquer\u00eda<\/strong> de la escuela de <a href=\"jhttps:\/\/joseppons.com\/formacion\/\">formaci\u00f3n profesional Josep Pons<\/a>, no solamente se trabajan contenidos relacionados con esta disciplina, sino que tambi\u00e9n se estudian y ponen en pr\u00e1ctica las \u00e1reas m\u00e1s importantes de la est\u00e9tica y la asesor\u00eda de imagen.<\/p>\t\t\t\t\t\t\t\t<\/div>\n\t\t\t\t<\/div>\n\t\t\t\t\t<\/div>\n\t\t<\/div>\n\t\t\t\t\t<\/div>\n\t\t<\/section>\n\t\t\t\t<\/div>\n\t\t","protected":false},"excerpt":{"rendered":"<p>Cada vez son m\u00e1s los j\u00f3venes que deciden empezar a estudiar peluquer\u00eda debido al gran abanico de salidas profesionales que ofrece y a la elevada demanda de estilistas para diferentes rangos y empresas del sector.&nbsp; No obstante, cuando alguien nos dice que est\u00e1 estudiando peluquer\u00eda, lo primero que nos viene a la mente es la&#8230;<\/p>\n","protected":false},"author":2,"featured_media":3260,"comment_status":"open","ping_status":"closed","sticky":false,"template":"","format":"standard","meta":{"_joinchat":[],"footnotes":""},"categories":[6,102,101,7],"tags":[371,372,367,368,369,370],"class_list":["post-3241","post","type-post","status-publish","format-standard","has-post-thumbnail","hentry","category-actualidad","category-grado-medio-y-superior-en-peluqueria","category-grados-y-cursos","category-peluqueria","tag-estudiar-fp-peluqueria","tag-estudiar-grado-pelqueria","tag-estudiar-peluqueria","tag-fp-peluqueria","tag-grado-medio-peluqueria","tag-grado-superior-peluqueria"],"yoast_head":"<!-- This site is optimized with the Yoast SEO plugin v26.7 - https:\/\/yoast.com\/wordpress\/plugins\/seo\/ -->\n<title>Salidas profesionales de la peluquer\u00eda \u2702\ufe0f - Josep Pons Formaci\u00f3n<\/title>\n<meta name=\"description\" content=\"Cada vez son m\u00e1s los j\u00f3venes que deciden empezar a estudiar peluquer\u00eda debido al gran abanico de salidas profesionales que ofrece y a la elevada demanda...\" \/>\n<meta name=\"robots\" content=\"index, follow, max-snippet:-1, max-image-preview:large, max-video-preview:-1\" \/>\n<link rel=\"canonical\" href=\"https:\/\/joseppons.com\/formacion\/salidas-profesionales-de-la-peluqueria\/\" \/>\n<meta property=\"og:locale\" content=\"es_ES\" \/>\n<meta property=\"og:type\" content=\"article\" \/>\n<meta property=\"og:title\" content=\"Salidas profesionales de la peluquer\u00eda \u2702\ufe0f - Josep Pons Formaci\u00f3n\" \/>\n<meta property=\"og:description\" content=\"Cada vez son m\u00e1s los j\u00f3venes que deciden empezar a estudiar peluquer\u00eda debido al gran abanico de salidas profesionales que ofrece y a la elevada demanda...\" \/>\n<meta property=\"og:url\" content=\"https:\/\/joseppons.com\/formacion\/salidas-profesionales-de-la-peluqueria\/\" \/>\n<meta property=\"og:site_name\" content=\"Josep Pons Formaci\u00f3n\" \/>\n<meta property=\"article:publisher\" content=\"https:\/\/es-es.facebook.com\/JosepPonsFormacio\/\" \/>\n<meta property=\"article:published_time\" content=\"2020-03-05T15:00:23+00:00\" \/>\n<meta property=\"article:modified_time\" content=\"2020-03-06T08:58:42+00:00\" \/>\n<meta property=\"og:image\" content=\"https:\/\/joseppons.com\/formacion\/wp-content\/uploads\/2020\/03\/salidas-profesionales-peluqueria-1-e1583424967640.jpg\" \/>\n\t<meta property=\"og:image:width\" content=\"1055\" \/>\n\t<meta property=\"og:image:height\" content=\"816\" \/>\n\t<meta property=\"og:image:type\" content=\"image\/jpeg\" \/>\n<meta name=\"author\" content=\"joseppons\" \/>\n<meta name=\"twitter:card\" content=\"summary_large_image\" \/>\n<meta name=\"twitter:creator\" content=\"@josepponsimatge\" \/>\n<meta name=\"twitter:site\" content=\"@josepponsimatge\" \/>\n<meta name=\"twitter:label1\" content=\"Escrito por\" \/>\n\t<meta name=\"twitter:data1\" content=\"joseppons\" \/>\n\t<meta name=\"twitter:label2\" content=\"Tiempo de lectura\" \/>\n\t<meta name=\"twitter:data2\" content=\"7 minutos\" \/>\n<script type=\"application\/ld+json\" class=\"yoast-schema-graph\">{\"@context\":\"https:\/\/schema.org\",\"@graph\":[{\"@type\":\"Article\",\"@id\":\"https:\/\/joseppons.com\/formacion\/salidas-profesionales-de-la-peluqueria\/#article\",\"isPartOf\":{\"@id\":\"https:\/\/joseppons.com\/formacion\/salidas-profesionales-de-la-peluqueria\/\"},\"author\":{\"name\":\"joseppons\",\"@id\":\"https:\/\/joseppons.com\/formacion\/#\/schema\/person\/52350c76759824d67ee4b9d948063ed1\"},\"headline\":\"Salidas profesionales de la peluquer\u00eda \u2702\ufe0f\",\"datePublished\":\"2020-03-05T15:00:23+00:00\",\"dateModified\":\"2020-03-06T08:58:42+00:00\",\"mainEntityOfPage\":{\"@id\":\"https:\/\/joseppons.com\/formacion\/salidas-profesionales-de-la-peluqueria\/\"},\"wordCount\":1379,\"commentCount\":0,\"publisher\":{\"@id\":\"https:\/\/joseppons.com\/formacion\/#organization\"},\"image\":{\"@id\":\"https:\/\/joseppons.com\/formacion\/salidas-profesionales-de-la-peluqueria\/#primaryimage\"},\"thumbnailUrl\":\"https:\/\/joseppons.com\/formacion\/wp-content\/uploads\/2020\/03\/salidas-profesionales-peluqueria-1-e1583424967640.jpg\",\"keywords\":[\"Estudiar FP Peluquer\u00eda\",\"Estudiar Grado Pelquer\u00eda\",\"Estudiar peluquer\u00eda\",\"FP Peluquer\u00eda\",\"Grado Medio Peluquer\u00eda\",\"Grado Superior Peluquer\u00eda\"],\"articleSection\":[\"Actualidad\",\"Grado Medio y Superior en peluqueria\",\"Grados y cursos\",\"Peluquer\u00eda\"],\"inLanguage\":\"es\",\"potentialAction\":[{\"@type\":\"CommentAction\",\"name\":\"Comment\",\"target\":[\"https:\/\/joseppons.com\/formacion\/salidas-profesionales-de-la-peluqueria\/#respond\"]}]},{\"@type\":\"WebPage\",\"@id\":\"https:\/\/joseppons.com\/formacion\/salidas-profesionales-de-la-peluqueria\/\",\"url\":\"https:\/\/joseppons.com\/formacion\/salidas-profesionales-de-la-peluqueria\/\",\"name\":\"Salidas profesionales de la peluquer\u00eda \u2702\ufe0f - Josep Pons Formaci\u00f3n\",\"isPartOf\":{\"@id\":\"https:\/\/joseppons.com\/formacion\/#website\"},\"primaryImageOfPage\":{\"@id\":\"https:\/\/joseppons.com\/formacion\/salidas-profesionales-de-la-peluqueria\/#primaryimage\"},\"image\":{\"@id\":\"https:\/\/joseppons.com\/formacion\/salidas-profesionales-de-la-peluqueria\/#primaryimage\"},\"thumbnailUrl\":\"https:\/\/joseppons.com\/formacion\/wp-content\/uploads\/2020\/03\/salidas-profesionales-peluqueria-1-e1583424967640.jpg\",\"datePublished\":\"2020-03-05T15:00:23+00:00\",\"dateModified\":\"2020-03-06T08:58:42+00:00\",\"description\":\"Cada vez son m\u00e1s los j\u00f3venes que deciden empezar a estudiar peluquer\u00eda debido al gran abanico de salidas profesionales que ofrece y a la elevada demanda...\",\"breadcrumb\":{\"@id\":\"https:\/\/joseppons.com\/formacion\/salidas-profesionales-de-la-peluqueria\/#breadcrumb\"},\"inLanguage\":\"es\",\"potentialAction\":[{\"@type\":\"ReadAction\",\"target\":[\"https:\/\/joseppons.com\/formacion\/salidas-profesionales-de-la-peluqueria\/\"]}]},{\"@type\":\"ImageObject\",\"inLanguage\":\"es\",\"@id\":\"https:\/\/joseppons.com\/formacion\/salidas-profesionales-de-la-peluqueria\/#primaryimage\",\"url\":\"https:\/\/joseppons.com\/formacion\/wp-content\/uploads\/2020\/03\/salidas-profesionales-peluqueria-1-e1583424967640.jpg\",\"contentUrl\":\"https:\/\/joseppons.com\/formacion\/wp-content\/uploads\/2020\/03\/salidas-profesionales-peluqueria-1-e1583424967640.jpg\",\"width\":1055,\"height\":816,\"caption\":\"salidas profesionales peluqueria\"},{\"@type\":\"BreadcrumbList\",\"@id\":\"https:\/\/joseppons.com\/formacion\/salidas-profesionales-de-la-peluqueria\/#breadcrumb\",\"itemListElement\":[{\"@type\":\"ListItem\",\"position\":1,\"name\":\"Portada\",\"item\":\"https:\/\/joseppons.com\/formacion\/\"},{\"@type\":\"ListItem\",\"position\":2,\"name\":\"Salidas profesionales de la peluquer\u00eda \u2702\ufe0f\"}]},{\"@type\":\"WebSite\",\"@id\":\"https:\/\/joseppons.com\/formacion\/#website\",\"url\":\"https:\/\/joseppons.com\/formacion\/\",\"name\":\"Josep Pons Formaci\u00f3n\",\"description\":\"\",\"publisher\":{\"@id\":\"https:\/\/joseppons.com\/formacion\/#organization\"},\"potentialAction\":[{\"@type\":\"SearchAction\",\"target\":{\"@type\":\"EntryPoint\",\"urlTemplate\":\"https:\/\/joseppons.com\/formacion\/?s={search_term_string}\"},\"query-input\":{\"@type\":\"PropertyValueSpecification\",\"valueRequired\":true,\"valueName\":\"search_term_string\"}}],\"inLanguage\":\"es\"},{\"@type\":\"Organization\",\"@id\":\"https:\/\/joseppons.com\/formacion\/#organization\",\"name\":\"Josep Pons\",\"url\":\"https:\/\/joseppons.com\/formacion\/\",\"logo\":{\"@type\":\"ImageObject\",\"inLanguage\":\"es\",\"@id\":\"https:\/\/joseppons.com\/formacion\/#\/schema\/logo\/image\/\",\"url\":\"https:\/\/joseppons.com\/formacion\/wp-content\/uploads\/2018\/09\/logotipo-home-josepponsformacio-1.png\",\"contentUrl\":\"https:\/\/joseppons.com\/formacion\/wp-content\/uploads\/2018\/09\/logotipo-home-josepponsformacio-1.png\",\"width\":420,\"height\":280,\"caption\":\"Josep Pons\"},\"image\":{\"@id\":\"https:\/\/joseppons.com\/formacion\/#\/schema\/logo\/image\/\"},\"sameAs\":[\"https:\/\/es-es.facebook.com\/JosepPonsFormacio\/\",\"https:\/\/x.com\/josepponsimatge\",\"https:\/\/www.instagram.com\/ponsformacion\/\"]},{\"@type\":\"Person\",\"@id\":\"https:\/\/joseppons.com\/formacion\/#\/schema\/person\/52350c76759824d67ee4b9d948063ed1\",\"name\":\"joseppons\"}]}<\/script>\n<!-- \/ Yoast SEO plugin. -->","yoast_head_json":{"title":"Salidas profesionales de la peluquer\u00eda \u2702\ufe0f - Josep Pons Formaci\u00f3n","description":"Cada vez son m\u00e1s los j\u00f3venes que deciden empezar a estudiar peluquer\u00eda debido al gran abanico de salidas profesionales que ofrece y a la elevada demanda...","robots":{"index":"index","follow":"follow","max-snippet":"max-snippet:-1","max-image-preview":"max-image-preview:large","max-video-preview":"max-video-preview:-1"},"canonical":"https:\/\/joseppons.com\/formacion\/salidas-profesionales-de-la-peluqueria\/","og_locale":"es_ES","og_type":"article","og_title":"Salidas profesionales de la peluquer\u00eda \u2702\ufe0f - Josep Pons Formaci\u00f3n","og_description":"Cada vez son m\u00e1s los j\u00f3venes que deciden empezar a estudiar peluquer\u00eda debido al gran abanico de salidas profesionales que ofrece y a la elevada demanda...","og_url":"https:\/\/joseppons.com\/formacion\/salidas-profesionales-de-la-peluqueria\/","og_site_name":"Josep Pons Formaci\u00f3n","article_publisher":"https:\/\/es-es.facebook.com\/JosepPonsFormacio\/","article_published_time":"2020-03-05T15:00:23+00:00","article_modified_time":"2020-03-06T08:58:42+00:00","og_image":[{"width":1055,"height":816,"url":"https:\/\/joseppons.com\/formacion\/wp-content\/uploads\/2020\/03\/salidas-profesionales-peluqueria-1-e1583424967640.jpg","type":"image\/jpeg"}],"author":"joseppons","twitter_card":"summary_large_image","twitter_creator":"@josepponsimatge","twitter_site":"@josepponsimatge","twitter_misc":{"Escrito por":"joseppons","Tiempo de lectura":"7 minutos"},"schema":{"@context":"https:\/\/schema.org","@graph":[{"@type":"Article","@id":"https:\/\/joseppons.com\/formacion\/salidas-profesionales-de-la-peluqueria\/#article","isPartOf":{"@id":"https:\/\/joseppons.com\/formacion\/salidas-profesionales-de-la-peluqueria\/"},"author":{"name":"joseppons","@id":"https:\/\/joseppons.com\/formacion\/#\/schema\/person\/52350c76759824d67ee4b9d948063ed1"},"headline":"Salidas profesionales de la peluquer\u00eda \u2702\ufe0f","datePublished":"2020-03-05T15:00:23+00:00","dateModified":"2020-03-06T08:58:42+00:00","mainEntityOfPage":{"@id":"https:\/\/joseppons.com\/formacion\/salidas-profesionales-de-la-peluqueria\/"},"wordCount":1379,"commentCount":0,"publisher":{"@id":"https:\/\/joseppons.com\/formacion\/#organization"},"image":{"@id":"https:\/\/joseppons.com\/formacion\/salidas-profesionales-de-la-peluqueria\/#primaryimage"},"thumbnailUrl":"https:\/\/joseppons.com\/formacion\/wp-content\/uploads\/2020\/03\/salidas-profesionales-peluqueria-1-e1583424967640.jpg","keywords":["Estudiar FP Peluquer\u00eda","Estudiar Grado Pelquer\u00eda","Estudiar peluquer\u00eda","FP Peluquer\u00eda","Grado Medio Peluquer\u00eda","Grado Superior Peluquer\u00eda"],"articleSection":["Actualidad","Grado Medio y Superior en peluqueria","Grados y cursos","Peluquer\u00eda"],"inLanguage":"es","potentialAction":[{"@type":"CommentAction","name":"Comment","target":["https:\/\/joseppons.com\/formacion\/salidas-profesionales-de-la-peluqueria\/#respond"]}]},{"@type":"WebPage","@id":"https:\/\/joseppons.com\/formacion\/salidas-profesionales-de-la-peluqueria\/","url":"https:\/\/joseppons.com\/formacion\/salidas-profesionales-de-la-peluqueria\/","name":"Salidas profesionales de la peluquer\u00eda \u2702\ufe0f - Josep Pons Formaci\u00f3n","isPartOf":{"@id":"https:\/\/joseppons.com\/formacion\/#website"},"primaryImageOfPage":{"@id":"https:\/\/joseppons.com\/formacion\/salidas-profesionales-de-la-peluqueria\/#primaryimage"},"image":{"@id":"https:\/\/joseppons.com\/formacion\/salidas-profesionales-de-la-peluqueria\/#primaryimage"},"thumbnailUrl":"https:\/\/joseppons.com\/formacion\/wp-content\/uploads\/2020\/03\/salidas-profesionales-peluqueria-1-e1583424967640.jpg","datePublished":"2020-03-05T15:00:23+00:00","dateModified":"2020-03-06T08:58:42+00:00","description":"Cada vez son m\u00e1s los j\u00f3venes que deciden empezar a estudiar peluquer\u00eda debido al gran abanico de salidas profesionales que ofrece y a la elevada demanda...","breadcrumb":{"@id":"https:\/\/joseppons.com\/formacion\/salidas-profesionales-de-la-peluqueria\/#breadcrumb"},"inLanguage":"es","potentialAction":[{"@type":"ReadAction","target":["https:\/\/joseppons.com\/formacion\/salidas-profesionales-de-la-peluqueria\/"]}]},{"@type":"ImageObject","inLanguage":"es","@id":"https:\/\/joseppons.com\/formacion\/salidas-profesionales-de-la-peluqueria\/#primaryimage","url":"https:\/\/joseppons.com\/formacion\/wp-content\/uploads\/2020\/03\/salidas-profesionales-peluqueria-1-e1583424967640.jpg","contentUrl":"https:\/\/joseppons.com\/formacion\/wp-content\/uploads\/2020\/03\/salidas-profesionales-peluqueria-1-e1583424967640.jpg","width":1055,"height":816,"caption":"salidas profesionales peluqueria"},{"@type":"BreadcrumbList","@id":"https:\/\/joseppons.com\/formacion\/salidas-profesionales-de-la-peluqueria\/#breadcrumb","itemListElement":[{"@type":"ListItem","position":1,"name":"Portada","item":"https:\/\/joseppons.com\/formacion\/"},{"@type":"ListItem","position":2,"name":"Salidas profesionales de la peluquer\u00eda \u2702\ufe0f"}]},{"@type":"WebSite","@id":"https:\/\/joseppons.com\/formacion\/#website","url":"https:\/\/joseppons.com\/formacion\/","name":"Josep Pons Formaci\u00f3n","description":"","publisher":{"@id":"https:\/\/joseppons.com\/formacion\/#organization"},"potentialAction":[{"@type":"SearchAction","target":{"@type":"EntryPoint","urlTemplate":"https:\/\/joseppons.com\/formacion\/?s={search_term_string}"},"query-input":{"@type":"PropertyValueSpecification","valueRequired":true,"valueName":"search_term_string"}}],"inLanguage":"es"},{"@type":"Organization","@id":"https:\/\/joseppons.com\/formacion\/#organization","name":"Josep Pons","url":"https:\/\/joseppons.com\/formacion\/","logo":{"@type":"ImageObject","inLanguage":"es","@id":"https:\/\/joseppons.com\/formacion\/#\/schema\/logo\/image\/","url":"https:\/\/joseppons.com\/formacion\/wp-content\/uploads\/2018\/09\/logotipo-home-josepponsformacio-1.png","contentUrl":"https:\/\/joseppons.com\/formacion\/wp-content\/uploads\/2018\/09\/logotipo-home-josepponsformacio-1.png","width":420,"height":280,"caption":"Josep Pons"},"image":{"@id":"https:\/\/joseppons.com\/formacion\/#\/schema\/logo\/image\/"},"sameAs":["https:\/\/es-es.facebook.com\/JosepPonsFormacio\/","https:\/\/x.com\/josepponsimatge","https:\/\/www.instagram.com\/ponsformacion\/"]},{"@type":"Person","@id":"https:\/\/joseppons.com\/formacion\/#\/schema\/person\/52350c76759824d67ee4b9d948063ed1","name":"joseppons"}]}},"_links":{"self":[{"href":"https:\/\/joseppons.com\/formacion\/wp-json\/wp\/v2\/posts\/3241","targetHints":{"allow":["GET"]}}],"collection":[{"href":"https:\/\/joseppons.com\/formacion\/wp-json\/wp\/v2\/posts"}],"about":[{"href":"https:\/\/joseppons.com\/formacion\/wp-json\/wp\/v2\/types\/post"}],"author":[{"embeddable":true,"href":"https:\/\/joseppons.com\/formacion\/wp-json\/wp\/v2\/users\/2"}],"replies":[{"embeddable":true,"href":"https:\/\/joseppons.com\/formacion\/wp-json\/wp\/v2\/comments?post=3241"}],"version-history":[{"count":0,"href":"https:\/\/joseppons.com\/formacion\/wp-json\/wp\/v2\/posts\/3241\/revisions"}],"wp:featuredmedia":[{"embeddable":true,"href":"https:\/\/joseppons.com\/formacion\/wp-json\/wp\/v2\/media\/3260"}],"wp:attachment":[{"href":"https:\/\/joseppons.com\/formacion\/wp-json\/wp\/v2\/media?parent=3241"}],"wp:term":[{"taxonomy":"category","embeddable":true,"href":"https:\/\/joseppons.com\/formacion\/wp-json\/wp\/v2\/categories?post=3241"},{"taxonomy":"post_tag","embeddable":true,"href":"https:\/\/joseppons.com\/formacion\/wp-json\/wp\/v2\/tags?post=3241"}],"curies":[{"name":"wp","href":"https:\/\/api.w.org\/{rel}","templated":true}]}}