{"id":3086,"date":"2020-02-06T11:54:52","date_gmt":"2020-02-06T10:54:52","guid":{"rendered":"https:\/\/joseppons.com\/formacion\/?p=3086"},"modified":"2025-11-10T09:45:10","modified_gmt":"2025-11-10T08:45:10","slug":"las-alumnas-del-grado-superior-asesoria-imagen-asisten-080-barcelona-fashion","status":"publish","type":"post","link":"https:\/\/joseppons.com\/formacion\/las-alumnas-del-grado-superior-asesoria-imagen-asisten-080-barcelona-fashion\/","title":{"rendered":"Las alumnas del Grado Superior de Asesor\u00eda de Imagen asisten a la 080 Barcelona Fashion \ud83d\udc57"},"content":{"rendered":"\t\t<div data-elementor-type=\"wp-post\" data-elementor-id=\"3086\" class=\"elementor elementor-3086\" data-elementor-post-type=\"post\">\n\t\t\t\t\t\t<section class=\"elementor-section elementor-top-section elementor-element elementor-element-f546679 elementor-section-boxed elementor-section-height-default elementor-section-height-default\" data-id=\"f546679\" data-element_type=\"section\">\n\t\t\t\t\t\t<div class=\"elementor-container elementor-column-gap-default\">\n\t\t\t\t\t<div class=\"elementor-column elementor-col-100 elementor-top-column elementor-element elementor-element-aa1f5e4\" data-id=\"aa1f5e4\" data-element_type=\"column\">\n\t\t\t<div class=\"elementor-widget-wrap elementor-element-populated\">\n\t\t\t\t\t\t<div class=\"elementor-element elementor-element-039ea4b elementor-widget elementor-widget-text-editor\" data-id=\"039ea4b\" data-element_type=\"widget\" data-widget_type=\"text-editor.default\">\n\t\t\t\t<div class=\"elementor-widget-container\">\n\t\t\t\t\t\t\t\t\t<p>Las alumnas del <a href=\"https:\/\/joseppons.com\/formacion\/ciclos-formativos-de-asesoria-de-imagen\/\">Grado Superior de Asesor\u00eda de Imagen<\/a> de la escuela de formaci\u00f3n profesional Josep Pons han asistido, un a\u00f1o m\u00e1s, a la pasarela 080 Fashion Week.<\/p><p>La<strong> semana de la moda de Barcelona<\/strong> es una aut\u00e9ntica oportunidad para que vivan en primera persona todo lo que conlleva una pasarela de estas caracter\u00edsticas.<\/p><p>Hablamos, ni m\u00e1s ni menos, de conocer las nuevas colecciones de los dise\u00f1adores m\u00e1s importantes del momento, de analizar y detectar las tendencias m\u00e1s top del <em>street style <\/em>y de poner en pr\u00e1ctica todos los conocimientos que adquieren a lo largo del curso en cuanto a moda, <strong>asesor\u00eda de imagen y organizaci\u00f3n de eventos<\/strong>.<\/p>\t\t\t\t\t\t\t\t<\/div>\n\t\t\t\t<\/div>\n\t\t\t\t\t<\/div>\n\t\t<\/div>\n\t\t\t\t\t<\/div>\n\t\t<\/section>\n\t\t\t\t<section class=\"elementor-section elementor-top-section elementor-element elementor-element-4e0039e elementor-section-boxed elementor-section-height-default elementor-section-height-default\" data-id=\"4e0039e\" data-element_type=\"section\">\n\t\t\t\t\t\t<div class=\"elementor-container elementor-column-gap-default\">\n\t\t\t\t\t<div class=\"elementor-column elementor-col-100 elementor-top-column elementor-element elementor-element-01d5a22\" data-id=\"01d5a22\" data-element_type=\"column\">\n\t\t\t<div class=\"elementor-widget-wrap elementor-element-populated\">\n\t\t\t\t\t\t<div class=\"elementor-element elementor-element-10367cb elementor-widget elementor-widget-image\" data-id=\"10367cb\" data-element_type=\"widget\" data-widget_type=\"image.default\">\n\t\t\t\t<div class=\"elementor-widget-container\">\n\t\t\t\t\t\t\t\t\t\t\t\t<figure class=\"wp-caption\">\n\t\t\t\t\t\t\t\t\t\t\t<a href=\"https:\/\/www.instagram.com\/p\/B8MaZSeoyWl\/?utm_source=ig_web_copy_link\">\n\t\t\t\t\t\t\t<img fetchpriority=\"high\" decoding=\"async\" width=\"836\" height=\"614\" src=\"https:\/\/joseppons.com\/formacion\/wp-content\/uploads\/2020\/02\/instagrma.png\" class=\"attachment-large size-large wp-image-3091\" alt=\"Instagram @ponsformacion\" srcset=\"https:\/\/joseppons.com\/formacion\/wp-content\/uploads\/2020\/02\/instagrma.png 836w, https:\/\/joseppons.com\/formacion\/wp-content\/uploads\/2020\/02\/instagrma-768x564.png 768w\" sizes=\"(max-width: 836px) 100vw, 836px\" \/>\t\t\t\t\t\t\t\t<\/a>\n\t\t\t\t\t\t\t\t\t\t\t<figcaption class=\"widget-image-caption wp-caption-text\">V\u00eddeo Instagram @jponsformacion<\/figcaption>\n\t\t\t\t\t\t\t\t\t\t<\/figure>\n\t\t\t\t\t\t\t\t\t<\/div>\n\t\t\t\t<\/div>\n\t\t\t\t\t<\/div>\n\t\t<\/div>\n\t\t\t\t\t<\/div>\n\t\t<\/section>\n\t\t\t\t<section class=\"elementor-section elementor-top-section elementor-element elementor-element-af66efa elementor-section-boxed elementor-section-height-default elementor-section-height-default\" data-id=\"af66efa\" data-element_type=\"section\">\n\t\t\t\t\t\t<div class=\"elementor-container elementor-column-gap-default\">\n\t\t\t\t\t<div class=\"elementor-column elementor-col-100 elementor-top-column elementor-element elementor-element-084ce64\" data-id=\"084ce64\" data-element_type=\"column\">\n\t\t\t<div class=\"elementor-widget-wrap elementor-element-populated\">\n\t\t\t\t\t\t<div class=\"elementor-element elementor-element-5269c5e elementor-widget elementor-widget-heading\" data-id=\"5269c5e\" data-element_type=\"widget\" data-widget_type=\"heading.default\">\n\t\t\t\t<div class=\"elementor-widget-container\">\n\t\t\t\t\t<h2 class=\"elementor-heading-title elementor-size-default\">080 Barcelona Fashion<\/h2>\t\t\t\t<\/div>\n\t\t\t\t<\/div>\n\t\t\t\t\t<\/div>\n\t\t<\/div>\n\t\t\t\t\t<\/div>\n\t\t<\/section>\n\t\t\t\t<section class=\"elementor-section elementor-top-section elementor-element elementor-element-63481ce elementor-section-boxed elementor-section-height-default elementor-section-height-default\" data-id=\"63481ce\" data-element_type=\"section\">\n\t\t\t\t\t\t<div class=\"elementor-container elementor-column-gap-default\">\n\t\t\t\t\t<div class=\"elementor-column elementor-col-100 elementor-top-column elementor-element elementor-element-5a60a5d\" data-id=\"5a60a5d\" data-element_type=\"column\">\n\t\t\t<div class=\"elementor-widget-wrap elementor-element-populated\">\n\t\t\t\t\t\t<div class=\"elementor-element elementor-element-2025863 elementor-widget elementor-widget-text-editor\" data-id=\"2025863\" data-element_type=\"widget\" data-widget_type=\"text-editor.default\">\n\t\t\t\t<div class=\"elementor-widget-container\">\n\t\t\t\t\t\t\t\t\t<p>Bajo el lema <em>Undress your mind (Desviste tu mente), <\/em>esta nueva\u00a0edici\u00f3n de la <a href=\"https:\/\/joseppons.com\/formacion\/moda-080-fashion-show-barcelona\/\">080 Barcelona Fashion<\/a> se vuelve a celebrar en el recinto modernista de Sant Pau.<\/p><p>La semana de la moda se est\u00e1 convirtiendo en un espacio m\u00e1s abierto, sobretodo por lo que hace al \u00e1mbito internacional, donde moda, imaginaci\u00f3n, creatividad y sensibilidad se juntan para ofrecer un aut\u00e9ntico <em>fashion show<\/em>.<\/p><p>Dentro de esta t\u00f3nica, las alumnas del <strong>T\u00e9cnico Superior de Asesor\u00eda<\/strong> han asistido a los desfiles del aclamado catal\u00e1n Joaqu\u00edn Verd\u00fa y de la emergente y prometedora firma E\u00f1aut para conocer las \u00faltimas tendencias en moda femenina y masculina.<\/p>\t\t\t\t\t\t\t\t<\/div>\n\t\t\t\t<\/div>\n\t\t\t\t\t<\/div>\n\t\t<\/div>\n\t\t\t\t\t<\/div>\n\t\t<\/section>\n\t\t\t\t<section class=\"elementor-section elementor-top-section elementor-element elementor-element-18ff7a6 elementor-section-boxed elementor-section-height-default elementor-section-height-default\" data-id=\"18ff7a6\" data-element_type=\"section\">\n\t\t\t\t\t\t<div class=\"elementor-container elementor-column-gap-default\">\n\t\t\t\t\t<div class=\"elementor-column elementor-col-100 elementor-top-column elementor-element elementor-element-f0ad6c2\" data-id=\"f0ad6c2\" data-element_type=\"column\">\n\t\t\t<div class=\"elementor-widget-wrap elementor-element-populated\">\n\t\t\t\t\t\t<div class=\"elementor-element elementor-element-41550d5 elementor-widget elementor-widget-heading\" data-id=\"41550d5\" data-element_type=\"widget\" data-widget_type=\"heading.default\">\n\t\t\t\t<div class=\"elementor-widget-container\">\n\t\t\t\t\t<h2 class=\"elementor-heading-title elementor-size-default\">V\u00fa Barcelona Fall\/Winter 2020.21<\/h2>\t\t\t\t<\/div>\n\t\t\t\t<\/div>\n\t\t\t\t\t<\/div>\n\t\t<\/div>\n\t\t\t\t\t<\/div>\n\t\t<\/section>\n\t\t\t\t<section class=\"elementor-section elementor-top-section elementor-element elementor-element-fe93421 elementor-section-boxed elementor-section-height-default elementor-section-height-default\" data-id=\"fe93421\" data-element_type=\"section\">\n\t\t\t\t\t\t<div class=\"elementor-container elementor-column-gap-default\">\n\t\t\t\t\t<div class=\"elementor-column elementor-col-100 elementor-top-column elementor-element elementor-element-295f2ae\" data-id=\"295f2ae\" data-element_type=\"column\">\n\t\t\t<div class=\"elementor-widget-wrap elementor-element-populated\">\n\t\t\t\t\t\t<div class=\"elementor-element elementor-element-071399a elementor-widget elementor-widget-text-editor\" data-id=\"071399a\" data-element_type=\"widget\" data-widget_type=\"text-editor.default\">\n\t\t\t\t<div class=\"elementor-widget-container\">\n\t\t\t\t\t\t\t\t\t<p>Joaqu\u00edn Verd\u00fa no necesita presentaci\u00f3n.<\/p><p>Su larga trayectoria lo ha convertido en el <strong>m\u00e1ximo exponente del dise\u00f1o<\/strong> en punto a nivel nacional, sobretodo porque sus colecciones est\u00e1n confeccionadas \u00edntegramente por este tejido.<\/p><p>Dentro de la 080 Barcelona Fashion Show, Verd\u00fa ha presentado la colecci\u00f3n <em>Renacimiento 40 a\u00f1os<\/em> para conmemorar su larga presencia en el <a href=\"https:\/\/joseppons.com\/formacion\/referentes-elegancia-moda\/\">mundo de la moda<\/a>, adem\u00e1s de transportar el renacimiento del punto al momento actual.<\/p><p>Es por eso que las alumnas del Grado Superior de Asesor\u00eda de imagen ha podido analizar materiales, tramas y ver c\u00f3mo \u00e9stos permiten crear nuevos vol\u00famenes y formas desconocidas hasta ahora en este mismo tejido.<\/p><p>Y es que a lo largo del desfile, han visto, por ejemplo, c\u00f3mo se incorporan las <strong>transparencias en el punto<\/strong> o c\u00f3mo superponer diferentes prendas en un mismo <em>look<\/em>.<\/p>\t\t\t\t\t\t\t\t<\/div>\n\t\t\t\t<\/div>\n\t\t\t\t\t<\/div>\n\t\t<\/div>\n\t\t\t\t\t<\/div>\n\t\t<\/section>\n\t\t\t\t<section class=\"elementor-section elementor-top-section elementor-element elementor-element-1c45639 elementor-section-boxed elementor-section-height-default elementor-section-height-default\" data-id=\"1c45639\" data-element_type=\"section\">\n\t\t\t\t\t\t<div class=\"elementor-container elementor-column-gap-default\">\n\t\t\t\t\t<div class=\"elementor-column elementor-col-100 elementor-top-column elementor-element elementor-element-26f0459\" data-id=\"26f0459\" data-element_type=\"column\">\n\t\t\t<div class=\"elementor-widget-wrap elementor-element-populated\">\n\t\t\t\t\t\t<div class=\"elementor-element elementor-element-cffbb9e elementor-widget elementor-widget-image\" data-id=\"cffbb9e\" data-element_type=\"widget\" data-widget_type=\"image.default\">\n\t\t\t\t<div class=\"elementor-widget-container\">\n\t\t\t\t\t\t\t\t\t\t\t\t<figure class=\"wp-caption\">\n\t\t\t\t\t\t\t\t\t\t<img decoding=\"async\" width=\"656\" height=\"984\" src=\"https:\/\/joseppons.com\/formacion\/wp-content\/uploads\/2020\/02\/Joaqu\u00edn-Verd\u00fa.jpg\" class=\"attachment-large size-large wp-image-3092\" alt=\"Joaqu\u00edn Verd\u00fa\" \/>\t\t\t\t\t\t\t\t\t\t\t<figcaption class=\"widget-image-caption wp-caption-text\">Joaqu\u00edn Verd\u00fa<\/figcaption>\n\t\t\t\t\t\t\t\t\t\t<\/figure>\n\t\t\t\t\t\t\t\t\t<\/div>\n\t\t\t\t<\/div>\n\t\t\t\t\t<\/div>\n\t\t<\/div>\n\t\t\t\t\t<\/div>\n\t\t<\/section>\n\t\t\t\t<section class=\"elementor-section elementor-top-section elementor-element elementor-element-51d9176 elementor-section-boxed elementor-section-height-default elementor-section-height-default\" data-id=\"51d9176\" data-element_type=\"section\">\n\t\t\t\t\t\t<div class=\"elementor-container elementor-column-gap-default\">\n\t\t\t\t\t<div class=\"elementor-column elementor-col-100 elementor-top-column elementor-element elementor-element-7a5a355\" data-id=\"7a5a355\" data-element_type=\"column\">\n\t\t\t<div class=\"elementor-widget-wrap elementor-element-populated\">\n\t\t\t\t\t\t<div class=\"elementor-element elementor-element-4c5108c elementor-widget elementor-widget-text-editor\" data-id=\"4c5108c\" data-element_type=\"widget\" data-widget_type=\"text-editor.default\">\n\t\t\t\t<div class=\"elementor-widget-container\">\n\t\t\t\t\t\t\t\t\t<p>Dentro de la propuesta de estilismos de Joaqu\u00edn Verd\u00fa, han destacado las botas de estilo militar &#8211; una de las<strong> tendencias estrella<\/strong> de esta temporada &#8211; combinadas con calcetines altos de punto, faldas asim\u00e9tricas y pantalones culotte.<\/p><p>Sin dejar de prestar atenci\u00f3n, por supuesto, a la introducci\u00f3n de la falda-pantal\u00f3n para hombre. \u201cUna reivindicaci\u00f3n a la comodidad y la libertad\u201d seg\u00fan nuestras profesionales en asesor\u00eda de imagen.<\/p><p>Sin embargo, V\u00fa Barcelona tambi\u00e9n ha dado de qu\u00e9 hablar por su paleta de colores, basada principalmente en colores oscuros como el negro, los grises y el rojo, que han ido combinados con algunas tonalidades como el rosa y el salm\u00f3n.<\/p><p>El hilo metalizado tambi\u00e9n se ha dejado ver en algunas piezas de punto, dando as\u00ed un toque m\u00e1s distinguido a cada\u00a0<em>outfit<\/em>.<\/p><p>Por lo que hace a la <strong>peluquer\u00eda y al maquillaje<\/strong>, la naturalidad ha conquistado la pasarela con <a href=\"https:\/\/joseppons.com\/formacion\/ciclo-formativo-de-grado-superior-de-peluqueria\/\">melenas al viento <\/a>y <em>beauty make-ups<\/em> muy discretos.<\/p>\t\t\t\t\t\t\t\t<\/div>\n\t\t\t\t<\/div>\n\t\t\t\t\t<\/div>\n\t\t<\/div>\n\t\t\t\t\t<\/div>\n\t\t<\/section>\n\t\t\t\t<section class=\"elementor-section elementor-top-section elementor-element elementor-element-18f63a7 elementor-section-boxed elementor-section-height-default elementor-section-height-default\" data-id=\"18f63a7\" data-element_type=\"section\">\n\t\t\t\t\t\t<div class=\"elementor-container elementor-column-gap-default\">\n\t\t\t\t\t<div class=\"elementor-column elementor-col-100 elementor-top-column elementor-element elementor-element-e0382d2\" data-id=\"e0382d2\" data-element_type=\"column\">\n\t\t\t<div class=\"elementor-widget-wrap elementor-element-populated\">\n\t\t\t\t\t\t<div class=\"elementor-element elementor-element-87b360f elementor-widget elementor-widget-video\" data-id=\"87b360f\" data-element_type=\"widget\" data-settings=\"{&quot;youtube_url&quot;:&quot;https:\\\/\\\/www.youtube.com\\\/watch?v=gpKYgTaJNQs&quot;,&quot;video_type&quot;:&quot;youtube&quot;,&quot;controls&quot;:&quot;yes&quot;}\" data-widget_type=\"video.default\">\n\t\t\t\t<div class=\"elementor-widget-container\">\n\t\t\t\t\t\t\t<div class=\"elementor-wrapper elementor-open-inline\">\n\t\t\t<div class=\"elementor-video\"><\/div>\t\t<\/div>\n\t\t\t\t\t\t<\/div>\n\t\t\t\t<\/div>\n\t\t\t\t\t<\/div>\n\t\t<\/div>\n\t\t\t\t\t<\/div>\n\t\t<\/section>\n\t\t\t\t<section class=\"elementor-section elementor-top-section elementor-element elementor-element-dfb10ab elementor-section-boxed elementor-section-height-default elementor-section-height-default\" data-id=\"dfb10ab\" data-element_type=\"section\">\n\t\t\t\t\t\t<div class=\"elementor-container elementor-column-gap-default\">\n\t\t\t\t\t<div class=\"elementor-column elementor-col-100 elementor-top-column elementor-element elementor-element-8370ba4\" data-id=\"8370ba4\" data-element_type=\"column\">\n\t\t\t<div class=\"elementor-widget-wrap elementor-element-populated\">\n\t\t\t\t\t\t<div class=\"elementor-element elementor-element-ee287f6 elementor-widget elementor-widget-heading\" data-id=\"ee287f6\" data-element_type=\"widget\" data-widget_type=\"heading.default\">\n\t\t\t\t<div class=\"elementor-widget-container\">\n\t\t\t\t\t<h2 class=\"elementor-heading-title elementor-size-default\">E\u00f1aut Fall\/Winter 2020.21<\/h2>\t\t\t\t<\/div>\n\t\t\t\t<\/div>\n\t\t\t\t\t<\/div>\n\t\t<\/div>\n\t\t\t\t\t<\/div>\n\t\t<\/section>\n\t\t\t\t<section class=\"elementor-section elementor-top-section elementor-element elementor-element-b7498df elementor-section-boxed elementor-section-height-default elementor-section-height-default\" data-id=\"b7498df\" data-element_type=\"section\">\n\t\t\t\t\t\t<div class=\"elementor-container elementor-column-gap-default\">\n\t\t\t\t\t<div class=\"elementor-column elementor-col-100 elementor-top-column elementor-element elementor-element-90a8394\" data-id=\"90a8394\" data-element_type=\"column\">\n\t\t\t<div class=\"elementor-widget-wrap elementor-element-populated\">\n\t\t\t\t\t\t<div class=\"elementor-element elementor-element-ef1f839 elementor-widget elementor-widget-text-editor\" data-id=\"ef1f839\" data-element_type=\"widget\" data-widget_type=\"text-editor.default\">\n\t\t\t\t<div class=\"elementor-widget-container\">\n\t\t\t\t\t\t\t\t\t<p>Hace dos a\u00f1os que se gradu\u00f3 en Dise\u00f1o de Moda en el IED y poco despu\u00e9s se lanz\u00f3 creando E\u00f1aut, una <a href=\"https:\/\/joseppons.com\/formacion\/peaky-blinders-tiene-las-tendencias-de-este-otono-invierno\/\">marca masculina de dise\u00f1o<\/a> minimalista que le ha permitido desfilar por algunas de las pasarelas de moda m\u00e1s importantes y ganar el premio a mejor colecci\u00f3n de dise\u00f1o emergente.<\/p><p><span style=\"font-size: 16px; letter-spacing: 0px;\">E\u00f1aut<\/span>\u00a0presta mucha atenci\u00f3n al detalle, mima su patronaje, <strong>apuesta por tejidos org\u00e1nicos<\/strong> y no teme a arriesgar.<\/p><p>As\u00ed lo han podido comprobar las alumnas del T\u00e9cnico Superior de Asesor\u00eda con la colecci\u00f3n <i>EXODUS<\/i>, que juega con formas voluminosas, diferentes grosores y tejidos r\u00edgidos.<\/p>\t\t\t\t\t\t\t\t<\/div>\n\t\t\t\t<\/div>\n\t\t\t\t\t<\/div>\n\t\t<\/div>\n\t\t\t\t\t<\/div>\n\t\t<\/section>\n\t\t\t\t<section class=\"elementor-section elementor-top-section elementor-element elementor-element-e26ff8b elementor-section-boxed elementor-section-height-default elementor-section-height-default\" data-id=\"e26ff8b\" data-element_type=\"section\">\n\t\t\t\t\t\t<div class=\"elementor-container elementor-column-gap-default\">\n\t\t\t\t\t<div class=\"elementor-column elementor-col-100 elementor-top-column elementor-element elementor-element-e79bb4a\" data-id=\"e79bb4a\" data-element_type=\"column\">\n\t\t\t<div class=\"elementor-widget-wrap elementor-element-populated\">\n\t\t\t\t\t\t<div class=\"elementor-element elementor-element-f74677e elementor-widget elementor-widget-image\" data-id=\"f74677e\" data-element_type=\"widget\" data-widget_type=\"image.default\">\n\t\t\t\t<div class=\"elementor-widget-container\">\n\t\t\t\t\t\t\t\t\t\t\t\t<figure class=\"wp-caption\">\n\t\t\t\t\t\t\t\t\t\t<img decoding=\"async\" width=\"656\" height=\"984\" src=\"https:\/\/joseppons.com\/formacion\/wp-content\/uploads\/2020\/02\/E\u00f1aut.jpg\" class=\"attachment-large size-large wp-image-3095\" alt=\"E\u00f1aut\" \/>\t\t\t\t\t\t\t\t\t\t\t<figcaption class=\"widget-image-caption wp-caption-text\">E\u00f1aut<\/figcaption>\n\t\t\t\t\t\t\t\t\t\t<\/figure>\n\t\t\t\t\t\t\t\t\t<\/div>\n\t\t\t\t<\/div>\n\t\t\t\t\t<\/div>\n\t\t<\/div>\n\t\t\t\t\t<\/div>\n\t\t<\/section>\n\t\t\t\t<section class=\"elementor-section elementor-top-section elementor-element elementor-element-10c3b84 elementor-section-boxed elementor-section-height-default elementor-section-height-default\" data-id=\"10c3b84\" data-element_type=\"section\">\n\t\t\t\t\t\t<div class=\"elementor-container elementor-column-gap-default\">\n\t\t\t\t\t<div class=\"elementor-column elementor-col-100 elementor-top-column elementor-element elementor-element-f4b7e7a\" data-id=\"f4b7e7a\" data-element_type=\"column\">\n\t\t\t<div class=\"elementor-widget-wrap elementor-element-populated\">\n\t\t\t\t\t\t<div class=\"elementor-element elementor-element-7db4613 elementor-widget elementor-widget-text-editor\" data-id=\"7db4613\" data-element_type=\"widget\" data-widget_type=\"text-editor.default\">\n\t\t\t\t<div class=\"elementor-widget-container\">\n\t\t\t\t\t\t\t\t\t<p>Tal y como analizan<a href=\"https:\/\/joseppons.com\/formacion\/protocolo-vestuario-invitadas-boda\/\"> nuestras asesoras de imagen<\/a>, \u201cse trata de una propuesta muy creativa e innovadora de un dise\u00f1ador que va a dar mucho de qu\u00e9 hablar\u201d.<\/p><p>Y es que a trav\u00e9s de una met\u00e1fora del viaje interior personal hacia el exterior,\u00a0<span style=\"font-size: 16px;\">E\u00f1aut<\/span>\u00a0experimenta con los colores neutros &#8211; un \u00e1rea que se trabaja a lo largo del Grado Superior de Asesor\u00eda de Imagen a trav\u00e9s de las <strong>t\u00e9cnicas m\u00e1s avanzadas en colorimetr\u00eda<\/strong> y el test del color &#8211; e introduce los metalizados, sobretodo en complementos, manicuras (s\u00ed, para hombre) y maquillajes.<\/p><p>Por lo que hace a la estructura de las prendas, el joven dise\u00f1ador apuesta por el aire vanguardista, creando as\u00ed estilismos sin estructura como <a href=\"https:\/\/joseppons.com\/formacion\/5-chaquetas-moda-netflix\/\">chaquetas oversize<\/a>.<\/p><p>De hecho, cabe mencionar que se trata de un vestuario muy andr\u00f3gino, por lo que se ven <em>looks<\/em> que marcan cintura a trav\u00e9s de vestidos largos con un cintur\u00f3n ce\u00f1ido, faldas-pantal\u00f3n, tops cortos que permiten ense\u00f1ar el ombligo y pantalones de tiro alto.<\/p><p>No obstante,\u00a0<span style=\"font-size: 16px;\">E\u00f1aut<\/span>\u00a0tambi\u00e9n <b>i<\/b><strong>ncorpora a su colecci\u00f3n piezas como el mono<\/strong>, que cada vez se est\u00e1 introduciendo m\u00e1s en el armario masculino, y las camisas &#8211; siempre y cuando se lleven abotonadas hasta el cuello -.<\/p><p>Sin lugar a dudas, una <a href=\"https:\/\/joseppons.com\/formacion\/tendencias-maquillaje-desearas-2020\/\">colecci\u00f3n futurista<\/a> que nos invita a reflexionar sobre las tipolog\u00edas corporales y los <strong>c\u00e1nones de belleza<\/strong>, huyendo de lo que est\u00e1 establecido para dejar salir el estilo y la personalidad que llevamos dentro.\u00a0<\/p>\t\t\t\t\t\t\t\t<\/div>\n\t\t\t\t<\/div>\n\t\t\t\t\t<\/div>\n\t\t<\/div>\n\t\t\t\t\t<\/div>\n\t\t<\/section>\n\t\t\t\t<section class=\"elementor-section elementor-top-section elementor-element elementor-element-d2ab041 elementor-section-boxed elementor-section-height-default elementor-section-height-default\" data-id=\"d2ab041\" data-element_type=\"section\">\n\t\t\t\t\t\t<div class=\"elementor-container elementor-column-gap-default\">\n\t\t\t\t\t<div class=\"elementor-column elementor-col-100 elementor-top-column elementor-element elementor-element-5a56b65\" data-id=\"5a56b65\" data-element_type=\"column\">\n\t\t\t<div class=\"elementor-widget-wrap elementor-element-populated\">\n\t\t\t\t\t\t<div class=\"elementor-element elementor-element-738f29f elementor-widget elementor-widget-video\" data-id=\"738f29f\" data-element_type=\"widget\" data-settings=\"{&quot;youtube_url&quot;:&quot;https:\\\/\\\/www.youtube.com\\\/watch?v=WDde9mlHpz4&quot;,&quot;video_type&quot;:&quot;youtube&quot;,&quot;controls&quot;:&quot;yes&quot;}\" data-widget_type=\"video.default\">\n\t\t\t\t<div class=\"elementor-widget-container\">\n\t\t\t\t\t\t\t<div class=\"elementor-wrapper elementor-open-inline\">\n\t\t\t<div class=\"elementor-video\"><\/div>\t\t<\/div>\n\t\t\t\t\t\t<\/div>\n\t\t\t\t<\/div>\n\t\t\t\t\t<\/div>\n\t\t<\/div>\n\t\t\t\t\t<\/div>\n\t\t<\/section>\n\t\t\t\t<\/div>\n\t\t","protected":false},"excerpt":{"rendered":"<p>Las alumnas del Grado Superior de Asesor\u00eda de Imagen de la escuela de formaci\u00f3n profesional Josep Pons han asistido, un a\u00f1o m\u00e1s, a la pasarela 080 Fashion Week. La semana de la moda de Barcelona es una aut\u00e9ntica oportunidad para que vivan en primera persona todo lo que conlleva una pasarela de estas caracter\u00edsticas. Hablamos,&#8230;<\/p>\n","protected":false},"author":2,"featured_media":3087,"comment_status":"open","ping_status":"closed","sticky":false,"template":"","format":"standard","meta":{"_joinchat":[],"footnotes":""},"categories":[6,8,356,101,270,125],"tags":[327,52,358,45,136,357],"class_list":["post-3086","post","type-post","status-publish","format-standard","has-post-thumbnail","hentry","category-actualidad","category-asesoria-de-imagen","category-grado-superior-en-asesoria","category-grados-y-cursos","category-servicios-de-asesoria","category-tendencias","tag-080-barcelona","tag-080-fashion-show-barcelona","tag-enaut-fall-winter-2020-21","tag-grado-superior","tag-grado-superior-asesoria-de-imagen","tag-vu-barcelona-fall-winter-2020-21"],"yoast_head":"<!-- This site is optimized with the Yoast SEO plugin v26.7 - https:\/\/yoast.com\/wordpress\/plugins\/seo\/ -->\n<title>Las alumnas del Grado Superior de Asesor\u00eda de Imagen asisten a la 080 Barcelona Fashion \ud83d\udc57 - Josep Pons Formaci\u00f3n<\/title>\n<meta name=\"description\" content=\"Las alumnas del Grado Superior de Asesor\u00eda de Imagen de la escuela Josep Pons han asistido, un a\u00f1o m\u00e1s, a la pasarela 080 Fashion Week. \u00a1Os lo contamos!\" \/>\n<meta name=\"robots\" content=\"index, follow, max-snippet:-1, max-image-preview:large, max-video-preview:-1\" \/>\n<link rel=\"canonical\" href=\"https:\/\/joseppons.com\/formacion\/las-alumnas-del-grado-superior-asesoria-imagen-asisten-080-barcelona-fashion\/\" \/>\n<meta property=\"og:locale\" content=\"es_ES\" \/>\n<meta property=\"og:type\" content=\"article\" \/>\n<meta property=\"og:title\" content=\"Las alumnas del Grado Superior de Asesor\u00eda de Imagen asisten a la 080 Barcelona Fashion \ud83d\udc57 - Josep Pons Formaci\u00f3n\" \/>\n<meta property=\"og:description\" content=\"Las alumnas del Grado Superior de Asesor\u00eda de Imagen de la escuela Josep Pons han asistido, un a\u00f1o m\u00e1s, a la pasarela 080 Fashion Week. \u00a1Os lo contamos!\" \/>\n<meta property=\"og:url\" content=\"https:\/\/joseppons.com\/formacion\/las-alumnas-del-grado-superior-asesoria-imagen-asisten-080-barcelona-fashion\/\" \/>\n<meta property=\"og:site_name\" content=\"Josep Pons Formaci\u00f3n\" \/>\n<meta property=\"article:publisher\" content=\"https:\/\/es-es.facebook.com\/JosepPonsFormacio\/\" \/>\n<meta property=\"article:published_time\" content=\"2020-02-06T10:54:52+00:00\" \/>\n<meta property=\"article:modified_time\" content=\"2025-11-10T08:45:10+00:00\" \/>\n<meta property=\"og:image\" content=\"https:\/\/joseppons.com\/formacion\/wp-content\/uploads\/2020\/02\/080-BARCELONA-FASHION.jpg\" \/>\n\t<meta property=\"og:image:width\" content=\"4172\" \/>\n\t<meta property=\"og:image:height\" content=\"2844\" \/>\n\t<meta property=\"og:image:type\" content=\"image\/jpeg\" \/>\n<meta name=\"author\" content=\"joseppons\" \/>\n<meta name=\"twitter:card\" content=\"summary_large_image\" \/>\n<meta name=\"twitter:creator\" content=\"@josepponsimatge\" \/>\n<meta name=\"twitter:site\" content=\"@josepponsimatge\" \/>\n<meta name=\"twitter:label1\" content=\"Escrito por\" \/>\n\t<meta name=\"twitter:data1\" content=\"joseppons\" \/>\n\t<meta name=\"twitter:label2\" content=\"Tiempo de lectura\" \/>\n\t<meta name=\"twitter:data2\" content=\"5 minutos\" \/>\n<script type=\"application\/ld+json\" class=\"yoast-schema-graph\">{\"@context\":\"https:\/\/schema.org\",\"@graph\":[{\"@type\":\"Article\",\"@id\":\"https:\/\/joseppons.com\/formacion\/las-alumnas-del-grado-superior-asesoria-imagen-asisten-080-barcelona-fashion\/#article\",\"isPartOf\":{\"@id\":\"https:\/\/joseppons.com\/formacion\/las-alumnas-del-grado-superior-asesoria-imagen-asisten-080-barcelona-fashion\/\"},\"author\":{\"name\":\"joseppons\",\"@id\":\"https:\/\/joseppons.com\/formacion\/#\/schema\/person\/52350c76759824d67ee4b9d948063ed1\"},\"headline\":\"Las alumnas del Grado Superior de Asesor\u00eda de Imagen asisten a la 080 Barcelona Fashion \ud83d\udc57\",\"datePublished\":\"2020-02-06T10:54:52+00:00\",\"dateModified\":\"2025-11-10T08:45:10+00:00\",\"mainEntityOfPage\":{\"@id\":\"https:\/\/joseppons.com\/formacion\/las-alumnas-del-grado-superior-asesoria-imagen-asisten-080-barcelona-fashion\/\"},\"wordCount\":961,\"commentCount\":0,\"publisher\":{\"@id\":\"https:\/\/joseppons.com\/formacion\/#organization\"},\"image\":{\"@id\":\"https:\/\/joseppons.com\/formacion\/las-alumnas-del-grado-superior-asesoria-imagen-asisten-080-barcelona-fashion\/#primaryimage\"},\"thumbnailUrl\":\"https:\/\/joseppons.com\/formacion\/wp-content\/uploads\/2020\/02\/080-BARCELONA-FASHION.jpg\",\"keywords\":[\"080 barcelona\",\"080 Fashion Show Barcelona\",\"E\u00f1aut Fall\/Winter 2020.21\",\"Grado Superior\",\"grado superior asesoria de imagen\",\"V\u00fa Barcelona Fall\/Winter 2020.21\"],\"articleSection\":[\"Actualidad\",\"Asesor\u00eda de imagen\",\"Grado Superior en Asesor\u00eda\",\"Grados y cursos\",\"Servicios de Asesor\u00eda\",\"tendencias\"],\"inLanguage\":\"es\",\"potentialAction\":[{\"@type\":\"CommentAction\",\"name\":\"Comment\",\"target\":[\"https:\/\/joseppons.com\/formacion\/las-alumnas-del-grado-superior-asesoria-imagen-asisten-080-barcelona-fashion\/#respond\"]}]},{\"@type\":\"WebPage\",\"@id\":\"https:\/\/joseppons.com\/formacion\/las-alumnas-del-grado-superior-asesoria-imagen-asisten-080-barcelona-fashion\/\",\"url\":\"https:\/\/joseppons.com\/formacion\/las-alumnas-del-grado-superior-asesoria-imagen-asisten-080-barcelona-fashion\/\",\"name\":\"Las alumnas del Grado Superior de Asesor\u00eda de Imagen asisten a la 080 Barcelona Fashion \ud83d\udc57 - Josep Pons Formaci\u00f3n\",\"isPartOf\":{\"@id\":\"https:\/\/joseppons.com\/formacion\/#website\"},\"primaryImageOfPage\":{\"@id\":\"https:\/\/joseppons.com\/formacion\/las-alumnas-del-grado-superior-asesoria-imagen-asisten-080-barcelona-fashion\/#primaryimage\"},\"image\":{\"@id\":\"https:\/\/joseppons.com\/formacion\/las-alumnas-del-grado-superior-asesoria-imagen-asisten-080-barcelona-fashion\/#primaryimage\"},\"thumbnailUrl\":\"https:\/\/joseppons.com\/formacion\/wp-content\/uploads\/2020\/02\/080-BARCELONA-FASHION.jpg\",\"datePublished\":\"2020-02-06T10:54:52+00:00\",\"dateModified\":\"2025-11-10T08:45:10+00:00\",\"description\":\"Las alumnas del Grado Superior de Asesor\u00eda de Imagen de la escuela Josep Pons han asistido, un a\u00f1o m\u00e1s, a la pasarela 080 Fashion Week. \u00a1Os lo contamos!\",\"breadcrumb\":{\"@id\":\"https:\/\/joseppons.com\/formacion\/las-alumnas-del-grado-superior-asesoria-imagen-asisten-080-barcelona-fashion\/#breadcrumb\"},\"inLanguage\":\"es\",\"potentialAction\":[{\"@type\":\"ReadAction\",\"target\":[\"https:\/\/joseppons.com\/formacion\/las-alumnas-del-grado-superior-asesoria-imagen-asisten-080-barcelona-fashion\/\"]}]},{\"@type\":\"ImageObject\",\"inLanguage\":\"es\",\"@id\":\"https:\/\/joseppons.com\/formacion\/las-alumnas-del-grado-superior-asesoria-imagen-asisten-080-barcelona-fashion\/#primaryimage\",\"url\":\"https:\/\/joseppons.com\/formacion\/wp-content\/uploads\/2020\/02\/080-BARCELONA-FASHION.jpg\",\"contentUrl\":\"https:\/\/joseppons.com\/formacion\/wp-content\/uploads\/2020\/02\/080-BARCELONA-FASHION.jpg\",\"width\":4172,\"height\":2844,\"caption\":\"080 BARCELONA FASHION\"},{\"@type\":\"BreadcrumbList\",\"@id\":\"https:\/\/joseppons.com\/formacion\/las-alumnas-del-grado-superior-asesoria-imagen-asisten-080-barcelona-fashion\/#breadcrumb\",\"itemListElement\":[{\"@type\":\"ListItem\",\"position\":1,\"name\":\"Portada\",\"item\":\"https:\/\/joseppons.com\/formacion\/\"},{\"@type\":\"ListItem\",\"position\":2,\"name\":\"Las alumnas del Grado Superior de Asesor\u00eda de Imagen asisten a la 080 Barcelona Fashion \ud83d\udc57\"}]},{\"@type\":\"WebSite\",\"@id\":\"https:\/\/joseppons.com\/formacion\/#website\",\"url\":\"https:\/\/joseppons.com\/formacion\/\",\"name\":\"Josep Pons Formaci\u00f3n\",\"description\":\"\",\"publisher\":{\"@id\":\"https:\/\/joseppons.com\/formacion\/#organization\"},\"potentialAction\":[{\"@type\":\"SearchAction\",\"target\":{\"@type\":\"EntryPoint\",\"urlTemplate\":\"https:\/\/joseppons.com\/formacion\/?s={search_term_string}\"},\"query-input\":{\"@type\":\"PropertyValueSpecification\",\"valueRequired\":true,\"valueName\":\"search_term_string\"}}],\"inLanguage\":\"es\"},{\"@type\":\"Organization\",\"@id\":\"https:\/\/joseppons.com\/formacion\/#organization\",\"name\":\"Josep Pons\",\"url\":\"https:\/\/joseppons.com\/formacion\/\",\"logo\":{\"@type\":\"ImageObject\",\"inLanguage\":\"es\",\"@id\":\"https:\/\/joseppons.com\/formacion\/#\/schema\/logo\/image\/\",\"url\":\"https:\/\/joseppons.com\/formacion\/wp-content\/uploads\/2018\/09\/logotipo-home-josepponsformacio-1.png\",\"contentUrl\":\"https:\/\/joseppons.com\/formacion\/wp-content\/uploads\/2018\/09\/logotipo-home-josepponsformacio-1.png\",\"width\":420,\"height\":280,\"caption\":\"Josep Pons\"},\"image\":{\"@id\":\"https:\/\/joseppons.com\/formacion\/#\/schema\/logo\/image\/\"},\"sameAs\":[\"https:\/\/es-es.facebook.com\/JosepPonsFormacio\/\",\"https:\/\/x.com\/josepponsimatge\",\"https:\/\/www.instagram.com\/ponsformacion\/\"]},{\"@type\":\"Person\",\"@id\":\"https:\/\/joseppons.com\/formacion\/#\/schema\/person\/52350c76759824d67ee4b9d948063ed1\",\"name\":\"joseppons\"}]}<\/script>\n<!-- \/ Yoast SEO plugin. -->","yoast_head_json":{"title":"Las alumnas del Grado Superior de Asesor\u00eda de Imagen asisten a la 080 Barcelona Fashion \ud83d\udc57 - Josep Pons Formaci\u00f3n","description":"Las alumnas del Grado Superior de Asesor\u00eda de Imagen de la escuela Josep Pons han asistido, un a\u00f1o m\u00e1s, a la pasarela 080 Fashion Week. \u00a1Os lo contamos!","robots":{"index":"index","follow":"follow","max-snippet":"max-snippet:-1","max-image-preview":"max-image-preview:large","max-video-preview":"max-video-preview:-1"},"canonical":"https:\/\/joseppons.com\/formacion\/las-alumnas-del-grado-superior-asesoria-imagen-asisten-080-barcelona-fashion\/","og_locale":"es_ES","og_type":"article","og_title":"Las alumnas del Grado Superior de Asesor\u00eda de Imagen asisten a la 080 Barcelona Fashion \ud83d\udc57 - Josep Pons Formaci\u00f3n","og_description":"Las alumnas del Grado Superior de Asesor\u00eda de Imagen de la escuela Josep Pons han asistido, un a\u00f1o m\u00e1s, a la pasarela 080 Fashion Week. \u00a1Os lo contamos!","og_url":"https:\/\/joseppons.com\/formacion\/las-alumnas-del-grado-superior-asesoria-imagen-asisten-080-barcelona-fashion\/","og_site_name":"Josep Pons Formaci\u00f3n","article_publisher":"https:\/\/es-es.facebook.com\/JosepPonsFormacio\/","article_published_time":"2020-02-06T10:54:52+00:00","article_modified_time":"2025-11-10T08:45:10+00:00","og_image":[{"width":4172,"height":2844,"url":"https:\/\/joseppons.com\/formacion\/wp-content\/uploads\/2020\/02\/080-BARCELONA-FASHION.jpg","type":"image\/jpeg"}],"author":"joseppons","twitter_card":"summary_large_image","twitter_creator":"@josepponsimatge","twitter_site":"@josepponsimatge","twitter_misc":{"Escrito por":"joseppons","Tiempo de lectura":"5 minutos"},"schema":{"@context":"https:\/\/schema.org","@graph":[{"@type":"Article","@id":"https:\/\/joseppons.com\/formacion\/las-alumnas-del-grado-superior-asesoria-imagen-asisten-080-barcelona-fashion\/#article","isPartOf":{"@id":"https:\/\/joseppons.com\/formacion\/las-alumnas-del-grado-superior-asesoria-imagen-asisten-080-barcelona-fashion\/"},"author":{"name":"joseppons","@id":"https:\/\/joseppons.com\/formacion\/#\/schema\/person\/52350c76759824d67ee4b9d948063ed1"},"headline":"Las alumnas del Grado Superior de Asesor\u00eda de Imagen asisten a la 080 Barcelona Fashion \ud83d\udc57","datePublished":"2020-02-06T10:54:52+00:00","dateModified":"2025-11-10T08:45:10+00:00","mainEntityOfPage":{"@id":"https:\/\/joseppons.com\/formacion\/las-alumnas-del-grado-superior-asesoria-imagen-asisten-080-barcelona-fashion\/"},"wordCount":961,"commentCount":0,"publisher":{"@id":"https:\/\/joseppons.com\/formacion\/#organization"},"image":{"@id":"https:\/\/joseppons.com\/formacion\/las-alumnas-del-grado-superior-asesoria-imagen-asisten-080-barcelona-fashion\/#primaryimage"},"thumbnailUrl":"https:\/\/joseppons.com\/formacion\/wp-content\/uploads\/2020\/02\/080-BARCELONA-FASHION.jpg","keywords":["080 barcelona","080 Fashion Show Barcelona","E\u00f1aut Fall\/Winter 2020.21","Grado Superior","grado superior asesoria de imagen","V\u00fa Barcelona Fall\/Winter 2020.21"],"articleSection":["Actualidad","Asesor\u00eda de imagen","Grado Superior en Asesor\u00eda","Grados y cursos","Servicios de Asesor\u00eda","tendencias"],"inLanguage":"es","potentialAction":[{"@type":"CommentAction","name":"Comment","target":["https:\/\/joseppons.com\/formacion\/las-alumnas-del-grado-superior-asesoria-imagen-asisten-080-barcelona-fashion\/#respond"]}]},{"@type":"WebPage","@id":"https:\/\/joseppons.com\/formacion\/las-alumnas-del-grado-superior-asesoria-imagen-asisten-080-barcelona-fashion\/","url":"https:\/\/joseppons.com\/formacion\/las-alumnas-del-grado-superior-asesoria-imagen-asisten-080-barcelona-fashion\/","name":"Las alumnas del Grado Superior de Asesor\u00eda de Imagen asisten a la 080 Barcelona Fashion \ud83d\udc57 - Josep Pons Formaci\u00f3n","isPartOf":{"@id":"https:\/\/joseppons.com\/formacion\/#website"},"primaryImageOfPage":{"@id":"https:\/\/joseppons.com\/formacion\/las-alumnas-del-grado-superior-asesoria-imagen-asisten-080-barcelona-fashion\/#primaryimage"},"image":{"@id":"https:\/\/joseppons.com\/formacion\/las-alumnas-del-grado-superior-asesoria-imagen-asisten-080-barcelona-fashion\/#primaryimage"},"thumbnailUrl":"https:\/\/joseppons.com\/formacion\/wp-content\/uploads\/2020\/02\/080-BARCELONA-FASHION.jpg","datePublished":"2020-02-06T10:54:52+00:00","dateModified":"2025-11-10T08:45:10+00:00","description":"Las alumnas del Grado Superior de Asesor\u00eda de Imagen de la escuela Josep Pons han asistido, un a\u00f1o m\u00e1s, a la pasarela 080 Fashion Week. \u00a1Os lo contamos!","breadcrumb":{"@id":"https:\/\/joseppons.com\/formacion\/las-alumnas-del-grado-superior-asesoria-imagen-asisten-080-barcelona-fashion\/#breadcrumb"},"inLanguage":"es","potentialAction":[{"@type":"ReadAction","target":["https:\/\/joseppons.com\/formacion\/las-alumnas-del-grado-superior-asesoria-imagen-asisten-080-barcelona-fashion\/"]}]},{"@type":"ImageObject","inLanguage":"es","@id":"https:\/\/joseppons.com\/formacion\/las-alumnas-del-grado-superior-asesoria-imagen-asisten-080-barcelona-fashion\/#primaryimage","url":"https:\/\/joseppons.com\/formacion\/wp-content\/uploads\/2020\/02\/080-BARCELONA-FASHION.jpg","contentUrl":"https:\/\/joseppons.com\/formacion\/wp-content\/uploads\/2020\/02\/080-BARCELONA-FASHION.jpg","width":4172,"height":2844,"caption":"080 BARCELONA FASHION"},{"@type":"BreadcrumbList","@id":"https:\/\/joseppons.com\/formacion\/las-alumnas-del-grado-superior-asesoria-imagen-asisten-080-barcelona-fashion\/#breadcrumb","itemListElement":[{"@type":"ListItem","position":1,"name":"Portada","item":"https:\/\/joseppons.com\/formacion\/"},{"@type":"ListItem","position":2,"name":"Las alumnas del Grado Superior de Asesor\u00eda de Imagen asisten a la 080 Barcelona Fashion \ud83d\udc57"}]},{"@type":"WebSite","@id":"https:\/\/joseppons.com\/formacion\/#website","url":"https:\/\/joseppons.com\/formacion\/","name":"Josep Pons Formaci\u00f3n","description":"","publisher":{"@id":"https:\/\/joseppons.com\/formacion\/#organization"},"potentialAction":[{"@type":"SearchAction","target":{"@type":"EntryPoint","urlTemplate":"https:\/\/joseppons.com\/formacion\/?s={search_term_string}"},"query-input":{"@type":"PropertyValueSpecification","valueRequired":true,"valueName":"search_term_string"}}],"inLanguage":"es"},{"@type":"Organization","@id":"https:\/\/joseppons.com\/formacion\/#organization","name":"Josep Pons","url":"https:\/\/joseppons.com\/formacion\/","logo":{"@type":"ImageObject","inLanguage":"es","@id":"https:\/\/joseppons.com\/formacion\/#\/schema\/logo\/image\/","url":"https:\/\/joseppons.com\/formacion\/wp-content\/uploads\/2018\/09\/logotipo-home-josepponsformacio-1.png","contentUrl":"https:\/\/joseppons.com\/formacion\/wp-content\/uploads\/2018\/09\/logotipo-home-josepponsformacio-1.png","width":420,"height":280,"caption":"Josep Pons"},"image":{"@id":"https:\/\/joseppons.com\/formacion\/#\/schema\/logo\/image\/"},"sameAs":["https:\/\/es-es.facebook.com\/JosepPonsFormacio\/","https:\/\/x.com\/josepponsimatge","https:\/\/www.instagram.com\/ponsformacion\/"]},{"@type":"Person","@id":"https:\/\/joseppons.com\/formacion\/#\/schema\/person\/52350c76759824d67ee4b9d948063ed1","name":"joseppons"}]}},"_links":{"self":[{"href":"https:\/\/joseppons.com\/formacion\/wp-json\/wp\/v2\/posts\/3086","targetHints":{"allow":["GET"]}}],"collection":[{"href":"https:\/\/joseppons.com\/formacion\/wp-json\/wp\/v2\/posts"}],"about":[{"href":"https:\/\/joseppons.com\/formacion\/wp-json\/wp\/v2\/types\/post"}],"author":[{"embeddable":true,"href":"https:\/\/joseppons.com\/formacion\/wp-json\/wp\/v2\/users\/2"}],"replies":[{"embeddable":true,"href":"https:\/\/joseppons.com\/formacion\/wp-json\/wp\/v2\/comments?post=3086"}],"version-history":[{"count":3,"href":"https:\/\/joseppons.com\/formacion\/wp-json\/wp\/v2\/posts\/3086\/revisions"}],"predecessor-version":[{"id":18995,"href":"https:\/\/joseppons.com\/formacion\/wp-json\/wp\/v2\/posts\/3086\/revisions\/18995"}],"wp:featuredmedia":[{"embeddable":true,"href":"https:\/\/joseppons.com\/formacion\/wp-json\/wp\/v2\/media\/3087"}],"wp:attachment":[{"href":"https:\/\/joseppons.com\/formacion\/wp-json\/wp\/v2\/media?parent=3086"}],"wp:term":[{"taxonomy":"category","embeddable":true,"href":"https:\/\/joseppons.com\/formacion\/wp-json\/wp\/v2\/categories?post=3086"},{"taxonomy":"post_tag","embeddable":true,"href":"https:\/\/joseppons.com\/formacion\/wp-json\/wp\/v2\/tags?post=3086"}],"curies":[{"name":"wp","href":"https:\/\/api.w.org\/{rel}","templated":true}]}}