{"id":3016,"date":"2020-01-23T10:30:48","date_gmt":"2020-01-23T09:30:48","guid":{"rendered":"https:\/\/joseppons.com\/formacion\/?p=3016"},"modified":"2025-11-10T09:36:26","modified_gmt":"2025-11-10T08:36:26","slug":"las-manicuras-que-pediras-en-el-salon-este-2020","status":"publish","type":"post","link":"https:\/\/joseppons.com\/formacion\/las-manicuras-que-pediras-en-el-salon-este-2020\/","title":{"rendered":"Las manicuras que pedir\u00e1s en el sal\u00f3n este 2020 \ud83d\udc85"},"content":{"rendered":"\t\t<div data-elementor-type=\"wp-post\" data-elementor-id=\"3016\" class=\"elementor elementor-3016\" data-elementor-post-type=\"post\">\n\t\t\t\t\t\t<section class=\"elementor-section elementor-top-section elementor-element elementor-element-0a7a2a5 elementor-section-boxed elementor-section-height-default elementor-section-height-default\" data-id=\"0a7a2a5\" data-element_type=\"section\">\n\t\t\t\t\t\t<div class=\"elementor-container elementor-column-gap-default\">\n\t\t\t\t\t<div class=\"elementor-column elementor-col-100 elementor-top-column elementor-element elementor-element-77360bf\" data-id=\"77360bf\" data-element_type=\"column\">\n\t\t\t<div class=\"elementor-widget-wrap elementor-element-populated\">\n\t\t\t\t\t\t<div class=\"elementor-element elementor-element-b6a0e99 elementor-widget elementor-widget-text-editor\" data-id=\"b6a0e99\" data-element_type=\"widget\" data-widget_type=\"text-editor.default\">\n\t\t\t\t<div class=\"elementor-widget-container\">\n\t\t\t\t\t\t\t\t\t<p>La llegada del 2020 no solo ha significado un cambio de d\u00e9cada, tambi\u00e9n ha arrastrado<a href=\"https:\/\/joseppons.com\/formacion\/tendencias-2020\/\"> nuevas modas<\/a>, tendencias, peinados y \u00a1c\u00f3mo no! manicuras.<\/p><p>Tan pronto como hemos dejado atr\u00e1s el 2019, los artistas que se dedican a las u\u00f1as, las marcas que comparten sus ideas en Internet y todas las famosas que hemos visto desfilar en alfombras rojas se han encargado de dictar las manicuras que van a estar en el top 10 esta temporada.<\/p><p>Aunque sean cl\u00e1sicos muy elegantes, c\u00f3modos y que nunca pasan de moda, las <strong>u\u00f1as de color<\/strong> negro, granate y francesa empezar\u00e1n a compartir la paleta de esmaltes con las ideas m\u00e1s creativas en<em> nailart<\/em>.<\/p><p>Este a\u00f1o veremos diferentes mezclas de colores, acabados brillantes y dise\u00f1os que nunca antes te hubieras atrevido a llevar.<\/p><p>Y es que ahora la gente cada vez tiene menos miedo a arriesgar y prefiere destacar con<strong> colores propios y atrevidos<\/strong> que vayan en consonancia con su personalidad.<\/p><p>\u00bfPreparad@ para conocer las manicuras que van a pisar fuerte este 2020?<\/p><p>\u00a1Vamos all\u00e1!<\/p>\t\t\t\t\t\t\t\t<\/div>\n\t\t\t\t<\/div>\n\t\t\t\t\t<\/div>\n\t\t<\/div>\n\t\t\t\t\t<\/div>\n\t\t<\/section>\n\t\t\t\t<section class=\"elementor-section elementor-top-section elementor-element elementor-element-80acee8 elementor-section-boxed elementor-section-height-default elementor-section-height-default\" data-id=\"80acee8\" data-element_type=\"section\">\n\t\t\t\t\t\t<div class=\"elementor-container elementor-column-gap-default\">\n\t\t\t\t\t<div class=\"elementor-column elementor-col-100 elementor-top-column elementor-element elementor-element-f5a6578\" data-id=\"f5a6578\" data-element_type=\"column\">\n\t\t\t<div class=\"elementor-widget-wrap elementor-element-populated\">\n\t\t\t\t\t\t<div class=\"elementor-element elementor-element-aec141b elementor-widget elementor-widget-heading\" data-id=\"aec141b\" data-element_type=\"widget\" data-widget_type=\"heading.default\">\n\t\t\t\t<div class=\"elementor-widget-container\">\n\t\t\t\t\t<h2 class=\"elementor-heading-title elementor-size-default\">Manicura iridiscente<\/h2>\t\t\t\t<\/div>\n\t\t\t\t<\/div>\n\t\t\t\t\t<\/div>\n\t\t<\/div>\n\t\t\t\t\t<\/div>\n\t\t<\/section>\n\t\t\t\t<section class=\"elementor-section elementor-top-section elementor-element elementor-element-62bf2f3 elementor-section-boxed elementor-section-height-default elementor-section-height-default\" data-id=\"62bf2f3\" data-element_type=\"section\">\n\t\t\t\t\t\t<div class=\"elementor-container elementor-column-gap-default\">\n\t\t\t\t\t<div class=\"elementor-column elementor-col-100 elementor-top-column elementor-element elementor-element-5bdfc0d\" data-id=\"5bdfc0d\" data-element_type=\"column\">\n\t\t\t<div class=\"elementor-widget-wrap elementor-element-populated\">\n\t\t\t\t\t\t<div class=\"elementor-element elementor-element-a982bf2 elementor-widget elementor-widget-text-editor\" data-id=\"a982bf2\" data-element_type=\"widget\" data-widget_type=\"text-editor.default\">\n\t\t\t\t<div class=\"elementor-widget-container\">\n\t\t\t\t\t\t\t\t\t<p>El <strong>efecto hologr\u00e1fico<\/strong> se convertir\u00e1 en tu obsesi\u00f3n este a\u00f1o.<\/p><p>Se trata de una tendencia que &#8211; hasta la fecha &#8211; hab\u00edamos visto en bolsos, faldas y camisetas con transparencias, pero que este a\u00f1o se coronar\u00e1 como la aut\u00e9ntica protagonista del apasionante mundo <em>beauty<\/em>.<\/p><p>La <strong>manicura iridiscente<\/strong> busca reflejar los colores del arco iris a la vez que da un <a href=\"https:\/\/joseppons.com\/formacion\/5-chaquetas-moda-netflix\/\">toque futurista<\/a> a las u\u00f1as con un contraste de luces y texturas que juega con los efectos <strong>hologr\u00e1fico y metalizado<\/strong>.<\/p><p>Este tipo de manicura es muy vers\u00e1til, por lo que podr\u00e1s probar con diferentes acabados.<\/p><p>Para un resultado m\u00e1s discreto utiliza tonalidades <em>nude<\/em> e iridiscencias parciales, y para manicuras m\u00e1s estridentes arriesga mezclando colores llamativos.<\/p>\t\t\t\t\t\t\t\t<\/div>\n\t\t\t\t<\/div>\n\t\t\t\t\t<\/div>\n\t\t<\/div>\n\t\t\t\t\t<\/div>\n\t\t<\/section>\n\t\t\t\t<section class=\"elementor-section elementor-top-section elementor-element elementor-element-89fa759 elementor-section-boxed elementor-section-height-default elementor-section-height-default\" data-id=\"89fa759\" data-element_type=\"section\">\n\t\t\t\t\t\t<div class=\"elementor-container elementor-column-gap-default\">\n\t\t\t\t\t<div class=\"elementor-column elementor-col-100 elementor-top-column elementor-element elementor-element-5194986\" data-id=\"5194986\" data-element_type=\"column\">\n\t\t\t<div class=\"elementor-widget-wrap elementor-element-populated\">\n\t\t\t\t\t\t<div class=\"elementor-element elementor-element-6068117 elementor-widget elementor-widget-image\" data-id=\"6068117\" data-element_type=\"widget\" data-widget_type=\"image.default\">\n\t\t\t\t<div class=\"elementor-widget-container\">\n\t\t\t\t\t\t\t\t\t\t\t\t<figure class=\"wp-caption\">\n\t\t\t\t\t\t\t\t\t\t<img fetchpriority=\"high\" decoding=\"async\" width=\"938\" height=\"474\" src=\"https:\/\/joseppons.com\/formacion\/wp-content\/uploads\/2020\/01\/U\u00f1as-iridiscentes.jpg\" class=\"attachment-large size-large wp-image-3018\" alt=\"U\u00f1as iridiscentes\" srcset=\"https:\/\/joseppons.com\/formacion\/wp-content\/uploads\/2020\/01\/U\u00f1as-iridiscentes.jpg 938w, https:\/\/joseppons.com\/formacion\/wp-content\/uploads\/2020\/01\/U\u00f1as-iridiscentes-768x388.jpg 768w\" sizes=\"(max-width: 938px) 100vw, 938px\" \/>\t\t\t\t\t\t\t\t\t\t\t<figcaption class=\"widget-image-caption wp-caption-text\">U\u00f1as iridiscentes<\/figcaption>\n\t\t\t\t\t\t\t\t\t\t<\/figure>\n\t\t\t\t\t\t\t\t\t<\/div>\n\t\t\t\t<\/div>\n\t\t\t\t\t<\/div>\n\t\t<\/div>\n\t\t\t\t\t<\/div>\n\t\t<\/section>\n\t\t\t\t<section class=\"elementor-section elementor-top-section elementor-element elementor-element-af70f1a elementor-section-boxed elementor-section-height-default elementor-section-height-default\" data-id=\"af70f1a\" data-element_type=\"section\">\n\t\t\t\t\t\t<div class=\"elementor-container elementor-column-gap-default\">\n\t\t\t\t\t<div class=\"elementor-column elementor-col-100 elementor-top-column elementor-element elementor-element-06aee95\" data-id=\"06aee95\" data-element_type=\"column\">\n\t\t\t<div class=\"elementor-widget-wrap elementor-element-populated\">\n\t\t\t\t\t\t<div class=\"elementor-element elementor-element-5c415be elementor-widget elementor-widget-heading\" data-id=\"5c415be\" data-element_type=\"widget\" data-widget_type=\"heading.default\">\n\t\t\t\t<div class=\"elementor-widget-container\">\n\t\t\t\t\t<h2 class=\"elementor-heading-title elementor-size-default\">Manicura francesa 2.0<\/h2>\t\t\t\t<\/div>\n\t\t\t\t<\/div>\n\t\t\t\t\t<\/div>\n\t\t<\/div>\n\t\t\t\t\t<\/div>\n\t\t<\/section>\n\t\t\t\t<section class=\"elementor-section elementor-top-section elementor-element elementor-element-3f4e612 elementor-section-boxed elementor-section-height-default elementor-section-height-default\" data-id=\"3f4e612\" data-element_type=\"section\">\n\t\t\t\t\t\t<div class=\"elementor-container elementor-column-gap-default\">\n\t\t\t\t\t<div class=\"elementor-column elementor-col-100 elementor-top-column elementor-element elementor-element-6b7eb77\" data-id=\"6b7eb77\" data-element_type=\"column\">\n\t\t\t<div class=\"elementor-widget-wrap elementor-element-populated\">\n\t\t\t\t\t\t<div class=\"elementor-element elementor-element-eb213f7 elementor-widget elementor-widget-text-editor\" data-id=\"eb213f7\" data-element_type=\"widget\" data-widget_type=\"text-editor.default\">\n\t\t\t\t<div class=\"elementor-widget-container\">\n\t\t\t\t\t\t\t\t\t<p>El 2019 fue el a\u00f1o del \u201c<em>welcome back<\/em>&#8216; de la <a href=\"https:\/\/joseppons.com\/formacion\/asesoria-imagen-barcelona-bridal-week\/\">manicura francesa en las pasarelas<\/a>, alfombras rojas y salones de belleza.<\/p><p>Sin embargo, este a\u00f1o va a experimentar un peque\u00f1o cambio.<\/p><p>La tradicional manicura francesa deja paso a <strong>dise\u00f1os m\u00e1s creativos<\/strong>, aunque igual de elegantes y sofisticados que su versi\u00f3n m\u00e1s cl\u00e1sica.<\/p><p>Esta evoluci\u00f3n de la tendencia tiene muchas variantes.<\/p><p>Se puede aumentar el color de la parte superior de la u\u00f1a y llevarlo hasta casi la mitad; crear un <strong>efecto degradado<\/strong> entre los dos colores; o realizar un acabado geom\u00e9trico con <em>nail art<\/em>.<\/p>\t\t\t\t\t\t\t\t<\/div>\n\t\t\t\t<\/div>\n\t\t\t\t\t<\/div>\n\t\t<\/div>\n\t\t\t\t\t<\/div>\n\t\t<\/section>\n\t\t\t\t<section class=\"elementor-section elementor-top-section elementor-element elementor-element-c1abf77 elementor-section-boxed elementor-section-height-default elementor-section-height-default\" data-id=\"c1abf77\" data-element_type=\"section\">\n\t\t\t\t\t\t<div class=\"elementor-container elementor-column-gap-default\">\n\t\t\t\t\t<div class=\"elementor-column elementor-col-100 elementor-top-column elementor-element elementor-element-d69d5dc\" data-id=\"d69d5dc\" data-element_type=\"column\">\n\t\t\t<div class=\"elementor-widget-wrap elementor-element-populated\">\n\t\t\t\t\t\t<div class=\"elementor-element elementor-element-bcdab95 elementor-widget elementor-widget-image\" data-id=\"bcdab95\" data-element_type=\"widget\" data-widget_type=\"image.default\">\n\t\t\t\t<div class=\"elementor-widget-container\">\n\t\t\t\t\t\t\t\t\t\t\t\t<figure class=\"wp-caption\">\n\t\t\t\t\t\t\t\t\t\t<img decoding=\"async\" width=\"938\" height=\"476\" src=\"https:\/\/joseppons.com\/formacion\/wp-content\/uploads\/2020\/01\/Manicura-francesa.jpg\" class=\"attachment-large size-large wp-image-3021\" alt=\"Manicura francesa\" srcset=\"https:\/\/joseppons.com\/formacion\/wp-content\/uploads\/2020\/01\/Manicura-francesa.jpg 938w, https:\/\/joseppons.com\/formacion\/wp-content\/uploads\/2020\/01\/Manicura-francesa-768x390.jpg 768w\" sizes=\"(max-width: 938px) 100vw, 938px\" \/>\t\t\t\t\t\t\t\t\t\t\t<figcaption class=\"widget-image-caption wp-caption-text\">Manicura francesa<\/figcaption>\n\t\t\t\t\t\t\t\t\t\t<\/figure>\n\t\t\t\t\t\t\t\t\t<\/div>\n\t\t\t\t<\/div>\n\t\t\t\t\t<\/div>\n\t\t<\/div>\n\t\t\t\t\t<\/div>\n\t\t<\/section>\n\t\t\t\t<section class=\"elementor-section elementor-top-section elementor-element elementor-element-59ed075 elementor-section-boxed elementor-section-height-default elementor-section-height-default\" data-id=\"59ed075\" data-element_type=\"section\">\n\t\t\t\t\t\t<div class=\"elementor-container elementor-column-gap-default\">\n\t\t\t\t\t<div class=\"elementor-column elementor-col-100 elementor-top-column elementor-element elementor-element-de277d2\" data-id=\"de277d2\" data-element_type=\"column\">\n\t\t\t<div class=\"elementor-widget-wrap elementor-element-populated\">\n\t\t\t\t\t\t<div class=\"elementor-element elementor-element-ef9428d elementor-widget elementor-widget-heading\" data-id=\"ef9428d\" data-element_type=\"widget\" data-widget_type=\"heading.default\">\n\t\t\t\t<div class=\"elementor-widget-container\">\n\t\t\t\t\t<h2 class=\"elementor-heading-title elementor-size-default\">Manicura geom\u00e9trica<\/h2>\t\t\t\t<\/div>\n\t\t\t\t<\/div>\n\t\t\t\t\t<\/div>\n\t\t<\/div>\n\t\t\t\t\t<\/div>\n\t\t<\/section>\n\t\t\t\t<section class=\"elementor-section elementor-top-section elementor-element elementor-element-49b6b1e elementor-section-boxed elementor-section-height-default elementor-section-height-default\" data-id=\"49b6b1e\" data-element_type=\"section\">\n\t\t\t\t\t\t<div class=\"elementor-container elementor-column-gap-default\">\n\t\t\t\t\t<div class=\"elementor-column elementor-col-100 elementor-top-column elementor-element elementor-element-10dabbd\" data-id=\"10dabbd\" data-element_type=\"column\">\n\t\t\t<div class=\"elementor-widget-wrap elementor-element-populated\">\n\t\t\t\t\t\t<div class=\"elementor-element elementor-element-70904c5 elementor-widget elementor-widget-text-editor\" data-id=\"70904c5\" data-element_type=\"widget\" data-widget_type=\"text-editor.default\">\n\t\t\t\t<div class=\"elementor-widget-container\">\n\t\t\t\t\t\t\t\t\t<p>Que con las manos expresamos much\u00edsimo es un hecho innegable.<\/p><p>La manicura que llevemos habla de nosotros, sobretodo de nuestra personalidad y de la importancia que le damos al <strong>cuidado est\u00e9tico<\/strong>.<\/p><p>Es por eso que cada vez m\u00e1s existen nuevas tendencias capaces de trasladar con formas y colores nuestro mundo interior.<\/p><p>Un claro ejemplo es la <strong>manicura geom\u00e9trica<\/strong>, que convierte las u\u00f1as en el lienzo perfecto para crear estampados, figuras y detalles geom\u00e9tricos en consonancia con nuestros gustos e intenciones.<\/p><p>Y es que unas u\u00f1as de tonos <em>nude<\/em> acompa\u00f1adas con motivos geom\u00e9tricos siempre aportar\u00e1n un toque especial y m\u00e1s juvenil a un dise\u00f1o m\u00e1s cl\u00e1sico y sofisticado.<\/p><p>Del mismo modo que optar por unos colores m\u00e1s llamativos y unas formas m\u00e1s originales convertir\u00e1n cualquier <a href=\"https:\/\/joseppons.com\/formacion\/grado-medio-de-estetica-y-belleza\/\">manicura<\/a> en el centro de atenci\u00f3n de todo <em>outfit<\/em>.<\/p>\t\t\t\t\t\t\t\t<\/div>\n\t\t\t\t<\/div>\n\t\t\t\t\t<\/div>\n\t\t<\/div>\n\t\t\t\t\t<\/div>\n\t\t<\/section>\n\t\t\t\t<section class=\"elementor-section elementor-top-section elementor-element elementor-element-71c9338 elementor-section-boxed elementor-section-height-default elementor-section-height-default\" data-id=\"71c9338\" data-element_type=\"section\">\n\t\t\t\t\t\t<div class=\"elementor-container elementor-column-gap-default\">\n\t\t\t\t\t<div class=\"elementor-column elementor-col-100 elementor-top-column elementor-element elementor-element-cf0abc7\" data-id=\"cf0abc7\" data-element_type=\"column\">\n\t\t\t<div class=\"elementor-widget-wrap elementor-element-populated\">\n\t\t\t\t\t\t<div class=\"elementor-element elementor-element-afd6922 elementor-widget elementor-widget-image\" data-id=\"afd6922\" data-element_type=\"widget\" data-widget_type=\"image.default\">\n\t\t\t\t<div class=\"elementor-widget-container\">\n\t\t\t\t\t\t\t\t\t\t\t\t<figure class=\"wp-caption\">\n\t\t\t\t\t\t\t\t\t\t<img decoding=\"async\" width=\"936\" height=\"474\" src=\"https:\/\/joseppons.com\/formacion\/wp-content\/uploads\/2020\/01\/Manicura-geom\u00e9trica.jpg\" class=\"attachment-large size-large wp-image-3022\" alt=\"Manicura geom\u00e9trica\" srcset=\"https:\/\/joseppons.com\/formacion\/wp-content\/uploads\/2020\/01\/Manicura-geom\u00e9trica.jpg 936w, https:\/\/joseppons.com\/formacion\/wp-content\/uploads\/2020\/01\/Manicura-geom\u00e9trica-768x389.jpg 768w\" sizes=\"(max-width: 936px) 100vw, 936px\" \/>\t\t\t\t\t\t\t\t\t\t\t<figcaption class=\"widget-image-caption wp-caption-text\">Manicura geom\u00e9trica<\/figcaption>\n\t\t\t\t\t\t\t\t\t\t<\/figure>\n\t\t\t\t\t\t\t\t\t<\/div>\n\t\t\t\t<\/div>\n\t\t\t\t\t<\/div>\n\t\t<\/div>\n\t\t\t\t\t<\/div>\n\t\t<\/section>\n\t\t\t\t<section class=\"elementor-section elementor-top-section elementor-element elementor-element-053e273 elementor-section-boxed elementor-section-height-default elementor-section-height-default\" data-id=\"053e273\" data-element_type=\"section\">\n\t\t\t\t\t\t<div class=\"elementor-container elementor-column-gap-default\">\n\t\t\t\t\t<div class=\"elementor-column elementor-col-100 elementor-top-column elementor-element elementor-element-824b8f5\" data-id=\"824b8f5\" data-element_type=\"column\">\n\t\t\t<div class=\"elementor-widget-wrap elementor-element-populated\">\n\t\t\t\t\t\t<div class=\"elementor-element elementor-element-1635212 elementor-widget elementor-widget-heading\" data-id=\"1635212\" data-element_type=\"widget\" data-widget_type=\"heading.default\">\n\t\t\t\t<div class=\"elementor-widget-container\">\n\t\t\t\t\t<h2 class=\"elementor-heading-title elementor-size-default\">Manicura minimalista<\/h2>\t\t\t\t<\/div>\n\t\t\t\t<\/div>\n\t\t\t\t\t<\/div>\n\t\t<\/div>\n\t\t\t\t\t<\/div>\n\t\t<\/section>\n\t\t\t\t<section class=\"elementor-section elementor-top-section elementor-element elementor-element-8d842f5 elementor-section-boxed elementor-section-height-default elementor-section-height-default\" data-id=\"8d842f5\" data-element_type=\"section\">\n\t\t\t\t\t\t<div class=\"elementor-container elementor-column-gap-default\">\n\t\t\t\t\t<div class=\"elementor-column elementor-col-100 elementor-top-column elementor-element elementor-element-da31a8b\" data-id=\"da31a8b\" data-element_type=\"column\">\n\t\t\t<div class=\"elementor-widget-wrap elementor-element-populated\">\n\t\t\t\t\t\t<div class=\"elementor-element elementor-element-4e7bf63 elementor-widget elementor-widget-text-editor\" data-id=\"4e7bf63\" data-element_type=\"widget\" data-widget_type=\"text-editor.default\">\n\t\t\t\t<div class=\"elementor-widget-container\">\n\t\t\t\t\t\t\t\t\t<p>Los <a href=\"https:\/\/joseppons.com\/formacion\/ciclos-formativos-de-asesoria-de-imagen\/\">expertos de moda<\/a> han hablado y las redes sociales tambi\u00e9n.<\/p><p>La <strong>manicura minimalista<\/strong> es uno de los <em>hits<\/em> del momento, sobretodo en su versi\u00f3n m\u00e1s <em>brilli-brilli<\/em>.<\/p><p>Aunque las <strong>tendencias urbanas<\/strong> marcan unas manicuras cada vez m\u00e1s barrocas, los artistas en<em> nail art<\/em> y las <em><a href=\"https:\/\/joseppons.com\/formacion\/famosos-josep-pons\/\">celebrities<\/a><\/em> apuestan por la sofisticaci\u00f3n y reinterpretan la corriente del minimalismo con <strong>dise\u00f1os sencillos<\/strong> pero muy efectivos.<\/p><p>Este 2020 priorizaremos los esmaltes de color nude como base y a\u00f1adiremos un extra de brillo con peque\u00f1as part\u00edculas de <em>glitter <\/em>o con pegatinas de efecto dorado que aportan ese plus tan especial.<\/p><p>El truco est\u00e1 en <a href=\"https:\/\/joseppons.com\/formacion\/masterclass-de-manicura\/\">decorar las u\u00f1as<\/a> para buscar un peque\u00f1o contraste sin que se aleje del concepto de delicadeza.<\/p>\t\t\t\t\t\t\t\t<\/div>\n\t\t\t\t<\/div>\n\t\t\t\t\t<\/div>\n\t\t<\/div>\n\t\t\t\t\t<\/div>\n\t\t<\/section>\n\t\t\t\t<section class=\"elementor-section elementor-top-section elementor-element elementor-element-910b754 elementor-section-boxed elementor-section-height-default elementor-section-height-default\" data-id=\"910b754\" data-element_type=\"section\">\n\t\t\t\t\t\t<div class=\"elementor-container elementor-column-gap-default\">\n\t\t\t\t\t<div class=\"elementor-column elementor-col-100 elementor-top-column elementor-element elementor-element-ba4fc89\" data-id=\"ba4fc89\" data-element_type=\"column\">\n\t\t\t<div class=\"elementor-widget-wrap elementor-element-populated\">\n\t\t\t\t\t\t<div class=\"elementor-element elementor-element-e144c39 elementor-widget elementor-widget-image\" data-id=\"e144c39\" data-element_type=\"widget\" data-widget_type=\"image.default\">\n\t\t\t\t<div class=\"elementor-widget-container\">\n\t\t\t\t\t\t\t\t\t\t\t\t<figure class=\"wp-caption\">\n\t\t\t\t\t\t\t\t\t\t<img loading=\"lazy\" decoding=\"async\" width=\"936\" height=\"472\" src=\"https:\/\/joseppons.com\/formacion\/wp-content\/uploads\/2020\/01\/Tendencia-minimalista.jpg\" class=\"attachment-large size-large wp-image-3024\" alt=\"Tendencia minimalista\" srcset=\"https:\/\/joseppons.com\/formacion\/wp-content\/uploads\/2020\/01\/Tendencia-minimalista.jpg 936w, https:\/\/joseppons.com\/formacion\/wp-content\/uploads\/2020\/01\/Tendencia-minimalista-768x387.jpg 768w\" sizes=\"(max-width: 936px) 100vw, 936px\" \/>\t\t\t\t\t\t\t\t\t\t\t<figcaption class=\"widget-image-caption wp-caption-text\">Tendencia minimalista<\/figcaption>\n\t\t\t\t\t\t\t\t\t\t<\/figure>\n\t\t\t\t\t\t\t\t\t<\/div>\n\t\t\t\t<\/div>\n\t\t\t\t\t<\/div>\n\t\t<\/div>\n\t\t\t\t\t<\/div>\n\t\t<\/section>\n\t\t\t\t<section class=\"elementor-section elementor-top-section elementor-element elementor-element-f3f41fe elementor-section-boxed elementor-section-height-default elementor-section-height-default\" data-id=\"f3f41fe\" data-element_type=\"section\">\n\t\t\t\t\t\t<div class=\"elementor-container elementor-column-gap-default\">\n\t\t\t\t\t<div class=\"elementor-column elementor-col-100 elementor-top-column elementor-element elementor-element-a318e33\" data-id=\"a318e33\" data-element_type=\"column\">\n\t\t\t<div class=\"elementor-widget-wrap elementor-element-populated\">\n\t\t\t\t\t\t<div class=\"elementor-element elementor-element-00d2f2a elementor-widget elementor-widget-heading\" data-id=\"00d2f2a\" data-element_type=\"widget\" data-widget_type=\"heading.default\">\n\t\t\t\t<div class=\"elementor-widget-container\">\n\t\t\t\t\t<h2 class=\"elementor-heading-title elementor-size-default\">Manicura de colores<\/h2>\t\t\t\t<\/div>\n\t\t\t\t<\/div>\n\t\t\t\t\t<\/div>\n\t\t<\/div>\n\t\t\t\t\t<\/div>\n\t\t<\/section>\n\t\t\t\t<section class=\"elementor-section elementor-top-section elementor-element elementor-element-a32fac2 elementor-section-boxed elementor-section-height-default elementor-section-height-default\" data-id=\"a32fac2\" data-element_type=\"section\">\n\t\t\t\t\t\t<div class=\"elementor-container elementor-column-gap-default\">\n\t\t\t\t\t<div class=\"elementor-column elementor-col-100 elementor-top-column elementor-element elementor-element-3a4b136\" data-id=\"3a4b136\" data-element_type=\"column\">\n\t\t\t<div class=\"elementor-widget-wrap elementor-element-populated\">\n\t\t\t\t\t\t<div class=\"elementor-element elementor-element-0ea2272 elementor-widget elementor-widget-text-editor\" data-id=\"0ea2272\" data-element_type=\"widget\" data-widget_type=\"text-editor.default\">\n\t\t\t\t<div class=\"elementor-widget-container\">\n\t\t\t\t\t\t\t\t\t<p>La escalera de color lleg\u00f3 este pasado verano, y parece que no se ir\u00e1 tan f\u00e1cilmente.<\/p><p>Y es que aunque al principio esta tendencia parec\u00eda muy atrevida y (tal vez) un tanto colorida, promete seguir en el podio de la moda de las u\u00f1as todo el 2020.<\/p><p>Sin embargo, lo har\u00e1 priorizando las escalas crom\u00e1ticas.<\/p><p>La \u00faltima <strong>tendencia en manicuras<\/strong> de colores es jugar con las distintas intensidades de un mismo tono o mezclar diferentes tonalidades de una misa armon\u00eda de color, ya sea fr\u00eda o c\u00e1lida.<\/p><p>Por lo que hace a las texturas, nuestras <a href=\"https:\/\/joseppons.com\/formacion\/grado-medio-de-estetica-y-belleza\/\">especialistas en Est\u00e9tica y Belleza<\/a> recomiendan escoger los efectos con los que te sientas m\u00e1s a gusto, ya que puedes aplicar esta t\u00e9cnica tanto con esmaltes de acabado mate como con las caracter\u00edsticas y aclamadas <strong>u\u00f1as de gel<\/strong>.<\/p>\t\t\t\t\t\t\t\t<\/div>\n\t\t\t\t<\/div>\n\t\t\t\t\t<\/div>\n\t\t<\/div>\n\t\t\t\t\t<\/div>\n\t\t<\/section>\n\t\t\t\t<section class=\"elementor-section elementor-top-section elementor-element elementor-element-83bed46 elementor-section-boxed elementor-section-height-default elementor-section-height-default\" data-id=\"83bed46\" data-element_type=\"section\">\n\t\t\t\t\t\t<div class=\"elementor-container elementor-column-gap-default\">\n\t\t\t\t\t<div class=\"elementor-column elementor-col-100 elementor-top-column elementor-element elementor-element-bf20687\" data-id=\"bf20687\" data-element_type=\"column\">\n\t\t\t<div class=\"elementor-widget-wrap elementor-element-populated\">\n\t\t\t\t\t\t<div class=\"elementor-element elementor-element-18f07a4 elementor-widget elementor-widget-image\" data-id=\"18f07a4\" data-element_type=\"widget\" data-widget_type=\"image.default\">\n\t\t\t\t<div class=\"elementor-widget-container\">\n\t\t\t\t\t\t\t\t\t\t\t\t<figure class=\"wp-caption\">\n\t\t\t\t\t\t\t\t\t\t<img loading=\"lazy\" decoding=\"async\" width=\"937\" height=\"473\" src=\"https:\/\/joseppons.com\/formacion\/wp-content\/uploads\/2020\/01\/Manicura-multicolor.jpg\" class=\"attachment-large size-large wp-image-3025\" alt=\"Manicura multicolor\" srcset=\"https:\/\/joseppons.com\/formacion\/wp-content\/uploads\/2020\/01\/Manicura-multicolor.jpg 937w, https:\/\/joseppons.com\/formacion\/wp-content\/uploads\/2020\/01\/Manicura-multicolor-768x388.jpg 768w\" sizes=\"(max-width: 937px) 100vw, 937px\" \/>\t\t\t\t\t\t\t\t\t\t\t<figcaption class=\"widget-image-caption wp-caption-text\">Manicura multicolor<\/figcaption>\n\t\t\t\t\t\t\t\t\t\t<\/figure>\n\t\t\t\t\t\t\t\t\t<\/div>\n\t\t\t\t<\/div>\n\t\t\t\t\t<\/div>\n\t\t<\/div>\n\t\t\t\t\t<\/div>\n\t\t<\/section>\n\t\t\t\t<section class=\"elementor-section elementor-top-section elementor-element elementor-element-1c5514f elementor-section-boxed elementor-section-height-default elementor-section-height-default\" data-id=\"1c5514f\" data-element_type=\"section\">\n\t\t\t\t\t\t<div class=\"elementor-container elementor-column-gap-default\">\n\t\t\t\t\t<div class=\"elementor-column elementor-col-100 elementor-top-column elementor-element elementor-element-9b53e9e\" data-id=\"9b53e9e\" data-element_type=\"column\">\n\t\t\t<div class=\"elementor-widget-wrap elementor-element-populated\">\n\t\t\t\t\t\t<div class=\"elementor-element elementor-element-810b380 elementor-widget elementor-widget-heading\" data-id=\"810b380\" data-element_type=\"widget\" data-widget_type=\"heading.default\">\n\t\t\t\t<div class=\"elementor-widget-container\">\n\t\t\t\t\t<h2 class=\"elementor-heading-title elementor-size-default\">Manicura de m\u00e1rmol<\/h2>\t\t\t\t<\/div>\n\t\t\t\t<\/div>\n\t\t\t\t\t<\/div>\n\t\t<\/div>\n\t\t\t\t\t<\/div>\n\t\t<\/section>\n\t\t\t\t<section class=\"elementor-section elementor-top-section elementor-element elementor-element-9939bd7 elementor-section-boxed elementor-section-height-default elementor-section-height-default\" data-id=\"9939bd7\" data-element_type=\"section\">\n\t\t\t\t\t\t<div class=\"elementor-container elementor-column-gap-default\">\n\t\t\t\t\t<div class=\"elementor-column elementor-col-100 elementor-top-column elementor-element elementor-element-81ddaf3\" data-id=\"81ddaf3\" data-element_type=\"column\">\n\t\t\t<div class=\"elementor-widget-wrap elementor-element-populated\">\n\t\t\t\t\t\t<div class=\"elementor-element elementor-element-b640c95 elementor-widget elementor-widget-text-editor\" data-id=\"b640c95\" data-element_type=\"widget\" data-widget_type=\"text-editor.default\">\n\t\t\t\t<div class=\"elementor-widget-container\">\n\t\t\t\t\t\t\t\t\t<p>Las u\u00f1as <strong>efecto m\u00e1rmol<\/strong> o inspiradas en gemas bonitas tambi\u00e9n se convertir\u00e1n en una de las manicuras favoritas para este 2020.<\/p><p>La <a href=\"https:\/\/joseppons.com\/formacion\/joyas-accesorios-que-arrasan-instagram\/\">\u00faltima tendencia<\/a> ser\u00e1 copiar el efecto esmeralda para crear la manicura de moda con la que se consiguen las <em>marble nails<\/em>.<\/p><p>El resultado es un <em>look<\/em> de u\u00f1as glamuroso y que viste las manos casi como lo har\u00edan las joyas.<\/p><p>De hecho, <em>celebrities<\/em> como Rihanna ya han mostrado en m\u00e1s de una ocasi\u00f3n su debilidad por esta moda que no deja indiferente a nadie.<\/p><p>Si te atreves con ellas, prueba con el<strong> jade y el tono lavanda<\/strong>, \u00a1seguro que no te arrepentir\u00e1s!<\/p>\t\t\t\t\t\t\t\t<\/div>\n\t\t\t\t<\/div>\n\t\t\t\t\t<\/div>\n\t\t<\/div>\n\t\t\t\t\t<\/div>\n\t\t<\/section>\n\t\t\t\t<section class=\"elementor-section elementor-top-section elementor-element elementor-element-a3ee7fa elementor-section-boxed elementor-section-height-default elementor-section-height-default\" data-id=\"a3ee7fa\" data-element_type=\"section\">\n\t\t\t\t\t\t<div class=\"elementor-container elementor-column-gap-default\">\n\t\t\t\t\t<div class=\"elementor-column elementor-col-100 elementor-top-column elementor-element elementor-element-fafeecd\" data-id=\"fafeecd\" data-element_type=\"column\">\n\t\t\t<div class=\"elementor-widget-wrap elementor-element-populated\">\n\t\t\t\t\t\t<div class=\"elementor-element elementor-element-023854b elementor-widget elementor-widget-image\" data-id=\"023854b\" data-element_type=\"widget\" data-widget_type=\"image.default\">\n\t\t\t\t<div class=\"elementor-widget-container\">\n\t\t\t\t\t\t\t\t\t\t\t\t<figure class=\"wp-caption\">\n\t\t\t\t\t\t\t\t\t\t<img loading=\"lazy\" decoding=\"async\" width=\"936\" height=\"472\" src=\"https:\/\/joseppons.com\/formacion\/wp-content\/uploads\/2020\/01\/Manicura-marmol.jpg\" class=\"attachment-large size-large wp-image-3027\" alt=\"Manicura marmol\" srcset=\"https:\/\/joseppons.com\/formacion\/wp-content\/uploads\/2020\/01\/Manicura-marmol.jpg 936w, https:\/\/joseppons.com\/formacion\/wp-content\/uploads\/2020\/01\/Manicura-marmol-768x387.jpg 768w\" sizes=\"(max-width: 936px) 100vw, 936px\" \/>\t\t\t\t\t\t\t\t\t\t\t<figcaption class=\"widget-image-caption wp-caption-text\">Manicura marmol<\/figcaption>\n\t\t\t\t\t\t\t\t\t\t<\/figure>\n\t\t\t\t\t\t\t\t\t<\/div>\n\t\t\t\t<\/div>\n\t\t\t\t\t<\/div>\n\t\t<\/div>\n\t\t\t\t\t<\/div>\n\t\t<\/section>\n\t\t\t\t<\/div>\n\t\t","protected":false},"excerpt":{"rendered":"<p>La llegada del 2020 no solo ha significado un cambio de d\u00e9cada, tambi\u00e9n ha arrastrado nuevas modas, tendencias, peinados y \u00a1c\u00f3mo no! manicuras. Tan pronto como hemos dejado atr\u00e1s el 2019, los artistas que se dedican a las u\u00f1as, las marcas que comparten sus ideas en Internet y todas las famosas que hemos visto desfilar&#8230;<\/p>\n","protected":false},"author":2,"featured_media":3029,"comment_status":"open","ping_status":"closed","sticky":false,"template":"","format":"standard","meta":{"_joinchat":[],"footnotes":""},"categories":[6,202,9,337,101,192,13,125],"tags":[26,339,193,345,344,343,342,338,340,341],"class_list":["post-3016","post","type-post","status-publish","format-standard","has-post-thumbnail","hentry","category-actualidad","category-consejos","category-estetica","category-grado-de-estetica","category-grados-y-cursos","category-manicura","category-tecnicas-y-coloraciones","category-tendencias","tag-especializarse-en-estetica","tag-grado-medio-de-estetica","tag-manicura","tag-manicura-francesa","tag-manicura-geometrica","tag-manicura-marmol","tag-manicura-multicolor","tag-tendencias-en-manicura","tag-tendencias-minimalista-manicura","tag-unas-irisdicentes"],"yoast_head":"<!-- This site is optimized with the Yoast SEO plugin v26.7 - https:\/\/yoast.com\/wordpress\/plugins\/seo\/ -->\n<title>Las manicuras que pedir\u00e1s en el sal\u00f3n este 2020 \ud83d\udc85 - Josep Pons Formaci\u00f3n<\/title>\n<meta name=\"description\" content=\"Las manicuras mas deseadas y con las tendencias m\u00e1s punteras para \u00e9ste 2020, puedas verlas en nuestro post de \u00e9sta semana: \u00a1b\u00fasca tu tendencia!\" \/>\n<meta name=\"robots\" content=\"index, follow, max-snippet:-1, max-image-preview:large, max-video-preview:-1\" \/>\n<link rel=\"canonical\" href=\"https:\/\/joseppons.com\/formacion\/las-manicuras-que-pediras-en-el-salon-este-2020\/\" \/>\n<meta property=\"og:locale\" content=\"es_ES\" \/>\n<meta property=\"og:type\" content=\"article\" \/>\n<meta property=\"og:title\" content=\"Las manicuras que pedir\u00e1s en el sal\u00f3n este 2020 \ud83d\udc85 - Josep Pons Formaci\u00f3n\" \/>\n<meta property=\"og:description\" content=\"Las manicuras mas deseadas y con las tendencias m\u00e1s punteras para \u00e9ste 2020, puedas verlas en nuestro post de \u00e9sta semana: \u00a1b\u00fasca tu tendencia!\" \/>\n<meta property=\"og:url\" content=\"https:\/\/joseppons.com\/formacion\/las-manicuras-que-pediras-en-el-salon-este-2020\/\" \/>\n<meta property=\"og:site_name\" content=\"Josep Pons Formaci\u00f3n\" \/>\n<meta property=\"article:publisher\" content=\"https:\/\/es-es.facebook.com\/JosepPonsFormacio\/\" \/>\n<meta property=\"article:published_time\" content=\"2020-01-23T09:30:48+00:00\" \/>\n<meta property=\"article:modified_time\" content=\"2025-11-10T08:36:26+00:00\" \/>\n<meta property=\"og:image\" content=\"https:\/\/joseppons.com\/formacion\/wp-content\/uploads\/2020\/01\/Manicuras-2020.jpg\" \/>\n\t<meta property=\"og:image:width\" content=\"800\" \/>\n\t<meta property=\"og:image:height\" content=\"533\" \/>\n\t<meta property=\"og:image:type\" content=\"image\/jpeg\" \/>\n<meta name=\"author\" content=\"joseppons\" \/>\n<meta name=\"twitter:card\" content=\"summary_large_image\" \/>\n<meta name=\"twitter:creator\" content=\"@josepponsimatge\" \/>\n<meta name=\"twitter:site\" content=\"@josepponsimatge\" \/>\n<meta name=\"twitter:label1\" content=\"Escrito por\" \/>\n\t<meta name=\"twitter:data1\" content=\"joseppons\" \/>\n\t<meta name=\"twitter:label2\" content=\"Tiempo de lectura\" \/>\n\t<meta name=\"twitter:data2\" content=\"6 minutos\" \/>\n<script type=\"application\/ld+json\" class=\"yoast-schema-graph\">{\"@context\":\"https:\/\/schema.org\",\"@graph\":[{\"@type\":\"Article\",\"@id\":\"https:\/\/joseppons.com\/formacion\/las-manicuras-que-pediras-en-el-salon-este-2020\/#article\",\"isPartOf\":{\"@id\":\"https:\/\/joseppons.com\/formacion\/las-manicuras-que-pediras-en-el-salon-este-2020\/\"},\"author\":{\"name\":\"joseppons\",\"@id\":\"https:\/\/joseppons.com\/formacion\/#\/schema\/person\/52350c76759824d67ee4b9d948063ed1\"},\"headline\":\"Las manicuras que pedir\u00e1s en el sal\u00f3n este 2020 \ud83d\udc85\",\"datePublished\":\"2020-01-23T09:30:48+00:00\",\"dateModified\":\"2025-11-10T08:36:26+00:00\",\"mainEntityOfPage\":{\"@id\":\"https:\/\/joseppons.com\/formacion\/las-manicuras-que-pediras-en-el-salon-este-2020\/\"},\"wordCount\":981,\"commentCount\":0,\"publisher\":{\"@id\":\"https:\/\/joseppons.com\/formacion\/#organization\"},\"image\":{\"@id\":\"https:\/\/joseppons.com\/formacion\/las-manicuras-que-pediras-en-el-salon-este-2020\/#primaryimage\"},\"thumbnailUrl\":\"https:\/\/joseppons.com\/formacion\/wp-content\/uploads\/2020\/01\/Manicuras-2020.jpg\",\"keywords\":[\"especializarse en est\u00e9tica\",\"Grado medio de \u00e9stetica\",\"Manicura\",\"manicura francesa\",\"manicura geom\u00e9trica\",\"manicura marmol\",\"manicura multicolor\",\"tendencias en manicura\",\"Tendencias minimalista manicura\",\"u\u00f1as irisdicentes\"],\"articleSection\":[\"Actualidad\",\"consejos\",\"Est\u00e9tica\",\"Grado de est\u00e9tica\",\"Grados y cursos\",\"Manicura\",\"t\u00e9cnicas y coloraciones\",\"tendencias\"],\"inLanguage\":\"es\",\"potentialAction\":[{\"@type\":\"CommentAction\",\"name\":\"Comment\",\"target\":[\"https:\/\/joseppons.com\/formacion\/las-manicuras-que-pediras-en-el-salon-este-2020\/#respond\"]}]},{\"@type\":\"WebPage\",\"@id\":\"https:\/\/joseppons.com\/formacion\/las-manicuras-que-pediras-en-el-salon-este-2020\/\",\"url\":\"https:\/\/joseppons.com\/formacion\/las-manicuras-que-pediras-en-el-salon-este-2020\/\",\"name\":\"Las manicuras que pedir\u00e1s en el sal\u00f3n este 2020 \ud83d\udc85 - Josep Pons Formaci\u00f3n\",\"isPartOf\":{\"@id\":\"https:\/\/joseppons.com\/formacion\/#website\"},\"primaryImageOfPage\":{\"@id\":\"https:\/\/joseppons.com\/formacion\/las-manicuras-que-pediras-en-el-salon-este-2020\/#primaryimage\"},\"image\":{\"@id\":\"https:\/\/joseppons.com\/formacion\/las-manicuras-que-pediras-en-el-salon-este-2020\/#primaryimage\"},\"thumbnailUrl\":\"https:\/\/joseppons.com\/formacion\/wp-content\/uploads\/2020\/01\/Manicuras-2020.jpg\",\"datePublished\":\"2020-01-23T09:30:48+00:00\",\"dateModified\":\"2025-11-10T08:36:26+00:00\",\"description\":\"Las manicuras mas deseadas y con las tendencias m\u00e1s punteras para \u00e9ste 2020, puedas verlas en nuestro post de \u00e9sta semana: \u00a1b\u00fasca tu tendencia!\",\"breadcrumb\":{\"@id\":\"https:\/\/joseppons.com\/formacion\/las-manicuras-que-pediras-en-el-salon-este-2020\/#breadcrumb\"},\"inLanguage\":\"es\",\"potentialAction\":[{\"@type\":\"ReadAction\",\"target\":[\"https:\/\/joseppons.com\/formacion\/las-manicuras-que-pediras-en-el-salon-este-2020\/\"]}]},{\"@type\":\"ImageObject\",\"inLanguage\":\"es\",\"@id\":\"https:\/\/joseppons.com\/formacion\/las-manicuras-que-pediras-en-el-salon-este-2020\/#primaryimage\",\"url\":\"https:\/\/joseppons.com\/formacion\/wp-content\/uploads\/2020\/01\/Manicuras-2020.jpg\",\"contentUrl\":\"https:\/\/joseppons.com\/formacion\/wp-content\/uploads\/2020\/01\/Manicuras-2020.jpg\",\"width\":800,\"height\":533,\"caption\":\"Manicuras-2020\"},{\"@type\":\"BreadcrumbList\",\"@id\":\"https:\/\/joseppons.com\/formacion\/las-manicuras-que-pediras-en-el-salon-este-2020\/#breadcrumb\",\"itemListElement\":[{\"@type\":\"ListItem\",\"position\":1,\"name\":\"Portada\",\"item\":\"https:\/\/joseppons.com\/formacion\/\"},{\"@type\":\"ListItem\",\"position\":2,\"name\":\"Las manicuras que pedir\u00e1s en el sal\u00f3n este 2020 \ud83d\udc85\"}]},{\"@type\":\"WebSite\",\"@id\":\"https:\/\/joseppons.com\/formacion\/#website\",\"url\":\"https:\/\/joseppons.com\/formacion\/\",\"name\":\"Josep Pons Formaci\u00f3n\",\"description\":\"\",\"publisher\":{\"@id\":\"https:\/\/joseppons.com\/formacion\/#organization\"},\"potentialAction\":[{\"@type\":\"SearchAction\",\"target\":{\"@type\":\"EntryPoint\",\"urlTemplate\":\"https:\/\/joseppons.com\/formacion\/?s={search_term_string}\"},\"query-input\":{\"@type\":\"PropertyValueSpecification\",\"valueRequired\":true,\"valueName\":\"search_term_string\"}}],\"inLanguage\":\"es\"},{\"@type\":\"Organization\",\"@id\":\"https:\/\/joseppons.com\/formacion\/#organization\",\"name\":\"Josep Pons\",\"url\":\"https:\/\/joseppons.com\/formacion\/\",\"logo\":{\"@type\":\"ImageObject\",\"inLanguage\":\"es\",\"@id\":\"https:\/\/joseppons.com\/formacion\/#\/schema\/logo\/image\/\",\"url\":\"https:\/\/joseppons.com\/formacion\/wp-content\/uploads\/2018\/09\/logotipo-home-josepponsformacio-1.png\",\"contentUrl\":\"https:\/\/joseppons.com\/formacion\/wp-content\/uploads\/2018\/09\/logotipo-home-josepponsformacio-1.png\",\"width\":420,\"height\":280,\"caption\":\"Josep Pons\"},\"image\":{\"@id\":\"https:\/\/joseppons.com\/formacion\/#\/schema\/logo\/image\/\"},\"sameAs\":[\"https:\/\/es-es.facebook.com\/JosepPonsFormacio\/\",\"https:\/\/x.com\/josepponsimatge\",\"https:\/\/www.instagram.com\/ponsformacion\/\"]},{\"@type\":\"Person\",\"@id\":\"https:\/\/joseppons.com\/formacion\/#\/schema\/person\/52350c76759824d67ee4b9d948063ed1\",\"name\":\"joseppons\"}]}<\/script>\n<!-- \/ Yoast SEO plugin. -->","yoast_head_json":{"title":"Las manicuras que pedir\u00e1s en el sal\u00f3n este 2020 \ud83d\udc85 - Josep Pons Formaci\u00f3n","description":"Las manicuras mas deseadas y con las tendencias m\u00e1s punteras para \u00e9ste 2020, puedas verlas en nuestro post de \u00e9sta semana: \u00a1b\u00fasca tu tendencia!","robots":{"index":"index","follow":"follow","max-snippet":"max-snippet:-1","max-image-preview":"max-image-preview:large","max-video-preview":"max-video-preview:-1"},"canonical":"https:\/\/joseppons.com\/formacion\/las-manicuras-que-pediras-en-el-salon-este-2020\/","og_locale":"es_ES","og_type":"article","og_title":"Las manicuras que pedir\u00e1s en el sal\u00f3n este 2020 \ud83d\udc85 - Josep Pons Formaci\u00f3n","og_description":"Las manicuras mas deseadas y con las tendencias m\u00e1s punteras para \u00e9ste 2020, puedas verlas en nuestro post de \u00e9sta semana: \u00a1b\u00fasca tu tendencia!","og_url":"https:\/\/joseppons.com\/formacion\/las-manicuras-que-pediras-en-el-salon-este-2020\/","og_site_name":"Josep Pons Formaci\u00f3n","article_publisher":"https:\/\/es-es.facebook.com\/JosepPonsFormacio\/","article_published_time":"2020-01-23T09:30:48+00:00","article_modified_time":"2025-11-10T08:36:26+00:00","og_image":[{"width":800,"height":533,"url":"https:\/\/joseppons.com\/formacion\/wp-content\/uploads\/2020\/01\/Manicuras-2020.jpg","type":"image\/jpeg"}],"author":"joseppons","twitter_card":"summary_large_image","twitter_creator":"@josepponsimatge","twitter_site":"@josepponsimatge","twitter_misc":{"Escrito por":"joseppons","Tiempo de lectura":"6 minutos"},"schema":{"@context":"https:\/\/schema.org","@graph":[{"@type":"Article","@id":"https:\/\/joseppons.com\/formacion\/las-manicuras-que-pediras-en-el-salon-este-2020\/#article","isPartOf":{"@id":"https:\/\/joseppons.com\/formacion\/las-manicuras-que-pediras-en-el-salon-este-2020\/"},"author":{"name":"joseppons","@id":"https:\/\/joseppons.com\/formacion\/#\/schema\/person\/52350c76759824d67ee4b9d948063ed1"},"headline":"Las manicuras que pedir\u00e1s en el sal\u00f3n este 2020 \ud83d\udc85","datePublished":"2020-01-23T09:30:48+00:00","dateModified":"2025-11-10T08:36:26+00:00","mainEntityOfPage":{"@id":"https:\/\/joseppons.com\/formacion\/las-manicuras-que-pediras-en-el-salon-este-2020\/"},"wordCount":981,"commentCount":0,"publisher":{"@id":"https:\/\/joseppons.com\/formacion\/#organization"},"image":{"@id":"https:\/\/joseppons.com\/formacion\/las-manicuras-que-pediras-en-el-salon-este-2020\/#primaryimage"},"thumbnailUrl":"https:\/\/joseppons.com\/formacion\/wp-content\/uploads\/2020\/01\/Manicuras-2020.jpg","keywords":["especializarse en est\u00e9tica","Grado medio de \u00e9stetica","Manicura","manicura francesa","manicura geom\u00e9trica","manicura marmol","manicura multicolor","tendencias en manicura","Tendencias minimalista manicura","u\u00f1as irisdicentes"],"articleSection":["Actualidad","consejos","Est\u00e9tica","Grado de est\u00e9tica","Grados y cursos","Manicura","t\u00e9cnicas y coloraciones","tendencias"],"inLanguage":"es","potentialAction":[{"@type":"CommentAction","name":"Comment","target":["https:\/\/joseppons.com\/formacion\/las-manicuras-que-pediras-en-el-salon-este-2020\/#respond"]}]},{"@type":"WebPage","@id":"https:\/\/joseppons.com\/formacion\/las-manicuras-que-pediras-en-el-salon-este-2020\/","url":"https:\/\/joseppons.com\/formacion\/las-manicuras-que-pediras-en-el-salon-este-2020\/","name":"Las manicuras que pedir\u00e1s en el sal\u00f3n este 2020 \ud83d\udc85 - Josep Pons Formaci\u00f3n","isPartOf":{"@id":"https:\/\/joseppons.com\/formacion\/#website"},"primaryImageOfPage":{"@id":"https:\/\/joseppons.com\/formacion\/las-manicuras-que-pediras-en-el-salon-este-2020\/#primaryimage"},"image":{"@id":"https:\/\/joseppons.com\/formacion\/las-manicuras-que-pediras-en-el-salon-este-2020\/#primaryimage"},"thumbnailUrl":"https:\/\/joseppons.com\/formacion\/wp-content\/uploads\/2020\/01\/Manicuras-2020.jpg","datePublished":"2020-01-23T09:30:48+00:00","dateModified":"2025-11-10T08:36:26+00:00","description":"Las manicuras mas deseadas y con las tendencias m\u00e1s punteras para \u00e9ste 2020, puedas verlas en nuestro post de \u00e9sta semana: \u00a1b\u00fasca tu tendencia!","breadcrumb":{"@id":"https:\/\/joseppons.com\/formacion\/las-manicuras-que-pediras-en-el-salon-este-2020\/#breadcrumb"},"inLanguage":"es","potentialAction":[{"@type":"ReadAction","target":["https:\/\/joseppons.com\/formacion\/las-manicuras-que-pediras-en-el-salon-este-2020\/"]}]},{"@type":"ImageObject","inLanguage":"es","@id":"https:\/\/joseppons.com\/formacion\/las-manicuras-que-pediras-en-el-salon-este-2020\/#primaryimage","url":"https:\/\/joseppons.com\/formacion\/wp-content\/uploads\/2020\/01\/Manicuras-2020.jpg","contentUrl":"https:\/\/joseppons.com\/formacion\/wp-content\/uploads\/2020\/01\/Manicuras-2020.jpg","width":800,"height":533,"caption":"Manicuras-2020"},{"@type":"BreadcrumbList","@id":"https:\/\/joseppons.com\/formacion\/las-manicuras-que-pediras-en-el-salon-este-2020\/#breadcrumb","itemListElement":[{"@type":"ListItem","position":1,"name":"Portada","item":"https:\/\/joseppons.com\/formacion\/"},{"@type":"ListItem","position":2,"name":"Las manicuras que pedir\u00e1s en el sal\u00f3n este 2020 \ud83d\udc85"}]},{"@type":"WebSite","@id":"https:\/\/joseppons.com\/formacion\/#website","url":"https:\/\/joseppons.com\/formacion\/","name":"Josep Pons Formaci\u00f3n","description":"","publisher":{"@id":"https:\/\/joseppons.com\/formacion\/#organization"},"potentialAction":[{"@type":"SearchAction","target":{"@type":"EntryPoint","urlTemplate":"https:\/\/joseppons.com\/formacion\/?s={search_term_string}"},"query-input":{"@type":"PropertyValueSpecification","valueRequired":true,"valueName":"search_term_string"}}],"inLanguage":"es"},{"@type":"Organization","@id":"https:\/\/joseppons.com\/formacion\/#organization","name":"Josep Pons","url":"https:\/\/joseppons.com\/formacion\/","logo":{"@type":"ImageObject","inLanguage":"es","@id":"https:\/\/joseppons.com\/formacion\/#\/schema\/logo\/image\/","url":"https:\/\/joseppons.com\/formacion\/wp-content\/uploads\/2018\/09\/logotipo-home-josepponsformacio-1.png","contentUrl":"https:\/\/joseppons.com\/formacion\/wp-content\/uploads\/2018\/09\/logotipo-home-josepponsformacio-1.png","width":420,"height":280,"caption":"Josep Pons"},"image":{"@id":"https:\/\/joseppons.com\/formacion\/#\/schema\/logo\/image\/"},"sameAs":["https:\/\/es-es.facebook.com\/JosepPonsFormacio\/","https:\/\/x.com\/josepponsimatge","https:\/\/www.instagram.com\/ponsformacion\/"]},{"@type":"Person","@id":"https:\/\/joseppons.com\/formacion\/#\/schema\/person\/52350c76759824d67ee4b9d948063ed1","name":"joseppons"}]}},"_links":{"self":[{"href":"https:\/\/joseppons.com\/formacion\/wp-json\/wp\/v2\/posts\/3016","targetHints":{"allow":["GET"]}}],"collection":[{"href":"https:\/\/joseppons.com\/formacion\/wp-json\/wp\/v2\/posts"}],"about":[{"href":"https:\/\/joseppons.com\/formacion\/wp-json\/wp\/v2\/types\/post"}],"author":[{"embeddable":true,"href":"https:\/\/joseppons.com\/formacion\/wp-json\/wp\/v2\/users\/2"}],"replies":[{"embeddable":true,"href":"https:\/\/joseppons.com\/formacion\/wp-json\/wp\/v2\/comments?post=3016"}],"version-history":[{"count":6,"href":"https:\/\/joseppons.com\/formacion\/wp-json\/wp\/v2\/posts\/3016\/revisions"}],"predecessor-version":[{"id":18968,"href":"https:\/\/joseppons.com\/formacion\/wp-json\/wp\/v2\/posts\/3016\/revisions\/18968"}],"wp:featuredmedia":[{"embeddable":true,"href":"https:\/\/joseppons.com\/formacion\/wp-json\/wp\/v2\/media\/3029"}],"wp:attachment":[{"href":"https:\/\/joseppons.com\/formacion\/wp-json\/wp\/v2\/media?parent=3016"}],"wp:term":[{"taxonomy":"category","embeddable":true,"href":"https:\/\/joseppons.com\/formacion\/wp-json\/wp\/v2\/categories?post=3016"},{"taxonomy":"post_tag","embeddable":true,"href":"https:\/\/joseppons.com\/formacion\/wp-json\/wp\/v2\/tags?post=3016"}],"curies":[{"name":"wp","href":"https:\/\/api.w.org\/{rel}","templated":true}]}}