{"id":2098,"date":"2019-10-14T16:20:21","date_gmt":"2019-10-14T14:20:21","guid":{"rendered":"https:\/\/joseppons.com\/formacion\/?p=2098"},"modified":"2019-10-14T16:32:54","modified_gmt":"2019-10-14T14:32:54","slug":"referentes-elegancia-moda","status":"publish","type":"post","link":"https:\/\/joseppons.com\/formacion\/referentes-elegancia-moda\/","title":{"rendered":"Referentes de la elegancia en el vestir, por Josep Pons"},"content":{"rendered":"\t\t<div data-elementor-type=\"wp-post\" data-elementor-id=\"2098\" class=\"elementor elementor-2098\" data-elementor-post-type=\"post\">\n\t\t\t\t\t\t<section class=\"elementor-section elementor-top-section elementor-element elementor-element-0e5297d elementor-section-boxed elementor-section-height-default elementor-section-height-default\" data-id=\"0e5297d\" data-element_type=\"section\">\n\t\t\t\t\t\t<div class=\"elementor-container elementor-column-gap-default\">\n\t\t\t\t\t<div class=\"elementor-column elementor-col-100 elementor-top-column elementor-element elementor-element-3e834e5\" data-id=\"3e834e5\" data-element_type=\"column\">\n\t\t\t<div class=\"elementor-widget-wrap elementor-element-populated\">\n\t\t\t\t\t\t<div class=\"elementor-element elementor-element-7d9bae9 elementor-widget elementor-widget-text-editor\" data-id=\"7d9bae9\" data-element_type=\"widget\" data-widget_type=\"text-editor.default\">\n\t\t\t\t<div class=\"elementor-widget-container\">\n\t\t\t\t\t\t\t\t\t<p><span style=\"background-color: #ffffff; font-family: 'Open Sans', sans-serif; font-size: 11pt; white-space: pre-wrap; letter-spacing: 0px;\">Si analizamos las <a href=\"https:\/\/joseppons.com\/formacion\/asesoria-imagen-barcelona-bridal-week\/\">pasarelas<\/a> de moda m\u00e1s importantes de Par\u00eds, Mil\u00e1n, Nueva York, Londres, Madrid o Barcelona podemos constatar claramente que los conceptos creativos responden a la est\u00e9tica<b> <\/b>de un vestuario que se ha utilizado a trav\u00e9s de <b>diferentes \u00e9pocas de la historia<\/b>.<\/span><\/p><p><span style=\"letter-spacing: 0px; font-variant-numeric: normal; font-variant-east-asian: normal; font-size: 11pt; font-family: 'Open Sans', sans-serif; background-color: #ffffff; white-space: pre-wrap;\">Reconocemos f\u00e1cilmente gui\u00f1os a los<\/span><span style=\"letter-spacing: 0px; font-variant-numeric: normal; font-variant-east-asian: normal; font-size: 11pt; font-family: 'Open Sans', sans-serif; white-space: pre-wrap;\"> colores, estilos y formas de Mesopotamia y Egipto; a los padres de la cultura occidental de Grecia y Roma, que ejercieron una influencia decisiva en nuestra est\u00e9tica actual; e incluso al renacimiento italiano, que aport\u00f3 a la moda una aut\u00e9ntica revoluci\u00f3n en las <a href=\"https:\/\/joseppons.com\/formacion\/peaky-blinders-tiene-las-tendencias-de-este-otono-invierno\/\">tendencias<\/a>. Solo basta un exquisito dise\u00f1o para marcar toda una \u00e9poca. Y as\u00ed ha sucedido a lo largo de los tiempos.\u00a0<\/span><\/p><p><span style=\"font-family: 'Open Sans', sans-serif; font-size: 11pt; white-space: pre-wrap; letter-spacing: 0px;\">La moda es una noria que viene y va, y a partir de la d\u00e9cada de los 60 esa tendencia ha crecido considerablemente. Y es que desde entonces, hemos visto tentativas notorias de innovaci\u00f3n que se generalizan y <b>buscan la elegancia <\/b>de los dise\u00f1os anteriores.\u00a0<\/span><\/p><p><span style=\"letter-spacing: 0px; font-variant-numeric: normal; font-variant-east-asian: normal; font-size: 11pt; font-family: 'Open Sans', sans-serif; white-space: pre-wrap;\">El vestuario de <\/span><span style=\"letter-spacing: 0px; font-variant-numeric: normal; font-variant-east-asian: normal; font-size: 11pt; font-family: 'Open Sans', sans-serif; background-color: #ffffff; white-space: pre-wrap;\">Rita Hayworth<\/span><span style=\"letter-spacing: 0px; font-variant-numeric: normal; font-variant-east-asian: normal; font-size: 11pt; font-family: 'Open Sans', sans-serif; white-space: pre-wrap;\">, por ejemplo, <b>marca \u00e9poca<\/b> y permanece a trav\u00e9s de los tiempos como referente indiscutible de elegancia. Y lo mismo pasa con los ic\u00f3nicos looks de Marilyn Monroe, o con las insuperables Audrey Hepburn y Grace Kelly.<\/span><\/p><p dir=\"ltr\" style=\"line-height: 1.7999999999999998; text-align: justify; margin-top: 0pt; margin-bottom: 0pt;\"><span style=\"font-family: 'Open Sans', sans-serif; font-size: 11pt; white-space: pre-wrap; letter-spacing: 0px;\">Estas celebridades marcaron la pauta en cuanto a <a href=\"https:\/\/joseppons.com\/formacion\/personal-shopper-profesion-moda\/\">moda<\/a> se refiere. En ellas ya vimos escotes barco, <b>camisas holgadas<\/b> metidas por dentro o anudadas en la parte delantera, zapatos oxford, bailarinas, pantalones de tiro alto, faldas midi, sandalias de cintas, cinturones grandes, bolsos de mano peque\u00f1os, complementos para el <a href=\"https:\/\/joseppons.com\/formacion\/coloraciones-pelo-deseadas-2019\/\">pelo<\/a>, pa\u00f1uelos,&#8230;\u00a0<\/span><\/p>\t\t\t\t\t\t\t\t<\/div>\n\t\t\t\t<\/div>\n\t\t\t\t\t<\/div>\n\t\t<\/div>\n\t\t\t\t\t<\/div>\n\t\t<\/section>\n\t\t\t\t<section class=\"elementor-section elementor-top-section elementor-element elementor-element-ddc76df elementor-section-boxed elementor-section-height-default elementor-section-height-default\" data-id=\"ddc76df\" data-element_type=\"section\">\n\t\t\t\t\t\t<div class=\"elementor-container elementor-column-gap-default\">\n\t\t\t\t\t<div class=\"elementor-column elementor-col-100 elementor-top-column elementor-element elementor-element-3ffe7ce\" data-id=\"3ffe7ce\" data-element_type=\"column\">\n\t\t\t<div class=\"elementor-widget-wrap elementor-element-populated\">\n\t\t\t\t\t\t<div class=\"elementor-element elementor-element-6fe1ad1 elementor-widget elementor-widget-image\" data-id=\"6fe1ad1\" data-element_type=\"widget\" data-widget_type=\"image.default\">\n\t\t\t\t<div class=\"elementor-widget-container\">\n\t\t\t\t\t\t\t\t\t\t\t\t<figure class=\"wp-caption\">\n\t\t\t\t\t\t\t\t\t\t<img fetchpriority=\"high\" decoding=\"async\" width=\"940\" height=\"499\" src=\"https:\/\/joseppons.com\/formacion\/wp-content\/uploads\/2019\/10\/Referentes-elegancia-en-el-vestir.jpg\" class=\"attachment-large size-large wp-image-2102\" alt=\"Referentes que han marcado la historia de la moda\" srcset=\"https:\/\/joseppons.com\/formacion\/wp-content\/uploads\/2019\/10\/Referentes-elegancia-en-el-vestir.jpg 940w, https:\/\/joseppons.com\/formacion\/wp-content\/uploads\/2019\/10\/Referentes-elegancia-en-el-vestir-768x408.jpg 768w\" sizes=\"(max-width: 940px) 100vw, 940px\" \/>\t\t\t\t\t\t\t\t\t\t\t<figcaption class=\"widget-image-caption wp-caption-text\">Referentes que han marcado la historia de la moda<\/figcaption>\n\t\t\t\t\t\t\t\t\t\t<\/figure>\n\t\t\t\t\t\t\t\t\t<\/div>\n\t\t\t\t<\/div>\n\t\t\t\t\t<\/div>\n\t\t<\/div>\n\t\t\t\t\t<\/div>\n\t\t<\/section>\n\t\t\t\t<section class=\"elementor-section elementor-top-section elementor-element elementor-element-4c48184 elementor-section-boxed elementor-section-height-default elementor-section-height-default\" data-id=\"4c48184\" data-element_type=\"section\">\n\t\t\t\t\t\t<div class=\"elementor-container elementor-column-gap-default\">\n\t\t\t\t\t<div class=\"elementor-column elementor-col-100 elementor-top-column elementor-element elementor-element-06b9176\" data-id=\"06b9176\" data-element_type=\"column\">\n\t\t\t<div class=\"elementor-widget-wrap elementor-element-populated\">\n\t\t\t\t\t\t<div class=\"elementor-element elementor-element-f7b6a37 elementor-widget elementor-widget-text-editor\" data-id=\"f7b6a37\" data-element_type=\"widget\" data-widget_type=\"text-editor.default\">\n\t\t\t\t<div class=\"elementor-widget-container\">\n\t\t\t\t\t\t\t\t\t<p dir=\"ltr\" style=\"line-height: 1.7999999999999998; text-align: justify; margin-top: 0pt; margin-bottom: 0pt;\"><span style=\"font-family: 'Open Sans', sans-serif; font-size: 11pt; white-space: pre-wrap; letter-spacing: 0px;\">Solo hace falta ver los conceptos est\u00e9ticos que defienden y presentan en sus propuestas las grandes firmas actuales, que nacen de la elegancia y los dise\u00f1os de estos indiscutibles referentes. Y es que a d\u00eda de hoy, <b>su vestuario a\u00fan vive<\/b> en eventos especiales y en las colecciones de moda de las firmas m\u00e1s importantes de nivel nacional e internacional.\u00a0<\/span><\/p>\t\t\t\t\t\t\t\t<\/div>\n\t\t\t\t<\/div>\n\t\t\t\t\t<\/div>\n\t\t<\/div>\n\t\t\t\t\t<\/div>\n\t\t<\/section>\n\t\t\t\t<\/div>\n\t\t","protected":false},"excerpt":{"rendered":"<p>Si analizamos las pasarelas de moda m\u00e1s importantes de Par\u00eds, Mil\u00e1n, Nueva York, Londres, Madrid o Barcelona podemos constatar claramente que los conceptos creativos responden a la est\u00e9tica de un vestuario que se ha utilizado a trav\u00e9s de diferentes \u00e9pocas de la historia. Reconocemos f\u00e1cilmente gui\u00f1os a los colores, estilos y formas de Mesopotamia y&#8230;<\/p>\n","protected":false},"author":2,"featured_media":2099,"comment_status":"open","ping_status":"closed","sticky":false,"template":"","format":"standard","meta":{"_joinchat":[],"footnotes":""},"categories":[6,8,125],"tags":[148,110,235],"class_list":["post-2098","post","type-post","status-publish","format-standard","has-post-thumbnail","hentry","category-actualidad","category-asesoria-de-imagen","category-tendencias","tag-celebrities","tag-josep-pons","tag-tendencias-en-moda"],"yoast_head":"<!-- This site is optimized with the Yoast SEO plugin v26.7 - https:\/\/yoast.com\/wordpress\/plugins\/seo\/ -->\n<title>Referentes de la elegancia en el vestir, por Josep Pons - Josep Pons Formaci\u00f3n<\/title>\n<meta name=\"description\" content=\"Los grandes dise\u00f1adores siguen inspir\u00e1ndose en el vestuario de celebridades como Rita Hayworth y Grace Kelly, que lucieron looks que han marcado una \u00e9poca..\" \/>\n<meta name=\"robots\" content=\"index, follow, max-snippet:-1, max-image-preview:large, max-video-preview:-1\" \/>\n<link rel=\"canonical\" href=\"https:\/\/joseppons.com\/formacion\/referentes-elegancia-moda\/\" \/>\n<meta property=\"og:locale\" content=\"es_ES\" \/>\n<meta property=\"og:type\" content=\"article\" \/>\n<meta property=\"og:title\" content=\"Referentes de la elegancia en el vestir, por Josep Pons - Josep Pons Formaci\u00f3n\" \/>\n<meta property=\"og:description\" content=\"Los grandes dise\u00f1adores siguen inspir\u00e1ndose en el vestuario de celebridades como Rita Hayworth y Grace Kelly, que lucieron looks que han marcado una \u00e9poca..\" \/>\n<meta property=\"og:url\" content=\"https:\/\/joseppons.com\/formacion\/referentes-elegancia-moda\/\" \/>\n<meta property=\"og:site_name\" content=\"Josep Pons Formaci\u00f3n\" \/>\n<meta property=\"article:publisher\" content=\"https:\/\/es-es.facebook.com\/JosepPonsFormacio\/\" \/>\n<meta property=\"article:published_time\" content=\"2019-10-14T14:20:21+00:00\" \/>\n<meta property=\"article:modified_time\" content=\"2019-10-14T14:32:54+00:00\" \/>\n<meta property=\"og:image\" content=\"https:\/\/joseppons.com\/formacion\/wp-content\/uploads\/2019\/10\/referentes-historia-moda.jpg\" \/>\n\t<meta property=\"og:image:width\" content=\"940\" \/>\n\t<meta property=\"og:image:height\" content=\"495\" \/>\n\t<meta property=\"og:image:type\" content=\"image\/jpeg\" \/>\n<meta name=\"author\" content=\"joseppons\" \/>\n<meta name=\"twitter:card\" content=\"summary_large_image\" \/>\n<meta name=\"twitter:creator\" content=\"@josepponsimatge\" \/>\n<meta name=\"twitter:site\" content=\"@josepponsimatge\" \/>\n<meta name=\"twitter:label1\" content=\"Escrito por\" \/>\n\t<meta name=\"twitter:data1\" content=\"joseppons\" \/>\n\t<meta name=\"twitter:label2\" content=\"Tiempo de lectura\" \/>\n\t<meta name=\"twitter:data2\" content=\"2 minutos\" \/>\n<script type=\"application\/ld+json\" class=\"yoast-schema-graph\">{\"@context\":\"https:\/\/schema.org\",\"@graph\":[{\"@type\":\"Article\",\"@id\":\"https:\/\/joseppons.com\/formacion\/referentes-elegancia-moda\/#article\",\"isPartOf\":{\"@id\":\"https:\/\/joseppons.com\/formacion\/referentes-elegancia-moda\/\"},\"author\":{\"name\":\"joseppons\",\"@id\":\"https:\/\/joseppons.com\/formacion\/#\/schema\/person\/52350c76759824d67ee4b9d948063ed1\"},\"headline\":\"Referentes de la elegancia en el vestir, por Josep Pons\",\"datePublished\":\"2019-10-14T14:20:21+00:00\",\"dateModified\":\"2019-10-14T14:32:54+00:00\",\"mainEntityOfPage\":{\"@id\":\"https:\/\/joseppons.com\/formacion\/referentes-elegancia-moda\/\"},\"wordCount\":350,\"commentCount\":0,\"publisher\":{\"@id\":\"https:\/\/joseppons.com\/formacion\/#organization\"},\"image\":{\"@id\":\"https:\/\/joseppons.com\/formacion\/referentes-elegancia-moda\/#primaryimage\"},\"thumbnailUrl\":\"https:\/\/joseppons.com\/formacion\/wp-content\/uploads\/2019\/10\/referentes-historia-moda.jpg\",\"keywords\":[\"celebrities\",\"Josep pons\",\"tendencias en moda\"],\"articleSection\":[\"Actualidad\",\"Asesor\u00eda de imagen\",\"tendencias\"],\"inLanguage\":\"es\",\"potentialAction\":[{\"@type\":\"CommentAction\",\"name\":\"Comment\",\"target\":[\"https:\/\/joseppons.com\/formacion\/referentes-elegancia-moda\/#respond\"]}]},{\"@type\":\"WebPage\",\"@id\":\"https:\/\/joseppons.com\/formacion\/referentes-elegancia-moda\/\",\"url\":\"https:\/\/joseppons.com\/formacion\/referentes-elegancia-moda\/\",\"name\":\"Referentes de la elegancia en el vestir, por Josep Pons - Josep Pons Formaci\u00f3n\",\"isPartOf\":{\"@id\":\"https:\/\/joseppons.com\/formacion\/#website\"},\"primaryImageOfPage\":{\"@id\":\"https:\/\/joseppons.com\/formacion\/referentes-elegancia-moda\/#primaryimage\"},\"image\":{\"@id\":\"https:\/\/joseppons.com\/formacion\/referentes-elegancia-moda\/#primaryimage\"},\"thumbnailUrl\":\"https:\/\/joseppons.com\/formacion\/wp-content\/uploads\/2019\/10\/referentes-historia-moda.jpg\",\"datePublished\":\"2019-10-14T14:20:21+00:00\",\"dateModified\":\"2019-10-14T14:32:54+00:00\",\"description\":\"Los grandes dise\u00f1adores siguen inspir\u00e1ndose en el vestuario de celebridades como Rita Hayworth y Grace Kelly, que lucieron looks que han marcado una \u00e9poca..\",\"breadcrumb\":{\"@id\":\"https:\/\/joseppons.com\/formacion\/referentes-elegancia-moda\/#breadcrumb\"},\"inLanguage\":\"es\",\"potentialAction\":[{\"@type\":\"ReadAction\",\"target\":[\"https:\/\/joseppons.com\/formacion\/referentes-elegancia-moda\/\"]}]},{\"@type\":\"ImageObject\",\"inLanguage\":\"es\",\"@id\":\"https:\/\/joseppons.com\/formacion\/referentes-elegancia-moda\/#primaryimage\",\"url\":\"https:\/\/joseppons.com\/formacion\/wp-content\/uploads\/2019\/10\/referentes-historia-moda.jpg\",\"contentUrl\":\"https:\/\/joseppons.com\/formacion\/wp-content\/uploads\/2019\/10\/referentes-historia-moda.jpg\",\"width\":940,\"height\":495,\"caption\":\"Referentes de la historia de la moda\"},{\"@type\":\"BreadcrumbList\",\"@id\":\"https:\/\/joseppons.com\/formacion\/referentes-elegancia-moda\/#breadcrumb\",\"itemListElement\":[{\"@type\":\"ListItem\",\"position\":1,\"name\":\"Portada\",\"item\":\"https:\/\/joseppons.com\/formacion\/\"},{\"@type\":\"ListItem\",\"position\":2,\"name\":\"Referentes de la elegancia en el vestir, por Josep Pons\"}]},{\"@type\":\"WebSite\",\"@id\":\"https:\/\/joseppons.com\/formacion\/#website\",\"url\":\"https:\/\/joseppons.com\/formacion\/\",\"name\":\"Josep Pons Formaci\u00f3n\",\"description\":\"\",\"publisher\":{\"@id\":\"https:\/\/joseppons.com\/formacion\/#organization\"},\"potentialAction\":[{\"@type\":\"SearchAction\",\"target\":{\"@type\":\"EntryPoint\",\"urlTemplate\":\"https:\/\/joseppons.com\/formacion\/?s={search_term_string}\"},\"query-input\":{\"@type\":\"PropertyValueSpecification\",\"valueRequired\":true,\"valueName\":\"search_term_string\"}}],\"inLanguage\":\"es\"},{\"@type\":\"Organization\",\"@id\":\"https:\/\/joseppons.com\/formacion\/#organization\",\"name\":\"Josep Pons\",\"url\":\"https:\/\/joseppons.com\/formacion\/\",\"logo\":{\"@type\":\"ImageObject\",\"inLanguage\":\"es\",\"@id\":\"https:\/\/joseppons.com\/formacion\/#\/schema\/logo\/image\/\",\"url\":\"https:\/\/joseppons.com\/formacion\/wp-content\/uploads\/2018\/09\/logotipo-home-josepponsformacio-1.png\",\"contentUrl\":\"https:\/\/joseppons.com\/formacion\/wp-content\/uploads\/2018\/09\/logotipo-home-josepponsformacio-1.png\",\"width\":420,\"height\":280,\"caption\":\"Josep Pons\"},\"image\":{\"@id\":\"https:\/\/joseppons.com\/formacion\/#\/schema\/logo\/image\/\"},\"sameAs\":[\"https:\/\/es-es.facebook.com\/JosepPonsFormacio\/\",\"https:\/\/x.com\/josepponsimatge\",\"https:\/\/www.instagram.com\/ponsformacion\/\"]},{\"@type\":\"Person\",\"@id\":\"https:\/\/joseppons.com\/formacion\/#\/schema\/person\/52350c76759824d67ee4b9d948063ed1\",\"name\":\"joseppons\"}]}<\/script>\n<!-- \/ Yoast SEO plugin. -->","yoast_head_json":{"title":"Referentes de la elegancia en el vestir, por Josep Pons - Josep Pons Formaci\u00f3n","description":"Los grandes dise\u00f1adores siguen inspir\u00e1ndose en el vestuario de celebridades como Rita Hayworth y Grace Kelly, que lucieron looks que han marcado una \u00e9poca..","robots":{"index":"index","follow":"follow","max-snippet":"max-snippet:-1","max-image-preview":"max-image-preview:large","max-video-preview":"max-video-preview:-1"},"canonical":"https:\/\/joseppons.com\/formacion\/referentes-elegancia-moda\/","og_locale":"es_ES","og_type":"article","og_title":"Referentes de la elegancia en el vestir, por Josep Pons - Josep Pons Formaci\u00f3n","og_description":"Los grandes dise\u00f1adores siguen inspir\u00e1ndose en el vestuario de celebridades como Rita Hayworth y Grace Kelly, que lucieron looks que han marcado una \u00e9poca..","og_url":"https:\/\/joseppons.com\/formacion\/referentes-elegancia-moda\/","og_site_name":"Josep Pons Formaci\u00f3n","article_publisher":"https:\/\/es-es.facebook.com\/JosepPonsFormacio\/","article_published_time":"2019-10-14T14:20:21+00:00","article_modified_time":"2019-10-14T14:32:54+00:00","og_image":[{"width":940,"height":495,"url":"https:\/\/joseppons.com\/formacion\/wp-content\/uploads\/2019\/10\/referentes-historia-moda.jpg","type":"image\/jpeg"}],"author":"joseppons","twitter_card":"summary_large_image","twitter_creator":"@josepponsimatge","twitter_site":"@josepponsimatge","twitter_misc":{"Escrito por":"joseppons","Tiempo de lectura":"2 minutos"},"schema":{"@context":"https:\/\/schema.org","@graph":[{"@type":"Article","@id":"https:\/\/joseppons.com\/formacion\/referentes-elegancia-moda\/#article","isPartOf":{"@id":"https:\/\/joseppons.com\/formacion\/referentes-elegancia-moda\/"},"author":{"name":"joseppons","@id":"https:\/\/joseppons.com\/formacion\/#\/schema\/person\/52350c76759824d67ee4b9d948063ed1"},"headline":"Referentes de la elegancia en el vestir, por Josep Pons","datePublished":"2019-10-14T14:20:21+00:00","dateModified":"2019-10-14T14:32:54+00:00","mainEntityOfPage":{"@id":"https:\/\/joseppons.com\/formacion\/referentes-elegancia-moda\/"},"wordCount":350,"commentCount":0,"publisher":{"@id":"https:\/\/joseppons.com\/formacion\/#organization"},"image":{"@id":"https:\/\/joseppons.com\/formacion\/referentes-elegancia-moda\/#primaryimage"},"thumbnailUrl":"https:\/\/joseppons.com\/formacion\/wp-content\/uploads\/2019\/10\/referentes-historia-moda.jpg","keywords":["celebrities","Josep pons","tendencias en moda"],"articleSection":["Actualidad","Asesor\u00eda de imagen","tendencias"],"inLanguage":"es","potentialAction":[{"@type":"CommentAction","name":"Comment","target":["https:\/\/joseppons.com\/formacion\/referentes-elegancia-moda\/#respond"]}]},{"@type":"WebPage","@id":"https:\/\/joseppons.com\/formacion\/referentes-elegancia-moda\/","url":"https:\/\/joseppons.com\/formacion\/referentes-elegancia-moda\/","name":"Referentes de la elegancia en el vestir, por Josep Pons - Josep Pons Formaci\u00f3n","isPartOf":{"@id":"https:\/\/joseppons.com\/formacion\/#website"},"primaryImageOfPage":{"@id":"https:\/\/joseppons.com\/formacion\/referentes-elegancia-moda\/#primaryimage"},"image":{"@id":"https:\/\/joseppons.com\/formacion\/referentes-elegancia-moda\/#primaryimage"},"thumbnailUrl":"https:\/\/joseppons.com\/formacion\/wp-content\/uploads\/2019\/10\/referentes-historia-moda.jpg","datePublished":"2019-10-14T14:20:21+00:00","dateModified":"2019-10-14T14:32:54+00:00","description":"Los grandes dise\u00f1adores siguen inspir\u00e1ndose en el vestuario de celebridades como Rita Hayworth y Grace Kelly, que lucieron looks que han marcado una \u00e9poca..","breadcrumb":{"@id":"https:\/\/joseppons.com\/formacion\/referentes-elegancia-moda\/#breadcrumb"},"inLanguage":"es","potentialAction":[{"@type":"ReadAction","target":["https:\/\/joseppons.com\/formacion\/referentes-elegancia-moda\/"]}]},{"@type":"ImageObject","inLanguage":"es","@id":"https:\/\/joseppons.com\/formacion\/referentes-elegancia-moda\/#primaryimage","url":"https:\/\/joseppons.com\/formacion\/wp-content\/uploads\/2019\/10\/referentes-historia-moda.jpg","contentUrl":"https:\/\/joseppons.com\/formacion\/wp-content\/uploads\/2019\/10\/referentes-historia-moda.jpg","width":940,"height":495,"caption":"Referentes de la historia de la moda"},{"@type":"BreadcrumbList","@id":"https:\/\/joseppons.com\/formacion\/referentes-elegancia-moda\/#breadcrumb","itemListElement":[{"@type":"ListItem","position":1,"name":"Portada","item":"https:\/\/joseppons.com\/formacion\/"},{"@type":"ListItem","position":2,"name":"Referentes de la elegancia en el vestir, por Josep Pons"}]},{"@type":"WebSite","@id":"https:\/\/joseppons.com\/formacion\/#website","url":"https:\/\/joseppons.com\/formacion\/","name":"Josep Pons Formaci\u00f3n","description":"","publisher":{"@id":"https:\/\/joseppons.com\/formacion\/#organization"},"potentialAction":[{"@type":"SearchAction","target":{"@type":"EntryPoint","urlTemplate":"https:\/\/joseppons.com\/formacion\/?s={search_term_string}"},"query-input":{"@type":"PropertyValueSpecification","valueRequired":true,"valueName":"search_term_string"}}],"inLanguage":"es"},{"@type":"Organization","@id":"https:\/\/joseppons.com\/formacion\/#organization","name":"Josep Pons","url":"https:\/\/joseppons.com\/formacion\/","logo":{"@type":"ImageObject","inLanguage":"es","@id":"https:\/\/joseppons.com\/formacion\/#\/schema\/logo\/image\/","url":"https:\/\/joseppons.com\/formacion\/wp-content\/uploads\/2018\/09\/logotipo-home-josepponsformacio-1.png","contentUrl":"https:\/\/joseppons.com\/formacion\/wp-content\/uploads\/2018\/09\/logotipo-home-josepponsformacio-1.png","width":420,"height":280,"caption":"Josep Pons"},"image":{"@id":"https:\/\/joseppons.com\/formacion\/#\/schema\/logo\/image\/"},"sameAs":["https:\/\/es-es.facebook.com\/JosepPonsFormacio\/","https:\/\/x.com\/josepponsimatge","https:\/\/www.instagram.com\/ponsformacion\/"]},{"@type":"Person","@id":"https:\/\/joseppons.com\/formacion\/#\/schema\/person\/52350c76759824d67ee4b9d948063ed1","name":"joseppons"}]}},"_links":{"self":[{"href":"https:\/\/joseppons.com\/formacion\/wp-json\/wp\/v2\/posts\/2098","targetHints":{"allow":["GET"]}}],"collection":[{"href":"https:\/\/joseppons.com\/formacion\/wp-json\/wp\/v2\/posts"}],"about":[{"href":"https:\/\/joseppons.com\/formacion\/wp-json\/wp\/v2\/types\/post"}],"author":[{"embeddable":true,"href":"https:\/\/joseppons.com\/formacion\/wp-json\/wp\/v2\/users\/2"}],"replies":[{"embeddable":true,"href":"https:\/\/joseppons.com\/formacion\/wp-json\/wp\/v2\/comments?post=2098"}],"version-history":[{"count":0,"href":"https:\/\/joseppons.com\/formacion\/wp-json\/wp\/v2\/posts\/2098\/revisions"}],"wp:featuredmedia":[{"embeddable":true,"href":"https:\/\/joseppons.com\/formacion\/wp-json\/wp\/v2\/media\/2099"}],"wp:attachment":[{"href":"https:\/\/joseppons.com\/formacion\/wp-json\/wp\/v2\/media?parent=2098"}],"wp:term":[{"taxonomy":"category","embeddable":true,"href":"https:\/\/joseppons.com\/formacion\/wp-json\/wp\/v2\/categories?post=2098"},{"taxonomy":"post_tag","embeddable":true,"href":"https:\/\/joseppons.com\/formacion\/wp-json\/wp\/v2\/tags?post=2098"}],"curies":[{"name":"wp","href":"https:\/\/api.w.org\/{rel}","templated":true}]}}