{"id":19372,"date":"2026-01-27T14:11:05","date_gmt":"2026-01-27T13:11:05","guid":{"rendered":"https:\/\/joseppons.com\/formacion\/?p=19372"},"modified":"2026-01-27T14:11:05","modified_gmt":"2026-01-27T13:11:05","slug":"que-se-estudia-en-una-academia-de-imagen-personal-y-corporativa","status":"publish","type":"post","link":"https:\/\/joseppons.com\/formacion\/que-se-estudia-en-una-academia-de-imagen-personal-y-corporativa\/","title":{"rendered":"\u00bfQu\u00e9 se estudia en una academia de imagen personal y corporativa?"},"content":{"rendered":"<p>Estudiar <strong>imagen personal y corporativa<\/strong> significa aprender a gestionar c\u00f3mo personas y organizaciones se presentan al mundo, c\u00f3mo comunican qui\u00e9nes son y c\u00f3mo influyen en la percepci\u00f3n que generan. No se trata solo de est\u00e9tica, sino de <em>estrategia, comunicaci\u00f3n y coherencia<\/em> entre identidad, mensaje y contexto.<\/p>\n<p>En una academia especializada, la formaci\u00f3n est\u00e1 orientada a convertir esa intuici\u00f3n sobre la imagen en una <strong>metodolog\u00eda profesional<\/strong>. En nuestro caso, en<a href=\"https:\/\/joseppons.com\/formacion\/\"> Josep Pons Formaci\u00f3n <\/a>trabajamos la<a href=\"https:\/\/joseppons.com\/formacion\/asesoria-de-imagen\/\"> asesor\u00eda de imagen <\/a>desde una visi\u00f3n realista del sector, donde cada decisi\u00f3n debe tener un porqu\u00e9 y un objetivo claro.<\/p>\n<p><!--more--><\/p>\n<h2>Qu\u00e9 implica formarse en imagen personal y corporativa<\/h2>\n<p><img fetchpriority=\"high\" decoding=\"async\" class=\"alignnone size-full wp-image-19380\" src=\"https:\/\/joseppons.com\/formacion\/wp-content\/uploads\/2026\/01\/academia-de-imagen-personal-y-corporativa.jpg\" alt=\"academia de imagen personal y corporativa\" width=\"1000\" height=\"667\" srcset=\"https:\/\/joseppons.com\/formacion\/wp-content\/uploads\/2026\/01\/academia-de-imagen-personal-y-corporativa.jpg 1000w, https:\/\/joseppons.com\/formacion\/wp-content\/uploads\/2026\/01\/academia-de-imagen-personal-y-corporativa-768x512.jpg 768w\" sizes=\"(max-width: 1000px) 100vw, 1000px\" \/><\/p>\n<p>La asesor\u00eda de imagen combina disciplinas muy diversas. Por eso, la formaci\u00f3n es transversal y exige <strong>desarrollar tanto sensibilidad est\u00e9tica como capacidad de an\u00e1lisis<\/strong>. A lo largo de los estudios, el alumno aprende a observar, interpretar y construir im\u00e1genes que comuniquen de forma eficaz.<\/p>\n<p>En la pr\u00e1ctica, esto implica dominar aspectos t\u00e9cnicos, psicol\u00f3gicos y comunicativos. En nuestra experiencia, el verdadero aprendizaje ocurre cuando el alumno entiende que<strong> la imagen no es algo superficial, sino una herramienta de posicionamiento personal y profesional.<\/strong><\/p>\n<h2>Imagen personal: an\u00e1lisis, autenticidad y coherencia<\/h2>\n<p>La imagen personal es uno de los pilares fundamentales de esta formaci\u00f3n. Aqu\u00ed se aprende a analizar a una persona de forma global: su f\u00edsico, su estilo de vida, su personalidad, su entorno profesional y sus objetivos. <strong>El fin no es \u201ccambiar\u201d a la persona, sino potenciar su mensaje.<\/strong><\/p>\n<p>Durante la formaci\u00f3n se trabajan contenidos como:<\/p>\n<ul>\n<li>An\u00e1lisis morfol\u00f3gico y visagismo aplicados a casos reales.<\/li>\n<li>Estilismo en vestuario, complementos y colorimetr\u00eda.<\/li>\n<li>Imagen en peluquer\u00eda y maquillaje con enfoque profesional.<\/li>\n<li>Psicolog\u00eda de la imagen y percepci\u00f3n social.<\/li>\n<\/ul>\n<p>En nuestro caso, insistimos mucho en que el asesor debe saber <strong>argumentar cada elecci\u00f3n<\/strong>. No basta con que algo \u201cquede bien\u201d; debe ser coherente con la persona y con el contexto en el que se mueve.<\/p>\n<h2>Imagen corporativa: la imagen como estrategia empresarial<\/h2>\n<p>La imagen corporativa ampl\u00eda el foco y lo sit\u00faa en empresas, marcas e instituciones. Aqu\u00ed el asesor aprende a trabajar con valores de marca, cultura empresarial y objetivos estrat\u00e9gicos, entendiendo que la imagen es parte activa del negocio.<\/p>\n<p>En una academia de imagen personal y corporativa se estudian aspectos como:<\/p>\n<ul>\n<li>Identidad corporativa y posicionamiento de marca.<\/li>\n<li>Imagen profesional en entornos empresariales.<\/li>\n<li>Asesor\u00eda de imagen para directivos y portavoces.<\/li>\n<li>Gesti\u00f3n de la imagen en eventos, presentaciones y medios.<\/li>\n<\/ul>\n<p>En Josep Pons Formaci\u00f3n solemos remarcar que una empresa comunica incluso cuando no es consciente de ello. Por eso, formar asesores capaces de detectar incoherencias y proponer soluciones es clave.<\/p>\n<h2>Asignaturas que se estudian en imagen personal y corporativa<\/h2>\n<p>El<a href=\"https:\/\/joseppons.com\/formacion\/ciclo-formativo-grado-superior-de-asesoria-de-imagen-personal-y-corporativa\/\"> Ciclo Formativo de Grado Superior en Asesor\u00eda de Imagen Personal y Corporativa<\/a> estructura estos conocimientos en m\u00f3dulos que combinan teor\u00eda y pr\u00e1ctica desde el inicio.<\/p>\n<table>\n<tbody>\n<tr>\n<td>Bloque formativo<\/td>\n<td>Competencias que se desarrollan<\/td>\n<\/tr>\n<tr>\n<td>Asesor\u00eda imagen<\/td>\n<td>Metodolog\u00eda profesional, an\u00e1lisis de clientes y elaboraci\u00f3n de propuestas.<\/td>\n<\/tr>\n<tr>\n<td>Estilismo<\/td>\n<td>Selecci\u00f3n de vestuario y complementos seg\u00fan objetivos personales o corporativos.<\/td>\n<\/tr>\n<tr>\n<td>Comunicaci\u00f3n<\/td>\n<td>Lenguaje verbal, no verbal y presencia en p\u00fablico.<\/td>\n<\/tr>\n<tr>\n<td>Protocolo<\/td>\n<td>Normas sociales, empresariales e institucionales.<\/td>\n<\/tr>\n<tr>\n<td>Proyecto<\/td>\n<td>Aplicaci\u00f3n pr\u00e1ctica de un caso real de asesor\u00eda de imagen.<\/td>\n<\/tr>\n<\/tbody>\n<\/table>\n<p>Desde nuestra experiencia, este enfoque permite al alumno enfrentarse a situaciones reales con mayor seguridad y criterio profesional.<\/p>\n<h2>C\u00f3mo se trabaja la parte pr\u00e1ctica en un ciclo especializado<\/h2>\n<p>Uno de los aspectos m\u00e1s importantes de estudiar imagen personal y corporativa es la pr\u00e1ctica. No basta con conocer conceptos:<strong> hay que aplicarlos, equivocarse y aprender a defender decisiones frente a clientes reales o simulados<\/strong>.<\/p>\n<p>En nuestro caso, trabajamos con<strong> supuestos reales, din\u00e1micas de an\u00e1lisis y proyectos que replican el d\u00eda a d\u00eda del asesor profesional<\/strong>. Esto ayuda a que el alumno entienda desde el principio c\u00f3mo funciona el sector y qu\u00e9 se espera de \u00e9l.<\/p>\n<h2>Salidas profesionales de la formaci\u00f3n en imagen personal y corporativa<\/h2>\n<p><img decoding=\"async\" class=\"alignnone size-full wp-image-19381\" src=\"https:\/\/joseppons.com\/formacion\/wp-content\/uploads\/2026\/01\/estudios-academia-de-imagen-personal-y-corporativa.jpg\" alt=\"estudios academia de imagen personal y corporativa\" width=\"1000\" height=\"667\" srcset=\"https:\/\/joseppons.com\/formacion\/wp-content\/uploads\/2026\/01\/estudios-academia-de-imagen-personal-y-corporativa.jpg 1000w, https:\/\/joseppons.com\/formacion\/wp-content\/uploads\/2026\/01\/estudios-academia-de-imagen-personal-y-corporativa-768x512.jpg 768w\" sizes=\"(max-width: 1000px) 100vw, 1000px\" \/><\/p>\n<p>La formaci\u00f3n en imagen personal y corporativa ofrece salidas profesionales muy diversas. Es una disciplina que permite <strong>trabajar tanto de forma aut\u00f3noma como integrada en empresas, agencias o instituciones.<\/strong><\/p>\n<p>Entre las salidas m\u00e1s habituales se encuentran:<\/p>\n<ul>\n<li>Asesor\/a de imagen personal.<\/li>\n<li>Consultor\/a de imagen corporativa.<\/li>\n<li>Especialista en protocolo y organizaci\u00f3n de eventos.<\/li>\n<li>Asesor\/a para directivos, pol\u00edticos o portavoces.<\/li>\n<li>Colaborador\/a en moda, comunicaci\u00f3n o medios.<\/li>\n<\/ul>\n<p>En Josep Pons Formaci\u00f3n vemos c\u00f3mo muchos alumnos encuentran su camino combinando varias de estas salidas, adapt\u00e1ndose a un mercado cada vez m\u00e1s flexible.<\/p>\n<h2>Por qu\u00e9 estudiar imagen personal y corporativa en un curso especializado<\/h2>\n<p>Elegir una academia especializada marca la diferencia. La cercan\u00eda con el profesorado, el contacto con la realidad profesional y el enfoque pr\u00e1ctico permiten adquirir no solo conocimientos, sino <strong>criterio y visi\u00f3n estrat\u00e9gica<\/strong>.<\/p>\n<p>En nuestro caso, apostamos por una <strong>formaci\u00f3n exigente, actualizada y alineada con el sector,<\/strong> porque entendemos que la imagen bien trabajada no es un complemento, sino una <strong>herramienta clave de comunicaci\u00f3n y posicionamiento profesional.<\/strong><\/p>\n","protected":false},"excerpt":{"rendered":"<p>Estudiar imagen personal y corporativa significa aprender a gestionar c\u00f3mo personas y organizaciones se presentan al mundo, c\u00f3mo comunican qui\u00e9nes son y c\u00f3mo influyen en la percepci\u00f3n que generan. No se trata solo de est\u00e9tica, sino de estrategia, comunicaci\u00f3n y coherencia entre identidad, mensaje y contexto. En una academia especializada, la formaci\u00f3n est\u00e1 orientada a&#8230;<\/p>\n","protected":false},"author":10,"featured_media":19382,"comment_status":"closed","ping_status":"closed","sticky":false,"template":"","format":"standard","meta":{"_joinchat":[],"footnotes":""},"categories":[8,356,838],"tags":[],"class_list":["post-19372","post","type-post","status-publish","format-standard","has-post-thumbnail","hentry","category-asesoria-de-imagen","category-grado-superior-en-asesoria","category-imagen-personal"],"yoast_head":"<!-- This site is optimized with the Yoast SEO plugin v26.7 - https:\/\/yoast.com\/wordpress\/plugins\/seo\/ -->\n<title>\u00bfQu\u00e9 se estudia en una academia de imagen personal y corporativa? - Josep Pons Formaci\u00f3n<\/title>\n<meta name=\"description\" content=\"Aprende a gestionar c\u00f3mo personas y organizaciones se presentan al mundo, c\u00f3mo comunican qui\u00e9nes son y c\u00f3mo influyen en la percepci\u00f3n que generan. \u00a1Entra!\" \/>\n<meta name=\"robots\" content=\"index, follow, max-snippet:-1, max-image-preview:large, max-video-preview:-1\" \/>\n<link rel=\"canonical\" href=\"https:\/\/joseppons.com\/formacion\/que-se-estudia-en-una-academia-de-imagen-personal-y-corporativa\/\" \/>\n<meta property=\"og:locale\" content=\"es_ES\" \/>\n<meta property=\"og:type\" content=\"article\" \/>\n<meta property=\"og:title\" content=\"\u00bfQu\u00e9 se estudia en una academia de imagen personal y corporativa? - Josep Pons Formaci\u00f3n\" \/>\n<meta property=\"og:description\" content=\"Aprende a gestionar c\u00f3mo personas y organizaciones se presentan al mundo, c\u00f3mo comunican qui\u00e9nes son y c\u00f3mo influyen en la percepci\u00f3n que generan. \u00a1Entra!\" \/>\n<meta property=\"og:url\" content=\"https:\/\/joseppons.com\/formacion\/que-se-estudia-en-una-academia-de-imagen-personal-y-corporativa\/\" \/>\n<meta property=\"og:site_name\" content=\"Josep Pons Formaci\u00f3n\" \/>\n<meta property=\"article:publisher\" content=\"https:\/\/es-es.facebook.com\/JosepPonsFormacio\/\" \/>\n<meta property=\"article:published_time\" content=\"2026-01-27T13:11:05+00:00\" \/>\n<meta property=\"og:image\" content=\"https:\/\/joseppons.com\/formacion\/wp-content\/uploads\/2026\/01\/Que-se-estudia-en-una-academia-de-imagen-personal-y-corporativa.jpg\" \/>\n\t<meta property=\"og:image:width\" content=\"1000\" \/>\n\t<meta property=\"og:image:height\" content=\"667\" \/>\n\t<meta property=\"og:image:type\" content=\"image\/jpeg\" \/>\n<meta name=\"author\" content=\"Rodanet\" \/>\n<meta name=\"twitter:card\" content=\"summary_large_image\" \/>\n<meta name=\"twitter:creator\" content=\"@josepponsimatge\" \/>\n<meta name=\"twitter:site\" content=\"@josepponsimatge\" \/>\n<meta name=\"twitter:label1\" content=\"Escrito por\" \/>\n\t<meta name=\"twitter:data1\" content=\"Rodanet\" \/>\n\t<meta name=\"twitter:label2\" content=\"Tiempo de lectura\" \/>\n\t<meta name=\"twitter:data2\" content=\"5 minutos\" \/>\n<script type=\"application\/ld+json\" class=\"yoast-schema-graph\">{\"@context\":\"https:\/\/schema.org\",\"@graph\":[{\"@type\":\"Article\",\"@id\":\"https:\/\/joseppons.com\/formacion\/que-se-estudia-en-una-academia-de-imagen-personal-y-corporativa\/#article\",\"isPartOf\":{\"@id\":\"https:\/\/joseppons.com\/formacion\/que-se-estudia-en-una-academia-de-imagen-personal-y-corporativa\/\"},\"author\":{\"name\":\"Rodanet\",\"@id\":\"https:\/\/joseppons.com\/formacion\/#\/schema\/person\/36a9da5617b0436af06ff9b7daa4938a\"},\"headline\":\"\u00bfQu\u00e9 se estudia en una academia de imagen personal y corporativa?\",\"datePublished\":\"2026-01-27T13:11:05+00:00\",\"mainEntityOfPage\":{\"@id\":\"https:\/\/joseppons.com\/formacion\/que-se-estudia-en-una-academia-de-imagen-personal-y-corporativa\/\"},\"wordCount\":886,\"publisher\":{\"@id\":\"https:\/\/joseppons.com\/formacion\/#organization\"},\"image\":{\"@id\":\"https:\/\/joseppons.com\/formacion\/que-se-estudia-en-una-academia-de-imagen-personal-y-corporativa\/#primaryimage\"},\"thumbnailUrl\":\"https:\/\/joseppons.com\/formacion\/wp-content\/uploads\/2026\/01\/Que-se-estudia-en-una-academia-de-imagen-personal-y-corporativa.jpg\",\"articleSection\":[\"Asesor\u00eda de imagen\",\"Grado Superior en Asesor\u00eda\",\"Imagen Personal\"],\"inLanguage\":\"es\"},{\"@type\":\"WebPage\",\"@id\":\"https:\/\/joseppons.com\/formacion\/que-se-estudia-en-una-academia-de-imagen-personal-y-corporativa\/\",\"url\":\"https:\/\/joseppons.com\/formacion\/que-se-estudia-en-una-academia-de-imagen-personal-y-corporativa\/\",\"name\":\"\u00bfQu\u00e9 se estudia en una academia de imagen personal y corporativa? - Josep Pons Formaci\u00f3n\",\"isPartOf\":{\"@id\":\"https:\/\/joseppons.com\/formacion\/#website\"},\"primaryImageOfPage\":{\"@id\":\"https:\/\/joseppons.com\/formacion\/que-se-estudia-en-una-academia-de-imagen-personal-y-corporativa\/#primaryimage\"},\"image\":{\"@id\":\"https:\/\/joseppons.com\/formacion\/que-se-estudia-en-una-academia-de-imagen-personal-y-corporativa\/#primaryimage\"},\"thumbnailUrl\":\"https:\/\/joseppons.com\/formacion\/wp-content\/uploads\/2026\/01\/Que-se-estudia-en-una-academia-de-imagen-personal-y-corporativa.jpg\",\"datePublished\":\"2026-01-27T13:11:05+00:00\",\"description\":\"Aprende a gestionar c\u00f3mo personas y organizaciones se presentan al mundo, c\u00f3mo comunican qui\u00e9nes son y c\u00f3mo influyen en la percepci\u00f3n que generan. \u00a1Entra!\",\"breadcrumb\":{\"@id\":\"https:\/\/joseppons.com\/formacion\/que-se-estudia-en-una-academia-de-imagen-personal-y-corporativa\/#breadcrumb\"},\"inLanguage\":\"es\",\"potentialAction\":[{\"@type\":\"ReadAction\",\"target\":[\"https:\/\/joseppons.com\/formacion\/que-se-estudia-en-una-academia-de-imagen-personal-y-corporativa\/\"]}]},{\"@type\":\"ImageObject\",\"inLanguage\":\"es\",\"@id\":\"https:\/\/joseppons.com\/formacion\/que-se-estudia-en-una-academia-de-imagen-personal-y-corporativa\/#primaryimage\",\"url\":\"https:\/\/joseppons.com\/formacion\/wp-content\/uploads\/2026\/01\/Que-se-estudia-en-una-academia-de-imagen-personal-y-corporativa.jpg\",\"contentUrl\":\"https:\/\/joseppons.com\/formacion\/wp-content\/uploads\/2026\/01\/Que-se-estudia-en-una-academia-de-imagen-personal-y-corporativa.jpg\",\"width\":1000,\"height\":667,\"caption\":\"\u00bfQu\u00e9 se estudia en una academia de imagen personal y corporativa?\"},{\"@type\":\"BreadcrumbList\",\"@id\":\"https:\/\/joseppons.com\/formacion\/que-se-estudia-en-una-academia-de-imagen-personal-y-corporativa\/#breadcrumb\",\"itemListElement\":[{\"@type\":\"ListItem\",\"position\":1,\"name\":\"Portada\",\"item\":\"https:\/\/joseppons.com\/formacion\/\"},{\"@type\":\"ListItem\",\"position\":2,\"name\":\"\u00bfQu\u00e9 se estudia en una academia de imagen personal y corporativa?\"}]},{\"@type\":\"WebSite\",\"@id\":\"https:\/\/joseppons.com\/formacion\/#website\",\"url\":\"https:\/\/joseppons.com\/formacion\/\",\"name\":\"Josep Pons Formaci\u00f3n\",\"description\":\"\",\"publisher\":{\"@id\":\"https:\/\/joseppons.com\/formacion\/#organization\"},\"potentialAction\":[{\"@type\":\"SearchAction\",\"target\":{\"@type\":\"EntryPoint\",\"urlTemplate\":\"https:\/\/joseppons.com\/formacion\/?s={search_term_string}\"},\"query-input\":{\"@type\":\"PropertyValueSpecification\",\"valueRequired\":true,\"valueName\":\"search_term_string\"}}],\"inLanguage\":\"es\"},{\"@type\":\"Organization\",\"@id\":\"https:\/\/joseppons.com\/formacion\/#organization\",\"name\":\"Josep Pons\",\"url\":\"https:\/\/joseppons.com\/formacion\/\",\"logo\":{\"@type\":\"ImageObject\",\"inLanguage\":\"es\",\"@id\":\"https:\/\/joseppons.com\/formacion\/#\/schema\/logo\/image\/\",\"url\":\"https:\/\/joseppons.com\/formacion\/wp-content\/uploads\/2018\/09\/logotipo-home-josepponsformacio-1.png\",\"contentUrl\":\"https:\/\/joseppons.com\/formacion\/wp-content\/uploads\/2018\/09\/logotipo-home-josepponsformacio-1.png\",\"width\":420,\"height\":280,\"caption\":\"Josep Pons\"},\"image\":{\"@id\":\"https:\/\/joseppons.com\/formacion\/#\/schema\/logo\/image\/\"},\"sameAs\":[\"https:\/\/es-es.facebook.com\/JosepPonsFormacio\/\",\"https:\/\/x.com\/josepponsimatge\",\"https:\/\/www.instagram.com\/ponsformacion\/\"]},{\"@type\":\"Person\",\"@id\":\"https:\/\/joseppons.com\/formacion\/#\/schema\/person\/36a9da5617b0436af06ff9b7daa4938a\",\"name\":\"Rodanet\"}]}<\/script>\n<!-- \/ Yoast SEO plugin. -->","yoast_head_json":{"title":"\u00bfQu\u00e9 se estudia en una academia de imagen personal y corporativa? - Josep Pons Formaci\u00f3n","description":"Aprende a gestionar c\u00f3mo personas y organizaciones se presentan al mundo, c\u00f3mo comunican qui\u00e9nes son y c\u00f3mo influyen en la percepci\u00f3n que generan. \u00a1Entra!","robots":{"index":"index","follow":"follow","max-snippet":"max-snippet:-1","max-image-preview":"max-image-preview:large","max-video-preview":"max-video-preview:-1"},"canonical":"https:\/\/joseppons.com\/formacion\/que-se-estudia-en-una-academia-de-imagen-personal-y-corporativa\/","og_locale":"es_ES","og_type":"article","og_title":"\u00bfQu\u00e9 se estudia en una academia de imagen personal y corporativa? - Josep Pons Formaci\u00f3n","og_description":"Aprende a gestionar c\u00f3mo personas y organizaciones se presentan al mundo, c\u00f3mo comunican qui\u00e9nes son y c\u00f3mo influyen en la percepci\u00f3n que generan. \u00a1Entra!","og_url":"https:\/\/joseppons.com\/formacion\/que-se-estudia-en-una-academia-de-imagen-personal-y-corporativa\/","og_site_name":"Josep Pons Formaci\u00f3n","article_publisher":"https:\/\/es-es.facebook.com\/JosepPonsFormacio\/","article_published_time":"2026-01-27T13:11:05+00:00","og_image":[{"width":1000,"height":667,"url":"https:\/\/joseppons.com\/formacion\/wp-content\/uploads\/2026\/01\/Que-se-estudia-en-una-academia-de-imagen-personal-y-corporativa.jpg","type":"image\/jpeg"}],"author":"Rodanet","twitter_card":"summary_large_image","twitter_creator":"@josepponsimatge","twitter_site":"@josepponsimatge","twitter_misc":{"Escrito por":"Rodanet","Tiempo de lectura":"5 minutos"},"schema":{"@context":"https:\/\/schema.org","@graph":[{"@type":"Article","@id":"https:\/\/joseppons.com\/formacion\/que-se-estudia-en-una-academia-de-imagen-personal-y-corporativa\/#article","isPartOf":{"@id":"https:\/\/joseppons.com\/formacion\/que-se-estudia-en-una-academia-de-imagen-personal-y-corporativa\/"},"author":{"name":"Rodanet","@id":"https:\/\/joseppons.com\/formacion\/#\/schema\/person\/36a9da5617b0436af06ff9b7daa4938a"},"headline":"\u00bfQu\u00e9 se estudia en una academia de imagen personal y corporativa?","datePublished":"2026-01-27T13:11:05+00:00","mainEntityOfPage":{"@id":"https:\/\/joseppons.com\/formacion\/que-se-estudia-en-una-academia-de-imagen-personal-y-corporativa\/"},"wordCount":886,"publisher":{"@id":"https:\/\/joseppons.com\/formacion\/#organization"},"image":{"@id":"https:\/\/joseppons.com\/formacion\/que-se-estudia-en-una-academia-de-imagen-personal-y-corporativa\/#primaryimage"},"thumbnailUrl":"https:\/\/joseppons.com\/formacion\/wp-content\/uploads\/2026\/01\/Que-se-estudia-en-una-academia-de-imagen-personal-y-corporativa.jpg","articleSection":["Asesor\u00eda de imagen","Grado Superior en Asesor\u00eda","Imagen Personal"],"inLanguage":"es"},{"@type":"WebPage","@id":"https:\/\/joseppons.com\/formacion\/que-se-estudia-en-una-academia-de-imagen-personal-y-corporativa\/","url":"https:\/\/joseppons.com\/formacion\/que-se-estudia-en-una-academia-de-imagen-personal-y-corporativa\/","name":"\u00bfQu\u00e9 se estudia en una academia de imagen personal y corporativa? - Josep Pons Formaci\u00f3n","isPartOf":{"@id":"https:\/\/joseppons.com\/formacion\/#website"},"primaryImageOfPage":{"@id":"https:\/\/joseppons.com\/formacion\/que-se-estudia-en-una-academia-de-imagen-personal-y-corporativa\/#primaryimage"},"image":{"@id":"https:\/\/joseppons.com\/formacion\/que-se-estudia-en-una-academia-de-imagen-personal-y-corporativa\/#primaryimage"},"thumbnailUrl":"https:\/\/joseppons.com\/formacion\/wp-content\/uploads\/2026\/01\/Que-se-estudia-en-una-academia-de-imagen-personal-y-corporativa.jpg","datePublished":"2026-01-27T13:11:05+00:00","description":"Aprende a gestionar c\u00f3mo personas y organizaciones se presentan al mundo, c\u00f3mo comunican qui\u00e9nes son y c\u00f3mo influyen en la percepci\u00f3n que generan. \u00a1Entra!","breadcrumb":{"@id":"https:\/\/joseppons.com\/formacion\/que-se-estudia-en-una-academia-de-imagen-personal-y-corporativa\/#breadcrumb"},"inLanguage":"es","potentialAction":[{"@type":"ReadAction","target":["https:\/\/joseppons.com\/formacion\/que-se-estudia-en-una-academia-de-imagen-personal-y-corporativa\/"]}]},{"@type":"ImageObject","inLanguage":"es","@id":"https:\/\/joseppons.com\/formacion\/que-se-estudia-en-una-academia-de-imagen-personal-y-corporativa\/#primaryimage","url":"https:\/\/joseppons.com\/formacion\/wp-content\/uploads\/2026\/01\/Que-se-estudia-en-una-academia-de-imagen-personal-y-corporativa.jpg","contentUrl":"https:\/\/joseppons.com\/formacion\/wp-content\/uploads\/2026\/01\/Que-se-estudia-en-una-academia-de-imagen-personal-y-corporativa.jpg","width":1000,"height":667,"caption":"\u00bfQu\u00e9 se estudia en una academia de imagen personal y corporativa?"},{"@type":"BreadcrumbList","@id":"https:\/\/joseppons.com\/formacion\/que-se-estudia-en-una-academia-de-imagen-personal-y-corporativa\/#breadcrumb","itemListElement":[{"@type":"ListItem","position":1,"name":"Portada","item":"https:\/\/joseppons.com\/formacion\/"},{"@type":"ListItem","position":2,"name":"\u00bfQu\u00e9 se estudia en una academia de imagen personal y corporativa?"}]},{"@type":"WebSite","@id":"https:\/\/joseppons.com\/formacion\/#website","url":"https:\/\/joseppons.com\/formacion\/","name":"Josep Pons Formaci\u00f3n","description":"","publisher":{"@id":"https:\/\/joseppons.com\/formacion\/#organization"},"potentialAction":[{"@type":"SearchAction","target":{"@type":"EntryPoint","urlTemplate":"https:\/\/joseppons.com\/formacion\/?s={search_term_string}"},"query-input":{"@type":"PropertyValueSpecification","valueRequired":true,"valueName":"search_term_string"}}],"inLanguage":"es"},{"@type":"Organization","@id":"https:\/\/joseppons.com\/formacion\/#organization","name":"Josep Pons","url":"https:\/\/joseppons.com\/formacion\/","logo":{"@type":"ImageObject","inLanguage":"es","@id":"https:\/\/joseppons.com\/formacion\/#\/schema\/logo\/image\/","url":"https:\/\/joseppons.com\/formacion\/wp-content\/uploads\/2018\/09\/logotipo-home-josepponsformacio-1.png","contentUrl":"https:\/\/joseppons.com\/formacion\/wp-content\/uploads\/2018\/09\/logotipo-home-josepponsformacio-1.png","width":420,"height":280,"caption":"Josep Pons"},"image":{"@id":"https:\/\/joseppons.com\/formacion\/#\/schema\/logo\/image\/"},"sameAs":["https:\/\/es-es.facebook.com\/JosepPonsFormacio\/","https:\/\/x.com\/josepponsimatge","https:\/\/www.instagram.com\/ponsformacion\/"]},{"@type":"Person","@id":"https:\/\/joseppons.com\/formacion\/#\/schema\/person\/36a9da5617b0436af06ff9b7daa4938a","name":"Rodanet"}]}},"_links":{"self":[{"href":"https:\/\/joseppons.com\/formacion\/wp-json\/wp\/v2\/posts\/19372","targetHints":{"allow":["GET"]}}],"collection":[{"href":"https:\/\/joseppons.com\/formacion\/wp-json\/wp\/v2\/posts"}],"about":[{"href":"https:\/\/joseppons.com\/formacion\/wp-json\/wp\/v2\/types\/post"}],"author":[{"embeddable":true,"href":"https:\/\/joseppons.com\/formacion\/wp-json\/wp\/v2\/users\/10"}],"replies":[{"embeddable":true,"href":"https:\/\/joseppons.com\/formacion\/wp-json\/wp\/v2\/comments?post=19372"}],"version-history":[{"count":2,"href":"https:\/\/joseppons.com\/formacion\/wp-json\/wp\/v2\/posts\/19372\/revisions"}],"predecessor-version":[{"id":19383,"href":"https:\/\/joseppons.com\/formacion\/wp-json\/wp\/v2\/posts\/19372\/revisions\/19383"}],"wp:featuredmedia":[{"embeddable":true,"href":"https:\/\/joseppons.com\/formacion\/wp-json\/wp\/v2\/media\/19382"}],"wp:attachment":[{"href":"https:\/\/joseppons.com\/formacion\/wp-json\/wp\/v2\/media?parent=19372"}],"wp:term":[{"taxonomy":"category","embeddable":true,"href":"https:\/\/joseppons.com\/formacion\/wp-json\/wp\/v2\/categories?post=19372"},{"taxonomy":"post_tag","embeddable":true,"href":"https:\/\/joseppons.com\/formacion\/wp-json\/wp\/v2\/tags?post=19372"}],"curies":[{"name":"wp","href":"https:\/\/api.w.org\/{rel}","templated":true}]}}