{"id":19367,"date":"2026-01-27T13:59:32","date_gmt":"2026-01-27T12:59:32","guid":{"rendered":"https:\/\/joseppons.com\/formacion\/?p=19367"},"modified":"2026-01-27T13:59:32","modified_gmt":"2026-01-27T12:59:32","slug":"que-salidas-profesionales-tiene-estudiar-peluqueria-hoy","status":"publish","type":"post","link":"https:\/\/joseppons.com\/formacion\/que-salidas-profesionales-tiene-estudiar-peluqueria-hoy\/","title":{"rendered":"Qu\u00e9 salidas profesionales tiene estudiar peluquer\u00eda hoy"},"content":{"rendered":"<p>Si te preguntas <strong>qu\u00e9 salidas profesionales tiene estudiar peluquer\u00eda<\/strong> en 2026, aqu\u00ed tienes una gu\u00eda profunda y pr\u00e1ctica: perfiles reales, d\u00f3nde trabajan, qu\u00e9 habilidades piden, qu\u00e9 estudiar primero y c\u00f3mo especializarte despu\u00e9s. Integramos la experiencia de<a href=\"https:\/\/joseppons.com\/formacion\/\"> <strong>Josep Pons Formaci\u00f3n<\/strong> <\/a>con itinerarios claros para que avances con seguridad y sin pasos en falso.<\/p>\n<p><!--more--><\/p>\n<h2>Panorama laboral actual: \u00bfpor qu\u00e9 la peluquer\u00eda tiene recorrido?<\/h2>\n<p><img fetchpriority=\"high\" decoding=\"async\" class=\"alignnone size-full wp-image-19377\" src=\"https:\/\/joseppons.com\/formacion\/wp-content\/uploads\/2026\/01\/Que-salidas-profesionales-tiene-estudiar-peluqueria.jpg\" alt=\"Qu\u00e9 salidas profesionales tiene estudiar peluquer\u00eda\" width=\"1000\" height=\"667\" srcset=\"https:\/\/joseppons.com\/formacion\/wp-content\/uploads\/2026\/01\/Que-salidas-profesionales-tiene-estudiar-peluqueria.jpg 1000w, https:\/\/joseppons.com\/formacion\/wp-content\/uploads\/2026\/01\/Que-salidas-profesionales-tiene-estudiar-peluqueria-768x512.jpg 768w\" sizes=\"(max-width: 1000px) 100vw, 1000px\" \/><\/p>\n<p>El cabello se ha convertido en un servicio recurrente y de alto valor a\u00f1adido. La demanda crece en <em>servicios <\/em>t\u00e9cnicos (colorimetr\u00eda, rubios complejos), en <em>eventos<\/em> (bodas y editoriales) y en formaci\u00f3n (marcas y escuelas). <strong>En Josep Pons Formaci\u00f3n solemos observar<\/strong> tres tendencias: <strong>m\u00e1s especializaci\u00f3n, clientes mejor informados que valoran el diagn\u00f3stico y una mayor profesionalizaci\u00f3n de la gesti\u00f3n de sal\u00f3n<\/strong> (KPIs, experiencia de cliente y contenidos).<\/p>\n<h2>Perfiles profesionales en peluquer\u00eda<\/h2>\n<p>M\u00e1s all\u00e1 del \u201cpeluquero\/a generalista\u201d, el oficio se organiza en roles con foco y responsabilidades distintas. Este mapa te ayuda a identificar d\u00f3nde encajas y qu\u00e9 estudiar.<\/p>\n<table>\n<tbody>\n<tr>\n<td><strong>Perfil<\/strong><\/td>\n<td><strong>Responsabilidades<\/strong><\/td>\n<td><strong>Entornos habituales<\/strong><\/td>\n<td><strong>Primer paso formativo<\/strong><\/td>\n<td><strong>Especializaci\u00f3n<\/strong><\/td>\n<\/tr>\n<tr>\n<td>Estilista de sal\u00f3n<\/td>\n<td>Diagn\u00f3stico, corte, color base, atenci\u00f3n y rebooking<\/td>\n<td>Salones independientes o cadena<\/td>\n<td><a href=\"https:\/\/joseppons.com\/formacion\/grado-medio-de-peluqueria\/\">Grado Medio de Peluquer\u00eda<\/a><\/td>\n<td><a href=\"https:\/\/joseppons.com\/formacion\/curso-de-peluqueria-en-colorimetria\/\">Colorimetr\u00eda<\/a><\/td>\n<\/tr>\n<tr>\n<td>T\u00e9cnico\/a de color<\/td>\n<td>Diagn\u00f3stico crom\u00e1tico, correcciones, protocolos de cuidado<\/td>\n<td>Sal\u00f3n, asistencia backstage, soporte a marcas<\/td>\n<td><a href=\"https:\/\/joseppons.com\/formacion\/ciclo-peluqueria-josep-pons\/\">Ciclo de Peluquer\u00eda<\/a><\/td>\n<td><a href=\"https:\/\/joseppons.com\/formacion\/curso-de-peluqueria-en-colorimetria\/\">Color avanzado<\/a><\/td>\n<\/tr>\n<tr>\n<td>Especialista en rubios (Blonding)<\/td>\n<td>Balayage, babylights, mechas aireadas, control del da\u00f1o<\/td>\n<td>Salones premium y de tendencia<\/td>\n<td><a href=\"https:\/\/joseppons.com\/formacion\/grado-medio-de-peluqueria\/\">Grado Medio de Peluquer\u00eda<\/a><\/td>\n<td><a href=\"https:\/\/joseppons.com\/formacion\/curso-de-peluqueria-en-blonding\/\">Blonding<\/a><\/td>\n<\/tr>\n<tr>\n<td>Barbero\/a estilista<\/td>\n<td>Fades, contornos, afeitado cl\u00e1sico, dise\u00f1o facial<\/td>\n<td>Barber\u00edas, moda urbana, eventos<\/td>\n<td><a href=\"https:\/\/joseppons.com\/formacion\/ciclo-peluqueria-josep-pons\/\">Ciclo de Peluquer\u00eda<\/a><\/td>\n<td>Perfeccionamiento en cortes y acabados<\/td>\n<\/tr>\n<tr>\n<td>Estilista de novias y eventos<\/td>\n<td>Pruebas, timing de boda, coordinaci\u00f3n con maquillaje y vestuario<\/td>\n<td>Freelance, salones, productoras, wedding planners<\/td>\n<td><a href=\"https:\/\/joseppons.com\/formacion\/grado-medio-de-peluqueria\/\">Grado Medio de Peluquer\u00eda<\/a><\/td>\n<td><a href=\"https:\/\/joseppons.com\/formacion\/curso-de-peluqueria-en-recogidos\/\">Recogidos<\/a><\/td>\n<\/tr>\n<tr>\n<td>Formador\/a y t\u00e9cnico\/a de marca<\/td>\n<td>Demo t\u00e9cnica, formaci\u00f3n, lanzamiento de producto<\/td>\n<td>Escuelas, fabricantes, distribuidores<\/td>\n<td><a href=\"https:\/\/joseppons.com\/formacion\/cursos-de-peluqueria\/\">Cursos por m\u00f3dulos<\/a><\/td>\n<td>Metodolog\u00eda did\u00e1ctica y comunicaci\u00f3n o Curso de alta definici\u00f3n de OMAT<\/td>\n<\/tr>\n<\/tbody>\n<\/table>\n<h2>Rutas de acceso recomendadas (seg\u00fan punto de partida)<\/h2>\n<h3>Si empiezas desde cero<\/h3>\n<p><strong>En nuestro caso, arrancamos por la base t\u00e9cnica<\/strong> para asegurar empleabilidad temprana: el<a href=\"https:\/\/joseppons.com\/formacion\/grado-medio-de-peluqueria\/\"> Grado Medio de peluquer\u00eda<\/a> sienta los cimientos en corte, color, higiene, atenci\u00f3n y ritmo de cabina, e incorpora pr\u00e1cticas en centros de trabajo.<\/p>\n<h3>Si ya trabajas en sal\u00f3n<\/h3>\n<p><strong>En Josep Pons Formaci\u00f3n solemos recomendar<\/strong> especializaciones de impacto como<a href=\"https:\/\/joseppons.com\/formacion\/curso-de-peluqueria-en-blonding\/\"> Blonding<\/a> y<a href=\"https:\/\/joseppons.com\/formacion\/curso-de-peluqueria-en-recogidos\/\"> Recogidos<\/a>.<\/p>\n<p>Otra opci\u00f3n despu\u00e9s del Grado Medio es el <strong>curso de alta definici\u00f3n de Omat,<\/strong> un programa dise\u00f1ado para anticiparse a las necesidades de la profesi\u00f3n. Obtendr\u00e1s el nivel 3 de Peluquer\u00eda, la titulaci\u00f3n con mayor prestigio de Europa,<\/p>\n<h2>Competencias que te har\u00e1n destacar<\/h2>\n<p>Adem\u00e1s de la t\u00e9cnica, el mercado valora comunicaci\u00f3n, productividad y marca personal. <strong>En Josep Pons Formaci\u00f3n solemos entrenar<\/strong> estas \u00e1reas con ejercicios reales:<\/p>\n<ul>\n<li><strong>Diagn\u00f3stico y hair science:<\/strong> estructura de la fibra, porosidad, tiempos, compatibilidades.<\/li>\n<li><strong>Comunicaci\u00f3n y presupuesto:<\/strong> escucha activa, mantenimiento en casa y rebooking.<\/li>\n<li><strong>Productividad:<\/strong> <em>timing<\/em> de servicios, preparaci\u00f3n de puesto, trabajo en d\u00fao.<\/li>\n<li><strong>Visibilidad:<\/strong> fotos y v\u00eddeo que venden, storytelling y publicaci\u00f3n constante.<\/li>\n<\/ul>\n<h2>Errores comunes al elegir salida (y c\u00f3mo evitarlos)<\/h2>\n<p><img decoding=\"async\" class=\"alignnone size-full wp-image-19376\" src=\"https:\/\/joseppons.com\/formacion\/wp-content\/uploads\/2026\/01\/salidas-profesionales-estudiar-peluqueria-hoy.jpg\" alt=\"salidas profesionales estudiar peluquer\u00eda hoy\" width=\"1000\" height=\"668\" srcset=\"https:\/\/joseppons.com\/formacion\/wp-content\/uploads\/2026\/01\/salidas-profesionales-estudiar-peluqueria-hoy.jpg 1000w, https:\/\/joseppons.com\/formacion\/wp-content\/uploads\/2026\/01\/salidas-profesionales-estudiar-peluqueria-hoy-768x513.jpg 768w\" sizes=\"(max-width: 1000px) 100vw, 1000px\" \/><\/p>\n<p><strong>En nuestro caso, vemos<\/strong> estos fallos repetirse. Ev\u00edtalos con estas pautas:<\/p>\n<ul>\n<li>Especializarte sin base s\u00f3lida \u2192 dedica 3\u20136 meses a t\u00e9cnica y ritmo de cabina.<\/li>\n<li>Subestimar el diagn\u00f3stico \u2192 invierte en<a href=\"https:\/\/joseppons.com\/formacion\/curso-de-peluqueria-en-colorimetria\/\"> colorimetr\u00eda<\/a> antes de asumir correcciones complejas.<\/li>\n<li>Aprender a salto de v\u00eddeo \u2192 prioriza pr\u00e1ctica guiada con feedback y tiempos reales.<\/li>\n<li>Olvidar el portfolio \u2192 documenta todo: antes\/despu\u00e9s, procesos y detalles de acabado.<\/li>\n<\/ul>\n<h2>Da el siguiente paso con un plan guiado<\/h2>\n<p>Si necesitas acompa\u00f1amiento para definir tu ruta, solicita una orientaci\u00f3n personalizada desde<a href=\"https:\/\/joseppons.com\/formacion\/\"> Josep Pons Formaci\u00f3n<\/a>. <strong>En nuestro equipo realizamos<\/strong> una breve entrevista de objetivos, pruebas de nivel y te proponemos el itinerario \u00f3ptimo con fechas y pr\u00e1cticas.<\/p>\n","protected":false},"excerpt":{"rendered":"<p>Si te preguntas qu\u00e9 salidas profesionales tiene estudiar peluquer\u00eda en 2026, aqu\u00ed tienes una gu\u00eda profunda y pr\u00e1ctica: perfiles reales, d\u00f3nde trabajan, qu\u00e9 habilidades piden, qu\u00e9 estudiar primero y c\u00f3mo especializarte despu\u00e9s. Integramos la experiencia de Josep Pons Formaci\u00f3n con itinerarios claros para que avances con seguridad y sin pasos en falso.<\/p>\n","protected":false},"author":10,"featured_media":19378,"comment_status":"closed","ping_status":"closed","sticky":false,"template":"","format":"standard","meta":{"_joinchat":[],"footnotes":""},"categories":[461,102,7,270],"tags":[],"class_list":["post-19367","post","type-post","status-publish","format-standard","has-post-thumbnail","hentry","category-especializaciones","category-grado-medio-y-superior-en-peluqueria","category-peluqueria","category-servicios-de-asesoria"],"yoast_head":"<!-- This site is optimized with the Yoast SEO plugin v26.7 - https:\/\/yoast.com\/wordpress\/plugins\/seo\/ -->\n<title>Qu\u00e9 salidas profesionales tiene estudiar peluquer\u00eda hoy - Josep Pons Formaci\u00f3n<\/title>\n<meta name=\"description\" content=\"Si te preguntas qu\u00e9 salidas profesionales tiene estudiar peluquer\u00eda en 2026, aqu\u00ed tienes una gu\u00eda profunda y pr\u00e1ctica. \u00a1Desc\u00fabrelo!\" \/>\n<meta name=\"robots\" content=\"index, follow, max-snippet:-1, max-image-preview:large, max-video-preview:-1\" \/>\n<link rel=\"canonical\" href=\"https:\/\/joseppons.com\/formacion\/que-salidas-profesionales-tiene-estudiar-peluqueria-hoy\/\" \/>\n<meta property=\"og:locale\" content=\"es_ES\" \/>\n<meta property=\"og:type\" content=\"article\" \/>\n<meta property=\"og:title\" content=\"Qu\u00e9 salidas profesionales tiene estudiar peluquer\u00eda hoy - Josep Pons Formaci\u00f3n\" \/>\n<meta property=\"og:description\" content=\"Si te preguntas qu\u00e9 salidas profesionales tiene estudiar peluquer\u00eda en 2026, aqu\u00ed tienes una gu\u00eda profunda y pr\u00e1ctica. \u00a1Desc\u00fabrelo!\" \/>\n<meta property=\"og:url\" content=\"https:\/\/joseppons.com\/formacion\/que-salidas-profesionales-tiene-estudiar-peluqueria-hoy\/\" \/>\n<meta property=\"og:site_name\" content=\"Josep Pons Formaci\u00f3n\" \/>\n<meta property=\"article:publisher\" content=\"https:\/\/es-es.facebook.com\/JosepPonsFormacio\/\" \/>\n<meta property=\"article:published_time\" content=\"2026-01-27T12:59:32+00:00\" \/>\n<meta property=\"og:image\" content=\"https:\/\/joseppons.com\/formacion\/wp-content\/uploads\/2026\/01\/Que-salidas-profesionales-tiene-estudiar-peluqueria-hoy.jpg\" \/>\n\t<meta property=\"og:image:width\" content=\"1000\" \/>\n\t<meta property=\"og:image:height\" content=\"665\" \/>\n\t<meta property=\"og:image:type\" content=\"image\/jpeg\" \/>\n<meta name=\"author\" content=\"Rodanet\" \/>\n<meta name=\"twitter:card\" content=\"summary_large_image\" \/>\n<meta name=\"twitter:creator\" content=\"@josepponsimatge\" \/>\n<meta name=\"twitter:site\" content=\"@josepponsimatge\" \/>\n<meta name=\"twitter:label1\" content=\"Escrito por\" \/>\n\t<meta name=\"twitter:data1\" content=\"Rodanet\" \/>\n\t<meta name=\"twitter:label2\" content=\"Tiempo de lectura\" \/>\n\t<meta name=\"twitter:data2\" content=\"4 minutos\" \/>\n<script type=\"application\/ld+json\" class=\"yoast-schema-graph\">{\"@context\":\"https:\/\/schema.org\",\"@graph\":[{\"@type\":\"Article\",\"@id\":\"https:\/\/joseppons.com\/formacion\/que-salidas-profesionales-tiene-estudiar-peluqueria-hoy\/#article\",\"isPartOf\":{\"@id\":\"https:\/\/joseppons.com\/formacion\/que-salidas-profesionales-tiene-estudiar-peluqueria-hoy\/\"},\"author\":{\"name\":\"Rodanet\",\"@id\":\"https:\/\/joseppons.com\/formacion\/#\/schema\/person\/36a9da5617b0436af06ff9b7daa4938a\"},\"headline\":\"Qu\u00e9 salidas profesionales tiene estudiar peluquer\u00eda hoy\",\"datePublished\":\"2026-01-27T12:59:32+00:00\",\"mainEntityOfPage\":{\"@id\":\"https:\/\/joseppons.com\/formacion\/que-salidas-profesionales-tiene-estudiar-peluqueria-hoy\/\"},\"wordCount\":682,\"publisher\":{\"@id\":\"https:\/\/joseppons.com\/formacion\/#organization\"},\"image\":{\"@id\":\"https:\/\/joseppons.com\/formacion\/que-salidas-profesionales-tiene-estudiar-peluqueria-hoy\/#primaryimage\"},\"thumbnailUrl\":\"https:\/\/joseppons.com\/formacion\/wp-content\/uploads\/2026\/01\/Que-salidas-profesionales-tiene-estudiar-peluqueria-hoy.jpg\",\"articleSection\":[\"Especializaciones\",\"Grado Medio y Superior en peluqueria\",\"Peluquer\u00eda\",\"Servicios de Asesor\u00eda\"],\"inLanguage\":\"es\"},{\"@type\":\"WebPage\",\"@id\":\"https:\/\/joseppons.com\/formacion\/que-salidas-profesionales-tiene-estudiar-peluqueria-hoy\/\",\"url\":\"https:\/\/joseppons.com\/formacion\/que-salidas-profesionales-tiene-estudiar-peluqueria-hoy\/\",\"name\":\"Qu\u00e9 salidas profesionales tiene estudiar peluquer\u00eda hoy - Josep Pons Formaci\u00f3n\",\"isPartOf\":{\"@id\":\"https:\/\/joseppons.com\/formacion\/#website\"},\"primaryImageOfPage\":{\"@id\":\"https:\/\/joseppons.com\/formacion\/que-salidas-profesionales-tiene-estudiar-peluqueria-hoy\/#primaryimage\"},\"image\":{\"@id\":\"https:\/\/joseppons.com\/formacion\/que-salidas-profesionales-tiene-estudiar-peluqueria-hoy\/#primaryimage\"},\"thumbnailUrl\":\"https:\/\/joseppons.com\/formacion\/wp-content\/uploads\/2026\/01\/Que-salidas-profesionales-tiene-estudiar-peluqueria-hoy.jpg\",\"datePublished\":\"2026-01-27T12:59:32+00:00\",\"description\":\"Si te preguntas qu\u00e9 salidas profesionales tiene estudiar peluquer\u00eda en 2026, aqu\u00ed tienes una gu\u00eda profunda y pr\u00e1ctica. \u00a1Desc\u00fabrelo!\",\"breadcrumb\":{\"@id\":\"https:\/\/joseppons.com\/formacion\/que-salidas-profesionales-tiene-estudiar-peluqueria-hoy\/#breadcrumb\"},\"inLanguage\":\"es\",\"potentialAction\":[{\"@type\":\"ReadAction\",\"target\":[\"https:\/\/joseppons.com\/formacion\/que-salidas-profesionales-tiene-estudiar-peluqueria-hoy\/\"]}]},{\"@type\":\"ImageObject\",\"inLanguage\":\"es\",\"@id\":\"https:\/\/joseppons.com\/formacion\/que-salidas-profesionales-tiene-estudiar-peluqueria-hoy\/#primaryimage\",\"url\":\"https:\/\/joseppons.com\/formacion\/wp-content\/uploads\/2026\/01\/Que-salidas-profesionales-tiene-estudiar-peluqueria-hoy.jpg\",\"contentUrl\":\"https:\/\/joseppons.com\/formacion\/wp-content\/uploads\/2026\/01\/Que-salidas-profesionales-tiene-estudiar-peluqueria-hoy.jpg\",\"width\":1000,\"height\":665,\"caption\":\"Qu\u00e9 salidas profesionales tiene estudiar peluquer\u00eda hoy\"},{\"@type\":\"BreadcrumbList\",\"@id\":\"https:\/\/joseppons.com\/formacion\/que-salidas-profesionales-tiene-estudiar-peluqueria-hoy\/#breadcrumb\",\"itemListElement\":[{\"@type\":\"ListItem\",\"position\":1,\"name\":\"Portada\",\"item\":\"https:\/\/joseppons.com\/formacion\/\"},{\"@type\":\"ListItem\",\"position\":2,\"name\":\"Qu\u00e9 salidas profesionales tiene estudiar peluquer\u00eda hoy\"}]},{\"@type\":\"WebSite\",\"@id\":\"https:\/\/joseppons.com\/formacion\/#website\",\"url\":\"https:\/\/joseppons.com\/formacion\/\",\"name\":\"Josep Pons Formaci\u00f3n\",\"description\":\"\",\"publisher\":{\"@id\":\"https:\/\/joseppons.com\/formacion\/#organization\"},\"potentialAction\":[{\"@type\":\"SearchAction\",\"target\":{\"@type\":\"EntryPoint\",\"urlTemplate\":\"https:\/\/joseppons.com\/formacion\/?s={search_term_string}\"},\"query-input\":{\"@type\":\"PropertyValueSpecification\",\"valueRequired\":true,\"valueName\":\"search_term_string\"}}],\"inLanguage\":\"es\"},{\"@type\":\"Organization\",\"@id\":\"https:\/\/joseppons.com\/formacion\/#organization\",\"name\":\"Josep Pons\",\"url\":\"https:\/\/joseppons.com\/formacion\/\",\"logo\":{\"@type\":\"ImageObject\",\"inLanguage\":\"es\",\"@id\":\"https:\/\/joseppons.com\/formacion\/#\/schema\/logo\/image\/\",\"url\":\"https:\/\/joseppons.com\/formacion\/wp-content\/uploads\/2018\/09\/logotipo-home-josepponsformacio-1.png\",\"contentUrl\":\"https:\/\/joseppons.com\/formacion\/wp-content\/uploads\/2018\/09\/logotipo-home-josepponsformacio-1.png\",\"width\":420,\"height\":280,\"caption\":\"Josep Pons\"},\"image\":{\"@id\":\"https:\/\/joseppons.com\/formacion\/#\/schema\/logo\/image\/\"},\"sameAs\":[\"https:\/\/es-es.facebook.com\/JosepPonsFormacio\/\",\"https:\/\/x.com\/josepponsimatge\",\"https:\/\/www.instagram.com\/ponsformacion\/\"]},{\"@type\":\"Person\",\"@id\":\"https:\/\/joseppons.com\/formacion\/#\/schema\/person\/36a9da5617b0436af06ff9b7daa4938a\",\"name\":\"Rodanet\"}]}<\/script>\n<!-- \/ Yoast SEO plugin. -->","yoast_head_json":{"title":"Qu\u00e9 salidas profesionales tiene estudiar peluquer\u00eda hoy - Josep Pons Formaci\u00f3n","description":"Si te preguntas qu\u00e9 salidas profesionales tiene estudiar peluquer\u00eda en 2026, aqu\u00ed tienes una gu\u00eda profunda y pr\u00e1ctica. \u00a1Desc\u00fabrelo!","robots":{"index":"index","follow":"follow","max-snippet":"max-snippet:-1","max-image-preview":"max-image-preview:large","max-video-preview":"max-video-preview:-1"},"canonical":"https:\/\/joseppons.com\/formacion\/que-salidas-profesionales-tiene-estudiar-peluqueria-hoy\/","og_locale":"es_ES","og_type":"article","og_title":"Qu\u00e9 salidas profesionales tiene estudiar peluquer\u00eda hoy - Josep Pons Formaci\u00f3n","og_description":"Si te preguntas qu\u00e9 salidas profesionales tiene estudiar peluquer\u00eda en 2026, aqu\u00ed tienes una gu\u00eda profunda y pr\u00e1ctica. \u00a1Desc\u00fabrelo!","og_url":"https:\/\/joseppons.com\/formacion\/que-salidas-profesionales-tiene-estudiar-peluqueria-hoy\/","og_site_name":"Josep Pons Formaci\u00f3n","article_publisher":"https:\/\/es-es.facebook.com\/JosepPonsFormacio\/","article_published_time":"2026-01-27T12:59:32+00:00","og_image":[{"width":1000,"height":665,"url":"https:\/\/joseppons.com\/formacion\/wp-content\/uploads\/2026\/01\/Que-salidas-profesionales-tiene-estudiar-peluqueria-hoy.jpg","type":"image\/jpeg"}],"author":"Rodanet","twitter_card":"summary_large_image","twitter_creator":"@josepponsimatge","twitter_site":"@josepponsimatge","twitter_misc":{"Escrito por":"Rodanet","Tiempo de lectura":"4 minutos"},"schema":{"@context":"https:\/\/schema.org","@graph":[{"@type":"Article","@id":"https:\/\/joseppons.com\/formacion\/que-salidas-profesionales-tiene-estudiar-peluqueria-hoy\/#article","isPartOf":{"@id":"https:\/\/joseppons.com\/formacion\/que-salidas-profesionales-tiene-estudiar-peluqueria-hoy\/"},"author":{"name":"Rodanet","@id":"https:\/\/joseppons.com\/formacion\/#\/schema\/person\/36a9da5617b0436af06ff9b7daa4938a"},"headline":"Qu\u00e9 salidas profesionales tiene estudiar peluquer\u00eda hoy","datePublished":"2026-01-27T12:59:32+00:00","mainEntityOfPage":{"@id":"https:\/\/joseppons.com\/formacion\/que-salidas-profesionales-tiene-estudiar-peluqueria-hoy\/"},"wordCount":682,"publisher":{"@id":"https:\/\/joseppons.com\/formacion\/#organization"},"image":{"@id":"https:\/\/joseppons.com\/formacion\/que-salidas-profesionales-tiene-estudiar-peluqueria-hoy\/#primaryimage"},"thumbnailUrl":"https:\/\/joseppons.com\/formacion\/wp-content\/uploads\/2026\/01\/Que-salidas-profesionales-tiene-estudiar-peluqueria-hoy.jpg","articleSection":["Especializaciones","Grado Medio y Superior en peluqueria","Peluquer\u00eda","Servicios de Asesor\u00eda"],"inLanguage":"es"},{"@type":"WebPage","@id":"https:\/\/joseppons.com\/formacion\/que-salidas-profesionales-tiene-estudiar-peluqueria-hoy\/","url":"https:\/\/joseppons.com\/formacion\/que-salidas-profesionales-tiene-estudiar-peluqueria-hoy\/","name":"Qu\u00e9 salidas profesionales tiene estudiar peluquer\u00eda hoy - Josep Pons Formaci\u00f3n","isPartOf":{"@id":"https:\/\/joseppons.com\/formacion\/#website"},"primaryImageOfPage":{"@id":"https:\/\/joseppons.com\/formacion\/que-salidas-profesionales-tiene-estudiar-peluqueria-hoy\/#primaryimage"},"image":{"@id":"https:\/\/joseppons.com\/formacion\/que-salidas-profesionales-tiene-estudiar-peluqueria-hoy\/#primaryimage"},"thumbnailUrl":"https:\/\/joseppons.com\/formacion\/wp-content\/uploads\/2026\/01\/Que-salidas-profesionales-tiene-estudiar-peluqueria-hoy.jpg","datePublished":"2026-01-27T12:59:32+00:00","description":"Si te preguntas qu\u00e9 salidas profesionales tiene estudiar peluquer\u00eda en 2026, aqu\u00ed tienes una gu\u00eda profunda y pr\u00e1ctica. \u00a1Desc\u00fabrelo!","breadcrumb":{"@id":"https:\/\/joseppons.com\/formacion\/que-salidas-profesionales-tiene-estudiar-peluqueria-hoy\/#breadcrumb"},"inLanguage":"es","potentialAction":[{"@type":"ReadAction","target":["https:\/\/joseppons.com\/formacion\/que-salidas-profesionales-tiene-estudiar-peluqueria-hoy\/"]}]},{"@type":"ImageObject","inLanguage":"es","@id":"https:\/\/joseppons.com\/formacion\/que-salidas-profesionales-tiene-estudiar-peluqueria-hoy\/#primaryimage","url":"https:\/\/joseppons.com\/formacion\/wp-content\/uploads\/2026\/01\/Que-salidas-profesionales-tiene-estudiar-peluqueria-hoy.jpg","contentUrl":"https:\/\/joseppons.com\/formacion\/wp-content\/uploads\/2026\/01\/Que-salidas-profesionales-tiene-estudiar-peluqueria-hoy.jpg","width":1000,"height":665,"caption":"Qu\u00e9 salidas profesionales tiene estudiar peluquer\u00eda hoy"},{"@type":"BreadcrumbList","@id":"https:\/\/joseppons.com\/formacion\/que-salidas-profesionales-tiene-estudiar-peluqueria-hoy\/#breadcrumb","itemListElement":[{"@type":"ListItem","position":1,"name":"Portada","item":"https:\/\/joseppons.com\/formacion\/"},{"@type":"ListItem","position":2,"name":"Qu\u00e9 salidas profesionales tiene estudiar peluquer\u00eda hoy"}]},{"@type":"WebSite","@id":"https:\/\/joseppons.com\/formacion\/#website","url":"https:\/\/joseppons.com\/formacion\/","name":"Josep Pons Formaci\u00f3n","description":"","publisher":{"@id":"https:\/\/joseppons.com\/formacion\/#organization"},"potentialAction":[{"@type":"SearchAction","target":{"@type":"EntryPoint","urlTemplate":"https:\/\/joseppons.com\/formacion\/?s={search_term_string}"},"query-input":{"@type":"PropertyValueSpecification","valueRequired":true,"valueName":"search_term_string"}}],"inLanguage":"es"},{"@type":"Organization","@id":"https:\/\/joseppons.com\/formacion\/#organization","name":"Josep Pons","url":"https:\/\/joseppons.com\/formacion\/","logo":{"@type":"ImageObject","inLanguage":"es","@id":"https:\/\/joseppons.com\/formacion\/#\/schema\/logo\/image\/","url":"https:\/\/joseppons.com\/formacion\/wp-content\/uploads\/2018\/09\/logotipo-home-josepponsformacio-1.png","contentUrl":"https:\/\/joseppons.com\/formacion\/wp-content\/uploads\/2018\/09\/logotipo-home-josepponsformacio-1.png","width":420,"height":280,"caption":"Josep Pons"},"image":{"@id":"https:\/\/joseppons.com\/formacion\/#\/schema\/logo\/image\/"},"sameAs":["https:\/\/es-es.facebook.com\/JosepPonsFormacio\/","https:\/\/x.com\/josepponsimatge","https:\/\/www.instagram.com\/ponsformacion\/"]},{"@type":"Person","@id":"https:\/\/joseppons.com\/formacion\/#\/schema\/person\/36a9da5617b0436af06ff9b7daa4938a","name":"Rodanet"}]}},"_links":{"self":[{"href":"https:\/\/joseppons.com\/formacion\/wp-json\/wp\/v2\/posts\/19367","targetHints":{"allow":["GET"]}}],"collection":[{"href":"https:\/\/joseppons.com\/formacion\/wp-json\/wp\/v2\/posts"}],"about":[{"href":"https:\/\/joseppons.com\/formacion\/wp-json\/wp\/v2\/types\/post"}],"author":[{"embeddable":true,"href":"https:\/\/joseppons.com\/formacion\/wp-json\/wp\/v2\/users\/10"}],"replies":[{"embeddable":true,"href":"https:\/\/joseppons.com\/formacion\/wp-json\/wp\/v2\/comments?post=19367"}],"version-history":[{"count":2,"href":"https:\/\/joseppons.com\/formacion\/wp-json\/wp\/v2\/posts\/19367\/revisions"}],"predecessor-version":[{"id":19379,"href":"https:\/\/joseppons.com\/formacion\/wp-json\/wp\/v2\/posts\/19367\/revisions\/19379"}],"wp:featuredmedia":[{"embeddable":true,"href":"https:\/\/joseppons.com\/formacion\/wp-json\/wp\/v2\/media\/19378"}],"wp:attachment":[{"href":"https:\/\/joseppons.com\/formacion\/wp-json\/wp\/v2\/media?parent=19367"}],"wp:term":[{"taxonomy":"category","embeddable":true,"href":"https:\/\/joseppons.com\/formacion\/wp-json\/wp\/v2\/categories?post=19367"},{"taxonomy":"post_tag","embeddable":true,"href":"https:\/\/joseppons.com\/formacion\/wp-json\/wp\/v2\/tags?post=19367"}],"curies":[{"name":"wp","href":"https:\/\/api.w.org\/{rel}","templated":true}]}}