{"id":18760,"date":"2025-10-10T09:53:55","date_gmt":"2025-10-10T07:53:55","guid":{"rendered":"https:\/\/joseppons.com\/formacion\/?p=18760"},"modified":"2025-10-15T13:05:34","modified_gmt":"2025-10-15T11:05:34","slug":"como-lucir-radiante-en-bodas-y-eventos-de-otono","status":"publish","type":"post","link":"https:\/\/joseppons.com\/formacion\/como-lucir-radiante-en-bodas-y-eventos-de-otono\/","title":{"rendered":"C\u00f3mo lucir radiante en bodas y eventos de oto\u00f1o"},"content":{"rendered":"\t\t<div data-elementor-type=\"wp-post\" data-elementor-id=\"18760\" class=\"elementor elementor-18760\" data-elementor-post-type=\"post\">\n\t\t\t\t<div class=\"elementor-element elementor-element-d83274f e-flex e-con-boxed e-con e-parent\" data-id=\"d83274f\" data-element_type=\"container\">\n\t\t\t\t\t<div class=\"e-con-inner\">\n\t\t\t\t<div class=\"elementor-element elementor-element-5fd56e6 elementor-widget elementor-widget-heading\" data-id=\"5fd56e6\" data-element_type=\"widget\" data-widget_type=\"heading.default\">\n\t\t\t\t<div class=\"elementor-widget-container\">\n\t\t\t\t\t<h2 class=\"elementor-heading-title elementor-size-default\">Elige el look perfecto seg\u00fan la ocasi\u00f3n<\/h2>\t\t\t\t<\/div>\n\t\t\t\t<\/div>\n\t\t\t\t<div class=\"elementor-element elementor-element-1f37d65 elementor-widget elementor-widget-text-editor\" data-id=\"1f37d65\" data-element_type=\"widget\" data-widget_type=\"text-editor.default\">\n\t\t\t\t<div class=\"elementor-widget-container\">\n\t\t\t\t\t\t\t\t\t<p>En este art\u00edculo descubrir\u00e1s <b>c\u00f3mo lucir radiante en bodas y eventos de oto\u00f1o<\/b>, con consejos pr\u00e1cticos de vestuario, peinados, maquillaje y accesorios que har\u00e1n que tu look sea sofisticado, armonioso y memorable.\u00a0<\/p><p>El oto\u00f1o es una de las estaciones <b>m\u00e1s elegantes para celebrar bodas, cenas y eventos especiales.<\/b><\/p><p>As\u00ed que, si tienes un evento a la vista, toma nota de nuestras recomendaciones y descubre c\u00f3mo adaptar tu estilo a esta temporada \u00fanica.<\/p><p>Empezamos&#8230;<\/p>\t\t\t\t\t\t\t\t<\/div>\n\t\t\t\t<\/div>\n\t\t\t\t\t<\/div>\n\t\t\t\t<\/div>\n\t\t<div class=\"elementor-element elementor-element-043ea98 e-flex e-con-boxed e-con e-parent\" data-id=\"043ea98\" data-element_type=\"container\">\n\t\t\t\t\t<div class=\"e-con-inner\">\n\t\t\t\t<div class=\"elementor-element elementor-element-772dd87 elementor-widget elementor-widget-text-editor\" data-id=\"772dd87\" data-element_type=\"widget\" data-widget_type=\"text-editor.default\">\n\t\t\t\t<div class=\"elementor-widget-container\">\n\t\t\t\t\t\t\t\t\t<p>Elegir el look perfecto para una boda o evento de oto\u00f1o puede marcar la diferencia entre un estilo correcto y un<b> look memorable<\/b>.\u00a0<\/p><p>Cada celebraci\u00f3n tiene su propio ambiente, y adaptar tu vestuario, peinado y maquillaje a la ocasi\u00f3n es clave <b>para proyectar una imagen segura y elegante<\/b>.<\/p><p>Antes de decidir qu\u00e9 ponerte, valora tres aspectos esenciales: el tipo de evento, el momento del d\u00eda y el nivel de formalidad.\u00a0<\/p><p>No es lo mismo una boda de d\u00eda al aire libre que una boda de noche en un entorno m\u00e1s elegante.<\/p>\t\t\t\t\t\t\t\t<\/div>\n\t\t\t\t<\/div>\n\t\t\t\t\t<\/div>\n\t\t\t\t<\/div>\n\t\t<div class=\"elementor-element elementor-element-feb9463 e-flex e-con-boxed e-con e-parent\" data-id=\"feb9463\" data-element_type=\"container\">\n\t\t\t\t\t<div class=\"e-con-inner\">\n\t\t\t\t<div class=\"elementor-element elementor-element-98ad3d1 elementor-widget elementor-widget-image\" data-id=\"98ad3d1\" data-element_type=\"widget\" data-widget_type=\"image.default\">\n\t\t\t\t<div class=\"elementor-widget-container\">\n\t\t\t\t\t\t\t\t\t\t\t\t\t\t\t<img fetchpriority=\"high\" decoding=\"async\" width=\"1000\" height=\"667\" src=\"https:\/\/joseppons.com\/formacion\/wp-content\/uploads\/2025\/10\/shutterstock_1530264335-1-1.jpg\" class=\"attachment-large size-large wp-image-18761\" alt=\"C\u00f3mo lucir radiante en bodas y eventos de oto\u00f1o\" srcset=\"https:\/\/joseppons.com\/formacion\/wp-content\/uploads\/2025\/10\/shutterstock_1530264335-1-1.jpg 1000w, https:\/\/joseppons.com\/formacion\/wp-content\/uploads\/2025\/10\/shutterstock_1530264335-1-1-768x512.jpg 768w\" sizes=\"(max-width: 1000px) 100vw, 1000px\" \/>\t\t\t\t\t\t\t\t\t\t\t\t\t\t\t<\/div>\n\t\t\t\t<\/div>\n\t\t\t\t\t<\/div>\n\t\t\t\t<\/div>\n\t\t<div class=\"elementor-element elementor-element-789018e e-flex e-con-boxed e-con e-parent\" data-id=\"789018e\" data-element_type=\"container\">\n\t\t\t\t\t<div class=\"e-con-inner\">\n\t\t\t\t<div class=\"elementor-element elementor-element-1f1f34f elementor-widget elementor-widget-text-editor\" data-id=\"1f1f34f\" data-element_type=\"widget\" data-widget_type=\"text-editor.default\">\n\t\t\t\t<div class=\"elementor-widget-container\">\n\t\t\t\t\t\t\t\t\t<p><strong>Eventos de d\u00eda:<\/strong> apuesta por tejidos ligeros y tonos suaves que reflejen la luz natural, como el nude, el verde oliva o el terracota. <strong>Los vestidos midi o los conjuntos con falda son opciones ideales.<\/strong><\/p><p><strong>Eventos de noche:<\/strong> los colores profundos, como el granate, el azul marino o el negro, aportan<strong> sofisticaci\u00f3n<\/strong>. Comb\u00ednalos con accesorios met\u00e1licos o detalles brillantes que resalten bajo la iluminaci\u00f3n artificial.<\/p><p><strong>Nivel de formalidad:<\/strong> para bodas formales, elige vestidos largos o trajes estructurados con acabados cuidados; para celebraciones m\u00e1s relajadas, puedes optar por tejidos fluidos y cortes c\u00f3modos sin perder elegancia.<\/p><p>Recuerda que tu objetivo no es solo seguir una etiqueta, sino <strong>reflejar tu estilo personal<\/strong>.<\/p><p>Analizar la ocasi\u00f3n te permitir\u00e1 elegir el <strong>look perfecto<\/strong> y definir un estilo para eventos de oto\u00f1o coherente, equilibrado y totalmente fiel a ti misma.<\/p>\t\t\t\t\t\t\t\t<\/div>\n\t\t\t\t<\/div>\n\t\t\t\t\t<\/div>\n\t\t\t\t<\/div>\n\t\t<div class=\"elementor-element elementor-element-84f91e2 e-flex e-con-boxed e-con e-parent\" data-id=\"84f91e2\" data-element_type=\"container\">\n\t\t\t\t\t<div class=\"e-con-inner\">\n\t\t\t\t<div class=\"elementor-element elementor-element-6a32167 elementor-widget elementor-widget-heading\" data-id=\"6a32167\" data-element_type=\"widget\" data-widget_type=\"heading.default\">\n\t\t\t\t<div class=\"elementor-widget-container\">\n\t\t\t\t\t<h2 class=\"elementor-heading-title elementor-size-default\">Peinados que marcan la diferencia<\/h2>\t\t\t\t<\/div>\n\t\t\t\t<\/div>\n\t\t\t\t\t<\/div>\n\t\t\t\t<\/div>\n\t\t<div class=\"elementor-element elementor-element-e5e63a5 e-flex e-con-boxed e-con e-parent\" data-id=\"e5e63a5\" data-element_type=\"container\">\n\t\t\t\t\t<div class=\"e-con-inner\">\n\t\t\t\t<div class=\"elementor-element elementor-element-2418f6c elementor-widget elementor-widget-text-editor\" data-id=\"2418f6c\" data-element_type=\"widget\" data-widget_type=\"text-editor.default\">\n\t\t\t\t<div class=\"elementor-widget-container\">\n\t\t\t\t\t\t\t\t\t<p>En las bodas y eventos de oto\u00f1o, los peinados adquieren un papel protagonista: <b>aportan equilibrio, elegancia y reflejan tu estilo personal.\u00a0<\/b><\/p><p>Elegir bien, adem\u00e1s de resalta tus facciones, armonizar\u00e1 con el tipo de vestuario y el ambiente de la celebraci\u00f3n.<\/p><p><span style=\"font-size: 1em; letter-spacing: 0px;\">Las ondas suaves, los recogidos bajos y las trenzas desenfadadas son apuestas seguras para quienes buscan un toque sin excesos.\u00a0<\/span><\/p><p>Pero si prefieres un aire m\u00e1s cl\u00e1sico, los mo\u00f1os pulidos o las coletas altas con volumen aportan presencia y estilo, perfectos para bodas de noche o eventos formales.<\/p><p>A la hora de decidir, ten en cuenta el tipo de cabello, la forma del rostro y la duraci\u00f3n del evento.\u00a0<\/p><p>Los recogidos y semirrecogidos funcionan mejor para celebraciones largas, mientras que las ondas y los peinados sueltos aportan movimiento y frescura en ambientes m\u00e1s relajados.<\/p><p>Con estas ideas, podr\u00e1s escoger el peinado perfecto para bodas de oto\u00f1o o cualquier evento elegante de temporada, <b>potenciando tu imagen y haciendo que cada detalle cuente.<\/b><\/p><p><em><a href=\"https:\/\/www.loreal-paris.es\/peinados-invitada-todos-dias\">Estos son los peinados de invitada que querr\u00e1s llevar todos los d\u00edas\u00a0<\/a><\/em><\/p>\t\t\t\t\t\t\t\t<\/div>\n\t\t\t\t<\/div>\n\t\t\t\t<div class=\"elementor-element elementor-element-1a5e692 elementor-widget elementor-widget-image\" data-id=\"1a5e692\" data-element_type=\"widget\" data-widget_type=\"image.default\">\n\t\t\t\t<div class=\"elementor-widget-container\">\n\t\t\t\t\t\t\t\t\t\t\t\t\t\t\t<img decoding=\"async\" width=\"334\" height=\"500\" src=\"https:\/\/joseppons.com\/formacion\/wp-content\/uploads\/2025\/10\/shutterstock_1717494499.jpg\" class=\"attachment-large size-large wp-image-18820\" alt=\"C\u00f3mo lucir radiante en bodas y eventos de oto\u00f1o\" \/>\t\t\t\t\t\t\t\t\t\t\t\t\t\t\t<\/div>\n\t\t\t\t<\/div>\n\t\t\t\t\t<\/div>\n\t\t\t\t<\/div>\n\t\t<div class=\"elementor-element elementor-element-71e5005 e-flex e-con-boxed e-con e-parent\" data-id=\"71e5005\" data-element_type=\"container\">\n\t\t\t\t\t<div class=\"e-con-inner\">\n\t\t\t\t<div class=\"elementor-element elementor-element-ae62693 elementor-widget elementor-widget-heading\" data-id=\"ae62693\" data-element_type=\"widget\" data-widget_type=\"heading.default\">\n\t\t\t\t<div class=\"elementor-widget-container\">\n\t\t\t\t\t<h2 class=\"elementor-heading-title elementor-size-default\">Maquillaje de oto\u00f1o: natural y sofisticado<\/h2>\t\t\t\t<\/div>\n\t\t\t\t<\/div>\n\t\t\t\t\t<\/div>\n\t\t\t\t<\/div>\n\t\t<div class=\"elementor-element elementor-element-2d40984 e-flex e-con-boxed e-con e-parent\" data-id=\"2d40984\" data-element_type=\"container\">\n\t\t\t\t\t<div class=\"e-con-inner\">\n\t\t\t\t<div class=\"elementor-element elementor-element-df197ea elementor-widget elementor-widget-text-editor\" data-id=\"df197ea\" data-element_type=\"widget\" data-widget_type=\"text-editor.default\">\n\t\t\t\t<div class=\"elementor-widget-container\">\n\t\t\t\t\t\t\t\t\t<p>La clave para un maquillaje ideal est\u00e1 en lograr un <strong>equilibrio entre frescura y elegancia,<\/strong> con un acabado radiante que complemente tu vestuario y tu peinado.<\/p><p>Durante esta \u00e9poca del a\u00f1o, los <strong>tonos c\u00e1lidos<\/strong> son los grandes protagonistas.<\/p><p>Los marrones, cobrizos, burdeos y dorados evocan la esencia del oto\u00f1o y aportan profundidad sin recargar el rostro.<\/p><p>En los labios, lo ideal son los <strong>colores vino, terracota o nude<\/strong> y en los ojos las <strong>sombras suaves con un toque satinado<\/strong> y delineados difuminados para una mirada m\u00e1s envolvente.<\/p><p>Para mantener un aspecto impecable durante todo el evento, apuesta por una <strong>piel luminosa y bien preparada<\/strong>: una base ligera que unifique el tono, corrector en puntos estrat\u00e9gicos y un toque de iluminador en mejillas y sienes.<\/p><p>No olvides fijar el maquillaje con spray o polvos trasl\u00facidos, especialmente si la celebraci\u00f3n es larga o al aire libre.<\/p><p><strong>Consejo profesional:<\/strong> el maquillaje m\u00e1s favorecedor es el que resalta tu <strong>colorimetr\u00eda<\/strong>.<\/p><p>Si tus tonos son fr\u00edos, opta por rosados y ciruelas; si son c\u00e1lidos, elige gamas doradas, cobrizas y anaranjadas.<\/p><p>As\u00ed potenciar\u00e1s tu rostro de forma armoniosa y acorde con la estaci\u00f3n.<\/p><p>Con estas recomendaciones conseguir\u00e1s un maquillaje de oto\u00f1o <strong>natural y sofisticado<\/strong>, perfecto para bodas y eventos, que resaltar\u00e1 tus rasgos y te har\u00e1 brillar.<\/p>\t\t\t\t\t\t\t\t<\/div>\n\t\t\t\t<\/div>\n\t\t\t\t<div class=\"elementor-element elementor-element-0798574 elementor-widget elementor-widget-image\" data-id=\"0798574\" data-element_type=\"widget\" data-widget_type=\"image.default\">\n\t\t\t\t<div class=\"elementor-widget-container\">\n\t\t\t\t\t\t\t\t\t\t\t\t\t\t\t<img decoding=\"async\" width=\"500\" height=\"334\" src=\"https:\/\/joseppons.com\/formacion\/wp-content\/uploads\/2025\/10\/shutterstock_1207969000.jpg\" class=\"attachment-large size-large wp-image-18827\" alt=\"\" \/>\t\t\t\t\t\t\t\t\t\t\t\t\t\t\t<\/div>\n\t\t\t\t<\/div>\n\t\t\t\t\t<\/div>\n\t\t\t\t<\/div>\n\t\t<div class=\"elementor-element elementor-element-b0473df e-flex e-con-boxed e-con e-parent\" data-id=\"b0473df\" data-element_type=\"container\">\n\t\t\t\t\t<div class=\"e-con-inner\">\n\t\t\t\t<div class=\"elementor-element elementor-element-73e12d4 elementor-widget elementor-widget-heading\" data-id=\"73e12d4\" data-element_type=\"widget\" data-widget_type=\"heading.default\">\n\t\t\t\t<div class=\"elementor-widget-container\">\n\t\t\t\t\t<h2 class=\"elementor-heading-title elementor-size-default\">Accesorios y complementos clave<\/h2>\t\t\t\t<\/div>\n\t\t\t\t<\/div>\n\t\t\t\t\t<\/div>\n\t\t\t\t<\/div>\n\t\t<div class=\"elementor-element elementor-element-e6fde9f e-flex e-con-boxed e-con e-parent\" data-id=\"e6fde9f\" data-element_type=\"container\">\n\t\t\t\t\t<div class=\"e-con-inner\">\n\t\t\t\t<div class=\"elementor-element elementor-element-ff84f8e elementor-widget elementor-widget-text-editor\" data-id=\"ff84f8e\" data-element_type=\"widget\" data-widget_type=\"text-editor.default\">\n\t\t\t\t<div class=\"elementor-widget-container\">\n\t\t\t\t\t\t\t\t\t<p>En las bodas y eventos de oto\u00f1o, los complementos aportan <strong>equilibrio, personalidad y un aire sofisticado<\/strong> sin necesidad de excesos.<\/p><p>Esta temporada los<strong> tonos c\u00e1lidos y met\u00e1licos<\/strong> \u2014dorado, cobre, bronce o champagne\u2014 son una buena elecci\u00f3n para armonizar con los tejidos oto\u00f1ales.<\/p><p>Apuesta por bolsos tipo clutch, pendientes largos o tocados delicados para lograr un acabado elegante y coherente.<\/p><p>Para eventos de d\u00eda, elige piezas ligeras y discretas; para celebraciones de noche, atr\u00e9vete con joyas brillantes o detalles met\u00e1licos que a\u00f1adan un <strong>toque de glamour.<\/strong><\/p><p><strong>Nuestro consejo profesional:<\/strong> coordina tus accesorios con el maquillaje o los detalles del vestido para lograr una imagen arm\u00f3nica y sofisticada.<\/p>\t\t\t\t\t\t\t\t<\/div>\n\t\t\t\t<\/div>\n\t\t\t\t\t<\/div>\n\t\t\t\t<\/div>\n\t\t<div class=\"elementor-element elementor-element-cd915d3 e-flex e-con-boxed e-con e-parent\" data-id=\"cd915d3\" data-element_type=\"container\">\n\t\t\t\t\t<div class=\"e-con-inner\">\n\t\t\t\t<div class=\"elementor-element elementor-element-4cd8945 elementor-widget elementor-widget-heading\" data-id=\"4cd8945\" data-element_type=\"widget\" data-widget_type=\"heading.default\">\n\t\t\t\t<div class=\"elementor-widget-container\">\n\t\t\t\t\t<h2 class=\"elementor-heading-title elementor-size-default\">C\u00f3mo adaptar tu estilo a la temporada y clima<\/h2>\t\t\t\t<\/div>\n\t\t\t\t<\/div>\n\t\t\t\t\t<\/div>\n\t\t\t\t<\/div>\n\t\t<div class=\"elementor-element elementor-element-e3e98ef e-flex e-con-boxed e-con e-parent\" data-id=\"e3e98ef\" data-element_type=\"container\">\n\t\t\t\t\t<div class=\"e-con-inner\">\n\t\t\t\t<div class=\"elementor-element elementor-element-c1aa01e elementor-widget elementor-widget-text-editor\" data-id=\"c1aa01e\" data-element_type=\"widget\" data-widget_type=\"text-editor.default\">\n\t\t\t\t<div class=\"elementor-widget-container\">\n\t\t\t\t\t\t\t\t\t<p>La clave est\u00e1 en <strong>equilibrar estilo, funcionalidad y comodidad<\/strong> sin perder la magia.<\/p><p>Apuesta por capas ligeras y vers\u00e1tiles.<\/p><p>Un blazer estructurado, un chal o una capa de lana fina no solo aportan calidez, sino que tambi\u00e9n suman un toque de elegancia y permiten ajustar tu outfit a la temperatura.<\/p><p>Los tejidos oto\u00f1ales, como el terciopelo, la seda, el sat\u00e9n o la gasa, aportan textura y estilo, adem\u00e1s de adaptarse f\u00e1cilmente a cambios de clima.<\/p><p>Los <strong>colores de temporada<\/strong> tambi\u00e9n juegan un papel importante: tonos c\u00e1lidos como burdeos, mostaza, verde oliva o camel combinan con la estaci\u00f3n y realzan tu piel con la luz dorada del oto\u00f1o.<\/p><p>Combina estas tonalidades en vestidos, abrigos, accesorios y maquillaje para lograr un <strong>look arm\u00f3nico y sofisticado.<\/strong><\/p><p>Si el evento es al aire libre, considera complementar tu atuendo con un paraguas elegante o unos zapatos cerrados con estilo, para mantener tu look impecable sin sacrificar comodidad.<\/p><p>Al <strong>aprender a adaptar tu estilo a la temporada y al clima<\/strong>, no solo proteges tu comodidad, sino que tambi\u00e9n potencias tu imagen personal, combinando elegancia, practicidad y estilo propio.<\/p><p><em>Te invitamos a leer nuestro art\u00edculo<\/em> <span style=\"color: #0000ff;\"><em><strong><a style=\"color: #0000ff;\" href=\"https:\/\/joseppons.com\/formacion\/tendencias-de-moda-para-otono-2025\/\">Tendencias de moda para oto\u00f1o 2025.<\/a><\/strong><\/em><\/span><\/p>\t\t\t\t\t\t\t\t<\/div>\n\t\t\t\t<\/div>\n\t\t\t\t\t<\/div>\n\t\t\t\t<\/div>\n\t\t<div class=\"elementor-element elementor-element-0a41cf8 e-flex e-con-boxed e-con e-parent\" data-id=\"0a41cf8\" data-element_type=\"container\">\n\t\t\t\t\t<div class=\"e-con-inner\">\n\t\t\t\t<div class=\"elementor-element elementor-element-48ea43d elementor-widget elementor-widget-heading\" data-id=\"48ea43d\" data-element_type=\"widget\" data-widget_type=\"heading.default\">\n\t\t\t\t<div class=\"elementor-widget-container\">\n\t\t\t\t\t<h2 class=\"elementor-heading-title elementor-size-default\">Tips finales para lucir impecable en cualquier evento<\/h2>\t\t\t\t<\/div>\n\t\t\t\t<\/div>\n\t\t\t\t\t<\/div>\n\t\t\t\t<\/div>\n\t\t<div class=\"elementor-element elementor-element-dd15b7e e-flex e-con-boxed e-con e-parent\" data-id=\"dd15b7e\" data-element_type=\"container\">\n\t\t\t\t\t<div class=\"e-con-inner\">\n\t\t\t\t<div class=\"elementor-element elementor-element-0f3a397 elementor-widget elementor-widget-text-editor\" data-id=\"0f3a397\" data-element_type=\"widget\" data-widget_type=\"text-editor.default\">\n\t\t\t\t<div class=\"elementor-widget-container\">\n\t\t\t\t\t\t\t\t\t<p>Para lograr un look ideal tanto en bodas y eventos de oto\u00f1o, no basta con elegir el vestido o el peinado adecuado.<\/p><p><strong>Los detalles marcan la diferencia.<\/strong><\/p><p>Aqu\u00ed tienes algunos consejos pr\u00e1cticos que te ayudar\u00e1n a <strong>destacar con estilo y confianza:<\/strong><\/p><p><strong>Planifica tu look con antelaci\u00f3n:<\/strong> desde el vestuario hasta los accesorios, evita prisas y aseg\u00farate de que todo combina arm\u00f3nicamente.<\/p><p><strong>Equilibra maquillaje, peinado y vestuario:<\/strong> ning\u00fan elemento debe robar protagonismo; todos deben trabajar juntos para crear armon\u00eda.<\/p><p><strong>Cuida los detalles peque\u00f1os:<\/strong> u\u00f1as, calzado, bolso y joyer\u00eda hacen la diferencia entre un look bueno y uno inolvidable.<\/p><p><strong>Ad\u00e1ptate al clima y la estaci\u00f3n:<\/strong> capas ligeras, tejidos oto\u00f1ales y colores c\u00e1lidos te permitir\u00e1n sentirte c\u00f3moda sin perder estilo.<\/p><p><strong>Confianza y actitud:<\/strong> tu mejor accesorio siempre ser\u00e1 tu seguridad y sonrisa; <strong>proyecta elegancia desde dentro hacia afuera.<\/strong><\/p><p>Si quieres aprender a dominar todos estos elementos de manera profesional, desde el asesoramiento de vestuario y colorimetr\u00eda hasta peinados y maquillaje de evento, nuestra <strong>Escuela Josep Pons en Barcelona<\/strong> ofrece <strong>cursos especializados de imagen personal<\/strong> que te permitir\u00e1n perfeccionar tu estilo y aplicar cada consejo de forma pr\u00e1ctica.<\/p><p>Consulta nuestra oferta formativa en nuestra <strong><span style=\"color: #0000ff;\"><a style=\"color: #0000ff;\" href=\"https:\/\/joseppons.com\/formacion\/blog-entradas\/\">web<\/a><\/span><\/strong>, por correo en info@joseppons.com, por tel\u00e9fono al 933 21 55 00 o a nuestro whatsapp 623 44 66 47.<\/p><p>Con estos consejos, estar\u00e1s lista para brillar en cualquier boda o evento de oto\u00f1o, logrando un look sofisticado, equilibrado y completamente acorde con tu estilo personal.<\/p>\t\t\t\t\t\t\t\t<\/div>\n\t\t\t\t<\/div>\n\t\t\t\t\t<\/div>\n\t\t\t\t<\/div>\n\t\t<div class=\"elementor-element elementor-element-38980fe e-flex e-con-boxed e-con e-parent\" data-id=\"38980fe\" data-element_type=\"container\">\n\t\t\t\t\t<div class=\"e-con-inner\">\n\t\t\t\t<div class=\"elementor-element elementor-element-32af4e5 elementor-widget elementor-widget-image\" data-id=\"32af4e5\" data-element_type=\"widget\" data-widget_type=\"image.default\">\n\t\t\t\t<div class=\"elementor-widget-container\">\n\t\t\t\t\t\t\t\t\t\t\t\t\t\t\t<img loading=\"lazy\" decoding=\"async\" width=\"1888\" height=\"1259\" src=\"https:\/\/joseppons.com\/formacion\/wp-content\/uploads\/2025\/02\/IMG_2658-copia.jpg\" class=\"attachment-large size-large wp-image-17322\" alt=\"\" srcset=\"https:\/\/joseppons.com\/formacion\/wp-content\/uploads\/2025\/02\/IMG_2658-copia.jpg 1888w, https:\/\/joseppons.com\/formacion\/wp-content\/uploads\/2025\/02\/IMG_2658-copia-768x512.jpg 768w, https:\/\/joseppons.com\/formacion\/wp-content\/uploads\/2025\/02\/IMG_2658-copia-1536x1024.jpg 1536w\" sizes=\"(max-width: 1888px) 100vw, 1888px\" \/>\t\t\t\t\t\t\t\t\t\t\t\t\t\t\t<\/div>\n\t\t\t\t<\/div>\n\t\t\t\t\t<\/div>\n\t\t\t\t<\/div>\n\t\t<div class=\"elementor-element elementor-element-2a3f4aa e-flex e-con-boxed e-con e-parent\" data-id=\"2a3f4aa\" data-element_type=\"container\">\n\t\t\t\t\t<div class=\"e-con-inner\">\n\t\t\t\t\t<\/div>\n\t\t\t\t<\/div>\n\t\t<div class=\"elementor-element elementor-element-44559a3 e-flex e-con-boxed e-con e-parent\" data-id=\"44559a3\" data-element_type=\"container\">\n\t\t\t\t\t<div class=\"e-con-inner\">\n\t\t\t\t\t<\/div>\n\t\t\t\t<\/div>\n\t\t\t\t<\/div>\n\t\t","protected":false},"excerpt":{"rendered":"<p>Elige el look perfecto seg\u00fan la ocasi\u00f3n En este art\u00edculo descubrir\u00e1s c\u00f3mo lucir radiante en bodas y eventos de oto\u00f1o, con consejos pr\u00e1cticos de vestuario, peinados, maquillaje y accesorios que har\u00e1n que tu look sea sofisticado, armonioso y memorable. El oto\u00f1o es una de las estaciones m\u00e1s elegantes para celebrar bodas, cenas y eventos especiales&#8230;.<\/p>\n","protected":false},"author":6,"featured_media":18762,"comment_status":"closed","ping_status":"closed","sticky":false,"template":"","format":"standard","meta":{"_joinchat":[],"footnotes":""},"categories":[6],"tags":[],"class_list":["post-18760","post","type-post","status-publish","format-standard","has-post-thumbnail","hentry","category-actualidad"],"yoast_head":"<!-- This site is optimized with the Yoast SEO plugin v26.7 - https:\/\/yoast.com\/wordpress\/plugins\/seo\/ -->\n<title>C\u00f3mo lucir radiante en bodas y eventos de oto\u00f1o<\/title>\n<meta name=\"description\" content=\"Descubre c\u00f3mo lucir radiante en bodas y eventos de oto\u00f1o con estos consejos de vestuario, maquillaje y peinados que realzar\u00e1n tu estilo.\" \/>\n<meta name=\"robots\" content=\"index, follow, max-snippet:-1, max-image-preview:large, max-video-preview:-1\" \/>\n<link rel=\"canonical\" href=\"https:\/\/joseppons.com\/formacion\/como-lucir-radiante-en-bodas-y-eventos-de-otono\/\" \/>\n<meta property=\"og:locale\" content=\"es_ES\" \/>\n<meta property=\"og:type\" content=\"article\" \/>\n<meta property=\"og:title\" content=\"C\u00f3mo lucir radiante en bodas y eventos de oto\u00f1o\" \/>\n<meta property=\"og:description\" content=\"Descubre c\u00f3mo lucir radiante en bodas y eventos de oto\u00f1o con estos consejos de vestuario, maquillaje y peinados que realzar\u00e1n tu estilo.\" \/>\n<meta property=\"og:url\" content=\"https:\/\/joseppons.com\/formacion\/como-lucir-radiante-en-bodas-y-eventos-de-otono\/\" \/>\n<meta property=\"og:site_name\" content=\"Josep Pons Formaci\u00f3n\" \/>\n<meta property=\"article:publisher\" content=\"https:\/\/es-es.facebook.com\/JosepPonsFormacio\/\" \/>\n<meta property=\"article:published_time\" content=\"2025-10-10T07:53:55+00:00\" \/>\n<meta property=\"article:modified_time\" content=\"2025-10-15T11:05:34+00:00\" \/>\n<meta property=\"og:image\" content=\"https:\/\/joseppons.com\/formacion\/wp-content\/uploads\/2025\/10\/shutterstock_1779710864-1.jpg\" \/>\n\t<meta property=\"og:image:width\" content=\"500\" \/>\n\t<meta property=\"og:image:height\" content=\"334\" \/>\n\t<meta property=\"og:image:type\" content=\"image\/jpeg\" \/>\n<meta name=\"author\" content=\"Comunicaci\u00f3n\" \/>\n<meta name=\"twitter:card\" content=\"summary_large_image\" \/>\n<meta name=\"twitter:creator\" content=\"@josepponsimatge\" \/>\n<meta name=\"twitter:site\" content=\"@josepponsimatge\" \/>\n<meta name=\"twitter:label1\" content=\"Escrito por\" \/>\n\t<meta name=\"twitter:data1\" content=\"Comunicaci\u00f3n\" \/>\n\t<meta name=\"twitter:label2\" content=\"Tiempo de lectura\" \/>\n\t<meta name=\"twitter:data2\" content=\"7 minutos\" \/>\n<script type=\"application\/ld+json\" class=\"yoast-schema-graph\">{\"@context\":\"https:\/\/schema.org\",\"@graph\":[{\"@type\":\"Article\",\"@id\":\"https:\/\/joseppons.com\/formacion\/como-lucir-radiante-en-bodas-y-eventos-de-otono\/#article\",\"isPartOf\":{\"@id\":\"https:\/\/joseppons.com\/formacion\/como-lucir-radiante-en-bodas-y-eventos-de-otono\/\"},\"author\":{\"name\":\"Comunicaci\u00f3n\",\"@id\":\"https:\/\/joseppons.com\/formacion\/#\/schema\/person\/5bcd14ff97d0c75b868e8577fd59c2a4\"},\"headline\":\"C\u00f3mo lucir radiante en bodas y eventos de oto\u00f1o\",\"datePublished\":\"2025-10-10T07:53:55+00:00\",\"dateModified\":\"2025-10-15T11:05:34+00:00\",\"mainEntityOfPage\":{\"@id\":\"https:\/\/joseppons.com\/formacion\/como-lucir-radiante-en-bodas-y-eventos-de-otono\/\"},\"wordCount\":1364,\"publisher\":{\"@id\":\"https:\/\/joseppons.com\/formacion\/#organization\"},\"image\":{\"@id\":\"https:\/\/joseppons.com\/formacion\/como-lucir-radiante-en-bodas-y-eventos-de-otono\/#primaryimage\"},\"thumbnailUrl\":\"https:\/\/joseppons.com\/formacion\/wp-content\/uploads\/2025\/10\/shutterstock_1779710864-1.jpg\",\"articleSection\":[\"Actualidad\"],\"inLanguage\":\"es\"},{\"@type\":\"WebPage\",\"@id\":\"https:\/\/joseppons.com\/formacion\/como-lucir-radiante-en-bodas-y-eventos-de-otono\/\",\"url\":\"https:\/\/joseppons.com\/formacion\/como-lucir-radiante-en-bodas-y-eventos-de-otono\/\",\"name\":\"C\u00f3mo lucir radiante en bodas y eventos de oto\u00f1o\",\"isPartOf\":{\"@id\":\"https:\/\/joseppons.com\/formacion\/#website\"},\"primaryImageOfPage\":{\"@id\":\"https:\/\/joseppons.com\/formacion\/como-lucir-radiante-en-bodas-y-eventos-de-otono\/#primaryimage\"},\"image\":{\"@id\":\"https:\/\/joseppons.com\/formacion\/como-lucir-radiante-en-bodas-y-eventos-de-otono\/#primaryimage\"},\"thumbnailUrl\":\"https:\/\/joseppons.com\/formacion\/wp-content\/uploads\/2025\/10\/shutterstock_1779710864-1.jpg\",\"datePublished\":\"2025-10-10T07:53:55+00:00\",\"dateModified\":\"2025-10-15T11:05:34+00:00\",\"description\":\"Descubre c\u00f3mo lucir radiante en bodas y eventos de oto\u00f1o con estos consejos de vestuario, maquillaje y peinados que realzar\u00e1n tu estilo.\",\"breadcrumb\":{\"@id\":\"https:\/\/joseppons.com\/formacion\/como-lucir-radiante-en-bodas-y-eventos-de-otono\/#breadcrumb\"},\"inLanguage\":\"es\",\"potentialAction\":[{\"@type\":\"ReadAction\",\"target\":[\"https:\/\/joseppons.com\/formacion\/como-lucir-radiante-en-bodas-y-eventos-de-otono\/\"]}]},{\"@type\":\"ImageObject\",\"inLanguage\":\"es\",\"@id\":\"https:\/\/joseppons.com\/formacion\/como-lucir-radiante-en-bodas-y-eventos-de-otono\/#primaryimage\",\"url\":\"https:\/\/joseppons.com\/formacion\/wp-content\/uploads\/2025\/10\/shutterstock_1779710864-1.jpg\",\"contentUrl\":\"https:\/\/joseppons.com\/formacion\/wp-content\/uploads\/2025\/10\/shutterstock_1779710864-1.jpg\",\"width\":500,\"height\":334},{\"@type\":\"BreadcrumbList\",\"@id\":\"https:\/\/joseppons.com\/formacion\/como-lucir-radiante-en-bodas-y-eventos-de-otono\/#breadcrumb\",\"itemListElement\":[{\"@type\":\"ListItem\",\"position\":1,\"name\":\"Portada\",\"item\":\"https:\/\/joseppons.com\/formacion\/\"},{\"@type\":\"ListItem\",\"position\":2,\"name\":\"C\u00f3mo lucir radiante en bodas y eventos de oto\u00f1o\"}]},{\"@type\":\"WebSite\",\"@id\":\"https:\/\/joseppons.com\/formacion\/#website\",\"url\":\"https:\/\/joseppons.com\/formacion\/\",\"name\":\"Josep Pons Formaci\u00f3n\",\"description\":\"\",\"publisher\":{\"@id\":\"https:\/\/joseppons.com\/formacion\/#organization\"},\"potentialAction\":[{\"@type\":\"SearchAction\",\"target\":{\"@type\":\"EntryPoint\",\"urlTemplate\":\"https:\/\/joseppons.com\/formacion\/?s={search_term_string}\"},\"query-input\":{\"@type\":\"PropertyValueSpecification\",\"valueRequired\":true,\"valueName\":\"search_term_string\"}}],\"inLanguage\":\"es\"},{\"@type\":\"Organization\",\"@id\":\"https:\/\/joseppons.com\/formacion\/#organization\",\"name\":\"Josep Pons\",\"url\":\"https:\/\/joseppons.com\/formacion\/\",\"logo\":{\"@type\":\"ImageObject\",\"inLanguage\":\"es\",\"@id\":\"https:\/\/joseppons.com\/formacion\/#\/schema\/logo\/image\/\",\"url\":\"https:\/\/joseppons.com\/formacion\/wp-content\/uploads\/2018\/09\/logotipo-home-josepponsformacio-1.png\",\"contentUrl\":\"https:\/\/joseppons.com\/formacion\/wp-content\/uploads\/2018\/09\/logotipo-home-josepponsformacio-1.png\",\"width\":420,\"height\":280,\"caption\":\"Josep Pons\"},\"image\":{\"@id\":\"https:\/\/joseppons.com\/formacion\/#\/schema\/logo\/image\/\"},\"sameAs\":[\"https:\/\/es-es.facebook.com\/JosepPonsFormacio\/\",\"https:\/\/x.com\/josepponsimatge\",\"https:\/\/www.instagram.com\/ponsformacion\/\"]},{\"@type\":\"Person\",\"@id\":\"https:\/\/joseppons.com\/formacion\/#\/schema\/person\/5bcd14ff97d0c75b868e8577fd59c2a4\",\"name\":\"Comunicaci\u00f3n\"}]}<\/script>\n<!-- \/ Yoast SEO plugin. -->","yoast_head_json":{"title":"C\u00f3mo lucir radiante en bodas y eventos de oto\u00f1o","description":"Descubre c\u00f3mo lucir radiante en bodas y eventos de oto\u00f1o con estos consejos de vestuario, maquillaje y peinados que realzar\u00e1n tu estilo.","robots":{"index":"index","follow":"follow","max-snippet":"max-snippet:-1","max-image-preview":"max-image-preview:large","max-video-preview":"max-video-preview:-1"},"canonical":"https:\/\/joseppons.com\/formacion\/como-lucir-radiante-en-bodas-y-eventos-de-otono\/","og_locale":"es_ES","og_type":"article","og_title":"C\u00f3mo lucir radiante en bodas y eventos de oto\u00f1o","og_description":"Descubre c\u00f3mo lucir radiante en bodas y eventos de oto\u00f1o con estos consejos de vestuario, maquillaje y peinados que realzar\u00e1n tu estilo.","og_url":"https:\/\/joseppons.com\/formacion\/como-lucir-radiante-en-bodas-y-eventos-de-otono\/","og_site_name":"Josep Pons Formaci\u00f3n","article_publisher":"https:\/\/es-es.facebook.com\/JosepPonsFormacio\/","article_published_time":"2025-10-10T07:53:55+00:00","article_modified_time":"2025-10-15T11:05:34+00:00","og_image":[{"width":500,"height":334,"url":"https:\/\/joseppons.com\/formacion\/wp-content\/uploads\/2025\/10\/shutterstock_1779710864-1.jpg","type":"image\/jpeg"}],"author":"Comunicaci\u00f3n","twitter_card":"summary_large_image","twitter_creator":"@josepponsimatge","twitter_site":"@josepponsimatge","twitter_misc":{"Escrito por":"Comunicaci\u00f3n","Tiempo de lectura":"7 minutos"},"schema":{"@context":"https:\/\/schema.org","@graph":[{"@type":"Article","@id":"https:\/\/joseppons.com\/formacion\/como-lucir-radiante-en-bodas-y-eventos-de-otono\/#article","isPartOf":{"@id":"https:\/\/joseppons.com\/formacion\/como-lucir-radiante-en-bodas-y-eventos-de-otono\/"},"author":{"name":"Comunicaci\u00f3n","@id":"https:\/\/joseppons.com\/formacion\/#\/schema\/person\/5bcd14ff97d0c75b868e8577fd59c2a4"},"headline":"C\u00f3mo lucir radiante en bodas y eventos de oto\u00f1o","datePublished":"2025-10-10T07:53:55+00:00","dateModified":"2025-10-15T11:05:34+00:00","mainEntityOfPage":{"@id":"https:\/\/joseppons.com\/formacion\/como-lucir-radiante-en-bodas-y-eventos-de-otono\/"},"wordCount":1364,"publisher":{"@id":"https:\/\/joseppons.com\/formacion\/#organization"},"image":{"@id":"https:\/\/joseppons.com\/formacion\/como-lucir-radiante-en-bodas-y-eventos-de-otono\/#primaryimage"},"thumbnailUrl":"https:\/\/joseppons.com\/formacion\/wp-content\/uploads\/2025\/10\/shutterstock_1779710864-1.jpg","articleSection":["Actualidad"],"inLanguage":"es"},{"@type":"WebPage","@id":"https:\/\/joseppons.com\/formacion\/como-lucir-radiante-en-bodas-y-eventos-de-otono\/","url":"https:\/\/joseppons.com\/formacion\/como-lucir-radiante-en-bodas-y-eventos-de-otono\/","name":"C\u00f3mo lucir radiante en bodas y eventos de oto\u00f1o","isPartOf":{"@id":"https:\/\/joseppons.com\/formacion\/#website"},"primaryImageOfPage":{"@id":"https:\/\/joseppons.com\/formacion\/como-lucir-radiante-en-bodas-y-eventos-de-otono\/#primaryimage"},"image":{"@id":"https:\/\/joseppons.com\/formacion\/como-lucir-radiante-en-bodas-y-eventos-de-otono\/#primaryimage"},"thumbnailUrl":"https:\/\/joseppons.com\/formacion\/wp-content\/uploads\/2025\/10\/shutterstock_1779710864-1.jpg","datePublished":"2025-10-10T07:53:55+00:00","dateModified":"2025-10-15T11:05:34+00:00","description":"Descubre c\u00f3mo lucir radiante en bodas y eventos de oto\u00f1o con estos consejos de vestuario, maquillaje y peinados que realzar\u00e1n tu estilo.","breadcrumb":{"@id":"https:\/\/joseppons.com\/formacion\/como-lucir-radiante-en-bodas-y-eventos-de-otono\/#breadcrumb"},"inLanguage":"es","potentialAction":[{"@type":"ReadAction","target":["https:\/\/joseppons.com\/formacion\/como-lucir-radiante-en-bodas-y-eventos-de-otono\/"]}]},{"@type":"ImageObject","inLanguage":"es","@id":"https:\/\/joseppons.com\/formacion\/como-lucir-radiante-en-bodas-y-eventos-de-otono\/#primaryimage","url":"https:\/\/joseppons.com\/formacion\/wp-content\/uploads\/2025\/10\/shutterstock_1779710864-1.jpg","contentUrl":"https:\/\/joseppons.com\/formacion\/wp-content\/uploads\/2025\/10\/shutterstock_1779710864-1.jpg","width":500,"height":334},{"@type":"BreadcrumbList","@id":"https:\/\/joseppons.com\/formacion\/como-lucir-radiante-en-bodas-y-eventos-de-otono\/#breadcrumb","itemListElement":[{"@type":"ListItem","position":1,"name":"Portada","item":"https:\/\/joseppons.com\/formacion\/"},{"@type":"ListItem","position":2,"name":"C\u00f3mo lucir radiante en bodas y eventos de oto\u00f1o"}]},{"@type":"WebSite","@id":"https:\/\/joseppons.com\/formacion\/#website","url":"https:\/\/joseppons.com\/formacion\/","name":"Josep Pons Formaci\u00f3n","description":"","publisher":{"@id":"https:\/\/joseppons.com\/formacion\/#organization"},"potentialAction":[{"@type":"SearchAction","target":{"@type":"EntryPoint","urlTemplate":"https:\/\/joseppons.com\/formacion\/?s={search_term_string}"},"query-input":{"@type":"PropertyValueSpecification","valueRequired":true,"valueName":"search_term_string"}}],"inLanguage":"es"},{"@type":"Organization","@id":"https:\/\/joseppons.com\/formacion\/#organization","name":"Josep Pons","url":"https:\/\/joseppons.com\/formacion\/","logo":{"@type":"ImageObject","inLanguage":"es","@id":"https:\/\/joseppons.com\/formacion\/#\/schema\/logo\/image\/","url":"https:\/\/joseppons.com\/formacion\/wp-content\/uploads\/2018\/09\/logotipo-home-josepponsformacio-1.png","contentUrl":"https:\/\/joseppons.com\/formacion\/wp-content\/uploads\/2018\/09\/logotipo-home-josepponsformacio-1.png","width":420,"height":280,"caption":"Josep Pons"},"image":{"@id":"https:\/\/joseppons.com\/formacion\/#\/schema\/logo\/image\/"},"sameAs":["https:\/\/es-es.facebook.com\/JosepPonsFormacio\/","https:\/\/x.com\/josepponsimatge","https:\/\/www.instagram.com\/ponsformacion\/"]},{"@type":"Person","@id":"https:\/\/joseppons.com\/formacion\/#\/schema\/person\/5bcd14ff97d0c75b868e8577fd59c2a4","name":"Comunicaci\u00f3n"}]}},"_links":{"self":[{"href":"https:\/\/joseppons.com\/formacion\/wp-json\/wp\/v2\/posts\/18760","targetHints":{"allow":["GET"]}}],"collection":[{"href":"https:\/\/joseppons.com\/formacion\/wp-json\/wp\/v2\/posts"}],"about":[{"href":"https:\/\/joseppons.com\/formacion\/wp-json\/wp\/v2\/types\/post"}],"author":[{"embeddable":true,"href":"https:\/\/joseppons.com\/formacion\/wp-json\/wp\/v2\/users\/6"}],"replies":[{"embeddable":true,"href":"https:\/\/joseppons.com\/formacion\/wp-json\/wp\/v2\/comments?post=18760"}],"version-history":[{"count":66,"href":"https:\/\/joseppons.com\/formacion\/wp-json\/wp\/v2\/posts\/18760\/revisions"}],"predecessor-version":[{"id":18854,"href":"https:\/\/joseppons.com\/formacion\/wp-json\/wp\/v2\/posts\/18760\/revisions\/18854"}],"wp:featuredmedia":[{"embeddable":true,"href":"https:\/\/joseppons.com\/formacion\/wp-json\/wp\/v2\/media\/18762"}],"wp:attachment":[{"href":"https:\/\/joseppons.com\/formacion\/wp-json\/wp\/v2\/media?parent=18760"}],"wp:term":[{"taxonomy":"category","embeddable":true,"href":"https:\/\/joseppons.com\/formacion\/wp-json\/wp\/v2\/categories?post=18760"},{"taxonomy":"post_tag","embeddable":true,"href":"https:\/\/joseppons.com\/formacion\/wp-json\/wp\/v2\/tags?post=18760"}],"curies":[{"name":"wp","href":"https:\/\/api.w.org\/{rel}","templated":true}]}}