{"id":18681,"date":"2025-09-26T12:53:04","date_gmt":"2025-09-26T10:53:04","guid":{"rendered":"https:\/\/joseppons.com\/formacion\/?p=18681"},"modified":"2025-10-10T09:54:14","modified_gmt":"2025-10-10T07:54:14","slug":"tendencias-de-moda-para-otono-2025","status":"publish","type":"post","link":"https:\/\/joseppons.com\/formacion\/tendencias-de-moda-para-otono-2025\/","title":{"rendered":"Tendencias de moda para oto\u00f1o 2025"},"content":{"rendered":"\t\t<div data-elementor-type=\"wp-post\" data-elementor-id=\"18681\" class=\"elementor elementor-18681\" data-elementor-post-type=\"post\">\n\t\t\t\t<div class=\"elementor-element elementor-element-0661803 e-flex e-con-boxed e-con e-parent\" data-id=\"0661803\" data-element_type=\"container\">\n\t\t\t\t\t<div class=\"e-con-inner\">\n\t\t\t\t<div class=\"elementor-element elementor-element-b1f7d2a elementor-widget elementor-widget-text-editor\" data-id=\"b1f7d2a\" data-element_type=\"widget\" data-widget_type=\"text-editor.default\">\n\t\t\t\t<div class=\"elementor-widget-container\">\n\t\t\t\t\t\t\t\t\t<p>Las <strong>tendencias de moda para oto\u00f1o 2025<\/strong> llegan con elegancia, texturas sofisticadas y siluetas que marcan un estilo propio.<\/p><p>Esta temporada, la moda combina lo cl\u00e1sico con lo contempor\u00e1neo, invit\u00e1ndote a renovar tu armario con<strong> prendas vers\u00e1tiles y de alta calidad<\/strong> que perduren en el tiempo.<\/p><p>A continuaci\u00f3n te contamos <strong>qu\u00e9 se llevar\u00e1 este oto\u00f1o<\/strong> y c\u00f3mo crear looks que reflejen tu personalidad con un estilo s\u00faper premium.<\/p><p>\u00a1Vallos all\u00e1!<\/p>\t\t\t\t\t\t\t\t<\/div>\n\t\t\t\t<\/div>\n\t\t\t\t\t<\/div>\n\t\t\t\t<\/div>\n\t\t<div class=\"elementor-element elementor-element-b9d63e6 e-flex e-con-boxed e-con e-parent\" data-id=\"b9d63e6\" data-element_type=\"container\">\n\t\t\t\t\t<div class=\"e-con-inner\">\n\t\t\t\t<div class=\"elementor-element elementor-element-8ad208f elementor-widget elementor-widget-heading\" data-id=\"8ad208f\" data-element_type=\"widget\" data-widget_type=\"heading.default\">\n\t\t\t\t<div class=\"elementor-widget-container\">\n\t\t\t\t\t<h2 class=\"elementor-heading-title elementor-size-default\">Tonos tierra y colores de oto\u00f1o \ud83c\udf30<\/h2>\t\t\t\t<\/div>\n\t\t\t\t<\/div>\n\t\t\t\t\t<\/div>\n\t\t\t\t<\/div>\n\t\t<div class=\"elementor-element elementor-element-f88a50c e-flex e-con-boxed e-con e-parent\" data-id=\"f88a50c\" data-element_type=\"container\">\n\t\t\t\t\t<div class=\"e-con-inner\">\n\t\t\t\t<div class=\"elementor-element elementor-element-d57e901 elementor-widget elementor-widget-image\" data-id=\"d57e901\" data-element_type=\"widget\" data-widget_type=\"image.default\">\n\t\t\t\t<div class=\"elementor-widget-container\">\n\t\t\t\t\t\t\t\t\t\t\t\t\t\t\t<img fetchpriority=\"high\" decoding=\"async\" width=\"1080\" height=\"1080\" src=\"https:\/\/joseppons.com\/formacion\/wp-content\/uploads\/2025\/09\/Disen\u0303o-sin-ti\u0301tulo-2.jpg\" class=\"attachment-large size-large wp-image-18691\" alt=\"Look de oto\u00f1o en tonos marr\u00f3n chocolate, terracota, verde musgo, burdeos y azul petr\u00f3leo, tendencias moda oto\u00f1o 2025\" srcset=\"https:\/\/joseppons.com\/formacion\/wp-content\/uploads\/2025\/09\/Disen\u0303o-sin-ti\u0301tulo-2.jpg 1080w, https:\/\/joseppons.com\/formacion\/wp-content\/uploads\/2025\/09\/Disen\u0303o-sin-ti\u0301tulo-2-768x768.jpg 768w\" sizes=\"(max-width: 1080px) 100vw, 1080px\" \/>\t\t\t\t\t\t\t\t\t\t\t\t\t\t\t<\/div>\n\t\t\t\t<\/div>\n\t\t\t\t<div class=\"elementor-element elementor-element-3649147 elementor-widget elementor-widget-text-editor\" data-id=\"3649147\" data-element_type=\"widget\" data-widget_type=\"text-editor.default\">\n\t\t\t\t<div class=\"elementor-widget-container\">\n\t\t\t\t\t\t\t\t\t<p>Los <strong>tonos tierra y los colores profundos<\/strong> ser\u00e1n los grandes protagonistas de la moda oto\u00f1o 2025.\u00a0<\/p><p>Entre ellos destacan el m<span style=\"font-size: 1em; letter-spacing: 0px;\">arr\u00f3n chocolate, t<\/span><span style=\"font-size: 1em; letter-spacing: 0px;\">erracota y \u00f3xido, v<\/span><span style=\"font-size: 1em; letter-spacing: 0px;\">erde oliva o musgo, el b<\/span><span style=\"font-size: 1em; letter-spacing: 0px;\">urdeos intenso y el a<\/span><span style=\"font-size: 1em; letter-spacing: 0px;\">zul petr\u00f3leo.\u00a0<\/span><\/p><p>Esta paleta combina<strong> calidez, sofisticaci\u00f3n y versatilidad<\/strong>, perfecta para crear looks que transmitan estilo y personalidad.<\/p><p>Cada color tiene su propio car\u00e1cter: el marr\u00f3n chocolate y la terracota aportan calidez y elegancia cl\u00e1sica; el verde oliva y musgo introducen un aire natural y sofisticado; el burdeos intenso suma fuerza y distinci\u00f3n; y el azul petr\u00f3leo da un toque contempor\u00e1neo y urbano.<\/p><p>Mezclando estas tonalidades, se pueden crear outfits monocrom\u00e1ticos muy <strong>refinados<\/strong> o <strong>combinaciones equilibradas<\/strong> que reflejan la modernidad del oto\u00f1o.<\/p><p>\u2728 Clave de estilo: un abrigo camel o marr\u00f3n chocolate, combinado con accesorios burdeos o un bolso azul petr\u00f3leo, logra un look premium y armonioso.<\/p><p>\ud83d\udca1 Tip premium: juega con texturas y materiales dentro de esta paleta: lana, cashmere, cuero o terciopelo aportan profundidad y riqueza visual a cada conjunto.<\/p>\t\t\t\t\t\t\t\t<\/div>\n\t\t\t\t<\/div>\n\t\t\t\t\t<\/div>\n\t\t\t\t<\/div>\n\t\t<div class=\"elementor-element elementor-element-b31f9db e-flex e-con-boxed e-con e-parent\" data-id=\"b31f9db\" data-element_type=\"container\">\n\t\t\t\t\t<div class=\"e-con-inner\">\n\t\t\t\t<div class=\"elementor-element elementor-element-219b4f7 elementor-widget elementor-widget-heading\" data-id=\"219b4f7\" data-element_type=\"widget\" data-widget_type=\"heading.default\">\n\t\t\t\t<div class=\"elementor-widget-container\">\n\t\t\t\t\t<h2 class=\"elementor-heading-title elementor-size-default\">Texturas y materiales: as\u00ed se sentir\u00e1 el oto\u00f1o<\/h2>\t\t\t\t<\/div>\n\t\t\t\t<\/div>\n\t\t\t\t\t<\/div>\n\t\t\t\t<\/div>\n\t\t<div class=\"elementor-element elementor-element-a3fc230 e-flex e-con-boxed e-con e-parent\" data-id=\"a3fc230\" data-element_type=\"container\">\n\t\t\t\t\t<div class=\"e-con-inner\">\n\t\t\t\t<div class=\"elementor-element elementor-element-61df807 elementor-widget elementor-widget-text-editor\" data-id=\"61df807\" data-element_type=\"widget\" data-widget_type=\"text-editor.default\">\n\t\t\t\t<div class=\"elementor-widget-container\">\n\t\t\t\t\t\t\t\t\t<p>Este oto\u00f1o, la experiencia t\u00e1ctil se convierte en protagonista.\u00a0<\/p><p>Las prendas y accesorios <b>no solo se ven, tambi\u00e9n se sienten<\/b>.<\/p><p>Entre los materiales que marcar\u00e1n la temporada destacan el terciopelo, la lana gruesa y el boucl\u00e9, y los detalles en madera oscura, cobre y lat\u00f3n envejecido.\u00a0<\/p><p>Cada textura aporta un<b> car\u00e1cter \u00fanico<\/b> y una sensaci\u00f3n de lujo acogedor y <b>sofisticaci\u00f3n<\/b>.<\/p>\t\t\t\t\t\t\t\t<\/div>\n\t\t\t\t<\/div>\n\t\t\t\t<div class=\"elementor-element elementor-element-3ced1fe elementor-widget elementor-widget-image\" data-id=\"3ced1fe\" data-element_type=\"widget\" data-widget_type=\"image.default\">\n\t\t\t\t<div class=\"elementor-widget-container\">\n\t\t\t\t\t\t\t\t\t\t\t\t\t\t\t<img decoding=\"async\" width=\"2400\" height=\"2400\" src=\"https:\/\/joseppons.com\/formacion\/wp-content\/uploads\/2025\/09\/Collage-con-primeros-planos-de-telas-y-materiales-naturales-de-_-terciopelo-lana-gruesa-boucle\u0301-madera-oscura-cobre-y-lato\u0301n-envejecido.jpg\" class=\"attachment-large size-large wp-image-18701\" alt=\"\" srcset=\"https:\/\/joseppons.com\/formacion\/wp-content\/uploads\/2025\/09\/Collage-con-primeros-planos-de-telas-y-materiales-naturales-de-_-terciopelo-lana-gruesa-boucle\u0301-madera-oscura-cobre-y-lato\u0301n-envejecido.jpg 2400w, https:\/\/joseppons.com\/formacion\/wp-content\/uploads\/2025\/09\/Collage-con-primeros-planos-de-telas-y-materiales-naturales-de-_-terciopelo-lana-gruesa-boucle\u0301-madera-oscura-cobre-y-lato\u0301n-envejecido-768x768.jpg 768w, https:\/\/joseppons.com\/formacion\/wp-content\/uploads\/2025\/09\/Collage-con-primeros-planos-de-telas-y-materiales-naturales-de-_-terciopelo-lana-gruesa-boucle\u0301-madera-oscura-cobre-y-lato\u0301n-envejecido-1536x1536.jpg 1536w, https:\/\/joseppons.com\/formacion\/wp-content\/uploads\/2025\/09\/Collage-con-primeros-planos-de-telas-y-materiales-naturales-de-_-terciopelo-lana-gruesa-boucle\u0301-madera-oscura-cobre-y-lato\u0301n-envejecido-2048x2048.jpg 2048w\" sizes=\"(max-width: 2400px) 100vw, 2400px\" \/>\t\t\t\t\t\t\t\t\t\t\t\t\t\t\t<\/div>\n\t\t\t\t<\/div>\n\t\t\t\t\t<\/div>\n\t\t\t\t<\/div>\n\t\t<div class=\"elementor-element elementor-element-bd9843e e-flex e-con-boxed e-con e-parent\" data-id=\"bd9843e\" data-element_type=\"container\">\n\t\t\t\t\t<div class=\"e-con-inner\">\n\t\t\t\t<div class=\"elementor-element elementor-element-e85cdcb elementor-widget elementor-widget-text-editor\" data-id=\"e85cdcb\" data-element_type=\"widget\" data-widget_type=\"text-editor.default\">\n\t\t\t\t<div class=\"elementor-widget-container\">\n\t\t\t\t\t\t\t\t\t<p>El terciopelo y el boucl\u00e9 envuelven con <strong>suavidad y elegancia<\/strong>, perfectos para abrigos, blazers o complementos de impacto.\u00a0<\/p><p>La lana gruesa, en su versi\u00f3n m\u00e1s natural, transmite <strong>confort y calidez<\/strong>, ideal para su\u00e9teres, c\u00e1rdigans y bufandas.\u00a0<\/p><p>Por su parte, los accesorios en madera oscura, cobre y lat\u00f3n envejecido elevan cualquier look, aportando un<strong> toque artesanal y distintivo<\/strong> que se combina a la perfecci\u00f3n con la paleta de colores oto\u00f1ales.<\/p><p>\u2728 <strong>C\u00f3mo llevarlo:<\/strong> combina un abrigo de boucl\u00e9 con botas de cuero y un bolso con detalles en lat\u00f3n envejecido.\u00a0<\/p><p>El contraste entre texturas suaves y elementos met\u00e1licos crea un efecto visual sofisticado y contempor\u00e1neo.<\/p><p>\ud83d\udca1<strong> Tip premium:<\/strong> no tengas miedo de mezclar materiales dentro del mismo outfit.<\/p>\t\t\t\t\t\t\t\t<\/div>\n\t\t\t\t<\/div>\n\t\t\t\t\t<\/div>\n\t\t\t\t<\/div>\n\t\t<div class=\"elementor-element elementor-element-8d92924 e-flex e-con-boxed e-con e-parent\" data-id=\"8d92924\" data-element_type=\"container\">\n\t\t\t\t\t<div class=\"e-con-inner\">\n\t\t\t\t<div class=\"elementor-element elementor-element-dc3d295 elementor-widget elementor-widget-heading\" data-id=\"dc3d295\" data-element_type=\"widget\" data-widget_type=\"heading.default\">\n\t\t\t\t<div class=\"elementor-widget-container\">\n\t\t\t\t\t<h2 class=\"elementor-heading-title elementor-size-default\">Lo que ver\u00e1s en la calle: moda y microtendencias<\/h2>\t\t\t\t<\/div>\n\t\t\t\t<\/div>\n\t\t\t\t\t<\/div>\n\t\t\t\t<\/div>\n\t\t<div class=\"elementor-element elementor-element-5f6450d e-flex e-con-boxed e-con e-parent\" data-id=\"5f6450d\" data-element_type=\"container\">\n\t\t\t\t\t<div class=\"e-con-inner\">\n\t\t\t\t<div class=\"elementor-element elementor-element-8ffaa8d elementor-widget elementor-widget-image\" data-id=\"8ffaa8d\" data-element_type=\"widget\" data-widget_type=\"image.default\">\n\t\t\t\t<div class=\"elementor-widget-container\">\n\t\t\t\t\t\t\t\t\t\t\t\t\t\t\t<img decoding=\"async\" width=\"1080\" height=\"1080\" src=\"https:\/\/joseppons.com\/formacion\/wp-content\/uploads\/2025\/09\/\u2714-Verde-pistacho-como-\u2018acento.jpg\" class=\"attachment-large size-large wp-image-18722\" alt=\"\" srcset=\"https:\/\/joseppons.com\/formacion\/wp-content\/uploads\/2025\/09\/\u2714-Verde-pistacho-como-\u2018acento.jpg 1080w, https:\/\/joseppons.com\/formacion\/wp-content\/uploads\/2025\/09\/\u2714-Verde-pistacho-como-\u2018acento-768x768.jpg 768w\" sizes=\"(max-width: 1080px) 100vw, 1080px\" \/>\t\t\t\t\t\t\t\t\t\t\t\t\t\t\t<\/div>\n\t\t\t\t<\/div>\n\t\t\t\t<div class=\"elementor-element elementor-element-ed0a337 elementor-widget elementor-widget-text-editor\" data-id=\"ed0a337\" data-element_type=\"widget\" data-widget_type=\"text-editor.default\">\n\t\t\t\t<div class=\"elementor-widget-container\">\n\t\t\t\t\t\t\t\t\t<p>El oto\u00f1o 2025 no solo se vive en pasarela, tambi\u00e9n en las calles, donde surgen <strong>microtendencias que marcan el estilo<\/strong> urbano y contempor\u00e1neo.<\/p><p>Este a\u00f1o, los looks clave combinan referencias cl\u00e1sicas con gui\u00f1os a d\u00e9cadas pasadas, creando <strong>outfits vers\u00e1tiles, sofisticados y con personalidad.<\/strong><\/p><p>Entre las tendencias m\u00e1s visibles destacan:<\/p><p><strong>Verde pistacho como acento:<\/strong> un color vibrante que rompe con la paleta oto\u00f1al sin perder armon\u00eda. Se lleva en accesorios, chaquetas o detalles que aportan frescura y modernidad.<\/p><p><strong>Push-up y est\u00e9tica 90\u2019s:<\/strong> los tops ajustados, las siluetas ce\u00f1idas y las hombreras suaves regresan para reinterpretar la moda de los 90 de manera sofisticada.<\/p><p><strong>Sport + Tailoring:<\/strong> la mezcla entre ropa deportiva y sastrer\u00eda se consolida. Ch\u00e1ndales elegantes combinados con blazers estructuradas crean un estilo urbano, c\u00f3modo pero chic.<\/p><p><strong>Encaje y sat\u00e9n como protagonistas:<\/strong> tejidos suaves y femeninos que aportan contraste con piezas estructuradas o urbanas. Blusas de sat\u00e9n, faldas de encaje y vestidos ligeros se convierten en los must-have de la temporada.<\/p><p><strong>\u2728 Tip de estilo:<\/strong> mezcla piezas cl\u00e1sicas de tu armario con acentos modernos: un blazer cl\u00e1sico con un top push-up de inspiraci\u00f3n 90\u2019s o un pantal\u00f3n de ch\u00e1ndal elegante con encaje. Esto genera looks urbanos sofisticados y con personalidad.<\/p><p><strong>\ud83d\udca1 Tip premium:<\/strong> juega con proporciones y texturas. Combinar materiales r\u00edgidos como lana o sastrer\u00eda con tejidos suaves como sat\u00e9n o encaje aporta profundidad y un acabado de revista.<\/p>\t\t\t\t\t\t\t\t<\/div>\n\t\t\t\t<\/div>\n\t\t\t\t\t<\/div>\n\t\t\t\t<\/div>\n\t\t<div class=\"elementor-element elementor-element-67dbb8e e-flex e-con-boxed e-con e-parent\" data-id=\"67dbb8e\" data-element_type=\"container\">\n\t\t\t\t\t<div class=\"e-con-inner\">\n\t\t\t\t<div class=\"elementor-element elementor-element-c7ff7a0 elementor-widget elementor-widget-heading\" data-id=\"c7ff7a0\" data-element_type=\"widget\" data-widget_type=\"heading.default\">\n\t\t\t\t<div class=\"elementor-widget-container\">\n\t\t\t\t\t<h2 class=\"elementor-heading-title elementor-size-default\">Accesorios protagonistas<\/h2>\t\t\t\t<\/div>\n\t\t\t\t<\/div>\n\t\t\t\t\t<\/div>\n\t\t\t\t<\/div>\n\t\t<div class=\"elementor-element elementor-element-9c7e306 e-flex e-con-boxed e-con e-parent\" data-id=\"9c7e306\" data-element_type=\"container\">\n\t\t\t\t\t<div class=\"e-con-inner\">\n\t\t\t\t<div class=\"elementor-element elementor-element-0b7497f elementor-widget elementor-widget-image\" data-id=\"0b7497f\" data-element_type=\"widget\" data-widget_type=\"image.default\">\n\t\t\t\t<div class=\"elementor-widget-container\">\n\t\t\t\t\t\t\t\t\t\t\t\t\t\t\t<img loading=\"lazy\" decoding=\"async\" width=\"1080\" height=\"1080\" src=\"https:\/\/joseppons.com\/formacion\/wp-content\/uploads\/2025\/09\/\u2714-Verde-pistacho-como-\u2018acento.png\" class=\"attachment-large size-large wp-image-18744\" alt=\"\" srcset=\"https:\/\/joseppons.com\/formacion\/wp-content\/uploads\/2025\/09\/\u2714-Verde-pistacho-como-\u2018acento.png 1080w, https:\/\/joseppons.com\/formacion\/wp-content\/uploads\/2025\/09\/\u2714-Verde-pistacho-como-\u2018acento-768x768.png 768w\" sizes=\"(max-width: 1080px) 100vw, 1080px\" \/>\t\t\t\t\t\t\t\t\t\t\t\t\t\t\t<\/div>\n\t\t\t\t<\/div>\n\t\t\t\t<div class=\"elementor-element elementor-element-887f29f elementor-widget elementor-widget-text-editor\" data-id=\"887f29f\" data-element_type=\"widget\" data-widget_type=\"text-editor.default\">\n\t\t\t\t<div class=\"elementor-widget-container\">\n\t\t\t\t\t\t\t\t\t<p>Este oto\u00f1o, los accesorios se convierten en aut\u00e9nticas <strong>piezas de estilo<\/strong>.<\/p><p>Ya no son un complemento m\u00e1s, sino los encargados de dar <strong>fuerza y car\u00e1cter<\/strong> a cada look.<\/p><p>Las<strong> joyas doradas simples<\/strong> son imprescindibles: anillos finos, collares delicados o pendientes peque\u00f1os que aportan luz, pero sin recargar.<\/p><p>Tambi\u00e9n ser\u00e1n TOP los <strong>toques met\u00e1licos envejecidos en cobre o lat\u00f3n<\/strong>, perfectos para cinturones, hebillas y detalles de bolsos, que dan un aire sofisticado y artesanal.<\/p><p>En cuanto a bolsos y calzado, la clave est\u00e1 en el color: <strong>el burdeos intenso y el verde oliva<\/strong> se convierten en los <strong>tonos estrella<\/strong>.<\/p><p>Los bolsos estructurados y los zapatos de l\u00edneas limpias aportan ese equilibrio entre practicidad y est\u00e9tica premium que marcar\u00e1 la temporada.<\/p><p>\u2728 <strong>La clave premium:<\/strong> un bolso burdeos estructurado o unos mocasines en verde oliva se convierten en aliados infalibles para elevar cualquier outfit oto\u00f1al.<\/p><p>\ud83d\udca1 <strong>Tip de estilo:<\/strong> combina joyas doradas minimalistas con un bolso en color intenso. Es el contraste perfecto entre la sobriedad y el acento de tendencia.<\/p>\t\t\t\t\t\t\t\t<\/div>\n\t\t\t\t<\/div>\n\t\t\t\t<div class=\"elementor-element elementor-element-4899573 elementor-widget elementor-widget-text-editor\" data-id=\"4899573\" data-element_type=\"widget\" data-widget_type=\"text-editor.default\">\n\t\t\t\t<div class=\"elementor-widget-container\">\n\t\t\t\t\t\t\t\t\t<p><em>Conoce las tendencias previstas para oto\u00f1o 2025 en la Semana de la moda de Par\u00eds<\/em> <a href=\"https:\/\/www.elle.com\/es\/moda\/tendencias\/a64159375\/semana-de-la-moda-de-paris-tendencias-proximo-otono\/\"><span style=\"color: #0000ff;\"><strong>aqu\u00ed.<\/strong><\/span><\/a><\/p>\t\t\t\t\t\t\t\t<\/div>\n\t\t\t\t<\/div>\n\t\t\t\t\t<\/div>\n\t\t\t\t<\/div>\n\t\t<div class=\"elementor-element elementor-element-f6c8a4b e-flex e-con-boxed e-con e-parent\" data-id=\"f6c8a4b\" data-element_type=\"container\">\n\t\t\t\t\t<div class=\"e-con-inner\">\n\t\t\t\t<div class=\"elementor-element elementor-element-7e3b768 elementor-widget elementor-widget-heading\" data-id=\"7e3b768\" data-element_type=\"widget\" data-widget_type=\"heading.default\">\n\t\t\t\t<div class=\"elementor-widget-container\">\n\t\t\t\t\t<h2 class=\"elementor-heading-title elementor-size-default\">Tips finales para brillar este oto\u00f1o <\/h2>\t\t\t\t<\/div>\n\t\t\t\t<\/div>\n\t\t\t\t\t<\/div>\n\t\t\t\t<\/div>\n\t\t<div class=\"elementor-element elementor-element-aa276b1 e-flex e-con-boxed e-con e-parent\" data-id=\"aa276b1\" data-element_type=\"container\">\n\t\t\t\t\t<div class=\"e-con-inner\">\n\t\t\t\t<div class=\"elementor-element elementor-element-52cf8d4 elementor-widget elementor-widget-text-editor\" data-id=\"52cf8d4\" data-element_type=\"widget\" data-widget_type=\"text-editor.default\">\n\t\t\t\t<div class=\"elementor-widget-container\">\n\t\t\t\t\t\t\t\t\t<p>M\u00e1s all\u00e1 de las tendencias, el verdadero estilo se construye con <strong>peque\u00f1os gestos inteligentes.\u00a0<\/strong><\/p><p>Este oto\u00f1o, apuesta por consejos sencillos que har\u00e1n que tu armario luzca actual y sofisticado sin perder tu esencia.<\/p><p><strong><span style=\"font-size: 1em; letter-spacing: 0px;\">Invierte en b\u00e1sicos atemporales: <\/span><\/strong><span style=\"font-size: 1em; letter-spacing: 0px;\">un abrigo de calidad, unas botas vers\u00e1tiles y un bolso estructurado son piezas que trascienden modas y acompa\u00f1an temporada tras temporada.<\/span><\/p><p><strong>A\u00f1ade color con un solo accesorio:<\/strong> un bolso en burdeos, un pa\u00f1uelo verde oliva o unos pendientes en dorado pueden transformar por completo un look neutro.<\/p><p><strong>Mezcla texturas sin miedo:<\/strong> lana, terciopelo, sat\u00e9n o cuero\u2026 jugar con contrastes es la clave para conseguir profundidad y un aire de revista.<\/p><p><strong>Insp\u00edrate, pero ad\u00e1ptalo a tu estilo:<\/strong> la moda es una gu\u00eda, pero la elegancia real nace cuando traduces las tendencias a tu propia personalidad.<\/p><p><strong>\u2728 Tip premium:<\/strong> recuerda que la moda pasa, pero el estilo permanece. La clave est\u00e1 en encontrar el equilibrio entre lo que se lleva y lo que mejor te representa.<\/p>\t\t\t\t\t\t\t\t<\/div>\n\t\t\t\t<\/div>\n\t\t\t\t\t<\/div>\n\t\t\t\t<\/div>\n\t\t<div class=\"elementor-element elementor-element-5d16d7e e-flex e-con-boxed e-con e-parent\" data-id=\"5d16d7e\" data-element_type=\"container\">\n\t\t\t\t\t<div class=\"e-con-inner\">\n\t\t\t\t<div class=\"elementor-element elementor-element-61dd3e6 elementor-widget elementor-widget-heading\" data-id=\"61dd3e6\" data-element_type=\"widget\" data-widget_type=\"heading.default\">\n\t\t\t\t<div class=\"elementor-widget-container\">\n\t\t\t\t\t<h2 class=\"elementor-heading-title elementor-size-default\">Escuela Josep Pons: formaci\u00f3n en imagen integral \ud83c\udf93\u2728<\/h2>\t\t\t\t<\/div>\n\t\t\t\t<\/div>\n\t\t\t\t<div class=\"elementor-element elementor-element-80d6566 elementor-widget elementor-widget-image\" data-id=\"80d6566\" data-element_type=\"widget\" data-widget_type=\"image.default\">\n\t\t\t\t<div class=\"elementor-widget-container\">\n\t\t\t\t\t\t\t\t\t\t\t\t\t\t\t<img loading=\"lazy\" decoding=\"async\" width=\"1208\" height=\"1630\" src=\"https:\/\/joseppons.com\/formacion\/wp-content\/uploads\/2022\/05\/grado-superior-peluqueri\u0301a.jpg\" class=\"attachment-large size-large wp-image-11253\" alt=\"\" srcset=\"https:\/\/joseppons.com\/formacion\/wp-content\/uploads\/2022\/05\/grado-superior-peluqueri\u0301a.jpg 1208w, https:\/\/joseppons.com\/formacion\/wp-content\/uploads\/2022\/05\/grado-superior-peluqueri\u0301a-768x1036.jpg 768w, https:\/\/joseppons.com\/formacion\/wp-content\/uploads\/2022\/05\/grado-superior-peluqueri\u0301a-1138x1536.jpg 1138w\" sizes=\"(max-width: 1208px) 100vw, 1208px\" \/>\t\t\t\t\t\t\t\t\t\t\t\t\t\t\t<\/div>\n\t\t\t\t<\/div>\n\t\t\t\t<div class=\"elementor-element elementor-element-601da77 elementor-widget elementor-widget-text-editor\" data-id=\"601da77\" data-element_type=\"widget\" data-widget_type=\"text-editor.default\">\n\t\t\t\t<div class=\"elementor-widget-container\">\n\t\t\t\t\t\t\t\t\t<p>En la <strong>Escuela Josep Pons<\/strong> llevamos m\u00e1s de 92 a\u00f1os formando profesionales en el mundo de la belleza y la asesor\u00eda de imagen.<\/p><p>Nuestra trayectoria nos convierte en un<strong> referente en peluquer\u00eda, est\u00e9tica, barber\u00eda y asesor\u00eda de imagen personal<\/strong> y corporativa.<\/p><p>Con nuestro Grado Superior en Asesor\u00eda de Imagen Personal y Corporativa, aprender\u00e1s todo sobre moda, imagen y comunicaci\u00f3n con organizaci\u00f3n de eventos, adquiriendo una <strong>visi\u00f3n global<\/strong> de la profesi\u00f3n.<\/p><p>Nuestra metodolog\u00eda se basa en la<strong> pr\u00e1ctica real,<\/strong> acompa\u00f1ando y guiando a cada alumno para que desarrolle su talento y creatividad con todas las herramientas necesarias para convertirse en un profesional de \u00e9xito.<\/p><p>En Josep Pons creemos que la moda cambia cada temporada, pero la formaci\u00f3n, el estilo y el aprendizaje son para siempre.<\/p><p>Conoce toda nuestra oferta formativa, visitando <span style=\"color: #0000ff;\"><a style=\"color: #0000ff;\" href=\"https:\/\/joseppons.com\/formacion\/\"><strong>nuestra web<\/strong><\/a><\/span>, por correo a info@joseppons.com o llamando al 933 21 55 00 o al 623 44 66 47.<\/p>\t\t\t\t\t\t\t\t<\/div>\n\t\t\t\t<\/div>\n\t\t\t\t\t<\/div>\n\t\t\t\t<\/div>\n\t\t<div class=\"elementor-element elementor-element-750da0b e-flex e-con-boxed e-con e-parent\" data-id=\"750da0b\" data-element_type=\"container\">\n\t\t\t\t\t<div class=\"e-con-inner\">\n\t\t\t\t\t<\/div>\n\t\t\t\t<\/div>\n\t\t\t\t<\/div>\n\t\t","protected":false},"excerpt":{"rendered":"<p>Las tendencias de moda para oto\u00f1o 2025 llegan con elegancia, texturas sofisticadas y siluetas que marcan un estilo propio. Esta temporada, la moda combina lo cl\u00e1sico con lo contempor\u00e1neo, invit\u00e1ndote a renovar tu armario con prendas vers\u00e1tiles y de alta calidad que perduren en el tiempo. A continuaci\u00f3n te contamos qu\u00e9 se llevar\u00e1 este oto\u00f1o&#8230;<\/p>\n","protected":false},"author":6,"featured_media":18679,"comment_status":"closed","ping_status":"closed","sticky":false,"template":"","format":"standard","meta":{"_joinchat":[],"footnotes":""},"categories":[6],"tags":[],"class_list":["post-18681","post","type-post","status-publish","format-standard","has-post-thumbnail","hentry","category-actualidad"],"yoast_head":"<!-- This site is optimized with the Yoast SEO plugin v26.7 - https:\/\/yoast.com\/wordpress\/plugins\/seo\/ -->\n<title>Tendencias de moda para oto\u00f1o 2025 - Josep Pons Formaci\u00f3n<\/title>\n<meta name=\"description\" content=\"Insp\u00edrate con las tendencias de moda para oto\u00f1o 2025: looks sofisticados, colores c\u00e1lidos y accesorios que transformar\u00e1n tu estilo.\" \/>\n<meta name=\"robots\" content=\"index, follow, max-snippet:-1, max-image-preview:large, max-video-preview:-1\" \/>\n<link rel=\"canonical\" href=\"https:\/\/joseppons.com\/formacion\/tendencias-de-moda-para-otono-2025\/\" \/>\n<meta property=\"og:locale\" content=\"es_ES\" \/>\n<meta property=\"og:type\" content=\"article\" \/>\n<meta property=\"og:title\" content=\"Tendencias de moda para oto\u00f1o 2025 - Josep Pons Formaci\u00f3n\" \/>\n<meta property=\"og:description\" content=\"Insp\u00edrate con las tendencias de moda para oto\u00f1o 2025: looks sofisticados, colores c\u00e1lidos y accesorios que transformar\u00e1n tu estilo.\" \/>\n<meta property=\"og:url\" content=\"https:\/\/joseppons.com\/formacion\/tendencias-de-moda-para-otono-2025\/\" \/>\n<meta property=\"og:site_name\" content=\"Josep Pons Formaci\u00f3n\" \/>\n<meta property=\"article:publisher\" content=\"https:\/\/es-es.facebook.com\/JosepPonsFormacio\/\" \/>\n<meta property=\"article:published_time\" content=\"2025-09-26T10:53:04+00:00\" \/>\n<meta property=\"article:modified_time\" content=\"2025-10-10T07:54:14+00:00\" \/>\n<meta property=\"og:image\" content=\"https:\/\/joseppons.com\/formacion\/wp-content\/uploads\/2025\/09\/tendencias-moda-otono-2025.jpg\" \/>\n\t<meta property=\"og:image:width\" content=\"500\" \/>\n\t<meta property=\"og:image:height\" content=\"334\" \/>\n\t<meta property=\"og:image:type\" content=\"image\/jpeg\" \/>\n<meta name=\"author\" content=\"Comunicaci\u00f3n\" \/>\n<meta name=\"twitter:card\" content=\"summary_large_image\" \/>\n<meta name=\"twitter:creator\" content=\"@josepponsimatge\" \/>\n<meta name=\"twitter:site\" content=\"@josepponsimatge\" \/>\n<meta name=\"twitter:label1\" content=\"Escrito por\" \/>\n\t<meta name=\"twitter:data1\" content=\"Comunicaci\u00f3n\" \/>\n\t<meta name=\"twitter:label2\" content=\"Tiempo de lectura\" \/>\n\t<meta name=\"twitter:data2\" content=\"7 minutos\" \/>\n<script type=\"application\/ld+json\" class=\"yoast-schema-graph\">{\"@context\":\"https:\/\/schema.org\",\"@graph\":[{\"@type\":\"Article\",\"@id\":\"https:\/\/joseppons.com\/formacion\/tendencias-de-moda-para-otono-2025\/#article\",\"isPartOf\":{\"@id\":\"https:\/\/joseppons.com\/formacion\/tendencias-de-moda-para-otono-2025\/\"},\"author\":{\"name\":\"Comunicaci\u00f3n\",\"@id\":\"https:\/\/joseppons.com\/formacion\/#\/schema\/person\/5bcd14ff97d0c75b868e8577fd59c2a4\"},\"headline\":\"Tendencias de moda para oto\u00f1o 2025\",\"datePublished\":\"2025-09-26T10:53:04+00:00\",\"dateModified\":\"2025-10-10T07:54:14+00:00\",\"mainEntityOfPage\":{\"@id\":\"https:\/\/joseppons.com\/formacion\/tendencias-de-moda-para-otono-2025\/\"},\"wordCount\":1277,\"publisher\":{\"@id\":\"https:\/\/joseppons.com\/formacion\/#organization\"},\"image\":{\"@id\":\"https:\/\/joseppons.com\/formacion\/tendencias-de-moda-para-otono-2025\/#primaryimage\"},\"thumbnailUrl\":\"https:\/\/joseppons.com\/formacion\/wp-content\/uploads\/2025\/09\/tendencias-moda-otono-2025.jpg\",\"articleSection\":[\"Actualidad\"],\"inLanguage\":\"es\"},{\"@type\":\"WebPage\",\"@id\":\"https:\/\/joseppons.com\/formacion\/tendencias-de-moda-para-otono-2025\/\",\"url\":\"https:\/\/joseppons.com\/formacion\/tendencias-de-moda-para-otono-2025\/\",\"name\":\"Tendencias de moda para oto\u00f1o 2025 - Josep Pons Formaci\u00f3n\",\"isPartOf\":{\"@id\":\"https:\/\/joseppons.com\/formacion\/#website\"},\"primaryImageOfPage\":{\"@id\":\"https:\/\/joseppons.com\/formacion\/tendencias-de-moda-para-otono-2025\/#primaryimage\"},\"image\":{\"@id\":\"https:\/\/joseppons.com\/formacion\/tendencias-de-moda-para-otono-2025\/#primaryimage\"},\"thumbnailUrl\":\"https:\/\/joseppons.com\/formacion\/wp-content\/uploads\/2025\/09\/tendencias-moda-otono-2025.jpg\",\"datePublished\":\"2025-09-26T10:53:04+00:00\",\"dateModified\":\"2025-10-10T07:54:14+00:00\",\"description\":\"Insp\u00edrate con las tendencias de moda para oto\u00f1o 2025: looks sofisticados, colores c\u00e1lidos y accesorios que transformar\u00e1n tu estilo.\",\"breadcrumb\":{\"@id\":\"https:\/\/joseppons.com\/formacion\/tendencias-de-moda-para-otono-2025\/#breadcrumb\"},\"inLanguage\":\"es\",\"potentialAction\":[{\"@type\":\"ReadAction\",\"target\":[\"https:\/\/joseppons.com\/formacion\/tendencias-de-moda-para-otono-2025\/\"]}]},{\"@type\":\"ImageObject\",\"inLanguage\":\"es\",\"@id\":\"https:\/\/joseppons.com\/formacion\/tendencias-de-moda-para-otono-2025\/#primaryimage\",\"url\":\"https:\/\/joseppons.com\/formacion\/wp-content\/uploads\/2025\/09\/tendencias-moda-otono-2025.jpg\",\"contentUrl\":\"https:\/\/joseppons.com\/formacion\/wp-content\/uploads\/2025\/09\/tendencias-moda-otono-2025.jpg\",\"width\":500,\"height\":334,\"caption\":\"Tendencias de moda oto\u00f1o 2025: look en tonos tierra con abrigo camel\"},{\"@type\":\"BreadcrumbList\",\"@id\":\"https:\/\/joseppons.com\/formacion\/tendencias-de-moda-para-otono-2025\/#breadcrumb\",\"itemListElement\":[{\"@type\":\"ListItem\",\"position\":1,\"name\":\"Portada\",\"item\":\"https:\/\/joseppons.com\/formacion\/\"},{\"@type\":\"ListItem\",\"position\":2,\"name\":\"Tendencias de moda para oto\u00f1o 2025\"}]},{\"@type\":\"WebSite\",\"@id\":\"https:\/\/joseppons.com\/formacion\/#website\",\"url\":\"https:\/\/joseppons.com\/formacion\/\",\"name\":\"Josep Pons Formaci\u00f3n\",\"description\":\"\",\"publisher\":{\"@id\":\"https:\/\/joseppons.com\/formacion\/#organization\"},\"potentialAction\":[{\"@type\":\"SearchAction\",\"target\":{\"@type\":\"EntryPoint\",\"urlTemplate\":\"https:\/\/joseppons.com\/formacion\/?s={search_term_string}\"},\"query-input\":{\"@type\":\"PropertyValueSpecification\",\"valueRequired\":true,\"valueName\":\"search_term_string\"}}],\"inLanguage\":\"es\"},{\"@type\":\"Organization\",\"@id\":\"https:\/\/joseppons.com\/formacion\/#organization\",\"name\":\"Josep Pons\",\"url\":\"https:\/\/joseppons.com\/formacion\/\",\"logo\":{\"@type\":\"ImageObject\",\"inLanguage\":\"es\",\"@id\":\"https:\/\/joseppons.com\/formacion\/#\/schema\/logo\/image\/\",\"url\":\"https:\/\/joseppons.com\/formacion\/wp-content\/uploads\/2018\/09\/logotipo-home-josepponsformacio-1.png\",\"contentUrl\":\"https:\/\/joseppons.com\/formacion\/wp-content\/uploads\/2018\/09\/logotipo-home-josepponsformacio-1.png\",\"width\":420,\"height\":280,\"caption\":\"Josep Pons\"},\"image\":{\"@id\":\"https:\/\/joseppons.com\/formacion\/#\/schema\/logo\/image\/\"},\"sameAs\":[\"https:\/\/es-es.facebook.com\/JosepPonsFormacio\/\",\"https:\/\/x.com\/josepponsimatge\",\"https:\/\/www.instagram.com\/ponsformacion\/\"]},{\"@type\":\"Person\",\"@id\":\"https:\/\/joseppons.com\/formacion\/#\/schema\/person\/5bcd14ff97d0c75b868e8577fd59c2a4\",\"name\":\"Comunicaci\u00f3n\"}]}<\/script>\n<!-- \/ Yoast SEO plugin. -->","yoast_head_json":{"title":"Tendencias de moda para oto\u00f1o 2025 - Josep Pons Formaci\u00f3n","description":"Insp\u00edrate con las tendencias de moda para oto\u00f1o 2025: looks sofisticados, colores c\u00e1lidos y accesorios que transformar\u00e1n tu estilo.","robots":{"index":"index","follow":"follow","max-snippet":"max-snippet:-1","max-image-preview":"max-image-preview:large","max-video-preview":"max-video-preview:-1"},"canonical":"https:\/\/joseppons.com\/formacion\/tendencias-de-moda-para-otono-2025\/","og_locale":"es_ES","og_type":"article","og_title":"Tendencias de moda para oto\u00f1o 2025 - Josep Pons Formaci\u00f3n","og_description":"Insp\u00edrate con las tendencias de moda para oto\u00f1o 2025: looks sofisticados, colores c\u00e1lidos y accesorios que transformar\u00e1n tu estilo.","og_url":"https:\/\/joseppons.com\/formacion\/tendencias-de-moda-para-otono-2025\/","og_site_name":"Josep Pons Formaci\u00f3n","article_publisher":"https:\/\/es-es.facebook.com\/JosepPonsFormacio\/","article_published_time":"2025-09-26T10:53:04+00:00","article_modified_time":"2025-10-10T07:54:14+00:00","og_image":[{"width":500,"height":334,"url":"https:\/\/joseppons.com\/formacion\/wp-content\/uploads\/2025\/09\/tendencias-moda-otono-2025.jpg","type":"image\/jpeg"}],"author":"Comunicaci\u00f3n","twitter_card":"summary_large_image","twitter_creator":"@josepponsimatge","twitter_site":"@josepponsimatge","twitter_misc":{"Escrito por":"Comunicaci\u00f3n","Tiempo de lectura":"7 minutos"},"schema":{"@context":"https:\/\/schema.org","@graph":[{"@type":"Article","@id":"https:\/\/joseppons.com\/formacion\/tendencias-de-moda-para-otono-2025\/#article","isPartOf":{"@id":"https:\/\/joseppons.com\/formacion\/tendencias-de-moda-para-otono-2025\/"},"author":{"name":"Comunicaci\u00f3n","@id":"https:\/\/joseppons.com\/formacion\/#\/schema\/person\/5bcd14ff97d0c75b868e8577fd59c2a4"},"headline":"Tendencias de moda para oto\u00f1o 2025","datePublished":"2025-09-26T10:53:04+00:00","dateModified":"2025-10-10T07:54:14+00:00","mainEntityOfPage":{"@id":"https:\/\/joseppons.com\/formacion\/tendencias-de-moda-para-otono-2025\/"},"wordCount":1277,"publisher":{"@id":"https:\/\/joseppons.com\/formacion\/#organization"},"image":{"@id":"https:\/\/joseppons.com\/formacion\/tendencias-de-moda-para-otono-2025\/#primaryimage"},"thumbnailUrl":"https:\/\/joseppons.com\/formacion\/wp-content\/uploads\/2025\/09\/tendencias-moda-otono-2025.jpg","articleSection":["Actualidad"],"inLanguage":"es"},{"@type":"WebPage","@id":"https:\/\/joseppons.com\/formacion\/tendencias-de-moda-para-otono-2025\/","url":"https:\/\/joseppons.com\/formacion\/tendencias-de-moda-para-otono-2025\/","name":"Tendencias de moda para oto\u00f1o 2025 - Josep Pons Formaci\u00f3n","isPartOf":{"@id":"https:\/\/joseppons.com\/formacion\/#website"},"primaryImageOfPage":{"@id":"https:\/\/joseppons.com\/formacion\/tendencias-de-moda-para-otono-2025\/#primaryimage"},"image":{"@id":"https:\/\/joseppons.com\/formacion\/tendencias-de-moda-para-otono-2025\/#primaryimage"},"thumbnailUrl":"https:\/\/joseppons.com\/formacion\/wp-content\/uploads\/2025\/09\/tendencias-moda-otono-2025.jpg","datePublished":"2025-09-26T10:53:04+00:00","dateModified":"2025-10-10T07:54:14+00:00","description":"Insp\u00edrate con las tendencias de moda para oto\u00f1o 2025: looks sofisticados, colores c\u00e1lidos y accesorios que transformar\u00e1n tu estilo.","breadcrumb":{"@id":"https:\/\/joseppons.com\/formacion\/tendencias-de-moda-para-otono-2025\/#breadcrumb"},"inLanguage":"es","potentialAction":[{"@type":"ReadAction","target":["https:\/\/joseppons.com\/formacion\/tendencias-de-moda-para-otono-2025\/"]}]},{"@type":"ImageObject","inLanguage":"es","@id":"https:\/\/joseppons.com\/formacion\/tendencias-de-moda-para-otono-2025\/#primaryimage","url":"https:\/\/joseppons.com\/formacion\/wp-content\/uploads\/2025\/09\/tendencias-moda-otono-2025.jpg","contentUrl":"https:\/\/joseppons.com\/formacion\/wp-content\/uploads\/2025\/09\/tendencias-moda-otono-2025.jpg","width":500,"height":334,"caption":"Tendencias de moda oto\u00f1o 2025: look en tonos tierra con abrigo camel"},{"@type":"BreadcrumbList","@id":"https:\/\/joseppons.com\/formacion\/tendencias-de-moda-para-otono-2025\/#breadcrumb","itemListElement":[{"@type":"ListItem","position":1,"name":"Portada","item":"https:\/\/joseppons.com\/formacion\/"},{"@type":"ListItem","position":2,"name":"Tendencias de moda para oto\u00f1o 2025"}]},{"@type":"WebSite","@id":"https:\/\/joseppons.com\/formacion\/#website","url":"https:\/\/joseppons.com\/formacion\/","name":"Josep Pons Formaci\u00f3n","description":"","publisher":{"@id":"https:\/\/joseppons.com\/formacion\/#organization"},"potentialAction":[{"@type":"SearchAction","target":{"@type":"EntryPoint","urlTemplate":"https:\/\/joseppons.com\/formacion\/?s={search_term_string}"},"query-input":{"@type":"PropertyValueSpecification","valueRequired":true,"valueName":"search_term_string"}}],"inLanguage":"es"},{"@type":"Organization","@id":"https:\/\/joseppons.com\/formacion\/#organization","name":"Josep Pons","url":"https:\/\/joseppons.com\/formacion\/","logo":{"@type":"ImageObject","inLanguage":"es","@id":"https:\/\/joseppons.com\/formacion\/#\/schema\/logo\/image\/","url":"https:\/\/joseppons.com\/formacion\/wp-content\/uploads\/2018\/09\/logotipo-home-josepponsformacio-1.png","contentUrl":"https:\/\/joseppons.com\/formacion\/wp-content\/uploads\/2018\/09\/logotipo-home-josepponsformacio-1.png","width":420,"height":280,"caption":"Josep Pons"},"image":{"@id":"https:\/\/joseppons.com\/formacion\/#\/schema\/logo\/image\/"},"sameAs":["https:\/\/es-es.facebook.com\/JosepPonsFormacio\/","https:\/\/x.com\/josepponsimatge","https:\/\/www.instagram.com\/ponsformacion\/"]},{"@type":"Person","@id":"https:\/\/joseppons.com\/formacion\/#\/schema\/person\/5bcd14ff97d0c75b868e8577fd59c2a4","name":"Comunicaci\u00f3n"}]}},"_links":{"self":[{"href":"https:\/\/joseppons.com\/formacion\/wp-json\/wp\/v2\/posts\/18681","targetHints":{"allow":["GET"]}}],"collection":[{"href":"https:\/\/joseppons.com\/formacion\/wp-json\/wp\/v2\/posts"}],"about":[{"href":"https:\/\/joseppons.com\/formacion\/wp-json\/wp\/v2\/types\/post"}],"author":[{"embeddable":true,"href":"https:\/\/joseppons.com\/formacion\/wp-json\/wp\/v2\/users\/6"}],"replies":[{"embeddable":true,"href":"https:\/\/joseppons.com\/formacion\/wp-json\/wp\/v2\/comments?post=18681"}],"version-history":[{"count":4,"href":"https:\/\/joseppons.com\/formacion\/wp-json\/wp\/v2\/posts\/18681\/revisions"}],"predecessor-version":[{"id":18850,"href":"https:\/\/joseppons.com\/formacion\/wp-json\/wp\/v2\/posts\/18681\/revisions\/18850"}],"wp:featuredmedia":[{"embeddable":true,"href":"https:\/\/joseppons.com\/formacion\/wp-json\/wp\/v2\/media\/18679"}],"wp:attachment":[{"href":"https:\/\/joseppons.com\/formacion\/wp-json\/wp\/v2\/media?parent=18681"}],"wp:term":[{"taxonomy":"category","embeddable":true,"href":"https:\/\/joseppons.com\/formacion\/wp-json\/wp\/v2\/categories?post=18681"},{"taxonomy":"post_tag","embeddable":true,"href":"https:\/\/joseppons.com\/formacion\/wp-json\/wp\/v2\/tags?post=18681"}],"curies":[{"name":"wp","href":"https:\/\/api.w.org\/{rel}","templated":true}]}}