{"id":1647,"date":"2019-06-12T13:55:09","date_gmt":"2019-06-12T11:55:09","guid":{"rendered":"https:\/\/joseppons.com\/formacion\/?p=1647"},"modified":"2019-06-12T14:34:52","modified_gmt":"2019-06-12T12:34:52","slug":"mejores-peinados-para-verano","status":"publish","type":"post","link":"https:\/\/joseppons.com\/formacion\/mejores-peinados-para-verano\/","title":{"rendered":"Los mejores peinados para el verano"},"content":{"rendered":"\t\t<div data-elementor-type=\"wp-post\" data-elementor-id=\"1647\" class=\"elementor elementor-1647\" data-elementor-post-type=\"post\">\n\t\t\t\t\t\t<section class=\"elementor-section elementor-top-section elementor-element elementor-element-7863739 elementor-section-boxed elementor-section-height-default elementor-section-height-default\" data-id=\"7863739\" data-element_type=\"section\">\n\t\t\t\t\t\t<div class=\"elementor-container elementor-column-gap-default\">\n\t\t\t\t\t<div class=\"elementor-column elementor-col-100 elementor-top-column elementor-element elementor-element-262bd3f\" data-id=\"262bd3f\" data-element_type=\"column\">\n\t\t\t<div class=\"elementor-widget-wrap elementor-element-populated\">\n\t\t\t\t\t\t<div class=\"elementor-element elementor-element-9125519 elementor-widget elementor-widget-text-editor\" data-id=\"9125519\" data-element_type=\"widget\" data-widget_type=\"text-editor.default\">\n\t\t\t\t<div class=\"elementor-widget-container\">\n\t\t\t\t\t\t\t\t\t<p>Con la llegada del verano y el calor, peinarse se convierte muchas veces en un aut\u00e9ntico reto. Las altas temperaturas nos hacen huir del flequillo y el pelo suelto para refugiarnos en alguna <a href=\"https:\/\/joseppons.com\/formacion\/trenza-diadema-nueva-tendencia-peinados\/\">trenza<\/a> o coleta, dos recogidos muy vers\u00e1tiles que se convierten en tendencia si los combinamos con complementos de moda como el pa\u00f1uelo o la diadema.<\/p><p>Para hacer frente a la ola de calor y pon\u00e9rtelo f\u00e1cil a la hora de lucir un <em>look<\/em> c\u00f3modo y elegante sin tener que invertir demasiado tiempo en \u00e9l, te proponemos<strong> 9 peinados f\u00e1ciles<\/strong> de hacer que ser\u00e1n tendencia este verano y que adem\u00e1s son perfectos tanto para melenas cortas como largas.<\/p><p>\u00a1Escoge el tuyo y ponte manos a la obra!<\/p>\t\t\t\t\t\t\t\t<\/div>\n\t\t\t\t<\/div>\n\t\t\t\t\t<\/div>\n\t\t<\/div>\n\t\t\t\t\t<\/div>\n\t\t<\/section>\n\t\t\t\t<section class=\"elementor-section elementor-top-section elementor-element elementor-element-bf48c6b elementor-section-boxed elementor-section-height-default elementor-section-height-default\" data-id=\"bf48c6b\" data-element_type=\"section\">\n\t\t\t\t\t\t<div class=\"elementor-container elementor-column-gap-default\">\n\t\t\t\t\t<div class=\"elementor-column elementor-col-100 elementor-top-column elementor-element elementor-element-118a494\" data-id=\"118a494\" data-element_type=\"column\">\n\t\t\t<div class=\"elementor-widget-wrap elementor-element-populated\">\n\t\t\t\t\t\t<div class=\"elementor-element elementor-element-db539a6 elementor-widget elementor-widget-heading\" data-id=\"db539a6\" data-element_type=\"widget\" data-widget_type=\"heading.default\">\n\t\t\t\t<div class=\"elementor-widget-container\">\n\t\t\t\t\t<h2 class=\"elementor-heading-title elementor-size-default\">Wet look<\/h2>\t\t\t\t<\/div>\n\t\t\t\t<\/div>\n\t\t\t\t<div class=\"elementor-element elementor-element-53f1edf elementor-widget elementor-widget-text-editor\" data-id=\"53f1edf\" data-element_type=\"widget\" data-widget_type=\"text-editor.default\">\n\t\t\t\t<div class=\"elementor-widget-container\">\n\t\t\t\t\t\t\t\t\t<p>El efecto mojado es un peinado ideal para lucir un <em>look<\/em> fresco y natural. Se trata de una propuesta que conquist\u00f3 las alfombras rojas de las citas de moda m\u00e1s importantes de nuestro pa\u00eds y que ha acabado convirti\u00e9ndose en el nuevo <em>must<\/em> del verano.<\/p><p>El <em><strong>wet hairstyle<\/strong><\/em> consiste en despejar el rostro peinando el pelo hacia atr\u00e1s creando un efecto mojado, como si acabaras de salir de la ducha. Para conseguir este<em> look<\/em>, basta con mojar (aparentemente) la parte delantera del cabello y dejar el resto de la melena seca. Un peinado absolutamente sofisticado y vers\u00e1til que podr\u00e1s hacerte en casa sin necesidad de invertir demasiado tiempo en \u00e9l, y que ser\u00e1 tu mejor aliado en cualquier <em>bad hair day<\/em>.<\/p>\t\t\t\t\t\t\t\t<\/div>\n\t\t\t\t<\/div>\n\t\t\t\t\t<\/div>\n\t\t<\/div>\n\t\t\t\t\t<\/div>\n\t\t<\/section>\n\t\t\t\t<section class=\"elementor-section elementor-top-section elementor-element elementor-element-e708236 elementor-section-boxed elementor-section-height-default elementor-section-height-default\" data-id=\"e708236\" data-element_type=\"section\">\n\t\t\t\t\t\t<div class=\"elementor-container elementor-column-gap-default\">\n\t\t\t\t\t<div class=\"elementor-column elementor-col-100 elementor-top-column elementor-element elementor-element-8ca64e0\" data-id=\"8ca64e0\" data-element_type=\"column\">\n\t\t\t<div class=\"elementor-widget-wrap elementor-element-populated\">\n\t\t\t\t\t\t<div class=\"elementor-element elementor-element-6f5d1c0 elementor-widget elementor-widget-image\" data-id=\"6f5d1c0\" data-element_type=\"widget\" data-widget_type=\"image.default\">\n\t\t\t\t<div class=\"elementor-widget-container\">\n\t\t\t\t\t\t\t\t\t\t\t\t<figure class=\"wp-caption\">\n\t\t\t\t\t\t\t\t\t\t<img fetchpriority=\"high\" decoding=\"async\" width=\"712\" height=\"900\" src=\"https:\/\/joseppons.com\/formacion\/wp-content\/uploads\/2019\/06\/WET-LOOK-VERANO.jpg\" class=\"attachment-large size-large wp-image-1650\" alt=\"Wet look\" \/>\t\t\t\t\t\t\t\t\t\t\t<figcaption class=\"widget-image-caption wp-caption-text\">Wet look<\/figcaption>\n\t\t\t\t\t\t\t\t\t\t<\/figure>\n\t\t\t\t\t\t\t\t\t<\/div>\n\t\t\t\t<\/div>\n\t\t\t\t\t<\/div>\n\t\t<\/div>\n\t\t\t\t\t<\/div>\n\t\t<\/section>\n\t\t\t\t<section class=\"elementor-section elementor-top-section elementor-element elementor-element-433f325 elementor-section-boxed elementor-section-height-default elementor-section-height-default\" data-id=\"433f325\" data-element_type=\"section\">\n\t\t\t\t\t\t<div class=\"elementor-container elementor-column-gap-default\">\n\t\t\t\t\t<div class=\"elementor-column elementor-col-100 elementor-top-column elementor-element elementor-element-c6096d2\" data-id=\"c6096d2\" data-element_type=\"column\">\n\t\t\t<div class=\"elementor-widget-wrap elementor-element-populated\">\n\t\t\t\t\t\t<div class=\"elementor-element elementor-element-5f4e68b elementor-widget elementor-widget-heading\" data-id=\"5f4e68b\" data-element_type=\"widget\" data-widget_type=\"heading.default\">\n\t\t\t\t<div class=\"elementor-widget-container\">\n\t\t\t\t\t<h2 class=\"elementor-heading-title elementor-size-default\">Half up bun<\/h2>\t\t\t\t<\/div>\n\t\t\t\t<\/div>\n\t\t\t\t<div class=\"elementor-element elementor-element-2752fcb elementor-widget elementor-widget-text-editor\" data-id=\"2752fcb\" data-element_type=\"widget\" data-widget_type=\"text-editor.default\">\n\t\t\t\t<div class=\"elementor-widget-container\">\n\t\t\t\t\t\t\t\t\t<p>Hay peinados como el<em> half-up bun<\/em>, un <strong>semi recogido con mo\u00f1o alto<\/strong>, que se convierten en tendencia cada vez que vuelve el verano. Empezaron a llevarlo celebrities como Chiara Ferragni, Sienna Miller o Kendall Jenner, y a d\u00eda de hoy se ha bautizado como el peinado favorito para los meses de calor, cuando llevar el pelo semirecogido es una de nuestras rutinas de belleza favoritas.<\/p><p>Para conseguir este<em> look<\/em> tan emblem\u00e1tico, solo tienes que agarrar las partes delanteras del pelo como si fueras a hacerte una coleta, enroscarlas en forma de mo\u00f1o y sujetarlas con una goma el\u00e1stica &#8211; que puedes camuflar con mechones de pelo -.<\/p><p>El consejo de nuestros <a href=\"https:\/\/joseppons.com\/formacion\/ciclo-formativo-grado-medio-peluqueria\/\">estilistas <\/a>es que, una vez tengas el semirecogido hecho, moldees el mo\u00f1o a tu gusto para que coja un aire m\u00e1s desenfadado.<\/p><p>Y es que la gracia de este peinado es que no tiene por qu\u00e9 ser perfecto. Su \u00e9xito radica en que es f\u00e1cil y r\u00e1pido de hacer. Y que, adem\u00e1s, es <strong>ideal para todas las medidas<\/strong> y estilos de cabello, as\u00ed que no importa si tu pelo es corto, rizado o liso \u00a1porque este semirecogido te favorecer\u00e1 seguro!<\/p>\t\t\t\t\t\t\t\t<\/div>\n\t\t\t\t<\/div>\n\t\t\t\t\t<\/div>\n\t\t<\/div>\n\t\t\t\t\t<\/div>\n\t\t<\/section>\n\t\t\t\t<section class=\"elementor-section elementor-top-section elementor-element elementor-element-19311b5 elementor-section-boxed elementor-section-height-default elementor-section-height-default\" data-id=\"19311b5\" data-element_type=\"section\">\n\t\t\t\t\t\t<div class=\"elementor-container elementor-column-gap-default\">\n\t\t\t\t\t<div class=\"elementor-column elementor-col-100 elementor-top-column elementor-element elementor-element-14e97ca\" data-id=\"14e97ca\" data-element_type=\"column\">\n\t\t\t<div class=\"elementor-widget-wrap elementor-element-populated\">\n\t\t\t\t\t\t<div class=\"elementor-element elementor-element-a6f1d35 elementor-widget elementor-widget-image\" data-id=\"a6f1d35\" data-element_type=\"widget\" data-widget_type=\"image.default\">\n\t\t\t\t<div class=\"elementor-widget-container\">\n\t\t\t\t\t\t\t\t\t\t\t\t<figure class=\"wp-caption\">\n\t\t\t\t\t\t\t\t\t\t<img decoding=\"async\" width=\"600\" height=\"900\" src=\"https:\/\/joseppons.com\/formacion\/wp-content\/uploads\/2019\/06\/HALF-UP-BUN-VERANO.jpg\" class=\"attachment-large size-large wp-image-1652\" alt=\"\" \/>\t\t\t\t\t\t\t\t\t\t\t<figcaption class=\"widget-image-caption wp-caption-text\">Half up bun<\/figcaption>\n\t\t\t\t\t\t\t\t\t\t<\/figure>\n\t\t\t\t\t\t\t\t\t<\/div>\n\t\t\t\t<\/div>\n\t\t\t\t\t<\/div>\n\t\t<\/div>\n\t\t\t\t\t<\/div>\n\t\t<\/section>\n\t\t\t\t<section class=\"elementor-section elementor-top-section elementor-element elementor-element-1429a8a elementor-section-boxed elementor-section-height-default elementor-section-height-default\" data-id=\"1429a8a\" data-element_type=\"section\">\n\t\t\t\t\t\t<div class=\"elementor-container elementor-column-gap-default\">\n\t\t\t\t\t<div class=\"elementor-column elementor-col-100 elementor-top-column elementor-element elementor-element-b83c7d3\" data-id=\"b83c7d3\" data-element_type=\"column\">\n\t\t\t<div class=\"elementor-widget-wrap elementor-element-populated\">\n\t\t\t\t\t\t<div class=\"elementor-element elementor-element-631abd9 elementor-widget elementor-widget-heading\" data-id=\"631abd9\" data-element_type=\"widget\" data-widget_type=\"heading.default\">\n\t\t\t\t<div class=\"elementor-widget-container\">\n\t\t\t\t\t<h2 class=\"elementor-heading-title elementor-size-default\">Ondas surferas<\/h2>\t\t\t\t<\/div>\n\t\t\t\t<\/div>\n\t\t\t\t<div class=\"elementor-element elementor-element-5eed105 elementor-widget elementor-widget-text-editor\" data-id=\"5eed105\" data-element_type=\"widget\" data-widget_type=\"text-editor.default\">\n\t\t\t\t<div class=\"elementor-widget-container\">\n\t\t\t\t\t\t\t\t\t<p>Los peinados con ondas ser\u00e1n una de las<a href=\"https:\/\/joseppons.com\/formacion\/tendencias-primavera-verano-2019-sacarles-partido\/\"> tendencias<\/a> favoritas de este verano. F\u00e1ciles de hacer, r\u00e1pidos, perfectamente adaptables a cualquier melena y con un efecto s\u00faper natural.<\/p><p>Las ondas surferas son un <strong>peinado c\u00f3modo y fresco<\/strong> que permite ir a la moda en pleno verano sin tener que llevar el pelo recogido. Destacan por su acabado, que recuerda al cabello secado al aire despu\u00e9s de darse un chapuz\u00f3n en el mar, y porque son tan vers\u00e1tiles que pueden llevarse tanto para ir a trabajar a la oficina como para salir de fiesta con las amigas.<\/p><p>Y lo mejor de todo es que para convertir en una realidad este peinado de ensue\u00f1o solo necesitar\u00e1s una plancha y tus manos para deshacer las ondas y darles un toque m\u00e1s personal. \u00a1J\u00fazgalo tu misma!<\/p>\t\t\t\t\t\t\t\t<\/div>\n\t\t\t\t<\/div>\n\t\t\t\t\t<\/div>\n\t\t<\/div>\n\t\t\t\t\t<\/div>\n\t\t<\/section>\n\t\t\t\t<section class=\"elementor-section elementor-top-section elementor-element elementor-element-f10d88e elementor-section-boxed elementor-section-height-default elementor-section-height-default\" data-id=\"f10d88e\" data-element_type=\"section\">\n\t\t\t\t\t\t<div class=\"elementor-container elementor-column-gap-default\">\n\t\t\t\t\t<div class=\"elementor-column elementor-col-100 elementor-top-column elementor-element elementor-element-cd17c24\" data-id=\"cd17c24\" data-element_type=\"column\">\n\t\t\t<div class=\"elementor-widget-wrap elementor-element-populated\">\n\t\t\t\t\t\t<div class=\"elementor-element elementor-element-3ece620 elementor-widget elementor-widget-video\" data-id=\"3ece620\" data-element_type=\"widget\" data-settings=\"{&quot;youtube_url&quot;:&quot;https:\\\/\\\/www.youtube.com\\\/watch?v=UhOYLiKZsNI&quot;,&quot;show_image_overlay&quot;:&quot;yes&quot;,&quot;video_type&quot;:&quot;youtube&quot;,&quot;controls&quot;:&quot;yes&quot;,&quot;image_overlay&quot;:{&quot;url&quot;:&quot;https:\\\/\\\/joseppons.com\\\/formacion\\\/wp-content\\\/plugins\\\/elementor\\\/assets\\\/images\\\/placeholder.png&quot;,&quot;id&quot;:&quot;&quot;,&quot;size&quot;:&quot;&quot;}}\" data-widget_type=\"video.default\">\n\t\t\t\t<div class=\"elementor-widget-container\">\n\t\t\t\t\t\t\t<div class=\"elementor-wrapper elementor-open-inline\">\n\t\t\t<div class=\"elementor-video\"><\/div>\t\t\t\t<div class=\"elementor-custom-embed-image-overlay\" style=\"background-image: url(https:\/\/joseppons.com\/formacion\/wp-content\/plugins\/elementor\/assets\/images\/placeholder.png);\">\n\t\t\t\t\t\t\t\t\t\t\t\t\t\t\t\t<div class=\"elementor-custom-embed-play\" role=\"button\" aria-label=\"Reproducir v\u00eddeo\" tabindex=\"0\">\n\t\t\t\t\t\t\t<i aria-hidden=\"true\" class=\"eicon-play\"><\/i>\t\t\t\t\t\t<\/div>\n\t\t\t\t\t\t\t\t\t<\/div>\n\t\t\t\t\t<\/div>\n\t\t\t\t\t\t<\/div>\n\t\t\t\t<\/div>\n\t\t\t\t\t<\/div>\n\t\t<\/div>\n\t\t\t\t\t<\/div>\n\t\t<\/section>\n\t\t\t\t<section class=\"elementor-section elementor-top-section elementor-element elementor-element-b7e8b37 elementor-section-boxed elementor-section-height-default elementor-section-height-default\" data-id=\"b7e8b37\" data-element_type=\"section\">\n\t\t\t\t\t\t<div class=\"elementor-container elementor-column-gap-default\">\n\t\t\t\t\t<div class=\"elementor-column elementor-col-100 elementor-top-column elementor-element elementor-element-32aee1f\" data-id=\"32aee1f\" data-element_type=\"column\">\n\t\t\t<div class=\"elementor-widget-wrap elementor-element-populated\">\n\t\t\t\t\t\t<div class=\"elementor-element elementor-element-00d89b9 elementor-widget elementor-widget-heading\" data-id=\"00d89b9\" data-element_type=\"widget\" data-widget_type=\"heading.default\">\n\t\t\t\t<div class=\"elementor-widget-container\">\n\t\t\t\t\t<h2 class=\"elementor-heading-title elementor-size-default\">Coleta de Ariana Grande<\/h2>\t\t\t\t<\/div>\n\t\t\t\t<\/div>\n\t\t\t\t<div class=\"elementor-element elementor-element-fde1364 elementor-widget elementor-widget-text-editor\" data-id=\"fde1364\" data-element_type=\"widget\" data-widget_type=\"text-editor.default\">\n\t\t\t\t<div class=\"elementor-widget-container\">\n\t\t\t\t\t\t\t\t\t<p>Que Ariana Grande es una fuente de inspiraci\u00f3n de belleza es innegable. La cantante se ha convertido en un aut\u00e9ntico icono de moda, un hecho que ha llevado a muchas mujeres a querer copiar el peinado tan caracter\u00edstico e identitario que luce normalmente: la coleta de caballo.<\/p><p>El secreto que esconde Ariana Grande debajo de esta kilom\u00e9trica <em>ponytail<\/em> son unas <strong>extensiones de pelo<\/strong> para ganar volumen en su melena. Sin embargo, tambi\u00e9n puedes conseguir este efecto de densidad ayud\u00e1ndote con un peine y un secador.\u00a0 Por \u00faltimo, no te olvides de usar una peque\u00f1a secci\u00f3n del cabello para ocultar la goma el\u00e1stica que sujeta la coleta.<\/p><p>Este peinado, por sencillo que parezca, nunca pasa de moda. As\u00ed que si quieres ir c\u00f3moda y a la \u00faltima este verano, \u00a1ya sabes por qu\u00e9 <em>look<\/em> optar!<\/p>\t\t\t\t\t\t\t\t<\/div>\n\t\t\t\t<\/div>\n\t\t\t\t\t<\/div>\n\t\t<\/div>\n\t\t\t\t\t<\/div>\n\t\t<\/section>\n\t\t\t\t<section class=\"elementor-section elementor-top-section elementor-element elementor-element-d48b3f8 elementor-section-boxed elementor-section-height-default elementor-section-height-default\" data-id=\"d48b3f8\" data-element_type=\"section\">\n\t\t\t\t\t\t<div class=\"elementor-container elementor-column-gap-default\">\n\t\t\t\t\t<div class=\"elementor-column elementor-col-100 elementor-top-column elementor-element elementor-element-db26fd0\" data-id=\"db26fd0\" data-element_type=\"column\">\n\t\t\t<div class=\"elementor-widget-wrap elementor-element-populated\">\n\t\t\t\t\t\t<div class=\"elementor-element elementor-element-4a847e8 elementor-widget elementor-widget-image\" data-id=\"4a847e8\" data-element_type=\"widget\" data-widget_type=\"image.default\">\n\t\t\t\t<div class=\"elementor-widget-container\">\n\t\t\t\t\t\t\t\t\t\t\t\t<figure class=\"wp-caption\">\n\t\t\t\t\t\t\t\t\t\t<img decoding=\"async\" width=\"3101\" height=\"3634\" src=\"https:\/\/joseppons.com\/formacion\/wp-content\/uploads\/2019\/06\/COLA-DE-CABALLO-VERANO.jpg\" class=\"attachment-large size-large wp-image-1654\" alt=\"\" srcset=\"https:\/\/joseppons.com\/formacion\/wp-content\/uploads\/2019\/06\/COLA-DE-CABALLO-VERANO.jpg 3101w, https:\/\/joseppons.com\/formacion\/wp-content\/uploads\/2019\/06\/COLA-DE-CABALLO-VERANO-768x900.jpg 768w\" sizes=\"(max-width: 3101px) 100vw, 3101px\" \/>\t\t\t\t\t\t\t\t\t\t\t<figcaption class=\"widget-image-caption wp-caption-text\">Coleta de Ariana Grande<\/figcaption>\n\t\t\t\t\t\t\t\t\t\t<\/figure>\n\t\t\t\t\t\t\t\t\t<\/div>\n\t\t\t\t<\/div>\n\t\t\t\t\t<\/div>\n\t\t<\/div>\n\t\t\t\t\t<\/div>\n\t\t<\/section>\n\t\t\t\t<section class=\"elementor-section elementor-top-section elementor-element elementor-element-b2c34c8 elementor-section-boxed elementor-section-height-default elementor-section-height-default\" data-id=\"b2c34c8\" data-element_type=\"section\">\n\t\t\t\t\t\t<div class=\"elementor-container elementor-column-gap-default\">\n\t\t\t\t\t<div class=\"elementor-column elementor-col-100 elementor-top-column elementor-element elementor-element-286e5f6\" data-id=\"286e5f6\" data-element_type=\"column\">\n\t\t\t<div class=\"elementor-widget-wrap elementor-element-populated\">\n\t\t\t\t\t\t<div class=\"elementor-element elementor-element-8a50962 elementor-widget elementor-widget-heading\" data-id=\"8a50962\" data-element_type=\"widget\" data-widget_type=\"heading.default\">\n\t\t\t\t<div class=\"elementor-widget-container\">\n\t\t\t\t\t<h2 class=\"elementor-heading-title elementor-size-default\">Pelo detr\u00e1s de las orejas con la raya en el medio<\/h2>\t\t\t\t<\/div>\n\t\t\t\t<\/div>\n\t\t\t\t<div class=\"elementor-element elementor-element-ee84c9a elementor-widget elementor-widget-text-editor\" data-id=\"ee84c9a\" data-element_type=\"widget\" data-widget_type=\"text-editor.default\">\n\t\t\t\t<div class=\"elementor-widget-container\">\n\t\t\t\t\t\t\t\t\t<p>A veces no hace falta recogerse el pelo para verse diferente. Existe un peinado muy f\u00e1cil y sencillo que te permitir\u00e1 <strong>renovar tu <em>look<\/em><\/strong> sin necesidad de acudir a la <a href=\"https:\/\/joseppons.com\/formacion\/ciclo-formativo-de-grado-superior-de-peluqueria\/\">peluquer\u00eda<\/a>. Prueba con peinarte el pelo liso con la raya en el medio y sujetarlo por detr\u00e1s de las orejas. \u00a1No existe combinaci\u00f3n mejor!<\/p><p>Y es que el pelo detr\u00e1s de las orejas con la raya en el medio es un peinado minimalista, s\u00faper elegante y perfecto para hacerse en casa aquellos d\u00edas en los que te apetece despejar tu rostro sin necesidad de recogerte el pelo. Adem\u00e1s, se convertir\u00e1 en tu mejor aliado para aquellas tardes de c\u00f3cteles y cenas con amigas hasta las tantas de la madrugada.<\/p><p>\u00a1Comb\u00ednalo con unos pendientes llamativos y convi\u00e9rtete en la reina de la fiesta!<\/p>\t\t\t\t\t\t\t\t<\/div>\n\t\t\t\t<\/div>\n\t\t\t\t\t<\/div>\n\t\t<\/div>\n\t\t\t\t\t<\/div>\n\t\t<\/section>\n\t\t\t\t<section class=\"elementor-section elementor-top-section elementor-element elementor-element-a2d4d5c elementor-section-boxed elementor-section-height-default elementor-section-height-default\" data-id=\"a2d4d5c\" data-element_type=\"section\">\n\t\t\t\t\t\t<div class=\"elementor-container elementor-column-gap-default\">\n\t\t\t\t\t<div class=\"elementor-column elementor-col-100 elementor-top-column elementor-element elementor-element-63f2749\" data-id=\"63f2749\" data-element_type=\"column\">\n\t\t\t<div class=\"elementor-widget-wrap elementor-element-populated\">\n\t\t\t\t\t\t<div class=\"elementor-element elementor-element-dc05ae3 elementor-widget elementor-widget-image\" data-id=\"dc05ae3\" data-element_type=\"widget\" data-widget_type=\"image.default\">\n\t\t\t\t<div class=\"elementor-widget-container\">\n\t\t\t\t\t\t\t\t\t\t\t\t<figure class=\"wp-caption\">\n\t\t\t\t\t\t\t\t\t\t<img loading=\"lazy\" decoding=\"async\" width=\"1368\" height=\"1920\" src=\"https:\/\/joseppons.com\/formacion\/wp-content\/uploads\/2019\/06\/PEINADO-PENDIENTES-VERANO.jpg\" class=\"attachment-large size-large wp-image-1656\" alt=\"\" srcset=\"https:\/\/joseppons.com\/formacion\/wp-content\/uploads\/2019\/06\/PEINADO-PENDIENTES-VERANO.jpg 1368w, https:\/\/joseppons.com\/formacion\/wp-content\/uploads\/2019\/06\/PEINADO-PENDIENTES-VERANO-768x1078.jpg 768w\" sizes=\"(max-width: 1368px) 100vw, 1368px\" \/>\t\t\t\t\t\t\t\t\t\t\t<figcaption class=\"widget-image-caption wp-caption-text\">Pelo detr\u00e1s de las orejas con la raya en el medio<\/figcaption>\n\t\t\t\t\t\t\t\t\t\t<\/figure>\n\t\t\t\t\t\t\t\t\t<\/div>\n\t\t\t\t<\/div>\n\t\t\t\t\t<\/div>\n\t\t<\/div>\n\t\t\t\t\t<\/div>\n\t\t<\/section>\n\t\t\t\t<section class=\"elementor-section elementor-top-section elementor-element elementor-element-20518f8 elementor-section-boxed elementor-section-height-default elementor-section-height-default\" data-id=\"20518f8\" data-element_type=\"section\">\n\t\t\t\t\t\t<div class=\"elementor-container elementor-column-gap-default\">\n\t\t\t\t\t<div class=\"elementor-column elementor-col-100 elementor-top-column elementor-element elementor-element-d2bd2d9\" data-id=\"d2bd2d9\" data-element_type=\"column\">\n\t\t\t<div class=\"elementor-widget-wrap elementor-element-populated\">\n\t\t\t\t\t\t<div class=\"elementor-element elementor-element-bf26609 elementor-widget elementor-widget-heading\" data-id=\"bf26609\" data-element_type=\"widget\" data-widget_type=\"heading.default\">\n\t\t\t\t<div class=\"elementor-widget-container\">\n\t\t\t\t\t<h2 class=\"elementor-heading-title elementor-size-default\">La trenza<\/h2>\t\t\t\t<\/div>\n\t\t\t\t<\/div>\n\t\t\t\t<div class=\"elementor-element elementor-element-0b0f812 elementor-widget elementor-widget-text-editor\" data-id=\"0b0f812\" data-element_type=\"widget\" data-widget_type=\"text-editor.default\">\n\t\t\t\t<div class=\"elementor-widget-container\">\n\t\t\t\t\t\t\t\t\t<p>Informales, efectivas, c\u00f3modas \u00a1y s\u00faper bonitas! As\u00ed son las trenzas, el peinado estrella de cada verano. Actualmente existen mil combinaciones posibles y todas son perfectas para esta \u00e9poca del a\u00f1o.<\/p><p>Sin embargo, despu\u00e9s de analizar todo el gran abanico de posibilidades y las \u00faltimas tendencias del sector, para este verano <strong>nuestros expertos en peluquer\u00eda<\/strong> recomiendan la trenza baja con un efecto muy relajado, la diadema trenzada y las boxer braids. \u00a13 looks ideales para combatir el calor y lucir divina!<\/p><p>\u00a0<\/p><blockquote class=\"instagram-media\" style=\"background: #FFF; border: 0; border-radius: 3px; box-shadow: 0 0 1px 0 rgba(0,0,0,0.5),0 1px 10px 0 rgba(0,0,0,0.15); margin: 1px; max-width: 540px; min-width: 326px; padding: 0; width: calc(100% - 2px);\" data-instgrm-permalink=\"https:\/\/www.instagram.com\/p\/Bsc-MIMBRuF\/\" data-instgrm-version=\"12\"><div style=\"padding: 16px;\"><p>\u00a0<\/p><div style=\"display: flex; flex-direction: row; align-items: center;\"><div style=\"background-color: #f4f4f4; border-radius: 50%; flex-grow: 0; height: 40px; margin-right: 14px; width: 40px;\">\u00a0<\/div><div style=\"display: flex; flex-direction: column; flex-grow: 1; justify-content: center;\"><div style=\"background-color: #f4f4f4; border-radius: 4px; flex-grow: 0; height: 14px; margin-bottom: 6px; width: 100px;\">\u00a0<\/div><div style=\"background-color: #f4f4f4; border-radius: 4px; flex-grow: 0; height: 14px; width: 60px;\">\u00a0<\/div><\/div><\/div><div style=\"padding: 19% 0;\">\u00a0<\/div><div style=\"display: block; height: 50px; margin: 0 auto 12px; width: 50px;\">\u00a0<\/div><div style=\"padding-top: 8px;\"><div style=\"color: #3897f0; font-family: Arial,sans-serif; font-size: 14px; font-style: normal; font-weight: 550; line-height: 18px;\">View this post on Instagram<\/div><\/div><div style=\"padding: 12.5% 0;\">\u00a0<\/div><div style=\"display: flex; flex-direction: row; margin-bottom: 14px; align-items: center;\"><div><div style=\"background-color: #f4f4f4; border-radius: 50%; height: 12.5px; width: 12.5px; transform: translateX(0px) translateY(7px);\">\u00a0<\/div><div style=\"background-color: #f4f4f4; height: 12.5px; transform: rotate(-45deg) translateX(3px) translateY(1px); width: 12.5px; flex-grow: 0; margin-right: 14px; margin-left: 2px;\">\u00a0<\/div><div style=\"background-color: #f4f4f4; border-radius: 50%; height: 12.5px; width: 12.5px; transform: translateX(9px) translateY(-18px);\">\u00a0<\/div><\/div><div style=\"margin-left: 8px;\"><div style=\"background-color: #f4f4f4; border-radius: 50%; flex-grow: 0; height: 20px; width: 20px;\">\u00a0<\/div><div style=\"width: 0; height: 0; border-top: 2px solid transparent; border-left: 6px solid #f4f4f4; border-bottom: 2px solid transparent; transform: translateX(16px) translateY(-4px) rotate(30deg);\">\u00a0<\/div><\/div><div style=\"margin-left: auto;\"><div style=\"width: 0px; border-top: 8px solid #F4F4F4; border-right: 8px solid transparent; transform: translateY(16px);\">\u00a0<\/div><div style=\"background-color: #f4f4f4; flex-grow: 0; height: 12px; width: 16px; transform: translateY(-4px);\">\u00a0<\/div><div style=\"width: 0; height: 0; border-top: 8px solid #F4F4F4; border-left: 8px solid transparent; transform: translateY(-4px) translateX(8px);\">\u00a0<\/div><\/div><\/div><div style=\"display: flex; flex-direction: column; flex-grow: 1; justify-content: center; margin-bottom: 24px;\"><div style=\"background-color: #f4f4f4; border-radius: 4px; flex-grow: 0; height: 14px; margin-bottom: 6px; width: 224px;\">\u00a0<\/div><div style=\"background-color: #f4f4f4; border-radius: 4px; flex-grow: 0; height: 14px; width: 144px;\">\u00a0<\/div><\/div><p>\u00a0<\/p><p style=\"color: #c9c8cd; font-family: Arial,sans-serif; font-size: 14px; line-height: 17px; margin-bottom: 0; margin-top: 8px; overflow: hidden; padding: 8px 0 7px; text-align: center; text-overflow: ellipsis; white-space: nowrap;\"><a style=\"color: #c9c8cd; font-family: Arial,sans-serif; font-size: 14px; font-style: normal; font-weight: normal; line-height: 17px; text-decoration: none;\" href=\"https:\/\/www.instagram.com\/p\/Bsc-MIMBRuF\/\" target=\"_blank\" rel=\"noopener\">A post shared by Josep Pons Formaci\u00f3n (@ponsformacion)<\/a> on <time style=\"font-family: Arial,sans-serif; font-size: 14px; line-height: 17px;\" datetime=\"2019-01-10T11:39:45+00:00\">Jan 10, 2019 at 3:39am PST<\/time><\/p><\/div><\/blockquote><p><script async src=\"\/\/www.instagram.com\/embed.js\"><\/script><\/p>\t\t\t\t\t\t\t\t<\/div>\n\t\t\t\t<\/div>\n\t\t\t\t\t<\/div>\n\t\t<\/div>\n\t\t\t\t\t<\/div>\n\t\t<\/section>\n\t\t\t\t<section class=\"elementor-section elementor-top-section elementor-element elementor-element-e1c3765 elementor-section-boxed elementor-section-height-default elementor-section-height-default\" data-id=\"e1c3765\" data-element_type=\"section\">\n\t\t\t\t\t\t<div class=\"elementor-container elementor-column-gap-default\">\n\t\t\t\t\t<div class=\"elementor-column elementor-col-100 elementor-top-column elementor-element elementor-element-db254ac\" data-id=\"db254ac\" data-element_type=\"column\">\n\t\t\t<div class=\"elementor-widget-wrap elementor-element-populated\">\n\t\t\t\t\t\t<div class=\"elementor-element elementor-element-6b5012a elementor-widget elementor-widget-heading\" data-id=\"6b5012a\" data-element_type=\"widget\" data-widget_type=\"heading.default\">\n\t\t\t\t<div class=\"elementor-widget-container\">\n\t\t\t\t\t<h2 class=\"elementor-heading-title elementor-size-default\">Coleta con pa\u00f1uelo<\/h2>\t\t\t\t<\/div>\n\t\t\t\t<\/div>\n\t\t\t\t<div class=\"elementor-element elementor-element-25a9bf5 elementor-widget elementor-widget-text-editor\" data-id=\"25a9bf5\" data-element_type=\"widget\" data-widget_type=\"text-editor.default\">\n\t\t\t\t<div class=\"elementor-widget-container\">\n\t\t\t\t\t\t\t\t\t<p>Lo hemos visto todo este invierno pero a\u00fan no queremos despedirnos de \u00e9l\u2026 \u00a1Este verano, el pa\u00f1uelo pasa del cuello a tu recogido!<\/p><p>Se trata de una tendencia que ha enamorado a las <em>it girls <\/em>m\u00e1s influyentes del momento, ya que este complemento es capaz de aportar<strong> originalidad y color<\/strong> a cualquier recogido que pueda parecernos un poco aburrido.<\/p><p>Y es que hay muchas maneras de llevarlo: con una coleta de caballo, un mo\u00f1o bajo, con los lazos m\u00e1s sueltos, haciendo un nudo\u2026 Adem\u00e1s, es un peinado f\u00e1cil, r\u00e1pido de hacer en casa y que te sacar\u00e1 de cualquier apuro. \u00bfTe atreves a probarlo?<\/p>\t\t\t\t\t\t\t\t<\/div>\n\t\t\t\t<\/div>\n\t\t\t\t\t<\/div>\n\t\t<\/div>\n\t\t\t\t\t<\/div>\n\t\t<\/section>\n\t\t\t\t<section class=\"elementor-section elementor-top-section elementor-element elementor-element-3498aa7 elementor-section-boxed elementor-section-height-default elementor-section-height-default\" data-id=\"3498aa7\" data-element_type=\"section\">\n\t\t\t\t\t\t<div class=\"elementor-container elementor-column-gap-default\">\n\t\t\t\t\t<div class=\"elementor-column elementor-col-100 elementor-top-column elementor-element elementor-element-289432c\" data-id=\"289432c\" data-element_type=\"column\">\n\t\t\t<div class=\"elementor-widget-wrap elementor-element-populated\">\n\t\t\t\t\t\t<div class=\"elementor-element elementor-element-e67ab7f elementor-widget elementor-widget-image\" data-id=\"e67ab7f\" data-element_type=\"widget\" data-widget_type=\"image.default\">\n\t\t\t\t<div class=\"elementor-widget-container\">\n\t\t\t\t\t\t\t\t\t\t\t\t<figure class=\"wp-caption\">\n\t\t\t\t\t\t\t\t\t\t<img loading=\"lazy\" decoding=\"async\" width=\"742\" height=\"997\" src=\"https:\/\/joseppons.com\/formacion\/wp-content\/uploads\/2019\/06\/PA\u00d1UELO-COLETA-VERANO.jpg\" class=\"attachment-large size-large wp-image-1659\" alt=\"Coleta con pa\u00f1uelo\" \/>\t\t\t\t\t\t\t\t\t\t\t<figcaption class=\"widget-image-caption wp-caption-text\">Coleta con pa\u00f1uelo<\/figcaption>\n\t\t\t\t\t\t\t\t\t\t<\/figure>\n\t\t\t\t\t\t\t\t\t<\/div>\n\t\t\t\t<\/div>\n\t\t\t\t\t<\/div>\n\t\t<\/div>\n\t\t\t\t\t<\/div>\n\t\t<\/section>\n\t\t\t\t<section class=\"elementor-section elementor-top-section elementor-element elementor-element-28ab067 elementor-section-boxed elementor-section-height-default elementor-section-height-default\" data-id=\"28ab067\" data-element_type=\"section\">\n\t\t\t\t\t\t<div class=\"elementor-container elementor-column-gap-default\">\n\t\t\t\t\t<div class=\"elementor-column elementor-col-100 elementor-top-column elementor-element elementor-element-7dce7a7\" data-id=\"7dce7a7\" data-element_type=\"column\">\n\t\t\t<div class=\"elementor-widget-wrap elementor-element-populated\">\n\t\t\t\t\t\t<div class=\"elementor-element elementor-element-eb44f58 elementor-widget elementor-widget-heading\" data-id=\"eb44f58\" data-element_type=\"widget\" data-widget_type=\"heading.default\">\n\t\t\t\t<div class=\"elementor-widget-container\">\n\t\t\t\t\t<h2 class=\"elementor-heading-title elementor-size-default\">Peinado con diadema<\/h2>\t\t\t\t<\/div>\n\t\t\t\t<\/div>\n\t\t\t\t<div class=\"elementor-element elementor-element-3d9b63c elementor-widget elementor-widget-text-editor\" data-id=\"3d9b63c\" data-element_type=\"widget\" data-widget_type=\"text-editor.default\">\n\t\t\t\t<div class=\"elementor-widget-container\">\n\t\t\t\t\t\t\t\t\t<p>Si hay un accesorio para el pelo que hemos visto desde este pasado oto\u00f1o en las melenas de todas las celebrities es la diadema. Lleva todo este \u00faltimo a\u00f1o pisando fuerte en todas sus versiones y promete seguir siendo una de las <strong>tendencias favoritas<\/strong> para este verano, sobretodo en los d\u00edas de sol y arena.<\/p><p>Este complemento para el pelo es una excelente opci\u00f3n para retirar todo el cabello de la cara y, adem\u00e1s, aporta originalidad y creatividad. \u00a1Las hay de todos los <a href=\"https:\/\/joseppons.com\/formacion\/como-saber-colores-favorecen\/\">colores<\/a>, tejidos, estampados y tama\u00f1os! Y lo mejor de todo es que se adaptan a cualquier <em>look<\/em> y ocasi\u00f3n: a un <em>outfit<\/em> de d\u00eda, de invitada e, incluso, \u00a1de novia!<\/p>\t\t\t\t\t\t\t\t<\/div>\n\t\t\t\t<\/div>\n\t\t\t\t\t<\/div>\n\t\t<\/div>\n\t\t\t\t\t<\/div>\n\t\t<\/section>\n\t\t\t\t<section class=\"elementor-section elementor-top-section elementor-element elementor-element-10ddc76 elementor-section-boxed elementor-section-height-default elementor-section-height-default\" data-id=\"10ddc76\" data-element_type=\"section\">\n\t\t\t\t\t\t<div class=\"elementor-container elementor-column-gap-default\">\n\t\t\t\t\t<div class=\"elementor-column elementor-col-100 elementor-top-column elementor-element elementor-element-7776037\" data-id=\"7776037\" data-element_type=\"column\">\n\t\t\t<div class=\"elementor-widget-wrap elementor-element-populated\">\n\t\t\t\t\t\t<div class=\"elementor-element elementor-element-0cbc00d elementor-widget elementor-widget-image\" data-id=\"0cbc00d\" data-element_type=\"widget\" data-widget_type=\"image.default\">\n\t\t\t\t<div class=\"elementor-widget-container\">\n\t\t\t\t\t\t\t\t\t\t\t\t<figure class=\"wp-caption\">\n\t\t\t\t\t\t\t\t\t\t<img loading=\"lazy\" decoding=\"async\" width=\"564\" height=\"846\" src=\"https:\/\/joseppons.com\/formacion\/wp-content\/uploads\/2019\/06\/DIADEMA-VERANO.jpg\" class=\"attachment-large size-large wp-image-1658\" alt=\"Peinado con Diadema\" \/>\t\t\t\t\t\t\t\t\t\t\t<figcaption class=\"widget-image-caption wp-caption-text\">Peinado con Diadema<\/figcaption>\n\t\t\t\t\t\t\t\t\t\t<\/figure>\n\t\t\t\t\t\t\t\t\t<\/div>\n\t\t\t\t<\/div>\n\t\t\t\t\t<\/div>\n\t\t<\/div>\n\t\t\t\t\t<\/div>\n\t\t<\/section>\n\t\t\t\t<section class=\"elementor-section elementor-top-section elementor-element elementor-element-0970821 elementor-section-boxed elementor-section-height-default elementor-section-height-default\" data-id=\"0970821\" data-element_type=\"section\">\n\t\t\t\t\t\t<div class=\"elementor-container elementor-column-gap-default\">\n\t\t\t\t\t<div class=\"elementor-column elementor-col-100 elementor-top-column elementor-element elementor-element-0d44dc7\" data-id=\"0d44dc7\" data-element_type=\"column\">\n\t\t\t<div class=\"elementor-widget-wrap elementor-element-populated\">\n\t\t\t\t\t\t<div class=\"elementor-element elementor-element-f3c511e elementor-widget elementor-widget-heading\" data-id=\"f3c511e\" data-element_type=\"widget\" data-widget_type=\"heading.default\">\n\t\t\t\t<div class=\"elementor-widget-container\">\n\t\t\t\t\t<h2 class=\"elementor-heading-title elementor-size-default\">Pasadores para el pelo<\/h2>\t\t\t\t<\/div>\n\t\t\t\t<\/div>\n\t\t\t\t<div class=\"elementor-element elementor-element-800312f elementor-widget elementor-widget-text-editor\" data-id=\"800312f\" data-element_type=\"widget\" data-widget_type=\"text-editor.default\">\n\t\t\t\t<div class=\"elementor-widget-container\">\n\t\t\t\t\t\t\t\t\t<p>\u00a1Una moda incuestionable! Los pasadores para el pelo se han convertido en el complemento favorito de esta temporada, sobretodo si juegan con elementos de pedrer\u00eda.<\/p><p>La gracia es apostar por <strong>horquillas llamativas<\/strong> para que se conviertan en las protagonistas del peinado.<\/p>\t\t\t\t\t\t\t\t<\/div>\n\t\t\t\t<\/div>\n\t\t\t\t\t<\/div>\n\t\t<\/div>\n\t\t\t\t\t<\/div>\n\t\t<\/section>\n\t\t\t\t<section class=\"elementor-section elementor-top-section elementor-element elementor-element-edaf272 elementor-section-boxed elementor-section-height-default elementor-section-height-default\" data-id=\"edaf272\" data-element_type=\"section\">\n\t\t\t\t\t\t<div class=\"elementor-container elementor-column-gap-default\">\n\t\t\t\t\t<div class=\"elementor-column elementor-col-100 elementor-top-column elementor-element elementor-element-fc9d5f1\" data-id=\"fc9d5f1\" data-element_type=\"column\">\n\t\t\t<div class=\"elementor-widget-wrap elementor-element-populated\">\n\t\t\t\t\t\t<div class=\"elementor-element elementor-element-43ea82a elementor-widget elementor-widget-image\" data-id=\"43ea82a\" data-element_type=\"widget\" data-widget_type=\"image.default\">\n\t\t\t\t<div class=\"elementor-widget-container\">\n\t\t\t\t\t\t\t\t\t\t\t\t<figure class=\"wp-caption\">\n\t\t\t\t\t\t\t\t\t\t<img loading=\"lazy\" decoding=\"async\" width=\"557\" height=\"839\" src=\"https:\/\/joseppons.com\/formacion\/wp-content\/uploads\/2019\/06\/PASADORES-PELO-VERANO.jpg\" class=\"attachment-large size-large wp-image-1663\" alt=\"Pasadores para el pelo\" \/>\t\t\t\t\t\t\t\t\t\t\t<figcaption class=\"widget-image-caption wp-caption-text\">Pasadores para el pelo<\/figcaption>\n\t\t\t\t\t\t\t\t\t\t<\/figure>\n\t\t\t\t\t\t\t\t\t<\/div>\n\t\t\t\t<\/div>\n\t\t\t\t\t<\/div>\n\t\t<\/div>\n\t\t\t\t\t<\/div>\n\t\t<\/section>\n\t\t\t\t<\/div>\n\t\t","protected":false},"excerpt":{"rendered":"<p>Con la llegada del verano y el calor, peinarse se convierte muchas veces en un aut\u00e9ntico reto. Las altas temperaturas nos hacen huir del flequillo y el pelo suelto para refugiarnos en alguna trenza o coleta, dos recogidos muy vers\u00e1tiles que se convierten en tendencia si los combinamos con complementos de moda como el pa\u00f1uelo&#8230;<\/p>\n","protected":false},"author":2,"featured_media":1685,"comment_status":"open","ping_status":"closed","sticky":false,"template":"","format":"standard","meta":{"_joinchat":[],"footnotes":""},"categories":[6,102,7,125],"tags":[149,154,153,152,151,150],"class_list":["post-1647","post","type-post","status-publish","format-standard","has-post-thumbnail","hentry","category-actualidad","category-grado-medio-y-superior-en-peluqueria","category-peluqueria","category-tendencias","tag-mejores-peinados-en-verano-2019","tag-peinados-en-verano","tag-peinados-tendencia","tag-tendencia-en-peluqueria","tag-tendencias-de-verano","tag-tendencias-en-peluqueria"],"yoast_head":"<!-- This site is optimized with the Yoast SEO plugin v26.7 - https:\/\/yoast.com\/wordpress\/plugins\/seo\/ -->\n<title>Los mejores peinados para el verano - Josep Pons Formaci\u00f3n<\/title>\n<meta name=\"description\" content=\"Hoy os desengranamos los mejores peinados para el verano, con los que podr\u00e1s lucir un look actual y con tendencia. Descubre cu\u00e1l es tu look ideal y presume\" \/>\n<meta name=\"robots\" content=\"index, follow, max-snippet:-1, max-image-preview:large, max-video-preview:-1\" \/>\n<link rel=\"canonical\" href=\"https:\/\/joseppons.com\/formacion\/mejores-peinados-para-verano\/\" \/>\n<meta property=\"og:locale\" content=\"es_ES\" \/>\n<meta property=\"og:type\" content=\"article\" \/>\n<meta property=\"og:title\" content=\"Los mejores peinados para el verano - Josep Pons Formaci\u00f3n\" \/>\n<meta property=\"og:description\" content=\"Hoy os desengranamos los mejores peinados para el verano, con los que podr\u00e1s lucir un look actual y con tendencia. Descubre cu\u00e1l es tu look ideal y presume\" \/>\n<meta property=\"og:url\" content=\"https:\/\/joseppons.com\/formacion\/mejores-peinados-para-verano\/\" \/>\n<meta property=\"og:site_name\" content=\"Josep Pons Formaci\u00f3n\" \/>\n<meta property=\"article:publisher\" content=\"https:\/\/es-es.facebook.com\/JosepPonsFormacio\/\" \/>\n<meta property=\"article:published_time\" content=\"2019-06-12T11:55:09+00:00\" \/>\n<meta property=\"article:modified_time\" content=\"2019-06-12T12:34:52+00:00\" \/>\n<meta property=\"og:image\" content=\"https:\/\/joseppons.com\/formacion\/wp-content\/uploads\/2019\/06\/Mejores-peinados-de-verano.jpg\" \/>\n\t<meta property=\"og:image:width\" content=\"940\" \/>\n\t<meta property=\"og:image:height\" content=\"476\" \/>\n\t<meta property=\"og:image:type\" content=\"image\/jpeg\" \/>\n<meta name=\"author\" content=\"joseppons\" \/>\n<meta name=\"twitter:card\" content=\"summary_large_image\" \/>\n<meta name=\"twitter:creator\" content=\"@josepponsimatge\" \/>\n<meta name=\"twitter:site\" content=\"@josepponsimatge\" \/>\n<meta name=\"twitter:label1\" content=\"Escrito por\" \/>\n\t<meta name=\"twitter:data1\" content=\"joseppons\" \/>\n\t<meta name=\"twitter:label2\" content=\"Tiempo de lectura\" \/>\n\t<meta name=\"twitter:data2\" content=\"7 minutos\" \/>\n<script type=\"application\/ld+json\" class=\"yoast-schema-graph\">{\"@context\":\"https:\/\/schema.org\",\"@graph\":[{\"@type\":\"Article\",\"@id\":\"https:\/\/joseppons.com\/formacion\/mejores-peinados-para-verano\/#article\",\"isPartOf\":{\"@id\":\"https:\/\/joseppons.com\/formacion\/mejores-peinados-para-verano\/\"},\"author\":{\"name\":\"joseppons\",\"@id\":\"https:\/\/joseppons.com\/formacion\/#\/schema\/person\/52350c76759824d67ee4b9d948063ed1\"},\"headline\":\"Los mejores peinados para el verano\",\"datePublished\":\"2019-06-12T11:55:09+00:00\",\"dateModified\":\"2019-06-12T12:34:52+00:00\",\"mainEntityOfPage\":{\"@id\":\"https:\/\/joseppons.com\/formacion\/mejores-peinados-para-verano\/\"},\"wordCount\":1345,\"commentCount\":0,\"publisher\":{\"@id\":\"https:\/\/joseppons.com\/formacion\/#organization\"},\"image\":{\"@id\":\"https:\/\/joseppons.com\/formacion\/mejores-peinados-para-verano\/#primaryimage\"},\"thumbnailUrl\":\"https:\/\/joseppons.com\/formacion\/wp-content\/uploads\/2019\/06\/Mejores-peinados-de-verano.jpg\",\"keywords\":[\"Mejores peinados en Verano 2019\",\"Peinados en verano\",\"Peinados tendencia\",\"Tendencia en peluquer\u00eda\",\"Tendencias de verano\",\"Tendencias en peluquer\u00eda\"],\"articleSection\":[\"Actualidad\",\"Grado Medio y Superior en peluqueria\",\"Peluquer\u00eda\",\"tendencias\"],\"inLanguage\":\"es\",\"potentialAction\":[{\"@type\":\"CommentAction\",\"name\":\"Comment\",\"target\":[\"https:\/\/joseppons.com\/formacion\/mejores-peinados-para-verano\/#respond\"]}]},{\"@type\":\"WebPage\",\"@id\":\"https:\/\/joseppons.com\/formacion\/mejores-peinados-para-verano\/\",\"url\":\"https:\/\/joseppons.com\/formacion\/mejores-peinados-para-verano\/\",\"name\":\"Los mejores peinados para el verano - Josep Pons Formaci\u00f3n\",\"isPartOf\":{\"@id\":\"https:\/\/joseppons.com\/formacion\/#website\"},\"primaryImageOfPage\":{\"@id\":\"https:\/\/joseppons.com\/formacion\/mejores-peinados-para-verano\/#primaryimage\"},\"image\":{\"@id\":\"https:\/\/joseppons.com\/formacion\/mejores-peinados-para-verano\/#primaryimage\"},\"thumbnailUrl\":\"https:\/\/joseppons.com\/formacion\/wp-content\/uploads\/2019\/06\/Mejores-peinados-de-verano.jpg\",\"datePublished\":\"2019-06-12T11:55:09+00:00\",\"dateModified\":\"2019-06-12T12:34:52+00:00\",\"description\":\"Hoy os desengranamos los mejores peinados para el verano, con los que podr\u00e1s lucir un look actual y con tendencia. Descubre cu\u00e1l es tu look ideal y presume\",\"breadcrumb\":{\"@id\":\"https:\/\/joseppons.com\/formacion\/mejores-peinados-para-verano\/#breadcrumb\"},\"inLanguage\":\"es\",\"potentialAction\":[{\"@type\":\"ReadAction\",\"target\":[\"https:\/\/joseppons.com\/formacion\/mejores-peinados-para-verano\/\"]}]},{\"@type\":\"ImageObject\",\"inLanguage\":\"es\",\"@id\":\"https:\/\/joseppons.com\/formacion\/mejores-peinados-para-verano\/#primaryimage\",\"url\":\"https:\/\/joseppons.com\/formacion\/wp-content\/uploads\/2019\/06\/Mejores-peinados-de-verano.jpg\",\"contentUrl\":\"https:\/\/joseppons.com\/formacion\/wp-content\/uploads\/2019\/06\/Mejores-peinados-de-verano.jpg\",\"width\":940,\"height\":476,\"caption\":\"Mejores peinados de verano\"},{\"@type\":\"BreadcrumbList\",\"@id\":\"https:\/\/joseppons.com\/formacion\/mejores-peinados-para-verano\/#breadcrumb\",\"itemListElement\":[{\"@type\":\"ListItem\",\"position\":1,\"name\":\"Portada\",\"item\":\"https:\/\/joseppons.com\/formacion\/\"},{\"@type\":\"ListItem\",\"position\":2,\"name\":\"Los mejores peinados para el verano\"}]},{\"@type\":\"WebSite\",\"@id\":\"https:\/\/joseppons.com\/formacion\/#website\",\"url\":\"https:\/\/joseppons.com\/formacion\/\",\"name\":\"Josep Pons Formaci\u00f3n\",\"description\":\"\",\"publisher\":{\"@id\":\"https:\/\/joseppons.com\/formacion\/#organization\"},\"potentialAction\":[{\"@type\":\"SearchAction\",\"target\":{\"@type\":\"EntryPoint\",\"urlTemplate\":\"https:\/\/joseppons.com\/formacion\/?s={search_term_string}\"},\"query-input\":{\"@type\":\"PropertyValueSpecification\",\"valueRequired\":true,\"valueName\":\"search_term_string\"}}],\"inLanguage\":\"es\"},{\"@type\":\"Organization\",\"@id\":\"https:\/\/joseppons.com\/formacion\/#organization\",\"name\":\"Josep Pons\",\"url\":\"https:\/\/joseppons.com\/formacion\/\",\"logo\":{\"@type\":\"ImageObject\",\"inLanguage\":\"es\",\"@id\":\"https:\/\/joseppons.com\/formacion\/#\/schema\/logo\/image\/\",\"url\":\"https:\/\/joseppons.com\/formacion\/wp-content\/uploads\/2018\/09\/logotipo-home-josepponsformacio-1.png\",\"contentUrl\":\"https:\/\/joseppons.com\/formacion\/wp-content\/uploads\/2018\/09\/logotipo-home-josepponsformacio-1.png\",\"width\":420,\"height\":280,\"caption\":\"Josep Pons\"},\"image\":{\"@id\":\"https:\/\/joseppons.com\/formacion\/#\/schema\/logo\/image\/\"},\"sameAs\":[\"https:\/\/es-es.facebook.com\/JosepPonsFormacio\/\",\"https:\/\/x.com\/josepponsimatge\",\"https:\/\/www.instagram.com\/ponsformacion\/\"]},{\"@type\":\"Person\",\"@id\":\"https:\/\/joseppons.com\/formacion\/#\/schema\/person\/52350c76759824d67ee4b9d948063ed1\",\"name\":\"joseppons\"}]}<\/script>\n<!-- \/ Yoast SEO plugin. -->","yoast_head_json":{"title":"Los mejores peinados para el verano - Josep Pons Formaci\u00f3n","description":"Hoy os desengranamos los mejores peinados para el verano, con los que podr\u00e1s lucir un look actual y con tendencia. Descubre cu\u00e1l es tu look ideal y presume","robots":{"index":"index","follow":"follow","max-snippet":"max-snippet:-1","max-image-preview":"max-image-preview:large","max-video-preview":"max-video-preview:-1"},"canonical":"https:\/\/joseppons.com\/formacion\/mejores-peinados-para-verano\/","og_locale":"es_ES","og_type":"article","og_title":"Los mejores peinados para el verano - Josep Pons Formaci\u00f3n","og_description":"Hoy os desengranamos los mejores peinados para el verano, con los que podr\u00e1s lucir un look actual y con tendencia. Descubre cu\u00e1l es tu look ideal y presume","og_url":"https:\/\/joseppons.com\/formacion\/mejores-peinados-para-verano\/","og_site_name":"Josep Pons Formaci\u00f3n","article_publisher":"https:\/\/es-es.facebook.com\/JosepPonsFormacio\/","article_published_time":"2019-06-12T11:55:09+00:00","article_modified_time":"2019-06-12T12:34:52+00:00","og_image":[{"width":940,"height":476,"url":"https:\/\/joseppons.com\/formacion\/wp-content\/uploads\/2019\/06\/Mejores-peinados-de-verano.jpg","type":"image\/jpeg"}],"author":"joseppons","twitter_card":"summary_large_image","twitter_creator":"@josepponsimatge","twitter_site":"@josepponsimatge","twitter_misc":{"Escrito por":"joseppons","Tiempo de lectura":"7 minutos"},"schema":{"@context":"https:\/\/schema.org","@graph":[{"@type":"Article","@id":"https:\/\/joseppons.com\/formacion\/mejores-peinados-para-verano\/#article","isPartOf":{"@id":"https:\/\/joseppons.com\/formacion\/mejores-peinados-para-verano\/"},"author":{"name":"joseppons","@id":"https:\/\/joseppons.com\/formacion\/#\/schema\/person\/52350c76759824d67ee4b9d948063ed1"},"headline":"Los mejores peinados para el verano","datePublished":"2019-06-12T11:55:09+00:00","dateModified":"2019-06-12T12:34:52+00:00","mainEntityOfPage":{"@id":"https:\/\/joseppons.com\/formacion\/mejores-peinados-para-verano\/"},"wordCount":1345,"commentCount":0,"publisher":{"@id":"https:\/\/joseppons.com\/formacion\/#organization"},"image":{"@id":"https:\/\/joseppons.com\/formacion\/mejores-peinados-para-verano\/#primaryimage"},"thumbnailUrl":"https:\/\/joseppons.com\/formacion\/wp-content\/uploads\/2019\/06\/Mejores-peinados-de-verano.jpg","keywords":["Mejores peinados en Verano 2019","Peinados en verano","Peinados tendencia","Tendencia en peluquer\u00eda","Tendencias de verano","Tendencias en peluquer\u00eda"],"articleSection":["Actualidad","Grado Medio y Superior en peluqueria","Peluquer\u00eda","tendencias"],"inLanguage":"es","potentialAction":[{"@type":"CommentAction","name":"Comment","target":["https:\/\/joseppons.com\/formacion\/mejores-peinados-para-verano\/#respond"]}]},{"@type":"WebPage","@id":"https:\/\/joseppons.com\/formacion\/mejores-peinados-para-verano\/","url":"https:\/\/joseppons.com\/formacion\/mejores-peinados-para-verano\/","name":"Los mejores peinados para el verano - Josep Pons Formaci\u00f3n","isPartOf":{"@id":"https:\/\/joseppons.com\/formacion\/#website"},"primaryImageOfPage":{"@id":"https:\/\/joseppons.com\/formacion\/mejores-peinados-para-verano\/#primaryimage"},"image":{"@id":"https:\/\/joseppons.com\/formacion\/mejores-peinados-para-verano\/#primaryimage"},"thumbnailUrl":"https:\/\/joseppons.com\/formacion\/wp-content\/uploads\/2019\/06\/Mejores-peinados-de-verano.jpg","datePublished":"2019-06-12T11:55:09+00:00","dateModified":"2019-06-12T12:34:52+00:00","description":"Hoy os desengranamos los mejores peinados para el verano, con los que podr\u00e1s lucir un look actual y con tendencia. Descubre cu\u00e1l es tu look ideal y presume","breadcrumb":{"@id":"https:\/\/joseppons.com\/formacion\/mejores-peinados-para-verano\/#breadcrumb"},"inLanguage":"es","potentialAction":[{"@type":"ReadAction","target":["https:\/\/joseppons.com\/formacion\/mejores-peinados-para-verano\/"]}]},{"@type":"ImageObject","inLanguage":"es","@id":"https:\/\/joseppons.com\/formacion\/mejores-peinados-para-verano\/#primaryimage","url":"https:\/\/joseppons.com\/formacion\/wp-content\/uploads\/2019\/06\/Mejores-peinados-de-verano.jpg","contentUrl":"https:\/\/joseppons.com\/formacion\/wp-content\/uploads\/2019\/06\/Mejores-peinados-de-verano.jpg","width":940,"height":476,"caption":"Mejores peinados de verano"},{"@type":"BreadcrumbList","@id":"https:\/\/joseppons.com\/formacion\/mejores-peinados-para-verano\/#breadcrumb","itemListElement":[{"@type":"ListItem","position":1,"name":"Portada","item":"https:\/\/joseppons.com\/formacion\/"},{"@type":"ListItem","position":2,"name":"Los mejores peinados para el verano"}]},{"@type":"WebSite","@id":"https:\/\/joseppons.com\/formacion\/#website","url":"https:\/\/joseppons.com\/formacion\/","name":"Josep Pons Formaci\u00f3n","description":"","publisher":{"@id":"https:\/\/joseppons.com\/formacion\/#organization"},"potentialAction":[{"@type":"SearchAction","target":{"@type":"EntryPoint","urlTemplate":"https:\/\/joseppons.com\/formacion\/?s={search_term_string}"},"query-input":{"@type":"PropertyValueSpecification","valueRequired":true,"valueName":"search_term_string"}}],"inLanguage":"es"},{"@type":"Organization","@id":"https:\/\/joseppons.com\/formacion\/#organization","name":"Josep Pons","url":"https:\/\/joseppons.com\/formacion\/","logo":{"@type":"ImageObject","inLanguage":"es","@id":"https:\/\/joseppons.com\/formacion\/#\/schema\/logo\/image\/","url":"https:\/\/joseppons.com\/formacion\/wp-content\/uploads\/2018\/09\/logotipo-home-josepponsformacio-1.png","contentUrl":"https:\/\/joseppons.com\/formacion\/wp-content\/uploads\/2018\/09\/logotipo-home-josepponsformacio-1.png","width":420,"height":280,"caption":"Josep Pons"},"image":{"@id":"https:\/\/joseppons.com\/formacion\/#\/schema\/logo\/image\/"},"sameAs":["https:\/\/es-es.facebook.com\/JosepPonsFormacio\/","https:\/\/x.com\/josepponsimatge","https:\/\/www.instagram.com\/ponsformacion\/"]},{"@type":"Person","@id":"https:\/\/joseppons.com\/formacion\/#\/schema\/person\/52350c76759824d67ee4b9d948063ed1","name":"joseppons"}]}},"_links":{"self":[{"href":"https:\/\/joseppons.com\/formacion\/wp-json\/wp\/v2\/posts\/1647","targetHints":{"allow":["GET"]}}],"collection":[{"href":"https:\/\/joseppons.com\/formacion\/wp-json\/wp\/v2\/posts"}],"about":[{"href":"https:\/\/joseppons.com\/formacion\/wp-json\/wp\/v2\/types\/post"}],"author":[{"embeddable":true,"href":"https:\/\/joseppons.com\/formacion\/wp-json\/wp\/v2\/users\/2"}],"replies":[{"embeddable":true,"href":"https:\/\/joseppons.com\/formacion\/wp-json\/wp\/v2\/comments?post=1647"}],"version-history":[{"count":0,"href":"https:\/\/joseppons.com\/formacion\/wp-json\/wp\/v2\/posts\/1647\/revisions"}],"wp:featuredmedia":[{"embeddable":true,"href":"https:\/\/joseppons.com\/formacion\/wp-json\/wp\/v2\/media\/1685"}],"wp:attachment":[{"href":"https:\/\/joseppons.com\/formacion\/wp-json\/wp\/v2\/media?parent=1647"}],"wp:term":[{"taxonomy":"category","embeddable":true,"href":"https:\/\/joseppons.com\/formacion\/wp-json\/wp\/v2\/categories?post=1647"},{"taxonomy":"post_tag","embeddable":true,"href":"https:\/\/joseppons.com\/formacion\/wp-json\/wp\/v2\/tags?post=1647"}],"curies":[{"name":"wp","href":"https:\/\/api.w.org\/{rel}","templated":true}]}}