{"id":1584,"date":"2019-05-30T13:50:50","date_gmt":"2019-05-30T11:50:50","guid":{"rendered":"https:\/\/joseppons.com\/formacion\/?p=1584"},"modified":"2019-10-18T13:00:24","modified_gmt":"2019-10-18T11:00:24","slug":"salidas-profesionales-asesoria-imagen","status":"publish","type":"post","link":"https:\/\/joseppons.com\/formacion\/salidas-profesionales-asesoria-imagen\/","title":{"rendered":"Salidas profesionales de la asesor\u00eda de imagen"},"content":{"rendered":"\t\t<div data-elementor-type=\"wp-post\" data-elementor-id=\"1584\" class=\"elementor elementor-1584\" data-elementor-post-type=\"post\">\n\t\t\t\t\t\t<section class=\"elementor-section elementor-top-section elementor-element elementor-element-8455423 elementor-section-boxed elementor-section-height-default elementor-section-height-default\" data-id=\"8455423\" data-element_type=\"section\">\n\t\t\t\t\t\t<div class=\"elementor-container elementor-column-gap-default\">\n\t\t\t\t\t<div class=\"elementor-column elementor-col-100 elementor-top-column elementor-element elementor-element-9076970\" data-id=\"9076970\" data-element_type=\"column\">\n\t\t\t<div class=\"elementor-widget-wrap elementor-element-populated\">\n\t\t\t\t\t\t<div class=\"elementor-element elementor-element-87be8f2 elementor-widget elementor-widget-text-editor\" data-id=\"87be8f2\" data-element_type=\"widget\" data-widget_type=\"text-editor.default\">\n\t\t\t\t<div class=\"elementor-widget-container\">\n\t\t\t\t\t\t\t\t\t<p>En una sociedad condicionada por la imagen y la primera impresi\u00f3n, el campo de la <a href=\"https:\/\/joseppons.com\/formacion\/ciclos-formativos-de-asesoria-de-imagen\/\">asesor\u00eda de imagen<\/a> ha sido requerido en muchos servicios. Agencias de modelos, empresas de organizaci\u00f3n de eventos, revistas de moda, productoras de televisi\u00f3n y departamentos de relaciones p\u00fablicas han tenido la necesidad de incorporar a sus equipos un especialista en imagen para convertir los tres primeros segundos de una relaci\u00f3n en una gran oportunidad.<\/p><p>El perfil del asesor de imagen es tan multidisciplinar que puede trabajar en cualquier \u00e1mbito equilibrando y mejorando la imagen que proyectan sus clientes a trav\u00e9s de la imagen externa, la comunicaci\u00f3n, el protocolo y las habilidades sociales. Y este hecho ha llevado al campo de la asesor\u00eda de imagen a evolucionar hacia nuevos horizontes hasta convertirse en un sector con diferentes <strong>salidas profesionales<\/strong>.<\/p>\t\t\t\t\t\t\t\t<\/div>\n\t\t\t\t<\/div>\n\t\t\t\t\t<\/div>\n\t\t<\/div>\n\t\t\t\t\t<\/div>\n\t\t<\/section>\n\t\t\t\t<section class=\"elementor-section elementor-top-section elementor-element elementor-element-b9e31f9 elementor-section-boxed elementor-section-height-default elementor-section-height-default\" data-id=\"b9e31f9\" data-element_type=\"section\">\n\t\t\t\t\t\t<div class=\"elementor-container elementor-column-gap-default\">\n\t\t\t\t\t<div class=\"elementor-column elementor-col-100 elementor-top-column elementor-element elementor-element-125a67e\" data-id=\"125a67e\" data-element_type=\"column\">\n\t\t\t<div class=\"elementor-widget-wrap elementor-element-populated\">\n\t\t\t\t\t\t<div class=\"elementor-element elementor-element-e0bb266 elementor-widget elementor-widget-heading\" data-id=\"e0bb266\" data-element_type=\"widget\" data-widget_type=\"heading.default\">\n\t\t\t\t<div class=\"elementor-widget-container\">\n\t\t\t\t\t<h2 class=\"elementor-heading-title elementor-size-default\">\u00bfDe qu\u00e9 puede trabajar un asesor de imagen?<\/h2>\t\t\t\t<\/div>\n\t\t\t\t<\/div>\n\t\t\t\t\t<\/div>\n\t\t<\/div>\n\t\t\t\t\t<\/div>\n\t\t<\/section>\n\t\t\t\t<section class=\"elementor-section elementor-top-section elementor-element elementor-element-72b3c12 elementor-section-boxed elementor-section-height-default elementor-section-height-default\" data-id=\"72b3c12\" data-element_type=\"section\">\n\t\t\t\t\t\t<div class=\"elementor-container elementor-column-gap-default\">\n\t\t\t\t\t<div class=\"elementor-column elementor-col-100 elementor-top-column elementor-element elementor-element-458968b\" data-id=\"458968b\" data-element_type=\"column\">\n\t\t\t<div class=\"elementor-widget-wrap elementor-element-populated\">\n\t\t\t\t\t\t<div class=\"elementor-element elementor-element-9faaef5 elementor-widget elementor-widget-text-editor\" data-id=\"9faaef5\" data-element_type=\"widget\" data-widget_type=\"text-editor.default\">\n\t\t\t\t<div class=\"elementor-widget-container\">\n\t\t\t\t\t\t\t\t\t<ul><li><h3>Asesor y estilista de moda<\/h3><\/li><\/ul><p>La profesi\u00f3n por excelencia dentro del sector de la asesor\u00eda de imagen. Gracias a todas sus herramientas, habilidades y conocimientos, el asesor de imagen es el profesional que se encarga de mejorar la imagen de sus clientes en funci\u00f3n de su <a href=\"https:\/\/joseppons.com\/formacion\/como-saber-colores-favorecen\/\">armon\u00eda,<\/a> tipolog\u00eda corporal y estilo personal. El asesor de imagen estudia todas las caracter\u00edsticas de las personas que se ponen en sus manos, y las asesora en cuanto a la manera de vestir para potenciar sus cualidades y corregir las \u00e1reas que presenten m\u00e1s imperfecciones.<\/p>\t\t\t\t\t\t\t\t<\/div>\n\t\t\t\t<\/div>\n\t\t\t\t\t<\/div>\n\t\t<\/div>\n\t\t\t\t\t<\/div>\n\t\t<\/section>\n\t\t\t\t<section class=\"elementor-section elementor-top-section elementor-element elementor-element-d924aa5 elementor-section-boxed elementor-section-height-default elementor-section-height-default\" data-id=\"d924aa5\" data-element_type=\"section\">\n\t\t\t\t\t\t<div class=\"elementor-container elementor-column-gap-default\">\n\t\t\t\t\t<div class=\"elementor-column elementor-col-100 elementor-top-column elementor-element elementor-element-afaa040\" data-id=\"afaa040\" data-element_type=\"column\">\n\t\t\t<div class=\"elementor-widget-wrap elementor-element-populated\">\n\t\t\t\t\t\t<div class=\"elementor-element elementor-element-c2ecf56 elementor-widget elementor-widget-image\" data-id=\"c2ecf56\" data-element_type=\"widget\" data-widget_type=\"image.default\">\n\t\t\t\t<div class=\"elementor-widget-container\">\n\t\t\t\t\t\t\t\t\t\t\t\t<figure class=\"wp-caption\">\n\t\t\t\t\t\t\t\t\t\t<img fetchpriority=\"high\" decoding=\"async\" width=\"1192\" height=\"816\" src=\"https:\/\/joseppons.com\/formacion\/wp-content\/uploads\/2019\/05\/ESTILISTA-DE-MODA.png\" class=\"attachment-large size-large wp-image-1609\" alt=\"Asesor y estilista de moda\" srcset=\"https:\/\/joseppons.com\/formacion\/wp-content\/uploads\/2019\/05\/ESTILISTA-DE-MODA.png 1192w, https:\/\/joseppons.com\/formacion\/wp-content\/uploads\/2019\/05\/ESTILISTA-DE-MODA-768x526.png 768w\" sizes=\"(max-width: 1192px) 100vw, 1192px\" \/>\t\t\t\t\t\t\t\t\t\t\t<figcaption class=\"widget-image-caption wp-caption-text\">Asesor y estilista de moda<\/figcaption>\n\t\t\t\t\t\t\t\t\t\t<\/figure>\n\t\t\t\t\t\t\t\t\t<\/div>\n\t\t\t\t<\/div>\n\t\t\t\t\t<\/div>\n\t\t<\/div>\n\t\t\t\t\t<\/div>\n\t\t<\/section>\n\t\t\t\t<section class=\"elementor-section elementor-top-section elementor-element elementor-element-c9c2eb2 elementor-section-boxed elementor-section-height-default elementor-section-height-default\" data-id=\"c9c2eb2\" data-element_type=\"section\">\n\t\t\t\t\t\t<div class=\"elementor-container elementor-column-gap-default\">\n\t\t\t\t\t<div class=\"elementor-column elementor-col-100 elementor-top-column elementor-element elementor-element-51b3d14\" data-id=\"51b3d14\" data-element_type=\"column\">\n\t\t\t<div class=\"elementor-widget-wrap elementor-element-populated\">\n\t\t\t\t\t\t<div class=\"elementor-element elementor-element-ef7c8c9 elementor-widget elementor-widget-text-editor\" data-id=\"ef7c8c9\" data-element_type=\"widget\" data-widget_type=\"text-editor.default\">\n\t\t\t\t<div class=\"elementor-widget-container\">\n\t\t\t\t\t\t\t\t\t<ul><li><h3>Global personal shopper<\/h3><\/li><\/ul><p>Una de las salidas profesionales m\u00e1s exitosas del asesor de imagen es la de <a href=\"https:\/\/joseppons.com\/formacion\/personal-shopper-profesion-moda\/\">personal shopper<\/a>. Su educaci\u00f3n superior en asesor\u00eda de imagen le permite captar las necesidades de sus clientes y ofrecer un servicio totalmente personalizado.<\/p><p>Este profesional ayuda a sus clientes a escoger la ropa en funci\u00f3n de sus caracter\u00edsticas faciales y corporales, y de los eventos a los que debe asistir. En muchas ocasiones, tambi\u00e9n recomienda piezas de ropa para crear un <strong>fondo de armario perfecto<\/strong> y ense\u00f1a c\u00f3mo combinarlas para sacarles el m\u00e1ximo partido.<\/p><p>Adem\u00e1s, es importante remarcar que la profesi\u00f3n de personal shopper puede ir a\u00fan m\u00e1s all\u00e1 del vestuario. Su gran conocimiento en tiendas y su excelente capacidad para captar los gustos de sus clientes le permiten asesorarlos en la compra de cualquier art\u00edculo que incida en la imagen que proyectan.<\/p>\t\t\t\t\t\t\t\t<\/div>\n\t\t\t\t<\/div>\n\t\t\t\t\t<\/div>\n\t\t<\/div>\n\t\t\t\t\t<\/div>\n\t\t<\/section>\n\t\t\t\t<section class=\"elementor-section elementor-top-section elementor-element elementor-element-62f32aa elementor-section-boxed elementor-section-height-default elementor-section-height-default\" data-id=\"62f32aa\" data-element_type=\"section\">\n\t\t\t\t\t\t<div class=\"elementor-container elementor-column-gap-default\">\n\t\t\t\t\t<div class=\"elementor-column elementor-col-100 elementor-top-column elementor-element elementor-element-26bd712\" data-id=\"26bd712\" data-element_type=\"column\">\n\t\t\t<div class=\"elementor-widget-wrap elementor-element-populated\">\n\t\t\t\t\t\t<div class=\"elementor-element elementor-element-02b75a8 elementor-widget elementor-widget-image\" data-id=\"02b75a8\" data-element_type=\"widget\" data-widget_type=\"image.default\">\n\t\t\t\t<div class=\"elementor-widget-container\">\n\t\t\t\t\t\t\t\t\t\t\t\t<figure class=\"wp-caption\">\n\t\t\t\t\t\t\t\t\t\t<img decoding=\"async\" width=\"1364\" height=\"1030\" src=\"https:\/\/joseppons.com\/formacion\/wp-content\/uploads\/2019\/05\/PERSONAL-SHOPPER-1.png\" class=\"attachment-large size-large wp-image-1620\" alt=\"Personal Shopper\" srcset=\"https:\/\/joseppons.com\/formacion\/wp-content\/uploads\/2019\/05\/PERSONAL-SHOPPER-1.png 1364w, https:\/\/joseppons.com\/formacion\/wp-content\/uploads\/2019\/05\/PERSONAL-SHOPPER-1-768x580.png 768w\" sizes=\"(max-width: 1364px) 100vw, 1364px\" \/>\t\t\t\t\t\t\t\t\t\t\t<figcaption class=\"widget-image-caption wp-caption-text\">Personal Shopper<\/figcaption>\n\t\t\t\t\t\t\t\t\t\t<\/figure>\n\t\t\t\t\t\t\t\t\t<\/div>\n\t\t\t\t<\/div>\n\t\t\t\t\t<\/div>\n\t\t<\/div>\n\t\t\t\t\t<\/div>\n\t\t<\/section>\n\t\t\t\t<section class=\"elementor-section elementor-top-section elementor-element elementor-element-c736b9f elementor-section-boxed elementor-section-height-default elementor-section-height-default\" data-id=\"c736b9f\" data-element_type=\"section\">\n\t\t\t\t\t\t<div class=\"elementor-container elementor-column-gap-default\">\n\t\t\t\t\t<div class=\"elementor-column elementor-col-100 elementor-top-column elementor-element elementor-element-3f66c8e\" data-id=\"3f66c8e\" data-element_type=\"column\">\n\t\t\t<div class=\"elementor-widget-wrap elementor-element-populated\">\n\t\t\t\t\t\t<div class=\"elementor-element elementor-element-3d99bdd elementor-widget elementor-widget-text-editor\" data-id=\"3d99bdd\" data-element_type=\"widget\" data-widget_type=\"text-editor.default\">\n\t\t\t\t<div class=\"elementor-widget-container\">\n\t\t\t\t\t\t\t\t\t<ul><li><h3>Asesor de Imagen en revistas de moda y medios de comunicaci\u00f3n<\/h3><\/li><\/ul><p>El profesional de la asesor\u00eda de imagen se ha convertido en una figura imprescindible en cualquier revista o publicaci\u00f3n de moda.<\/p><p>El asesor est\u00e1 capacitado para cazar las <a href=\"https:\/\/joseppons.com\/formacion\/tendencias-primavera-verano-2019-sacarles-partido\/\">nuevas tendencias<\/a> y analizar el vestuario de las celebrities que protagonizan las portadas de las cabeceras m\u00e1s populares del sector. Sus conocimientos y gran gusto para la ropa y los complementos le dotan con unas habilidades envidiables a la hora de proponer a los lectores los mejores <em>outfits<\/em> para cada temporada, y para desempe\u00f1ar el rol de director de arte o editor en las sesiones fotogr\u00e1ficas.<\/p><p>Sin embargo, su papel en los medios de comunicaci\u00f3n no acaba aqu\u00ed. El asesor de imagen tambi\u00e9n es una pieza clave en cualquier equipo que trabaje para una producci\u00f3n audiovisual. En un programa de televisi\u00f3n, por ejemplo, se encarga de <strong>escoger el vestuario<\/strong> que m\u00e1s favorecer\u00e1 al presentador o a los diferentes colaboradores seg\u00fan la imagen que deban transmitir.<\/p>\t\t\t\t\t\t\t\t<\/div>\n\t\t\t\t<\/div>\n\t\t\t\t\t<\/div>\n\t\t<\/div>\n\t\t\t\t\t<\/div>\n\t\t<\/section>\n\t\t\t\t<section class=\"elementor-section elementor-top-section elementor-element elementor-element-bf0385f elementor-section-boxed elementor-section-height-default elementor-section-height-default\" data-id=\"bf0385f\" data-element_type=\"section\">\n\t\t\t\t\t\t<div class=\"elementor-container elementor-column-gap-default\">\n\t\t\t\t\t<div class=\"elementor-column elementor-col-100 elementor-top-column elementor-element elementor-element-d7eb6a0\" data-id=\"d7eb6a0\" data-element_type=\"column\">\n\t\t\t<div class=\"elementor-widget-wrap elementor-element-populated\">\n\t\t\t\t\t\t<div class=\"elementor-element elementor-element-78e6102 elementor-widget elementor-widget-image\" data-id=\"78e6102\" data-element_type=\"widget\" data-widget_type=\"image.default\">\n\t\t\t\t<div class=\"elementor-widget-container\">\n\t\t\t\t\t\t\t\t\t\t\t\t<figure class=\"wp-caption\">\n\t\t\t\t\t\t\t\t\t\t<img decoding=\"async\" width=\"3150\" height=\"2100\" src=\"https:\/\/joseppons.com\/formacion\/wp-content\/uploads\/2019\/05\/REVISTAS-Y-MEDIOS.jpeg\" class=\"attachment-large size-large wp-image-1599\" alt=\"Asesor de Imagen en revistas de moda y medios de comunicaci\u00f3n\" srcset=\"https:\/\/joseppons.com\/formacion\/wp-content\/uploads\/2019\/05\/REVISTAS-Y-MEDIOS.jpeg 3150w, https:\/\/joseppons.com\/formacion\/wp-content\/uploads\/2019\/05\/REVISTAS-Y-MEDIOS-768x512.jpeg 768w\" sizes=\"(max-width: 3150px) 100vw, 3150px\" \/>\t\t\t\t\t\t\t\t\t\t\t<figcaption class=\"widget-image-caption wp-caption-text\">Asesor de Imagen en revistas de moda y medios de comunicaci\u00f3n<\/figcaption>\n\t\t\t\t\t\t\t\t\t\t<\/figure>\n\t\t\t\t\t\t\t\t\t<\/div>\n\t\t\t\t<\/div>\n\t\t\t\t\t<\/div>\n\t\t<\/div>\n\t\t\t\t\t<\/div>\n\t\t<\/section>\n\t\t\t\t<section class=\"elementor-section elementor-top-section elementor-element elementor-element-c23e56f elementor-section-boxed elementor-section-height-default elementor-section-height-default\" data-id=\"c23e56f\" data-element_type=\"section\">\n\t\t\t\t\t\t<div class=\"elementor-container elementor-column-gap-default\">\n\t\t\t\t\t<div class=\"elementor-column elementor-col-100 elementor-top-column elementor-element elementor-element-e13b607\" data-id=\"e13b607\" data-element_type=\"column\">\n\t\t\t<div class=\"elementor-widget-wrap elementor-element-populated\">\n\t\t\t\t\t\t<div class=\"elementor-element elementor-element-4c9e48d elementor-widget elementor-widget-text-editor\" data-id=\"4c9e48d\" data-element_type=\"widget\" data-widget_type=\"text-editor.default\">\n\t\t\t\t<div class=\"elementor-widget-container\">\n\t\t\t\t\t\t\t\t\t<ul><li><h3>Booker de moda, representante y asesor de imagen en agencias de modelos<\/h3><\/li><\/ul><p>Podr\u00edamos definir al<strong> booker de moda<\/strong> como un cazatalentos capaz de descubrir joyas en bruto para convertirlas en modelos. Este profesional es uno de los integrantes m\u00e1s importantes de cualquier equipo que trabaje en una agencia de modelos, ya que es la persona\u00a0 encargada de reconocer el talento, estilo y cualidades de las pr\u00f3ximas modelos que arrasar\u00e1n en el mundo de la moda.<\/p><p>Todos sus conocimientos en asesor\u00eda de imagen le permiten sugerir el estilo de vestir, el <em>outfit<\/em> y el maquillaje que deber\u00e1n lucir en los diferentes castings a los que se presenten. En algunas ocasiones, incluso, si el asesor tiene conocimientos en <a href=\"https:\/\/joseppons.com\/formacion\/grado-medio-de-estetica-y-belleza\/\">est\u00e9tica y peluquer\u00eda<\/a>, tambi\u00e9n puede encargarse de maquillarlas y peinarlas.<\/p>\t\t\t\t\t\t\t\t<\/div>\n\t\t\t\t<\/div>\n\t\t\t\t\t<\/div>\n\t\t<\/div>\n\t\t\t\t\t<\/div>\n\t\t<\/section>\n\t\t\t\t<section class=\"elementor-section elementor-top-section elementor-element elementor-element-1ca1937 elementor-section-boxed elementor-section-height-default elementor-section-height-default\" data-id=\"1ca1937\" data-element_type=\"section\">\n\t\t\t\t\t\t<div class=\"elementor-container elementor-column-gap-default\">\n\t\t\t\t\t<div class=\"elementor-column elementor-col-100 elementor-top-column elementor-element elementor-element-9f43f45\" data-id=\"9f43f45\" data-element_type=\"column\">\n\t\t\t<div class=\"elementor-widget-wrap elementor-element-populated\">\n\t\t\t\t\t\t<div class=\"elementor-element elementor-element-f2621de elementor-widget elementor-widget-image\" data-id=\"f2621de\" data-element_type=\"widget\" data-widget_type=\"image.default\">\n\t\t\t\t<div class=\"elementor-widget-container\">\n\t\t\t\t\t\t\t\t\t\t\t\t<figure class=\"wp-caption\">\n\t\t\t\t\t\t\t\t\t\t<img loading=\"lazy\" decoding=\"async\" width=\"800\" height=\"534\" src=\"https:\/\/joseppons.com\/formacion\/wp-content\/uploads\/2019\/05\/MODELOS.jpeg\" class=\"attachment-large size-large wp-image-1595\" alt=\"\" srcset=\"https:\/\/joseppons.com\/formacion\/wp-content\/uploads\/2019\/05\/MODELOS.jpeg 800w, https:\/\/joseppons.com\/formacion\/wp-content\/uploads\/2019\/05\/MODELOS-768x513.jpeg 768w\" sizes=\"(max-width: 800px) 100vw, 800px\" \/>\t\t\t\t\t\t\t\t\t\t\t<figcaption class=\"widget-image-caption wp-caption-text\">Booker de moda, representante y asesor de imagen en agencias de modelos<\/figcaption>\n\t\t\t\t\t\t\t\t\t\t<\/figure>\n\t\t\t\t\t\t\t\t\t<\/div>\n\t\t\t\t<\/div>\n\t\t\t\t\t<\/div>\n\t\t<\/div>\n\t\t\t\t\t<\/div>\n\t\t<\/section>\n\t\t\t\t<section class=\"elementor-section elementor-top-section elementor-element elementor-element-2d2b0f2 elementor-section-boxed elementor-section-height-default elementor-section-height-default\" data-id=\"2d2b0f2\" data-element_type=\"section\">\n\t\t\t\t\t\t<div class=\"elementor-container elementor-column-gap-default\">\n\t\t\t\t\t<div class=\"elementor-column elementor-col-100 elementor-top-column elementor-element elementor-element-e5bdc47\" data-id=\"e5bdc47\" data-element_type=\"column\">\n\t\t\t<div class=\"elementor-widget-wrap elementor-element-populated\">\n\t\t\t\t\t\t<div class=\"elementor-element elementor-element-cdcf820 elementor-widget elementor-widget-text-editor\" data-id=\"cdcf820\" data-element_type=\"widget\" data-widget_type=\"text-editor.default\">\n\t\t\t\t<div class=\"elementor-widget-container\">\n\t\t\t\t\t\t\t\t\t<ul><li><h3>Organizador de eventos y wedding planner<\/h3><\/li><\/ul><p>Durante el <strong>grado superior de asesor\u00eda de imagen personal y corporativa<\/strong>, los futuros profesionales de este sector analizan todas las \u00e1reas que pueden llegar a influir en la imagen que proyecta cualquier entidad, empresa o instituci\u00f3n. Y dentro de estos contenidos que se imparten durante los dos a\u00f1os lectivos, destaca la <a href=\"https:\/\/joseppons.com\/formacion\/asesor-de-imagen-organizacion-eventos\/\">organizaci\u00f3n de eventos<\/a>.<\/p><p>Actualmente, un <em>planner<\/em> es muy necesario a la hora de dise\u00f1ar, planificar, producir y comunicar un evento, pero para asegurar que la imagen que transmite encaja con la que quiere proyectar la empresa o la organizaci\u00f3n, es muy importante que tenga conocimientos en asesor\u00eda de imagen corporativa.<\/p><p>Es por eso que una de las salidas profesionales del asesor de imagen es la organizaci\u00f3n de eventos &#8211; donde tambi\u00e9n entra en juego la figura del\u00a0<em><a href=\"https:\/\/joseppons.com\/formacion\/protocolo-vestuario-invitadas-boda\/\">wedding planner<\/a>\u00a0&#8211;<\/em>, ya que no solo est\u00e1 preparado para hacer realidad una idea con un presupuesto cerrado o para gestionar una largu\u00edsima lista de invitados, tambi\u00e9n es capaz de plasmar la misi\u00f3n, la visi\u00f3n y los valores de una empresa creando una cita que nadie querr\u00e1 perderse.<\/p>\t\t\t\t\t\t\t\t<\/div>\n\t\t\t\t<\/div>\n\t\t\t\t\t<\/div>\n\t\t<\/div>\n\t\t\t\t\t<\/div>\n\t\t<\/section>\n\t\t\t\t<section class=\"elementor-section elementor-top-section elementor-element elementor-element-6eb53d5 elementor-section-boxed elementor-section-height-default elementor-section-height-default\" data-id=\"6eb53d5\" data-element_type=\"section\">\n\t\t\t\t\t\t<div class=\"elementor-container elementor-column-gap-default\">\n\t\t\t\t\t<div class=\"elementor-column elementor-col-100 elementor-top-column elementor-element elementor-element-7776bd1\" data-id=\"7776bd1\" data-element_type=\"column\">\n\t\t\t<div class=\"elementor-widget-wrap elementor-element-populated\">\n\t\t\t\t\t\t<div class=\"elementor-element elementor-element-9f73ef0 elementor-widget elementor-widget-image\" data-id=\"9f73ef0\" data-element_type=\"widget\" data-widget_type=\"image.default\">\n\t\t\t\t<div class=\"elementor-widget-container\">\n\t\t\t\t\t\t\t\t\t\t\t\t<figure class=\"wp-caption\">\n\t\t\t\t\t\t\t\t\t\t<img loading=\"lazy\" decoding=\"async\" width=\"2851\" height=\"1900\" src=\"https:\/\/joseppons.com\/formacion\/wp-content\/uploads\/2019\/05\/ORGANIZADOR-DE-EVENTOS.jpeg\" class=\"attachment-large size-large wp-image-1596\" alt=\"\" srcset=\"https:\/\/joseppons.com\/formacion\/wp-content\/uploads\/2019\/05\/ORGANIZADOR-DE-EVENTOS.jpeg 2851w, https:\/\/joseppons.com\/formacion\/wp-content\/uploads\/2019\/05\/ORGANIZADOR-DE-EVENTOS-768x512.jpeg 768w\" sizes=\"(max-width: 2851px) 100vw, 2851px\" \/>\t\t\t\t\t\t\t\t\t\t\t<figcaption class=\"widget-image-caption wp-caption-text\">Organizador de eventos y wedding planner<\/figcaption>\n\t\t\t\t\t\t\t\t\t\t<\/figure>\n\t\t\t\t\t\t\t\t\t<\/div>\n\t\t\t\t<\/div>\n\t\t\t\t\t<\/div>\n\t\t<\/div>\n\t\t\t\t\t<\/div>\n\t\t<\/section>\n\t\t\t\t<section class=\"elementor-section elementor-top-section elementor-element elementor-element-a6e4cc4 elementor-section-boxed elementor-section-height-default elementor-section-height-default\" data-id=\"a6e4cc4\" data-element_type=\"section\">\n\t\t\t\t\t\t<div class=\"elementor-container elementor-column-gap-default\">\n\t\t\t\t\t<div class=\"elementor-column elementor-col-100 elementor-top-column elementor-element elementor-element-8caac01\" data-id=\"8caac01\" data-element_type=\"column\">\n\t\t\t<div class=\"elementor-widget-wrap elementor-element-populated\">\n\t\t\t\t\t\t<div class=\"elementor-element elementor-element-816d435 elementor-widget elementor-widget-text-editor\" data-id=\"816d435\" data-element_type=\"widget\" data-widget_type=\"text-editor.default\">\n\t\t\t\t<div class=\"elementor-widget-container\">\n\t\t\t\t\t\t\t\t\t<ul><li><h3>Asesor de protocolo, etiqueta y usos sociales<\/h3><\/li><\/ul><p>La profesi\u00f3n de <strong>asesor de protocolo<\/strong> va muy ligada a la del <em>planner<\/em>, ya que se trata de una figura muy importante para la creaci\u00f3n de cualquier evento. Desde el dise\u00f1o de las invitaciones hasta la colocaci\u00f3n de los invitados en las mesas siguiendo el orden de precedencias, este profesional se encarga de asesorar al personal en temas de ceremonial y protocolo, de supervisar la correcta aplicaci\u00f3n de las normas y de coordinar las acciones correspondientes de cada una de las \u00e1reas involucradas en la actividad protocolaria.<\/p><p>Un asesor de protocolo, etiqueta y usos sociales, como bien dice su nombre, tambi\u00e9n puede aconsejar sobre temas de vestuario y buenos modales en cualquier \u00e1mbito siempre y cuando conozca sus peculiaridades y modos de funcionamiento.<\/p><p>Esta figura, por ejemplo, la encontramos en cualquier equipo de gobierno, comunidad aut\u00f3noma, corporaci\u00f3n o empresa.<\/p>\t\t\t\t\t\t\t\t<\/div>\n\t\t\t\t<\/div>\n\t\t\t\t\t<\/div>\n\t\t<\/div>\n\t\t\t\t\t<\/div>\n\t\t<\/section>\n\t\t\t\t<section class=\"elementor-section elementor-top-section elementor-element elementor-element-ceaf5f6 elementor-section-boxed elementor-section-height-default elementor-section-height-default\" data-id=\"ceaf5f6\" data-element_type=\"section\">\n\t\t\t\t\t\t<div class=\"elementor-container elementor-column-gap-default\">\n\t\t\t\t\t<div class=\"elementor-column elementor-col-100 elementor-top-column elementor-element elementor-element-fd2cdfb\" data-id=\"fd2cdfb\" data-element_type=\"column\">\n\t\t\t<div class=\"elementor-widget-wrap elementor-element-populated\">\n\t\t\t\t\t\t<div class=\"elementor-element elementor-element-63e084a elementor-widget elementor-widget-image\" data-id=\"63e084a\" data-element_type=\"widget\" data-widget_type=\"image.default\">\n\t\t\t\t<div class=\"elementor-widget-container\">\n\t\t\t\t\t\t\t\t\t\t\t\t<figure class=\"wp-caption\">\n\t\t\t\t\t\t\t\t\t\t<img loading=\"lazy\" decoding=\"async\" width=\"3150\" height=\"2100\" src=\"https:\/\/joseppons.com\/formacion\/wp-content\/uploads\/2019\/05\/PROTOCOLO.jpeg\" class=\"attachment-large size-large wp-image-1597\" alt=\"\" srcset=\"https:\/\/joseppons.com\/formacion\/wp-content\/uploads\/2019\/05\/PROTOCOLO.jpeg 3150w, https:\/\/joseppons.com\/formacion\/wp-content\/uploads\/2019\/05\/PROTOCOLO-768x512.jpeg 768w\" sizes=\"(max-width: 3150px) 100vw, 3150px\" \/>\t\t\t\t\t\t\t\t\t\t\t<figcaption class=\"widget-image-caption wp-caption-text\">Asesor de protocolo, etiqueta y usos sociales<\/figcaption>\n\t\t\t\t\t\t\t\t\t\t<\/figure>\n\t\t\t\t\t\t\t\t\t<\/div>\n\t\t\t\t<\/div>\n\t\t\t\t\t<\/div>\n\t\t<\/div>\n\t\t\t\t\t<\/div>\n\t\t<\/section>\n\t\t\t\t<section class=\"elementor-section elementor-top-section elementor-element elementor-element-cb33064 elementor-section-boxed elementor-section-height-default elementor-section-height-default\" data-id=\"cb33064\" data-element_type=\"section\">\n\t\t\t\t\t\t<div class=\"elementor-container elementor-column-gap-default\">\n\t\t\t\t\t<div class=\"elementor-column elementor-col-100 elementor-top-column elementor-element elementor-element-91fcfe7\" data-id=\"91fcfe7\" data-element_type=\"column\">\n\t\t\t<div class=\"elementor-widget-wrap elementor-element-populated\">\n\t\t\t\t\t\t<div class=\"elementor-element elementor-element-9250925 elementor-widget elementor-widget-text-editor\" data-id=\"9250925\" data-element_type=\"widget\" data-widget_type=\"text-editor.default\">\n\t\t\t\t<div class=\"elementor-widget-container\">\n\t\t\t\t\t\t\t\t\t<ul><li><h3>Asesor de imagen para empresas e instituciones<\/h3><\/li><\/ul><p>Un asesor de imagen para empresas e instituciones se encarga de consultar la<strong> imagen personal y corporativa<\/strong> de una empresa, de crear un manual de imagen corporativa y de marcar el<em> dresscode<\/em> de sus trabajadores.<\/p><p>Y es que, a d\u00eda de hoy, la imagen con la que percibe el p\u00fablico una empresa, muchas veces, es m\u00e1s importante que el servicio que ofrece. Es por eso que la mayor\u00eda de organizaciones incorporan a sus equipos expertos en <a href=\"https:\/\/joseppons.com\/formacion\/ciclos-formativos-de-asesoria-de-imagen\/\">comunicaci\u00f3n y asesor\u00eda<\/a> de imagen corporativa, ya que son su mejor apuesta para transmitir a su <em>target<\/em> una imagen impecable, garantizando as\u00ed una primera impresi\u00f3n excepcional, duradera y eficaz.<\/p>\t\t\t\t\t\t\t\t<\/div>\n\t\t\t\t<\/div>\n\t\t\t\t\t<\/div>\n\t\t<\/div>\n\t\t\t\t\t<\/div>\n\t\t<\/section>\n\t\t\t\t<section class=\"elementor-section elementor-top-section elementor-element elementor-element-342c87f elementor-section-boxed elementor-section-height-default elementor-section-height-default\" data-id=\"342c87f\" data-element_type=\"section\">\n\t\t\t\t\t\t<div class=\"elementor-container elementor-column-gap-default\">\n\t\t\t\t\t<div class=\"elementor-column elementor-col-100 elementor-top-column elementor-element elementor-element-09be164\" data-id=\"09be164\" data-element_type=\"column\">\n\t\t\t<div class=\"elementor-widget-wrap elementor-element-populated\">\n\t\t\t\t\t\t<div class=\"elementor-element elementor-element-bea0390 elementor-widget elementor-widget-image\" data-id=\"bea0390\" data-element_type=\"widget\" data-widget_type=\"image.default\">\n\t\t\t\t<div class=\"elementor-widget-container\">\n\t\t\t\t\t\t\t\t\t\t\t\t<figure class=\"wp-caption\">\n\t\t\t\t\t\t\t\t\t\t<img loading=\"lazy\" decoding=\"async\" width=\"800\" height=\"565\" src=\"https:\/\/joseppons.com\/formacion\/wp-content\/uploads\/2019\/05\/CONSULTOR-IMAGEN-CORPORATIVA.jpg\" class=\"attachment-large size-large wp-image-1598\" alt=\"Asesor de imagen para empresas e instituciones\" srcset=\"https:\/\/joseppons.com\/formacion\/wp-content\/uploads\/2019\/05\/CONSULTOR-IMAGEN-CORPORATIVA.jpg 800w, https:\/\/joseppons.com\/formacion\/wp-content\/uploads\/2019\/05\/CONSULTOR-IMAGEN-CORPORATIVA-768x542.jpg 768w\" sizes=\"(max-width: 800px) 100vw, 800px\" \/>\t\t\t\t\t\t\t\t\t\t\t<figcaption class=\"widget-image-caption wp-caption-text\">Asesor de imagen para empresas e instituciones<\/figcaption>\n\t\t\t\t\t\t\t\t\t\t<\/figure>\n\t\t\t\t\t\t\t\t\t<\/div>\n\t\t\t\t<\/div>\n\t\t\t\t\t<\/div>\n\t\t<\/div>\n\t\t\t\t\t<\/div>\n\t\t<\/section>\n\t\t\t\t<section class=\"elementor-section elementor-top-section elementor-element elementor-element-68ca469 elementor-section-boxed elementor-section-height-default elementor-section-height-default\" data-id=\"68ca469\" data-element_type=\"section\">\n\t\t\t\t\t\t<div class=\"elementor-container elementor-column-gap-default\">\n\t\t\t\t\t<div class=\"elementor-column elementor-col-100 elementor-top-column elementor-element elementor-element-36ed9a0\" data-id=\"36ed9a0\" data-element_type=\"column\">\n\t\t\t<div class=\"elementor-widget-wrap elementor-element-populated\">\n\t\t\t\t\t\t<div class=\"elementor-element elementor-element-2a11aee elementor-widget elementor-widget-text-editor\" data-id=\"2a11aee\" data-element_type=\"widget\" data-widget_type=\"text-editor.default\">\n\t\t\t\t<div class=\"elementor-widget-container\">\n\t\t\t\t\t\t\t\t\t<ul><li><h3>Director t\u00e9cnico art\u00edstico en producciones audiovisuales, esc\u00e9nicas y de moda<\/h3><\/li><\/ul><p>Detr\u00e1s del vestuario que da vida a los protagonistas de una pel\u00edcula, una serie de televisi\u00f3n o un videoclip, por ejemplo, est\u00e1 el trabajo de un asesor de imagen, que se encarga de escoger y cuidar hasta el m\u00e1s m\u00ednimo detalle todas las piezas de ropa que confeccionan la caracterizaci\u00f3n de cada personaje.<\/p><p>El vestuario y la caracterizaci\u00f3n de los personajes se utilizan como una herramienta que ayuda a contar la trama de una historia. Pues la ropa, los complementos, el maquillaje y la peluquer\u00eda env\u00edan informaci\u00f3n al espectador antes de que el actor empiece su di\u00e1logo, y ayudan a reafirmar el personaje que est\u00e1 interpretando.<\/p>\t\t\t\t\t\t\t\t<\/div>\n\t\t\t\t<\/div>\n\t\t\t\t\t<\/div>\n\t\t<\/div>\n\t\t\t\t\t<\/div>\n\t\t<\/section>\n\t\t\t\t<section class=\"elementor-section elementor-top-section elementor-element elementor-element-21eda30 elementor-section-boxed elementor-section-height-default elementor-section-height-default\" data-id=\"21eda30\" data-element_type=\"section\">\n\t\t\t\t\t\t<div class=\"elementor-container elementor-column-gap-default\">\n\t\t\t\t\t<div class=\"elementor-column elementor-col-100 elementor-top-column elementor-element elementor-element-8feb039\" data-id=\"8feb039\" data-element_type=\"column\">\n\t\t\t<div class=\"elementor-widget-wrap elementor-element-populated\">\n\t\t\t\t\t\t<div class=\"elementor-element elementor-element-6a02338 elementor-widget elementor-widget-image\" data-id=\"6a02338\" data-element_type=\"widget\" data-widget_type=\"image.default\">\n\t\t\t\t<div class=\"elementor-widget-container\">\n\t\t\t\t\t\t\t\t\t\t\t\t<figure class=\"wp-caption\">\n\t\t\t\t\t\t\t\t\t\t<img loading=\"lazy\" decoding=\"async\" width=\"2850\" height=\"1900\" src=\"https:\/\/joseppons.com\/formacion\/wp-content\/uploads\/2019\/05\/PRODUCCIONES-TV.jpeg\" class=\"attachment-large size-large wp-image-1593\" alt=\"Director t\u00e9cnico art\u00edstico en producciones audiovisuales, esc\u00e9nicas y de moda\" srcset=\"https:\/\/joseppons.com\/formacion\/wp-content\/uploads\/2019\/05\/PRODUCCIONES-TV.jpeg 2850w, https:\/\/joseppons.com\/formacion\/wp-content\/uploads\/2019\/05\/PRODUCCIONES-TV-768x512.jpeg 768w\" sizes=\"(max-width: 2850px) 100vw, 2850px\" \/>\t\t\t\t\t\t\t\t\t\t\t<figcaption class=\"widget-image-caption wp-caption-text\">Director t\u00e9cnico art\u00edstico en producciones audiovisuales, esc\u00e9nicas y de moda<\/figcaption>\n\t\t\t\t\t\t\t\t\t\t<\/figure>\n\t\t\t\t\t\t\t\t\t<\/div>\n\t\t\t\t<\/div>\n\t\t\t\t\t<\/div>\n\t\t<\/div>\n\t\t\t\t\t<\/div>\n\t\t<\/section>\n\t\t\t\t<\/div>\n\t\t","protected":false},"excerpt":{"rendered":"<p>En una sociedad condicionada por la imagen y la primera impresi\u00f3n, el campo de la asesor\u00eda de imagen ha sido requerido en muchos servicios. Agencias de modelos, empresas de organizaci\u00f3n de eventos, revistas de moda, productoras de televisi\u00f3n y departamentos de relaciones p\u00fablicas han tenido la necesidad de incorporar a sus equipos un especialista en&#8230;<\/p>\n","protected":false},"author":2,"featured_media":1604,"comment_status":"open","ping_status":"closed","sticky":false,"template":"","format":"standard","meta":{"_joinchat":[],"footnotes":""},"categories":[8,101],"tags":[121,145,144,38,29,143,146],"class_list":["post-1584","post","type-post","status-publish","format-standard","has-post-thumbnail","hentry","category-asesoria-de-imagen","category-grados-y-cursos","tag-asesoria-de-imagen","tag-booker-de-moda","tag-estilista-de-moda","tag-personal-shopper","tag-salidas-profesionales","tag-trabajar-como-asesor-de-imagen","tag-weedding-planner"],"yoast_head":"<!-- This site is optimized with the Yoast SEO plugin v26.7 - https:\/\/yoast.com\/wordpress\/plugins\/seo\/ -->\n<title>Salidas profesionales de la asesor\u00eda de imagen - Josep Pons Formaci\u00f3n<\/title>\n<meta name=\"description\" content=\"Hoy te explicamos las salidas profesionales de la asesor\u00eda de imagen: estilista de moda, personal shopper, booker de moda,...\" \/>\n<meta name=\"robots\" content=\"index, follow, max-snippet:-1, max-image-preview:large, max-video-preview:-1\" \/>\n<link rel=\"canonical\" href=\"https:\/\/joseppons.com\/formacion\/salidas-profesionales-asesoria-imagen\/\" \/>\n<meta property=\"og:locale\" content=\"es_ES\" \/>\n<meta property=\"og:type\" content=\"article\" \/>\n<meta property=\"og:title\" content=\"Salidas profesionales de la asesor\u00eda de imagen - Josep Pons Formaci\u00f3n\" \/>\n<meta property=\"og:description\" content=\"Hoy te explicamos las salidas profesionales de la asesor\u00eda de imagen: estilista de moda, personal shopper, booker de moda,...\" \/>\n<meta property=\"og:url\" content=\"https:\/\/joseppons.com\/formacion\/salidas-profesionales-asesoria-imagen\/\" \/>\n<meta property=\"og:site_name\" content=\"Josep Pons Formaci\u00f3n\" \/>\n<meta property=\"article:publisher\" content=\"https:\/\/es-es.facebook.com\/JosepPonsFormacio\/\" \/>\n<meta property=\"article:published_time\" content=\"2019-05-30T11:50:50+00:00\" \/>\n<meta property=\"article:modified_time\" content=\"2019-10-18T11:00:24+00:00\" \/>\n<meta property=\"og:image\" content=\"https:\/\/joseppons.com\/formacion\/wp-content\/uploads\/2019\/05\/CABECERA.jpg\" \/>\n\t<meta property=\"og:image:width\" content=\"3150\" \/>\n\t<meta property=\"og:image:height\" content=\"1764\" \/>\n\t<meta property=\"og:image:type\" content=\"image\/jpeg\" \/>\n<meta name=\"author\" content=\"joseppons\" \/>\n<meta name=\"twitter:card\" content=\"summary_large_image\" \/>\n<meta name=\"twitter:creator\" content=\"@josepponsimatge\" \/>\n<meta name=\"twitter:site\" content=\"@josepponsimatge\" \/>\n<meta name=\"twitter:label1\" content=\"Escrito por\" \/>\n\t<meta name=\"twitter:data1\" content=\"joseppons\" \/>\n\t<meta name=\"twitter:label2\" content=\"Tiempo de lectura\" \/>\n\t<meta name=\"twitter:data2\" content=\"7 minutos\" \/>\n<script type=\"application\/ld+json\" class=\"yoast-schema-graph\">{\"@context\":\"https:\/\/schema.org\",\"@graph\":[{\"@type\":\"Article\",\"@id\":\"https:\/\/joseppons.com\/formacion\/salidas-profesionales-asesoria-imagen\/#article\",\"isPartOf\":{\"@id\":\"https:\/\/joseppons.com\/formacion\/salidas-profesionales-asesoria-imagen\/\"},\"author\":{\"name\":\"joseppons\",\"@id\":\"https:\/\/joseppons.com\/formacion\/#\/schema\/person\/52350c76759824d67ee4b9d948063ed1\"},\"headline\":\"Salidas profesionales de la asesor\u00eda de imagen\",\"datePublished\":\"2019-05-30T11:50:50+00:00\",\"dateModified\":\"2019-10-18T11:00:24+00:00\",\"mainEntityOfPage\":{\"@id\":\"https:\/\/joseppons.com\/formacion\/salidas-profesionales-asesoria-imagen\/\"},\"wordCount\":1383,\"commentCount\":0,\"publisher\":{\"@id\":\"https:\/\/joseppons.com\/formacion\/#organization\"},\"image\":{\"@id\":\"https:\/\/joseppons.com\/formacion\/salidas-profesionales-asesoria-imagen\/#primaryimage\"},\"thumbnailUrl\":\"https:\/\/joseppons.com\/formacion\/wp-content\/uploads\/2019\/05\/CABECERA.jpg\",\"keywords\":[\"asesoria de imagen\",\"Booker de Moda\",\"estilista de moda\",\"Personal Shopper\",\"salidas profesionales\",\"trabajar como asesor de imagen\",\"Weedding planner\"],\"articleSection\":[\"Asesor\u00eda de imagen\",\"Grados y cursos\"],\"inLanguage\":\"es\",\"potentialAction\":[{\"@type\":\"CommentAction\",\"name\":\"Comment\",\"target\":[\"https:\/\/joseppons.com\/formacion\/salidas-profesionales-asesoria-imagen\/#respond\"]}]},{\"@type\":\"WebPage\",\"@id\":\"https:\/\/joseppons.com\/formacion\/salidas-profesionales-asesoria-imagen\/\",\"url\":\"https:\/\/joseppons.com\/formacion\/salidas-profesionales-asesoria-imagen\/\",\"name\":\"Salidas profesionales de la asesor\u00eda de imagen - Josep Pons Formaci\u00f3n\",\"isPartOf\":{\"@id\":\"https:\/\/joseppons.com\/formacion\/#website\"},\"primaryImageOfPage\":{\"@id\":\"https:\/\/joseppons.com\/formacion\/salidas-profesionales-asesoria-imagen\/#primaryimage\"},\"image\":{\"@id\":\"https:\/\/joseppons.com\/formacion\/salidas-profesionales-asesoria-imagen\/#primaryimage\"},\"thumbnailUrl\":\"https:\/\/joseppons.com\/formacion\/wp-content\/uploads\/2019\/05\/CABECERA.jpg\",\"datePublished\":\"2019-05-30T11:50:50+00:00\",\"dateModified\":\"2019-10-18T11:00:24+00:00\",\"description\":\"Hoy te explicamos las salidas profesionales de la asesor\u00eda de imagen: estilista de moda, personal shopper, booker de moda,...\",\"breadcrumb\":{\"@id\":\"https:\/\/joseppons.com\/formacion\/salidas-profesionales-asesoria-imagen\/#breadcrumb\"},\"inLanguage\":\"es\",\"potentialAction\":[{\"@type\":\"ReadAction\",\"target\":[\"https:\/\/joseppons.com\/formacion\/salidas-profesionales-asesoria-imagen\/\"]}]},{\"@type\":\"ImageObject\",\"inLanguage\":\"es\",\"@id\":\"https:\/\/joseppons.com\/formacion\/salidas-profesionales-asesoria-imagen\/#primaryimage\",\"url\":\"https:\/\/joseppons.com\/formacion\/wp-content\/uploads\/2019\/05\/CABECERA.jpg\",\"contentUrl\":\"https:\/\/joseppons.com\/formacion\/wp-content\/uploads\/2019\/05\/CABECERA.jpg\",\"width\":3150,\"height\":1764,\"caption\":\"salidas profesionales asesor de imagen\"},{\"@type\":\"BreadcrumbList\",\"@id\":\"https:\/\/joseppons.com\/formacion\/salidas-profesionales-asesoria-imagen\/#breadcrumb\",\"itemListElement\":[{\"@type\":\"ListItem\",\"position\":1,\"name\":\"Portada\",\"item\":\"https:\/\/joseppons.com\/formacion\/\"},{\"@type\":\"ListItem\",\"position\":2,\"name\":\"Salidas profesionales de la asesor\u00eda de imagen\"}]},{\"@type\":\"WebSite\",\"@id\":\"https:\/\/joseppons.com\/formacion\/#website\",\"url\":\"https:\/\/joseppons.com\/formacion\/\",\"name\":\"Josep Pons Formaci\u00f3n\",\"description\":\"\",\"publisher\":{\"@id\":\"https:\/\/joseppons.com\/formacion\/#organization\"},\"potentialAction\":[{\"@type\":\"SearchAction\",\"target\":{\"@type\":\"EntryPoint\",\"urlTemplate\":\"https:\/\/joseppons.com\/formacion\/?s={search_term_string}\"},\"query-input\":{\"@type\":\"PropertyValueSpecification\",\"valueRequired\":true,\"valueName\":\"search_term_string\"}}],\"inLanguage\":\"es\"},{\"@type\":\"Organization\",\"@id\":\"https:\/\/joseppons.com\/formacion\/#organization\",\"name\":\"Josep Pons\",\"url\":\"https:\/\/joseppons.com\/formacion\/\",\"logo\":{\"@type\":\"ImageObject\",\"inLanguage\":\"es\",\"@id\":\"https:\/\/joseppons.com\/formacion\/#\/schema\/logo\/image\/\",\"url\":\"https:\/\/joseppons.com\/formacion\/wp-content\/uploads\/2018\/09\/logotipo-home-josepponsformacio-1.png\",\"contentUrl\":\"https:\/\/joseppons.com\/formacion\/wp-content\/uploads\/2018\/09\/logotipo-home-josepponsformacio-1.png\",\"width\":420,\"height\":280,\"caption\":\"Josep Pons\"},\"image\":{\"@id\":\"https:\/\/joseppons.com\/formacion\/#\/schema\/logo\/image\/\"},\"sameAs\":[\"https:\/\/es-es.facebook.com\/JosepPonsFormacio\/\",\"https:\/\/x.com\/josepponsimatge\",\"https:\/\/www.instagram.com\/ponsformacion\/\"]},{\"@type\":\"Person\",\"@id\":\"https:\/\/joseppons.com\/formacion\/#\/schema\/person\/52350c76759824d67ee4b9d948063ed1\",\"name\":\"joseppons\"}]}<\/script>\n<!-- \/ Yoast SEO plugin. -->","yoast_head_json":{"title":"Salidas profesionales de la asesor\u00eda de imagen - Josep Pons Formaci\u00f3n","description":"Hoy te explicamos las salidas profesionales de la asesor\u00eda de imagen: estilista de moda, personal shopper, booker de moda,...","robots":{"index":"index","follow":"follow","max-snippet":"max-snippet:-1","max-image-preview":"max-image-preview:large","max-video-preview":"max-video-preview:-1"},"canonical":"https:\/\/joseppons.com\/formacion\/salidas-profesionales-asesoria-imagen\/","og_locale":"es_ES","og_type":"article","og_title":"Salidas profesionales de la asesor\u00eda de imagen - Josep Pons Formaci\u00f3n","og_description":"Hoy te explicamos las salidas profesionales de la asesor\u00eda de imagen: estilista de moda, personal shopper, booker de moda,...","og_url":"https:\/\/joseppons.com\/formacion\/salidas-profesionales-asesoria-imagen\/","og_site_name":"Josep Pons Formaci\u00f3n","article_publisher":"https:\/\/es-es.facebook.com\/JosepPonsFormacio\/","article_published_time":"2019-05-30T11:50:50+00:00","article_modified_time":"2019-10-18T11:00:24+00:00","og_image":[{"width":3150,"height":1764,"url":"https:\/\/joseppons.com\/formacion\/wp-content\/uploads\/2019\/05\/CABECERA.jpg","type":"image\/jpeg"}],"author":"joseppons","twitter_card":"summary_large_image","twitter_creator":"@josepponsimatge","twitter_site":"@josepponsimatge","twitter_misc":{"Escrito por":"joseppons","Tiempo de lectura":"7 minutos"},"schema":{"@context":"https:\/\/schema.org","@graph":[{"@type":"Article","@id":"https:\/\/joseppons.com\/formacion\/salidas-profesionales-asesoria-imagen\/#article","isPartOf":{"@id":"https:\/\/joseppons.com\/formacion\/salidas-profesionales-asesoria-imagen\/"},"author":{"name":"joseppons","@id":"https:\/\/joseppons.com\/formacion\/#\/schema\/person\/52350c76759824d67ee4b9d948063ed1"},"headline":"Salidas profesionales de la asesor\u00eda de imagen","datePublished":"2019-05-30T11:50:50+00:00","dateModified":"2019-10-18T11:00:24+00:00","mainEntityOfPage":{"@id":"https:\/\/joseppons.com\/formacion\/salidas-profesionales-asesoria-imagen\/"},"wordCount":1383,"commentCount":0,"publisher":{"@id":"https:\/\/joseppons.com\/formacion\/#organization"},"image":{"@id":"https:\/\/joseppons.com\/formacion\/salidas-profesionales-asesoria-imagen\/#primaryimage"},"thumbnailUrl":"https:\/\/joseppons.com\/formacion\/wp-content\/uploads\/2019\/05\/CABECERA.jpg","keywords":["asesoria de imagen","Booker de Moda","estilista de moda","Personal Shopper","salidas profesionales","trabajar como asesor de imagen","Weedding planner"],"articleSection":["Asesor\u00eda de imagen","Grados y cursos"],"inLanguage":"es","potentialAction":[{"@type":"CommentAction","name":"Comment","target":["https:\/\/joseppons.com\/formacion\/salidas-profesionales-asesoria-imagen\/#respond"]}]},{"@type":"WebPage","@id":"https:\/\/joseppons.com\/formacion\/salidas-profesionales-asesoria-imagen\/","url":"https:\/\/joseppons.com\/formacion\/salidas-profesionales-asesoria-imagen\/","name":"Salidas profesionales de la asesor\u00eda de imagen - Josep Pons Formaci\u00f3n","isPartOf":{"@id":"https:\/\/joseppons.com\/formacion\/#website"},"primaryImageOfPage":{"@id":"https:\/\/joseppons.com\/formacion\/salidas-profesionales-asesoria-imagen\/#primaryimage"},"image":{"@id":"https:\/\/joseppons.com\/formacion\/salidas-profesionales-asesoria-imagen\/#primaryimage"},"thumbnailUrl":"https:\/\/joseppons.com\/formacion\/wp-content\/uploads\/2019\/05\/CABECERA.jpg","datePublished":"2019-05-30T11:50:50+00:00","dateModified":"2019-10-18T11:00:24+00:00","description":"Hoy te explicamos las salidas profesionales de la asesor\u00eda de imagen: estilista de moda, personal shopper, booker de moda,...","breadcrumb":{"@id":"https:\/\/joseppons.com\/formacion\/salidas-profesionales-asesoria-imagen\/#breadcrumb"},"inLanguage":"es","potentialAction":[{"@type":"ReadAction","target":["https:\/\/joseppons.com\/formacion\/salidas-profesionales-asesoria-imagen\/"]}]},{"@type":"ImageObject","inLanguage":"es","@id":"https:\/\/joseppons.com\/formacion\/salidas-profesionales-asesoria-imagen\/#primaryimage","url":"https:\/\/joseppons.com\/formacion\/wp-content\/uploads\/2019\/05\/CABECERA.jpg","contentUrl":"https:\/\/joseppons.com\/formacion\/wp-content\/uploads\/2019\/05\/CABECERA.jpg","width":3150,"height":1764,"caption":"salidas profesionales asesor de imagen"},{"@type":"BreadcrumbList","@id":"https:\/\/joseppons.com\/formacion\/salidas-profesionales-asesoria-imagen\/#breadcrumb","itemListElement":[{"@type":"ListItem","position":1,"name":"Portada","item":"https:\/\/joseppons.com\/formacion\/"},{"@type":"ListItem","position":2,"name":"Salidas profesionales de la asesor\u00eda de imagen"}]},{"@type":"WebSite","@id":"https:\/\/joseppons.com\/formacion\/#website","url":"https:\/\/joseppons.com\/formacion\/","name":"Josep Pons Formaci\u00f3n","description":"","publisher":{"@id":"https:\/\/joseppons.com\/formacion\/#organization"},"potentialAction":[{"@type":"SearchAction","target":{"@type":"EntryPoint","urlTemplate":"https:\/\/joseppons.com\/formacion\/?s={search_term_string}"},"query-input":{"@type":"PropertyValueSpecification","valueRequired":true,"valueName":"search_term_string"}}],"inLanguage":"es"},{"@type":"Organization","@id":"https:\/\/joseppons.com\/formacion\/#organization","name":"Josep Pons","url":"https:\/\/joseppons.com\/formacion\/","logo":{"@type":"ImageObject","inLanguage":"es","@id":"https:\/\/joseppons.com\/formacion\/#\/schema\/logo\/image\/","url":"https:\/\/joseppons.com\/formacion\/wp-content\/uploads\/2018\/09\/logotipo-home-josepponsformacio-1.png","contentUrl":"https:\/\/joseppons.com\/formacion\/wp-content\/uploads\/2018\/09\/logotipo-home-josepponsformacio-1.png","width":420,"height":280,"caption":"Josep Pons"},"image":{"@id":"https:\/\/joseppons.com\/formacion\/#\/schema\/logo\/image\/"},"sameAs":["https:\/\/es-es.facebook.com\/JosepPonsFormacio\/","https:\/\/x.com\/josepponsimatge","https:\/\/www.instagram.com\/ponsformacion\/"]},{"@type":"Person","@id":"https:\/\/joseppons.com\/formacion\/#\/schema\/person\/52350c76759824d67ee4b9d948063ed1","name":"joseppons"}]}},"_links":{"self":[{"href":"https:\/\/joseppons.com\/formacion\/wp-json\/wp\/v2\/posts\/1584","targetHints":{"allow":["GET"]}}],"collection":[{"href":"https:\/\/joseppons.com\/formacion\/wp-json\/wp\/v2\/posts"}],"about":[{"href":"https:\/\/joseppons.com\/formacion\/wp-json\/wp\/v2\/types\/post"}],"author":[{"embeddable":true,"href":"https:\/\/joseppons.com\/formacion\/wp-json\/wp\/v2\/users\/2"}],"replies":[{"embeddable":true,"href":"https:\/\/joseppons.com\/formacion\/wp-json\/wp\/v2\/comments?post=1584"}],"version-history":[{"count":0,"href":"https:\/\/joseppons.com\/formacion\/wp-json\/wp\/v2\/posts\/1584\/revisions"}],"wp:featuredmedia":[{"embeddable":true,"href":"https:\/\/joseppons.com\/formacion\/wp-json\/wp\/v2\/media\/1604"}],"wp:attachment":[{"href":"https:\/\/joseppons.com\/formacion\/wp-json\/wp\/v2\/media?parent=1584"}],"wp:term":[{"taxonomy":"category","embeddable":true,"href":"https:\/\/joseppons.com\/formacion\/wp-json\/wp\/v2\/categories?post=1584"},{"taxonomy":"post_tag","embeddable":true,"href":"https:\/\/joseppons.com\/formacion\/wp-json\/wp\/v2\/tags?post=1584"}],"curies":[{"name":"wp","href":"https:\/\/api.w.org\/{rel}","templated":true}]}}