{"id":15019,"date":"2023-04-28T14:53:07","date_gmt":"2023-04-28T12:53:07","guid":{"rendered":"https:\/\/joseppons.com\/formacion\/?p=15019"},"modified":"2024-07-30T17:09:13","modified_gmt":"2024-07-30T15:09:13","slug":"jornadas-de-puertas-abiertas","status":"publish","type":"post","link":"https:\/\/joseppons.com\/formacion\/jornadas-de-puertas-abiertas\/","title":{"rendered":"Descubre nuestras jornadas de puertas abiertas personalizadas"},"content":{"rendered":"\t\t<div data-elementor-type=\"wp-post\" data-elementor-id=\"15019\" class=\"elementor elementor-15019\" data-elementor-post-type=\"post\">\n\t\t\t\t\t\t<section class=\"elementor-section elementor-top-section elementor-element elementor-element-6a6fd3e elementor-section-boxed elementor-section-height-default elementor-section-height-default\" data-id=\"6a6fd3e\" data-element_type=\"section\">\n\t\t\t\t\t\t<div class=\"elementor-container elementor-column-gap-default\">\n\t\t\t\t\t<div class=\"elementor-column elementor-col-100 elementor-top-column elementor-element elementor-element-8780ec3\" data-id=\"8780ec3\" data-element_type=\"column\">\n\t\t\t<div class=\"elementor-widget-wrap elementor-element-populated\">\n\t\t\t\t\t\t<div class=\"elementor-element elementor-element-709e7da elementor-widget elementor-widget-text-editor\" data-id=\"709e7da\" data-element_type=\"widget\" data-widget_type=\"text-editor.default\">\n\t\t\t\t<div class=\"elementor-widget-container\">\n\t\t\t\t\t\t\t\t\t<p>Si est\u00e1s buscando una <strong>formaci\u00f3n integral<\/strong> en el mundo de la imagen personal, la peluquer\u00eda, la est\u00e9tica o la barber\u00eda, de cara al nuevo curso 2023-2024, <strong>descubre nuestras jornadas de puertas abiertas de la <a href=\"https:\/\/joseppons.com\/formacion\/\">Escuela Josep Pons<\/a><\/strong>:\u00a0<\/p><p>\u00a1Totalmente individuales y personalizadas!<\/p>\t\t\t\t\t\t\t\t<\/div>\n\t\t\t\t<\/div>\n\t\t\t\t\t<\/div>\n\t\t<\/div>\n\t\t\t\t\t<\/div>\n\t\t<\/section>\n\t\t\t\t<section class=\"elementor-section elementor-top-section elementor-element elementor-element-92f154d elementor-section-boxed elementor-section-height-default elementor-section-height-default\" data-id=\"92f154d\" data-element_type=\"section\">\n\t\t\t\t\t\t<div class=\"elementor-container elementor-column-gap-default\">\n\t\t\t\t\t<div class=\"elementor-column elementor-col-100 elementor-top-column elementor-element elementor-element-21a3a44\" data-id=\"21a3a44\" data-element_type=\"column\">\n\t\t\t<div class=\"elementor-widget-wrap elementor-element-populated\">\n\t\t\t\t\t\t<div class=\"elementor-element elementor-element-05eee78 elementor-widget elementor-widget-heading\" data-id=\"05eee78\" data-element_type=\"widget\" data-widget_type=\"heading.default\">\n\t\t\t\t<div class=\"elementor-widget-container\">\n\t\t\t\t\t<h2 class=\"elementor-heading-title elementor-size-default\">\u00bfQu\u00e9 son las jornadas de puertas abiertas personalizadas?<\/h2>\t\t\t\t<\/div>\n\t\t\t\t<\/div>\n\t\t\t\t\t<\/div>\n\t\t<\/div>\n\t\t\t\t\t<\/div>\n\t\t<\/section>\n\t\t\t\t<section class=\"elementor-section elementor-top-section elementor-element elementor-element-6af8ed7 elementor-section-boxed elementor-section-height-default elementor-section-height-default\" data-id=\"6af8ed7\" data-element_type=\"section\">\n\t\t\t\t\t\t<div class=\"elementor-container elementor-column-gap-default\">\n\t\t\t\t\t<div class=\"elementor-column elementor-col-100 elementor-top-column elementor-element elementor-element-39892fe\" data-id=\"39892fe\" data-element_type=\"column\">\n\t\t\t<div class=\"elementor-widget-wrap elementor-element-populated\">\n\t\t\t\t\t\t<div class=\"elementor-element elementor-element-6f79dcb elementor-widget elementor-widget-text-editor\" data-id=\"6f79dcb\" data-element_type=\"widget\" data-widget_type=\"text-editor.default\">\n\t\t\t\t<div class=\"elementor-widget-container\">\n\t\t\t\t\t\t\t\t\t<p>Las jornadas de puertas abiertas personalizadas son una <strong>oportunidad \u00fanica<\/strong> para que conozcas a fondo la escuela, todas <b>sus formaciones<\/b>, los <b>planes de estudios,<\/b> nuestras <b>instalaciones<\/b> y la oportunidad perfecta para que puedas conocer <b>todos los recursos <\/b>que ponemos a disposici\u00f3n de nuestros estudiantes.<\/p><p>Durante estas jornadas, podr\u00e1s <b>conversar con nuestras tutoras<\/b>, quienes estar\u00e1n dispuestas a resolver todas tus dudas y brindarte <b>toda la informaci\u00f3n que necesites <\/b>para decidirte \u2026 \u00a1y dar el paso!<\/p><p>Podr\u00e1s consultarnos todas las preguntas que te surjan y abordar los temas que m\u00e1s te interesen.<\/p><p>Adem\u00e1s, una de las grandes ventajas es que<b> t\u00fa mismo\/a podr\u00e1s elegir los horarios<\/b> que mejor se adapten a tu agenda y las actividades que desees realizar.\u00a0<\/p><p>De esta manera, te aseguramos que tu visita ser\u00e1 completamente provechosa y adaptada a tus necesidades.<\/p>\t\t\t\t\t\t\t\t<\/div>\n\t\t\t\t<\/div>\n\t\t\t\t\t<\/div>\n\t\t<\/div>\n\t\t\t\t\t<\/div>\n\t\t<\/section>\n\t\t\t\t<section class=\"elementor-section elementor-top-section elementor-element elementor-element-0df9590 elementor-section-boxed elementor-section-height-default elementor-section-height-default\" data-id=\"0df9590\" data-element_type=\"section\">\n\t\t\t\t\t\t<div class=\"elementor-container elementor-column-gap-default\">\n\t\t\t\t\t<div class=\"elementor-column elementor-col-100 elementor-top-column elementor-element elementor-element-14c538a\" data-id=\"14c538a\" data-element_type=\"column\">\n\t\t\t<div class=\"elementor-widget-wrap elementor-element-populated\">\n\t\t\t\t\t\t<div class=\"elementor-element elementor-element-c08f61d elementor-widget elementor-widget-heading\" data-id=\"c08f61d\" data-element_type=\"widget\" data-widget_type=\"heading.default\">\n\t\t\t\t<div class=\"elementor-widget-container\">\n\t\t\t\t\t<h2 class=\"elementor-heading-title elementor-size-default\">\u00bfQu\u00e9 actividades puedo realizar durante las Jornadas de puertas abiertas personalizadas?<\/h2>\t\t\t\t<\/div>\n\t\t\t\t<\/div>\n\t\t\t\t\t<\/div>\n\t\t<\/div>\n\t\t\t\t\t<\/div>\n\t\t<\/section>\n\t\t\t\t<section class=\"elementor-section elementor-top-section elementor-element elementor-element-2758294 elementor-section-boxed elementor-section-height-default elementor-section-height-default\" data-id=\"2758294\" data-element_type=\"section\">\n\t\t\t\t\t\t<div class=\"elementor-container elementor-column-gap-default\">\n\t\t\t\t\t<div class=\"elementor-column elementor-col-100 elementor-top-column elementor-element elementor-element-92e2d9e\" data-id=\"92e2d9e\" data-element_type=\"column\">\n\t\t\t<div class=\"elementor-widget-wrap elementor-element-populated\">\n\t\t\t\t\t\t<div class=\"elementor-element elementor-element-28b3cc9 elementor-widget elementor-widget-text-editor\" data-id=\"28b3cc9\" data-element_type=\"widget\" data-widget_type=\"text-editor.default\">\n\t\t\t\t<div class=\"elementor-widget-container\">\n\t\t\t\t\t\t\t\t\t<p>En las Jornadas de puertas abiertas personalizadas, podr\u00e1s realizar diversas actividades que te permitir\u00e1n conocer mejor la Escuela Josep Pons:<\/p><p>*<b> Asesor\u00eda personalizada <\/b>sobre planes de estudio, costos y financiaci\u00f3n.<\/p><p><span style=\"font-size: 1em; letter-spacing: 0px; font-weight: var( --e-global-typography-text-font-weight );\">* <\/span><span style=\"font-size: 1em; letter-spacing: 0px;\"><b>Visita guiada <\/b><\/span><span style=\"font-size: 1em; letter-spacing: 0px; font-weight: var( --e-global-typography-text-font-weight );\">por las instalaciones de la Escuela.<\/span><\/p><p>* <b>Conversaciones personalizadas <\/b>con profesores.<\/p><p>Recuerda que la visita ser\u00e1 completamente <b>adaptada a tus necesidades<\/b>, as\u00ed que t\u00fa decides qu\u00e9 actividades hacer.<\/p><p><span style=\"color: #3366ff;\"><a style=\"color: #3366ff;\" href=\"http:\/\/Cinco razones para asistir a una jornada de puertas abiertas\" data-wplink-url-error=\"true\">*Cinco razones para asistir a una jornada de puertas abiertas:<em> La Vanguardia<\/em><\/a><\/span><\/p>\t\t\t\t\t\t\t\t<\/div>\n\t\t\t\t<\/div>\n\t\t\t\t\t<\/div>\n\t\t<\/div>\n\t\t\t\t\t<\/div>\n\t\t<\/section>\n\t\t\t\t<section class=\"elementor-section elementor-top-section elementor-element elementor-element-e0d34ac elementor-section-boxed elementor-section-height-default elementor-section-height-default\" data-id=\"e0d34ac\" data-element_type=\"section\">\n\t\t\t\t\t\t<div class=\"elementor-container elementor-column-gap-default\">\n\t\t\t\t\t<div class=\"elementor-column elementor-col-100 elementor-top-column elementor-element elementor-element-73382be\" data-id=\"73382be\" data-element_type=\"column\">\n\t\t\t<div class=\"elementor-widget-wrap elementor-element-populated\">\n\t\t\t\t\t\t<div class=\"elementor-element elementor-element-3c19c55 elementor-widget elementor-widget-heading\" data-id=\"3c19c55\" data-element_type=\"widget\" data-widget_type=\"heading.default\">\n\t\t\t\t<div class=\"elementor-widget-container\">\n\t\t\t\t\t<h2 class=\"elementor-heading-title elementor-size-default\">Nuestras formaciones<\/h2>\t\t\t\t<\/div>\n\t\t\t\t<\/div>\n\t\t\t\t\t<\/div>\n\t\t<\/div>\n\t\t\t\t\t<\/div>\n\t\t<\/section>\n\t\t\t\t<section class=\"elementor-section elementor-top-section elementor-element elementor-element-6e8600b elementor-section-boxed elementor-section-height-default elementor-section-height-default\" data-id=\"6e8600b\" data-element_type=\"section\">\n\t\t\t\t\t\t<div class=\"elementor-container elementor-column-gap-default\">\n\t\t\t\t\t<div class=\"elementor-column elementor-col-100 elementor-top-column elementor-element elementor-element-1bdf153\" data-id=\"1bdf153\" data-element_type=\"column\">\n\t\t\t<div class=\"elementor-widget-wrap elementor-element-populated\">\n\t\t\t\t\t\t<div class=\"elementor-element elementor-element-c27a545 elementor-widget elementor-widget-video\" data-id=\"c27a545\" data-element_type=\"widget\" data-settings=\"{&quot;youtube_url&quot;:&quot;https:\\\/\\\/www.youtube.com\\\/watch?v=aGPfTUIniv0&quot;,&quot;video_type&quot;:&quot;youtube&quot;,&quot;controls&quot;:&quot;yes&quot;}\" data-widget_type=\"video.default\">\n\t\t\t\t<div class=\"elementor-widget-container\">\n\t\t\t\t\t\t\t<div class=\"elementor-wrapper elementor-open-inline\">\n\t\t\t<div class=\"elementor-video\"><\/div>\t\t<\/div>\n\t\t\t\t\t\t<\/div>\n\t\t\t\t<\/div>\n\t\t\t\t\t<\/div>\n\t\t<\/div>\n\t\t\t\t\t<\/div>\n\t\t<\/section>\n\t\t\t\t<section class=\"elementor-section elementor-top-section elementor-element elementor-element-9bc2f87 elementor-section-boxed elementor-section-height-default elementor-section-height-default\" data-id=\"9bc2f87\" data-element_type=\"section\">\n\t\t\t\t\t\t<div class=\"elementor-container elementor-column-gap-default\">\n\t\t\t\t\t<div class=\"elementor-column elementor-col-100 elementor-top-column elementor-element elementor-element-0f5f2be\" data-id=\"0f5f2be\" data-element_type=\"column\">\n\t\t\t<div class=\"elementor-widget-wrap elementor-element-populated\">\n\t\t\t\t\t\t<div class=\"elementor-element elementor-element-f3565b9 elementor-widget elementor-widget-text-editor\" data-id=\"f3565b9\" data-element_type=\"widget\" data-widget_type=\"text-editor.default\">\n\t\t\t\t<div class=\"elementor-widget-container\">\n\t\t\t\t\t\t\t\t\t<p class=\"p1\">Convi\u00e9rtete en un\/a <b>gran profesional de la imagen personal<\/b> en Josep Pons Formaci\u00f3n.<\/p><p class=\"p1\">Con la <b>metodolog\u00eda Josep Pons<\/b>, basada en la pr\u00e1ctica diaria, aprender\u00e1s a pensar, actuar y trabajar como un profesional desde el minuto cero.<\/p><p class=\"p1\">Descubre a continuaci\u00f3n <b>nuestros ciclos formativos y especializaciones<\/b> en asesor\u00eda de imagen, peluquer\u00eda, barber\u00eda y est\u00e9tica:<\/p>\t\t\t\t\t\t\t\t<\/div>\n\t\t\t\t<\/div>\n\t\t\t\t\t<\/div>\n\t\t<\/div>\n\t\t\t\t\t<\/div>\n\t\t<\/section>\n\t\t\t\t<section class=\"elementor-section elementor-top-section elementor-element elementor-element-b524cec elementor-section-boxed elementor-section-height-default elementor-section-height-default\" data-id=\"b524cec\" data-element_type=\"section\">\n\t\t\t\t\t\t<div class=\"elementor-container elementor-column-gap-default\">\n\t\t\t\t\t<div class=\"elementor-column elementor-col-100 elementor-top-column elementor-element elementor-element-0078f78\" data-id=\"0078f78\" data-element_type=\"column\">\n\t\t\t<div class=\"elementor-widget-wrap elementor-element-populated\">\n\t\t\t\t\t\t<div class=\"elementor-element elementor-element-d8e7a20 elementor-widget elementor-widget-heading\" data-id=\"d8e7a20\" data-element_type=\"widget\" data-widget_type=\"heading.default\">\n\t\t\t\t<div class=\"elementor-widget-container\">\n\t\t\t\t\t<h2 class=\"elementor-heading-title elementor-size-default\">Grado Superior en Asesor\u00eda de Imagen Personal y Corporativa<\/h2>\t\t\t\t<\/div>\n\t\t\t\t<\/div>\n\t\t\t\t\t<\/div>\n\t\t<\/div>\n\t\t\t\t\t<\/div>\n\t\t<\/section>\n\t\t\t\t<section class=\"elementor-section elementor-top-section elementor-element elementor-element-25d8ccd elementor-section-boxed elementor-section-height-default elementor-section-height-default\" data-id=\"25d8ccd\" data-element_type=\"section\">\n\t\t\t\t\t\t<div class=\"elementor-container elementor-column-gap-default\">\n\t\t\t\t\t<div class=\"elementor-column elementor-col-100 elementor-top-column elementor-element elementor-element-bbc9ff0\" data-id=\"bbc9ff0\" data-element_type=\"column\">\n\t\t\t<div class=\"elementor-widget-wrap elementor-element-populated\">\n\t\t\t\t\t\t<div class=\"elementor-element elementor-element-a7ab5bf elementor-widget elementor-widget-image\" data-id=\"a7ab5bf\" data-element_type=\"widget\" data-widget_type=\"image.default\">\n\t\t\t\t<div class=\"elementor-widget-container\">\n\t\t\t\t\t\t\t\t\t\t\t\t\t\t\t<img fetchpriority=\"high\" decoding=\"async\" width=\"2593\" height=\"2988\" src=\"https:\/\/joseppons.com\/formacion\/wp-content\/uploads\/2023\/04\/IMG_5025-copia-compressed-1.jpg\" class=\"attachment-large size-large wp-image-15117\" alt=\"asesoria-de-imagen-personal-josep-pons\" srcset=\"https:\/\/joseppons.com\/formacion\/wp-content\/uploads\/2023\/04\/IMG_5025-copia-compressed-1.jpg 2593w, https:\/\/joseppons.com\/formacion\/wp-content\/uploads\/2023\/04\/IMG_5025-copia-compressed-1-768x885.jpg 768w, https:\/\/joseppons.com\/formacion\/wp-content\/uploads\/2023\/04\/IMG_5025-copia-compressed-1-1333x1536.jpg 1333w, https:\/\/joseppons.com\/formacion\/wp-content\/uploads\/2023\/04\/IMG_5025-copia-compressed-1-1777x2048.jpg 1777w\" sizes=\"(max-width: 2593px) 100vw, 2593px\" \/>\t\t\t\t\t\t\t\t\t\t\t\t\t\t\t<\/div>\n\t\t\t\t<\/div>\n\t\t\t\t\t<\/div>\n\t\t<\/div>\n\t\t\t\t\t<\/div>\n\t\t<\/section>\n\t\t\t\t<section class=\"elementor-section elementor-top-section elementor-element elementor-element-9a18cba elementor-section-boxed elementor-section-height-default elementor-section-height-default\" data-id=\"9a18cba\" data-element_type=\"section\">\n\t\t\t\t\t\t<div class=\"elementor-container elementor-column-gap-default\">\n\t\t\t\t\t<div class=\"elementor-column elementor-col-100 elementor-top-column elementor-element elementor-element-4d719a7\" data-id=\"4d719a7\" data-element_type=\"column\">\n\t\t\t<div class=\"elementor-widget-wrap elementor-element-populated\">\n\t\t\t\t\t\t<div class=\"elementor-element elementor-element-d86ce2a elementor-widget elementor-widget-text-editor\" data-id=\"d86ce2a\" data-element_type=\"widget\" data-widget_type=\"text-editor.default\">\n\t\t\t\t<div class=\"elementor-widget-container\">\n\t\t\t\t\t\t\t\t\t<p>Nuestro Grado Superior en Asesor\u00eda de Imagen Personal y Corporativa incorpora los <b>contenidos m\u00e1s vanguardistas<\/b> para abrir nuevos horizontes en tu futuro profesional.<\/p>\n<p>Josep Pons ha sido pionero en la creaci\u00f3n y desarrollo del concepto de asesor\u00eda de imagen para el Ministerio de Educaci\u00f3n y la Generalitat de Catalunya en el dise\u00f1o de este Ciclo Formativo, que te permitir\u00e1 adquirir la titulaci\u00f3n de T\u00e9cnico Superior en Asesor\u00eda de Imagen y trabajar en todos los campos relacionados con la<b> imagen personal y corporativa, el estilismo, la organizaci\u00f3n de eventos y la comunicaci\u00f3n.&nbsp;<\/b><\/p>\n<p>El valor&nbsp;<b>valor a\u00f1adido de la escuela Josep Pons&nbsp;<\/b>es un equipo de profesores expertos, licenciados y profesionales en activo que ejercen como asesores de imagen, un hecho que nos permite ser l\u00edderes en formaci\u00f3n y trasladar el realismo del sector a las aulas.<\/p>\t\t\t\t\t\t\t\t<\/div>\n\t\t\t\t<\/div>\n\t\t\t\t\t<\/div>\n\t\t<\/div>\n\t\t\t\t\t<\/div>\n\t\t<\/section>\n\t\t\t\t<section class=\"elementor-section elementor-top-section elementor-element elementor-element-48c35a3 elementor-section-boxed elementor-section-height-default elementor-section-height-default\" data-id=\"48c35a3\" data-element_type=\"section\">\n\t\t\t\t\t\t<div class=\"elementor-container elementor-column-gap-default\">\n\t\t\t\t\t<div class=\"elementor-column elementor-col-100 elementor-top-column elementor-element elementor-element-dc5fa19\" data-id=\"dc5fa19\" data-element_type=\"column\">\n\t\t\t<div class=\"elementor-widget-wrap elementor-element-populated\">\n\t\t\t\t\t\t<div class=\"elementor-element elementor-element-d1eeff2 elementor-widget elementor-widget-heading\" data-id=\"d1eeff2\" data-element_type=\"widget\" data-widget_type=\"heading.default\">\n\t\t\t\t<div class=\"elementor-widget-container\">\n\t\t\t\t\t<h2 class=\"elementor-heading-title elementor-size-default\">Grado Medio de Peluquer\u00eda y Cosm\u00e9tica Capilar\n<\/h2>\t\t\t\t<\/div>\n\t\t\t\t<\/div>\n\t\t\t\t\t<\/div>\n\t\t<\/div>\n\t\t\t\t\t<\/div>\n\t\t<\/section>\n\t\t\t\t<section class=\"elementor-section elementor-top-section elementor-element elementor-element-8178e73 elementor-section-boxed elementor-section-height-default elementor-section-height-default\" data-id=\"8178e73\" data-element_type=\"section\">\n\t\t\t\t\t\t<div class=\"elementor-container elementor-column-gap-default\">\n\t\t\t\t\t<div class=\"elementor-column elementor-col-100 elementor-top-column elementor-element elementor-element-c969d30\" data-id=\"c969d30\" data-element_type=\"column\">\n\t\t\t<div class=\"elementor-widget-wrap elementor-element-populated\">\n\t\t\t\t\t\t<div class=\"elementor-element elementor-element-8f9b30f elementor-widget elementor-widget-text-editor\" data-id=\"8f9b30f\" data-element_type=\"widget\" data-widget_type=\"text-editor.default\">\n\t\t\t\t<div class=\"elementor-widget-container\">\n\t\t\t\t\t\t\t\t\t<p>Nuestra visi\u00f3n de la peluquer\u00eda se orienta hacia el concepto de imagen global, ya que pretende ofrecer algo m\u00e1s que un simple servicio y utiliza una f\u00f3rmula de servicio totalmente personalizada y adaptada a las caracter\u00edsticas y necesidades de cada cliente.<\/p>\t\t\t\t\t\t\t\t<\/div>\n\t\t\t\t<\/div>\n\t\t\t\t\t<\/div>\n\t\t<\/div>\n\t\t\t\t\t<\/div>\n\t\t<\/section>\n\t\t\t\t<section class=\"elementor-section elementor-top-section elementor-element elementor-element-6475bfd elementor-section-boxed elementor-section-height-default elementor-section-height-default\" data-id=\"6475bfd\" data-element_type=\"section\">\n\t\t\t\t\t\t<div class=\"elementor-container elementor-column-gap-default\">\n\t\t\t\t\t<div class=\"elementor-column elementor-col-100 elementor-top-column elementor-element elementor-element-9a8a899\" data-id=\"9a8a899\" data-element_type=\"column\">\n\t\t\t<div class=\"elementor-widget-wrap elementor-element-populated\">\n\t\t\t\t\t\t<div class=\"elementor-element elementor-element-17e928a elementor-widget elementor-widget-image\" data-id=\"17e928a\" data-element_type=\"widget\" data-widget_type=\"image.default\">\n\t\t\t\t<div class=\"elementor-widget-container\">\n\t\t\t\t\t\t\t\t\t\t\t\t\t\t\t<img decoding=\"async\" width=\"2414\" height=\"1898\" src=\"https:\/\/joseppons.com\/formacion\/wp-content\/uploads\/2023\/04\/IMG_4263-copia-compressed-2.jpg\" class=\"attachment-large size-large wp-image-15122\" alt=\"peluqueria-josep-pons\" srcset=\"https:\/\/joseppons.com\/formacion\/wp-content\/uploads\/2023\/04\/IMG_4263-copia-compressed-2.jpg 2414w, https:\/\/joseppons.com\/formacion\/wp-content\/uploads\/2023\/04\/IMG_4263-copia-compressed-2-768x604.jpg 768w, https:\/\/joseppons.com\/formacion\/wp-content\/uploads\/2023\/04\/IMG_4263-copia-compressed-2-1536x1208.jpg 1536w, https:\/\/joseppons.com\/formacion\/wp-content\/uploads\/2023\/04\/IMG_4263-copia-compressed-2-2048x1610.jpg 2048w\" sizes=\"(max-width: 2414px) 100vw, 2414px\" \/>\t\t\t\t\t\t\t\t\t\t\t\t\t\t\t<\/div>\n\t\t\t\t<\/div>\n\t\t\t\t\t<\/div>\n\t\t<\/div>\n\t\t\t\t\t<\/div>\n\t\t<\/section>\n\t\t\t\t<section class=\"elementor-section elementor-top-section elementor-element elementor-element-7864adc elementor-section-boxed elementor-section-height-default elementor-section-height-default\" data-id=\"7864adc\" data-element_type=\"section\">\n\t\t\t\t\t\t<div class=\"elementor-container elementor-column-gap-default\">\n\t\t\t\t\t<div class=\"elementor-column elementor-col-100 elementor-top-column elementor-element elementor-element-033d46e\" data-id=\"033d46e\" data-element_type=\"column\">\n\t\t\t<div class=\"elementor-widget-wrap elementor-element-populated\">\n\t\t\t\t\t\t<div class=\"elementor-element elementor-element-0f8ca0f elementor-widget elementor-widget-text-editor\" data-id=\"0f8ca0f\" data-element_type=\"widget\" data-widget_type=\"text-editor.default\">\n\t\t\t\t<div class=\"elementor-widget-container\">\n\t\t\t\t\t\t\t\t\t<p><span style=\"font-size: 1em; letter-spacing: 0px; font-weight: var( --e-global-typography-text-font-weight );\">El <\/span><span style=\"font-size: 1em; letter-spacing: 0px;\"><b>Grado Medio de Peluquer\u00eda<\/b><\/span><span style=\"font-size: 1em; letter-spacing: 0px; font-weight: var( --e-global-typography-text-font-weight );\"> se desarrolla en un entorno que simula un sal\u00f3n de peluquer\u00eda real, un hecho que permite a los futuros profesionales de la imagen poner en pr\u00e1ctica todos los conocimientos que van adquiriendo a la vez que perfeccionan su t\u00e9cnica.<\/span><\/p><p><span style=\"font-size: 1em; letter-spacing: 0px; font-weight: var( --e-global-typography-text-font-weight );\">Apostamos por una metodolog\u00eda de ense\u00f1anza que <\/span><span style=\"font-size: 1em; letter-spacing: 0px;\"><b>prioriza el contacto con la realidad del sector<\/b><\/span><span style=\"font-size: 1em; letter-spacing: 0px; font-weight: var( --e-global-typography-text-font-weight );\"> y las <\/span><span style=\"font-size: 1em; letter-spacing: 0px;\"><b>tendencias del mercado <\/b><\/span><span style=\"font-size: 1em; letter-spacing: 0px; font-weight: var( --e-global-typography-text-font-weight );\">actual para formar a estilistas de m\u00e1ximo nivel que afronten los retos del mundo laboral con profesionalidad, actitud y pasi\u00f3n por su trabajo.<\/span><\/p><p><span style=\"font-size: 1em; letter-spacing: 0px; font-weight: var( --e-global-typography-text-font-weight );\">Partimos de unos criterios con grandes fundamentos y de un m\u00e9todo de formaci\u00f3n muy definido.<\/span><\/p>\t\t\t\t\t\t\t\t<\/div>\n\t\t\t\t<\/div>\n\t\t\t\t\t<\/div>\n\t\t<\/div>\n\t\t\t\t\t<\/div>\n\t\t<\/section>\n\t\t\t\t<section class=\"elementor-section elementor-top-section elementor-element elementor-element-2ad180c elementor-section-boxed elementor-section-height-default elementor-section-height-default\" data-id=\"2ad180c\" data-element_type=\"section\">\n\t\t\t\t\t\t<div class=\"elementor-container elementor-column-gap-default\">\n\t\t\t\t\t<div class=\"elementor-column elementor-col-100 elementor-top-column elementor-element elementor-element-2e5da5a\" data-id=\"2e5da5a\" data-element_type=\"column\">\n\t\t\t<div class=\"elementor-widget-wrap elementor-element-populated\">\n\t\t\t\t\t\t<div class=\"elementor-element elementor-element-eaa749e elementor-widget elementor-widget-heading\" data-id=\"eaa749e\" data-element_type=\"widget\" data-widget_type=\"heading.default\">\n\t\t\t\t<div class=\"elementor-widget-container\">\n\t\t\t\t\t<h2 class=\"elementor-heading-title elementor-size-default\">Grado Medio de Est\u00e9tica y Belleza<\/h2>\t\t\t\t<\/div>\n\t\t\t\t<\/div>\n\t\t\t\t\t<\/div>\n\t\t<\/div>\n\t\t\t\t\t<\/div>\n\t\t<\/section>\n\t\t\t\t<section class=\"elementor-section elementor-top-section elementor-element elementor-element-6cd2a04 elementor-section-boxed elementor-section-height-default elementor-section-height-default\" data-id=\"6cd2a04\" data-element_type=\"section\">\n\t\t\t\t\t\t<div class=\"elementor-container elementor-column-gap-default\">\n\t\t\t\t\t<div class=\"elementor-column elementor-col-100 elementor-top-column elementor-element elementor-element-cdc7f3d\" data-id=\"cdc7f3d\" data-element_type=\"column\">\n\t\t\t<div class=\"elementor-widget-wrap elementor-element-populated\">\n\t\t\t\t\t\t<div class=\"elementor-element elementor-element-fae1b77 elementor-widget elementor-widget-image\" data-id=\"fae1b77\" data-element_type=\"widget\" data-widget_type=\"image.default\">\n\t\t\t\t<div class=\"elementor-widget-container\">\n\t\t\t\t\t\t\t\t\t\t\t\t\t\t\t<img decoding=\"async\" width=\"1494\" height=\"1169\" src=\"https:\/\/joseppons.com\/formacion\/wp-content\/uploads\/2023\/04\/ab2685d4-0ec2-413f-a7ea-0ea708cf6ef5-copia-1.jpg\" class=\"attachment-large size-large wp-image-15142\" alt=\"estetica-josep-pons\" srcset=\"https:\/\/joseppons.com\/formacion\/wp-content\/uploads\/2023\/04\/ab2685d4-0ec2-413f-a7ea-0ea708cf6ef5-copia-1.jpg 1494w, https:\/\/joseppons.com\/formacion\/wp-content\/uploads\/2023\/04\/ab2685d4-0ec2-413f-a7ea-0ea708cf6ef5-copia-1-768x601.jpg 768w\" sizes=\"(max-width: 1494px) 100vw, 1494px\" \/>\t\t\t\t\t\t\t\t\t\t\t\t\t\t\t<\/div>\n\t\t\t\t<\/div>\n\t\t\t\t\t<\/div>\n\t\t<\/div>\n\t\t\t\t\t<\/div>\n\t\t<\/section>\n\t\t\t\t<section class=\"elementor-section elementor-top-section elementor-element elementor-element-b05879b elementor-section-boxed elementor-section-height-default elementor-section-height-default\" data-id=\"b05879b\" data-element_type=\"section\">\n\t\t\t\t\t\t<div class=\"elementor-container elementor-column-gap-default\">\n\t\t\t\t\t<div class=\"elementor-column elementor-col-100 elementor-top-column elementor-element elementor-element-eaf7348\" data-id=\"eaf7348\" data-element_type=\"column\">\n\t\t\t<div class=\"elementor-widget-wrap elementor-element-populated\">\n\t\t\t\t\t\t<div class=\"elementor-element elementor-element-d9a6328 elementor-widget elementor-widget-text-editor\" data-id=\"d9a6328\" data-element_type=\"widget\" data-widget_type=\"text-editor.default\">\n\t\t\t\t<div class=\"elementor-widget-container\">\n\t\t\t\t\t\t\t\t\t<p>Con el <b>Ciclo Formativo de Est\u00e9tica y Belleza<\/b> descubrir\u00e1s el fascinante mundo de la est\u00e9tica y todas sus posibilidades profesionales.\u00a0<\/p><p>Las \u00e1reas de la imagen personal se orientan hacia un concepto de imagen global donde la est\u00e9tica adquiere una nueva dimensi\u00f3n y parte de la tendencia del dominio del <b>bienestar, los cuidados personales y la salud<\/b>.<\/p><p>Nuestro objetivo es que, con la formaci\u00f3n en est\u00e9tica, domines estos conceptos b\u00e1sicos y puedas, as\u00ed, ofrecer un servicio totalmente personalizado adaptado a las caracter\u00edsticas de cada cliente y sus necesidades.<\/p><p>El Grado Medio en Est\u00e9tica y Belleza tambi\u00e9n te permitir\u00e1 <b>hacer pr\u00e1cticas en centros de est\u00e9tica y salones de belleza <\/b>para estar en contacto con la realidad del mercado laboral actual y desarrollar todo tu potencial con plena seguridad.<\/p>\t\t\t\t\t\t\t\t<\/div>\n\t\t\t\t<\/div>\n\t\t\t\t\t<\/div>\n\t\t<\/div>\n\t\t\t\t\t<\/div>\n\t\t<\/section>\n\t\t\t\t<section class=\"elementor-section elementor-top-section elementor-element elementor-element-d3c2492 elementor-section-boxed elementor-section-height-default elementor-section-height-default\" data-id=\"d3c2492\" data-element_type=\"section\">\n\t\t\t\t\t\t<div class=\"elementor-container elementor-column-gap-default\">\n\t\t\t\t\t<div class=\"elementor-column elementor-col-100 elementor-top-column elementor-element elementor-element-4266a3f\" data-id=\"4266a3f\" data-element_type=\"column\">\n\t\t\t<div class=\"elementor-widget-wrap elementor-element-populated\">\n\t\t\t\t\t\t<div class=\"elementor-element elementor-element-cf6eb99 elementor-widget elementor-widget-heading\" data-id=\"cf6eb99\" data-element_type=\"widget\" data-widget_type=\"heading.default\">\n\t\t\t\t<div class=\"elementor-widget-container\">\n\t\t\t\t\t<h2 class=\"elementor-heading-title elementor-size-default\">Curso Iniciaci\u00f3n Barber\u00eda<\/h2>\t\t\t\t<\/div>\n\t\t\t\t<\/div>\n\t\t\t\t\t<\/div>\n\t\t<\/div>\n\t\t\t\t\t<\/div>\n\t\t<\/section>\n\t\t\t\t<section class=\"elementor-section elementor-top-section elementor-element elementor-element-c1aa59e elementor-section-boxed elementor-section-height-default elementor-section-height-default\" data-id=\"c1aa59e\" data-element_type=\"section\">\n\t\t\t\t\t\t<div class=\"elementor-container elementor-column-gap-default\">\n\t\t\t\t\t<div class=\"elementor-column elementor-col-100 elementor-top-column elementor-element elementor-element-f5c21b9\" data-id=\"f5c21b9\" data-element_type=\"column\">\n\t\t\t<div class=\"elementor-widget-wrap elementor-element-populated\">\n\t\t\t\t\t\t<div class=\"elementor-element elementor-element-fff5251 elementor-widget elementor-widget-text-editor\" data-id=\"fff5251\" data-element_type=\"widget\" data-widget_type=\"text-editor.default\">\n\t\t\t\t<div class=\"elementor-widget-container\">\n\t\t\t\t\t\t\t\t\t<p>El curso de Iniciaci\u00f3n en Barber\u00eda tiene como objetivo principal conseguir que los futuros profesionales del sector de la imagen tengan una base muy s\u00f3lida de conocimientos en la materia.<\/p><p>Para ello, a lo largo de los <b>seis meses formativos<\/b> los alumnos aprenden a realizar las principales t\u00e9cnicas de <b>corte, afeitado, coloraci\u00f3n y moldeado<\/b> en un espacio que simula un sal\u00f3n de barber\u00eda real.\u00a0<\/p><p>Y es que, gracias a la metodolog\u00eda propia Josep Pons basada en la pr\u00e1ctica diaria, los alumnos aprenden a pensar, actuar y trabajar como un barbero profesional para, as\u00ed, ser capaces de <b>crear sus propios dise\u00f1os y estilismos<\/b>.<\/p>\t\t\t\t\t\t\t\t<\/div>\n\t\t\t\t<\/div>\n\t\t\t\t\t<\/div>\n\t\t<\/div>\n\t\t\t\t\t<\/div>\n\t\t<\/section>\n\t\t\t\t<section class=\"elementor-section elementor-top-section elementor-element elementor-element-82e3b35 elementor-section-boxed elementor-section-height-default elementor-section-height-default\" data-id=\"82e3b35\" data-element_type=\"section\">\n\t\t\t\t\t\t<div class=\"elementor-container elementor-column-gap-default\">\n\t\t\t\t\t<div class=\"elementor-column elementor-col-100 elementor-top-column elementor-element elementor-element-b64fa52\" data-id=\"b64fa52\" data-element_type=\"column\">\n\t\t\t<div class=\"elementor-widget-wrap elementor-element-populated\">\n\t\t\t\t\t\t<div class=\"elementor-element elementor-element-7afa203 elementor-widget elementor-widget-image\" data-id=\"7afa203\" data-element_type=\"widget\" data-widget_type=\"image.default\">\n\t\t\t\t<div class=\"elementor-widget-container\">\n\t\t\t\t\t\t\t\t\t\t\t\t\t\t\t<img loading=\"lazy\" decoding=\"async\" width=\"2994\" height=\"3146\" src=\"https:\/\/joseppons.com\/formacion\/wp-content\/uploads\/2023\/04\/IMG_3079-copia-compressed.jpg\" class=\"attachment-large size-large wp-image-15141\" alt=\"jornada-puertas-abiertas\" srcset=\"https:\/\/joseppons.com\/formacion\/wp-content\/uploads\/2023\/04\/IMG_3079-copia-compressed.jpg 2994w, https:\/\/joseppons.com\/formacion\/wp-content\/uploads\/2023\/04\/IMG_3079-copia-compressed-768x807.jpg 768w, https:\/\/joseppons.com\/formacion\/wp-content\/uploads\/2023\/04\/IMG_3079-copia-compressed-1462x1536.jpg 1462w, https:\/\/joseppons.com\/formacion\/wp-content\/uploads\/2023\/04\/IMG_3079-copia-compressed-1949x2048.jpg 1949w\" sizes=\"(max-width: 2994px) 100vw, 2994px\" \/>\t\t\t\t\t\t\t\t\t\t\t\t\t\t\t<\/div>\n\t\t\t\t<\/div>\n\t\t\t\t\t<\/div>\n\t\t<\/div>\n\t\t\t\t\t<\/div>\n\t\t<\/section>\n\t\t\t\t<section class=\"elementor-section elementor-top-section elementor-element elementor-element-a8908d8 elementor-section-boxed elementor-section-height-default elementor-section-height-default\" data-id=\"a8908d8\" data-element_type=\"section\">\n\t\t\t\t\t\t<div class=\"elementor-container elementor-column-gap-default\">\n\t\t\t\t\t<div class=\"elementor-column elementor-col-100 elementor-top-column elementor-element elementor-element-e475958\" data-id=\"e475958\" data-element_type=\"column\">\n\t\t\t<div class=\"elementor-widget-wrap elementor-element-populated\">\n\t\t\t\t\t\t<div class=\"elementor-element elementor-element-9312faa elementor-widget elementor-widget-heading\" data-id=\"9312faa\" data-element_type=\"widget\" data-widget_type=\"heading.default\">\n\t\t\t\t<div class=\"elementor-widget-container\">\n\t\t\t\t\t<h2 class=\"elementor-heading-title elementor-size-default\">Postgrado de Especializaci\u00f3n en Barber\u00eda<\/h2>\t\t\t\t<\/div>\n\t\t\t\t<\/div>\n\t\t\t\t\t<\/div>\n\t\t<\/div>\n\t\t\t\t\t<\/div>\n\t\t<\/section>\n\t\t\t\t<section class=\"elementor-section elementor-top-section elementor-element elementor-element-06a3a3c elementor-section-boxed elementor-section-height-default elementor-section-height-default\" data-id=\"06a3a3c\" data-element_type=\"section\">\n\t\t\t\t\t\t<div class=\"elementor-container elementor-column-gap-default\">\n\t\t\t\t\t<div class=\"elementor-column elementor-col-100 elementor-top-column elementor-element elementor-element-32cfa48\" data-id=\"32cfa48\" data-element_type=\"column\">\n\t\t\t<div class=\"elementor-widget-wrap elementor-element-populated\">\n\t\t\t\t\t\t<div class=\"elementor-element elementor-element-b51f642 elementor-widget elementor-widget-text-editor\" data-id=\"b51f642\" data-element_type=\"widget\" data-widget_type=\"text-editor.default\">\n\t\t\t\t<div class=\"elementor-widget-container\">\n\t\t\t\t\t\t\t\t\t<p>Este curso de barber\u00eda te posibilita trabajar al ma\u0301ximo nivel a partir de un programa dise\u00f1ado para especializarte en&nbsp;<b>peluquer\u00eda masculina y t\u00e9cnicas de barber\u00eda<\/b>, un concepto en auge que te abrir\u00e1 nuevos horizontes profesionales.<\/p>\n<p><span style=\"font-size: 1em; letter-spacing: 0px; font-weight: var( --e-global-typography-text-font-weight );\">El sector de la peluqueri\u0301a requiere evolucionar hacia conceptos de futuro ofreciendo un&nbsp;<\/span><b style=\"font-size: 1em; letter-spacing: 0px;\">servicio diferencial&nbsp;<\/b><span style=\"font-size: 1em; letter-spacing: 0px; font-weight: var( --e-global-typography-text-font-weight );\">con un valor an\u0303adido mediante la especializacio\u0301n en&nbsp;<\/span><b style=\"font-size: 1em; letter-spacing: 0px;\">t\u00e9cnicas de corte masculino y barber shop.<\/b><\/p>\n<p>En nuestro intere\u0301s por innovar en educaci\u00f3n y adelantarnos a las necesidades que requiere la profesio\u0301n, hemos disen\u0303ando un postgrado para convertir en profesionales de \u00e9xito a nuestros alumnos que quieren especializarse para ofrecer servicios de&nbsp;<b>m\u00e1xima calidad.<\/b><\/p>\t\t\t\t\t\t\t\t<\/div>\n\t\t\t\t<\/div>\n\t\t\t\t\t<\/div>\n\t\t<\/div>\n\t\t\t\t\t<\/div>\n\t\t<\/section>\n\t\t\t\t<section class=\"elementor-section elementor-top-section elementor-element elementor-element-90ed4f8 elementor-section-boxed elementor-section-height-default elementor-section-height-default\" data-id=\"90ed4f8\" data-element_type=\"section\">\n\t\t\t\t\t\t<div class=\"elementor-container elementor-column-gap-default\">\n\t\t\t\t\t<div class=\"elementor-column elementor-col-100 elementor-top-column elementor-element elementor-element-e96916f\" data-id=\"e96916f\" data-element_type=\"column\">\n\t\t\t<div class=\"elementor-widget-wrap elementor-element-populated\">\n\t\t\t\t\t\t<div class=\"elementor-element elementor-element-8d70144 elementor-widget elementor-widget-heading\" data-id=\"8d70144\" data-element_type=\"widget\" data-widget_type=\"heading.default\">\n\t\t\t\t<div class=\"elementor-widget-container\">\n\t\t\t\t\t<h2 class=\"elementor-heading-title elementor-size-default\">\u00bfC\u00f3mo agendar tu cita para nuestras jornadas de puertas abiertas personalizadas?<\/h2>\t\t\t\t<\/div>\n\t\t\t\t<\/div>\n\t\t\t\t\t<\/div>\n\t\t<\/div>\n\t\t\t\t\t<\/div>\n\t\t<\/section>\n\t\t\t\t<section class=\"elementor-section elementor-top-section elementor-element elementor-element-157ccb7 elementor-section-boxed elementor-section-height-default elementor-section-height-default\" data-id=\"157ccb7\" data-element_type=\"section\">\n\t\t\t\t\t\t<div class=\"elementor-container elementor-column-gap-default\">\n\t\t\t\t\t<div class=\"elementor-column elementor-col-100 elementor-top-column elementor-element elementor-element-b718c90\" data-id=\"b718c90\" data-element_type=\"column\">\n\t\t\t<div class=\"elementor-widget-wrap elementor-element-populated\">\n\t\t\t\t\t\t<div class=\"elementor-element elementor-element-d35cf44 elementor-widget elementor-widget-text-editor\" data-id=\"d35cf44\" data-element_type=\"widget\" data-widget_type=\"text-editor.default\">\n\t\t\t\t<div class=\"elementor-widget-container\">\n\t\t\t\t\t\t\t\t\t<p>Es muy sencillo.<\/p><p>Puedes <b>llamarnos <\/b>al 933 21 55 00, 933 21 01 10, escribirnos por <b>WhatsApp<\/b> al 623 44 66 47 <span style=\"font-size: 1em; letter-spacing: 0px; font-weight: var( --e-global-typography-text-font-weight );\">o rellenar tus datos haciendo\u00a0<\/span><span style=\"font-size: 1em; letter-spacing: 0px; font-weight: var( --e-global-typography-text-font-weight ); color: #0000ff;\"><a style=\"color: #0000ff;\" href=\"https:\/\/joseppons.com\/formacion\/contacto\/\">clic aqu<\/a>\u00ed.<\/span><\/p><p>Recuerda que puedes agendar tu visita seg\u00fan<b> tus horarios y disponibilidades<\/b>.<\/p><p>\u00a1Nos adaptamos!<\/p><p>\u00a0<\/p>\t\t\t\t\t\t\t\t<\/div>\n\t\t\t\t<\/div>\n\t\t\t\t\t<\/div>\n\t\t<\/div>\n\t\t\t\t\t<\/div>\n\t\t<\/section>\n\t\t\t\t<\/div>\n\t\t","protected":false},"excerpt":{"rendered":"<p>Si est\u00e1s buscando una formaci\u00f3n integral en el mundo de la imagen personal, la peluquer\u00eda, la est\u00e9tica o la barber\u00eda, de cara al nuevo curso 2023-2024, descubre nuestras jornadas de puertas abiertas de la Escuela Josep Pons: \u00a1Totalmente individuales y personalizadas! \u00bfQu\u00e9 son las jornadas de puertas abiertas personalizadas? Las jornadas de puertas abiertas personalizadas&#8230;<\/p>\n","protected":false},"author":6,"featured_media":15120,"comment_status":"closed","ping_status":"closed","sticky":false,"template":"","format":"standard","meta":{"_joinchat":[],"footnotes":""},"categories":[6,8,137,752,461,9,337,590,356,101,7],"tags":[121,138,24,47,753,757,46,339,404,45,637,761,759,760,16,762,758],"class_list":["post-15019","post","type-post","status-publish","format-standard","has-post-thumbnail","hentry","category-actualidad","category-asesoria-de-imagen","category-barberia","category-educacion","category-especializaciones","category-estetica","category-grado-de-estetica","category-grado-medio-estetica-y-belleza","category-grado-superior-en-asesoria","category-grados-y-cursos","category-peluqueria","tag-asesoria-de-imagen","tag-barberia","tag-estetica","tag-estetica-y-belleza","tag-estudiar-grado-superior-asesoria","tag-formacion","tag-grado-medio","tag-grado-medio-de-estetica","tag-grado-medio-de-peluqueria","tag-grado-superior","tag-imagen-integral","tag-iniciacion-barberia","tag-jornada-de-puertas-abiertas","tag-jornada-puertas-abiertas-personalizadas","tag-peluqueria","tag-postgrado-barberia","tag-puertas-abiertas"],"yoast_head":"<!-- This site is optimized with the Yoast SEO plugin v26.7 - https:\/\/yoast.com\/wordpress\/plugins\/seo\/ -->\n<title>Descubre nuestras jornadas de puertas abiertas personalizadas<\/title>\n<meta name=\"description\" content=\"Conoce nuestras formaciones en asesor\u00eda de imagen, peluquer\u00eda, est\u00e9tica o barber\u00eda.\u00a1Tenemos jornadas de puertas abiertas personalizadas!\" \/>\n<meta name=\"robots\" content=\"index, follow, max-snippet:-1, max-image-preview:large, max-video-preview:-1\" \/>\n<link rel=\"canonical\" href=\"https:\/\/joseppons.com\/formacion\/jornadas-de-puertas-abiertas\/\" \/>\n<meta property=\"og:locale\" content=\"es_ES\" \/>\n<meta property=\"og:type\" content=\"article\" \/>\n<meta property=\"og:title\" content=\"Descubre nuestras jornadas de puertas abiertas personalizadas\" \/>\n<meta property=\"og:description\" content=\"Conoce nuestras formaciones en asesor\u00eda de imagen, peluquer\u00eda, est\u00e9tica o barber\u00eda.\u00a1Tenemos jornadas de puertas abiertas personalizadas!\" \/>\n<meta property=\"og:url\" content=\"https:\/\/joseppons.com\/formacion\/jornadas-de-puertas-abiertas\/\" \/>\n<meta property=\"og:site_name\" content=\"Josep Pons Formaci\u00f3n\" \/>\n<meta property=\"article:publisher\" content=\"https:\/\/es-es.facebook.com\/JosepPonsFormacio\/\" \/>\n<meta property=\"article:published_time\" content=\"2023-04-28T12:53:07+00:00\" \/>\n<meta property=\"article:modified_time\" content=\"2024-07-30T15:09:13+00:00\" \/>\n<meta property=\"og:image\" content=\"https:\/\/joseppons.com\/formacion\/wp-content\/uploads\/2023\/04\/Diseno-sin-titulo.jpg\" \/>\n\t<meta property=\"og:image:width\" content=\"700\" \/>\n\t<meta property=\"og:image:height\" content=\"400\" \/>\n\t<meta property=\"og:image:type\" content=\"image\/jpeg\" \/>\n<meta name=\"author\" content=\"Comunicaci\u00f3n\" \/>\n<meta name=\"twitter:card\" content=\"summary_large_image\" \/>\n<meta name=\"twitter:creator\" content=\"@josepponsimatge\" \/>\n<meta name=\"twitter:site\" content=\"@josepponsimatge\" \/>\n<meta name=\"twitter:label1\" content=\"Escrito por\" \/>\n\t<meta name=\"twitter:data1\" content=\"Comunicaci\u00f3n\" \/>\n\t<meta name=\"twitter:label2\" content=\"Tiempo de lectura\" \/>\n\t<meta name=\"twitter:data2\" content=\"6 minutos\" \/>\n<script type=\"application\/ld+json\" class=\"yoast-schema-graph\">{\"@context\":\"https:\/\/schema.org\",\"@graph\":[{\"@type\":\"Article\",\"@id\":\"https:\/\/joseppons.com\/formacion\/jornadas-de-puertas-abiertas\/#article\",\"isPartOf\":{\"@id\":\"https:\/\/joseppons.com\/formacion\/jornadas-de-puertas-abiertas\/\"},\"author\":{\"name\":\"Comunicaci\u00f3n\",\"@id\":\"https:\/\/joseppons.com\/formacion\/#\/schema\/person\/5bcd14ff97d0c75b868e8577fd59c2a4\"},\"headline\":\"Descubre nuestras jornadas de puertas abiertas personalizadas\",\"datePublished\":\"2023-04-28T12:53:07+00:00\",\"dateModified\":\"2024-07-30T15:09:13+00:00\",\"mainEntityOfPage\":{\"@id\":\"https:\/\/joseppons.com\/formacion\/jornadas-de-puertas-abiertas\/\"},\"wordCount\":1117,\"publisher\":{\"@id\":\"https:\/\/joseppons.com\/formacion\/#organization\"},\"image\":{\"@id\":\"https:\/\/joseppons.com\/formacion\/jornadas-de-puertas-abiertas\/#primaryimage\"},\"thumbnailUrl\":\"https:\/\/joseppons.com\/formacion\/wp-content\/uploads\/2023\/04\/Diseno-sin-titulo.jpg\",\"keywords\":[\"asesoria de imagen\",\"Barber\u00eda\",\"est\u00e9tica\",\"Est\u00e9tica y Belleza\",\"Estudiar Grado Superior Asesoria\",\"Formacion\",\"Grado medio\",\"Grado medio de \u00e9stetica\",\"Grado Medio de Peluquer\u00eda\",\"Grado Superior\",\"imagen integral\",\"Iniciaci\u00f3n barber\u00eda\",\"jornada de puertas abiertas\",\"jornada puertas abiertas personalizadas\",\"Peluquer\u00eda\",\"Postgrado barber\u00eda\",\"Puertas abiertas\"],\"articleSection\":[\"Actualidad\",\"Asesor\u00eda de imagen\",\"Barber\u00eda\",\"educaci\u00f3n\",\"Especializaciones\",\"Est\u00e9tica\",\"Grado de est\u00e9tica\",\"grado medio est\u00e9tica y belleza\",\"Grado Superior en Asesor\u00eda\",\"Grados y cursos\",\"Peluquer\u00eda\"],\"inLanguage\":\"es\"},{\"@type\":\"WebPage\",\"@id\":\"https:\/\/joseppons.com\/formacion\/jornadas-de-puertas-abiertas\/\",\"url\":\"https:\/\/joseppons.com\/formacion\/jornadas-de-puertas-abiertas\/\",\"name\":\"Descubre nuestras jornadas de puertas abiertas personalizadas\",\"isPartOf\":{\"@id\":\"https:\/\/joseppons.com\/formacion\/#website\"},\"primaryImageOfPage\":{\"@id\":\"https:\/\/joseppons.com\/formacion\/jornadas-de-puertas-abiertas\/#primaryimage\"},\"image\":{\"@id\":\"https:\/\/joseppons.com\/formacion\/jornadas-de-puertas-abiertas\/#primaryimage\"},\"thumbnailUrl\":\"https:\/\/joseppons.com\/formacion\/wp-content\/uploads\/2023\/04\/Diseno-sin-titulo.jpg\",\"datePublished\":\"2023-04-28T12:53:07+00:00\",\"dateModified\":\"2024-07-30T15:09:13+00:00\",\"description\":\"Conoce nuestras formaciones en asesor\u00eda de imagen, peluquer\u00eda, est\u00e9tica o barber\u00eda.\u00a1Tenemos jornadas de puertas abiertas personalizadas!\",\"breadcrumb\":{\"@id\":\"https:\/\/joseppons.com\/formacion\/jornadas-de-puertas-abiertas\/#breadcrumb\"},\"inLanguage\":\"es\",\"potentialAction\":[{\"@type\":\"ReadAction\",\"target\":[\"https:\/\/joseppons.com\/formacion\/jornadas-de-puertas-abiertas\/\"]}]},{\"@type\":\"ImageObject\",\"inLanguage\":\"es\",\"@id\":\"https:\/\/joseppons.com\/formacion\/jornadas-de-puertas-abiertas\/#primaryimage\",\"url\":\"https:\/\/joseppons.com\/formacion\/wp-content\/uploads\/2023\/04\/Diseno-sin-titulo.jpg\",\"contentUrl\":\"https:\/\/joseppons.com\/formacion\/wp-content\/uploads\/2023\/04\/Diseno-sin-titulo.jpg\",\"width\":700,\"height\":400,\"caption\":\"jornada-puertas-abiertas\"},{\"@type\":\"BreadcrumbList\",\"@id\":\"https:\/\/joseppons.com\/formacion\/jornadas-de-puertas-abiertas\/#breadcrumb\",\"itemListElement\":[{\"@type\":\"ListItem\",\"position\":1,\"name\":\"Portada\",\"item\":\"https:\/\/joseppons.com\/formacion\/\"},{\"@type\":\"ListItem\",\"position\":2,\"name\":\"Descubre nuestras jornadas de puertas abiertas personalizadas\"}]},{\"@type\":\"WebSite\",\"@id\":\"https:\/\/joseppons.com\/formacion\/#website\",\"url\":\"https:\/\/joseppons.com\/formacion\/\",\"name\":\"Josep Pons Formaci\u00f3n\",\"description\":\"\",\"publisher\":{\"@id\":\"https:\/\/joseppons.com\/formacion\/#organization\"},\"potentialAction\":[{\"@type\":\"SearchAction\",\"target\":{\"@type\":\"EntryPoint\",\"urlTemplate\":\"https:\/\/joseppons.com\/formacion\/?s={search_term_string}\"},\"query-input\":{\"@type\":\"PropertyValueSpecification\",\"valueRequired\":true,\"valueName\":\"search_term_string\"}}],\"inLanguage\":\"es\"},{\"@type\":\"Organization\",\"@id\":\"https:\/\/joseppons.com\/formacion\/#organization\",\"name\":\"Josep Pons\",\"url\":\"https:\/\/joseppons.com\/formacion\/\",\"logo\":{\"@type\":\"ImageObject\",\"inLanguage\":\"es\",\"@id\":\"https:\/\/joseppons.com\/formacion\/#\/schema\/logo\/image\/\",\"url\":\"https:\/\/joseppons.com\/formacion\/wp-content\/uploads\/2018\/09\/logotipo-home-josepponsformacio-1.png\",\"contentUrl\":\"https:\/\/joseppons.com\/formacion\/wp-content\/uploads\/2018\/09\/logotipo-home-josepponsformacio-1.png\",\"width\":420,\"height\":280,\"caption\":\"Josep Pons\"},\"image\":{\"@id\":\"https:\/\/joseppons.com\/formacion\/#\/schema\/logo\/image\/\"},\"sameAs\":[\"https:\/\/es-es.facebook.com\/JosepPonsFormacio\/\",\"https:\/\/x.com\/josepponsimatge\",\"https:\/\/www.instagram.com\/ponsformacion\/\"]},{\"@type\":\"Person\",\"@id\":\"https:\/\/joseppons.com\/formacion\/#\/schema\/person\/5bcd14ff97d0c75b868e8577fd59c2a4\",\"name\":\"Comunicaci\u00f3n\"}]}<\/script>\n<!-- \/ Yoast SEO plugin. -->","yoast_head_json":{"title":"Descubre nuestras jornadas de puertas abiertas personalizadas","description":"Conoce nuestras formaciones en asesor\u00eda de imagen, peluquer\u00eda, est\u00e9tica o barber\u00eda.\u00a1Tenemos jornadas de puertas abiertas personalizadas!","robots":{"index":"index","follow":"follow","max-snippet":"max-snippet:-1","max-image-preview":"max-image-preview:large","max-video-preview":"max-video-preview:-1"},"canonical":"https:\/\/joseppons.com\/formacion\/jornadas-de-puertas-abiertas\/","og_locale":"es_ES","og_type":"article","og_title":"Descubre nuestras jornadas de puertas abiertas personalizadas","og_description":"Conoce nuestras formaciones en asesor\u00eda de imagen, peluquer\u00eda, est\u00e9tica o barber\u00eda.\u00a1Tenemos jornadas de puertas abiertas personalizadas!","og_url":"https:\/\/joseppons.com\/formacion\/jornadas-de-puertas-abiertas\/","og_site_name":"Josep Pons Formaci\u00f3n","article_publisher":"https:\/\/es-es.facebook.com\/JosepPonsFormacio\/","article_published_time":"2023-04-28T12:53:07+00:00","article_modified_time":"2024-07-30T15:09:13+00:00","og_image":[{"width":700,"height":400,"url":"https:\/\/joseppons.com\/formacion\/wp-content\/uploads\/2023\/04\/Diseno-sin-titulo.jpg","type":"image\/jpeg"}],"author":"Comunicaci\u00f3n","twitter_card":"summary_large_image","twitter_creator":"@josepponsimatge","twitter_site":"@josepponsimatge","twitter_misc":{"Escrito por":"Comunicaci\u00f3n","Tiempo de lectura":"6 minutos"},"schema":{"@context":"https:\/\/schema.org","@graph":[{"@type":"Article","@id":"https:\/\/joseppons.com\/formacion\/jornadas-de-puertas-abiertas\/#article","isPartOf":{"@id":"https:\/\/joseppons.com\/formacion\/jornadas-de-puertas-abiertas\/"},"author":{"name":"Comunicaci\u00f3n","@id":"https:\/\/joseppons.com\/formacion\/#\/schema\/person\/5bcd14ff97d0c75b868e8577fd59c2a4"},"headline":"Descubre nuestras jornadas de puertas abiertas personalizadas","datePublished":"2023-04-28T12:53:07+00:00","dateModified":"2024-07-30T15:09:13+00:00","mainEntityOfPage":{"@id":"https:\/\/joseppons.com\/formacion\/jornadas-de-puertas-abiertas\/"},"wordCount":1117,"publisher":{"@id":"https:\/\/joseppons.com\/formacion\/#organization"},"image":{"@id":"https:\/\/joseppons.com\/formacion\/jornadas-de-puertas-abiertas\/#primaryimage"},"thumbnailUrl":"https:\/\/joseppons.com\/formacion\/wp-content\/uploads\/2023\/04\/Diseno-sin-titulo.jpg","keywords":["asesoria de imagen","Barber\u00eda","est\u00e9tica","Est\u00e9tica y Belleza","Estudiar Grado Superior Asesoria","Formacion","Grado medio","Grado medio de \u00e9stetica","Grado Medio de Peluquer\u00eda","Grado Superior","imagen integral","Iniciaci\u00f3n barber\u00eda","jornada de puertas abiertas","jornada puertas abiertas personalizadas","Peluquer\u00eda","Postgrado barber\u00eda","Puertas abiertas"],"articleSection":["Actualidad","Asesor\u00eda de imagen","Barber\u00eda","educaci\u00f3n","Especializaciones","Est\u00e9tica","Grado de est\u00e9tica","grado medio est\u00e9tica y belleza","Grado Superior en Asesor\u00eda","Grados y cursos","Peluquer\u00eda"],"inLanguage":"es"},{"@type":"WebPage","@id":"https:\/\/joseppons.com\/formacion\/jornadas-de-puertas-abiertas\/","url":"https:\/\/joseppons.com\/formacion\/jornadas-de-puertas-abiertas\/","name":"Descubre nuestras jornadas de puertas abiertas personalizadas","isPartOf":{"@id":"https:\/\/joseppons.com\/formacion\/#website"},"primaryImageOfPage":{"@id":"https:\/\/joseppons.com\/formacion\/jornadas-de-puertas-abiertas\/#primaryimage"},"image":{"@id":"https:\/\/joseppons.com\/formacion\/jornadas-de-puertas-abiertas\/#primaryimage"},"thumbnailUrl":"https:\/\/joseppons.com\/formacion\/wp-content\/uploads\/2023\/04\/Diseno-sin-titulo.jpg","datePublished":"2023-04-28T12:53:07+00:00","dateModified":"2024-07-30T15:09:13+00:00","description":"Conoce nuestras formaciones en asesor\u00eda de imagen, peluquer\u00eda, est\u00e9tica o barber\u00eda.\u00a1Tenemos jornadas de puertas abiertas personalizadas!","breadcrumb":{"@id":"https:\/\/joseppons.com\/formacion\/jornadas-de-puertas-abiertas\/#breadcrumb"},"inLanguage":"es","potentialAction":[{"@type":"ReadAction","target":["https:\/\/joseppons.com\/formacion\/jornadas-de-puertas-abiertas\/"]}]},{"@type":"ImageObject","inLanguage":"es","@id":"https:\/\/joseppons.com\/formacion\/jornadas-de-puertas-abiertas\/#primaryimage","url":"https:\/\/joseppons.com\/formacion\/wp-content\/uploads\/2023\/04\/Diseno-sin-titulo.jpg","contentUrl":"https:\/\/joseppons.com\/formacion\/wp-content\/uploads\/2023\/04\/Diseno-sin-titulo.jpg","width":700,"height":400,"caption":"jornada-puertas-abiertas"},{"@type":"BreadcrumbList","@id":"https:\/\/joseppons.com\/formacion\/jornadas-de-puertas-abiertas\/#breadcrumb","itemListElement":[{"@type":"ListItem","position":1,"name":"Portada","item":"https:\/\/joseppons.com\/formacion\/"},{"@type":"ListItem","position":2,"name":"Descubre nuestras jornadas de puertas abiertas personalizadas"}]},{"@type":"WebSite","@id":"https:\/\/joseppons.com\/formacion\/#website","url":"https:\/\/joseppons.com\/formacion\/","name":"Josep Pons Formaci\u00f3n","description":"","publisher":{"@id":"https:\/\/joseppons.com\/formacion\/#organization"},"potentialAction":[{"@type":"SearchAction","target":{"@type":"EntryPoint","urlTemplate":"https:\/\/joseppons.com\/formacion\/?s={search_term_string}"},"query-input":{"@type":"PropertyValueSpecification","valueRequired":true,"valueName":"search_term_string"}}],"inLanguage":"es"},{"@type":"Organization","@id":"https:\/\/joseppons.com\/formacion\/#organization","name":"Josep Pons","url":"https:\/\/joseppons.com\/formacion\/","logo":{"@type":"ImageObject","inLanguage":"es","@id":"https:\/\/joseppons.com\/formacion\/#\/schema\/logo\/image\/","url":"https:\/\/joseppons.com\/formacion\/wp-content\/uploads\/2018\/09\/logotipo-home-josepponsformacio-1.png","contentUrl":"https:\/\/joseppons.com\/formacion\/wp-content\/uploads\/2018\/09\/logotipo-home-josepponsformacio-1.png","width":420,"height":280,"caption":"Josep Pons"},"image":{"@id":"https:\/\/joseppons.com\/formacion\/#\/schema\/logo\/image\/"},"sameAs":["https:\/\/es-es.facebook.com\/JosepPonsFormacio\/","https:\/\/x.com\/josepponsimatge","https:\/\/www.instagram.com\/ponsformacion\/"]},{"@type":"Person","@id":"https:\/\/joseppons.com\/formacion\/#\/schema\/person\/5bcd14ff97d0c75b868e8577fd59c2a4","name":"Comunicaci\u00f3n"}]}},"_links":{"self":[{"href":"https:\/\/joseppons.com\/formacion\/wp-json\/wp\/v2\/posts\/15019","targetHints":{"allow":["GET"]}}],"collection":[{"href":"https:\/\/joseppons.com\/formacion\/wp-json\/wp\/v2\/posts"}],"about":[{"href":"https:\/\/joseppons.com\/formacion\/wp-json\/wp\/v2\/types\/post"}],"author":[{"embeddable":true,"href":"https:\/\/joseppons.com\/formacion\/wp-json\/wp\/v2\/users\/6"}],"replies":[{"embeddable":true,"href":"https:\/\/joseppons.com\/formacion\/wp-json\/wp\/v2\/comments?post=15019"}],"version-history":[{"count":0,"href":"https:\/\/joseppons.com\/formacion\/wp-json\/wp\/v2\/posts\/15019\/revisions"}],"wp:featuredmedia":[{"embeddable":true,"href":"https:\/\/joseppons.com\/formacion\/wp-json\/wp\/v2\/media\/15120"}],"wp:attachment":[{"href":"https:\/\/joseppons.com\/formacion\/wp-json\/wp\/v2\/media?parent=15019"}],"wp:term":[{"taxonomy":"category","embeddable":true,"href":"https:\/\/joseppons.com\/formacion\/wp-json\/wp\/v2\/categories?post=15019"},{"taxonomy":"post_tag","embeddable":true,"href":"https:\/\/joseppons.com\/formacion\/wp-json\/wp\/v2\/tags?post=15019"}],"curies":[{"name":"wp","href":"https:\/\/api.w.org\/{rel}","templated":true}]}}