{"id":1493,"date":"2019-05-16T13:57:45","date_gmt":"2019-05-16T11:57:45","guid":{"rendered":"https:\/\/joseppons.com\/formacion\/?p=1493"},"modified":"2019-05-17T11:30:20","modified_gmt":"2019-05-17T09:30:20","slug":"tendencias-primavera-verano-2019-sacarles-partido","status":"publish","type":"post","link":"https:\/\/joseppons.com\/formacion\/tendencias-primavera-verano-2019-sacarles-partido\/","title":{"rendered":"Tendencias primavera \/ verano 2019: c\u00f3mo sacarles partido"},"content":{"rendered":"\t\t<div data-elementor-type=\"wp-post\" data-elementor-id=\"1493\" class=\"elementor elementor-1493\" data-elementor-post-type=\"post\">\n\t\t\t\t\t\t<section class=\"elementor-section elementor-top-section elementor-element elementor-element-08e3ba7 elementor-section-boxed elementor-section-height-default elementor-section-height-default\" data-id=\"08e3ba7\" data-element_type=\"section\">\n\t\t\t\t\t\t<div class=\"elementor-container elementor-column-gap-default\">\n\t\t\t\t\t<div class=\"elementor-column elementor-col-100 elementor-top-column elementor-element elementor-element-5153e5d\" data-id=\"5153e5d\" data-element_type=\"column\">\n\t\t\t<div class=\"elementor-widget-wrap elementor-element-populated\">\n\t\t\t\t\t\t<div class=\"elementor-element elementor-element-6de9c46 elementor-widget elementor-widget-text-editor\" data-id=\"6de9c46\" data-element_type=\"widget\" data-widget_type=\"text-editor.default\">\n\t\t\t\t<div class=\"elementor-widget-container\">\n\t\t\t\t\t\t\t\t\t<p>Los <strong>dise\u00f1adores de moda han hablado<\/strong> y las firmas m\u00e1s top del momento, donde nos dejamos media parte de nuestros ahorros, han tomado nota y han lanzado lo que prometen ser <strong>las tendencias<\/strong> m\u00e1s populares para esta temporada <strong>primavera \/ verano 2019<\/strong>.<\/p><p>Camisetas, blusas, petos, vestidos, pantalones, cazadoras\u2026 Para \u00e9l y para ella. Un sinf\u00edn de prendas de ropa para todos los gustos y estilos que todos querremos a\u00f1adir a nuestro armario.<\/p><p>Sin embargo, todo es muy bonito hasta que chocamos con la realidad. Y es que no podemos olvidar que una cosa es la tendencia (aquello que est\u00e1 de moda) y la otra c\u00f3mo se adapta \u00e9sta a nuestro cuerpo. Es por eso que hemos consultado a nuestra asesora de imagen y profesora del <a href=\"https:\/\/joseppons.com\/formacion\/ciclos-formativos-de-asesoria-de-imagen\/\"><u>grado superior de asesor\u00eda de imagen personal y corporativa<\/u><\/a>, Yolanda P\u00e9rez, cu\u00e1les ser\u00e1n las prendas de ropa que no nos pueden faltar esta temporada y c\u00f3mo podemos sacarles el m\u00e1ximo partido.<\/p><p>\u00a0<\/p>\t\t\t\t\t\t\t\t<\/div>\n\t\t\t\t<\/div>\n\t\t\t\t\t<\/div>\n\t\t<\/div>\n\t\t\t\t\t<\/div>\n\t\t<\/section>\n\t\t\t\t<section class=\"elementor-section elementor-top-section elementor-element elementor-element-d8ab995 elementor-section-boxed elementor-section-height-default elementor-section-height-default\" data-id=\"d8ab995\" data-element_type=\"section\">\n\t\t\t\t\t\t<div class=\"elementor-container elementor-column-gap-default\">\n\t\t\t\t\t<div class=\"elementor-column elementor-col-100 elementor-top-column elementor-element elementor-element-f241395\" data-id=\"f241395\" data-element_type=\"column\">\n\t\t\t<div class=\"elementor-widget-wrap elementor-element-populated\">\n\t\t\t\t\t\t<div class=\"elementor-element elementor-element-4d4f68c elementor-widget elementor-widget-heading\" data-id=\"4d4f68c\" data-element_type=\"widget\" data-widget_type=\"heading.default\">\n\t\t\t\t<div class=\"elementor-widget-container\">\n\t\t\t\t\t<h2 class=\"elementor-heading-title elementor-size-default\">Tendencias de moda primavera \/ verano mujer<\/h2>\t\t\t\t<\/div>\n\t\t\t\t<\/div>\n\t\t\t\t<div class=\"elementor-element elementor-element-eca2e0f elementor-widget elementor-widget-heading\" data-id=\"eca2e0f\" data-element_type=\"widget\" data-widget_type=\"heading.default\">\n\t\t\t\t<div class=\"elementor-widget-container\">\n\t\t\t\t\t<h3 class=\"elementor-heading-title elementor-size-default\">Los pantalones tobilleros<\/h3>\t\t\t\t<\/div>\n\t\t\t\t<\/div>\n\t\t\t\t\t<\/div>\n\t\t<\/div>\n\t\t\t\t\t<\/div>\n\t\t<\/section>\n\t\t\t\t<section class=\"elementor-section elementor-top-section elementor-element elementor-element-d20e8dd elementor-section-boxed elementor-section-height-default elementor-section-height-default\" data-id=\"d20e8dd\" data-element_type=\"section\">\n\t\t\t\t\t\t<div class=\"elementor-container elementor-column-gap-default\">\n\t\t\t\t\t<div class=\"elementor-column elementor-col-100 elementor-top-column elementor-element elementor-element-d0573ee\" data-id=\"d0573ee\" data-element_type=\"column\">\n\t\t\t<div class=\"elementor-widget-wrap elementor-element-populated\">\n\t\t\t\t\t\t<div class=\"elementor-element elementor-element-df10c1b elementor-widget elementor-widget-image\" data-id=\"df10c1b\" data-element_type=\"widget\" data-widget_type=\"image.default\">\n\t\t\t\t<div class=\"elementor-widget-container\">\n\t\t\t\t\t\t\t\t\t\t\t\t<figure class=\"wp-caption\">\n\t\t\t\t\t\t\t\t\t\t<img fetchpriority=\"high\" decoding=\"async\" width=\"937\" height=\"500\" src=\"https:\/\/joseppons.com\/formacion\/wp-content\/uploads\/2019\/05\/1.jpg\" class=\"attachment-large size-large wp-image-1509\" alt=\"Pantalones Tobilleros Tendencia Primavera \/ Verano\" srcset=\"https:\/\/joseppons.com\/formacion\/wp-content\/uploads\/2019\/05\/1.jpg 937w, https:\/\/joseppons.com\/formacion\/wp-content\/uploads\/2019\/05\/1-768x410.jpg 768w\" sizes=\"(max-width: 937px) 100vw, 937px\" \/>\t\t\t\t\t\t\t\t\t\t\t<figcaption class=\"widget-image-caption wp-caption-text\">Pantalones Tobilleros<\/figcaption>\n\t\t\t\t\t\t\t\t\t\t<\/figure>\n\t\t\t\t\t\t\t\t\t<\/div>\n\t\t\t\t<\/div>\n\t\t\t\t\t<\/div>\n\t\t<\/div>\n\t\t\t\t\t<\/div>\n\t\t<\/section>\n\t\t\t\t<section class=\"elementor-section elementor-top-section elementor-element elementor-element-60c57e7 elementor-section-boxed elementor-section-height-default elementor-section-height-default\" data-id=\"60c57e7\" data-element_type=\"section\">\n\t\t\t\t\t\t<div class=\"elementor-container elementor-column-gap-default\">\n\t\t\t\t\t<div class=\"elementor-column elementor-col-100 elementor-top-column elementor-element elementor-element-3e370ac\" data-id=\"3e370ac\" data-element_type=\"column\">\n\t\t\t<div class=\"elementor-widget-wrap elementor-element-populated\">\n\t\t\t\t\t\t<div class=\"elementor-element elementor-element-6582e07 elementor-widget elementor-widget-text-editor\" data-id=\"6582e07\" data-element_type=\"widget\" data-widget_type=\"text-editor.default\">\n\t\t\t\t<div class=\"elementor-widget-container\">\n\t\t\t\t\t\t\t\t\t<p>Los pantalones por encima del tobillo han llegado para quedarse.<\/p><p>Son una de las <strong>tendencias clave de esta temporada<\/strong> en todos sus estilos y formas: en <em>jeans<\/em>, en tejidos de tela, con estampados de rayas diplom\u00e1ticas, cuadros, de cintura alta y con un lazo,&#8230;<\/p><p>No obstante, se trata de una tendencia no muy f\u00e1cil de combinar con el calzado. Actualmente vemos a muchas mujeres que las combinan con un bot\u00edn, y <strong>como especifica la asesora de imagen Yolanda P\u00e9rez<\/strong>, \u201ccuando combinamos un pantal\u00f3n tobillero con un bot\u00edn debemos ser conscientes de que visualmente estiliza menos que, por ejemplo, un calzado de empeine abierto.\u201d<\/p><p>Es por eso que <strong>recomienda complementar este <em>look<\/em><\/strong> con un zapato de tac\u00f3n con la parte superior descubierta para conseguir un look m\u00e1s elegante, o con una bamba si queremos lucir un estilo m\u00e1s <em>sport.<\/em><\/p>\t\t\t\t\t\t\t\t<\/div>\n\t\t\t\t<\/div>\n\t\t\t\t\t<\/div>\n\t\t<\/div>\n\t\t\t\t\t<\/div>\n\t\t<\/section>\n\t\t\t\t<section class=\"elementor-section elementor-top-section elementor-element elementor-element-4806bfa elementor-section-boxed elementor-section-height-default elementor-section-height-default\" data-id=\"4806bfa\" data-element_type=\"section\">\n\t\t\t\t\t\t<div class=\"elementor-container elementor-column-gap-default\">\n\t\t\t\t\t<div class=\"elementor-column elementor-col-100 elementor-top-column elementor-element elementor-element-b83a154\" data-id=\"b83a154\" data-element_type=\"column\">\n\t\t\t<div class=\"elementor-widget-wrap elementor-element-populated\">\n\t\t\t\t\t\t<div class=\"elementor-element elementor-element-adfa06b elementor-widget elementor-widget-heading\" data-id=\"adfa06b\" data-element_type=\"widget\" data-widget_type=\"heading.default\">\n\t\t\t\t<div class=\"elementor-widget-container\">\n\t\t\t\t\t<h3 class=\"elementor-heading-title elementor-size-default\">El blazer<\/h3>\t\t\t\t<\/div>\n\t\t\t\t<\/div>\n\t\t\t\t\t<\/div>\n\t\t<\/div>\n\t\t\t\t\t<\/div>\n\t\t<\/section>\n\t\t\t\t<section class=\"elementor-section elementor-top-section elementor-element elementor-element-d5122e7 elementor-section-boxed elementor-section-height-default elementor-section-height-default\" data-id=\"d5122e7\" data-element_type=\"section\">\n\t\t\t\t\t\t<div class=\"elementor-container elementor-column-gap-default\">\n\t\t\t\t\t<div class=\"elementor-column elementor-col-100 elementor-top-column elementor-element elementor-element-444c794\" data-id=\"444c794\" data-element_type=\"column\">\n\t\t\t<div class=\"elementor-widget-wrap elementor-element-populated\">\n\t\t\t\t\t\t<div class=\"elementor-element elementor-element-4ff125b elementor-widget elementor-widget-image\" data-id=\"4ff125b\" data-element_type=\"widget\" data-widget_type=\"image.default\">\n\t\t\t\t<div class=\"elementor-widget-container\">\n\t\t\t\t\t\t\t\t\t\t\t\t<figure class=\"wp-caption\">\n\t\t\t\t\t\t\t\t\t\t<img decoding=\"async\" width=\"940\" height=\"497\" src=\"https:\/\/joseppons.com\/formacion\/wp-content\/uploads\/2019\/05\/2.jpg\" class=\"attachment-large size-large wp-image-1510\" alt=\"Blazer Pantalones Tobilleros Tendencia Primavera \/ Verano\" srcset=\"https:\/\/joseppons.com\/formacion\/wp-content\/uploads\/2019\/05\/2.jpg 940w, https:\/\/joseppons.com\/formacion\/wp-content\/uploads\/2019\/05\/2-768x406.jpg 768w\" sizes=\"(max-width: 940px) 100vw, 940px\" \/>\t\t\t\t\t\t\t\t\t\t\t<figcaption class=\"widget-image-caption wp-caption-text\">Blazer<\/figcaption>\n\t\t\t\t\t\t\t\t\t\t<\/figure>\n\t\t\t\t\t\t\t\t\t<\/div>\n\t\t\t\t<\/div>\n\t\t\t\t\t<\/div>\n\t\t<\/div>\n\t\t\t\t\t<\/div>\n\t\t<\/section>\n\t\t\t\t<section class=\"elementor-section elementor-top-section elementor-element elementor-element-0ded516 elementor-section-boxed elementor-section-height-default elementor-section-height-default\" data-id=\"0ded516\" data-element_type=\"section\">\n\t\t\t\t\t\t<div class=\"elementor-container elementor-column-gap-default\">\n\t\t\t\t\t<div class=\"elementor-column elementor-col-100 elementor-top-column elementor-element elementor-element-f07194d\" data-id=\"f07194d\" data-element_type=\"column\">\n\t\t\t<div class=\"elementor-widget-wrap elementor-element-populated\">\n\t\t\t\t\t\t<div class=\"elementor-element elementor-element-0f68a3e elementor-widget elementor-widget-text-editor\" data-id=\"0f68a3e\" data-element_type=\"widget\" data-widget_type=\"text-editor.default\">\n\t\t\t\t<div class=\"elementor-widget-container\">\n\t\t\t\t\t\t\t\t\t<p>El blazer <strong>es una de las piezas favoritas<\/strong> de este \u00faltimo a\u00f1o gracias a todos sus atributos, ya que ayuda a estructurar y <strong>estilizar la parte superior del torso de la mujer<\/strong> gracias a su composici\u00f3n de linealidades rectas, y porque aporta cualidades de imagen de seguridad y profesionalidad.<\/p><p>Adem\u00e1s, se trata de una prenda que<strong> favorece mucho a la tipolog\u00eda corporal<\/strong> triangular curvil\u00ednea, a la redondeada y a la reloj de arena, que es la m\u00e1s arm\u00f3nica por excelencia.<\/p>\t\t\t\t\t\t\t\t<\/div>\n\t\t\t\t<\/div>\n\t\t\t\t\t<\/div>\n\t\t<\/div>\n\t\t\t\t\t<\/div>\n\t\t<\/section>\n\t\t\t\t<section class=\"elementor-section elementor-top-section elementor-element elementor-element-f34792f elementor-section-boxed elementor-section-height-default elementor-section-height-default\" data-id=\"f34792f\" data-element_type=\"section\">\n\t\t\t\t\t\t<div class=\"elementor-container elementor-column-gap-default\">\n\t\t\t\t\t<div class=\"elementor-column elementor-col-100 elementor-top-column elementor-element elementor-element-8a0fd9f\" data-id=\"8a0fd9f\" data-element_type=\"column\">\n\t\t\t<div class=\"elementor-widget-wrap elementor-element-populated\">\n\t\t\t\t\t\t<div class=\"elementor-element elementor-element-9b2889c elementor-widget elementor-widget-heading\" data-id=\"9b2889c\" data-element_type=\"widget\" data-widget_type=\"heading.default\">\n\t\t\t\t<div class=\"elementor-widget-container\">\n\t\t\t\t\t<h3 class=\"elementor-heading-title elementor-size-default\">La cazadora vaquera<\/h3>\t\t\t\t<\/div>\n\t\t\t\t<\/div>\n\t\t\t\t\t<\/div>\n\t\t<\/div>\n\t\t\t\t\t<\/div>\n\t\t<\/section>\n\t\t\t\t<section class=\"elementor-section elementor-top-section elementor-element elementor-element-6d89b76 elementor-section-boxed elementor-section-height-default elementor-section-height-default\" data-id=\"6d89b76\" data-element_type=\"section\">\n\t\t\t\t\t\t<div class=\"elementor-container elementor-column-gap-default\">\n\t\t\t\t\t<div class=\"elementor-column elementor-col-100 elementor-top-column elementor-element elementor-element-40784a5\" data-id=\"40784a5\" data-element_type=\"column\">\n\t\t\t<div class=\"elementor-widget-wrap elementor-element-populated\">\n\t\t\t\t\t\t<div class=\"elementor-element elementor-element-6daa968 elementor-widget elementor-widget-image\" data-id=\"6daa968\" data-element_type=\"widget\" data-widget_type=\"image.default\">\n\t\t\t\t<div class=\"elementor-widget-container\">\n\t\t\t\t\t\t\t\t\t\t\t\t<figure class=\"wp-caption\">\n\t\t\t\t\t\t\t\t\t\t<img decoding=\"async\" width=\"940\" height=\"499\" src=\"https:\/\/joseppons.com\/formacion\/wp-content\/uploads\/2019\/05\/3.jpg\" class=\"attachment-large size-large wp-image-1511\" alt=\"Cazadora vaquera\" srcset=\"https:\/\/joseppons.com\/formacion\/wp-content\/uploads\/2019\/05\/3.jpg 940w, https:\/\/joseppons.com\/formacion\/wp-content\/uploads\/2019\/05\/3-768x408.jpg 768w\" sizes=\"(max-width: 940px) 100vw, 940px\" \/>\t\t\t\t\t\t\t\t\t\t\t<figcaption class=\"widget-image-caption wp-caption-text\">Cazadora vaquera<\/figcaption>\n\t\t\t\t\t\t\t\t\t\t<\/figure>\n\t\t\t\t\t\t\t\t\t<\/div>\n\t\t\t\t<\/div>\n\t\t\t\t\t<\/div>\n\t\t<\/div>\n\t\t\t\t\t<\/div>\n\t\t<\/section>\n\t\t\t\t<section class=\"elementor-section elementor-top-section elementor-element elementor-element-7b0010f elementor-section-boxed elementor-section-height-default elementor-section-height-default\" data-id=\"7b0010f\" data-element_type=\"section\">\n\t\t\t\t\t\t<div class=\"elementor-container elementor-column-gap-default\">\n\t\t\t\t\t<div class=\"elementor-column elementor-col-100 elementor-top-column elementor-element elementor-element-6bd02ed\" data-id=\"6bd02ed\" data-element_type=\"column\">\n\t\t\t<div class=\"elementor-widget-wrap elementor-element-populated\">\n\t\t\t\t\t\t<div class=\"elementor-element elementor-element-169d060 elementor-widget elementor-widget-text-editor\" data-id=\"169d060\" data-element_type=\"widget\" data-widget_type=\"text-editor.default\">\n\t\t\t\t<div class=\"elementor-widget-container\">\n\t\t\t\t\t\t\t\t\tEs<strong> un b\u00e1sico<\/strong> para cualquier fondo de armario.\n\nActualmente la cazadora vaquera es tendencia en todos los colores: rosa, blanco, negro, azul, con un efecto desgastado,&#8230; y en todos los estilos y tama\u00f1os.\n\nY es que no solo es la chaqueta perfecta para el entretiempo, tambi\u00e9n <strong>es muy vers\u00e1til y f\u00e1cil de combinar,<\/strong> ya que se puede lucir con una estructura m\u00e1s entallada para crear un look m\u00e1s sofisticado, o con un <strong>estilo oversize<\/strong> para un ambiente m\u00e1s informal.\t\t\t\t\t\t\t\t<\/div>\n\t\t\t\t<\/div>\n\t\t\t\t\t<\/div>\n\t\t<\/div>\n\t\t\t\t\t<\/div>\n\t\t<\/section>\n\t\t\t\t<section class=\"elementor-section elementor-top-section elementor-element elementor-element-ce282a8 elementor-section-boxed elementor-section-height-default elementor-section-height-default\" data-id=\"ce282a8\" data-element_type=\"section\">\n\t\t\t\t\t\t<div class=\"elementor-container elementor-column-gap-default\">\n\t\t\t\t\t<div class=\"elementor-column elementor-col-100 elementor-top-column elementor-element elementor-element-77d8a1b\" data-id=\"77d8a1b\" data-element_type=\"column\">\n\t\t\t<div class=\"elementor-widget-wrap elementor-element-populated\">\n\t\t\t\t\t\t<div class=\"elementor-element elementor-element-f5e0c69 elementor-widget elementor-widget-heading\" data-id=\"f5e0c69\" data-element_type=\"widget\" data-widget_type=\"heading.default\">\n\t\t\t\t<div class=\"elementor-widget-container\">\n\t\t\t\t\t<h3 class=\"elementor-heading-title elementor-size-default\">Las faldas midi<\/h3>\t\t\t\t<\/div>\n\t\t\t\t<\/div>\n\t\t\t\t\t<\/div>\n\t\t<\/div>\n\t\t\t\t\t<\/div>\n\t\t<\/section>\n\t\t\t\t<section class=\"elementor-section elementor-top-section elementor-element elementor-element-3f5f495 elementor-section-boxed elementor-section-height-default elementor-section-height-default\" data-id=\"3f5f495\" data-element_type=\"section\">\n\t\t\t\t\t\t<div class=\"elementor-container elementor-column-gap-default\">\n\t\t\t\t\t<div class=\"elementor-column elementor-col-100 elementor-top-column elementor-element elementor-element-6117b4b\" data-id=\"6117b4b\" data-element_type=\"column\">\n\t\t\t<div class=\"elementor-widget-wrap elementor-element-populated\">\n\t\t\t\t\t\t<div class=\"elementor-element elementor-element-b4d13dd elementor-widget elementor-widget-image\" data-id=\"b4d13dd\" data-element_type=\"widget\" data-widget_type=\"image.default\">\n\t\t\t\t<div class=\"elementor-widget-container\">\n\t\t\t\t\t\t\t\t\t\t\t\t<figure class=\"wp-caption\">\n\t\t\t\t\t\t\t\t\t\t<img loading=\"lazy\" decoding=\"async\" width=\"940\" height=\"500\" src=\"https:\/\/joseppons.com\/formacion\/wp-content\/uploads\/2019\/05\/4.jpg\" class=\"attachment-large size-large wp-image-1512\" alt=\"Faldas Midi\" srcset=\"https:\/\/joseppons.com\/formacion\/wp-content\/uploads\/2019\/05\/4.jpg 940w, https:\/\/joseppons.com\/formacion\/wp-content\/uploads\/2019\/05\/4-768x409.jpg 768w\" sizes=\"(max-width: 940px) 100vw, 940px\" \/>\t\t\t\t\t\t\t\t\t\t\t<figcaption class=\"widget-image-caption wp-caption-text\">Faldas Midi<\/figcaption>\n\t\t\t\t\t\t\t\t\t\t<\/figure>\n\t\t\t\t\t\t\t\t\t<\/div>\n\t\t\t\t<\/div>\n\t\t\t\t\t<\/div>\n\t\t<\/div>\n\t\t\t\t\t<\/div>\n\t\t<\/section>\n\t\t\t\t<section class=\"elementor-section elementor-top-section elementor-element elementor-element-14ff209 elementor-section-boxed elementor-section-height-default elementor-section-height-default\" data-id=\"14ff209\" data-element_type=\"section\">\n\t\t\t\t\t\t<div class=\"elementor-container elementor-column-gap-default\">\n\t\t\t\t\t<div class=\"elementor-column elementor-col-100 elementor-top-column elementor-element elementor-element-e9b852c\" data-id=\"e9b852c\" data-element_type=\"column\">\n\t\t\t<div class=\"elementor-widget-wrap elementor-element-populated\">\n\t\t\t\t\t\t<div class=\"elementor-element elementor-element-e3f0963 elementor-widget elementor-widget-text-editor\" data-id=\"e3f0963\" data-element_type=\"widget\" data-widget_type=\"text-editor.default\">\n\t\t\t\t<div class=\"elementor-widget-container\">\n\t\t\t\t\t\t\t\t\t<p>La reina de las faldas para esta temporada <a href=\"https:\/\/joseppons.com\/formacion\/tendencias-cortes-pelo-primavera-2019\/\">primavera \/ verano<\/a>. Se trata de una pieza de ropa muy femenina, que <strong>es tendencia<\/strong> en todas sus formas y estilos, y que aporta mucha personalidad a cualquier look.<\/p><p>Adem\u00e1s, <strong>la falda midi<\/strong> destaca por ser muy vers\u00e1til y capaz de crear estilos completamente diferentes, ya que se puede llevar con unas bambas para crear un look m\u00e1s deportivo para ir a la oficina, o con unos zapatos de tac\u00f3n para asistir a un c\u00f3ctel o a una cena con amigas.<\/p>\t\t\t\t\t\t\t\t<\/div>\n\t\t\t\t<\/div>\n\t\t\t\t\t<\/div>\n\t\t<\/div>\n\t\t\t\t\t<\/div>\n\t\t<\/section>\n\t\t\t\t<section class=\"elementor-section elementor-top-section elementor-element elementor-element-eb1db22 elementor-section-boxed elementor-section-height-default elementor-section-height-default\" data-id=\"eb1db22\" data-element_type=\"section\">\n\t\t\t\t\t\t<div class=\"elementor-container elementor-column-gap-default\">\n\t\t\t\t\t<div class=\"elementor-column elementor-col-100 elementor-top-column elementor-element elementor-element-30107f5\" data-id=\"30107f5\" data-element_type=\"column\">\n\t\t\t<div class=\"elementor-widget-wrap elementor-element-populated\">\n\t\t\t\t\t\t<div class=\"elementor-element elementor-element-d113c01 elementor-widget elementor-widget-heading\" data-id=\"d113c01\" data-element_type=\"widget\" data-widget_type=\"heading.default\">\n\t\t\t\t<div class=\"elementor-widget-container\">\n\t\t\t\t\t<h3 class=\"elementor-heading-title elementor-size-default\">El peto<\/h3>\t\t\t\t<\/div>\n\t\t\t\t<\/div>\n\t\t\t\t\t<\/div>\n\t\t<\/div>\n\t\t\t\t\t<\/div>\n\t\t<\/section>\n\t\t\t\t<section class=\"elementor-section elementor-top-section elementor-element elementor-element-4a2fd4e elementor-section-boxed elementor-section-height-default elementor-section-height-default\" data-id=\"4a2fd4e\" data-element_type=\"section\">\n\t\t\t\t\t\t<div class=\"elementor-container elementor-column-gap-default\">\n\t\t\t\t\t<div class=\"elementor-column elementor-col-100 elementor-top-column elementor-element elementor-element-eb073da\" data-id=\"eb073da\" data-element_type=\"column\">\n\t\t\t<div class=\"elementor-widget-wrap elementor-element-populated\">\n\t\t\t\t\t\t<div class=\"elementor-element elementor-element-fcf054b elementor-widget elementor-widget-image\" data-id=\"fcf054b\" data-element_type=\"widget\" data-widget_type=\"image.default\">\n\t\t\t\t<div class=\"elementor-widget-container\">\n\t\t\t\t\t\t\t\t\t\t\t\t<figure class=\"wp-caption\">\n\t\t\t\t\t\t\t\t\t\t<img loading=\"lazy\" decoding=\"async\" width=\"940\" height=\"499\" src=\"https:\/\/joseppons.com\/formacion\/wp-content\/uploads\/2019\/05\/5.jpg\" class=\"attachment-large size-large wp-image-1513\" alt=\"El peto\" srcset=\"https:\/\/joseppons.com\/formacion\/wp-content\/uploads\/2019\/05\/5.jpg 940w, https:\/\/joseppons.com\/formacion\/wp-content\/uploads\/2019\/05\/5-768x408.jpg 768w\" sizes=\"(max-width: 940px) 100vw, 940px\" \/>\t\t\t\t\t\t\t\t\t\t\t<figcaption class=\"widget-image-caption wp-caption-text\">El peto<\/figcaption>\n\t\t\t\t\t\t\t\t\t\t<\/figure>\n\t\t\t\t\t\t\t\t\t<\/div>\n\t\t\t\t<\/div>\n\t\t\t\t\t<\/div>\n\t\t<\/div>\n\t\t\t\t\t<\/div>\n\t\t<\/section>\n\t\t\t\t<section class=\"elementor-section elementor-top-section elementor-element elementor-element-12bc2cf elementor-section-boxed elementor-section-height-default elementor-section-height-default\" data-id=\"12bc2cf\" data-element_type=\"section\">\n\t\t\t\t\t\t<div class=\"elementor-container elementor-column-gap-default\">\n\t\t\t\t\t<div class=\"elementor-column elementor-col-100 elementor-top-column elementor-element elementor-element-96de4a4\" data-id=\"96de4a4\" data-element_type=\"column\">\n\t\t\t<div class=\"elementor-widget-wrap elementor-element-populated\">\n\t\t\t\t\t\t<div class=\"elementor-element elementor-element-a3e1164 elementor-widget elementor-widget-text-editor\" data-id=\"a3e1164\" data-element_type=\"widget\" data-widget_type=\"text-editor.default\">\n\t\t\t\t<div class=\"elementor-widget-container\">\n\t\t\t\t\t\t\t\t\t<p>Se trata de una prenda a la que le ha costado mucho introducirse en el mercado, pero que actualmente se ha convertido en un objeto de reclamo para muchas mujeres&#8230; y no solo porque a d\u00eda de hoy las <em>influencers<\/em> m\u00e1s top del momento lo luzcan en las redes sociales.<\/p><p>El peto es una de las piezas de ropa<strong> imprescindibles<\/strong> en el <em>street style<\/em> actual, ya que nos permite hacer mil combinaciones y conseguir una <strong>infinidad de looks<\/strong> sin renunciar a la comodidad que tanto lo caracteriza.<\/p><p>Para acertar con la forma, el tejido y la ca\u00edda, Per\u00e9z recomienda escogerlo en funci\u00f3n de la<strong> tipolog\u00eda<\/strong> <strong>corporal<\/strong> que se tenga, ya que actualmente existen muchos estilos diferentes.<\/p>\t\t\t\t\t\t\t\t<\/div>\n\t\t\t\t<\/div>\n\t\t\t\t\t<\/div>\n\t\t<\/div>\n\t\t\t\t\t<\/div>\n\t\t<\/section>\n\t\t\t\t<section class=\"elementor-section elementor-top-section elementor-element elementor-element-6e2c91e elementor-section-boxed elementor-section-height-default elementor-section-height-default\" data-id=\"6e2c91e\" data-element_type=\"section\">\n\t\t\t\t\t\t<div class=\"elementor-container elementor-column-gap-default\">\n\t\t\t\t\t<div class=\"elementor-column elementor-col-100 elementor-top-column elementor-element elementor-element-3d2abb1\" data-id=\"3d2abb1\" data-element_type=\"column\">\n\t\t\t<div class=\"elementor-widget-wrap elementor-element-populated\">\n\t\t\t\t\t\t<div class=\"elementor-element elementor-element-b6bb23c elementor-widget elementor-widget-heading\" data-id=\"b6bb23c\" data-element_type=\"widget\" data-widget_type=\"heading.default\">\n\t\t\t\t<div class=\"elementor-widget-container\">\n\t\t\t\t\t<h3 class=\"elementor-heading-title elementor-size-default\">Vestido blanco<\/h3>\t\t\t\t<\/div>\n\t\t\t\t<\/div>\n\t\t\t\t\t<\/div>\n\t\t<\/div>\n\t\t\t\t\t<\/div>\n\t\t<\/section>\n\t\t\t\t<section class=\"elementor-section elementor-top-section elementor-element elementor-element-4116d42 elementor-section-boxed elementor-section-height-default elementor-section-height-default\" data-id=\"4116d42\" data-element_type=\"section\">\n\t\t\t\t\t\t<div class=\"elementor-container elementor-column-gap-default\">\n\t\t\t\t\t<div class=\"elementor-column elementor-col-100 elementor-top-column elementor-element elementor-element-e7d57a7\" data-id=\"e7d57a7\" data-element_type=\"column\">\n\t\t\t<div class=\"elementor-widget-wrap elementor-element-populated\">\n\t\t\t\t\t\t<div class=\"elementor-element elementor-element-1e16ad7 elementor-widget elementor-widget-image\" data-id=\"1e16ad7\" data-element_type=\"widget\" data-widget_type=\"image.default\">\n\t\t\t\t<div class=\"elementor-widget-container\">\n\t\t\t\t\t\t\t\t\t\t\t\t<figure class=\"wp-caption\">\n\t\t\t\t\t\t\t\t\t\t<img loading=\"lazy\" decoding=\"async\" width=\"940\" height=\"499\" src=\"https:\/\/joseppons.com\/formacion\/wp-content\/uploads\/2019\/05\/6.jpg\" class=\"attachment-large size-large wp-image-1514\" alt=\"Vestido blanco\" srcset=\"https:\/\/joseppons.com\/formacion\/wp-content\/uploads\/2019\/05\/6.jpg 940w, https:\/\/joseppons.com\/formacion\/wp-content\/uploads\/2019\/05\/6-768x408.jpg 768w\" sizes=\"(max-width: 940px) 100vw, 940px\" \/>\t\t\t\t\t\t\t\t\t\t\t<figcaption class=\"widget-image-caption wp-caption-text\">Vestido blanco<\/figcaption>\n\t\t\t\t\t\t\t\t\t\t<\/figure>\n\t\t\t\t\t\t\t\t\t<\/div>\n\t\t\t\t<\/div>\n\t\t\t\t\t<\/div>\n\t\t<\/div>\n\t\t\t\t\t<\/div>\n\t\t<\/section>\n\t\t\t\t<section class=\"elementor-section elementor-top-section elementor-element elementor-element-d0d27ea elementor-section-boxed elementor-section-height-default elementor-section-height-default\" data-id=\"d0d27ea\" data-element_type=\"section\">\n\t\t\t\t\t\t<div class=\"elementor-container elementor-column-gap-default\">\n\t\t\t\t\t<div class=\"elementor-column elementor-col-100 elementor-top-column elementor-element elementor-element-9f16038\" data-id=\"9f16038\" data-element_type=\"column\">\n\t\t\t<div class=\"elementor-widget-wrap elementor-element-populated\">\n\t\t\t\t\t\t<div class=\"elementor-element elementor-element-bc9fede elementor-widget elementor-widget-text-editor\" data-id=\"bc9fede\" data-element_type=\"widget\" data-widget_type=\"text-editor.default\">\n\t\t\t\t<div class=\"elementor-widget-container\">\n\t\t\t\t\t\t\t\t\t<p>El vestido blanco lleva siendo<strong> tendencia <\/strong>estos cuatro \u00faltimos a\u00f1os pero esta temporada est\u00e1 pisando m\u00e1s fuerte que nunca. Y es que actualmente se ha reinventado y ha empezado a combinar tejidos como las transparencias, el encaje y los volantes, consiguiendo as\u00ed un estilo a\u00fan m\u00e1s femenino,<a href=\"https:\/\/joseppons.com\/formacion\/trenza-diadema-nueva-tendencia-peinados\/\"> rom\u00e1ntico y bohemio<\/a>.<\/p><p>Por lo que hace a los complementos, la mejor opci\u00f3n es<strong> a\u00f1adir toques de color al <em>look<\/em><\/strong> con pendientes, collares y brazaletes de pedrer\u00eda, y con el calzado.<\/p><p>Para todas aquellas mujeres que tienen una armon\u00eda c\u00e1lida, <strong>nuestra asesora de imagen recomienda<\/strong> optar por tonalidades rojizas, corales y marrones, mientras que para<strong> armon\u00edas fr\u00edas<\/strong> aconseja decantarse por gamas de azules y turquesas que recuerden a las olas del mar.<\/p>\t\t\t\t\t\t\t\t<\/div>\n\t\t\t\t<\/div>\n\t\t\t\t\t<\/div>\n\t\t<\/div>\n\t\t\t\t\t<\/div>\n\t\t<\/section>\n\t\t\t\t<section class=\"elementor-section elementor-top-section elementor-element elementor-element-f98db45 elementor-section-boxed elementor-section-height-default elementor-section-height-default\" data-id=\"f98db45\" data-element_type=\"section\">\n\t\t\t\t\t\t<div class=\"elementor-container elementor-column-gap-default\">\n\t\t\t\t\t<div class=\"elementor-column elementor-col-100 elementor-top-column elementor-element elementor-element-49fe39b\" data-id=\"49fe39b\" data-element_type=\"column\">\n\t\t\t<div class=\"elementor-widget-wrap elementor-element-populated\">\n\t\t\t\t\t\t<div class=\"elementor-element elementor-element-eb4c2cb elementor-widget elementor-widget-heading\" data-id=\"eb4c2cb\" data-element_type=\"widget\" data-widget_type=\"heading.default\">\n\t\t\t\t<div class=\"elementor-widget-container\">\n\t\t\t\t\t<h2 class=\"elementor-heading-title elementor-size-default\">Tendencias de moda primavera\/verano para hombre<\/h2>\t\t\t\t<\/div>\n\t\t\t\t<\/div>\n\t\t\t\t\t<\/div>\n\t\t<\/div>\n\t\t\t\t\t<\/div>\n\t\t<\/section>\n\t\t\t\t<section class=\"elementor-section elementor-top-section elementor-element elementor-element-ca7ae10 elementor-section-boxed elementor-section-height-default elementor-section-height-default\" data-id=\"ca7ae10\" data-element_type=\"section\">\n\t\t\t\t\t\t<div class=\"elementor-container elementor-column-gap-default\">\n\t\t\t\t\t<div class=\"elementor-column elementor-col-100 elementor-top-column elementor-element elementor-element-a3219d6\" data-id=\"a3219d6\" data-element_type=\"column\">\n\t\t\t<div class=\"elementor-widget-wrap elementor-element-populated\">\n\t\t\t\t\t\t<div class=\"elementor-element elementor-element-17f512f elementor-widget elementor-widget-heading\" data-id=\"17f512f\" data-element_type=\"widget\" data-widget_type=\"heading.default\">\n\t\t\t\t<div class=\"elementor-widget-container\">\n\t\t\t\t\t<h3 class=\"elementor-heading-title elementor-size-default\">El chaleco<\/h3>\t\t\t\t<\/div>\n\t\t\t\t<\/div>\n\t\t\t\t\t<\/div>\n\t\t<\/div>\n\t\t\t\t\t<\/div>\n\t\t<\/section>\n\t\t\t\t<section class=\"elementor-section elementor-top-section elementor-element elementor-element-673e9c2 elementor-section-boxed elementor-section-height-default elementor-section-height-default\" data-id=\"673e9c2\" data-element_type=\"section\">\n\t\t\t\t\t\t<div class=\"elementor-container elementor-column-gap-default\">\n\t\t\t\t\t<div class=\"elementor-column elementor-col-100 elementor-top-column elementor-element elementor-element-62c79f7\" data-id=\"62c79f7\" data-element_type=\"column\">\n\t\t\t<div class=\"elementor-widget-wrap elementor-element-populated\">\n\t\t\t\t\t\t<div class=\"elementor-element elementor-element-5149d4a elementor-widget elementor-widget-image\" data-id=\"5149d4a\" data-element_type=\"widget\" data-widget_type=\"image.default\">\n\t\t\t\t<div class=\"elementor-widget-container\">\n\t\t\t\t\t\t\t\t\t\t\t\t<figure class=\"wp-caption\">\n\t\t\t\t\t\t\t\t\t\t<img loading=\"lazy\" decoding=\"async\" width=\"940\" height=\"499\" src=\"https:\/\/joseppons.com\/formacion\/wp-content\/uploads\/2019\/05\/7.jpg\" class=\"attachment-large size-large wp-image-1515\" alt=\"El Chaleco\" srcset=\"https:\/\/joseppons.com\/formacion\/wp-content\/uploads\/2019\/05\/7.jpg 940w, https:\/\/joseppons.com\/formacion\/wp-content\/uploads\/2019\/05\/7-768x408.jpg 768w\" sizes=\"(max-width: 940px) 100vw, 940px\" \/>\t\t\t\t\t\t\t\t\t\t\t<figcaption class=\"widget-image-caption wp-caption-text\">El Chaleco<\/figcaption>\n\t\t\t\t\t\t\t\t\t\t<\/figure>\n\t\t\t\t\t\t\t\t\t<\/div>\n\t\t\t\t<\/div>\n\t\t\t\t\t<\/div>\n\t\t<\/div>\n\t\t\t\t\t<\/div>\n\t\t<\/section>\n\t\t\t\t<section class=\"elementor-section elementor-top-section elementor-element elementor-element-7d2f779 elementor-section-boxed elementor-section-height-default elementor-section-height-default\" data-id=\"7d2f779\" data-element_type=\"section\">\n\t\t\t\t\t\t<div class=\"elementor-container elementor-column-gap-default\">\n\t\t\t\t\t<div class=\"elementor-column elementor-col-100 elementor-top-column elementor-element elementor-element-e5a77fa\" data-id=\"e5a77fa\" data-element_type=\"column\">\n\t\t\t<div class=\"elementor-widget-wrap elementor-element-populated\">\n\t\t\t\t\t\t<div class=\"elementor-element elementor-element-547a1b9 elementor-widget elementor-widget-text-editor\" data-id=\"547a1b9\" data-element_type=\"widget\" data-widget_type=\"text-editor.default\">\n\t\t\t\t<div class=\"elementor-widget-container\">\n\t\t\t\t\t\t\t\t\t<p>Se trata de una de las \u00faltimas tendencias de esta pasada temporada oto\u00f1o \/ invierno que se ha adaptado muy bien al estilo <em>sport<\/em>.<\/p><p>Para esta primavera \/ verano, <a href=\"https:\/\/joseppons.com\/formacion\/especializacion-de-asesoria-de-imagen\/\">nuestra asesora de imagen<\/a> recomienda combinarlo con un polo en la parte superior, y con un tejano o un pantal\u00f3n de vestir estilo <em>docker<\/em> en la parte inferior.<\/p><p>De hecho, P\u00e9rez insiste en que \u201cel chaleco tiende a ser una prenda que favorece mucho a los hombres porque dilata el pectoral y la espalda, estructurando as\u00ed la zona superior del cuerpo\u201d.<\/p>\t\t\t\t\t\t\t\t<\/div>\n\t\t\t\t<\/div>\n\t\t\t\t\t<\/div>\n\t\t<\/div>\n\t\t\t\t\t<\/div>\n\t\t<\/section>\n\t\t\t\t<section class=\"elementor-section elementor-top-section elementor-element elementor-element-44037be elementor-section-boxed elementor-section-height-default elementor-section-height-default\" data-id=\"44037be\" data-element_type=\"section\">\n\t\t\t\t\t\t<div class=\"elementor-container elementor-column-gap-default\">\n\t\t\t\t\t<div class=\"elementor-column elementor-col-100 elementor-top-column elementor-element elementor-element-e07a8f9\" data-id=\"e07a8f9\" data-element_type=\"column\">\n\t\t\t<div class=\"elementor-widget-wrap elementor-element-populated\">\n\t\t\t\t\t\t<div class=\"elementor-element elementor-element-befd5c3 elementor-widget elementor-widget-heading\" data-id=\"befd5c3\" data-element_type=\"widget\" data-widget_type=\"heading.default\">\n\t\t\t\t<div class=\"elementor-widget-container\">\n\t\t\t\t\t<h3 class=\"elementor-heading-title elementor-size-default\">El color caqui<\/h3>\t\t\t\t<\/div>\n\t\t\t\t<\/div>\n\t\t\t\t\t<\/div>\n\t\t<\/div>\n\t\t\t\t\t<\/div>\n\t\t<\/section>\n\t\t\t\t<section class=\"elementor-section elementor-top-section elementor-element elementor-element-cee84cc elementor-section-boxed elementor-section-height-default elementor-section-height-default\" data-id=\"cee84cc\" data-element_type=\"section\">\n\t\t\t\t\t\t<div class=\"elementor-container elementor-column-gap-default\">\n\t\t\t\t\t<div class=\"elementor-column elementor-col-100 elementor-top-column elementor-element elementor-element-14525fd\" data-id=\"14525fd\" data-element_type=\"column\">\n\t\t\t<div class=\"elementor-widget-wrap elementor-element-populated\">\n\t\t\t\t\t\t<div class=\"elementor-element elementor-element-d4ab761 elementor-widget elementor-widget-image\" data-id=\"d4ab761\" data-element_type=\"widget\" data-widget_type=\"image.default\">\n\t\t\t\t<div class=\"elementor-widget-container\">\n\t\t\t\t\t\t\t\t\t\t\t\t<figure class=\"wp-caption\">\n\t\t\t\t\t\t\t\t\t\t<img loading=\"lazy\" decoding=\"async\" width=\"940\" height=\"499\" src=\"https:\/\/joseppons.com\/formacion\/wp-content\/uploads\/2019\/05\/8.jpg\" class=\"attachment-large size-large wp-image-1516\" alt=\"Color Caqui\" srcset=\"https:\/\/joseppons.com\/formacion\/wp-content\/uploads\/2019\/05\/8.jpg 940w, https:\/\/joseppons.com\/formacion\/wp-content\/uploads\/2019\/05\/8-768x408.jpg 768w\" sizes=\"(max-width: 940px) 100vw, 940px\" \/>\t\t\t\t\t\t\t\t\t\t\t<figcaption class=\"widget-image-caption wp-caption-text\">Color Caqui<\/figcaption>\n\t\t\t\t\t\t\t\t\t\t<\/figure>\n\t\t\t\t\t\t\t\t\t<\/div>\n\t\t\t\t<\/div>\n\t\t\t\t\t<\/div>\n\t\t<\/div>\n\t\t\t\t\t<\/div>\n\t\t<\/section>\n\t\t\t\t<section class=\"elementor-section elementor-top-section elementor-element elementor-element-6579a64 elementor-section-boxed elementor-section-height-default elementor-section-height-default\" data-id=\"6579a64\" data-element_type=\"section\">\n\t\t\t\t\t\t<div class=\"elementor-container elementor-column-gap-default\">\n\t\t\t\t\t<div class=\"elementor-column elementor-col-100 elementor-top-column elementor-element elementor-element-92a43b1\" data-id=\"92a43b1\" data-element_type=\"column\">\n\t\t\t<div class=\"elementor-widget-wrap elementor-element-populated\">\n\t\t\t\t\t\t<div class=\"elementor-element elementor-element-8ec43ef elementor-widget elementor-widget-text-editor\" data-id=\"8ec43ef\" data-element_type=\"widget\" data-widget_type=\"text-editor.default\">\n\t\t\t\t<div class=\"elementor-widget-container\">\n\t\t\t\t\t\t\t\t\t<p>Es el color favorito para esta temporada en ropa para hombre, sobretodo si incorpora alg\u00fan estampado de camuflaje al m\u00e1s estilo militar.<\/p><p>Un acierto seguro es combinarlo con prendas blancas, negras o grises de cualquier gama, y con unas deportivas para conseguir un <strong>estilo <em>sport.<\/em><\/strong><\/p>\t\t\t\t\t\t\t\t<\/div>\n\t\t\t\t<\/div>\n\t\t\t\t\t<\/div>\n\t\t<\/div>\n\t\t\t\t\t<\/div>\n\t\t<\/section>\n\t\t\t\t<section class=\"elementor-section elementor-top-section elementor-element elementor-element-61ff96c elementor-section-boxed elementor-section-height-default elementor-section-height-default\" data-id=\"61ff96c\" data-element_type=\"section\">\n\t\t\t\t\t\t<div class=\"elementor-container elementor-column-gap-default\">\n\t\t\t\t\t<div class=\"elementor-column elementor-col-100 elementor-top-column elementor-element elementor-element-8e3228c\" data-id=\"8e3228c\" data-element_type=\"column\">\n\t\t\t<div class=\"elementor-widget-wrap elementor-element-populated\">\n\t\t\t\t\t\t<div class=\"elementor-element elementor-element-1a4ac3e elementor-widget elementor-widget-heading\" data-id=\"1a4ac3e\" data-element_type=\"widget\" data-widget_type=\"heading.default\">\n\t\t\t\t<div class=\"elementor-widget-container\">\n\t\t\t\t\t<h3 class=\"elementor-heading-title elementor-size-default\">La ri\u00f1onera<\/h3>\t\t\t\t<\/div>\n\t\t\t\t<\/div>\n\t\t\t\t\t<\/div>\n\t\t<\/div>\n\t\t\t\t\t<\/div>\n\t\t<\/section>\n\t\t\t\t<section class=\"elementor-section elementor-top-section elementor-element elementor-element-8c1120a elementor-section-boxed elementor-section-height-default elementor-section-height-default\" data-id=\"8c1120a\" data-element_type=\"section\">\n\t\t\t\t\t\t<div class=\"elementor-container elementor-column-gap-default\">\n\t\t\t\t\t<div class=\"elementor-column elementor-col-100 elementor-top-column elementor-element elementor-element-c773077\" data-id=\"c773077\" data-element_type=\"column\">\n\t\t\t<div class=\"elementor-widget-wrap elementor-element-populated\">\n\t\t\t\t\t\t<div class=\"elementor-element elementor-element-d609113 elementor-widget elementor-widget-image\" data-id=\"d609113\" data-element_type=\"widget\" data-widget_type=\"image.default\">\n\t\t\t\t<div class=\"elementor-widget-container\">\n\t\t\t\t\t\t\t\t\t\t\t\t<figure class=\"wp-caption\">\n\t\t\t\t\t\t\t\t\t\t<img loading=\"lazy\" decoding=\"async\" width=\"940\" height=\"499\" src=\"https:\/\/joseppons.com\/formacion\/wp-content\/uploads\/2019\/05\/9.jpg\" class=\"attachment-large size-large wp-image-1517\" alt=\"La ri\u00f1onera\" srcset=\"https:\/\/joseppons.com\/formacion\/wp-content\/uploads\/2019\/05\/9.jpg 940w, https:\/\/joseppons.com\/formacion\/wp-content\/uploads\/2019\/05\/9-768x408.jpg 768w\" sizes=\"(max-width: 940px) 100vw, 940px\" \/>\t\t\t\t\t\t\t\t\t\t\t<figcaption class=\"widget-image-caption wp-caption-text\">La ri\u00f1onera<\/figcaption>\n\t\t\t\t\t\t\t\t\t\t<\/figure>\n\t\t\t\t\t\t\t\t\t<\/div>\n\t\t\t\t<\/div>\n\t\t\t\t\t<\/div>\n\t\t<\/div>\n\t\t\t\t\t<\/div>\n\t\t<\/section>\n\t\t\t\t<section class=\"elementor-section elementor-top-section elementor-element elementor-element-d440f59 elementor-section-boxed elementor-section-height-default elementor-section-height-default\" data-id=\"d440f59\" data-element_type=\"section\">\n\t\t\t\t\t\t<div class=\"elementor-container elementor-column-gap-default\">\n\t\t\t\t\t<div class=\"elementor-column elementor-col-100 elementor-top-column elementor-element elementor-element-cf3e4f2\" data-id=\"cf3e4f2\" data-element_type=\"column\">\n\t\t\t<div class=\"elementor-widget-wrap elementor-element-populated\">\n\t\t\t\t\t\t<div class=\"elementor-element elementor-element-d607139 elementor-widget elementor-widget-text-editor\" data-id=\"d607139\" data-element_type=\"widget\" data-widget_type=\"text-editor.default\">\n\t\t\t\t<div class=\"elementor-widget-container\">\n\t\t\t\t\t\t\t\t\t<p>Lleg\u00f3 a nuestras vidas hace un par de a\u00f1os y aunque las firmas de moda siguen apostando por ella, en muchas ocasiones ha parecido que no acababa de encajar.<\/p><p>Y es que la profesora<strong> de asesor\u00eda de imagen<\/strong> explica que \u201canudada a la cintura acent\u00faa cualquier imperfecci\u00f3n y divide el cuerpo en dos partes, un hecho que no ayuda a estilizar\u201d, por lo que<strong> recomienda llevarla cruzada<\/strong> en la zona del pectoral.<\/p>\t\t\t\t\t\t\t\t<\/div>\n\t\t\t\t<\/div>\n\t\t\t\t\t<\/div>\n\t\t<\/div>\n\t\t\t\t\t<\/div>\n\t\t<\/section>\n\t\t\t\t<section class=\"elementor-section elementor-top-section elementor-element elementor-element-ac8d4d8 elementor-section-boxed elementor-section-height-default elementor-section-height-default\" data-id=\"ac8d4d8\" data-element_type=\"section\">\n\t\t\t\t\t\t<div class=\"elementor-container elementor-column-gap-default\">\n\t\t\t\t\t<div class=\"elementor-column elementor-col-100 elementor-top-column elementor-element elementor-element-bc12c37\" data-id=\"bc12c37\" data-element_type=\"column\">\n\t\t\t<div class=\"elementor-widget-wrap elementor-element-populated\">\n\t\t\t\t\t\t<div class=\"elementor-element elementor-element-3fbc065 elementor-widget elementor-widget-heading\" data-id=\"3fbc065\" data-element_type=\"widget\" data-widget_type=\"heading.default\">\n\t\t\t\t<div class=\"elementor-widget-container\">\n\t\t\t\t\t<h3 class=\"elementor-heading-title elementor-size-default\">Estampados grandes y tropicales<\/h3>\t\t\t\t<\/div>\n\t\t\t\t<\/div>\n\t\t\t\t\t<\/div>\n\t\t<\/div>\n\t\t\t\t\t<\/div>\n\t\t<\/section>\n\t\t\t\t<section class=\"elementor-section elementor-top-section elementor-element elementor-element-45f5560 elementor-section-boxed elementor-section-height-default elementor-section-height-default\" data-id=\"45f5560\" data-element_type=\"section\">\n\t\t\t\t\t\t<div class=\"elementor-container elementor-column-gap-default\">\n\t\t\t\t\t<div class=\"elementor-column elementor-col-100 elementor-top-column elementor-element elementor-element-94f14bc\" data-id=\"94f14bc\" data-element_type=\"column\">\n\t\t\t<div class=\"elementor-widget-wrap elementor-element-populated\">\n\t\t\t\t\t\t<div class=\"elementor-element elementor-element-9005708 elementor-widget elementor-widget-image\" data-id=\"9005708\" data-element_type=\"widget\" data-widget_type=\"image.default\">\n\t\t\t\t<div class=\"elementor-widget-container\">\n\t\t\t\t\t\t\t\t\t\t\t\t<figure class=\"wp-caption\">\n\t\t\t\t\t\t\t\t\t\t<img loading=\"lazy\" decoding=\"async\" width=\"940\" height=\"497\" src=\"https:\/\/joseppons.com\/formacion\/wp-content\/uploads\/2019\/05\/10.jpg\" class=\"attachment-large size-large wp-image-1518\" alt=\"Estampados tropicales\" srcset=\"https:\/\/joseppons.com\/formacion\/wp-content\/uploads\/2019\/05\/10.jpg 940w, https:\/\/joseppons.com\/formacion\/wp-content\/uploads\/2019\/05\/10-768x406.jpg 768w\" sizes=\"(max-width: 940px) 100vw, 940px\" \/>\t\t\t\t\t\t\t\t\t\t\t<figcaption class=\"widget-image-caption wp-caption-text\">Estampados tropicales<\/figcaption>\n\t\t\t\t\t\t\t\t\t\t<\/figure>\n\t\t\t\t\t\t\t\t\t<\/div>\n\t\t\t\t<\/div>\n\t\t\t\t\t<\/div>\n\t\t<\/div>\n\t\t\t\t\t<\/div>\n\t\t<\/section>\n\t\t\t\t<section class=\"elementor-section elementor-top-section elementor-element elementor-element-1178947 elementor-section-boxed elementor-section-height-default elementor-section-height-default\" data-id=\"1178947\" data-element_type=\"section\">\n\t\t\t\t\t\t<div class=\"elementor-container elementor-column-gap-default\">\n\t\t\t\t\t<div class=\"elementor-column elementor-col-100 elementor-top-column elementor-element elementor-element-15063b0\" data-id=\"15063b0\" data-element_type=\"column\">\n\t\t\t<div class=\"elementor-widget-wrap elementor-element-populated\">\n\t\t\t\t\t\t<div class=\"elementor-element elementor-element-65c12ac elementor-widget elementor-widget-text-editor\" data-id=\"65c12ac\" data-element_type=\"widget\" data-widget_type=\"text-editor.default\">\n\t\t\t\t<div class=\"elementor-widget-container\">\n\t\t\t\t\t\t\t\t\t<p>Por lo que vemos a nivel de tendencia, esta temporada primavera \/ verano<strong> los estampados <\/strong>se llevan<strong> medios o grandes<\/strong>.<\/p><p>Las firmas de moda est\u00e1n huyendo cada vez m\u00e1s del estampado peque\u00f1o, priorizando, as\u00ed, formas m\u00e1s llamativas.<\/p><p>Como se trata de un estilo que <strong>aporta mucha extravagancia<\/strong>, la mejor opci\u00f3n es combinarlo con prendas inferiores de colores neutros y complementos muy discretos, u optar por estampados que est\u00e9n en armon\u00eda en la <a href=\"https:\/\/joseppons.com\/formacion\/como-saber-colores-favorecen\/\">misma gama de color<\/a>.<\/p>\t\t\t\t\t\t\t\t<\/div>\n\t\t\t\t<\/div>\n\t\t\t\t\t<\/div>\n\t\t<\/div>\n\t\t\t\t\t<\/div>\n\t\t<\/section>\n\t\t\t\t<\/div>\n\t\t","protected":false},"excerpt":{"rendered":"<p>Los dise\u00f1adores de moda han hablado y las firmas m\u00e1s top del momento, donde nos dejamos media parte de nuestros ahorros, han tomado nota y han lanzado lo que prometen ser las tendencias m\u00e1s populares para esta temporada primavera \/ verano 2019. Camisetas, blusas, petos, vestidos, pantalones, cazadoras\u2026 Para \u00e9l y para ella. Un sinf\u00edn&#8230;<\/p>\n","protected":false},"author":2,"featured_media":1506,"comment_status":"open","ping_status":"closed","sticky":false,"template":"","format":"standard","meta":{"_joinchat":[],"footnotes":""},"categories":[8,125],"tags":[121,131,134,129,135,128,136,133,124,126,123,127],"class_list":["post-1493","post","type-post","status-publish","format-standard","has-post-thumbnail","hentry","category-asesoria-de-imagen","category-tendencias","tag-asesoria-de-imagen","tag-blazer","tag-cazadora-vaquera","tag-color-caqui","tag-el-peto","tag-falda-midi","tag-grado-superior-asesoria-de-imagen","tag-pantalones-tobilleros","tag-primavera-verano-2019","tag-rinonera","tag-tendencia-en-moda","tag-vestido-blanco"],"yoast_head":"<!-- This site is optimized with the Yoast SEO plugin v26.7 - https:\/\/yoast.com\/wordpress\/plugins\/seo\/ -->\n<title>Tendencias primavera \/ verano 2019: c\u00f3mo sacarles partido - Josep Pons Formaci\u00f3n<\/title>\n<meta name=\"description\" content=\"Hoy te vamos a ense\u00f1ar cu\u00e1les son las tendencias de moda para esta temporada primavera \/ verano 2019. \u00a1Te mostramos cu\u00e1l es la mejor manera de adaptarlas a\" \/>\n<meta name=\"robots\" content=\"index, follow, max-snippet:-1, max-image-preview:large, max-video-preview:-1\" \/>\n<link rel=\"canonical\" href=\"https:\/\/joseppons.com\/formacion\/tendencias-primavera-verano-2019-sacarles-partido\/\" \/>\n<meta property=\"og:locale\" content=\"es_ES\" \/>\n<meta property=\"og:type\" content=\"article\" \/>\n<meta property=\"og:title\" content=\"Tendencias primavera \/ verano 2019: c\u00f3mo sacarles partido - Josep Pons Formaci\u00f3n\" \/>\n<meta property=\"og:description\" content=\"Hoy te vamos a ense\u00f1ar cu\u00e1les son las tendencias de moda para esta temporada primavera \/ verano 2019. \u00a1Te mostramos cu\u00e1l es la mejor manera de adaptarlas a\" \/>\n<meta property=\"og:url\" content=\"https:\/\/joseppons.com\/formacion\/tendencias-primavera-verano-2019-sacarles-partido\/\" \/>\n<meta property=\"og:site_name\" content=\"Josep Pons Formaci\u00f3n\" \/>\n<meta property=\"article:publisher\" content=\"https:\/\/es-es.facebook.com\/JosepPonsFormacio\/\" \/>\n<meta property=\"article:published_time\" content=\"2019-05-16T11:57:45+00:00\" \/>\n<meta property=\"article:modified_time\" content=\"2019-05-17T09:30:20+00:00\" \/>\n<meta property=\"og:image\" content=\"https:\/\/joseppons.com\/formacion\/wp-content\/uploads\/2019\/05\/photo-1485570661444-73b3f0ff9d2f.jpeg\" \/>\n\t<meta property=\"og:image:width\" content=\"2692\" \/>\n\t<meta property=\"og:image:height\" content=\"1509\" \/>\n\t<meta property=\"og:image:type\" content=\"image\/jpeg\" \/>\n<meta name=\"author\" content=\"joseppons\" \/>\n<meta name=\"twitter:card\" content=\"summary_large_image\" \/>\n<meta name=\"twitter:creator\" content=\"@josepponsimatge\" \/>\n<meta name=\"twitter:site\" content=\"@josepponsimatge\" \/>\n<meta name=\"twitter:label1\" content=\"Escrito por\" \/>\n\t<meta name=\"twitter:data1\" content=\"joseppons\" \/>\n\t<meta name=\"twitter:label2\" content=\"Tiempo de lectura\" \/>\n\t<meta name=\"twitter:data2\" content=\"6 minutos\" \/>\n<script type=\"application\/ld+json\" class=\"yoast-schema-graph\">{\"@context\":\"https:\/\/schema.org\",\"@graph\":[{\"@type\":\"Article\",\"@id\":\"https:\/\/joseppons.com\/formacion\/tendencias-primavera-verano-2019-sacarles-partido\/#article\",\"isPartOf\":{\"@id\":\"https:\/\/joseppons.com\/formacion\/tendencias-primavera-verano-2019-sacarles-partido\/\"},\"author\":{\"name\":\"joseppons\",\"@id\":\"https:\/\/joseppons.com\/formacion\/#\/schema\/person\/52350c76759824d67ee4b9d948063ed1\"},\"headline\":\"Tendencias primavera \/ verano 2019: c\u00f3mo sacarles partido\",\"datePublished\":\"2019-05-16T11:57:45+00:00\",\"dateModified\":\"2019-05-17T09:30:20+00:00\",\"mainEntityOfPage\":{\"@id\":\"https:\/\/joseppons.com\/formacion\/tendencias-primavera-verano-2019-sacarles-partido\/\"},\"wordCount\":1196,\"commentCount\":0,\"publisher\":{\"@id\":\"https:\/\/joseppons.com\/formacion\/#organization\"},\"image\":{\"@id\":\"https:\/\/joseppons.com\/formacion\/tendencias-primavera-verano-2019-sacarles-partido\/#primaryimage\"},\"thumbnailUrl\":\"https:\/\/joseppons.com\/formacion\/wp-content\/uploads\/2019\/05\/photo-1485570661444-73b3f0ff9d2f.jpeg\",\"keywords\":[\"asesoria de imagen\",\"blazer\",\"cazadora vaquera\",\"color caqui\",\"el peto\",\"falda midi\",\"grado superior asesoria de imagen\",\"Pantalones tobilleros\",\"Primavera - Verano 2019\",\"ri\u00f1onera\",\"tendencia en moda\",\"vestido blanco\"],\"articleSection\":[\"Asesor\u00eda de imagen\",\"tendencias\"],\"inLanguage\":\"es\",\"potentialAction\":[{\"@type\":\"CommentAction\",\"name\":\"Comment\",\"target\":[\"https:\/\/joseppons.com\/formacion\/tendencias-primavera-verano-2019-sacarles-partido\/#respond\"]}]},{\"@type\":\"WebPage\",\"@id\":\"https:\/\/joseppons.com\/formacion\/tendencias-primavera-verano-2019-sacarles-partido\/\",\"url\":\"https:\/\/joseppons.com\/formacion\/tendencias-primavera-verano-2019-sacarles-partido\/\",\"name\":\"Tendencias primavera \/ verano 2019: c\u00f3mo sacarles partido - Josep Pons Formaci\u00f3n\",\"isPartOf\":{\"@id\":\"https:\/\/joseppons.com\/formacion\/#website\"},\"primaryImageOfPage\":{\"@id\":\"https:\/\/joseppons.com\/formacion\/tendencias-primavera-verano-2019-sacarles-partido\/#primaryimage\"},\"image\":{\"@id\":\"https:\/\/joseppons.com\/formacion\/tendencias-primavera-verano-2019-sacarles-partido\/#primaryimage\"},\"thumbnailUrl\":\"https:\/\/joseppons.com\/formacion\/wp-content\/uploads\/2019\/05\/photo-1485570661444-73b3f0ff9d2f.jpeg\",\"datePublished\":\"2019-05-16T11:57:45+00:00\",\"dateModified\":\"2019-05-17T09:30:20+00:00\",\"description\":\"Hoy te vamos a ense\u00f1ar cu\u00e1les son las tendencias de moda para esta temporada primavera \/ verano 2019. \u00a1Te mostramos cu\u00e1l es la mejor manera de adaptarlas a\",\"breadcrumb\":{\"@id\":\"https:\/\/joseppons.com\/formacion\/tendencias-primavera-verano-2019-sacarles-partido\/#breadcrumb\"},\"inLanguage\":\"es\",\"potentialAction\":[{\"@type\":\"ReadAction\",\"target\":[\"https:\/\/joseppons.com\/formacion\/tendencias-primavera-verano-2019-sacarles-partido\/\"]}]},{\"@type\":\"ImageObject\",\"inLanguage\":\"es\",\"@id\":\"https:\/\/joseppons.com\/formacion\/tendencias-primavera-verano-2019-sacarles-partido\/#primaryimage\",\"url\":\"https:\/\/joseppons.com\/formacion\/wp-content\/uploads\/2019\/05\/photo-1485570661444-73b3f0ff9d2f.jpeg\",\"contentUrl\":\"https:\/\/joseppons.com\/formacion\/wp-content\/uploads\/2019\/05\/photo-1485570661444-73b3f0ff9d2f.jpeg\",\"width\":2692,\"height\":1509,\"caption\":\"Tendencias primavera - verano 2019\"},{\"@type\":\"BreadcrumbList\",\"@id\":\"https:\/\/joseppons.com\/formacion\/tendencias-primavera-verano-2019-sacarles-partido\/#breadcrumb\",\"itemListElement\":[{\"@type\":\"ListItem\",\"position\":1,\"name\":\"Portada\",\"item\":\"https:\/\/joseppons.com\/formacion\/\"},{\"@type\":\"ListItem\",\"position\":2,\"name\":\"Tendencias primavera \/ verano 2019: c\u00f3mo sacarles partido\"}]},{\"@type\":\"WebSite\",\"@id\":\"https:\/\/joseppons.com\/formacion\/#website\",\"url\":\"https:\/\/joseppons.com\/formacion\/\",\"name\":\"Josep Pons Formaci\u00f3n\",\"description\":\"\",\"publisher\":{\"@id\":\"https:\/\/joseppons.com\/formacion\/#organization\"},\"potentialAction\":[{\"@type\":\"SearchAction\",\"target\":{\"@type\":\"EntryPoint\",\"urlTemplate\":\"https:\/\/joseppons.com\/formacion\/?s={search_term_string}\"},\"query-input\":{\"@type\":\"PropertyValueSpecification\",\"valueRequired\":true,\"valueName\":\"search_term_string\"}}],\"inLanguage\":\"es\"},{\"@type\":\"Organization\",\"@id\":\"https:\/\/joseppons.com\/formacion\/#organization\",\"name\":\"Josep Pons\",\"url\":\"https:\/\/joseppons.com\/formacion\/\",\"logo\":{\"@type\":\"ImageObject\",\"inLanguage\":\"es\",\"@id\":\"https:\/\/joseppons.com\/formacion\/#\/schema\/logo\/image\/\",\"url\":\"https:\/\/joseppons.com\/formacion\/wp-content\/uploads\/2018\/09\/logotipo-home-josepponsformacio-1.png\",\"contentUrl\":\"https:\/\/joseppons.com\/formacion\/wp-content\/uploads\/2018\/09\/logotipo-home-josepponsformacio-1.png\",\"width\":420,\"height\":280,\"caption\":\"Josep Pons\"},\"image\":{\"@id\":\"https:\/\/joseppons.com\/formacion\/#\/schema\/logo\/image\/\"},\"sameAs\":[\"https:\/\/es-es.facebook.com\/JosepPonsFormacio\/\",\"https:\/\/x.com\/josepponsimatge\",\"https:\/\/www.instagram.com\/ponsformacion\/\"]},{\"@type\":\"Person\",\"@id\":\"https:\/\/joseppons.com\/formacion\/#\/schema\/person\/52350c76759824d67ee4b9d948063ed1\",\"name\":\"joseppons\"}]}<\/script>\n<!-- \/ Yoast SEO plugin. -->","yoast_head_json":{"title":"Tendencias primavera \/ verano 2019: c\u00f3mo sacarles partido - Josep Pons Formaci\u00f3n","description":"Hoy te vamos a ense\u00f1ar cu\u00e1les son las tendencias de moda para esta temporada primavera \/ verano 2019. \u00a1Te mostramos cu\u00e1l es la mejor manera de adaptarlas a","robots":{"index":"index","follow":"follow","max-snippet":"max-snippet:-1","max-image-preview":"max-image-preview:large","max-video-preview":"max-video-preview:-1"},"canonical":"https:\/\/joseppons.com\/formacion\/tendencias-primavera-verano-2019-sacarles-partido\/","og_locale":"es_ES","og_type":"article","og_title":"Tendencias primavera \/ verano 2019: c\u00f3mo sacarles partido - Josep Pons Formaci\u00f3n","og_description":"Hoy te vamos a ense\u00f1ar cu\u00e1les son las tendencias de moda para esta temporada primavera \/ verano 2019. \u00a1Te mostramos cu\u00e1l es la mejor manera de adaptarlas a","og_url":"https:\/\/joseppons.com\/formacion\/tendencias-primavera-verano-2019-sacarles-partido\/","og_site_name":"Josep Pons Formaci\u00f3n","article_publisher":"https:\/\/es-es.facebook.com\/JosepPonsFormacio\/","article_published_time":"2019-05-16T11:57:45+00:00","article_modified_time":"2019-05-17T09:30:20+00:00","og_image":[{"width":2692,"height":1509,"url":"https:\/\/joseppons.com\/formacion\/wp-content\/uploads\/2019\/05\/photo-1485570661444-73b3f0ff9d2f.jpeg","type":"image\/jpeg"}],"author":"joseppons","twitter_card":"summary_large_image","twitter_creator":"@josepponsimatge","twitter_site":"@josepponsimatge","twitter_misc":{"Escrito por":"joseppons","Tiempo de lectura":"6 minutos"},"schema":{"@context":"https:\/\/schema.org","@graph":[{"@type":"Article","@id":"https:\/\/joseppons.com\/formacion\/tendencias-primavera-verano-2019-sacarles-partido\/#article","isPartOf":{"@id":"https:\/\/joseppons.com\/formacion\/tendencias-primavera-verano-2019-sacarles-partido\/"},"author":{"name":"joseppons","@id":"https:\/\/joseppons.com\/formacion\/#\/schema\/person\/52350c76759824d67ee4b9d948063ed1"},"headline":"Tendencias primavera \/ verano 2019: c\u00f3mo sacarles partido","datePublished":"2019-05-16T11:57:45+00:00","dateModified":"2019-05-17T09:30:20+00:00","mainEntityOfPage":{"@id":"https:\/\/joseppons.com\/formacion\/tendencias-primavera-verano-2019-sacarles-partido\/"},"wordCount":1196,"commentCount":0,"publisher":{"@id":"https:\/\/joseppons.com\/formacion\/#organization"},"image":{"@id":"https:\/\/joseppons.com\/formacion\/tendencias-primavera-verano-2019-sacarles-partido\/#primaryimage"},"thumbnailUrl":"https:\/\/joseppons.com\/formacion\/wp-content\/uploads\/2019\/05\/photo-1485570661444-73b3f0ff9d2f.jpeg","keywords":["asesoria de imagen","blazer","cazadora vaquera","color caqui","el peto","falda midi","grado superior asesoria de imagen","Pantalones tobilleros","Primavera - Verano 2019","ri\u00f1onera","tendencia en moda","vestido blanco"],"articleSection":["Asesor\u00eda de imagen","tendencias"],"inLanguage":"es","potentialAction":[{"@type":"CommentAction","name":"Comment","target":["https:\/\/joseppons.com\/formacion\/tendencias-primavera-verano-2019-sacarles-partido\/#respond"]}]},{"@type":"WebPage","@id":"https:\/\/joseppons.com\/formacion\/tendencias-primavera-verano-2019-sacarles-partido\/","url":"https:\/\/joseppons.com\/formacion\/tendencias-primavera-verano-2019-sacarles-partido\/","name":"Tendencias primavera \/ verano 2019: c\u00f3mo sacarles partido - Josep Pons Formaci\u00f3n","isPartOf":{"@id":"https:\/\/joseppons.com\/formacion\/#website"},"primaryImageOfPage":{"@id":"https:\/\/joseppons.com\/formacion\/tendencias-primavera-verano-2019-sacarles-partido\/#primaryimage"},"image":{"@id":"https:\/\/joseppons.com\/formacion\/tendencias-primavera-verano-2019-sacarles-partido\/#primaryimage"},"thumbnailUrl":"https:\/\/joseppons.com\/formacion\/wp-content\/uploads\/2019\/05\/photo-1485570661444-73b3f0ff9d2f.jpeg","datePublished":"2019-05-16T11:57:45+00:00","dateModified":"2019-05-17T09:30:20+00:00","description":"Hoy te vamos a ense\u00f1ar cu\u00e1les son las tendencias de moda para esta temporada primavera \/ verano 2019. \u00a1Te mostramos cu\u00e1l es la mejor manera de adaptarlas a","breadcrumb":{"@id":"https:\/\/joseppons.com\/formacion\/tendencias-primavera-verano-2019-sacarles-partido\/#breadcrumb"},"inLanguage":"es","potentialAction":[{"@type":"ReadAction","target":["https:\/\/joseppons.com\/formacion\/tendencias-primavera-verano-2019-sacarles-partido\/"]}]},{"@type":"ImageObject","inLanguage":"es","@id":"https:\/\/joseppons.com\/formacion\/tendencias-primavera-verano-2019-sacarles-partido\/#primaryimage","url":"https:\/\/joseppons.com\/formacion\/wp-content\/uploads\/2019\/05\/photo-1485570661444-73b3f0ff9d2f.jpeg","contentUrl":"https:\/\/joseppons.com\/formacion\/wp-content\/uploads\/2019\/05\/photo-1485570661444-73b3f0ff9d2f.jpeg","width":2692,"height":1509,"caption":"Tendencias primavera - verano 2019"},{"@type":"BreadcrumbList","@id":"https:\/\/joseppons.com\/formacion\/tendencias-primavera-verano-2019-sacarles-partido\/#breadcrumb","itemListElement":[{"@type":"ListItem","position":1,"name":"Portada","item":"https:\/\/joseppons.com\/formacion\/"},{"@type":"ListItem","position":2,"name":"Tendencias primavera \/ verano 2019: c\u00f3mo sacarles partido"}]},{"@type":"WebSite","@id":"https:\/\/joseppons.com\/formacion\/#website","url":"https:\/\/joseppons.com\/formacion\/","name":"Josep Pons Formaci\u00f3n","description":"","publisher":{"@id":"https:\/\/joseppons.com\/formacion\/#organization"},"potentialAction":[{"@type":"SearchAction","target":{"@type":"EntryPoint","urlTemplate":"https:\/\/joseppons.com\/formacion\/?s={search_term_string}"},"query-input":{"@type":"PropertyValueSpecification","valueRequired":true,"valueName":"search_term_string"}}],"inLanguage":"es"},{"@type":"Organization","@id":"https:\/\/joseppons.com\/formacion\/#organization","name":"Josep Pons","url":"https:\/\/joseppons.com\/formacion\/","logo":{"@type":"ImageObject","inLanguage":"es","@id":"https:\/\/joseppons.com\/formacion\/#\/schema\/logo\/image\/","url":"https:\/\/joseppons.com\/formacion\/wp-content\/uploads\/2018\/09\/logotipo-home-josepponsformacio-1.png","contentUrl":"https:\/\/joseppons.com\/formacion\/wp-content\/uploads\/2018\/09\/logotipo-home-josepponsformacio-1.png","width":420,"height":280,"caption":"Josep Pons"},"image":{"@id":"https:\/\/joseppons.com\/formacion\/#\/schema\/logo\/image\/"},"sameAs":["https:\/\/es-es.facebook.com\/JosepPonsFormacio\/","https:\/\/x.com\/josepponsimatge","https:\/\/www.instagram.com\/ponsformacion\/"]},{"@type":"Person","@id":"https:\/\/joseppons.com\/formacion\/#\/schema\/person\/52350c76759824d67ee4b9d948063ed1","name":"joseppons"}]}},"_links":{"self":[{"href":"https:\/\/joseppons.com\/formacion\/wp-json\/wp\/v2\/posts\/1493","targetHints":{"allow":["GET"]}}],"collection":[{"href":"https:\/\/joseppons.com\/formacion\/wp-json\/wp\/v2\/posts"}],"about":[{"href":"https:\/\/joseppons.com\/formacion\/wp-json\/wp\/v2\/types\/post"}],"author":[{"embeddable":true,"href":"https:\/\/joseppons.com\/formacion\/wp-json\/wp\/v2\/users\/2"}],"replies":[{"embeddable":true,"href":"https:\/\/joseppons.com\/formacion\/wp-json\/wp\/v2\/comments?post=1493"}],"version-history":[{"count":0,"href":"https:\/\/joseppons.com\/formacion\/wp-json\/wp\/v2\/posts\/1493\/revisions"}],"wp:featuredmedia":[{"embeddable":true,"href":"https:\/\/joseppons.com\/formacion\/wp-json\/wp\/v2\/media\/1506"}],"wp:attachment":[{"href":"https:\/\/joseppons.com\/formacion\/wp-json\/wp\/v2\/media?parent=1493"}],"wp:term":[{"taxonomy":"category","embeddable":true,"href":"https:\/\/joseppons.com\/formacion\/wp-json\/wp\/v2\/categories?post=1493"},{"taxonomy":"post_tag","embeddable":true,"href":"https:\/\/joseppons.com\/formacion\/wp-json\/wp\/v2\/tags?post=1493"}],"curies":[{"name":"wp","href":"https:\/\/api.w.org\/{rel}","templated":true}]}}