{"id":14307,"date":"2023-02-28T11:09:28","date_gmt":"2023-02-28T10:09:28","guid":{"rendered":"https:\/\/joseppons.com\/formacion\/?p=14307"},"modified":"2023-12-22T12:35:31","modified_gmt":"2023-12-22T11:35:31","slug":"los-colores-de-moda-en-primavera","status":"publish","type":"post","link":"https:\/\/joseppons.com\/formacion\/los-colores-de-moda-en-primavera\/","title":{"rendered":"Los colores de moda en primavera"},"content":{"rendered":"\t\t<div data-elementor-type=\"wp-post\" data-elementor-id=\"14307\" class=\"elementor elementor-14307\" data-elementor-post-type=\"post\">\n\t\t\t\t\t\t<section class=\"elementor-section elementor-top-section elementor-element elementor-element-2b093a2 elementor-section-boxed elementor-section-height-default elementor-section-height-default\" data-id=\"2b093a2\" data-element_type=\"section\">\n\t\t\t\t\t\t<div class=\"elementor-container elementor-column-gap-default\">\n\t\t\t\t\t<div class=\"elementor-column elementor-col-100 elementor-top-column elementor-element elementor-element-a6ee48f\" data-id=\"a6ee48f\" data-element_type=\"column\">\n\t\t\t<div class=\"elementor-widget-wrap elementor-element-populated\">\n\t\t\t\t\t\t<div class=\"elementor-element elementor-element-1e1b713 elementor-widget elementor-widget-text-editor\" data-id=\"1e1b713\" data-element_type=\"widget\" data-widget_type=\"text-editor.default\">\n\t\t\t\t<div class=\"elementor-widget-container\">\n\t\t\t\t\t\t\t\t\t<p>Sabemos que los colores son parte fundamental en nuestros outfits, por ello, para saber cu\u00e1les son <b>los colores de moda en primavera, <\/b>h<span style=\"font-size: 1em; letter-spacing: 0px; font-weight: var( --e-global-typography-text-font-weight );\">emos &#8220;rastreado&#8221; las \u00faltimas <\/span><span style=\"font-size: 1em; letter-spacing: 0px; font-weight: var( --e-global-typography-text-font-weight );\"><b>pasarelas<\/b><\/span><span style=\"font-size: 1em; letter-spacing: 0px; font-weight: var( --e-global-typography-text-font-weight );\"> y <\/span><span style=\"font-size: 1em; letter-spacing: 0px; font-weight: var( --e-global-typography-text-font-weight );\"><b>desfiles &#8220;fashion week&#8221;<\/b><\/span> <span style=\"font-size: 1em; letter-spacing: 0px; font-weight: var( --e-global-typography-text-font-weight );\"><b>primavera-verano 2023<\/b><\/span><span style=\"font-size: 1em; letter-spacing: 0px; font-weight: var( --e-global-typography-text-font-weight );\"> de Par\u00eds, Mil\u00e1n, Nueva York o Madrid para ver cu\u00e1les ser\u00e1n esos colores top que nos har\u00e1n brillar en los pr\u00f3ximos meses.<\/span><\/p><p>En las <b>temporadas pasadas<\/b> hemos visto <b>propuestas muy arriesgadas y vibrantes<\/b>, sin embargo para esta <b>temporada primavera-verano<\/b>, se viene el minimalismo, la calma y tambi\u00e9n los colores pasteles ser\u00e1n los que dominen la est\u00e9tica primaveral.<\/p><p>Sabemos de sobra que el negro, el blanco y los grises son <b>colores b\u00e1sicos<\/b> que siempre estar\u00e1n de moda, pero los que vienen pisando fuerte y estar\u00e1n muy presentes en faldas, vestidos, pantalones y complementos son los que te contamos a continuaci\u00f3n.<\/p><p>Empezamos&#8230;<\/p>\t\t\t\t\t\t\t\t<\/div>\n\t\t\t\t<\/div>\n\t\t\t\t\t<\/div>\n\t\t<\/div>\n\t\t\t\t\t<\/div>\n\t\t<\/section>\n\t\t\t\t<section class=\"elementor-section elementor-top-section elementor-element elementor-element-678c698 elementor-section-boxed elementor-section-height-default elementor-section-height-default\" data-id=\"678c698\" data-element_type=\"section\">\n\t\t\t\t\t\t<div class=\"elementor-container elementor-column-gap-default\">\n\t\t\t\t\t<div class=\"elementor-column elementor-col-100 elementor-top-column elementor-element elementor-element-d5e73a8\" data-id=\"d5e73a8\" data-element_type=\"column\">\n\t\t\t<div class=\"elementor-widget-wrap elementor-element-populated\">\n\t\t\t\t\t\t<div class=\"elementor-element elementor-element-c5e0708 elementor-widget elementor-widget-heading\" data-id=\"c5e0708\" data-element_type=\"widget\" data-widget_type=\"heading.default\">\n\t\t\t\t<div class=\"elementor-widget-container\">\n\t\t\t\t\t<h2 class=\"elementor-heading-title elementor-size-default\">Viva Magenta<\/h2>\t\t\t\t<\/div>\n\t\t\t\t<\/div>\n\t\t\t\t\t<\/div>\n\t\t<\/div>\n\t\t\t\t\t<\/div>\n\t\t<\/section>\n\t\t\t\t<section class=\"elementor-section elementor-top-section elementor-element elementor-element-2a6e3cc elementor-section-boxed elementor-section-height-default elementor-section-height-default\" data-id=\"2a6e3cc\" data-element_type=\"section\">\n\t\t\t\t\t\t<div class=\"elementor-container elementor-column-gap-default\">\n\t\t\t\t\t<div class=\"elementor-column elementor-col-100 elementor-top-column elementor-element elementor-element-a8fc3e1\" data-id=\"a8fc3e1\" data-element_type=\"column\">\n\t\t\t<div class=\"elementor-widget-wrap elementor-element-populated\">\n\t\t\t\t\t\t<div class=\"elementor-element elementor-element-e1189ad elementor-widget elementor-widget-text-editor\" data-id=\"e1189ad\" data-element_type=\"widget\" data-widget_type=\"text-editor.default\">\n\t\t\t\t<div class=\"elementor-widget-container\">\n\t\t\t\t\t\t\t\t\t<p><b>El color del a\u00f1o 2023<\/b> elegido por el <b><a href=\"https:\/\/www.pantone.com\/eu\/es\/\">Instituto Pantone Color<\/a>,\u00a0<\/b>ser\u00e1\u00a0sin duda el <b>Viva Magenta<\/b>, un color lleno de energ\u00eda y vigor s\u00faper electrizante que se equilibra entre c\u00e1lido y fr\u00edo.<\/p><p class=\"p1\"><span style=\"font-size: 1em; letter-spacing: 0px;\"><span style=\"font-weight: var( --e-global-typography-text-font-weight );\">Desde <\/span><a href=\"https:\/\/www.pantone.com\/eu\/es\/color-of-the-year\/2023#:~:text=al%20Magentaverse-,%C2%BFQu%C3%A9%20es%20Viva%20Magenta%3F,una%20nueva%20muestra%20de%20fuerza.\"><b>Pantone<\/b><\/a><span style=\"font-weight: var( --e-global-typography-text-font-weight );\">, lo definen como el color que &#8220;Fusiona la riqueza, calidez y fuerza de las materias naturales con los ricos y abiertos horizontes del mundo digital. El resultado es un tono de rojo que ampl\u00eda nuestros horizontes de autenticidad. El metaverso crea nuevas oportunidades para que nos expresemos, y la cruda fortaleza de Viva Magenta nos inspira a hacerlo con confianza y valent\u00eda&#8221;.<\/span><\/span><\/p><p>Un <b>color muy favorecedor <\/b>que desde luego ya empiezan a usar muchos famosos e influencers.<\/p><p>\u00bfQu\u00e9 te parece?<\/p>\t\t\t\t\t\t\t\t<\/div>\n\t\t\t\t<\/div>\n\t\t\t\t\t<\/div>\n\t\t<\/div>\n\t\t\t\t\t<\/div>\n\t\t<\/section>\n\t\t\t\t<section class=\"elementor-section elementor-top-section elementor-element elementor-element-7ef9906 elementor-section-boxed elementor-section-height-default elementor-section-height-default\" data-id=\"7ef9906\" data-element_type=\"section\">\n\t\t\t\t\t\t<div class=\"elementor-container elementor-column-gap-default\">\n\t\t\t\t\t<div class=\"elementor-column elementor-col-100 elementor-top-column elementor-element elementor-element-483e048\" data-id=\"483e048\" data-element_type=\"column\">\n\t\t\t<div class=\"elementor-widget-wrap elementor-element-populated\">\n\t\t\t\t\t\t<div class=\"elementor-element elementor-element-11c48b6 elementor-widget elementor-widget-shortcode\" data-id=\"11c48b6\" data-element_type=\"widget\" data-widget_type=\"shortcode.default\">\n\t\t\t\t<div class=\"elementor-widget-container\">\n\t\t\t\t\t\t\t<div class=\"elementor-shortcode\"><blockquote class=\"instagram-media\" data-instgrm-captioned data-instgrm-permalink=\"https:\/\/www.instagram.com\/p\/CoyUQN2NU_W\/?utm_source=ig_embed&amp;utm_campaign=loading\" data-instgrm-version=\"14\" style=\" background:#FFF; border:0; border-radius:3px; box-shadow:0 0 1px 0 rgba(0,0,0,0.5),0 1px 10px 0 rgba(0,0,0,0.15); margin: 1px; max-width:540px; min-width:326px; padding:0; width:99.375%; width:-webkit-calc(100% - 2px); width:calc(100% - 2px);\"><div style=\"padding:16px;\"> <a href=\"https:\/\/www.instagram.com\/p\/CoyUQN2NU_W\/?utm_source=ig_embed&amp;utm_campaign=loading\" style=\" background:#FFFFFF; line-height:0; padding:0 0; text-align:center; text-decoration:none; width:100%;\" target=\"_blank\"> <div style=\" display: flex; flex-direction: row; align-items: center;\"> <div style=\"background-color: #F4F4F4; border-radius: 50%; flex-grow: 0; height: 40px; margin-right: 14px; width: 40px;\"><\/div> <div style=\"display: flex; flex-direction: column; flex-grow: 1; justify-content: center;\"> <div style=\" background-color: #F4F4F4; border-radius: 4px; flex-grow: 0; height: 14px; margin-bottom: 6px; width: 100px;\"><\/div> <div style=\" background-color: #F4F4F4; border-radius: 4px; flex-grow: 0; height: 14px; width: 60px;\"><\/div><\/div><\/div><div style=\"padding: 19% 0;\"><\/div> <div style=\"display:block; height:50px; margin:0 auto 12px; width:50px;\"><svg width=\"50px\" height=\"50px\" viewBox=\"0 0 60 60\" version=\"1.1\" xmlns=\"https:\/\/www.w3.org\/2000\/svg\" xmlns:xlink=\"https:\/\/www.w3.org\/1999\/xlink\"><g stroke=\"none\" stroke-width=\"1\" fill=\"none\" fill-rule=\"evenodd\"><g transform=\"translate(-511.000000, -20.000000)\" fill=\"#000000\"><g><path d=\"M556.869,30.41 C554.814,30.41 553.148,32.076 553.148,34.131 C553.148,36.186 554.814,37.852 556.869,37.852 C558.924,37.852 560.59,36.186 560.59,34.131 C560.59,32.076 558.924,30.41 556.869,30.41 M541,60.657 C535.114,60.657 530.342,55.887 530.342,50 C530.342,44.114 535.114,39.342 541,39.342 C546.887,39.342 551.658,44.114 551.658,50 C551.658,55.887 546.887,60.657 541,60.657 M541,33.886 C532.1,33.886 524.886,41.1 524.886,50 C524.886,58.899 532.1,66.113 541,66.113 C549.9,66.113 557.115,58.899 557.115,50 C557.115,41.1 549.9,33.886 541,33.886 M565.378,62.101 C565.244,65.022 564.756,66.606 564.346,67.663 C563.803,69.06 563.154,70.057 562.106,71.106 C561.058,72.155 560.06,72.803 558.662,73.347 C557.607,73.757 556.021,74.244 553.102,74.378 C549.944,74.521 548.997,74.552 541,74.552 C533.003,74.552 532.056,74.521 528.898,74.378 C525.979,74.244 524.393,73.757 523.338,73.347 C521.94,72.803 520.942,72.155 519.894,71.106 C518.846,70.057 518.197,69.06 517.654,67.663 C517.244,66.606 516.755,65.022 516.623,62.101 C516.479,58.943 516.448,57.996 516.448,50 C516.448,42.003 516.479,41.056 516.623,37.899 C516.755,34.978 517.244,33.391 517.654,32.338 C518.197,30.938 518.846,29.942 519.894,28.894 C520.942,27.846 521.94,27.196 523.338,26.654 C524.393,26.244 525.979,25.756 528.898,25.623 C532.057,25.479 533.004,25.448 541,25.448 C548.997,25.448 549.943,25.479 553.102,25.623 C556.021,25.756 557.607,26.244 558.662,26.654 C560.06,27.196 561.058,27.846 562.106,28.894 C563.154,29.942 563.803,30.938 564.346,32.338 C564.756,33.391 565.244,34.978 565.378,37.899 C565.522,41.056 565.552,42.003 565.552,50 C565.552,57.996 565.522,58.943 565.378,62.101 M570.82,37.631 C570.674,34.438 570.167,32.258 569.425,30.349 C568.659,28.377 567.633,26.702 565.965,25.035 C564.297,23.368 562.623,22.342 560.652,21.575 C558.743,20.834 556.562,20.326 553.369,20.18 C550.169,20.033 549.148,20 541,20 C532.853,20 531.831,20.033 528.631,20.18 C525.438,20.326 523.257,20.834 521.349,21.575 C519.376,22.342 517.703,23.368 516.035,25.035 C514.368,26.702 513.342,28.377 512.574,30.349 C511.834,32.258 511.326,34.438 511.181,37.631 C511.035,40.831 511,41.851 511,50 C511,58.147 511.035,59.17 511.181,62.369 C511.326,65.562 511.834,67.743 512.574,69.651 C513.342,71.625 514.368,73.296 516.035,74.965 C517.703,76.634 519.376,77.658 521.349,78.425 C523.257,79.167 525.438,79.673 528.631,79.82 C531.831,79.965 532.853,80.001 541,80.001 C549.148,80.001 550.169,79.965 553.369,79.82 C556.562,79.673 558.743,79.167 560.652,78.425 C562.623,77.658 564.297,76.634 565.965,74.965 C567.633,73.296 568.659,71.625 569.425,69.651 C570.167,67.743 570.674,65.562 570.82,62.369 C570.966,59.17 571,58.147 571,50 C571,41.851 570.966,40.831 570.82,37.631\"><\/path><\/g><\/g><\/g><\/svg><\/div><div style=\"padding-top: 8px;\"> <div style=\" color:#3897f0; font-family:Arial,sans-serif; font-size:14px; font-style:normal; font-weight:550; line-height:18px;\">Ver esta publicaci\u00f3n en Instagram<\/div><\/div><div style=\"padding: 12.5% 0;\"><\/div> <div style=\"display: flex; flex-direction: row; margin-bottom: 14px; align-items: center;\"><div> <div style=\"background-color: #F4F4F4; border-radius: 50%; height: 12.5px; width: 12.5px; transform: translateX(0px) translateY(7px);\"><\/div> <div style=\"background-color: #F4F4F4; height: 12.5px; transform: rotate(-45deg) translateX(3px) translateY(1px); width: 12.5px; flex-grow: 0; margin-right: 14px; margin-left: 2px;\"><\/div> <div style=\"background-color: #F4F4F4; border-radius: 50%; height: 12.5px; width: 12.5px; transform: translateX(9px) translateY(-18px);\"><\/div><\/div><div style=\"margin-left: 8px;\"> <div style=\" background-color: #F4F4F4; border-radius: 50%; flex-grow: 0; height: 20px; width: 20px;\"><\/div> <div style=\" width: 0; height: 0; border-top: 2px solid transparent; border-left: 6px solid #f4f4f4; border-bottom: 2px solid transparent; transform: translateX(16px) translateY(-4px) rotate(30deg)\"><\/div><\/div><div style=\"margin-left: auto;\"> <div style=\" width: 0px; border-top: 8px solid #F4F4F4; border-right: 8px solid transparent; transform: translateY(16px);\"><\/div> <div style=\" background-color: #F4F4F4; flex-grow: 0; height: 12px; width: 16px; transform: translateY(-4px);\"><\/div> <div style=\" width: 0; height: 0; border-top: 8px solid #F4F4F4; border-left: 8px solid transparent; transform: translateY(-4px) translateX(8px);\"><\/div><\/div><\/div> <div style=\"display: flex; flex-direction: column; flex-grow: 1; justify-content: center; margin-bottom: 24px;\"> <div style=\" background-color: #F4F4F4; border-radius: 4px; flex-grow: 0; height: 14px; margin-bottom: 6px; width: 224px;\"><\/div> <div style=\" background-color: #F4F4F4; border-radius: 4px; flex-grow: 0; height: 14px; width: 144px;\"><\/div><\/div><\/a><p style=\" color:#c9c8cd; font-family:Arial,sans-serif; font-size:14px; line-height:17px; margin-bottom:0; margin-top:8px; overflow:hidden; padding:8px 0 7px; text-align:center; text-overflow:ellipsis; white-space:nowrap;\"><a href=\"https:\/\/www.instagram.com\/p\/CoyUQN2NU_W\/?utm_source=ig_embed&amp;utm_campaign=loading\" style=\" color:#c9c8cd; font-family:Arial,sans-serif; font-size:14px; font-style:normal; font-weight:normal; line-height:17px; text-decoration:none;\" target=\"_blank\">Una publicaci\u00f3n compartida de Lunara Alquila (@lunaraalquila)<\/a><\/p><\/div><\/blockquote> <script async src=\"\/\/www.instagram.com\/embed.js\"><\/script><\/div>\n\t\t\t\t\t\t<\/div>\n\t\t\t\t<\/div>\n\t\t\t\t\t<\/div>\n\t\t<\/div>\n\t\t\t\t\t<\/div>\n\t\t<\/section>\n\t\t\t\t<section class=\"elementor-section elementor-top-section elementor-element elementor-element-58f3c7c elementor-section-boxed elementor-section-height-default elementor-section-height-default\" data-id=\"58f3c7c\" data-element_type=\"section\">\n\t\t\t\t\t\t<div class=\"elementor-container elementor-column-gap-default\">\n\t\t\t\t\t<div class=\"elementor-column elementor-col-100 elementor-top-column elementor-element elementor-element-3fd56fc\" data-id=\"3fd56fc\" data-element_type=\"column\">\n\t\t\t<div class=\"elementor-widget-wrap elementor-element-populated\">\n\t\t\t\t\t\t<div class=\"elementor-element elementor-element-40b4a30 elementor-widget elementor-widget-heading\" data-id=\"40b4a30\" data-element_type=\"widget\" data-widget_type=\"heading.default\">\n\t\t\t\t<div class=\"elementor-widget-container\">\n\t\t\t\t\t<h2 class=\"elementor-heading-title elementor-size-default\">Naranja<\/h2>\t\t\t\t<\/div>\n\t\t\t\t<\/div>\n\t\t\t\t\t<\/div>\n\t\t<\/div>\n\t\t\t\t\t<\/div>\n\t\t<\/section>\n\t\t\t\t<section class=\"elementor-section elementor-top-section elementor-element elementor-element-1b73acd elementor-section-boxed elementor-section-height-default elementor-section-height-default\" data-id=\"1b73acd\" data-element_type=\"section\">\n\t\t\t\t\t\t<div class=\"elementor-container elementor-column-gap-default\">\n\t\t\t\t\t<div class=\"elementor-column elementor-col-100 elementor-top-column elementor-element elementor-element-437ddd7\" data-id=\"437ddd7\" data-element_type=\"column\">\n\t\t\t<div class=\"elementor-widget-wrap elementor-element-populated\">\n\t\t\t\t\t\t<div class=\"elementor-element elementor-element-8614237 elementor-widget elementor-widget-text-editor\" data-id=\"8614237\" data-element_type=\"widget\" data-widget_type=\"text-editor.default\">\n\t\t\t\t<div class=\"elementor-widget-container\">\n\t\t\t\t\t\t\t\t\t<p>Este es uno de los tonos TOP que vimos en <b>tendencia<\/b> durante 2022 y ha triunfado tanto que informamos: \u00a1<b>Seguir\u00e1 vigente este 2023<\/b>!<\/p><p>Nos gusta mucho porque el naranja es de esos colores atrevidos que tiene la capacidad de realzar un outfit street style a la perfeccci\u00f3n. Lo puedes usar en chaquetas, faltas o incluso tops. Se ver\u00e1 fenomenal y ser\u00e1s<b>\u00a0el HIT<\/b>.<\/p><p>Puedes usarlo en chaquetas y pantalones sastre como lo ha presentado\u00a0<a href=\"https:\/\/www.gabrielahearst.com\/\"><strong>Gabriela Hearst<\/strong><\/a>\u00a0en la Semana de la Moda de Nueva York o en\u00a0blusas de cuello alto o faldas, como bien nos lo ha propuesto\u00a0<a href=\"https:\/\/www.hermes.com\/es\/es\/\"><strong>Herm\u00e8s<\/strong><\/a>\u00a0en\u00a0Par\u00eds.<\/p><p>\u00a0<\/p><div class=\"GroupCalloutWrapper-dgKFoC esRCSK callout callout--group callout--group-3\" data-testid=\"GroupCalloutWrapper\" data-event-boundary=\"click\" data-event-click=\"{&quot;pattern&quot;:&quot;GroupCallout&quot;}\" data-include-experiments=\"true\"><figure class=\"AssetEmbedWrapper-iKrtVW eYPQkA asset-embed callout--group-item callout--group-item-1\"><div class=\"AssetEmbedAssetContainer-fpksBS deXOlp asset-embed__asset-container\">\u00a0<\/div><\/figure><\/div>\t\t\t\t\t\t\t\t<\/div>\n\t\t\t\t<\/div>\n\t\t\t\t\t<\/div>\n\t\t<\/div>\n\t\t\t\t\t<\/div>\n\t\t<\/section>\n\t\t\t\t<section class=\"elementor-section elementor-top-section elementor-element elementor-element-6b606e2 elementor-section-boxed elementor-section-height-default elementor-section-height-default\" data-id=\"6b606e2\" data-element_type=\"section\">\n\t\t\t\t\t\t<div class=\"elementor-container elementor-column-gap-default\">\n\t\t\t\t\t<div class=\"elementor-column elementor-col-100 elementor-top-column elementor-element elementor-element-c1390dc\" data-id=\"c1390dc\" data-element_type=\"column\">\n\t\t\t<div class=\"elementor-widget-wrap elementor-element-populated\">\n\t\t\t\t\t\t<div class=\"elementor-element elementor-element-faca30c elementor-widget elementor-widget-shortcode\" data-id=\"faca30c\" data-element_type=\"widget\" data-widget_type=\"shortcode.default\">\n\t\t\t\t<div class=\"elementor-widget-container\">\n\t\t\t\t\t\t\t<div class=\"elementor-shortcode\"><blockquote class=\"instagram-media\" data-instgrm-captioned data-instgrm-permalink=\"https:\/\/www.instagram.com\/p\/Co9FMGCtJhe\/?utm_source=ig_embed&amp;utm_campaign=loading\" data-instgrm-version=\"14\" style=\" background:#FFF; border:0; border-radius:3px; box-shadow:0 0 1px 0 rgba(0,0,0,0.5),0 1px 10px 0 rgba(0,0,0,0.15); margin: 1px; max-width:540px; min-width:326px; padding:0; width:99.375%; width:-webkit-calc(100% - 2px); width:calc(100% - 2px);\"><div style=\"padding:16px;\"> <a href=\"https:\/\/www.instagram.com\/p\/Co9FMGCtJhe\/?utm_source=ig_embed&amp;utm_campaign=loading\" style=\" background:#FFFFFF; line-height:0; padding:0 0; text-align:center; text-decoration:none; width:100%;\" target=\"_blank\"> <div style=\" display: flex; flex-direction: row; align-items: center;\"> <div style=\"background-color: #F4F4F4; border-radius: 50%; flex-grow: 0; height: 40px; margin-right: 14px; width: 40px;\"><\/div> <div style=\"display: flex; flex-direction: column; flex-grow: 1; justify-content: center;\"> <div style=\" background-color: #F4F4F4; border-radius: 4px; flex-grow: 0; height: 14px; margin-bottom: 6px; width: 100px;\"><\/div> <div style=\" background-color: #F4F4F4; border-radius: 4px; flex-grow: 0; height: 14px; width: 60px;\"><\/div><\/div><\/div><div style=\"padding: 19% 0;\"><\/div> <div style=\"display:block; height:50px; margin:0 auto 12px; width:50px;\"><svg width=\"50px\" height=\"50px\" viewBox=\"0 0 60 60\" version=\"1.1\" xmlns=\"https:\/\/www.w3.org\/2000\/svg\" xmlns:xlink=\"https:\/\/www.w3.org\/1999\/xlink\"><g stroke=\"none\" stroke-width=\"1\" fill=\"none\" fill-rule=\"evenodd\"><g transform=\"translate(-511.000000, -20.000000)\" fill=\"#000000\"><g><path d=\"M556.869,30.41 C554.814,30.41 553.148,32.076 553.148,34.131 C553.148,36.186 554.814,37.852 556.869,37.852 C558.924,37.852 560.59,36.186 560.59,34.131 C560.59,32.076 558.924,30.41 556.869,30.41 M541,60.657 C535.114,60.657 530.342,55.887 530.342,50 C530.342,44.114 535.114,39.342 541,39.342 C546.887,39.342 551.658,44.114 551.658,50 C551.658,55.887 546.887,60.657 541,60.657 M541,33.886 C532.1,33.886 524.886,41.1 524.886,50 C524.886,58.899 532.1,66.113 541,66.113 C549.9,66.113 557.115,58.899 557.115,50 C557.115,41.1 549.9,33.886 541,33.886 M565.378,62.101 C565.244,65.022 564.756,66.606 564.346,67.663 C563.803,69.06 563.154,70.057 562.106,71.106 C561.058,72.155 560.06,72.803 558.662,73.347 C557.607,73.757 556.021,74.244 553.102,74.378 C549.944,74.521 548.997,74.552 541,74.552 C533.003,74.552 532.056,74.521 528.898,74.378 C525.979,74.244 524.393,73.757 523.338,73.347 C521.94,72.803 520.942,72.155 519.894,71.106 C518.846,70.057 518.197,69.06 517.654,67.663 C517.244,66.606 516.755,65.022 516.623,62.101 C516.479,58.943 516.448,57.996 516.448,50 C516.448,42.003 516.479,41.056 516.623,37.899 C516.755,34.978 517.244,33.391 517.654,32.338 C518.197,30.938 518.846,29.942 519.894,28.894 C520.942,27.846 521.94,27.196 523.338,26.654 C524.393,26.244 525.979,25.756 528.898,25.623 C532.057,25.479 533.004,25.448 541,25.448 C548.997,25.448 549.943,25.479 553.102,25.623 C556.021,25.756 557.607,26.244 558.662,26.654 C560.06,27.196 561.058,27.846 562.106,28.894 C563.154,29.942 563.803,30.938 564.346,32.338 C564.756,33.391 565.244,34.978 565.378,37.899 C565.522,41.056 565.552,42.003 565.552,50 C565.552,57.996 565.522,58.943 565.378,62.101 M570.82,37.631 C570.674,34.438 570.167,32.258 569.425,30.349 C568.659,28.377 567.633,26.702 565.965,25.035 C564.297,23.368 562.623,22.342 560.652,21.575 C558.743,20.834 556.562,20.326 553.369,20.18 C550.169,20.033 549.148,20 541,20 C532.853,20 531.831,20.033 528.631,20.18 C525.438,20.326 523.257,20.834 521.349,21.575 C519.376,22.342 517.703,23.368 516.035,25.035 C514.368,26.702 513.342,28.377 512.574,30.349 C511.834,32.258 511.326,34.438 511.181,37.631 C511.035,40.831 511,41.851 511,50 C511,58.147 511.035,59.17 511.181,62.369 C511.326,65.562 511.834,67.743 512.574,69.651 C513.342,71.625 514.368,73.296 516.035,74.965 C517.703,76.634 519.376,77.658 521.349,78.425 C523.257,79.167 525.438,79.673 528.631,79.82 C531.831,79.965 532.853,80.001 541,80.001 C549.148,80.001 550.169,79.965 553.369,79.82 C556.562,79.673 558.743,79.167 560.652,78.425 C562.623,77.658 564.297,76.634 565.965,74.965 C567.633,73.296 568.659,71.625 569.425,69.651 C570.167,67.743 570.674,65.562 570.82,62.369 C570.966,59.17 571,58.147 571,50 C571,41.851 570.966,40.831 570.82,37.631\"><\/path><\/g><\/g><\/g><\/svg><\/div><div style=\"padding-top: 8px;\"> <div style=\" color:#3897f0; font-family:Arial,sans-serif; font-size:14px; font-style:normal; font-weight:550; line-height:18px;\">Ver esta publicaci\u00f3n en Instagram<\/div><\/div><div style=\"padding: 12.5% 0;\"><\/div> <div style=\"display: flex; flex-direction: row; margin-bottom: 14px; align-items: center;\"><div> <div style=\"background-color: #F4F4F4; border-radius: 50%; height: 12.5px; width: 12.5px; transform: translateX(0px) translateY(7px);\"><\/div> <div style=\"background-color: #F4F4F4; height: 12.5px; transform: rotate(-45deg) translateX(3px) translateY(1px); width: 12.5px; flex-grow: 0; margin-right: 14px; margin-left: 2px;\"><\/div> <div style=\"background-color: #F4F4F4; border-radius: 50%; height: 12.5px; width: 12.5px; transform: translateX(9px) translateY(-18px);\"><\/div><\/div><div style=\"margin-left: 8px;\"> <div style=\" background-color: #F4F4F4; border-radius: 50%; flex-grow: 0; height: 20px; width: 20px;\"><\/div> <div style=\" width: 0; height: 0; border-top: 2px solid transparent; border-left: 6px solid #f4f4f4; border-bottom: 2px solid transparent; transform: translateX(16px) translateY(-4px) rotate(30deg)\"><\/div><\/div><div style=\"margin-left: auto;\"> <div style=\" width: 0px; border-top: 8px solid #F4F4F4; border-right: 8px solid transparent; transform: translateY(16px);\"><\/div> <div style=\" background-color: #F4F4F4; flex-grow: 0; height: 12px; width: 16px; transform: translateY(-4px);\"><\/div> <div style=\" width: 0; height: 0; border-top: 8px solid #F4F4F4; border-left: 8px solid transparent; transform: translateY(-4px) translateX(8px);\"><\/div><\/div><\/div> <div style=\"display: flex; flex-direction: column; flex-grow: 1; justify-content: center; margin-bottom: 24px;\"> <div style=\" background-color: #F4F4F4; border-radius: 4px; flex-grow: 0; height: 14px; margin-bottom: 6px; width: 224px;\"><\/div> <div style=\" background-color: #F4F4F4; border-radius: 4px; flex-grow: 0; height: 14px; width: 144px;\"><\/div><\/div><\/a><p style=\" color:#c9c8cd; font-family:Arial,sans-serif; font-size:14px; line-height:17px; margin-bottom:0; margin-top:8px; overflow:hidden; padding:8px 0 7px; text-align:center; text-overflow:ellipsis; white-space:nowrap;\"><a href=\"https:\/\/www.instagram.com\/p\/Co9FMGCtJhe\/?utm_source=ig_embed&amp;utm_campaign=loading\" style=\" color:#c9c8cd; font-family:Arial,sans-serif; font-size:14px; font-style:normal; font-weight:normal; line-height:17px; text-decoration:none;\" target=\"_blank\">Una publicaci\u00f3n compartida de Alexandre Vauthier Official (@alexandrevauthier)<\/a><\/p><\/div><\/blockquote> <script async src=\"\/\/www.instagram.com\/embed.js\"><\/script><\/div>\n\t\t\t\t\t\t<\/div>\n\t\t\t\t<\/div>\n\t\t\t\t\t<\/div>\n\t\t<\/div>\n\t\t\t\t\t<\/div>\n\t\t<\/section>\n\t\t\t\t<section class=\"elementor-section elementor-top-section elementor-element elementor-element-a0de868 elementor-section-boxed elementor-section-height-default elementor-section-height-default\" data-id=\"a0de868\" data-element_type=\"section\">\n\t\t\t\t\t\t<div class=\"elementor-container elementor-column-gap-default\">\n\t\t\t\t\t<div class=\"elementor-column elementor-col-100 elementor-top-column elementor-element elementor-element-0a8a558\" data-id=\"0a8a558\" data-element_type=\"column\">\n\t\t\t<div class=\"elementor-widget-wrap elementor-element-populated\">\n\t\t\t\t\t\t<div class=\"elementor-element elementor-element-30405c3 elementor-widget elementor-widget-heading\" data-id=\"30405c3\" data-element_type=\"widget\" data-widget_type=\"heading.default\">\n\t\t\t\t<div class=\"elementor-widget-container\">\n\t\t\t\t\t<h2 class=\"elementor-heading-title elementor-size-default\">Tonos pasteles<\/h2>\t\t\t\t<\/div>\n\t\t\t\t<\/div>\n\t\t\t\t\t<\/div>\n\t\t<\/div>\n\t\t\t\t\t<\/div>\n\t\t<\/section>\n\t\t\t\t<section class=\"elementor-section elementor-top-section elementor-element elementor-element-0f73232 elementor-section-boxed elementor-section-height-default elementor-section-height-default\" data-id=\"0f73232\" data-element_type=\"section\">\n\t\t\t\t\t\t<div class=\"elementor-container elementor-column-gap-default\">\n\t\t\t\t\t<div class=\"elementor-column elementor-col-100 elementor-top-column elementor-element elementor-element-694f760\" data-id=\"694f760\" data-element_type=\"column\">\n\t\t\t<div class=\"elementor-widget-wrap elementor-element-populated\">\n\t\t\t\t\t\t<div class=\"elementor-element elementor-element-e055769 elementor-widget elementor-widget-text-editor\" data-id=\"e055769\" data-element_type=\"widget\" data-widget_type=\"text-editor.default\">\n\t\t\t\t<div class=\"elementor-widget-container\">\n\t\t\t\t\t\t\t\t\t<p>Si lo tuyo no son los tonos vibrantes, tienes aqu\u00ed el abanico es muy amplio, desde un verde lima, pasando por un rosa o un lila son perfectos. Estos colores s\u00ed que nos encantan, porque son vivos sin llegar a ser cargados.\u00a0<\/p><p>Los\u00a0<strong>colores pasteles<\/strong>\u00a0han llegado para transformar aquellos en\u00e9rgicos que nos eclipsaron la temporada pasada. Son algo as\u00ed como\u00a0<strong>tonos rom\u00e1nticos<\/strong>\u00a0que liberan una sensaci\u00f3n de calma.<\/p><p>Pero&#8230; \u00bfEn qu\u00e9 prendas usarlos?\u00a0<\/p><p>En la <b>Semana de la Moda de Nueva York<\/b>, por ejemplo el dise\u00f1ador de modas\u00a0<a href=\"https:\/\/www.brandonmaxwellonline.com\/\"><strong>Brandon Maxwell<\/strong><\/a>, ha propuesto usarlos en chaquetas con un aire m\u00e1s sport,\u00a0<a href=\"https:\/\/www.maison-alaia.com\/countries\/index\"><strong>Ala\u00efa<\/strong><\/a> en un enterizo amarillo con tejido transparente o <strong><a href=\"https:\/\/www.chanel.com\/es\/\">Chanel<\/a><\/strong>\u00a0<span style=\"font-size: 1em; letter-spacing: 0px; font-weight: var( --e-global-typography-text-font-weight );\">en cazadoras o conjuntos de chaqueta y falda, por ejemplo en colores lila\/malva.<\/span><\/p>\t\t\t\t\t\t\t\t<\/div>\n\t\t\t\t<\/div>\n\t\t\t\t\t<\/div>\n\t\t<\/div>\n\t\t\t\t\t<\/div>\n\t\t<\/section>\n\t\t\t\t<section class=\"elementor-section elementor-top-section elementor-element elementor-element-8712262 elementor-section-boxed elementor-section-height-default elementor-section-height-default\" data-id=\"8712262\" data-element_type=\"section\">\n\t\t\t\t\t\t<div class=\"elementor-container elementor-column-gap-default\">\n\t\t\t\t\t<div class=\"elementor-column elementor-col-100 elementor-top-column elementor-element elementor-element-be51a5a\" data-id=\"be51a5a\" data-element_type=\"column\">\n\t\t\t<div class=\"elementor-widget-wrap elementor-element-populated\">\n\t\t\t\t\t\t\t<\/div>\n\t\t<\/div>\n\t\t\t\t\t<\/div>\n\t\t<\/section>\n\t\t\t\t<section class=\"elementor-section elementor-top-section elementor-element elementor-element-fcb81f0 elementor-section-boxed elementor-section-height-default elementor-section-height-default\" data-id=\"fcb81f0\" data-element_type=\"section\">\n\t\t\t\t\t\t<div class=\"elementor-container elementor-column-gap-default\">\n\t\t\t\t\t<div class=\"elementor-column elementor-col-100 elementor-top-column elementor-element elementor-element-2a756fa\" data-id=\"2a756fa\" data-element_type=\"column\">\n\t\t\t<div class=\"elementor-widget-wrap elementor-element-populated\">\n\t\t\t\t\t\t<div class=\"elementor-element elementor-element-2947a8d elementor-widget elementor-widget-shortcode\" data-id=\"2947a8d\" data-element_type=\"widget\" data-widget_type=\"shortcode.default\">\n\t\t\t\t<div class=\"elementor-widget-container\">\n\t\t\t\t\t\t\t<div class=\"elementor-shortcode\"><blockquote class=\"instagram-media\" data-instgrm-captioned data-instgrm-permalink=\"https:\/\/www.instagram.com\/p\/CnrnSeaN8gG\/?utm_source=ig_embed&amp;utm_campaign=loading\" data-instgrm-version=\"14\" style=\" background:#FFF; border:0; border-radius:3px; box-shadow:0 0 1px 0 rgba(0,0,0,0.5),0 1px 10px 0 rgba(0,0,0,0.15); margin: 1px; max-width:540px; min-width:326px; padding:0; width:99.375%; width:-webkit-calc(100% - 2px); width:calc(100% - 2px);\"><div style=\"padding:16px;\"> <a href=\"https:\/\/www.instagram.com\/p\/CnrnSeaN8gG\/?utm_source=ig_embed&amp;utm_campaign=loading\" style=\" background:#FFFFFF; line-height:0; padding:0 0; text-align:center; text-decoration:none; width:100%;\" target=\"_blank\"> <div style=\" display: flex; flex-direction: row; align-items: center;\"> <div style=\"background-color: #F4F4F4; border-radius: 50%; flex-grow: 0; height: 40px; margin-right: 14px; width: 40px;\"><\/div> <div style=\"display: flex; flex-direction: column; flex-grow: 1; justify-content: center;\"> <div style=\" background-color: #F4F4F4; border-radius: 4px; flex-grow: 0; height: 14px; margin-bottom: 6px; width: 100px;\"><\/div> <div style=\" background-color: #F4F4F4; border-radius: 4px; flex-grow: 0; height: 14px; width: 60px;\"><\/div><\/div><\/div><div style=\"padding: 19% 0;\"><\/div> <div style=\"display:block; height:50px; margin:0 auto 12px; width:50px;\"><svg width=\"50px\" height=\"50px\" viewBox=\"0 0 60 60\" version=\"1.1\" xmlns=\"https:\/\/www.w3.org\/2000\/svg\" xmlns:xlink=\"https:\/\/www.w3.org\/1999\/xlink\"><g stroke=\"none\" stroke-width=\"1\" fill=\"none\" fill-rule=\"evenodd\"><g transform=\"translate(-511.000000, -20.000000)\" fill=\"#000000\"><g><path d=\"M556.869,30.41 C554.814,30.41 553.148,32.076 553.148,34.131 C553.148,36.186 554.814,37.852 556.869,37.852 C558.924,37.852 560.59,36.186 560.59,34.131 C560.59,32.076 558.924,30.41 556.869,30.41 M541,60.657 C535.114,60.657 530.342,55.887 530.342,50 C530.342,44.114 535.114,39.342 541,39.342 C546.887,39.342 551.658,44.114 551.658,50 C551.658,55.887 546.887,60.657 541,60.657 M541,33.886 C532.1,33.886 524.886,41.1 524.886,50 C524.886,58.899 532.1,66.113 541,66.113 C549.9,66.113 557.115,58.899 557.115,50 C557.115,41.1 549.9,33.886 541,33.886 M565.378,62.101 C565.244,65.022 564.756,66.606 564.346,67.663 C563.803,69.06 563.154,70.057 562.106,71.106 C561.058,72.155 560.06,72.803 558.662,73.347 C557.607,73.757 556.021,74.244 553.102,74.378 C549.944,74.521 548.997,74.552 541,74.552 C533.003,74.552 532.056,74.521 528.898,74.378 C525.979,74.244 524.393,73.757 523.338,73.347 C521.94,72.803 520.942,72.155 519.894,71.106 C518.846,70.057 518.197,69.06 517.654,67.663 C517.244,66.606 516.755,65.022 516.623,62.101 C516.479,58.943 516.448,57.996 516.448,50 C516.448,42.003 516.479,41.056 516.623,37.899 C516.755,34.978 517.244,33.391 517.654,32.338 C518.197,30.938 518.846,29.942 519.894,28.894 C520.942,27.846 521.94,27.196 523.338,26.654 C524.393,26.244 525.979,25.756 528.898,25.623 C532.057,25.479 533.004,25.448 541,25.448 C548.997,25.448 549.943,25.479 553.102,25.623 C556.021,25.756 557.607,26.244 558.662,26.654 C560.06,27.196 561.058,27.846 562.106,28.894 C563.154,29.942 563.803,30.938 564.346,32.338 C564.756,33.391 565.244,34.978 565.378,37.899 C565.522,41.056 565.552,42.003 565.552,50 C565.552,57.996 565.522,58.943 565.378,62.101 M570.82,37.631 C570.674,34.438 570.167,32.258 569.425,30.349 C568.659,28.377 567.633,26.702 565.965,25.035 C564.297,23.368 562.623,22.342 560.652,21.575 C558.743,20.834 556.562,20.326 553.369,20.18 C550.169,20.033 549.148,20 541,20 C532.853,20 531.831,20.033 528.631,20.18 C525.438,20.326 523.257,20.834 521.349,21.575 C519.376,22.342 517.703,23.368 516.035,25.035 C514.368,26.702 513.342,28.377 512.574,30.349 C511.834,32.258 511.326,34.438 511.181,37.631 C511.035,40.831 511,41.851 511,50 C511,58.147 511.035,59.17 511.181,62.369 C511.326,65.562 511.834,67.743 512.574,69.651 C513.342,71.625 514.368,73.296 516.035,74.965 C517.703,76.634 519.376,77.658 521.349,78.425 C523.257,79.167 525.438,79.673 528.631,79.82 C531.831,79.965 532.853,80.001 541,80.001 C549.148,80.001 550.169,79.965 553.369,79.82 C556.562,79.673 558.743,79.167 560.652,78.425 C562.623,77.658 564.297,76.634 565.965,74.965 C567.633,73.296 568.659,71.625 569.425,69.651 C570.167,67.743 570.674,65.562 570.82,62.369 C570.966,59.17 571,58.147 571,50 C571,41.851 570.966,40.831 570.82,37.631\"><\/path><\/g><\/g><\/g><\/svg><\/div><div style=\"padding-top: 8px;\"> <div style=\" color:#3897f0; font-family:Arial,sans-serif; font-size:14px; font-style:normal; font-weight:550; line-height:18px;\">Ver esta publicaci\u00f3n en Instagram<\/div><\/div><div style=\"padding: 12.5% 0;\"><\/div> <div style=\"display: flex; flex-direction: row; margin-bottom: 14px; align-items: center;\"><div> <div style=\"background-color: #F4F4F4; border-radius: 50%; height: 12.5px; width: 12.5px; transform: translateX(0px) translateY(7px);\"><\/div> <div style=\"background-color: #F4F4F4; height: 12.5px; transform: rotate(-45deg) translateX(3px) translateY(1px); width: 12.5px; flex-grow: 0; margin-right: 14px; margin-left: 2px;\"><\/div> <div style=\"background-color: #F4F4F4; border-radius: 50%; height: 12.5px; width: 12.5px; transform: translateX(9px) translateY(-18px);\"><\/div><\/div><div style=\"margin-left: 8px;\"> <div style=\" background-color: #F4F4F4; border-radius: 50%; flex-grow: 0; height: 20px; width: 20px;\"><\/div> <div style=\" width: 0; height: 0; border-top: 2px solid transparent; border-left: 6px solid #f4f4f4; border-bottom: 2px solid transparent; transform: translateX(16px) translateY(-4px) rotate(30deg)\"><\/div><\/div><div style=\"margin-left: auto;\"> <div style=\" width: 0px; border-top: 8px solid #F4F4F4; border-right: 8px solid transparent; transform: translateY(16px);\"><\/div> <div style=\" background-color: #F4F4F4; flex-grow: 0; height: 12px; width: 16px; transform: translateY(-4px);\"><\/div> <div style=\" width: 0; height: 0; border-top: 8px solid #F4F4F4; border-left: 8px solid transparent; transform: translateY(-4px) translateX(8px);\"><\/div><\/div><\/div> <div style=\"display: flex; flex-direction: column; flex-grow: 1; justify-content: center; margin-bottom: 24px;\"> <div style=\" background-color: #F4F4F4; border-radius: 4px; flex-grow: 0; height: 14px; margin-bottom: 6px; width: 224px;\"><\/div> <div style=\" background-color: #F4F4F4; border-radius: 4px; flex-grow: 0; height: 14px; width: 144px;\"><\/div><\/div><\/a><p style=\" color:#c9c8cd; font-family:Arial,sans-serif; font-size:14px; line-height:17px; margin-bottom:0; margin-top:8px; overflow:hidden; padding:8px 0 7px; text-align:center; text-overflow:ellipsis; white-space:nowrap;\"><a href=\"https:\/\/www.instagram.com\/p\/CnrnSeaN8gG\/?utm_source=ig_embed&amp;utm_campaign=loading\" style=\" color:#c9c8cd; font-family:Arial,sans-serif; font-size:14px; font-style:normal; font-weight:normal; line-height:17px; text-decoration:none;\" target=\"_blank\">Una publicaci\u00f3n compartida de Giorgio Armani (@giorgioarmani)<\/a><\/p><\/div><\/blockquote> <script async src=\"\/\/www.instagram.com\/embed.js\"><\/script><\/div>\n\t\t\t\t\t\t<\/div>\n\t\t\t\t<\/div>\n\t\t\t\t\t<\/div>\n\t\t<\/div>\n\t\t\t\t\t<\/div>\n\t\t<\/section>\n\t\t\t\t<section class=\"elementor-section elementor-top-section elementor-element elementor-element-14fb433 elementor-section-boxed elementor-section-height-default elementor-section-height-default\" data-id=\"14fb433\" data-element_type=\"section\">\n\t\t\t\t\t\t<div class=\"elementor-container elementor-column-gap-default\">\n\t\t\t\t\t<div class=\"elementor-column elementor-col-100 elementor-top-column elementor-element elementor-element-1759b96\" data-id=\"1759b96\" data-element_type=\"column\">\n\t\t\t<div class=\"elementor-widget-wrap elementor-element-populated\">\n\t\t\t\t\t\t<div class=\"elementor-element elementor-element-d022952 elementor-widget elementor-widget-text-editor\" data-id=\"d022952\" data-element_type=\"widget\" data-widget_type=\"text-editor.default\">\n\t\t\t\t<div class=\"elementor-widget-container\">\n\t\t\t\t\t\t\t\t\t<p>Otros grandes de la moda como\u00a0<a href=\"https:\/\/www.christopherkane.com\/es\/?affc=3e1cadf8-456e-4ad6-b3eb-f9ab1fa6b4fe\"><strong>Christopher Kane<\/strong><\/a>,\u00a0<a href=\"https:\/\/es.burberry.com\/\"><strong>Burberry\u00a0<\/strong><\/a>o\u00a0<a href=\"https:\/\/www.stellamccartney.com\/gb\/en\/?tp=97544&amp;utm_medium=affiliate&amp;utm_source=rakutenUK&amp;utm_content=10&amp;utm_campaign=3301493&amp;utm_term=UK&amp;ranMID=40455&amp;ranEAID=p5Zs8TJlngw&amp;ranSiteID=p5Zs8TJlngw-n95S66xrzAJWKpqjLeH61Q\"><strong>Stella McCartney<\/strong><\/a>\u00a0tambi\u00e9n han incluido la l\u00ednea crom\u00e1tica de los pasteles en su propuesta personal.<\/p>\t\t\t\t\t\t\t\t<\/div>\n\t\t\t\t<\/div>\n\t\t\t\t\t<\/div>\n\t\t<\/div>\n\t\t\t\t\t<\/div>\n\t\t<\/section>\n\t\t\t\t<section class=\"elementor-section elementor-top-section elementor-element elementor-element-9e94605 elementor-section-boxed elementor-section-height-default elementor-section-height-default\" data-id=\"9e94605\" data-element_type=\"section\">\n\t\t\t\t\t\t<div class=\"elementor-container elementor-column-gap-default\">\n\t\t\t\t\t<div class=\"elementor-column elementor-col-100 elementor-top-column elementor-element elementor-element-acf641b\" data-id=\"acf641b\" data-element_type=\"column\">\n\t\t\t<div class=\"elementor-widget-wrap elementor-element-populated\">\n\t\t\t\t\t\t<div class=\"elementor-element elementor-element-219342e elementor-widget elementor-widget-heading\" data-id=\"219342e\" data-element_type=\"widget\" data-widget_type=\"heading.default\">\n\t\t\t\t<div class=\"elementor-widget-container\">\n\t\t\t\t\t<h2 class=\"elementor-heading-title elementor-size-default\">Dorado<\/h2>\t\t\t\t<\/div>\n\t\t\t\t<\/div>\n\t\t\t\t\t<\/div>\n\t\t<\/div>\n\t\t\t\t\t<\/div>\n\t\t<\/section>\n\t\t\t\t<section class=\"elementor-section elementor-top-section elementor-element elementor-element-76943d5 elementor-section-boxed elementor-section-height-default elementor-section-height-default\" data-id=\"76943d5\" data-element_type=\"section\">\n\t\t\t\t\t\t<div class=\"elementor-container elementor-column-gap-default\">\n\t\t\t\t\t<div class=\"elementor-column elementor-col-100 elementor-top-column elementor-element elementor-element-4f9dad8\" data-id=\"4f9dad8\" data-element_type=\"column\">\n\t\t\t<div class=\"elementor-widget-wrap elementor-element-populated\">\n\t\t\t\t\t\t<div class=\"elementor-element elementor-element-ea6a4ec elementor-widget elementor-widget-text-editor\" data-id=\"ea6a4ec\" data-element_type=\"widget\" data-widget_type=\"text-editor.default\">\n\t\t\t\t<div class=\"elementor-widget-container\">\n\t\t\t\t\t\t\t\t\t<p>Si pensabas que el dorado se llevaba solo en navidades&#8230; Te equivocas.<\/p><p>Como bien nos lo ha pronosticado <b>Chanel<\/b> en la <b>Semana de la Moda de Par\u00eds<\/b>, el <b>color<\/b><strong> dorado<\/strong> ser\u00e1 protagonista en la temporada primavera\/verano<strong>. <a href=\"https:\/\/www.dior.com\/es_es\">Dior<\/a><\/strong> con unos dise\u00f1os chul\u00edsimos metalizados o\u00a0<a href=\"https:\/\/www.balenciaga.com\/es-es\"><strong>Balenciaga<\/strong><\/a>.<\/p><p><span style=\"font-size: 1em; letter-spacing: 0px; font-weight: var( --e-global-typography-text-font-weight );\">Tambi\u00e9n estar\u00e1n muy presentes en complementos b\u00e1sicos de nuestro armario y calzado: \u00a1Tomar nota!<\/span><\/p><p>\u00bfQu\u00e9 te parecen estas propuestas?\u00a0<\/p>\t\t\t\t\t\t\t\t<\/div>\n\t\t\t\t<\/div>\n\t\t\t\t\t<\/div>\n\t\t<\/div>\n\t\t\t\t\t<\/div>\n\t\t<\/section>\n\t\t\t\t<section class=\"elementor-section elementor-top-section elementor-element elementor-element-dd4b884 elementor-section-boxed elementor-section-height-default elementor-section-height-default\" data-id=\"dd4b884\" data-element_type=\"section\">\n\t\t\t\t\t\t<div class=\"elementor-container elementor-column-gap-default\">\n\t\t\t\t\t<div class=\"elementor-column elementor-col-100 elementor-top-column elementor-element elementor-element-081c245\" data-id=\"081c245\" data-element_type=\"column\">\n\t\t\t<div class=\"elementor-widget-wrap elementor-element-populated\">\n\t\t\t\t\t\t<div class=\"elementor-element elementor-element-2d7f0b0 elementor-widget elementor-widget-shortcode\" data-id=\"2d7f0b0\" data-element_type=\"widget\" data-widget_type=\"shortcode.default\">\n\t\t\t\t<div class=\"elementor-widget-container\">\n\t\t\t\t\t\t\t<div class=\"elementor-shortcode\"><blockquote class=\"instagram-media\" data-instgrm-captioned data-instgrm-permalink=\"https:\/\/www.instagram.com\/p\/Cn9NZU4o_cm\/?utm_source=ig_embed&amp;utm_campaign=loading\" data-instgrm-version=\"14\" style=\" background:#FFF; border:0; border-radius:3px; box-shadow:0 0 1px 0 rgba(0,0,0,0.5),0 1px 10px 0 rgba(0,0,0,0.15); margin: 1px; max-width:540px; min-width:326px; padding:0; width:99.375%; width:-webkit-calc(100% - 2px); width:calc(100% - 2px);\"><div style=\"padding:16px;\"> <a href=\"https:\/\/www.instagram.com\/p\/Cn9NZU4o_cm\/?utm_source=ig_embed&amp;utm_campaign=loading\" style=\" background:#FFFFFF; line-height:0; padding:0 0; text-align:center; text-decoration:none; width:100%;\" target=\"_blank\"> <div style=\" display: flex; flex-direction: row; align-items: center;\"> <div style=\"background-color: #F4F4F4; border-radius: 50%; flex-grow: 0; height: 40px; margin-right: 14px; width: 40px;\"><\/div> <div style=\"display: flex; flex-direction: column; flex-grow: 1; justify-content: center;\"> <div style=\" background-color: #F4F4F4; border-radius: 4px; flex-grow: 0; height: 14px; margin-bottom: 6px; width: 100px;\"><\/div> <div style=\" background-color: #F4F4F4; border-radius: 4px; flex-grow: 0; height: 14px; width: 60px;\"><\/div><\/div><\/div><div style=\"padding: 19% 0;\"><\/div> <div style=\"display:block; height:50px; margin:0 auto 12px; width:50px;\"><svg width=\"50px\" height=\"50px\" viewBox=\"0 0 60 60\" version=\"1.1\" xmlns=\"https:\/\/www.w3.org\/2000\/svg\" xmlns:xlink=\"https:\/\/www.w3.org\/1999\/xlink\"><g stroke=\"none\" stroke-width=\"1\" fill=\"none\" fill-rule=\"evenodd\"><g transform=\"translate(-511.000000, -20.000000)\" fill=\"#000000\"><g><path d=\"M556.869,30.41 C554.814,30.41 553.148,32.076 553.148,34.131 C553.148,36.186 554.814,37.852 556.869,37.852 C558.924,37.852 560.59,36.186 560.59,34.131 C560.59,32.076 558.924,30.41 556.869,30.41 M541,60.657 C535.114,60.657 530.342,55.887 530.342,50 C530.342,44.114 535.114,39.342 541,39.342 C546.887,39.342 551.658,44.114 551.658,50 C551.658,55.887 546.887,60.657 541,60.657 M541,33.886 C532.1,33.886 524.886,41.1 524.886,50 C524.886,58.899 532.1,66.113 541,66.113 C549.9,66.113 557.115,58.899 557.115,50 C557.115,41.1 549.9,33.886 541,33.886 M565.378,62.101 C565.244,65.022 564.756,66.606 564.346,67.663 C563.803,69.06 563.154,70.057 562.106,71.106 C561.058,72.155 560.06,72.803 558.662,73.347 C557.607,73.757 556.021,74.244 553.102,74.378 C549.944,74.521 548.997,74.552 541,74.552 C533.003,74.552 532.056,74.521 528.898,74.378 C525.979,74.244 524.393,73.757 523.338,73.347 C521.94,72.803 520.942,72.155 519.894,71.106 C518.846,70.057 518.197,69.06 517.654,67.663 C517.244,66.606 516.755,65.022 516.623,62.101 C516.479,58.943 516.448,57.996 516.448,50 C516.448,42.003 516.479,41.056 516.623,37.899 C516.755,34.978 517.244,33.391 517.654,32.338 C518.197,30.938 518.846,29.942 519.894,28.894 C520.942,27.846 521.94,27.196 523.338,26.654 C524.393,26.244 525.979,25.756 528.898,25.623 C532.057,25.479 533.004,25.448 541,25.448 C548.997,25.448 549.943,25.479 553.102,25.623 C556.021,25.756 557.607,26.244 558.662,26.654 C560.06,27.196 561.058,27.846 562.106,28.894 C563.154,29.942 563.803,30.938 564.346,32.338 C564.756,33.391 565.244,34.978 565.378,37.899 C565.522,41.056 565.552,42.003 565.552,50 C565.552,57.996 565.522,58.943 565.378,62.101 M570.82,37.631 C570.674,34.438 570.167,32.258 569.425,30.349 C568.659,28.377 567.633,26.702 565.965,25.035 C564.297,23.368 562.623,22.342 560.652,21.575 C558.743,20.834 556.562,20.326 553.369,20.18 C550.169,20.033 549.148,20 541,20 C532.853,20 531.831,20.033 528.631,20.18 C525.438,20.326 523.257,20.834 521.349,21.575 C519.376,22.342 517.703,23.368 516.035,25.035 C514.368,26.702 513.342,28.377 512.574,30.349 C511.834,32.258 511.326,34.438 511.181,37.631 C511.035,40.831 511,41.851 511,50 C511,58.147 511.035,59.17 511.181,62.369 C511.326,65.562 511.834,67.743 512.574,69.651 C513.342,71.625 514.368,73.296 516.035,74.965 C517.703,76.634 519.376,77.658 521.349,78.425 C523.257,79.167 525.438,79.673 528.631,79.82 C531.831,79.965 532.853,80.001 541,80.001 C549.148,80.001 550.169,79.965 553.369,79.82 C556.562,79.673 558.743,79.167 560.652,78.425 C562.623,77.658 564.297,76.634 565.965,74.965 C567.633,73.296 568.659,71.625 569.425,69.651 C570.167,67.743 570.674,65.562 570.82,62.369 C570.966,59.17 571,58.147 571,50 C571,41.851 570.966,40.831 570.82,37.631\"><\/path><\/g><\/g><\/g><\/svg><\/div><div style=\"padding-top: 8px;\"> <div style=\" color:#3897f0; font-family:Arial,sans-serif; font-size:14px; font-style:normal; font-weight:550; line-height:18px;\">Ver esta publicaci\u00f3n en Instagram<\/div><\/div><div style=\"padding: 12.5% 0;\"><\/div> <div style=\"display: flex; flex-direction: row; margin-bottom: 14px; align-items: center;\"><div> <div style=\"background-color: #F4F4F4; border-radius: 50%; height: 12.5px; width: 12.5px; transform: translateX(0px) translateY(7px);\"><\/div> <div style=\"background-color: #F4F4F4; height: 12.5px; transform: rotate(-45deg) translateX(3px) translateY(1px); width: 12.5px; flex-grow: 0; margin-right: 14px; margin-left: 2px;\"><\/div> <div style=\"background-color: #F4F4F4; border-radius: 50%; height: 12.5px; width: 12.5px; transform: translateX(9px) translateY(-18px);\"><\/div><\/div><div style=\"margin-left: 8px;\"> <div style=\" background-color: #F4F4F4; border-radius: 50%; flex-grow: 0; height: 20px; width: 20px;\"><\/div> <div style=\" width: 0; height: 0; border-top: 2px solid transparent; border-left: 6px solid #f4f4f4; border-bottom: 2px solid transparent; transform: translateX(16px) translateY(-4px) rotate(30deg)\"><\/div><\/div><div style=\"margin-left: auto;\"> <div style=\" width: 0px; border-top: 8px solid #F4F4F4; border-right: 8px solid transparent; transform: translateY(16px);\"><\/div> <div style=\" background-color: #F4F4F4; flex-grow: 0; height: 12px; width: 16px; transform: translateY(-4px);\"><\/div> <div style=\" width: 0; height: 0; border-top: 8px solid #F4F4F4; border-left: 8px solid transparent; transform: translateY(-4px) translateX(8px);\"><\/div><\/div><\/div> <div style=\"display: flex; flex-direction: column; flex-grow: 1; justify-content: center; margin-bottom: 24px;\"> <div style=\" background-color: #F4F4F4; border-radius: 4px; flex-grow: 0; height: 14px; margin-bottom: 6px; width: 224px;\"><\/div> <div style=\" background-color: #F4F4F4; border-radius: 4px; flex-grow: 0; height: 14px; width: 144px;\"><\/div><\/div><\/a><p style=\" color:#c9c8cd; font-family:Arial,sans-serif; font-size:14px; line-height:17px; margin-bottom:0; margin-top:8px; overflow:hidden; padding:8px 0 7px; text-align:center; text-overflow:ellipsis; white-space:nowrap;\"><a href=\"https:\/\/www.instagram.com\/p\/Cn9NZU4o_cm\/?utm_source=ig_embed&amp;utm_campaign=loading\" style=\" color:#c9c8cd; font-family:Arial,sans-serif; font-size:14px; font-style:normal; font-weight:normal; line-height:17px; text-decoration:none;\" target=\"_blank\">Una publicaci\u00f3n compartida de Dior Official (@dior)<\/a><\/p><\/div><\/blockquote> <script async src=\"\/\/www.instagram.com\/embed.js\"><\/script><\/div>\n\t\t\t\t\t\t<\/div>\n\t\t\t\t<\/div>\n\t\t\t\t\t<\/div>\n\t\t<\/div>\n\t\t\t\t\t<\/div>\n\t\t<\/section>\n\t\t\t\t<section class=\"elementor-section elementor-top-section elementor-element elementor-element-e36b73d elementor-section-boxed elementor-section-height-default elementor-section-height-default\" data-id=\"e36b73d\" data-element_type=\"section\">\n\t\t\t\t\t\t<div class=\"elementor-container elementor-column-gap-default\">\n\t\t\t\t\t<div class=\"elementor-column elementor-col-100 elementor-top-column elementor-element elementor-element-cd26060\" data-id=\"cd26060\" data-element_type=\"column\">\n\t\t\t<div class=\"elementor-widget-wrap elementor-element-populated\">\n\t\t\t\t\t\t<div class=\"elementor-element elementor-element-cafbabf elementor-widget elementor-widget-heading\" data-id=\"cafbabf\" data-element_type=\"widget\" data-widget_type=\"heading.default\">\n\t\t\t\t<div class=\"elementor-widget-container\">\n\t\t\t\t\t<h2 class=\"elementor-heading-title elementor-size-default\">Azul el\u00e9ctrico<\/h2>\t\t\t\t<\/div>\n\t\t\t\t<\/div>\n\t\t\t\t\t<\/div>\n\t\t<\/div>\n\t\t\t\t\t<\/div>\n\t\t<\/section>\n\t\t\t\t<section class=\"elementor-section elementor-top-section elementor-element elementor-element-51b4f10 elementor-section-boxed elementor-section-height-default elementor-section-height-default\" data-id=\"51b4f10\" data-element_type=\"section\">\n\t\t\t\t\t\t<div class=\"elementor-container elementor-column-gap-default\">\n\t\t\t\t\t<div class=\"elementor-column elementor-col-100 elementor-top-column elementor-element elementor-element-fffbd41\" data-id=\"fffbd41\" data-element_type=\"column\">\n\t\t\t<div class=\"elementor-widget-wrap elementor-element-populated\">\n\t\t\t\t\t\t<div class=\"elementor-element elementor-element-037a65b elementor-widget elementor-widget-text-editor\" data-id=\"037a65b\" data-element_type=\"widget\" data-widget_type=\"text-editor.default\">\n\t\t\t\t<div class=\"elementor-widget-container\">\n\t\t\t\t\t\t\t\t\t<p>El azul es un color estrella en temporada primavera\/ verano, pero este a\u00f1o se llevar\u00e1 al l\u00edmite con un <b>subid\u00f3n de\u00a0intensidad<\/b>. El <strong>azul el\u00e9ctrico <\/strong>ser\u00e1 algo tan\u00a0elegante como el azul marino pero con todo el impacto posible.<\/p><p>Sabemos que no es un <b>color usual<\/b>, as\u00ed que para saber llevarlo puedes llevarlo al completo, como la propuesta que nos trae la dise\u00f1adora Stella McCartney. Azul el\u00e9ctrico hasta las pesta\u00f1as.<\/p>\t\t\t\t\t\t\t\t<\/div>\n\t\t\t\t<\/div>\n\t\t\t\t\t<\/div>\n\t\t<\/div>\n\t\t\t\t\t<\/div>\n\t\t<\/section>\n\t\t\t\t<section class=\"elementor-section elementor-top-section elementor-element elementor-element-1b632ac elementor-section-boxed elementor-section-height-default elementor-section-height-default\" data-id=\"1b632ac\" data-element_type=\"section\">\n\t\t\t\t\t\t<div class=\"elementor-container elementor-column-gap-default\">\n\t\t\t\t\t<div class=\"elementor-column elementor-col-100 elementor-top-column elementor-element elementor-element-d08fd60\" data-id=\"d08fd60\" data-element_type=\"column\">\n\t\t\t<div class=\"elementor-widget-wrap elementor-element-populated\">\n\t\t\t\t\t\t<div class=\"elementor-element elementor-element-117ee97 elementor-widget elementor-widget-shortcode\" data-id=\"117ee97\" data-element_type=\"widget\" data-widget_type=\"shortcode.default\">\n\t\t\t\t<div class=\"elementor-widget-container\">\n\t\t\t\t\t\t\t<div class=\"elementor-shortcode\"><blockquote class=\"instagram-media\" data-instgrm-captioned data-instgrm-permalink=\"https:\/\/www.instagram.com\/p\/CnUxVMtLpCD\/?utm_source=ig_embed&amp;utm_campaign=loading\" data-instgrm-version=\"14\" style=\" background:#FFF; border:0; border-radius:3px; box-shadow:0 0 1px 0 rgba(0,0,0,0.5),0 1px 10px 0 rgba(0,0,0,0.15); margin: 1px; max-width:540px; min-width:326px; padding:0; width:99.375%; width:-webkit-calc(100% - 2px); width:calc(100% - 2px);\"><div style=\"padding:16px;\"> <a href=\"https:\/\/www.instagram.com\/p\/CnUxVMtLpCD\/?utm_source=ig_embed&amp;utm_campaign=loading\" style=\" background:#FFFFFF; line-height:0; padding:0 0; text-align:center; text-decoration:none; width:100%;\" target=\"_blank\"> <div style=\" display: flex; flex-direction: row; align-items: center;\"> <div style=\"background-color: #F4F4F4; border-radius: 50%; flex-grow: 0; height: 40px; margin-right: 14px; width: 40px;\"><\/div> <div style=\"display: flex; flex-direction: column; flex-grow: 1; justify-content: center;\"> <div style=\" background-color: #F4F4F4; border-radius: 4px; flex-grow: 0; height: 14px; margin-bottom: 6px; width: 100px;\"><\/div> <div style=\" background-color: #F4F4F4; border-radius: 4px; flex-grow: 0; height: 14px; width: 60px;\"><\/div><\/div><\/div><div style=\"padding: 19% 0;\"><\/div> <div style=\"display:block; height:50px; margin:0 auto 12px; width:50px;\"><svg width=\"50px\" height=\"50px\" viewBox=\"0 0 60 60\" version=\"1.1\" xmlns=\"https:\/\/www.w3.org\/2000\/svg\" xmlns:xlink=\"https:\/\/www.w3.org\/1999\/xlink\"><g stroke=\"none\" stroke-width=\"1\" fill=\"none\" fill-rule=\"evenodd\"><g transform=\"translate(-511.000000, -20.000000)\" fill=\"#000000\"><g><path d=\"M556.869,30.41 C554.814,30.41 553.148,32.076 553.148,34.131 C553.148,36.186 554.814,37.852 556.869,37.852 C558.924,37.852 560.59,36.186 560.59,34.131 C560.59,32.076 558.924,30.41 556.869,30.41 M541,60.657 C535.114,60.657 530.342,55.887 530.342,50 C530.342,44.114 535.114,39.342 541,39.342 C546.887,39.342 551.658,44.114 551.658,50 C551.658,55.887 546.887,60.657 541,60.657 M541,33.886 C532.1,33.886 524.886,41.1 524.886,50 C524.886,58.899 532.1,66.113 541,66.113 C549.9,66.113 557.115,58.899 557.115,50 C557.115,41.1 549.9,33.886 541,33.886 M565.378,62.101 C565.244,65.022 564.756,66.606 564.346,67.663 C563.803,69.06 563.154,70.057 562.106,71.106 C561.058,72.155 560.06,72.803 558.662,73.347 C557.607,73.757 556.021,74.244 553.102,74.378 C549.944,74.521 548.997,74.552 541,74.552 C533.003,74.552 532.056,74.521 528.898,74.378 C525.979,74.244 524.393,73.757 523.338,73.347 C521.94,72.803 520.942,72.155 519.894,71.106 C518.846,70.057 518.197,69.06 517.654,67.663 C517.244,66.606 516.755,65.022 516.623,62.101 C516.479,58.943 516.448,57.996 516.448,50 C516.448,42.003 516.479,41.056 516.623,37.899 C516.755,34.978 517.244,33.391 517.654,32.338 C518.197,30.938 518.846,29.942 519.894,28.894 C520.942,27.846 521.94,27.196 523.338,26.654 C524.393,26.244 525.979,25.756 528.898,25.623 C532.057,25.479 533.004,25.448 541,25.448 C548.997,25.448 549.943,25.479 553.102,25.623 C556.021,25.756 557.607,26.244 558.662,26.654 C560.06,27.196 561.058,27.846 562.106,28.894 C563.154,29.942 563.803,30.938 564.346,32.338 C564.756,33.391 565.244,34.978 565.378,37.899 C565.522,41.056 565.552,42.003 565.552,50 C565.552,57.996 565.522,58.943 565.378,62.101 M570.82,37.631 C570.674,34.438 570.167,32.258 569.425,30.349 C568.659,28.377 567.633,26.702 565.965,25.035 C564.297,23.368 562.623,22.342 560.652,21.575 C558.743,20.834 556.562,20.326 553.369,20.18 C550.169,20.033 549.148,20 541,20 C532.853,20 531.831,20.033 528.631,20.18 C525.438,20.326 523.257,20.834 521.349,21.575 C519.376,22.342 517.703,23.368 516.035,25.035 C514.368,26.702 513.342,28.377 512.574,30.349 C511.834,32.258 511.326,34.438 511.181,37.631 C511.035,40.831 511,41.851 511,50 C511,58.147 511.035,59.17 511.181,62.369 C511.326,65.562 511.834,67.743 512.574,69.651 C513.342,71.625 514.368,73.296 516.035,74.965 C517.703,76.634 519.376,77.658 521.349,78.425 C523.257,79.167 525.438,79.673 528.631,79.82 C531.831,79.965 532.853,80.001 541,80.001 C549.148,80.001 550.169,79.965 553.369,79.82 C556.562,79.673 558.743,79.167 560.652,78.425 C562.623,77.658 564.297,76.634 565.965,74.965 C567.633,73.296 568.659,71.625 569.425,69.651 C570.167,67.743 570.674,65.562 570.82,62.369 C570.966,59.17 571,58.147 571,50 C571,41.851 570.966,40.831 570.82,37.631\"><\/path><\/g><\/g><\/g><\/svg><\/div><div style=\"padding-top: 8px;\"> <div style=\" color:#3897f0; font-family:Arial,sans-serif; font-size:14px; font-style:normal; font-weight:550; line-height:18px;\">Ver esta publicaci\u00f3n en Instagram<\/div><\/div><div style=\"padding: 12.5% 0;\"><\/div> <div style=\"display: flex; flex-direction: row; margin-bottom: 14px; align-items: center;\"><div> <div style=\"background-color: #F4F4F4; border-radius: 50%; height: 12.5px; width: 12.5px; transform: translateX(0px) translateY(7px);\"><\/div> <div style=\"background-color: #F4F4F4; height: 12.5px; transform: rotate(-45deg) translateX(3px) translateY(1px); width: 12.5px; flex-grow: 0; margin-right: 14px; margin-left: 2px;\"><\/div> <div style=\"background-color: #F4F4F4; border-radius: 50%; height: 12.5px; width: 12.5px; transform: translateX(9px) translateY(-18px);\"><\/div><\/div><div style=\"margin-left: 8px;\"> <div style=\" background-color: #F4F4F4; border-radius: 50%; flex-grow: 0; height: 20px; width: 20px;\"><\/div> <div style=\" width: 0; height: 0; border-top: 2px solid transparent; border-left: 6px solid #f4f4f4; border-bottom: 2px solid transparent; transform: translateX(16px) translateY(-4px) rotate(30deg)\"><\/div><\/div><div style=\"margin-left: auto;\"> <div style=\" width: 0px; border-top: 8px solid #F4F4F4; border-right: 8px solid transparent; transform: translateY(16px);\"><\/div> <div style=\" background-color: #F4F4F4; flex-grow: 0; height: 12px; width: 16px; transform: translateY(-4px);\"><\/div> <div style=\" width: 0; height: 0; border-top: 8px solid #F4F4F4; border-left: 8px solid transparent; transform: translateY(-4px) translateX(8px);\"><\/div><\/div><\/div> <div style=\"display: flex; flex-direction: column; flex-grow: 1; justify-content: center; margin-bottom: 24px;\"> <div style=\" background-color: #F4F4F4; border-radius: 4px; flex-grow: 0; height: 14px; margin-bottom: 6px; width: 224px;\"><\/div> <div style=\" background-color: #F4F4F4; border-radius: 4px; flex-grow: 0; height: 14px; width: 144px;\"><\/div><\/div><\/a><p style=\" color:#c9c8cd; font-family:Arial,sans-serif; font-size:14px; line-height:17px; margin-bottom:0; margin-top:8px; overflow:hidden; padding:8px 0 7px; text-align:center; text-overflow:ellipsis; white-space:nowrap;\"><a href=\"https:\/\/www.instagram.com\/p\/CnUxVMtLpCD\/?utm_source=ig_embed&amp;utm_campaign=loading\" style=\" color:#c9c8cd; font-family:Arial,sans-serif; font-size:14px; font-style:normal; font-weight:normal; line-height:17px; text-decoration:none;\" target=\"_blank\">Una publicaci\u00f3n compartida de Stella McCartney (@stellamccartney)<\/a><\/p><\/div><\/blockquote> <script async src=\"\/\/www.instagram.com\/embed.js\"><\/script><\/div>\n\t\t\t\t\t\t<\/div>\n\t\t\t\t<\/div>\n\t\t\t\t\t<\/div>\n\t\t<\/div>\n\t\t\t\t\t<\/div>\n\t\t<\/section>\n\t\t\t\t<section class=\"elementor-section elementor-top-section elementor-element elementor-element-3707018 elementor-section-boxed elementor-section-height-default elementor-section-height-default\" data-id=\"3707018\" data-element_type=\"section\">\n\t\t\t\t\t\t<div class=\"elementor-container elementor-column-gap-default\">\n\t\t\t\t\t<div class=\"elementor-column elementor-col-100 elementor-top-column elementor-element elementor-element-0f67a9e\" data-id=\"0f67a9e\" data-element_type=\"column\">\n\t\t\t<div class=\"elementor-widget-wrap elementor-element-populated\">\n\t\t\t\t\t\t<div class=\"elementor-element elementor-element-8dd5e2c elementor-widget elementor-widget-text-editor\" data-id=\"8dd5e2c\" data-element_type=\"widget\" data-widget_type=\"text-editor.default\">\n\t\t\t\t<div class=\"elementor-widget-container\">\n\t\t\t\t\t\t\t\t\t<p>Pero si no te ves al completo con el color, tambi\u00e9n puedes optar por combinarlo con <b>colores vibrantes como el naranja<\/b>. El resultado puede ser maravilloso.<\/p><p>Si te animas a usarlo para alg\u00fan evento especial, como en un vestido, este es un color muy favorecedor.<\/p><p>Lo que s\u00ed es importante que tengas muy en cuenta es que si te vistes de <b>azul el\u00e9ctrico<\/b>, no debes recargar tu look con muchos accesorios que desv\u00eden la atenci\u00f3n. Recuerda que el protagonista debe ser el color s\u00ed o s\u00ed.<\/p><p>\u00a0<\/p>\t\t\t\t\t\t\t\t<\/div>\n\t\t\t\t<\/div>\n\t\t\t\t\t<\/div>\n\t\t<\/div>\n\t\t\t\t\t<\/div>\n\t\t<\/section>\n\t\t\t\t<section class=\"elementor-section elementor-top-section elementor-element elementor-element-21acfe1 elementor-section-boxed elementor-section-height-default elementor-section-height-default\" data-id=\"21acfe1\" data-element_type=\"section\">\n\t\t\t\t\t\t<div class=\"elementor-container elementor-column-gap-default\">\n\t\t\t\t\t<div class=\"elementor-column elementor-col-100 elementor-top-column elementor-element elementor-element-4abc117\" data-id=\"4abc117\" data-element_type=\"column\">\n\t\t\t<div class=\"elementor-widget-wrap elementor-element-populated\">\n\t\t\t\t\t\t<div class=\"elementor-element elementor-element-6d49594 elementor-view-default elementor-widget elementor-widget-icon\" data-id=\"6d49594\" data-element_type=\"widget\" data-widget_type=\"icon.default\">\n\t\t\t\t<div class=\"elementor-widget-container\">\n\t\t\t\t\t\t\t<div class=\"elementor-icon-wrapper\">\n\t\t\t<div class=\"elementor-icon\">\n\t\t\t<i aria-hidden=\"true\" class=\"fas fa-star\"><\/i>\t\t\t<\/div>\n\t\t<\/div>\n\t\t\t\t\t\t<\/div>\n\t\t\t\t<\/div>\n\t\t\t\t\t<\/div>\n\t\t<\/div>\n\t\t\t\t\t<\/div>\n\t\t<\/section>\n\t\t\t\t<section class=\"elementor-section elementor-top-section elementor-element elementor-element-2bb6b09 elementor-section-boxed elementor-section-height-default elementor-section-height-default\" data-id=\"2bb6b09\" data-element_type=\"section\">\n\t\t\t\t\t\t<div class=\"elementor-container elementor-column-gap-default\">\n\t\t\t\t\t<div class=\"elementor-column elementor-col-100 elementor-top-column elementor-element elementor-element-9a948b6\" data-id=\"9a948b6\" data-element_type=\"column\">\n\t\t\t<div class=\"elementor-widget-wrap elementor-element-populated\">\n\t\t\t\t\t\t<div class=\"elementor-element elementor-element-84e93bb elementor-widget elementor-widget-text-editor\" data-id=\"84e93bb\" data-element_type=\"widget\" data-widget_type=\"text-editor.default\">\n\t\t\t\t<div class=\"elementor-widget-container\">\n\t\t\t\t\t\t\t\t\t<p>Si te apasiona el mundo de las tendencias, la moda, la imagen personal,la organizaci\u00f3n de eventos y los medios de comunicaci\u00f3n. En la escuela Josep Pons te ofrecemos en Grado Superior en Asesor\u00eda de Imagen Personal y corporativa.\u00a0<\/p><p>Este curso tambi\u00e9n es ideal para aquellas personas con formaci\u00f3n en peluquer\u00eda y\/o est\u00e9tica que busquen profundizar sus conocimientos y ampliar sus salidas profesionales.<\/p>\t\t\t\t\t\t\t\t<\/div>\n\t\t\t\t<\/div>\n\t\t\t\t\t<\/div>\n\t\t<\/div>\n\t\t\t\t\t<\/div>\n\t\t<\/section>\n\t\t\t\t<section class=\"elementor-section elementor-top-section elementor-element elementor-element-312c354 elementor-section-boxed elementor-section-height-default elementor-section-height-default\" data-id=\"312c354\" data-element_type=\"section\">\n\t\t\t\t\t\t<div class=\"elementor-container elementor-column-gap-default\">\n\t\t\t\t\t<div class=\"elementor-column elementor-col-100 elementor-top-column elementor-element elementor-element-4c89539\" data-id=\"4c89539\" data-element_type=\"column\">\n\t\t\t<div class=\"elementor-widget-wrap elementor-element-populated\">\n\t\t\t\t\t\t<div class=\"elementor-element elementor-element-fa4b7ec elementor-widget elementor-widget-shortcode\" data-id=\"fa4b7ec\" data-element_type=\"widget\" data-widget_type=\"shortcode.default\">\n\t\t\t\t<div class=\"elementor-widget-container\">\n\t\t\t\t\t\t\t<div class=\"elementor-shortcode\"><blockquote class=\"instagram-media\" data-instgrm-captioned data-instgrm-permalink=\"https:\/\/www.instagram.com\/p\/CejAsqgoSqU\/?utm_source=ig_embed&amp;utm_campaign=loading\" data-instgrm-version=\"14\" style=\" background:#FFF; border:0; border-radius:3px; box-shadow:0 0 1px 0 rgba(0,0,0,0.5),0 1px 10px 0 rgba(0,0,0,0.15); margin: 1px; max-width:540px; min-width:326px; padding:0; width:99.375%; width:-webkit-calc(100% - 2px); width:calc(100% - 2px);\"><div style=\"padding:16px;\"> <a href=\"https:\/\/www.instagram.com\/p\/CejAsqgoSqU\/?utm_source=ig_embed&amp;utm_campaign=loading\" style=\" background:#FFFFFF; line-height:0; padding:0 0; text-align:center; text-decoration:none; width:100%;\" target=\"_blank\"> <div style=\" display: flex; flex-direction: row; align-items: center;\"> <div style=\"background-color: #F4F4F4; border-radius: 50%; flex-grow: 0; height: 40px; margin-right: 14px; width: 40px;\"><\/div> <div style=\"display: flex; flex-direction: column; flex-grow: 1; justify-content: center;\"> <div style=\" background-color: #F4F4F4; border-radius: 4px; flex-grow: 0; height: 14px; margin-bottom: 6px; width: 100px;\"><\/div> <div style=\" background-color: #F4F4F4; border-radius: 4px; flex-grow: 0; height: 14px; width: 60px;\"><\/div><\/div><\/div><div style=\"padding: 19% 0;\"><\/div> <div style=\"display:block; height:50px; margin:0 auto 12px; width:50px;\"><svg width=\"50px\" height=\"50px\" viewBox=\"0 0 60 60\" version=\"1.1\" xmlns=\"https:\/\/www.w3.org\/2000\/svg\" xmlns:xlink=\"https:\/\/www.w3.org\/1999\/xlink\"><g stroke=\"none\" stroke-width=\"1\" fill=\"none\" fill-rule=\"evenodd\"><g transform=\"translate(-511.000000, -20.000000)\" fill=\"#000000\"><g><path d=\"M556.869,30.41 C554.814,30.41 553.148,32.076 553.148,34.131 C553.148,36.186 554.814,37.852 556.869,37.852 C558.924,37.852 560.59,36.186 560.59,34.131 C560.59,32.076 558.924,30.41 556.869,30.41 M541,60.657 C535.114,60.657 530.342,55.887 530.342,50 C530.342,44.114 535.114,39.342 541,39.342 C546.887,39.342 551.658,44.114 551.658,50 C551.658,55.887 546.887,60.657 541,60.657 M541,33.886 C532.1,33.886 524.886,41.1 524.886,50 C524.886,58.899 532.1,66.113 541,66.113 C549.9,66.113 557.115,58.899 557.115,50 C557.115,41.1 549.9,33.886 541,33.886 M565.378,62.101 C565.244,65.022 564.756,66.606 564.346,67.663 C563.803,69.06 563.154,70.057 562.106,71.106 C561.058,72.155 560.06,72.803 558.662,73.347 C557.607,73.757 556.021,74.244 553.102,74.378 C549.944,74.521 548.997,74.552 541,74.552 C533.003,74.552 532.056,74.521 528.898,74.378 C525.979,74.244 524.393,73.757 523.338,73.347 C521.94,72.803 520.942,72.155 519.894,71.106 C518.846,70.057 518.197,69.06 517.654,67.663 C517.244,66.606 516.755,65.022 516.623,62.101 C516.479,58.943 516.448,57.996 516.448,50 C516.448,42.003 516.479,41.056 516.623,37.899 C516.755,34.978 517.244,33.391 517.654,32.338 C518.197,30.938 518.846,29.942 519.894,28.894 C520.942,27.846 521.94,27.196 523.338,26.654 C524.393,26.244 525.979,25.756 528.898,25.623 C532.057,25.479 533.004,25.448 541,25.448 C548.997,25.448 549.943,25.479 553.102,25.623 C556.021,25.756 557.607,26.244 558.662,26.654 C560.06,27.196 561.058,27.846 562.106,28.894 C563.154,29.942 563.803,30.938 564.346,32.338 C564.756,33.391 565.244,34.978 565.378,37.899 C565.522,41.056 565.552,42.003 565.552,50 C565.552,57.996 565.522,58.943 565.378,62.101 M570.82,37.631 C570.674,34.438 570.167,32.258 569.425,30.349 C568.659,28.377 567.633,26.702 565.965,25.035 C564.297,23.368 562.623,22.342 560.652,21.575 C558.743,20.834 556.562,20.326 553.369,20.18 C550.169,20.033 549.148,20 541,20 C532.853,20 531.831,20.033 528.631,20.18 C525.438,20.326 523.257,20.834 521.349,21.575 C519.376,22.342 517.703,23.368 516.035,25.035 C514.368,26.702 513.342,28.377 512.574,30.349 C511.834,32.258 511.326,34.438 511.181,37.631 C511.035,40.831 511,41.851 511,50 C511,58.147 511.035,59.17 511.181,62.369 C511.326,65.562 511.834,67.743 512.574,69.651 C513.342,71.625 514.368,73.296 516.035,74.965 C517.703,76.634 519.376,77.658 521.349,78.425 C523.257,79.167 525.438,79.673 528.631,79.82 C531.831,79.965 532.853,80.001 541,80.001 C549.148,80.001 550.169,79.965 553.369,79.82 C556.562,79.673 558.743,79.167 560.652,78.425 C562.623,77.658 564.297,76.634 565.965,74.965 C567.633,73.296 568.659,71.625 569.425,69.651 C570.167,67.743 570.674,65.562 570.82,62.369 C570.966,59.17 571,58.147 571,50 C571,41.851 570.966,40.831 570.82,37.631\"><\/path><\/g><\/g><\/g><\/svg><\/div><div style=\"padding-top: 8px;\"> <div style=\" color:#3897f0; font-family:Arial,sans-serif; font-size:14px; font-style:normal; font-weight:550; line-height:18px;\">Ver esta publicaci\u00f3n en Instagram<\/div><\/div><div style=\"padding: 12.5% 0;\"><\/div> <div style=\"display: flex; flex-direction: row; margin-bottom: 14px; align-items: center;\"><div> <div style=\"background-color: #F4F4F4; border-radius: 50%; height: 12.5px; width: 12.5px; transform: translateX(0px) translateY(7px);\"><\/div> <div style=\"background-color: #F4F4F4; height: 12.5px; transform: rotate(-45deg) translateX(3px) translateY(1px); width: 12.5px; flex-grow: 0; margin-right: 14px; margin-left: 2px;\"><\/div> <div style=\"background-color: #F4F4F4; border-radius: 50%; height: 12.5px; width: 12.5px; transform: translateX(9px) translateY(-18px);\"><\/div><\/div><div style=\"margin-left: 8px;\"> <div style=\" background-color: #F4F4F4; border-radius: 50%; flex-grow: 0; height: 20px; width: 20px;\"><\/div> <div style=\" width: 0; height: 0; border-top: 2px solid transparent; border-left: 6px solid #f4f4f4; border-bottom: 2px solid transparent; transform: translateX(16px) translateY(-4px) rotate(30deg)\"><\/div><\/div><div style=\"margin-left: auto;\"> <div style=\" width: 0px; border-top: 8px solid #F4F4F4; border-right: 8px solid transparent; transform: translateY(16px);\"><\/div> <div style=\" background-color: #F4F4F4; flex-grow: 0; height: 12px; width: 16px; transform: translateY(-4px);\"><\/div> <div style=\" width: 0; height: 0; border-top: 8px solid #F4F4F4; border-left: 8px solid transparent; transform: translateY(-4px) translateX(8px);\"><\/div><\/div><\/div> <div style=\"display: flex; flex-direction: column; flex-grow: 1; justify-content: center; margin-bottom: 24px;\"> <div style=\" background-color: #F4F4F4; border-radius: 4px; flex-grow: 0; height: 14px; margin-bottom: 6px; width: 224px;\"><\/div> <div style=\" background-color: #F4F4F4; border-radius: 4px; flex-grow: 0; height: 14px; width: 144px;\"><\/div><\/div><\/a><p style=\" color:#c9c8cd; font-family:Arial,sans-serif; font-size:14px; line-height:17px; margin-bottom:0; margin-top:8px; overflow:hidden; padding:8px 0 7px; text-align:center; text-overflow:ellipsis; white-space:nowrap;\"><a href=\"https:\/\/www.instagram.com\/p\/CejAsqgoSqU\/?utm_source=ig_embed&amp;utm_campaign=loading\" style=\" color:#c9c8cd; font-family:Arial,sans-serif; font-size:14px; font-style:normal; font-weight:normal; line-height:17px; text-decoration:none;\" target=\"_blank\">Una publicaci\u00f3n compartida de Josep Pons Formacio\u0301n (@ponsformacion)<\/a><\/p><\/div><\/blockquote> <script async src=\"\/\/www.instagram.com\/embed.js\"><\/script><\/div>\n\t\t\t\t\t\t<\/div>\n\t\t\t\t<\/div>\n\t\t\t\t\t<\/div>\n\t\t<\/div>\n\t\t\t\t\t<\/div>\n\t\t<\/section>\n\t\t\t\t<section class=\"elementor-section elementor-top-section elementor-element elementor-element-c2094cf elementor-section-boxed elementor-section-height-default elementor-section-height-default\" data-id=\"c2094cf\" data-element_type=\"section\">\n\t\t\t\t\t\t<div class=\"elementor-container elementor-column-gap-default\">\n\t\t\t\t\t<div class=\"elementor-column elementor-col-100 elementor-top-column elementor-element elementor-element-27eae83\" data-id=\"27eae83\" data-element_type=\"column\">\n\t\t\t<div class=\"elementor-widget-wrap elementor-element-populated\">\n\t\t\t\t\t\t<div class=\"elementor-element elementor-element-3121996 elementor-widget elementor-widget-heading\" data-id=\"3121996\" data-element_type=\"widget\" data-widget_type=\"heading.default\">\n\t\t\t\t<div class=\"elementor-widget-container\">\n\t\t\t\t\t<h2 class=\"elementor-heading-title elementor-size-default\">\u00bfPor qu\u00e9 estudiar un Grado Superior en Asesor\u00eda de Imagen Personal y Corporativa en Josep Pons?<\/h2>\t\t\t\t<\/div>\n\t\t\t\t<\/div>\n\t\t\t\t\t<\/div>\n\t\t<\/div>\n\t\t\t\t\t<\/div>\n\t\t<\/section>\n\t\t\t\t<section class=\"elementor-section elementor-top-section elementor-element elementor-element-7fad8ac elementor-section-boxed elementor-section-height-default elementor-section-height-default\" data-id=\"7fad8ac\" data-element_type=\"section\">\n\t\t\t\t\t\t<div class=\"elementor-container elementor-column-gap-default\">\n\t\t\t\t\t<div class=\"elementor-column elementor-col-100 elementor-top-column elementor-element elementor-element-78f87b4\" data-id=\"78f87b4\" data-element_type=\"column\">\n\t\t\t<div class=\"elementor-widget-wrap elementor-element-populated\">\n\t\t\t\t\t\t<div class=\"elementor-element elementor-element-ee34a97 elementor-widget elementor-widget-text-editor\" data-id=\"ee34a97\" data-element_type=\"widget\" data-widget_type=\"text-editor.default\">\n\t\t\t\t<div class=\"elementor-widget-container\">\n\t\t\t\t\t\t\t\t\t<p>Nuestra visi\u00f3n de la asesor\u00eda de imagen es integral, por lo que este Ciclo Formativo de Grado Superior se diferencia por dar la misma importancia a nivel de estudio y trabajo a todas las \u00e1reas que constituyen la imagen de una persona o empresa.\u00a0<\/p><p>A trav\u00e9s de un programa formativo orientado a la realidad del sector, el Grado Superior en Asesor\u00eda de Imagen Personal y Corporativa incorpora los contenidos m\u00e1s vanguardistas para abrir nuevos horizontes a las nuevas promociones de profesionales de la imagen personal.<\/p><p>Josep Pons ha sido pionero en la creaci\u00f3n y desarrollo del concepto de asesor\u00eda de imagen para el Ministerio de Educaci\u00f3n y la Generalitat de Catalunya en el dise\u00f1o de este Ciclo Formativo, que te permitir\u00e1 adquirir la titulaci\u00f3n de T\u00e9cnico Superior en Asesor\u00eda de Imagen y trabajar en todos los campos relacionados con la imagen personal y corporativa, el estilismo, la organizaci\u00f3n de eventos y la comunicaci\u00f3n.\u00a0<\/p><p>Nuestro valor a\u00f1adido es un equipo de profesores expertos, licenciados y profesionales en activo que ejercen como asesores de imagen, un hecho que nos permite ser l\u00edderes en formaci\u00f3n y trasladar el realismo del sector a las aulas.<\/p><p>Descubre toda nuestra oferta formativa visitando <a href=\"https:\/\/joseppons.com\/formacion\/\"><strong>nuestra web<\/strong><\/a> o escribi\u00e9ndonos a info@joseppons.com o llamando al 933 21 55 00.<\/p>\t\t\t\t\t\t\t\t<\/div>\n\t\t\t\t<\/div>\n\t\t\t\t\t<\/div>\n\t\t<\/div>\n\t\t\t\t\t<\/div>\n\t\t<\/section>\n\t\t\t\t<\/div>\n\t\t","protected":false},"excerpt":{"rendered":"<p>Sabemos que los colores son parte fundamental en nuestros outfits, por ello, para saber cu\u00e1les son los colores de moda en primavera, hemos &#8220;rastreado&#8221; las \u00faltimas pasarelas y desfiles &#8220;fashion week&#8221; primavera-verano 2023 de Par\u00eds, Mil\u00e1n, Nueva York o Madrid para ver cu\u00e1les ser\u00e1n esos colores top que nos har\u00e1n brillar en los pr\u00f3ximos meses&#8230;.<\/p>\n","protected":false},"author":6,"featured_media":14317,"comment_status":"closed","ping_status":"closed","sticky":false,"template":"","format":"standard","meta":{"_joinchat":[],"footnotes":""},"categories":[6,8,202,356,269,270,125],"tags":[121,421,750,749,751,745,744,748,271,490,669,746,40,747],"class_list":["post-14307","post","type-post","status-publish","format-standard","has-post-thumbnail","hentry","category-actualidad","category-asesoria-de-imagen","category-consejos","category-grado-superior-en-asesoria","category-servicios-de-asesoia","category-servicios-de-asesoria","category-tendencias","tag-asesoria-de-imagen","tag-asesoria-de-imagen-personal-y-corporativa","tag-color-azul-electrico","tag-color-dorado","tag-color-naranja","tag-colores-de-moda","tag-colores-de-moda-en-primavera","tag-colores-pastel","tag-consejos","tag-consejos-asesoria","tag-primavera","tag-temporada-primavera-verano","tag-tendencias","tag-tendencias-primavera"],"yoast_head":"<!-- This site is optimized with the Yoast SEO plugin v26.7 - https:\/\/yoast.com\/wordpress\/plugins\/seo\/ -->\n<title>Los colores de moda en primavera<\/title>\n<meta name=\"description\" content=\"La primavera est\u00e1 a la vuelta de la esquina y los colores de moda en primavera estar\u00e1n llenos de color y vida. Te contamos cu\u00e1les lo petar\u00e1n\" \/>\n<meta name=\"robots\" content=\"index, follow, max-snippet:-1, max-image-preview:large, max-video-preview:-1\" \/>\n<link rel=\"canonical\" href=\"https:\/\/joseppons.com\/formacion\/los-colores-de-moda-en-primavera\/\" \/>\n<meta property=\"og:locale\" content=\"es_ES\" \/>\n<meta property=\"og:type\" content=\"article\" \/>\n<meta property=\"og:title\" content=\"Los colores de moda en primavera\" \/>\n<meta property=\"og:description\" content=\"La primavera est\u00e1 a la vuelta de la esquina y los colores de moda en primavera estar\u00e1n llenos de color y vida. Te contamos cu\u00e1les lo petar\u00e1n\" \/>\n<meta property=\"og:url\" content=\"https:\/\/joseppons.com\/formacion\/los-colores-de-moda-en-primavera\/\" \/>\n<meta property=\"og:site_name\" content=\"Josep Pons Formaci\u00f3n\" \/>\n<meta property=\"article:publisher\" content=\"https:\/\/es-es.facebook.com\/JosepPonsFormacio\/\" \/>\n<meta property=\"article:published_time\" content=\"2023-02-28T10:09:28+00:00\" \/>\n<meta property=\"article:modified_time\" content=\"2023-12-22T11:35:31+00:00\" \/>\n<meta property=\"og:image\" content=\"https:\/\/joseppons.com\/formacion\/wp-content\/uploads\/2023\/02\/IMAGEN-3.jpg\" \/>\n\t<meta property=\"og:image:width\" content=\"692\" \/>\n\t<meta property=\"og:image:height\" content=\"549\" \/>\n\t<meta property=\"og:image:type\" content=\"image\/jpeg\" \/>\n<meta name=\"author\" content=\"Comunicaci\u00f3n\" \/>\n<meta name=\"twitter:card\" content=\"summary_large_image\" \/>\n<meta name=\"twitter:creator\" content=\"@josepponsimatge\" \/>\n<meta name=\"twitter:site\" content=\"@josepponsimatge\" \/>\n<meta name=\"twitter:label1\" content=\"Escrito por\" \/>\n\t<meta name=\"twitter:data1\" content=\"Comunicaci\u00f3n\" \/>\n\t<meta name=\"twitter:label2\" content=\"Tiempo de lectura\" \/>\n\t<meta name=\"twitter:data2\" content=\"5 minutos\" \/>\n<script type=\"application\/ld+json\" class=\"yoast-schema-graph\">{\"@context\":\"https:\/\/schema.org\",\"@graph\":[{\"@type\":\"Article\",\"@id\":\"https:\/\/joseppons.com\/formacion\/los-colores-de-moda-en-primavera\/#article\",\"isPartOf\":{\"@id\":\"https:\/\/joseppons.com\/formacion\/los-colores-de-moda-en-primavera\/\"},\"author\":{\"name\":\"Comunicaci\u00f3n\",\"@id\":\"https:\/\/joseppons.com\/formacion\/#\/schema\/person\/5bcd14ff97d0c75b868e8577fd59c2a4\"},\"headline\":\"Los colores de moda en primavera\",\"datePublished\":\"2023-02-28T10:09:28+00:00\",\"dateModified\":\"2023-12-22T11:35:31+00:00\",\"mainEntityOfPage\":{\"@id\":\"https:\/\/joseppons.com\/formacion\/los-colores-de-moda-en-primavera\/\"},\"wordCount\":1184,\"publisher\":{\"@id\":\"https:\/\/joseppons.com\/formacion\/#organization\"},\"image\":{\"@id\":\"https:\/\/joseppons.com\/formacion\/los-colores-de-moda-en-primavera\/#primaryimage\"},\"thumbnailUrl\":\"https:\/\/joseppons.com\/formacion\/wp-content\/uploads\/2023\/02\/IMAGEN-3.jpg\",\"keywords\":[\"asesoria de imagen\",\"Asesor\u00eda de Imagen Personal y Corporativa\",\"color azul el\u00e9ctrico\",\"color dorado\",\"Color naranja\",\"colores de moda\",\"Colores de moda en primavera\",\"colores pastel\",\"consejos\",\"consejos asesor\u00eda\",\"primavera\",\"temporada primavera verano\",\"tendencias\",\"Tendencias primavera\"],\"articleSection\":[\"Actualidad\",\"Asesor\u00eda de imagen\",\"consejos\",\"Grado Superior en Asesor\u00eda\",\"servicios de aseso\u00eda\",\"Servicios de Asesor\u00eda\",\"tendencias\"],\"inLanguage\":\"es\"},{\"@type\":\"WebPage\",\"@id\":\"https:\/\/joseppons.com\/formacion\/los-colores-de-moda-en-primavera\/\",\"url\":\"https:\/\/joseppons.com\/formacion\/los-colores-de-moda-en-primavera\/\",\"name\":\"Los colores de moda en primavera\",\"isPartOf\":{\"@id\":\"https:\/\/joseppons.com\/formacion\/#website\"},\"primaryImageOfPage\":{\"@id\":\"https:\/\/joseppons.com\/formacion\/los-colores-de-moda-en-primavera\/#primaryimage\"},\"image\":{\"@id\":\"https:\/\/joseppons.com\/formacion\/los-colores-de-moda-en-primavera\/#primaryimage\"},\"thumbnailUrl\":\"https:\/\/joseppons.com\/formacion\/wp-content\/uploads\/2023\/02\/IMAGEN-3.jpg\",\"datePublished\":\"2023-02-28T10:09:28+00:00\",\"dateModified\":\"2023-12-22T11:35:31+00:00\",\"description\":\"La primavera est\u00e1 a la vuelta de la esquina y los colores de moda en primavera estar\u00e1n llenos de color y vida. Te contamos cu\u00e1les lo petar\u00e1n\",\"breadcrumb\":{\"@id\":\"https:\/\/joseppons.com\/formacion\/los-colores-de-moda-en-primavera\/#breadcrumb\"},\"inLanguage\":\"es\",\"potentialAction\":[{\"@type\":\"ReadAction\",\"target\":[\"https:\/\/joseppons.com\/formacion\/los-colores-de-moda-en-primavera\/\"]}]},{\"@type\":\"ImageObject\",\"inLanguage\":\"es\",\"@id\":\"https:\/\/joseppons.com\/formacion\/los-colores-de-moda-en-primavera\/#primaryimage\",\"url\":\"https:\/\/joseppons.com\/formacion\/wp-content\/uploads\/2023\/02\/IMAGEN-3.jpg\",\"contentUrl\":\"https:\/\/joseppons.com\/formacion\/wp-content\/uploads\/2023\/02\/IMAGEN-3.jpg\",\"width\":692,\"height\":549,\"caption\":\"colores-primavera\"},{\"@type\":\"BreadcrumbList\",\"@id\":\"https:\/\/joseppons.com\/formacion\/los-colores-de-moda-en-primavera\/#breadcrumb\",\"itemListElement\":[{\"@type\":\"ListItem\",\"position\":1,\"name\":\"Portada\",\"item\":\"https:\/\/joseppons.com\/formacion\/\"},{\"@type\":\"ListItem\",\"position\":2,\"name\":\"Los colores de moda en primavera\"}]},{\"@type\":\"WebSite\",\"@id\":\"https:\/\/joseppons.com\/formacion\/#website\",\"url\":\"https:\/\/joseppons.com\/formacion\/\",\"name\":\"Josep Pons Formaci\u00f3n\",\"description\":\"\",\"publisher\":{\"@id\":\"https:\/\/joseppons.com\/formacion\/#organization\"},\"potentialAction\":[{\"@type\":\"SearchAction\",\"target\":{\"@type\":\"EntryPoint\",\"urlTemplate\":\"https:\/\/joseppons.com\/formacion\/?s={search_term_string}\"},\"query-input\":{\"@type\":\"PropertyValueSpecification\",\"valueRequired\":true,\"valueName\":\"search_term_string\"}}],\"inLanguage\":\"es\"},{\"@type\":\"Organization\",\"@id\":\"https:\/\/joseppons.com\/formacion\/#organization\",\"name\":\"Josep Pons\",\"url\":\"https:\/\/joseppons.com\/formacion\/\",\"logo\":{\"@type\":\"ImageObject\",\"inLanguage\":\"es\",\"@id\":\"https:\/\/joseppons.com\/formacion\/#\/schema\/logo\/image\/\",\"url\":\"https:\/\/joseppons.com\/formacion\/wp-content\/uploads\/2018\/09\/logotipo-home-josepponsformacio-1.png\",\"contentUrl\":\"https:\/\/joseppons.com\/formacion\/wp-content\/uploads\/2018\/09\/logotipo-home-josepponsformacio-1.png\",\"width\":420,\"height\":280,\"caption\":\"Josep Pons\"},\"image\":{\"@id\":\"https:\/\/joseppons.com\/formacion\/#\/schema\/logo\/image\/\"},\"sameAs\":[\"https:\/\/es-es.facebook.com\/JosepPonsFormacio\/\",\"https:\/\/x.com\/josepponsimatge\",\"https:\/\/www.instagram.com\/ponsformacion\/\"]},{\"@type\":\"Person\",\"@id\":\"https:\/\/joseppons.com\/formacion\/#\/schema\/person\/5bcd14ff97d0c75b868e8577fd59c2a4\",\"name\":\"Comunicaci\u00f3n\"}]}<\/script>\n<!-- \/ Yoast SEO plugin. -->","yoast_head_json":{"title":"Los colores de moda en primavera","description":"La primavera est\u00e1 a la vuelta de la esquina y los colores de moda en primavera estar\u00e1n llenos de color y vida. Te contamos cu\u00e1les lo petar\u00e1n","robots":{"index":"index","follow":"follow","max-snippet":"max-snippet:-1","max-image-preview":"max-image-preview:large","max-video-preview":"max-video-preview:-1"},"canonical":"https:\/\/joseppons.com\/formacion\/los-colores-de-moda-en-primavera\/","og_locale":"es_ES","og_type":"article","og_title":"Los colores de moda en primavera","og_description":"La primavera est\u00e1 a la vuelta de la esquina y los colores de moda en primavera estar\u00e1n llenos de color y vida. Te contamos cu\u00e1les lo petar\u00e1n","og_url":"https:\/\/joseppons.com\/formacion\/los-colores-de-moda-en-primavera\/","og_site_name":"Josep Pons Formaci\u00f3n","article_publisher":"https:\/\/es-es.facebook.com\/JosepPonsFormacio\/","article_published_time":"2023-02-28T10:09:28+00:00","article_modified_time":"2023-12-22T11:35:31+00:00","og_image":[{"width":692,"height":549,"url":"https:\/\/joseppons.com\/formacion\/wp-content\/uploads\/2023\/02\/IMAGEN-3.jpg","type":"image\/jpeg"}],"author":"Comunicaci\u00f3n","twitter_card":"summary_large_image","twitter_creator":"@josepponsimatge","twitter_site":"@josepponsimatge","twitter_misc":{"Escrito por":"Comunicaci\u00f3n","Tiempo de lectura":"5 minutos"},"schema":{"@context":"https:\/\/schema.org","@graph":[{"@type":"Article","@id":"https:\/\/joseppons.com\/formacion\/los-colores-de-moda-en-primavera\/#article","isPartOf":{"@id":"https:\/\/joseppons.com\/formacion\/los-colores-de-moda-en-primavera\/"},"author":{"name":"Comunicaci\u00f3n","@id":"https:\/\/joseppons.com\/formacion\/#\/schema\/person\/5bcd14ff97d0c75b868e8577fd59c2a4"},"headline":"Los colores de moda en primavera","datePublished":"2023-02-28T10:09:28+00:00","dateModified":"2023-12-22T11:35:31+00:00","mainEntityOfPage":{"@id":"https:\/\/joseppons.com\/formacion\/los-colores-de-moda-en-primavera\/"},"wordCount":1184,"publisher":{"@id":"https:\/\/joseppons.com\/formacion\/#organization"},"image":{"@id":"https:\/\/joseppons.com\/formacion\/los-colores-de-moda-en-primavera\/#primaryimage"},"thumbnailUrl":"https:\/\/joseppons.com\/formacion\/wp-content\/uploads\/2023\/02\/IMAGEN-3.jpg","keywords":["asesoria de imagen","Asesor\u00eda de Imagen Personal y Corporativa","color azul el\u00e9ctrico","color dorado","Color naranja","colores de moda","Colores de moda en primavera","colores pastel","consejos","consejos asesor\u00eda","primavera","temporada primavera verano","tendencias","Tendencias primavera"],"articleSection":["Actualidad","Asesor\u00eda de imagen","consejos","Grado Superior en Asesor\u00eda","servicios de aseso\u00eda","Servicios de Asesor\u00eda","tendencias"],"inLanguage":"es"},{"@type":"WebPage","@id":"https:\/\/joseppons.com\/formacion\/los-colores-de-moda-en-primavera\/","url":"https:\/\/joseppons.com\/formacion\/los-colores-de-moda-en-primavera\/","name":"Los colores de moda en primavera","isPartOf":{"@id":"https:\/\/joseppons.com\/formacion\/#website"},"primaryImageOfPage":{"@id":"https:\/\/joseppons.com\/formacion\/los-colores-de-moda-en-primavera\/#primaryimage"},"image":{"@id":"https:\/\/joseppons.com\/formacion\/los-colores-de-moda-en-primavera\/#primaryimage"},"thumbnailUrl":"https:\/\/joseppons.com\/formacion\/wp-content\/uploads\/2023\/02\/IMAGEN-3.jpg","datePublished":"2023-02-28T10:09:28+00:00","dateModified":"2023-12-22T11:35:31+00:00","description":"La primavera est\u00e1 a la vuelta de la esquina y los colores de moda en primavera estar\u00e1n llenos de color y vida. Te contamos cu\u00e1les lo petar\u00e1n","breadcrumb":{"@id":"https:\/\/joseppons.com\/formacion\/los-colores-de-moda-en-primavera\/#breadcrumb"},"inLanguage":"es","potentialAction":[{"@type":"ReadAction","target":["https:\/\/joseppons.com\/formacion\/los-colores-de-moda-en-primavera\/"]}]},{"@type":"ImageObject","inLanguage":"es","@id":"https:\/\/joseppons.com\/formacion\/los-colores-de-moda-en-primavera\/#primaryimage","url":"https:\/\/joseppons.com\/formacion\/wp-content\/uploads\/2023\/02\/IMAGEN-3.jpg","contentUrl":"https:\/\/joseppons.com\/formacion\/wp-content\/uploads\/2023\/02\/IMAGEN-3.jpg","width":692,"height":549,"caption":"colores-primavera"},{"@type":"BreadcrumbList","@id":"https:\/\/joseppons.com\/formacion\/los-colores-de-moda-en-primavera\/#breadcrumb","itemListElement":[{"@type":"ListItem","position":1,"name":"Portada","item":"https:\/\/joseppons.com\/formacion\/"},{"@type":"ListItem","position":2,"name":"Los colores de moda en primavera"}]},{"@type":"WebSite","@id":"https:\/\/joseppons.com\/formacion\/#website","url":"https:\/\/joseppons.com\/formacion\/","name":"Josep Pons Formaci\u00f3n","description":"","publisher":{"@id":"https:\/\/joseppons.com\/formacion\/#organization"},"potentialAction":[{"@type":"SearchAction","target":{"@type":"EntryPoint","urlTemplate":"https:\/\/joseppons.com\/formacion\/?s={search_term_string}"},"query-input":{"@type":"PropertyValueSpecification","valueRequired":true,"valueName":"search_term_string"}}],"inLanguage":"es"},{"@type":"Organization","@id":"https:\/\/joseppons.com\/formacion\/#organization","name":"Josep Pons","url":"https:\/\/joseppons.com\/formacion\/","logo":{"@type":"ImageObject","inLanguage":"es","@id":"https:\/\/joseppons.com\/formacion\/#\/schema\/logo\/image\/","url":"https:\/\/joseppons.com\/formacion\/wp-content\/uploads\/2018\/09\/logotipo-home-josepponsformacio-1.png","contentUrl":"https:\/\/joseppons.com\/formacion\/wp-content\/uploads\/2018\/09\/logotipo-home-josepponsformacio-1.png","width":420,"height":280,"caption":"Josep Pons"},"image":{"@id":"https:\/\/joseppons.com\/formacion\/#\/schema\/logo\/image\/"},"sameAs":["https:\/\/es-es.facebook.com\/JosepPonsFormacio\/","https:\/\/x.com\/josepponsimatge","https:\/\/www.instagram.com\/ponsformacion\/"]},{"@type":"Person","@id":"https:\/\/joseppons.com\/formacion\/#\/schema\/person\/5bcd14ff97d0c75b868e8577fd59c2a4","name":"Comunicaci\u00f3n"}]}},"_links":{"self":[{"href":"https:\/\/joseppons.com\/formacion\/wp-json\/wp\/v2\/posts\/14307","targetHints":{"allow":["GET"]}}],"collection":[{"href":"https:\/\/joseppons.com\/formacion\/wp-json\/wp\/v2\/posts"}],"about":[{"href":"https:\/\/joseppons.com\/formacion\/wp-json\/wp\/v2\/types\/post"}],"author":[{"embeddable":true,"href":"https:\/\/joseppons.com\/formacion\/wp-json\/wp\/v2\/users\/6"}],"replies":[{"embeddable":true,"href":"https:\/\/joseppons.com\/formacion\/wp-json\/wp\/v2\/comments?post=14307"}],"version-history":[{"count":0,"href":"https:\/\/joseppons.com\/formacion\/wp-json\/wp\/v2\/posts\/14307\/revisions"}],"wp:featuredmedia":[{"embeddable":true,"href":"https:\/\/joseppons.com\/formacion\/wp-json\/wp\/v2\/media\/14317"}],"wp:attachment":[{"href":"https:\/\/joseppons.com\/formacion\/wp-json\/wp\/v2\/media?parent=14307"}],"wp:term":[{"taxonomy":"category","embeddable":true,"href":"https:\/\/joseppons.com\/formacion\/wp-json\/wp\/v2\/categories?post=14307"},{"taxonomy":"post_tag","embeddable":true,"href":"https:\/\/joseppons.com\/formacion\/wp-json\/wp\/v2\/tags?post=14307"}],"curies":[{"name":"wp","href":"https:\/\/api.w.org\/{rel}","templated":true}]}}