{"id":11354,"date":"2022-05-05T12:40:50","date_gmt":"2022-05-05T10:40:50","guid":{"rendered":"https:\/\/joseppons.com\/formacion\/?p=11354"},"modified":"2022-05-05T12:42:43","modified_gmt":"2022-05-05T10:42:43","slug":"tipos-de-barba","status":"publish","type":"post","link":"https:\/\/joseppons.com\/formacion\/tipos-de-barba\/","title":{"rendered":"Tipos de barba seg\u00fan tu rostro"},"content":{"rendered":"\t\t<div data-elementor-type=\"wp-post\" data-elementor-id=\"11354\" class=\"elementor elementor-11354\" data-elementor-post-type=\"post\">\n\t\t\t\t\t\t<section class=\"elementor-section elementor-top-section elementor-element elementor-element-8d43455 elementor-section-boxed elementor-section-height-default elementor-section-height-default\" data-id=\"8d43455\" data-element_type=\"section\">\n\t\t\t\t\t\t<div class=\"elementor-container elementor-column-gap-default\">\n\t\t\t\t\t<div class=\"elementor-column elementor-col-100 elementor-top-column elementor-element elementor-element-ae7cc3f\" data-id=\"ae7cc3f\" data-element_type=\"column\">\n\t\t\t<div class=\"elementor-widget-wrap elementor-element-populated\">\n\t\t\t\t\t\t<div class=\"elementor-element elementor-element-60bbe88 elementor-widget elementor-widget-text-editor\" data-id=\"60bbe88\" data-element_type=\"widget\" data-widget_type=\"text-editor.default\">\n\t\t\t\t<div class=\"elementor-widget-container\">\n\t\t\t\t\t\t\t\t\t<p><span style=\"font-weight: 400;\">En el mundo de la <\/span><b>imagen personal<\/b><span style=\"font-weight: 400;\"> se busca realzar las <\/span><b>caracter\u00edsticas naturales<\/b><span style=\"font-weight: 400;\"> de una persona y disimular aquellos rasgos que se consideran menos atractivos. En este caso hablaremos de los estilos de barba y c\u00f3mo pueden ayudar en esta tarea.<\/span><\/p><p><span style=\"font-weight: 400;\">El objetivo siempre es que el cliente se sienta a gusto e identificado con el resultado, m\u00e1s all\u00e1 de que le quede bien o no, lo realmente importante en un trabajo relacionado con la imagen es conseguir un acabado que vaya acorde con la <\/span><b>personalidad del cliente<\/b><span style=\"font-weight: 400;\">.<\/span><\/p><p><span style=\"font-weight: 400;\">Gracias al <\/span><b>estudio de la morfolog\u00eda<\/b><span style=\"font-weight: 400;\"><a href=\"https:\/\/joseppons.com\/formacion\/barberia\/\"> nuestros alumnos<\/a> y especialistas de barber\u00eda son capaces de identificar los <\/span><b>distintos tipos de rostros<\/b><span style=\"font-weight: 400;\"> y en consecuencia, van a asesorar a su cliente cu\u00e1l de todos los tipos de barba <\/span><span style=\"font-weight: 400;\">va a favorecer m\u00e1s para conseguir una cara arm\u00f3nica y compensada.<\/span><\/p><p><span style=\"font-weight: 400;\">Existen muchos tipos de barba, las posibilidades pueden ser infinitas. Siempre decimos que la <\/span><b>creatividad no tiene l\u00edmites<\/b><span style=\"font-weight: 400;\">, pero cuando se trata de la realidad, hay que <\/span><b>saber escoger <\/b><span style=\"font-weight: 400;\">entre aquellos tipos de barbas m\u00e1s realistas. <\/span><b>F\u00e1ciles<\/b><span style=\"font-weight: 400;\"> de mantener y <\/span><b>c\u00f3modas<\/b><span style=\"font-weight: 400;\"> de llevar. \u00a1Viva la comodidad ante todo!<\/span><\/p>\t\t\t\t\t\t\t\t<\/div>\n\t\t\t\t<\/div>\n\t\t\t\t\t<\/div>\n\t\t<\/div>\n\t\t\t\t\t<\/div>\n\t\t<\/section>\n\t\t\t\t<section class=\"elementor-section elementor-top-section elementor-element elementor-element-a0365d1 elementor-section-boxed elementor-section-height-default elementor-section-height-default\" data-id=\"a0365d1\" data-element_type=\"section\">\n\t\t\t\t\t\t<div class=\"elementor-container elementor-column-gap-default\">\n\t\t\t\t\t<div class=\"elementor-column elementor-col-100 elementor-top-column elementor-element elementor-element-315e7e7\" data-id=\"315e7e7\" data-element_type=\"column\">\n\t\t\t<div class=\"elementor-widget-wrap elementor-element-populated\">\n\t\t\t\t\t\t<div class=\"elementor-element elementor-element-cc2cfe8 elementor-widget elementor-widget-heading\" data-id=\"cc2cfe8\" data-element_type=\"widget\" data-widget_type=\"heading.default\">\n\t\t\t\t<div class=\"elementor-widget-container\">\n\t\t\t\t\t<h2 class=\"elementor-heading-title elementor-size-default\">Tipos de barba para caras cuadradas\n\n<\/h2>\t\t\t\t<\/div>\n\t\t\t\t<\/div>\n\t\t\t\t<div class=\"elementor-element elementor-element-caec86b elementor-widget elementor-widget-text-editor\" data-id=\"caec86b\" data-element_type=\"widget\" data-widget_type=\"text-editor.default\">\n\t\t\t\t<div class=\"elementor-widget-container\">\n\t\t\t\t\t\t\t\t\t<p><span style=\"font-weight: 400;\">Un <\/span><b>rostro cuadrado<\/b><span style=\"font-weight: 400;\"> se caracteriza por su <\/span><b>anchura<\/b><span style=\"font-weight: 400;\">. Tiene vol\u00famen de forma natural en los laterales, as\u00ed que habr\u00e1 que evitar destacar esa zona con la barba. <\/span><span style=\"font-weight: 400;\">En este caso, lo ideal <\/span><b>ser\u00e1 rebajar la barba de los lados<\/b><span style=\"font-weight: 400;\"> lo m\u00e1s posible, es decir, habr\u00e1 que evitar una barba demasiado larga en la zona de las <\/span><b>mejillas y las patillas<\/b><span style=\"font-weight: 400;\">.\u00a0<\/span><\/p><p><span style=\"font-weight: 400;\">El largo de barba recomendado para las caras cuadradas, depender\u00e1 de la densidad del vello. Entre m\u00e1s densa sea, m\u00e1s habr\u00e1 que cortar. <\/span><span style=\"font-weight: 400;\">Un <\/span><b>peque\u00f1o truco<\/b><span style=\"font-weight: 400;\"> es hacer el <\/span><b>corte de la barba <\/b><span style=\"font-weight: 400;\">en las mejillas al menos <\/span><b>dos dedos por debajo del p\u00f3mulo<\/b><span style=\"font-weight: 400;\">. As\u00ed el rostro se ver\u00e1 m\u00e1s alargado y arm\u00f3nico.<\/span><\/p><p><span style=\"font-weight: 400;\">En referencia a los <\/span><b>bigotes<\/b><span style=\"font-weight: 400;\">, en este tipo de rostros no podemos decir que est\u00e9 prohibido, pero deber\u00e1 mantenerse fino y bien recortado.\u00a0<\/span><\/p><p><span style=\"font-weight: 400;\">En resumen, como ya hemos comentado, el rostro cuadrado es poco alargado, as\u00ed que la mejor forma de crear una <\/span><b>ilusi\u00f3n \u00f3ptica <\/b><span style=\"font-weight: 400;\">con la barba para que sea vea m\u00e1s alargado es a\u00f1adiendo volumen y densidad en esa zona. Los tipos de barba con <\/span><b>perillas<\/b><span style=\"font-weight: 400;\"> son las <\/span><b>mejores aliadas para las caras cuadradas<\/b><span style=\"font-weight: 400;\">.<\/span><\/p>\t\t\t\t\t\t\t\t<\/div>\n\t\t\t\t<\/div>\n\t\t\t\t\t<\/div>\n\t\t<\/div>\n\t\t\t\t\t<\/div>\n\t\t<\/section>\n\t\t\t\t<section class=\"elementor-section elementor-top-section elementor-element elementor-element-bfb03f0 elementor-section-boxed elementor-section-height-default elementor-section-height-default\" data-id=\"bfb03f0\" data-element_type=\"section\">\n\t\t\t\t\t\t<div class=\"elementor-container elementor-column-gap-default\">\n\t\t\t\t\t<div class=\"elementor-column elementor-col-100 elementor-top-column elementor-element elementor-element-564c726\" data-id=\"564c726\" data-element_type=\"column\">\n\t\t\t<div class=\"elementor-widget-wrap elementor-element-populated\">\n\t\t\t\t\t\t<div class=\"elementor-element elementor-element-e21e9b3 elementor-widget elementor-widget-image\" data-id=\"e21e9b3\" data-element_type=\"widget\" data-widget_type=\"image.default\">\n\t\t\t\t<div class=\"elementor-widget-container\">\n\t\t\t\t\t\t\t\t\t\t\t\t\t\t\t<img fetchpriority=\"high\" decoding=\"async\" width=\"2000\" height=\"1600\" src=\"https:\/\/joseppons.com\/formacion\/wp-content\/uploads\/2022\/05\/tipos-de-barba-perilla.jpg\" class=\"attachment-large size-large wp-image-11357\" alt=\"\" srcset=\"https:\/\/joseppons.com\/formacion\/wp-content\/uploads\/2022\/05\/tipos-de-barba-perilla.jpg 2000w, https:\/\/joseppons.com\/formacion\/wp-content\/uploads\/2022\/05\/tipos-de-barba-perilla-768x614.jpg 768w, https:\/\/joseppons.com\/formacion\/wp-content\/uploads\/2022\/05\/tipos-de-barba-perilla-1536x1229.jpg 1536w\" sizes=\"(max-width: 2000px) 100vw, 2000px\" \/>\t\t\t\t\t\t\t\t\t\t\t\t\t\t\t<\/div>\n\t\t\t\t<\/div>\n\t\t\t\t\t<\/div>\n\t\t<\/div>\n\t\t\t\t\t<\/div>\n\t\t<\/section>\n\t\t\t\t<section class=\"elementor-section elementor-top-section elementor-element elementor-element-b447ced elementor-section-boxed elementor-section-height-default elementor-section-height-default\" data-id=\"b447ced\" data-element_type=\"section\">\n\t\t\t\t\t\t<div class=\"elementor-container elementor-column-gap-default\">\n\t\t\t\t\t<div class=\"elementor-column elementor-col-100 elementor-top-column elementor-element elementor-element-925d432\" data-id=\"925d432\" data-element_type=\"column\">\n\t\t\t<div class=\"elementor-widget-wrap elementor-element-populated\">\n\t\t\t\t\t\t<div class=\"elementor-element elementor-element-ecd2006 elementor-widget elementor-widget-heading\" data-id=\"ecd2006\" data-element_type=\"widget\" data-widget_type=\"heading.default\">\n\t\t\t\t<div class=\"elementor-widget-container\">\n\t\t\t\t\t<h2 class=\"elementor-heading-title elementor-size-default\">Tipos de barba para caras redondas\n\n<\/h2>\t\t\t\t<\/div>\n\t\t\t\t<\/div>\n\t\t\t\t<div class=\"elementor-element elementor-element-4f7bd6d elementor-widget elementor-widget-text-editor\" data-id=\"4f7bd6d\" data-element_type=\"widget\" data-widget_type=\"text-editor.default\">\n\t\t\t\t<div class=\"elementor-widget-container\">\n\t\t\t\t\t\t\t\t\t<p><span style=\"font-weight: 400;\">Las <\/span><b>caras redondas<\/b><span style=\"font-weight: 400;\"> acostumbran a tener la zona de la <\/span><b>mand\u00edbula poco definida<\/b><span style=\"font-weight: 400;\">, por ese motivo es preferible<\/span><b> marcar el \u00e1ngulo<\/b><span style=\"font-weight: 400;\"> de esa zona con el corte de la barba. De esta forma,\u00a0 el rostro va a perder un poco su aspecto redondeado y se ver\u00e1 <\/span><b>m\u00e1s definido y est\u00e9tico<\/b><span style=\"font-weight: 400;\">.<\/span><\/p><p><span style=\"font-weight: 400;\">\u00bfC\u00f3mo se puede detectar esta forma de cara? Bien, una manera muy simple de averiguarlo es mirando si la <\/span><b>longitud del rostro<\/b><span style=\"font-weight: 400;\"> mide <\/span><b>lo mismo<\/b><span style=\"font-weight: 400;\"> que el <\/span><b>ancho entre p\u00f3mulos<\/b><span style=\"font-weight: 400;\">. Si perteneces a este grupo, lo que viene ahora te interesa.<\/span><\/p><p><span style=\"font-weight: 400;\">En este tipo de caras, las mejillas suelen tener m\u00e1s vol\u00famen\u00a0 que en otros casos por lo que habr\u00e1 que liberarlas de pelo en su parte media y alta.\u00a0\u00a0<\/span><\/p><p><span style=\"font-weight: 400;\">Los tipos de barba m\u00e1s favorecedores para los rostros redondos son las <\/span><b>\u2018barbas candado\u2019<\/b><span style=\"font-weight: 400;\">. Se caracterizan por tener pelo \u00fanicamente en la <\/span><b>parte del bigote y la barbilla<\/b><span style=\"font-weight: 400;\">, dejando libres las patillas y las mejillas.<\/span><\/p><p><span style=\"font-weight: 400;\">Las personas con facciones redondeadas son probablemente las que m\u00e1s provecho le pueden sacar a la barba porque es muy f\u00e1cil conseguir el efecto visual que contrarresta la forma redondeada.<\/span><\/p>\t\t\t\t\t\t\t\t<\/div>\n\t\t\t\t<\/div>\n\t\t\t\t\t<\/div>\n\t\t<\/div>\n\t\t\t\t\t<\/div>\n\t\t<\/section>\n\t\t\t\t<section class=\"elementor-section elementor-top-section elementor-element elementor-element-108ccab elementor-section-boxed elementor-section-height-default elementor-section-height-default\" data-id=\"108ccab\" data-element_type=\"section\">\n\t\t\t\t\t\t<div class=\"elementor-container elementor-column-gap-default\">\n\t\t\t\t\t<div class=\"elementor-column elementor-col-100 elementor-top-column elementor-element elementor-element-74955ec\" data-id=\"74955ec\" data-element_type=\"column\">\n\t\t\t<div class=\"elementor-widget-wrap elementor-element-populated\">\n\t\t\t\t\t\t<div class=\"elementor-element elementor-element-7e9fdfc elementor-widget elementor-widget-image\" data-id=\"7e9fdfc\" data-element_type=\"widget\" data-widget_type=\"image.default\">\n\t\t\t\t<div class=\"elementor-widget-container\">\n\t\t\t\t\t\t\t\t\t\t\t\t\t\t\t<img decoding=\"async\" width=\"2000\" height=\"1600\" src=\"https:\/\/joseppons.com\/formacion\/wp-content\/uploads\/2022\/05\/tipos-de-barba-candado.jpg\" class=\"attachment-large size-large wp-image-11358\" alt=\"\" srcset=\"https:\/\/joseppons.com\/formacion\/wp-content\/uploads\/2022\/05\/tipos-de-barba-candado.jpg 2000w, https:\/\/joseppons.com\/formacion\/wp-content\/uploads\/2022\/05\/tipos-de-barba-candado-768x614.jpg 768w, https:\/\/joseppons.com\/formacion\/wp-content\/uploads\/2022\/05\/tipos-de-barba-candado-1536x1229.jpg 1536w\" sizes=\"(max-width: 2000px) 100vw, 2000px\" \/>\t\t\t\t\t\t\t\t\t\t\t\t\t\t\t<\/div>\n\t\t\t\t<\/div>\n\t\t\t\t\t<\/div>\n\t\t<\/div>\n\t\t\t\t\t<\/div>\n\t\t<\/section>\n\t\t\t\t<section class=\"elementor-section elementor-top-section elementor-element elementor-element-6e1ed9d elementor-section-boxed elementor-section-height-default elementor-section-height-default\" data-id=\"6e1ed9d\" data-element_type=\"section\">\n\t\t\t\t\t\t<div class=\"elementor-container elementor-column-gap-default\">\n\t\t\t\t\t<div class=\"elementor-column elementor-col-100 elementor-top-column elementor-element elementor-element-e2ba1d8\" data-id=\"e2ba1d8\" data-element_type=\"column\">\n\t\t\t<div class=\"elementor-widget-wrap elementor-element-populated\">\n\t\t\t\t\t\t<div class=\"elementor-element elementor-element-5b1e114 elementor-widget elementor-widget-heading\" data-id=\"5b1e114\" data-element_type=\"widget\" data-widget_type=\"heading.default\">\n\t\t\t\t<div class=\"elementor-widget-container\">\n\t\t\t\t\t<h2 class=\"elementor-heading-title elementor-size-default\">Barbas para caras ovaladas<\/h2>\t\t\t\t<\/div>\n\t\t\t\t<\/div>\n\t\t\t\t\t<\/div>\n\t\t<\/div>\n\t\t\t\t\t<\/div>\n\t\t<\/section>\n\t\t\t\t<section class=\"elementor-section elementor-top-section elementor-element elementor-element-c18c7f1 elementor-section-boxed elementor-section-height-default elementor-section-height-default\" data-id=\"c18c7f1\" data-element_type=\"section\">\n\t\t\t\t\t\t<div class=\"elementor-container elementor-column-gap-default\">\n\t\t\t\t\t<div class=\"elementor-column elementor-col-100 elementor-top-column elementor-element elementor-element-94928fa\" data-id=\"94928fa\" data-element_type=\"column\">\n\t\t\t<div class=\"elementor-widget-wrap elementor-element-populated\">\n\t\t\t\t\t\t<div class=\"elementor-element elementor-element-32b07ac elementor-widget elementor-widget-text-editor\" data-id=\"32b07ac\" data-element_type=\"widget\" data-widget_type=\"text-editor.default\">\n\t\t\t\t<div class=\"elementor-widget-container\">\n\t\t\t\t\t\t\t\t\t<p><span style=\"font-weight: 400;\">\u00bfTe preguntas si tu cara es ovalada y perteneces a esta categor\u00eda? La forma m\u00e1s r\u00e1pida y sencilla de saberlo es fijarse si la <\/span><b>longitud de la cara<\/b><span style=\"font-weight: 400;\"> es <\/span><b>mayor<\/b><span style=\"font-weight: 400;\"> que la<\/span><b> anchura entre p\u00f3mulos.<\/b><span style=\"font-weight: 400;\"> Ser\u00edan las dimensiones contrarias a las de una cara redondeada.<\/span><\/p><p><span style=\"font-weight: 400;\">Los <\/span><b>rostros ovalados<\/b><span style=\"font-weight: 400;\"> tienen una ventaja sobre los dem\u00e1s y es que pueden escoger entre <\/span><b>muchos tipos de barbas<\/b><span style=\"font-weight: 400;\"> distintas. Si tu cara es ovalada, no vas a tener ning\u00fan problema y podr\u00e1s<\/span><b> jugar y tantear estilos<\/b><span style=\"font-weight: 400;\"> y tipos de barbas cu\u00e1ndo y c\u00f3mo quieras.\u00a0<\/span><\/p><p><span style=\"font-weight: 400;\">\u00bfOs suena la m\u00edtica <\/span><b>barba de tres d\u00edas<\/b><span style=\"font-weight: 400;\">? Pues es una forma genial de empezar con el tema de la barba en una cara ovalada. Adem\u00e1s de ser s\u00faper c\u00f3moda y f\u00e1cil de mantener, aporta un toque interesante y misterioso al look. C\u00f3mo gu\u00eda general para conseguir un efecto \u201cbarba de 3 d\u00edas\u201d, normalmente este tipo de vello facial mide entre 1mm y 3mm.<\/span><\/p><p><b>Otra opci\u00f3n<\/b><span style=\"font-weight: 400;\"> dentro de los tipos de barbas que puede favorecer a un rostro ovalado, es la \u201c<\/span><b>barba vikinga<\/b><span style=\"font-weight: 400;\">\u201d. Esta es una opci\u00f3n m\u00e1s arriesgada y concreta. Hay que estar seguro de que este tipo de barba. Se trata de una <\/span><b>barba larga<\/b><span style=\"font-weight: 400;\"> con un aspecto <\/span><b>aventurero y natural<\/b><span style=\"font-weight: 400;\">.\u00a0<\/span><\/p><p><span style=\"font-weight: 400;\">La <\/span><b>longitud ideal es hasta el pecho<\/b><span style=\"font-weight: 400;\"> con una forma uniforme, sin escalones. Por este motivo aunque parezca dif\u00edcil de mantener, es todo lo contrario, no hay que cortarla ni modificarla. S\u00f3lo necesitar\u00e1s paciencia y unos buenos genes para que crezca sana, fuerte y bonita.<\/span><\/p>\t\t\t\t\t\t\t\t<\/div>\n\t\t\t\t<\/div>\n\t\t\t\t\t<\/div>\n\t\t<\/div>\n\t\t\t\t\t<\/div>\n\t\t<\/section>\n\t\t\t\t<section class=\"elementor-section elementor-top-section elementor-element elementor-element-eb697d5 elementor-section-boxed elementor-section-height-default elementor-section-height-default\" data-id=\"eb697d5\" data-element_type=\"section\">\n\t\t\t\t\t\t<div class=\"elementor-container elementor-column-gap-default\">\n\t\t\t\t\t<div class=\"elementor-column elementor-col-100 elementor-top-column elementor-element elementor-element-19e4a5b\" data-id=\"19e4a5b\" data-element_type=\"column\">\n\t\t\t<div class=\"elementor-widget-wrap elementor-element-populated\">\n\t\t\t\t\t\t<div class=\"elementor-element elementor-element-ead4445 elementor-widget elementor-widget-image\" data-id=\"ead4445\" data-element_type=\"widget\" data-widget_type=\"image.default\">\n\t\t\t\t<div class=\"elementor-widget-container\">\n\t\t\t\t\t\t\t\t\t\t\t\t\t\t\t<img decoding=\"async\" width=\"2000\" height=\"1600\" src=\"https:\/\/joseppons.com\/formacion\/wp-content\/uploads\/2022\/05\/tipos-de-barba-.jpg\" class=\"attachment-large size-large wp-image-11362\" alt=\"\" srcset=\"https:\/\/joseppons.com\/formacion\/wp-content\/uploads\/2022\/05\/tipos-de-barba-.jpg 2000w, https:\/\/joseppons.com\/formacion\/wp-content\/uploads\/2022\/05\/tipos-de-barba--768x614.jpg 768w, https:\/\/joseppons.com\/formacion\/wp-content\/uploads\/2022\/05\/tipos-de-barba--1536x1229.jpg 1536w\" sizes=\"(max-width: 2000px) 100vw, 2000px\" \/>\t\t\t\t\t\t\t\t\t\t\t\t\t\t\t<\/div>\n\t\t\t\t<\/div>\n\t\t\t\t\t<\/div>\n\t\t<\/div>\n\t\t\t\t\t<\/div>\n\t\t<\/section>\n\t\t\t\t<section class=\"elementor-section elementor-top-section elementor-element elementor-element-269d377 elementor-section-boxed elementor-section-height-default elementor-section-height-default\" data-id=\"269d377\" data-element_type=\"section\">\n\t\t\t\t\t\t<div class=\"elementor-container elementor-column-gap-default\">\n\t\t\t\t\t<div class=\"elementor-column elementor-col-100 elementor-top-column elementor-element elementor-element-d81e2c5\" data-id=\"d81e2c5\" data-element_type=\"column\">\n\t\t\t<div class=\"elementor-widget-wrap elementor-element-populated\">\n\t\t\t\t\t\t<div class=\"elementor-element elementor-element-79f761c elementor-widget elementor-widget-heading\" data-id=\"79f761c\" data-element_type=\"widget\" data-widget_type=\"heading.default\">\n\t\t\t\t<div class=\"elementor-widget-container\">\n\t\t\t\t\t<h2 class=\"elementor-heading-title elementor-size-default\">Tipos de barba para caras rectangulares<\/h2>\t\t\t\t<\/div>\n\t\t\t\t<\/div>\n\t\t\t\t\t<\/div>\n\t\t<\/div>\n\t\t\t\t\t<\/div>\n\t\t<\/section>\n\t\t\t\t<section class=\"elementor-section elementor-top-section elementor-element elementor-element-93444ff elementor-section-boxed elementor-section-height-default elementor-section-height-default\" data-id=\"93444ff\" data-element_type=\"section\">\n\t\t\t\t\t\t<div class=\"elementor-container elementor-column-gap-default\">\n\t\t\t\t\t<div class=\"elementor-column elementor-col-100 elementor-top-column elementor-element elementor-element-2f1a672\" data-id=\"2f1a672\" data-element_type=\"column\">\n\t\t\t<div class=\"elementor-widget-wrap elementor-element-populated\">\n\t\t\t\t\t\t<div class=\"elementor-element elementor-element-0b9cd96 elementor-widget elementor-widget-text-editor\" data-id=\"0b9cd96\" data-element_type=\"widget\" data-widget_type=\"text-editor.default\">\n\t\t\t\t<div class=\"elementor-widget-container\">\n\t\t\t\t\t\t\t\t\t<p><span style=\"font-weight: 400;\">El \u00faltimo tipo de cara que vamos a tratar son las <\/span><b>rectangulares.<\/b><span style=\"font-weight: 400;\"> Este grupo de rostros tiene mucho en com\u00fan con el primer tipo de rostros, los cuadrados. Coinciden en l\u00edneas ya que las tienen m\u00e1s definidas y duras. El punto de diferencia es la longitud.\u00a0<\/span><\/p><p><span style=\"font-weight: 400;\">Los tipos de barba en este caso deber\u00e1n <\/span><b>evitar perfiles puntiagudos y vol\u00famenes en el ment\u00f3n<\/b><span style=\"font-weight: 400;\"> de forma que se sincronicen con la forma de cara rectangular.\u00a0<\/span><\/p><p><span style=\"font-weight: 400;\">Entonces \u00bfqu\u00e9 barba se busca en este caso? Se va mirar de rellenar los laterales del rostro para aportar vol\u00famen a esa zona y por lo tanto compensar la forma. Los estilos de barba m\u00e1s favorecedores y populares son la \u201c<\/span><b>barba hipster<\/b><span style=\"font-weight: 400;\">\u201d y la \u201c<\/span><b>barba de cortina<\/b><span style=\"font-weight: 400;\">\u201d.<\/span><\/p><p><span style=\"font-weight: 400;\">La <\/span><b>barba hipster se basa en el grosor<\/b><span style=\"font-weight: 400;\">. Deber\u00e1s dejar que crezca al menos un mes o incluso dos antes de darle forma. Tambi\u00e9n hay que tener en cuenta tu aspecto general, ya que un peinado corto puede quedar mejor con la barba hipster. De esta forma te vas a asegurar de que tu cara no quede escondida detr\u00e1s de tanto pelo.<\/span><\/p>\t\t\t\t\t\t\t\t<\/div>\n\t\t\t\t<\/div>\n\t\t\t\t\t<\/div>\n\t\t<\/div>\n\t\t\t\t\t<\/div>\n\t\t<\/section>\n\t\t\t\t<section class=\"elementor-section elementor-top-section elementor-element elementor-element-4c588c9 elementor-section-boxed elementor-section-height-default elementor-section-height-default\" data-id=\"4c588c9\" data-element_type=\"section\">\n\t\t\t\t\t\t<div class=\"elementor-container elementor-column-gap-default\">\n\t\t\t\t\t<div class=\"elementor-column elementor-col-100 elementor-top-column elementor-element elementor-element-c0e1cae\" data-id=\"c0e1cae\" data-element_type=\"column\">\n\t\t\t<div class=\"elementor-widget-wrap elementor-element-populated\">\n\t\t\t\t\t\t<div class=\"elementor-element elementor-element-0a71bd0 elementor-widget elementor-widget-image\" data-id=\"0a71bd0\" data-element_type=\"widget\" data-widget_type=\"image.default\">\n\t\t\t\t<div class=\"elementor-widget-container\">\n\t\t\t\t\t\t\t\t\t\t\t\t\t\t\t<img loading=\"lazy\" decoding=\"async\" width=\"2000\" height=\"1600\" src=\"https:\/\/joseppons.com\/formacion\/wp-content\/uploads\/2022\/05\/tipos-de-barba-hipster.jpg\" class=\"attachment-large size-large wp-image-11363\" alt=\"\" srcset=\"https:\/\/joseppons.com\/formacion\/wp-content\/uploads\/2022\/05\/tipos-de-barba-hipster.jpg 2000w, https:\/\/joseppons.com\/formacion\/wp-content\/uploads\/2022\/05\/tipos-de-barba-hipster-768x614.jpg 768w, https:\/\/joseppons.com\/formacion\/wp-content\/uploads\/2022\/05\/tipos-de-barba-hipster-1536x1229.jpg 1536w\" sizes=\"(max-width: 2000px) 100vw, 2000px\" \/>\t\t\t\t\t\t\t\t\t\t\t\t\t\t\t<\/div>\n\t\t\t\t<\/div>\n\t\t\t\t\t<\/div>\n\t\t<\/div>\n\t\t\t\t\t<\/div>\n\t\t<\/section>\n\t\t\t\t<section class=\"elementor-section elementor-top-section elementor-element elementor-element-f7d18e4 elementor-section-boxed elementor-section-height-default elementor-section-height-default\" data-id=\"f7d18e4\" data-element_type=\"section\">\n\t\t\t\t\t\t<div class=\"elementor-container elementor-column-gap-default\">\n\t\t\t\t\t<div class=\"elementor-column elementor-col-100 elementor-top-column elementor-element elementor-element-cde8800\" data-id=\"cde8800\" data-element_type=\"column\">\n\t\t\t<div class=\"elementor-widget-wrap elementor-element-populated\">\n\t\t\t\t\t\t<div class=\"elementor-element elementor-element-f9a5298 elementor-widget elementor-widget-text-editor\" data-id=\"f9a5298\" data-element_type=\"widget\" data-widget_type=\"text-editor.default\">\n\t\t\t\t<div class=\"elementor-widget-container\">\n\t\t\t\t\t\t\t\t\t<p><span style=\"font-weight: 400;\">Finalmente, la<\/span><b> barba cortina es un cl\u00e1sico <\/b><span style=\"font-weight: 400;\">que realza la mand\u00edbula, en el caso de que tengas las l\u00edneas marcadas de una cara rectangular. Este estilo de barba puede variar entre 2 mm de anchura y 2 cm para conseguir un look m\u00e1s espeso.\u00a0<\/span><\/p>\t\t\t\t\t\t\t\t<\/div>\n\t\t\t\t<\/div>\n\t\t\t\t\t<\/div>\n\t\t<\/div>\n\t\t\t\t\t<\/div>\n\t\t<\/section>\n\t\t\t\t<section class=\"elementor-section elementor-top-section elementor-element elementor-element-5919f24 elementor-section-boxed elementor-section-height-default elementor-section-height-default\" data-id=\"5919f24\" data-element_type=\"section\">\n\t\t\t\t\t\t<div class=\"elementor-container elementor-column-gap-default\">\n\t\t\t\t\t<div class=\"elementor-column elementor-col-100 elementor-top-column elementor-element elementor-element-f3c013c\" data-id=\"f3c013c\" data-element_type=\"column\">\n\t\t\t<div class=\"elementor-widget-wrap elementor-element-populated\">\n\t\t\t\t\t\t<div class=\"elementor-element elementor-element-915f3f6 elementor-widget elementor-widget-image\" data-id=\"915f3f6\" data-element_type=\"widget\" data-widget_type=\"image.default\">\n\t\t\t\t<div class=\"elementor-widget-container\">\n\t\t\t\t\t\t\t\t\t\t\t\t\t\t\t<img loading=\"lazy\" decoding=\"async\" width=\"2000\" height=\"1600\" src=\"https:\/\/joseppons.com\/formacion\/wp-content\/uploads\/2022\/05\/tipos-de-barba-cortina.jpg\" class=\"attachment-large size-large wp-image-11364\" alt=\"\" srcset=\"https:\/\/joseppons.com\/formacion\/wp-content\/uploads\/2022\/05\/tipos-de-barba-cortina.jpg 2000w, https:\/\/joseppons.com\/formacion\/wp-content\/uploads\/2022\/05\/tipos-de-barba-cortina-768x614.jpg 768w, https:\/\/joseppons.com\/formacion\/wp-content\/uploads\/2022\/05\/tipos-de-barba-cortina-1536x1229.jpg 1536w\" sizes=\"(max-width: 2000px) 100vw, 2000px\" \/>\t\t\t\t\t\t\t\t\t\t\t\t\t\t\t<\/div>\n\t\t\t\t<\/div>\n\t\t\t\t\t<\/div>\n\t\t<\/div>\n\t\t\t\t\t<\/div>\n\t\t<\/section>\n\t\t\t\t<\/div>\n\t\t","protected":false},"excerpt":{"rendered":"<p>En el mundo de la imagen personal se busca realzar las caracter\u00edsticas naturales de una persona y disimular aquellos rasgos que se consideran menos atractivos. En este caso hablaremos de los estilos de barba y c\u00f3mo pueden ayudar en esta tarea. El objetivo siempre es que el cliente se sienta a gusto e identificado con&#8230;<\/p>\n","protected":false},"author":6,"featured_media":11356,"comment_status":"open","ping_status":"closed","sticky":false,"template":"","format":"standard","meta":{"_joinchat":[],"footnotes":""},"categories":[137,125],"tags":[675,678,677,679,515,138,140,142,681,676,514,680,682],"class_list":["post-11354","post","type-post","status-publish","format-standard","has-post-thumbnail","hentry","category-barberia","category-tendencias","tag-barba","tag-barba-corta","tag-barba-hipster","tag-barba-larga","tag-barber-shop","tag-barberia","tag-barbershop","tag-curso-de-barberia","tag-forma-de-rostro","tag-perilla","tag-tendencias-en-barberia","tag-tipos-de-cara","tag-vello"],"yoast_head":"<!-- This site is optimized with the Yoast SEO plugin v26.7 - https:\/\/yoast.com\/wordpress\/plugins\/seo\/ -->\n<title>Tipos de barba seg\u00fan tu rostro - Josep Pons Formaci\u00f3n<\/title>\n<meta name=\"description\" content=\"\u00bfQu\u00e9 tipos de barba hay? \u00bfCu\u00e1l es el que favorece m\u00e1s seg\u00fan tu rostro? Descubre c\u00f3mo armonizar tu rostro gracias a...\" \/>\n<meta name=\"robots\" content=\"index, follow, max-snippet:-1, max-image-preview:large, max-video-preview:-1\" \/>\n<link rel=\"canonical\" href=\"https:\/\/joseppons.com\/formacion\/tipos-de-barba\/\" \/>\n<meta property=\"og:locale\" content=\"es_ES\" \/>\n<meta property=\"og:type\" content=\"article\" \/>\n<meta property=\"og:title\" content=\"Tipos de barba seg\u00fan tu rostro - Josep Pons Formaci\u00f3n\" \/>\n<meta property=\"og:description\" content=\"\u00bfQu\u00e9 tipos de barba hay? \u00bfCu\u00e1l es el que favorece m\u00e1s seg\u00fan tu rostro? Descubre c\u00f3mo armonizar tu rostro gracias a...\" \/>\n<meta property=\"og:url\" content=\"https:\/\/joseppons.com\/formacion\/tipos-de-barba\/\" \/>\n<meta property=\"og:site_name\" content=\"Josep Pons Formaci\u00f3n\" \/>\n<meta property=\"article:publisher\" content=\"https:\/\/es-es.facebook.com\/JosepPonsFormacio\/\" \/>\n<meta property=\"article:published_time\" content=\"2022-05-05T10:40:50+00:00\" \/>\n<meta property=\"article:modified_time\" content=\"2022-05-05T10:42:43+00:00\" \/>\n<meta property=\"og:image\" content=\"https:\/\/joseppons.com\/formacion\/wp-content\/uploads\/2022\/05\/tipos-de-barba.jpg\" \/>\n\t<meta property=\"og:image:width\" content=\"1985\" \/>\n\t<meta property=\"og:image:height\" content=\"1325\" \/>\n\t<meta property=\"og:image:type\" content=\"image\/jpeg\" \/>\n<meta name=\"author\" content=\"Comunicaci\u00f3n\" \/>\n<meta name=\"twitter:card\" content=\"summary_large_image\" \/>\n<meta name=\"twitter:creator\" content=\"@josepponsimatge\" \/>\n<meta name=\"twitter:site\" content=\"@josepponsimatge\" \/>\n<meta name=\"twitter:label1\" content=\"Escrito por\" \/>\n\t<meta name=\"twitter:data1\" content=\"Comunicaci\u00f3n\" \/>\n\t<meta name=\"twitter:label2\" content=\"Tiempo de lectura\" \/>\n\t<meta name=\"twitter:data2\" content=\"6 minutos\" \/>\n<script type=\"application\/ld+json\" class=\"yoast-schema-graph\">{\"@context\":\"https:\/\/schema.org\",\"@graph\":[{\"@type\":\"Article\",\"@id\":\"https:\/\/joseppons.com\/formacion\/tipos-de-barba\/#article\",\"isPartOf\":{\"@id\":\"https:\/\/joseppons.com\/formacion\/tipos-de-barba\/\"},\"author\":{\"name\":\"Comunicaci\u00f3n\",\"@id\":\"https:\/\/joseppons.com\/formacion\/#\/schema\/person\/5bcd14ff97d0c75b868e8577fd59c2a4\"},\"headline\":\"Tipos de barba seg\u00fan tu rostro\",\"datePublished\":\"2022-05-05T10:40:50+00:00\",\"dateModified\":\"2022-05-05T10:42:43+00:00\",\"mainEntityOfPage\":{\"@id\":\"https:\/\/joseppons.com\/formacion\/tipos-de-barba\/\"},\"wordCount\":1131,\"commentCount\":0,\"publisher\":{\"@id\":\"https:\/\/joseppons.com\/formacion\/#organization\"},\"image\":{\"@id\":\"https:\/\/joseppons.com\/formacion\/tipos-de-barba\/#primaryimage\"},\"thumbnailUrl\":\"https:\/\/joseppons.com\/formacion\/wp-content\/uploads\/2022\/05\/tipos-de-barba.jpg\",\"keywords\":[\"barba\",\"barba corta\",\"barba hipster\",\"barba larga\",\"barber shop\",\"Barber\u00eda\",\"barbershop\",\"curso de barber\u00eda\",\"forma de rostro\",\"perilla\",\"tendencias en barber\u00eda\",\"tipos de cara\",\"vello\"],\"articleSection\":[\"Barber\u00eda\",\"tendencias\"],\"inLanguage\":\"es\",\"potentialAction\":[{\"@type\":\"CommentAction\",\"name\":\"Comment\",\"target\":[\"https:\/\/joseppons.com\/formacion\/tipos-de-barba\/#respond\"]}]},{\"@type\":\"WebPage\",\"@id\":\"https:\/\/joseppons.com\/formacion\/tipos-de-barba\/\",\"url\":\"https:\/\/joseppons.com\/formacion\/tipos-de-barba\/\",\"name\":\"Tipos de barba seg\u00fan tu rostro - Josep Pons Formaci\u00f3n\",\"isPartOf\":{\"@id\":\"https:\/\/joseppons.com\/formacion\/#website\"},\"primaryImageOfPage\":{\"@id\":\"https:\/\/joseppons.com\/formacion\/tipos-de-barba\/#primaryimage\"},\"image\":{\"@id\":\"https:\/\/joseppons.com\/formacion\/tipos-de-barba\/#primaryimage\"},\"thumbnailUrl\":\"https:\/\/joseppons.com\/formacion\/wp-content\/uploads\/2022\/05\/tipos-de-barba.jpg\",\"datePublished\":\"2022-05-05T10:40:50+00:00\",\"dateModified\":\"2022-05-05T10:42:43+00:00\",\"description\":\"\u00bfQu\u00e9 tipos de barba hay? \u00bfCu\u00e1l es el que favorece m\u00e1s seg\u00fan tu rostro? Descubre c\u00f3mo armonizar tu rostro gracias a...\",\"breadcrumb\":{\"@id\":\"https:\/\/joseppons.com\/formacion\/tipos-de-barba\/#breadcrumb\"},\"inLanguage\":\"es\",\"potentialAction\":[{\"@type\":\"ReadAction\",\"target\":[\"https:\/\/joseppons.com\/formacion\/tipos-de-barba\/\"]}]},{\"@type\":\"ImageObject\",\"inLanguage\":\"es\",\"@id\":\"https:\/\/joseppons.com\/formacion\/tipos-de-barba\/#primaryimage\",\"url\":\"https:\/\/joseppons.com\/formacion\/wp-content\/uploads\/2022\/05\/tipos-de-barba.jpg\",\"contentUrl\":\"https:\/\/joseppons.com\/formacion\/wp-content\/uploads\/2022\/05\/tipos-de-barba.jpg\",\"width\":1985,\"height\":1325,\"caption\":\"tipos de barba\"},{\"@type\":\"BreadcrumbList\",\"@id\":\"https:\/\/joseppons.com\/formacion\/tipos-de-barba\/#breadcrumb\",\"itemListElement\":[{\"@type\":\"ListItem\",\"position\":1,\"name\":\"Portada\",\"item\":\"https:\/\/joseppons.com\/formacion\/\"},{\"@type\":\"ListItem\",\"position\":2,\"name\":\"Tipos de barba seg\u00fan tu rostro\"}]},{\"@type\":\"WebSite\",\"@id\":\"https:\/\/joseppons.com\/formacion\/#website\",\"url\":\"https:\/\/joseppons.com\/formacion\/\",\"name\":\"Josep Pons Formaci\u00f3n\",\"description\":\"\",\"publisher\":{\"@id\":\"https:\/\/joseppons.com\/formacion\/#organization\"},\"potentialAction\":[{\"@type\":\"SearchAction\",\"target\":{\"@type\":\"EntryPoint\",\"urlTemplate\":\"https:\/\/joseppons.com\/formacion\/?s={search_term_string}\"},\"query-input\":{\"@type\":\"PropertyValueSpecification\",\"valueRequired\":true,\"valueName\":\"search_term_string\"}}],\"inLanguage\":\"es\"},{\"@type\":\"Organization\",\"@id\":\"https:\/\/joseppons.com\/formacion\/#organization\",\"name\":\"Josep Pons\",\"url\":\"https:\/\/joseppons.com\/formacion\/\",\"logo\":{\"@type\":\"ImageObject\",\"inLanguage\":\"es\",\"@id\":\"https:\/\/joseppons.com\/formacion\/#\/schema\/logo\/image\/\",\"url\":\"https:\/\/joseppons.com\/formacion\/wp-content\/uploads\/2018\/09\/logotipo-home-josepponsformacio-1.png\",\"contentUrl\":\"https:\/\/joseppons.com\/formacion\/wp-content\/uploads\/2018\/09\/logotipo-home-josepponsformacio-1.png\",\"width\":420,\"height\":280,\"caption\":\"Josep Pons\"},\"image\":{\"@id\":\"https:\/\/joseppons.com\/formacion\/#\/schema\/logo\/image\/\"},\"sameAs\":[\"https:\/\/es-es.facebook.com\/JosepPonsFormacio\/\",\"https:\/\/x.com\/josepponsimatge\",\"https:\/\/www.instagram.com\/ponsformacion\/\"]},{\"@type\":\"Person\",\"@id\":\"https:\/\/joseppons.com\/formacion\/#\/schema\/person\/5bcd14ff97d0c75b868e8577fd59c2a4\",\"name\":\"Comunicaci\u00f3n\"}]}<\/script>\n<!-- \/ Yoast SEO plugin. -->","yoast_head_json":{"title":"Tipos de barba seg\u00fan tu rostro - Josep Pons Formaci\u00f3n","description":"\u00bfQu\u00e9 tipos de barba hay? \u00bfCu\u00e1l es el que favorece m\u00e1s seg\u00fan tu rostro? Descubre c\u00f3mo armonizar tu rostro gracias a...","robots":{"index":"index","follow":"follow","max-snippet":"max-snippet:-1","max-image-preview":"max-image-preview:large","max-video-preview":"max-video-preview:-1"},"canonical":"https:\/\/joseppons.com\/formacion\/tipos-de-barba\/","og_locale":"es_ES","og_type":"article","og_title":"Tipos de barba seg\u00fan tu rostro - Josep Pons Formaci\u00f3n","og_description":"\u00bfQu\u00e9 tipos de barba hay? \u00bfCu\u00e1l es el que favorece m\u00e1s seg\u00fan tu rostro? Descubre c\u00f3mo armonizar tu rostro gracias a...","og_url":"https:\/\/joseppons.com\/formacion\/tipos-de-barba\/","og_site_name":"Josep Pons Formaci\u00f3n","article_publisher":"https:\/\/es-es.facebook.com\/JosepPonsFormacio\/","article_published_time":"2022-05-05T10:40:50+00:00","article_modified_time":"2022-05-05T10:42:43+00:00","og_image":[{"width":1985,"height":1325,"url":"https:\/\/joseppons.com\/formacion\/wp-content\/uploads\/2022\/05\/tipos-de-barba.jpg","type":"image\/jpeg"}],"author":"Comunicaci\u00f3n","twitter_card":"summary_large_image","twitter_creator":"@josepponsimatge","twitter_site":"@josepponsimatge","twitter_misc":{"Escrito por":"Comunicaci\u00f3n","Tiempo de lectura":"6 minutos"},"schema":{"@context":"https:\/\/schema.org","@graph":[{"@type":"Article","@id":"https:\/\/joseppons.com\/formacion\/tipos-de-barba\/#article","isPartOf":{"@id":"https:\/\/joseppons.com\/formacion\/tipos-de-barba\/"},"author":{"name":"Comunicaci\u00f3n","@id":"https:\/\/joseppons.com\/formacion\/#\/schema\/person\/5bcd14ff97d0c75b868e8577fd59c2a4"},"headline":"Tipos de barba seg\u00fan tu rostro","datePublished":"2022-05-05T10:40:50+00:00","dateModified":"2022-05-05T10:42:43+00:00","mainEntityOfPage":{"@id":"https:\/\/joseppons.com\/formacion\/tipos-de-barba\/"},"wordCount":1131,"commentCount":0,"publisher":{"@id":"https:\/\/joseppons.com\/formacion\/#organization"},"image":{"@id":"https:\/\/joseppons.com\/formacion\/tipos-de-barba\/#primaryimage"},"thumbnailUrl":"https:\/\/joseppons.com\/formacion\/wp-content\/uploads\/2022\/05\/tipos-de-barba.jpg","keywords":["barba","barba corta","barba hipster","barba larga","barber shop","Barber\u00eda","barbershop","curso de barber\u00eda","forma de rostro","perilla","tendencias en barber\u00eda","tipos de cara","vello"],"articleSection":["Barber\u00eda","tendencias"],"inLanguage":"es","potentialAction":[{"@type":"CommentAction","name":"Comment","target":["https:\/\/joseppons.com\/formacion\/tipos-de-barba\/#respond"]}]},{"@type":"WebPage","@id":"https:\/\/joseppons.com\/formacion\/tipos-de-barba\/","url":"https:\/\/joseppons.com\/formacion\/tipos-de-barba\/","name":"Tipos de barba seg\u00fan tu rostro - Josep Pons Formaci\u00f3n","isPartOf":{"@id":"https:\/\/joseppons.com\/formacion\/#website"},"primaryImageOfPage":{"@id":"https:\/\/joseppons.com\/formacion\/tipos-de-barba\/#primaryimage"},"image":{"@id":"https:\/\/joseppons.com\/formacion\/tipos-de-barba\/#primaryimage"},"thumbnailUrl":"https:\/\/joseppons.com\/formacion\/wp-content\/uploads\/2022\/05\/tipos-de-barba.jpg","datePublished":"2022-05-05T10:40:50+00:00","dateModified":"2022-05-05T10:42:43+00:00","description":"\u00bfQu\u00e9 tipos de barba hay? \u00bfCu\u00e1l es el que favorece m\u00e1s seg\u00fan tu rostro? Descubre c\u00f3mo armonizar tu rostro gracias a...","breadcrumb":{"@id":"https:\/\/joseppons.com\/formacion\/tipos-de-barba\/#breadcrumb"},"inLanguage":"es","potentialAction":[{"@type":"ReadAction","target":["https:\/\/joseppons.com\/formacion\/tipos-de-barba\/"]}]},{"@type":"ImageObject","inLanguage":"es","@id":"https:\/\/joseppons.com\/formacion\/tipos-de-barba\/#primaryimage","url":"https:\/\/joseppons.com\/formacion\/wp-content\/uploads\/2022\/05\/tipos-de-barba.jpg","contentUrl":"https:\/\/joseppons.com\/formacion\/wp-content\/uploads\/2022\/05\/tipos-de-barba.jpg","width":1985,"height":1325,"caption":"tipos de barba"},{"@type":"BreadcrumbList","@id":"https:\/\/joseppons.com\/formacion\/tipos-de-barba\/#breadcrumb","itemListElement":[{"@type":"ListItem","position":1,"name":"Portada","item":"https:\/\/joseppons.com\/formacion\/"},{"@type":"ListItem","position":2,"name":"Tipos de barba seg\u00fan tu rostro"}]},{"@type":"WebSite","@id":"https:\/\/joseppons.com\/formacion\/#website","url":"https:\/\/joseppons.com\/formacion\/","name":"Josep Pons Formaci\u00f3n","description":"","publisher":{"@id":"https:\/\/joseppons.com\/formacion\/#organization"},"potentialAction":[{"@type":"SearchAction","target":{"@type":"EntryPoint","urlTemplate":"https:\/\/joseppons.com\/formacion\/?s={search_term_string}"},"query-input":{"@type":"PropertyValueSpecification","valueRequired":true,"valueName":"search_term_string"}}],"inLanguage":"es"},{"@type":"Organization","@id":"https:\/\/joseppons.com\/formacion\/#organization","name":"Josep Pons","url":"https:\/\/joseppons.com\/formacion\/","logo":{"@type":"ImageObject","inLanguage":"es","@id":"https:\/\/joseppons.com\/formacion\/#\/schema\/logo\/image\/","url":"https:\/\/joseppons.com\/formacion\/wp-content\/uploads\/2018\/09\/logotipo-home-josepponsformacio-1.png","contentUrl":"https:\/\/joseppons.com\/formacion\/wp-content\/uploads\/2018\/09\/logotipo-home-josepponsformacio-1.png","width":420,"height":280,"caption":"Josep Pons"},"image":{"@id":"https:\/\/joseppons.com\/formacion\/#\/schema\/logo\/image\/"},"sameAs":["https:\/\/es-es.facebook.com\/JosepPonsFormacio\/","https:\/\/x.com\/josepponsimatge","https:\/\/www.instagram.com\/ponsformacion\/"]},{"@type":"Person","@id":"https:\/\/joseppons.com\/formacion\/#\/schema\/person\/5bcd14ff97d0c75b868e8577fd59c2a4","name":"Comunicaci\u00f3n"}]}},"_links":{"self":[{"href":"https:\/\/joseppons.com\/formacion\/wp-json\/wp\/v2\/posts\/11354","targetHints":{"allow":["GET"]}}],"collection":[{"href":"https:\/\/joseppons.com\/formacion\/wp-json\/wp\/v2\/posts"}],"about":[{"href":"https:\/\/joseppons.com\/formacion\/wp-json\/wp\/v2\/types\/post"}],"author":[{"embeddable":true,"href":"https:\/\/joseppons.com\/formacion\/wp-json\/wp\/v2\/users\/6"}],"replies":[{"embeddable":true,"href":"https:\/\/joseppons.com\/formacion\/wp-json\/wp\/v2\/comments?post=11354"}],"version-history":[{"count":0,"href":"https:\/\/joseppons.com\/formacion\/wp-json\/wp\/v2\/posts\/11354\/revisions"}],"wp:featuredmedia":[{"embeddable":true,"href":"https:\/\/joseppons.com\/formacion\/wp-json\/wp\/v2\/media\/11356"}],"wp:attachment":[{"href":"https:\/\/joseppons.com\/formacion\/wp-json\/wp\/v2\/media?parent=11354"}],"wp:term":[{"taxonomy":"category","embeddable":true,"href":"https:\/\/joseppons.com\/formacion\/wp-json\/wp\/v2\/categories?post=11354"},{"taxonomy":"post_tag","embeddable":true,"href":"https:\/\/joseppons.com\/formacion\/wp-json\/wp\/v2\/tags?post=11354"}],"curies":[{"name":"wp","href":"https:\/\/api.w.org\/{rel}","templated":true}]}}