{"id":1027,"date":"2019-03-19T09:37:28","date_gmt":"2019-03-19T08:37:28","guid":{"rendered":"https:\/\/joseppons.com\/formacion\/?p=1027"},"modified":"2025-11-10T09:07:18","modified_gmt":"2025-11-10T08:07:18","slug":"tendencias-cortes-pelo-primavera-2019","status":"publish","type":"post","link":"https:\/\/joseppons.com\/formacion\/tendencias-cortes-pelo-primavera-2019\/","title":{"rendered":"Los cortes de pelo que estar\u00e1n de moda esta primavera 2019"},"content":{"rendered":"\t\t<div data-elementor-type=\"wp-post\" data-elementor-id=\"1027\" class=\"elementor elementor-1027\" data-elementor-post-type=\"post\">\n\t\t\t\t\t\t<section class=\"elementor-section elementor-top-section elementor-element elementor-element-5bf07d5 elementor-section-boxed elementor-section-height-default elementor-section-height-default\" data-id=\"5bf07d5\" data-element_type=\"section\">\n\t\t\t\t\t\t<div class=\"elementor-container elementor-column-gap-default\">\n\t\t\t\t\t<div class=\"elementor-column elementor-col-100 elementor-top-column elementor-element elementor-element-ed048f9\" data-id=\"ed048f9\" data-element_type=\"column\">\n\t\t\t<div class=\"elementor-widget-wrap elementor-element-populated\">\n\t\t\t\t\t\t<div class=\"elementor-element elementor-element-da82d4d elementor-widget elementor-widget-text-editor\" data-id=\"da82d4d\" data-element_type=\"widget\" data-widget_type=\"text-editor.default\">\n\t\t\t\t<div class=\"elementor-widget-container\">\n\t\t\t\t\t\t\t\t\t<p>Cuando la temperatura empieza a rozar los 20 grados y las calles ya huelen a primavera es se\u00f1al que ha llegado el buen tiempo y, con \u00e9l, el momento de <strong>cambiar de corte de pelo<\/strong>.<\/p><p>La primavera es la mejor \u00e9poca para dejar atr\u00e1s el invierno y darle un aire renovado a tu imagen. As\u00ed que si buscas un cambio de look para reinventar tu estilo, \u00e9ste es el mejor momento para lanzarte. Si no quieres perderte <strong>los cortes de pelo que ser\u00e1n tendencia este 2019<\/strong>, \u00a1sigue leyendo!<\/p>\t\t\t\t\t\t\t\t<\/div>\n\t\t\t\t<\/div>\n\t\t\t\t\t<\/div>\n\t\t<\/div>\n\t\t\t\t\t<\/div>\n\t\t<\/section>\n\t\t\t\t<section class=\"elementor-section elementor-top-section elementor-element elementor-element-b73d32a elementor-section-boxed elementor-section-height-default elementor-section-height-default\" data-id=\"b73d32a\" data-element_type=\"section\">\n\t\t\t\t\t\t<div class=\"elementor-container elementor-column-gap-default\">\n\t\t\t\t\t<div class=\"elementor-column elementor-col-100 elementor-top-column elementor-element elementor-element-695cbbc\" data-id=\"695cbbc\" data-element_type=\"column\">\n\t\t\t<div class=\"elementor-widget-wrap elementor-element-populated\">\n\t\t\t\t\t\t<div class=\"elementor-element elementor-element-15d47b9 elementor-widget elementor-widget-text-editor\" data-id=\"15d47b9\" data-element_type=\"widget\" data-widget_type=\"text-editor.default\">\n\t\t\t\t<div class=\"elementor-widget-container\">\n\t\t\t\t\t\t\t\t\t<ul><li><h2><strong>Corte de pelo bob<\/strong><\/h2><\/li><\/ul><p>El corte de pelo bob es el peinado que <strong>nunca pasa de moda<\/strong>.<\/p><p>Estos \u00faltimos a\u00f1os ha triunfado entre las influencers y celebrities m\u00e1s destacadas del momento, que lo han convertido en el nuevo objeto de deseo de muchas mujeres. Y no es de extra\u00f1ar, ya que es un <strong><a href=\"https:\/\/joseppons.com\/servicios\/peluqueria\/\">corte de pelo perfecto<\/a> para casi todos los tipos de rostro <\/strong>gracias a su gran versatilidad.<\/p><p>Nuestros profesionales en estilismo y peluquer\u00eda <strong>han seleccionado los estilos para llevar el corte de pelo bob <\/strong>que triunfar\u00e1n esta primavera:<\/p><ul><li><h3>El long bob<\/h3><\/li><\/ul><p>Si llevar el pelo corto no te convence demasiado pero tampoco eres de las que les gusta lucir una larga melena, siempre puedes optar por el long bob. Este corte de pelo <strong>tiene la longitud perfecta entre el pelo corto y largo<\/strong>, por lo que te permitir\u00e1 seguir haci\u00e9ndote peinados de cabello largo, como coletas, mo\u00f1os&#8230; y disfrutar de las ventajas del pelo corto.<\/p><p>La modelo Cara Delevingne, la <em>itgirl<\/em> Olivia Palermo o la actriz Blanca Su\u00e1rez, que son un referente y una fuente de inspiraci\u00f3n para muchas mujeres, han revolucionado el mundo de la moda con un lob sencillo que aporta mucho glamour a cualquier estilo:<\/p>\t\t\t\t\t\t\t\t<\/div>\n\t\t\t\t<\/div>\n\t\t\t\t\t<\/div>\n\t\t<\/div>\n\t\t\t\t\t<\/div>\n\t\t<\/section>\n\t\t\t\t<section class=\"elementor-section elementor-top-section elementor-element elementor-element-8fb5a74 elementor-section-boxed elementor-section-height-default elementor-section-height-default\" data-id=\"8fb5a74\" data-element_type=\"section\">\n\t\t\t\t\t\t<div class=\"elementor-container elementor-column-gap-default\">\n\t\t\t\t\t<div class=\"elementor-column elementor-col-100 elementor-top-column elementor-element elementor-element-3bd33e7\" data-id=\"3bd33e7\" data-element_type=\"column\">\n\t\t\t<div class=\"elementor-widget-wrap elementor-element-populated\">\n\t\t\t\t\t\t<div class=\"elementor-element elementor-element-347fb50 elementor-widget elementor-widget-image\" data-id=\"347fb50\" data-element_type=\"widget\" data-widget_type=\"image.default\">\n\t\t\t\t<div class=\"elementor-widget-container\">\n\t\t\t\t\t\t\t\t\t\t\t\t<figure class=\"wp-caption\">\n\t\t\t\t\t\t\t\t\t\t<img fetchpriority=\"high\" decoding=\"async\" width=\"640\" height=\"800\" src=\"https:\/\/joseppons.com\/formacion\/wp-content\/uploads\/2019\/03\/1.jpg\" class=\"attachment-large size-large wp-image-1029\" alt=\"Olivia Palermo Long bob\" \/>\t\t\t\t\t\t\t\t\t\t\t<figcaption class=\"widget-image-caption wp-caption-text\">Fuente: Instagram<\/figcaption>\n\t\t\t\t\t\t\t\t\t\t<\/figure>\n\t\t\t\t\t\t\t\t\t<\/div>\n\t\t\t\t<\/div>\n\t\t\t\t\t<\/div>\n\t\t<\/div>\n\t\t\t\t\t<\/div>\n\t\t<\/section>\n\t\t\t\t<section class=\"elementor-section elementor-top-section elementor-element elementor-element-15e865f elementor-section-boxed elementor-section-height-default elementor-section-height-default\" data-id=\"15e865f\" data-element_type=\"section\">\n\t\t\t\t\t\t<div class=\"elementor-container elementor-column-gap-default\">\n\t\t\t\t\t<div class=\"elementor-column elementor-col-100 elementor-top-column elementor-element elementor-element-b7fcbd2\" data-id=\"b7fcbd2\" data-element_type=\"column\">\n\t\t\t<div class=\"elementor-widget-wrap elementor-element-populated\">\n\t\t\t\t\t\t<div class=\"elementor-element elementor-element-036f294 elementor-widget elementor-widget-text-editor\" data-id=\"036f294\" data-element_type=\"widget\" data-widget_type=\"text-editor.default\">\n\t\t\t\t<div class=\"elementor-widget-container\">\n\t\t\t\t\t\t\t\t\t<ul><li><h3>El blunt bob<\/h3><\/li><\/ul><p>Las <strong>melenas cortas<\/strong> triunfan, y m\u00e1s en los estilos donde se consigue que el pelo no toque el hombro. El blunt bob, que destaca por ser un corte de cabello recto, a la altura del cuello, despuntado y sin capas ni desfilados, <strong>ha llegado para quedarse<\/strong>.<\/p><p>S\u00ed, el corte de pelo de Dua Lipa lo est\u00e1 petando en Instagram y promete ser el peinado del verano. Y es que el blunt bob es un corte tan vers\u00e1til que admite la raya al medio o a un lado, y que se puede llevar totalmente liso o con unas ondas muy suaves.<\/p><p>Comprobadlo vosotras mismas:<\/p>\t\t\t\t\t\t\t\t<\/div>\n\t\t\t\t<\/div>\n\t\t\t\t\t<\/div>\n\t\t<\/div>\n\t\t\t\t\t<\/div>\n\t\t<\/section>\n\t\t\t\t<section class=\"elementor-section elementor-top-section elementor-element elementor-element-0ea5584 elementor-section-boxed elementor-section-height-default elementor-section-height-default\" data-id=\"0ea5584\" data-element_type=\"section\">\n\t\t\t\t\t\t<div class=\"elementor-container elementor-column-gap-default\">\n\t\t\t\t\t<div class=\"elementor-column elementor-col-100 elementor-top-column elementor-element elementor-element-29cad07\" data-id=\"29cad07\" data-element_type=\"column\">\n\t\t\t<div class=\"elementor-widget-wrap elementor-element-populated\">\n\t\t\t\t\t\t<div class=\"elementor-element elementor-element-ebecb39 elementor-widget elementor-widget-image\" data-id=\"ebecb39\" data-element_type=\"widget\" data-widget_type=\"image.default\">\n\t\t\t\t<div class=\"elementor-widget-container\">\n\t\t\t\t\t\t\t\t\t\t\t\t<figure class=\"wp-caption\">\n\t\t\t\t\t\t\t\t\t\t<img decoding=\"async\" width=\"750\" height=\"900\" src=\"https:\/\/joseppons.com\/formacion\/wp-content\/uploads\/2019\/03\/2.jpg\" class=\"attachment-large size-large wp-image-1033\" alt=\"Blunt bob Dua Lipa\" \/>\t\t\t\t\t\t\t\t\t\t\t<figcaption class=\"widget-image-caption wp-caption-text\">Fuente:Instagram<\/figcaption>\n\t\t\t\t\t\t\t\t\t\t<\/figure>\n\t\t\t\t\t\t\t\t\t<\/div>\n\t\t\t\t<\/div>\n\t\t\t\t\t<\/div>\n\t\t<\/div>\n\t\t\t\t\t<\/div>\n\t\t<\/section>\n\t\t\t\t<section class=\"elementor-section elementor-top-section elementor-element elementor-element-c2d04c5 elementor-section-boxed elementor-section-height-default elementor-section-height-default\" data-id=\"c2d04c5\" data-element_type=\"section\">\n\t\t\t\t\t\t<div class=\"elementor-container elementor-column-gap-default\">\n\t\t\t\t\t<div class=\"elementor-column elementor-col-100 elementor-top-column elementor-element elementor-element-ad80ac5\" data-id=\"ad80ac5\" data-element_type=\"column\">\n\t\t\t<div class=\"elementor-widget-wrap elementor-element-populated\">\n\t\t\t\t\t\t<div class=\"elementor-element elementor-element-3481dab elementor-widget elementor-widget-text-editor\" data-id=\"3481dab\" data-element_type=\"widget\" data-widget_type=\"text-editor.default\">\n\t\t\t\t<div class=\"elementor-widget-container\">\n\t\t\t\t\t\t\t\t\t<ul><li><h3>El bob asim\u00e9trico<\/h3><\/li><\/ul><p>Este peinado consiste en llevar un corte de pelo asim\u00e9trico que se caracteriza por <strong>tener los laterales diferentes, es decir, uno m\u00e1s corto que el otro<\/strong>. Se trata de un corte que ayuda a dar volumen a toda la zona de la ra\u00edz y en los laterales.<\/p><p>Adem\u00e1s, gracias a su versatilidad se puede adaptar a todo tipo de rostros para<a href=\"https:\/\/joseppons.com\/formacion\/cursos-de-peluqueria\/\"> marcar o suavizar<\/a> m\u00e1s los rasgos.<\/p><p>Tal vez el bob asim\u00e9trico fue el corte de pelo del oto\u00f1o 2018, pero esta primavera seguir\u00e1 siendo una de las tendencias favoritas en cortes de pelo para mujeres. Y m\u00e1s con este estilo:<\/p>\t\t\t\t\t\t\t\t<\/div>\n\t\t\t\t<\/div>\n\t\t\t\t\t<\/div>\n\t\t<\/div>\n\t\t\t\t\t<\/div>\n\t\t<\/section>\n\t\t\t\t<section class=\"elementor-section elementor-top-section elementor-element elementor-element-f1a69f7 elementor-section-boxed elementor-section-height-default elementor-section-height-default\" data-id=\"f1a69f7\" data-element_type=\"section\">\n\t\t\t\t\t\t<div class=\"elementor-container elementor-column-gap-default\">\n\t\t\t\t\t<div class=\"elementor-column elementor-col-100 elementor-top-column elementor-element elementor-element-7b5cad1\" data-id=\"7b5cad1\" data-element_type=\"column\">\n\t\t\t<div class=\"elementor-widget-wrap elementor-element-populated\">\n\t\t\t\t\t\t<div class=\"elementor-element elementor-element-e12a22d elementor-widget elementor-widget-image\" data-id=\"e12a22d\" data-element_type=\"widget\" data-widget_type=\"image.default\">\n\t\t\t\t<div class=\"elementor-widget-container\">\n\t\t\t\t\t\t\t\t\t\t\t\t<figure class=\"wp-caption\">\n\t\t\t\t\t\t\t\t\t\t<img decoding=\"async\" width=\"1200\" height=\"1512\" src=\"https:\/\/joseppons.com\/formacion\/wp-content\/uploads\/2019\/03\/32166520cc72821421339afc2c5e7958.jpg\" class=\"attachment-large size-large wp-image-1175\" alt=\"ideas bob asimetrico\" srcset=\"https:\/\/joseppons.com\/formacion\/wp-content\/uploads\/2019\/03\/32166520cc72821421339afc2c5e7958.jpg 1200w, https:\/\/joseppons.com\/formacion\/wp-content\/uploads\/2019\/03\/32166520cc72821421339afc2c5e7958-768x968.jpg 768w\" sizes=\"(max-width: 1200px) 100vw, 1200px\" \/>\t\t\t\t\t\t\t\t\t\t\t<figcaption class=\"widget-image-caption wp-caption-text\">Fuente: Instagram<\/figcaption>\n\t\t\t\t\t\t\t\t\t\t<\/figure>\n\t\t\t\t\t\t\t\t\t<\/div>\n\t\t\t\t<\/div>\n\t\t\t\t\t<\/div>\n\t\t<\/div>\n\t\t\t\t\t<\/div>\n\t\t<\/section>\n\t\t\t\t<section class=\"elementor-section elementor-top-section elementor-element elementor-element-0346ccd elementor-section-boxed elementor-section-height-default elementor-section-height-default\" data-id=\"0346ccd\" data-element_type=\"section\">\n\t\t\t\t\t\t<div class=\"elementor-container elementor-column-gap-default\">\n\t\t\t\t\t<div class=\"elementor-column elementor-col-100 elementor-top-column elementor-element elementor-element-4da956f\" data-id=\"4da956f\" data-element_type=\"column\">\n\t\t\t<div class=\"elementor-widget-wrap elementor-element-populated\">\n\t\t\t\t\t\t<div class=\"elementor-element elementor-element-1226f4b elementor-widget elementor-widget-text-editor\" data-id=\"1226f4b\" data-element_type=\"widget\" data-widget_type=\"text-editor.default\">\n\t\t\t\t<div class=\"elementor-widget-container\">\n\t\t\t\t\t\t\t\t\t<ul><li><h2><strong>La melena midi larga <\/strong><\/h2><\/li><\/ul><p>Un cl\u00e1sico capaz de reinventarse a\u00f1o tras a\u00f1o. La melena midi larga <strong>destaca por adaptarse a cualquier <a href=\"https:\/\/joseppons.com\/formacion\/ciclos-formativos-de-asesoria-de-imagen\/\">rostro y tipo de cabello<\/a>,<\/strong> y por tener much\u00edsimas ventajas: cuenta con la<strong> comodidad<\/strong> de una melena corta y es <strong>muy favorecedora para el d\u00eda a d\u00eda. <\/strong><\/p><p>Adem\u00e1s, permite jugar con una infinidad de estilos. La hemos visto, por ejemplo, con unas ondas deshechas para conseguir un aire juvenil o con un aspecto m\u00e1s despeinado para ganar volumen:<\/p>\t\t\t\t\t\t\t\t<\/div>\n\t\t\t\t<\/div>\n\t\t\t\t\t<\/div>\n\t\t<\/div>\n\t\t\t\t\t<\/div>\n\t\t<\/section>\n\t\t\t\t<section class=\"elementor-section elementor-top-section elementor-element elementor-element-453cfb0 elementor-section-boxed elementor-section-height-default elementor-section-height-default\" data-id=\"453cfb0\" data-element_type=\"section\">\n\t\t\t\t\t\t<div class=\"elementor-container elementor-column-gap-default\">\n\t\t\t\t\t<div class=\"elementor-column elementor-col-100 elementor-top-column elementor-element elementor-element-d426a18\" data-id=\"d426a18\" data-element_type=\"column\">\n\t\t\t<div class=\"elementor-widget-wrap elementor-element-populated\">\n\t\t\t\t\t\t<div class=\"elementor-element elementor-element-1155950 elementor-widget elementor-widget-image\" data-id=\"1155950\" data-element_type=\"widget\" data-widget_type=\"image.default\">\n\t\t\t\t<div class=\"elementor-widget-container\">\n\t\t\t\t\t\t\t\t\t\t\t\t<figure class=\"wp-caption\">\n\t\t\t\t\t\t\t\t\t\t<img loading=\"lazy\" decoding=\"async\" width=\"1080\" height=\"1350\" src=\"https:\/\/joseppons.com\/formacion\/wp-content\/uploads\/2019\/03\/4.jpg\" class=\"attachment-large size-large wp-image-1037\" alt=\"melena midi larga\" srcset=\"https:\/\/joseppons.com\/formacion\/wp-content\/uploads\/2019\/03\/4.jpg 1080w, https:\/\/joseppons.com\/formacion\/wp-content\/uploads\/2019\/03\/4-768x960.jpg 768w\" sizes=\"(max-width: 1080px) 100vw, 1080px\" \/>\t\t\t\t\t\t\t\t\t\t\t<figcaption class=\"widget-image-caption wp-caption-text\">Fuente: Instagram<\/figcaption>\n\t\t\t\t\t\t\t\t\t\t<\/figure>\n\t\t\t\t\t\t\t\t\t<\/div>\n\t\t\t\t<\/div>\n\t\t\t\t\t<\/div>\n\t\t<\/div>\n\t\t\t\t\t<\/div>\n\t\t<\/section>\n\t\t\t\t<section class=\"elementor-section elementor-top-section elementor-element elementor-element-db36ff2 elementor-section-boxed elementor-section-height-default elementor-section-height-default\" data-id=\"db36ff2\" data-element_type=\"section\">\n\t\t\t\t\t\t<div class=\"elementor-container elementor-column-gap-default\">\n\t\t\t\t\t<div class=\"elementor-column elementor-col-100 elementor-top-column elementor-element elementor-element-62f219d\" data-id=\"62f219d\" data-element_type=\"column\">\n\t\t\t<div class=\"elementor-widget-wrap elementor-element-populated\">\n\t\t\t\t\t\t<div class=\"elementor-element elementor-element-82fa6e7 elementor-widget elementor-widget-text-editor\" data-id=\"82fa6e7\" data-element_type=\"widget\" data-widget_type=\"text-editor.default\">\n\t\t\t\t<div class=\"elementor-widget-container\">\n\t\t\t\t\t\t\t\t\t<ul><li><h2><strong>La melena XXL<\/strong><\/h2><\/li><\/ul><p>Primavera y verano no son sin\u00f3nimos de pelo corto.<\/p><p><strong>El pelo largo vuelve<\/strong>, sobretodo con melenas XXL como la de la modelo Sara Sampaio o de la actriz Blacke Lively.<\/p>\t\t\t\t\t\t\t\t<\/div>\n\t\t\t\t<\/div>\n\t\t\t\t\t<\/div>\n\t\t<\/div>\n\t\t\t\t\t<\/div>\n\t\t<\/section>\n\t\t\t\t<section class=\"elementor-section elementor-top-section elementor-element elementor-element-a9fd6c3 elementor-section-boxed elementor-section-height-default elementor-section-height-default\" data-id=\"a9fd6c3\" data-element_type=\"section\">\n\t\t\t\t\t\t<div class=\"elementor-container elementor-column-gap-default\">\n\t\t\t\t\t<div class=\"elementor-column elementor-col-100 elementor-top-column elementor-element elementor-element-68bfe61\" data-id=\"68bfe61\" data-element_type=\"column\">\n\t\t\t<div class=\"elementor-widget-wrap elementor-element-populated\">\n\t\t\t\t\t\t<div class=\"elementor-element elementor-element-b2e900e elementor-widget elementor-widget-image\" data-id=\"b2e900e\" data-element_type=\"widget\" data-widget_type=\"image.default\">\n\t\t\t\t<div class=\"elementor-widget-container\">\n\t\t\t\t\t\t\t\t\t\t\t\t<figure class=\"wp-caption\">\n\t\t\t\t\t\t\t\t\t\t<img loading=\"lazy\" decoding=\"async\" width=\"640\" height=\"640\" src=\"https:\/\/joseppons.com\/formacion\/wp-content\/uploads\/2019\/03\/5.jpg\" class=\"attachment-large size-large wp-image-1039\" alt=\"Blacke Lively\" \/>\t\t\t\t\t\t\t\t\t\t\t<figcaption class=\"widget-image-caption wp-caption-text\">Fuente: Instagram<\/figcaption>\n\t\t\t\t\t\t\t\t\t\t<\/figure>\n\t\t\t\t\t\t\t\t\t<\/div>\n\t\t\t\t<\/div>\n\t\t\t\t\t<\/div>\n\t\t<\/div>\n\t\t\t\t\t<\/div>\n\t\t<\/section>\n\t\t\t\t<section class=\"elementor-section elementor-top-section elementor-element elementor-element-45de011 elementor-section-boxed elementor-section-height-default elementor-section-height-default\" data-id=\"45de011\" data-element_type=\"section\">\n\t\t\t\t\t\t<div class=\"elementor-container elementor-column-gap-default\">\n\t\t\t\t\t<div class=\"elementor-column elementor-col-100 elementor-top-column elementor-element elementor-element-3fb9266\" data-id=\"3fb9266\" data-element_type=\"column\">\n\t\t\t<div class=\"elementor-widget-wrap elementor-element-populated\">\n\t\t\t\t\t\t<div class=\"elementor-element elementor-element-22c844b elementor-widget elementor-widget-text-editor\" data-id=\"22c844b\" data-element_type=\"widget\" data-widget_type=\"text-editor.default\">\n\t\t\t\t<div class=\"elementor-widget-container\">\n\t\t\t\t\t\t\t\t\t<p>Y es que<strong> la melena XXL es muy vers\u00e1til<\/strong>, ya que puedes llevarla con el m\u00edtico corte recto, con capas graduales de corto a largo, o con un acabado despuntado para ganar movimiento.<\/p><p>Eso s\u00ed, en todo momento deber\u00e1s seguir los consejos de <strong><a href=\"https:\/\/joseppons.com\/formacion\/grado-medio-de-estetica-y-belleza\/\">tu estilista<\/a><\/strong> en peluquer\u00eda, ya que para lucir una melena bonita y sana es imprescindible seguir rituales de cuidado a diario.<\/p>\t\t\t\t\t\t\t\t<\/div>\n\t\t\t\t<\/div>\n\t\t\t\t\t<\/div>\n\t\t<\/div>\n\t\t\t\t\t<\/div>\n\t\t<\/section>\n\t\t\t\t<section class=\"elementor-section elementor-top-section elementor-element elementor-element-2175b96 elementor-section-boxed elementor-section-height-default elementor-section-height-default\" data-id=\"2175b96\" data-element_type=\"section\">\n\t\t\t\t\t\t<div class=\"elementor-container elementor-column-gap-default\">\n\t\t\t\t\t<div class=\"elementor-column elementor-col-100 elementor-top-column elementor-element elementor-element-c9b836f\" data-id=\"c9b836f\" data-element_type=\"column\">\n\t\t\t<div class=\"elementor-widget-wrap elementor-element-populated\">\n\t\t\t\t\t\t<div class=\"elementor-element elementor-element-0c5d9dc elementor-widget elementor-widget-text-editor\" data-id=\"0c5d9dc\" data-element_type=\"widget\" data-widget_type=\"text-editor.default\">\n\t\t\t\t<div class=\"elementor-widget-container\">\n\t\t\t\t\t\t\t\t\t<ul><li><h2><strong>Corte para pelo rizado <\/strong><\/h2><\/li><\/ul><p>Actrices de series como <em>\u00c9lite<\/em> o <em>Vis a Vis <\/em>lo han dejado claro: la pr\u00f3xima temporada se llevar\u00e1n los <strong>cortes con muchos rizos.<\/strong> En pelo corto, largo, con rizos muy suaves, en melenas m\u00e1s alocadas y con mucho volumen, con capas poco definidas,&#8230;<\/p><p>Ahora que lo natural est\u00e1 de moda, \u00a1es el momento de sacar partido a tus rizos! Apuesta por <strong>un corte moldeable<\/strong>, aplica productos que hagan tus ondas m\u00e1s flexibles y utiliza peines de p\u00faa ancha, te ayudar\u00e1n a ganar volumen y conseguir un look m\u00e1s salvaje.<\/p><p>Mina El Hammani o Berta V\u00e1zquez son los ejemplos de c\u00f3mo puede ser uno de <strong>los cortes para pelo rizado m\u00e1s deseados y buscados para esta primavera: <\/strong><\/p>\t\t\t\t\t\t\t\t<\/div>\n\t\t\t\t<\/div>\n\t\t\t\t\t<\/div>\n\t\t<\/div>\n\t\t\t\t\t<\/div>\n\t\t<\/section>\n\t\t\t\t<section class=\"elementor-section elementor-top-section elementor-element elementor-element-410dd16 elementor-section-boxed elementor-section-height-default elementor-section-height-default\" data-id=\"410dd16\" data-element_type=\"section\">\n\t\t\t\t\t\t<div class=\"elementor-container elementor-column-gap-default\">\n\t\t\t\t\t<div class=\"elementor-column elementor-col-100 elementor-top-column elementor-element elementor-element-ff4abba\" data-id=\"ff4abba\" data-element_type=\"column\">\n\t\t\t<div class=\"elementor-widget-wrap elementor-element-populated\">\n\t\t\t\t\t\t<div class=\"elementor-element elementor-element-a499743 elementor-widget elementor-widget-image\" data-id=\"a499743\" data-element_type=\"widget\" data-widget_type=\"image.default\">\n\t\t\t\t<div class=\"elementor-widget-container\">\n\t\t\t\t\t\t\t\t\t\t\t\t<figure class=\"wp-caption\">\n\t\t\t\t\t\t\t\t\t\t<img loading=\"lazy\" decoding=\"async\" width=\"640\" height=\"799\" src=\"https:\/\/joseppons.com\/formacion\/wp-content\/uploads\/2019\/03\/6.jpg\" class=\"attachment-large size-large wp-image-1041\" alt=\"Mina El Hammani\" \/>\t\t\t\t\t\t\t\t\t\t\t<figcaption class=\"widget-image-caption wp-caption-text\">Fuente: Instagram<\/figcaption>\n\t\t\t\t\t\t\t\t\t\t<\/figure>\n\t\t\t\t\t\t\t\t\t<\/div>\n\t\t\t\t<\/div>\n\t\t\t\t\t<\/div>\n\t\t<\/div>\n\t\t\t\t\t<\/div>\n\t\t<\/section>\n\t\t\t\t<\/div>\n\t\t","protected":false},"excerpt":{"rendered":"<p>Cuando la temperatura empieza a rozar los 20 grados y las calles ya huelen a primavera es se\u00f1al que ha llegado el buen tiempo y, con \u00e9l, el momento de cambiar de corte de pelo. La primavera es la mejor \u00e9poca para dejar atr\u00e1s el invierno y darle un aire renovado a tu imagen. As\u00ed&#8230;<\/p>\n","protected":false},"author":2,"featured_media":1046,"comment_status":"open","ping_status":"closed","sticky":false,"template":"","format":"standard","meta":{"_joinchat":[],"footnotes":""},"categories":[6,7],"tags":[85,86,88,81,84,87,89,83,82,40],"class_list":["post-1027","post","type-post","status-publish","format-standard","has-post-thumbnail","hentry","category-actualidad","category-peluqueria","tag-blunt-bob","tag-bob-simetrico","tag-corte-pelo-rizdo","tag-cortes-de-pelo","tag-long-bob","tag-melena-midi-larga","tag-melena-xxl","tag-pelo-bob","tag-primavera-2019","tag-tendencias"],"yoast_head":"<!-- This site is optimized with the Yoast SEO plugin v26.7 - https:\/\/yoast.com\/wordpress\/plugins\/seo\/ -->\n<title>Los cortes de pelo que estar\u00e1n de moda esta primavera 2019 - Josep Pons Formaci\u00f3n<\/title>\n<meta name=\"description\" content=\"Las tendencias en cortes de pelo para \u00e9sta primavera 2019 ya han llegado a tu blog preferido y experto en peluquer\u00eda. Te explicamos los detalles...\" \/>\n<meta name=\"robots\" content=\"index, follow, max-snippet:-1, max-image-preview:large, max-video-preview:-1\" \/>\n<link rel=\"canonical\" href=\"https:\/\/joseppons.com\/formacion\/tendencias-cortes-pelo-primavera-2019\/\" \/>\n<meta property=\"og:locale\" content=\"es_ES\" \/>\n<meta property=\"og:type\" content=\"article\" \/>\n<meta property=\"og:title\" content=\"Los cortes de pelo que estar\u00e1n de moda esta primavera 2019 - Josep Pons Formaci\u00f3n\" \/>\n<meta property=\"og:description\" content=\"Las tendencias en cortes de pelo para \u00e9sta primavera 2019 ya han llegado a tu blog preferido y experto en peluquer\u00eda. Te explicamos los detalles...\" \/>\n<meta property=\"og:url\" content=\"https:\/\/joseppons.com\/formacion\/tendencias-cortes-pelo-primavera-2019\/\" \/>\n<meta property=\"og:site_name\" content=\"Josep Pons Formaci\u00f3n\" \/>\n<meta property=\"article:publisher\" content=\"https:\/\/es-es.facebook.com\/JosepPonsFormacio\/\" \/>\n<meta property=\"article:published_time\" content=\"2019-03-19T08:37:28+00:00\" \/>\n<meta property=\"article:modified_time\" content=\"2025-11-10T08:07:18+00:00\" \/>\n<meta property=\"og:image\" content=\"https:\/\/joseppons.com\/formacion\/wp-content\/uploads\/2019\/03\/CABECERA.jpeg\" \/>\n\t<meta property=\"og:image:width\" content=\"1260\" \/>\n\t<meta property=\"og:image:height\" content=\"1152\" \/>\n\t<meta property=\"og:image:type\" content=\"image\/jpeg\" \/>\n<meta name=\"author\" content=\"joseppons\" \/>\n<meta name=\"twitter:card\" content=\"summary_large_image\" \/>\n<meta name=\"twitter:creator\" content=\"@josepponsimatge\" \/>\n<meta name=\"twitter:site\" content=\"@josepponsimatge\" \/>\n<meta name=\"twitter:label1\" content=\"Escrito por\" \/>\n\t<meta name=\"twitter:data1\" content=\"joseppons\" \/>\n\t<meta name=\"twitter:label2\" content=\"Tiempo de lectura\" \/>\n\t<meta name=\"twitter:data2\" content=\"5 minutos\" \/>\n<script type=\"application\/ld+json\" class=\"yoast-schema-graph\">{\"@context\":\"https:\/\/schema.org\",\"@graph\":[{\"@type\":\"Article\",\"@id\":\"https:\/\/joseppons.com\/formacion\/tendencias-cortes-pelo-primavera-2019\/#article\",\"isPartOf\":{\"@id\":\"https:\/\/joseppons.com\/formacion\/tendencias-cortes-pelo-primavera-2019\/\"},\"author\":{\"name\":\"joseppons\",\"@id\":\"https:\/\/joseppons.com\/formacion\/#\/schema\/person\/52350c76759824d67ee4b9d948063ed1\"},\"headline\":\"Los cortes de pelo que estar\u00e1n de moda esta primavera 2019\",\"datePublished\":\"2019-03-19T08:37:28+00:00\",\"dateModified\":\"2025-11-10T08:07:18+00:00\",\"mainEntityOfPage\":{\"@id\":\"https:\/\/joseppons.com\/formacion\/tendencias-cortes-pelo-primavera-2019\/\"},\"wordCount\":860,\"commentCount\":1,\"publisher\":{\"@id\":\"https:\/\/joseppons.com\/formacion\/#organization\"},\"image\":{\"@id\":\"https:\/\/joseppons.com\/formacion\/tendencias-cortes-pelo-primavera-2019\/#primaryimage\"},\"thumbnailUrl\":\"https:\/\/joseppons.com\/formacion\/wp-content\/uploads\/2019\/03\/CABECERA.jpeg\",\"keywords\":[\"blunt bob\",\"bob simetrico\",\"corte pelo rizdo\",\"cortes de pelo\",\"long bob\",\"melena midi larga\",\"melena XXL\",\"pelo bob\",\"primavera 2019\",\"tendencias\"],\"articleSection\":[\"Actualidad\",\"Peluquer\u00eda\"],\"inLanguage\":\"es\",\"potentialAction\":[{\"@type\":\"CommentAction\",\"name\":\"Comment\",\"target\":[\"https:\/\/joseppons.com\/formacion\/tendencias-cortes-pelo-primavera-2019\/#respond\"]}]},{\"@type\":\"WebPage\",\"@id\":\"https:\/\/joseppons.com\/formacion\/tendencias-cortes-pelo-primavera-2019\/\",\"url\":\"https:\/\/joseppons.com\/formacion\/tendencias-cortes-pelo-primavera-2019\/\",\"name\":\"Los cortes de pelo que estar\u00e1n de moda esta primavera 2019 - Josep Pons Formaci\u00f3n\",\"isPartOf\":{\"@id\":\"https:\/\/joseppons.com\/formacion\/#website\"},\"primaryImageOfPage\":{\"@id\":\"https:\/\/joseppons.com\/formacion\/tendencias-cortes-pelo-primavera-2019\/#primaryimage\"},\"image\":{\"@id\":\"https:\/\/joseppons.com\/formacion\/tendencias-cortes-pelo-primavera-2019\/#primaryimage\"},\"thumbnailUrl\":\"https:\/\/joseppons.com\/formacion\/wp-content\/uploads\/2019\/03\/CABECERA.jpeg\",\"datePublished\":\"2019-03-19T08:37:28+00:00\",\"dateModified\":\"2025-11-10T08:07:18+00:00\",\"description\":\"Las tendencias en cortes de pelo para \u00e9sta primavera 2019 ya han llegado a tu blog preferido y experto en peluquer\u00eda. Te explicamos los detalles...\",\"breadcrumb\":{\"@id\":\"https:\/\/joseppons.com\/formacion\/tendencias-cortes-pelo-primavera-2019\/#breadcrumb\"},\"inLanguage\":\"es\",\"potentialAction\":[{\"@type\":\"ReadAction\",\"target\":[\"https:\/\/joseppons.com\/formacion\/tendencias-cortes-pelo-primavera-2019\/\"]}]},{\"@type\":\"ImageObject\",\"inLanguage\":\"es\",\"@id\":\"https:\/\/joseppons.com\/formacion\/tendencias-cortes-pelo-primavera-2019\/#primaryimage\",\"url\":\"https:\/\/joseppons.com\/formacion\/wp-content\/uploads\/2019\/03\/CABECERA.jpeg\",\"contentUrl\":\"https:\/\/joseppons.com\/formacion\/wp-content\/uploads\/2019\/03\/CABECERA.jpeg\",\"width\":1260,\"height\":1152,\"caption\":\"tendencias en peluquer\u00eda josep Pons 2019\"},{\"@type\":\"BreadcrumbList\",\"@id\":\"https:\/\/joseppons.com\/formacion\/tendencias-cortes-pelo-primavera-2019\/#breadcrumb\",\"itemListElement\":[{\"@type\":\"ListItem\",\"position\":1,\"name\":\"Portada\",\"item\":\"https:\/\/joseppons.com\/formacion\/\"},{\"@type\":\"ListItem\",\"position\":2,\"name\":\"Los cortes de pelo que estar\u00e1n de moda esta primavera 2019\"}]},{\"@type\":\"WebSite\",\"@id\":\"https:\/\/joseppons.com\/formacion\/#website\",\"url\":\"https:\/\/joseppons.com\/formacion\/\",\"name\":\"Josep Pons Formaci\u00f3n\",\"description\":\"\",\"publisher\":{\"@id\":\"https:\/\/joseppons.com\/formacion\/#organization\"},\"potentialAction\":[{\"@type\":\"SearchAction\",\"target\":{\"@type\":\"EntryPoint\",\"urlTemplate\":\"https:\/\/joseppons.com\/formacion\/?s={search_term_string}\"},\"query-input\":{\"@type\":\"PropertyValueSpecification\",\"valueRequired\":true,\"valueName\":\"search_term_string\"}}],\"inLanguage\":\"es\"},{\"@type\":\"Organization\",\"@id\":\"https:\/\/joseppons.com\/formacion\/#organization\",\"name\":\"Josep Pons\",\"url\":\"https:\/\/joseppons.com\/formacion\/\",\"logo\":{\"@type\":\"ImageObject\",\"inLanguage\":\"es\",\"@id\":\"https:\/\/joseppons.com\/formacion\/#\/schema\/logo\/image\/\",\"url\":\"https:\/\/joseppons.com\/formacion\/wp-content\/uploads\/2018\/09\/logotipo-home-josepponsformacio-1.png\",\"contentUrl\":\"https:\/\/joseppons.com\/formacion\/wp-content\/uploads\/2018\/09\/logotipo-home-josepponsformacio-1.png\",\"width\":420,\"height\":280,\"caption\":\"Josep Pons\"},\"image\":{\"@id\":\"https:\/\/joseppons.com\/formacion\/#\/schema\/logo\/image\/\"},\"sameAs\":[\"https:\/\/es-es.facebook.com\/JosepPonsFormacio\/\",\"https:\/\/x.com\/josepponsimatge\",\"https:\/\/www.instagram.com\/ponsformacion\/\"]},{\"@type\":\"Person\",\"@id\":\"https:\/\/joseppons.com\/formacion\/#\/schema\/person\/52350c76759824d67ee4b9d948063ed1\",\"name\":\"joseppons\"}]}<\/script>\n<!-- \/ Yoast SEO plugin. -->","yoast_head_json":{"title":"Los cortes de pelo que estar\u00e1n de moda esta primavera 2019 - Josep Pons Formaci\u00f3n","description":"Las tendencias en cortes de pelo para \u00e9sta primavera 2019 ya han llegado a tu blog preferido y experto en peluquer\u00eda. Te explicamos los detalles...","robots":{"index":"index","follow":"follow","max-snippet":"max-snippet:-1","max-image-preview":"max-image-preview:large","max-video-preview":"max-video-preview:-1"},"canonical":"https:\/\/joseppons.com\/formacion\/tendencias-cortes-pelo-primavera-2019\/","og_locale":"es_ES","og_type":"article","og_title":"Los cortes de pelo que estar\u00e1n de moda esta primavera 2019 - Josep Pons Formaci\u00f3n","og_description":"Las tendencias en cortes de pelo para \u00e9sta primavera 2019 ya han llegado a tu blog preferido y experto en peluquer\u00eda. Te explicamos los detalles...","og_url":"https:\/\/joseppons.com\/formacion\/tendencias-cortes-pelo-primavera-2019\/","og_site_name":"Josep Pons Formaci\u00f3n","article_publisher":"https:\/\/es-es.facebook.com\/JosepPonsFormacio\/","article_published_time":"2019-03-19T08:37:28+00:00","article_modified_time":"2025-11-10T08:07:18+00:00","og_image":[{"width":1260,"height":1152,"url":"https:\/\/joseppons.com\/formacion\/wp-content\/uploads\/2019\/03\/CABECERA.jpeg","type":"image\/jpeg"}],"author":"joseppons","twitter_card":"summary_large_image","twitter_creator":"@josepponsimatge","twitter_site":"@josepponsimatge","twitter_misc":{"Escrito por":"joseppons","Tiempo de lectura":"5 minutos"},"schema":{"@context":"https:\/\/schema.org","@graph":[{"@type":"Article","@id":"https:\/\/joseppons.com\/formacion\/tendencias-cortes-pelo-primavera-2019\/#article","isPartOf":{"@id":"https:\/\/joseppons.com\/formacion\/tendencias-cortes-pelo-primavera-2019\/"},"author":{"name":"joseppons","@id":"https:\/\/joseppons.com\/formacion\/#\/schema\/person\/52350c76759824d67ee4b9d948063ed1"},"headline":"Los cortes de pelo que estar\u00e1n de moda esta primavera 2019","datePublished":"2019-03-19T08:37:28+00:00","dateModified":"2025-11-10T08:07:18+00:00","mainEntityOfPage":{"@id":"https:\/\/joseppons.com\/formacion\/tendencias-cortes-pelo-primavera-2019\/"},"wordCount":860,"commentCount":1,"publisher":{"@id":"https:\/\/joseppons.com\/formacion\/#organization"},"image":{"@id":"https:\/\/joseppons.com\/formacion\/tendencias-cortes-pelo-primavera-2019\/#primaryimage"},"thumbnailUrl":"https:\/\/joseppons.com\/formacion\/wp-content\/uploads\/2019\/03\/CABECERA.jpeg","keywords":["blunt bob","bob simetrico","corte pelo rizdo","cortes de pelo","long bob","melena midi larga","melena XXL","pelo bob","primavera 2019","tendencias"],"articleSection":["Actualidad","Peluquer\u00eda"],"inLanguage":"es","potentialAction":[{"@type":"CommentAction","name":"Comment","target":["https:\/\/joseppons.com\/formacion\/tendencias-cortes-pelo-primavera-2019\/#respond"]}]},{"@type":"WebPage","@id":"https:\/\/joseppons.com\/formacion\/tendencias-cortes-pelo-primavera-2019\/","url":"https:\/\/joseppons.com\/formacion\/tendencias-cortes-pelo-primavera-2019\/","name":"Los cortes de pelo que estar\u00e1n de moda esta primavera 2019 - Josep Pons Formaci\u00f3n","isPartOf":{"@id":"https:\/\/joseppons.com\/formacion\/#website"},"primaryImageOfPage":{"@id":"https:\/\/joseppons.com\/formacion\/tendencias-cortes-pelo-primavera-2019\/#primaryimage"},"image":{"@id":"https:\/\/joseppons.com\/formacion\/tendencias-cortes-pelo-primavera-2019\/#primaryimage"},"thumbnailUrl":"https:\/\/joseppons.com\/formacion\/wp-content\/uploads\/2019\/03\/CABECERA.jpeg","datePublished":"2019-03-19T08:37:28+00:00","dateModified":"2025-11-10T08:07:18+00:00","description":"Las tendencias en cortes de pelo para \u00e9sta primavera 2019 ya han llegado a tu blog preferido y experto en peluquer\u00eda. Te explicamos los detalles...","breadcrumb":{"@id":"https:\/\/joseppons.com\/formacion\/tendencias-cortes-pelo-primavera-2019\/#breadcrumb"},"inLanguage":"es","potentialAction":[{"@type":"ReadAction","target":["https:\/\/joseppons.com\/formacion\/tendencias-cortes-pelo-primavera-2019\/"]}]},{"@type":"ImageObject","inLanguage":"es","@id":"https:\/\/joseppons.com\/formacion\/tendencias-cortes-pelo-primavera-2019\/#primaryimage","url":"https:\/\/joseppons.com\/formacion\/wp-content\/uploads\/2019\/03\/CABECERA.jpeg","contentUrl":"https:\/\/joseppons.com\/formacion\/wp-content\/uploads\/2019\/03\/CABECERA.jpeg","width":1260,"height":1152,"caption":"tendencias en peluquer\u00eda josep Pons 2019"},{"@type":"BreadcrumbList","@id":"https:\/\/joseppons.com\/formacion\/tendencias-cortes-pelo-primavera-2019\/#breadcrumb","itemListElement":[{"@type":"ListItem","position":1,"name":"Portada","item":"https:\/\/joseppons.com\/formacion\/"},{"@type":"ListItem","position":2,"name":"Los cortes de pelo que estar\u00e1n de moda esta primavera 2019"}]},{"@type":"WebSite","@id":"https:\/\/joseppons.com\/formacion\/#website","url":"https:\/\/joseppons.com\/formacion\/","name":"Josep Pons Formaci\u00f3n","description":"","publisher":{"@id":"https:\/\/joseppons.com\/formacion\/#organization"},"potentialAction":[{"@type":"SearchAction","target":{"@type":"EntryPoint","urlTemplate":"https:\/\/joseppons.com\/formacion\/?s={search_term_string}"},"query-input":{"@type":"PropertyValueSpecification","valueRequired":true,"valueName":"search_term_string"}}],"inLanguage":"es"},{"@type":"Organization","@id":"https:\/\/joseppons.com\/formacion\/#organization","name":"Josep Pons","url":"https:\/\/joseppons.com\/formacion\/","logo":{"@type":"ImageObject","inLanguage":"es","@id":"https:\/\/joseppons.com\/formacion\/#\/schema\/logo\/image\/","url":"https:\/\/joseppons.com\/formacion\/wp-content\/uploads\/2018\/09\/logotipo-home-josepponsformacio-1.png","contentUrl":"https:\/\/joseppons.com\/formacion\/wp-content\/uploads\/2018\/09\/logotipo-home-josepponsformacio-1.png","width":420,"height":280,"caption":"Josep Pons"},"image":{"@id":"https:\/\/joseppons.com\/formacion\/#\/schema\/logo\/image\/"},"sameAs":["https:\/\/es-es.facebook.com\/JosepPonsFormacio\/","https:\/\/x.com\/josepponsimatge","https:\/\/www.instagram.com\/ponsformacion\/"]},{"@type":"Person","@id":"https:\/\/joseppons.com\/formacion\/#\/schema\/person\/52350c76759824d67ee4b9d948063ed1","name":"joseppons"}]}},"_links":{"self":[{"href":"https:\/\/joseppons.com\/formacion\/wp-json\/wp\/v2\/posts\/1027","targetHints":{"allow":["GET"]}}],"collection":[{"href":"https:\/\/joseppons.com\/formacion\/wp-json\/wp\/v2\/posts"}],"about":[{"href":"https:\/\/joseppons.com\/formacion\/wp-json\/wp\/v2\/types\/post"}],"author":[{"embeddable":true,"href":"https:\/\/joseppons.com\/formacion\/wp-json\/wp\/v2\/users\/2"}],"replies":[{"embeddable":true,"href":"https:\/\/joseppons.com\/formacion\/wp-json\/wp\/v2\/comments?post=1027"}],"version-history":[{"count":3,"href":"https:\/\/joseppons.com\/formacion\/wp-json\/wp\/v2\/posts\/1027\/revisions"}],"predecessor-version":[{"id":18930,"href":"https:\/\/joseppons.com\/formacion\/wp-json\/wp\/v2\/posts\/1027\/revisions\/18930"}],"wp:featuredmedia":[{"embeddable":true,"href":"https:\/\/joseppons.com\/formacion\/wp-json\/wp\/v2\/media\/1046"}],"wp:attachment":[{"href":"https:\/\/joseppons.com\/formacion\/wp-json\/wp\/v2\/media?parent=1027"}],"wp:term":[{"taxonomy":"category","embeddable":true,"href":"https:\/\/joseppons.com\/formacion\/wp-json\/wp\/v2\/categories?post=1027"},{"taxonomy":"post_tag","embeddable":true,"href":"https:\/\/joseppons.com\/formacion\/wp-json\/wp\/v2\/tags?post=1027"}],"curies":[{"name":"wp","href":"https:\/\/api.w.org\/{rel}","templated":true}]}}