{"id":1,"date":"2019-01-03T11:57:11","date_gmt":"2019-01-03T10:57:11","guid":{"rendered":"https:\/\/joseppons.com\/formacion\/?p=1"},"modified":"2025-11-10T09:10:44","modified_gmt":"2025-11-10T08:10:44","slug":"coloraciones-pelo-deseadas-2019","status":"publish","type":"post","link":"https:\/\/joseppons.com\/formacion\/coloraciones-pelo-deseadas-2019\/","title":{"rendered":"Las t\u00e9cnicas y coloraciones para el pelo que desear\u00e1s este 2019"},"content":{"rendered":"\t\t<div data-elementor-type=\"wp-post\" data-elementor-id=\"1\" class=\"elementor elementor-1\" data-elementor-post-type=\"post\">\n\t\t\t\t\t\t<section class=\"elementor-section elementor-top-section elementor-element elementor-element-3737f3eb elementor-section-boxed elementor-section-height-default elementor-section-height-default\" data-id=\"3737f3eb\" data-element_type=\"section\">\n\t\t\t\t\t\t<div class=\"elementor-container elementor-column-gap-default\">\n\t\t\t\t\t<div class=\"elementor-column elementor-col-100 elementor-top-column elementor-element elementor-element-62dc841e\" data-id=\"62dc841e\" data-element_type=\"column\">\n\t\t\t<div class=\"elementor-widget-wrap elementor-element-populated\">\n\t\t\t\t\t\t<div class=\"elementor-element elementor-element-4541f338 elementor-widget elementor-widget-text-editor\" data-id=\"4541f338\" data-element_type=\"widget\" data-widget_type=\"text-editor.default\">\n\t\t\t\t<div class=\"elementor-widget-container\">\n\t\t\t\t\t\t\t\t\t<p><a href=\"https:\/\/www.instagram.com\/ponsformacion\/\">Instagram<\/a> y Pinterest han revolucionado el mundo de la peluquer\u00eda.<\/p><p>Muchas mujeres buscan la <strong>inspiraci\u00f3n en estas redes sociales<\/strong>, por lo que se han convertido en el mejor escaparate para conocer <a href=\"https:\/\/joseppons.com\/formacion\/asesoria-de-imagen\/\"><strong>nuevas t\u00e9cnicas<\/strong><\/a> y en la herramienta m\u00e1s fiable para determinar las nuevas tendencias de coloraci\u00f3n para el pelo.<\/p><p>As\u00ed que despu\u00e9s de <strong>analizar detalladamente cada look<\/strong> que se comparte en Internet, observar las <strong>propuestas de moda<\/strong> de cada pasarela y <strong>repasar todos los estilo<\/strong><b>s<\/b> que creamos en nuestros salones <a href=\"https:\/\/joseppons.com\/\"><strong>Josep Pons<\/strong><\/a>, hemos reunido todas <strong>las t\u00e9cnicas y coloraciones para el pelo<\/strong> que estar\u00e1n de moda este 2019 con todo lo que debes saber sobre ellas.<\/p><p>Si quieres coger impulso y cambiar de rumbo este 2019\u2026 \u00a1atenci\u00f3n a estas t\u00e9cnicas y coloraciones!<\/p><p>Los rubios y todas sus variaciones seguir\u00e1n liderando el <strong>r\u00e1nking en coloraciones para el pelo<\/strong>, y <strong>t\u00e9cnicas<\/strong> como <a href=\"https:\/\/joseppons.com\/servicios\/peluqueria\/\"><strong>las mechas balayage<\/strong><\/a> demostrar\u00e1n (un a\u00f1o m\u00e1s) por qu\u00e9 les pertenece el trono.<\/p><p><strong><em>\u00a0<\/em><\/strong><\/p><ul><li><h2><strong>Mechas balayage:<\/strong><\/h2><\/li><\/ul><p>Son las reinas de la coloraci\u00f3n.<\/p><p>Este a\u00f1o se han convertido en<a href=\"https:\/\/joseppons.com\/servicios\/peluqueria\/\"><strong> uno de los servicios m\u00e1s demandados<\/strong><\/a> en la mayor\u00eda de <a href=\"https:\/\/joseppons.com\/servicios\/centros\/\"><strong>peluquer\u00edas de Espa\u00f1a<\/strong><\/a> y parece que este 2019 no van a dejar de serlo, ya que son la mejor t\u00e9cnica para a\u00f1adir destellos de luz a cualquier melena de manera natural o con contrastes muy marcados.<\/p><p>Adem\u00e1s, <strong>las mechas balayage<\/strong> son muy f\u00e1ciles de mantener, son <strong>aptas para todos los cabellos<\/strong>, iluminan el rostro y pueden llegar a jugar con una <strong>gran variedad de tonos<\/strong>.<\/p><ul><li><h2><strong>Rubios fr\u00edos<\/strong><\/h2><\/li><\/ul><p>Los <strong>colores fr\u00edos<\/strong> seguir\u00e1n triunfando este 2019.<\/p><p>Lo har\u00e1n sobretodo <strong>los rubios y los platinos<\/strong>, que se presentan como la mejor elecci\u00f3n para empezar el a\u00f1o con un cambio de look, ya que permiten jugar con una gran variedad de tonalidades que aportan mucho car\u00e1cter y personalidad.<\/p><ul><li><h2><strong>Mechas bronde<\/strong><\/h2><\/li><\/ul><p>Va a convertirse en la tendencia en <a href=\"https:\/\/joseppons.com\/servicios\/peluqueria\/\"><strong>coloraci\u00f3n capilar favorita<\/strong><\/a> para casta\u00f1as este 2019.<\/p><p>Las mechas bronde <strong>son la fusi\u00f3n del pelo casta\u00f1o<\/strong> (Brunette) <strong>y el pelo rubio<\/strong> (Blonde), la forma perfecta de ser rubia sin dejar el moreno de lado.<\/p><p>Su \u00e9xito se debe a que iluminan de una manera muy natural las melenas oscuras, consiguiendo as\u00ed unas mechas que parecen reflejos del sol.<\/p><p>Esta t\u00e9cnica consiste en <strong>decolorar una parte del cabello<\/strong> para conseguir tonalidades m\u00e1s profundas.<\/p><ul><li><h2><strong>Mechas ombr\u00e9<\/strong><\/h2><\/li><\/ul><p>Si quieres<strong> iluminar tu melena casta\u00f1a<\/strong> pero te da miedo <strong>perder la naturalidad de tu pelo<\/strong>, las <strong>mechas ombr\u00e9<\/strong> son los que necesitas.<\/p><p>Se trata de una de las t\u00e9cnicas de coloraci\u00f3n m\u00e1s sutil para dar luz al pelo, ya que consigue un efecto de aclarado gradual que ilumina las puntas de manera arm\u00f3nica.<\/p><p>Esta t\u00e9cnica se trabaja con dos tonos al mismo tiempo, y en algunas ocasiones se combina con una decoloraci\u00f3n.<\/p><ul><li><h2><strong>El tono ronze<\/strong><\/h2><\/li><\/ul><p>Las mechas en color ronze <strong>van a competir por llevarse el protagonismo<\/strong> de las pelirrojas este 2019.<\/p><p>Se trata de un <strong>tono bicolor<\/strong> que se logra <strong>creando una base rojiza<\/strong> combinada con reflejos cobrizos.<\/p><ul><li><h2><strong>Mechas color caramelo<\/strong><\/h2><\/li><\/ul><p>Son unas <strong>mechas perfectas para el pelo oscuro<\/strong>, ya que juegan con una gran variedad de tonos dorados y beige que endulzan la melena de manera muy sutil.<\/p><p>Y es que el color caramelo es muy personalizable, ya que <strong>se puede aplicar tanto en tonos c\u00e1lidos como fr\u00edos<\/strong>, un hecho que lo convierte en un tipo de coloraci\u00f3n que favorece a todo el mundo.<\/p><p>Adem\u00e1s, este tipo de coloraciones son ideales para cabellos finos porque a\u00f1aden un efecto de m\u00e1s volumen y movimiento.<\/p><p>Sin embargo, si quieres probar alguna de estas tendencias \u00a1no te olvides de visitar antes a tu especialista de confianza para conseguir un look a medida!<\/p>\t\t\t\t\t\t\t\t<\/div>\n\t\t\t\t<\/div>\n\t\t\t\t\t<\/div>\n\t\t<\/div>\n\t\t\t\t\t<\/div>\n\t\t<\/section>\n\t\t\t\t<\/div>\n\t\t","protected":false},"excerpt":{"rendered":"<p>Instagram y Pinterest han revolucionado el mundo de la peluquer\u00eda. Muchas mujeres buscan la inspiraci\u00f3n en estas redes sociales, por lo que se han convertido en el mejor escaparate para conocer nuevas t\u00e9cnicas y en la herramienta m\u00e1s fiable para determinar las nuevas tendencias de coloraci\u00f3n para el pelo. As\u00ed que despu\u00e9s de analizar detalladamente&#8230;<\/p>\n","protected":false},"author":2,"featured_media":211,"comment_status":"open","ping_status":"closed","sticky":false,"template":"","format":"standard","meta":{"_joinchat":[],"footnotes":""},"categories":[6,7,13],"tags":[17,22,15,19,20,16,18,14,21],"class_list":["post-1","post","type-post","status-publish","format-standard","has-post-thumbnail","hentry","category-actualidad","category-peluqueria","category-tecnicas-y-coloraciones","tag-balaye","tag-color-caramelo","tag-mechas","tag-mechas-bronde","tag-ombre","tag-peluqueria","tag-rubio-platino","tag-tecnicas-y-coloraciones","tag-tono-ronce"],"yoast_head":"<!-- This site is optimized with the Yoast SEO plugin v26.7 - https:\/\/yoast.com\/wordpress\/plugins\/seo\/ -->\n<title>Las t\u00e9cnicas y coloraciones para el pelo que desear\u00e1s este 2019<\/title>\n<meta name=\"description\" content=\"Los rubios y todas sus variaciones seguir\u00e1n liderando el r\u00e1nking en coloraciones para el pelo; \u00bfQuieres saber cu\u00e1les son nuestras propuestas?\u00a1Te ayudamos!\" \/>\n<meta name=\"robots\" content=\"index, follow, max-snippet:-1, max-image-preview:large, max-video-preview:-1\" \/>\n<link rel=\"canonical\" href=\"https:\/\/joseppons.com\/formacion\/coloraciones-pelo-deseadas-2019\/\" \/>\n<meta property=\"og:locale\" content=\"es_ES\" \/>\n<meta property=\"og:type\" content=\"article\" \/>\n<meta property=\"og:title\" content=\"Las t\u00e9cnicas y coloraciones para el pelo que desear\u00e1s este 2019\" \/>\n<meta property=\"og:description\" content=\"Los rubios y todas sus variaciones seguir\u00e1n liderando el r\u00e1nking en coloraciones para el pelo; \u00bfQuieres saber cu\u00e1les son nuestras propuestas?\u00a1Te ayudamos!\" \/>\n<meta property=\"og:url\" content=\"https:\/\/joseppons.com\/formacion\/coloraciones-pelo-deseadas-2019\/\" \/>\n<meta property=\"og:site_name\" content=\"Josep Pons Formaci\u00f3n\" \/>\n<meta property=\"article:publisher\" content=\"https:\/\/es-es.facebook.com\/JosepPonsFormacio\/\" \/>\n<meta property=\"article:published_time\" content=\"2019-01-03T10:57:11+00:00\" \/>\n<meta property=\"article:modified_time\" content=\"2025-11-10T08:10:44+00:00\" \/>\n<meta property=\"og:image\" content=\"https:\/\/joseppons.com\/formacion\/wp-content\/uploads\/2018\/09\/img-home-josepponsformacio.jpg\" \/>\n\t<meta property=\"og:image:width\" content=\"1182\" \/>\n\t<meta property=\"og:image:height\" content=\"1182\" \/>\n\t<meta property=\"og:image:type\" content=\"image\/jpeg\" \/>\n<meta name=\"author\" content=\"joseppons\" \/>\n<meta name=\"twitter:card\" content=\"summary_large_image\" \/>\n<meta name=\"twitter:creator\" content=\"@josepponsimatge\" \/>\n<meta name=\"twitter:site\" content=\"@josepponsimatge\" \/>\n<meta name=\"twitter:label1\" content=\"Escrito por\" \/>\n\t<meta name=\"twitter:data1\" content=\"joseppons\" \/>\n\t<meta name=\"twitter:label2\" content=\"Tiempo de lectura\" \/>\n\t<meta name=\"twitter:data2\" content=\"3 minutos\" \/>\n<script type=\"application\/ld+json\" class=\"yoast-schema-graph\">{\"@context\":\"https:\/\/schema.org\",\"@graph\":[{\"@type\":\"Article\",\"@id\":\"https:\/\/joseppons.com\/formacion\/coloraciones-pelo-deseadas-2019\/#article\",\"isPartOf\":{\"@id\":\"https:\/\/joseppons.com\/formacion\/coloraciones-pelo-deseadas-2019\/\"},\"author\":{\"name\":\"joseppons\",\"@id\":\"https:\/\/joseppons.com\/formacion\/#\/schema\/person\/52350c76759824d67ee4b9d948063ed1\"},\"headline\":\"Las t\u00e9cnicas y coloraciones para el pelo que desear\u00e1s este 2019\",\"datePublished\":\"2019-01-03T10:57:11+00:00\",\"dateModified\":\"2025-11-10T08:10:44+00:00\",\"mainEntityOfPage\":{\"@id\":\"https:\/\/joseppons.com\/formacion\/coloraciones-pelo-deseadas-2019\/\"},\"wordCount\":655,\"commentCount\":1,\"publisher\":{\"@id\":\"https:\/\/joseppons.com\/formacion\/#organization\"},\"image\":{\"@id\":\"https:\/\/joseppons.com\/formacion\/coloraciones-pelo-deseadas-2019\/#primaryimage\"},\"thumbnailUrl\":\"https:\/\/joseppons.com\/formacion\/wp-content\/uploads\/2018\/09\/img-home-josepponsformacio.jpg\",\"keywords\":[\"balaye\",\"color caramelo\",\"Mechas\",\"mechas Bronde\",\"ombr\u00e9\",\"Peluquer\u00eda\",\"Rubio platino\",\"T\u00e9cnicas y coloraciones\",\"tono ronce\"],\"articleSection\":[\"Actualidad\",\"Peluquer\u00eda\",\"t\u00e9cnicas y coloraciones\"],\"inLanguage\":\"es\",\"potentialAction\":[{\"@type\":\"CommentAction\",\"name\":\"Comment\",\"target\":[\"https:\/\/joseppons.com\/formacion\/coloraciones-pelo-deseadas-2019\/#respond\"]}]},{\"@type\":\"WebPage\",\"@id\":\"https:\/\/joseppons.com\/formacion\/coloraciones-pelo-deseadas-2019\/\",\"url\":\"https:\/\/joseppons.com\/formacion\/coloraciones-pelo-deseadas-2019\/\",\"name\":\"Las t\u00e9cnicas y coloraciones para el pelo que desear\u00e1s este 2019\",\"isPartOf\":{\"@id\":\"https:\/\/joseppons.com\/formacion\/#website\"},\"primaryImageOfPage\":{\"@id\":\"https:\/\/joseppons.com\/formacion\/coloraciones-pelo-deseadas-2019\/#primaryimage\"},\"image\":{\"@id\":\"https:\/\/joseppons.com\/formacion\/coloraciones-pelo-deseadas-2019\/#primaryimage\"},\"thumbnailUrl\":\"https:\/\/joseppons.com\/formacion\/wp-content\/uploads\/2018\/09\/img-home-josepponsformacio.jpg\",\"datePublished\":\"2019-01-03T10:57:11+00:00\",\"dateModified\":\"2025-11-10T08:10:44+00:00\",\"description\":\"Los rubios y todas sus variaciones seguir\u00e1n liderando el r\u00e1nking en coloraciones para el pelo; \u00bfQuieres saber cu\u00e1les son nuestras propuestas?\u00a1Te ayudamos!\",\"breadcrumb\":{\"@id\":\"https:\/\/joseppons.com\/formacion\/coloraciones-pelo-deseadas-2019\/#breadcrumb\"},\"inLanguage\":\"es\",\"potentialAction\":[{\"@type\":\"ReadAction\",\"target\":[\"https:\/\/joseppons.com\/formacion\/coloraciones-pelo-deseadas-2019\/\"]}]},{\"@type\":\"ImageObject\",\"inLanguage\":\"es\",\"@id\":\"https:\/\/joseppons.com\/formacion\/coloraciones-pelo-deseadas-2019\/#primaryimage\",\"url\":\"https:\/\/joseppons.com\/formacion\/wp-content\/uploads\/2018\/09\/img-home-josepponsformacio.jpg\",\"contentUrl\":\"https:\/\/joseppons.com\/formacion\/wp-content\/uploads\/2018\/09\/img-home-josepponsformacio.jpg\",\"width\":1182,\"height\":1182},{\"@type\":\"BreadcrumbList\",\"@id\":\"https:\/\/joseppons.com\/formacion\/coloraciones-pelo-deseadas-2019\/#breadcrumb\",\"itemListElement\":[{\"@type\":\"ListItem\",\"position\":1,\"name\":\"Portada\",\"item\":\"https:\/\/joseppons.com\/formacion\/\"},{\"@type\":\"ListItem\",\"position\":2,\"name\":\"Las t\u00e9cnicas y coloraciones para el pelo que desear\u00e1s este 2019\"}]},{\"@type\":\"WebSite\",\"@id\":\"https:\/\/joseppons.com\/formacion\/#website\",\"url\":\"https:\/\/joseppons.com\/formacion\/\",\"name\":\"Josep Pons Formaci\u00f3n\",\"description\":\"\",\"publisher\":{\"@id\":\"https:\/\/joseppons.com\/formacion\/#organization\"},\"potentialAction\":[{\"@type\":\"SearchAction\",\"target\":{\"@type\":\"EntryPoint\",\"urlTemplate\":\"https:\/\/joseppons.com\/formacion\/?s={search_term_string}\"},\"query-input\":{\"@type\":\"PropertyValueSpecification\",\"valueRequired\":true,\"valueName\":\"search_term_string\"}}],\"inLanguage\":\"es\"},{\"@type\":\"Organization\",\"@id\":\"https:\/\/joseppons.com\/formacion\/#organization\",\"name\":\"Josep Pons\",\"url\":\"https:\/\/joseppons.com\/formacion\/\",\"logo\":{\"@type\":\"ImageObject\",\"inLanguage\":\"es\",\"@id\":\"https:\/\/joseppons.com\/formacion\/#\/schema\/logo\/image\/\",\"url\":\"https:\/\/joseppons.com\/formacion\/wp-content\/uploads\/2018\/09\/logotipo-home-josepponsformacio-1.png\",\"contentUrl\":\"https:\/\/joseppons.com\/formacion\/wp-content\/uploads\/2018\/09\/logotipo-home-josepponsformacio-1.png\",\"width\":420,\"height\":280,\"caption\":\"Josep Pons\"},\"image\":{\"@id\":\"https:\/\/joseppons.com\/formacion\/#\/schema\/logo\/image\/\"},\"sameAs\":[\"https:\/\/es-es.facebook.com\/JosepPonsFormacio\/\",\"https:\/\/x.com\/josepponsimatge\",\"https:\/\/www.instagram.com\/ponsformacion\/\"]},{\"@type\":\"Person\",\"@id\":\"https:\/\/joseppons.com\/formacion\/#\/schema\/person\/52350c76759824d67ee4b9d948063ed1\",\"name\":\"joseppons\"}]}<\/script>\n<!-- \/ Yoast SEO plugin. -->","yoast_head_json":{"title":"Las t\u00e9cnicas y coloraciones para el pelo que desear\u00e1s este 2019","description":"Los rubios y todas sus variaciones seguir\u00e1n liderando el r\u00e1nking en coloraciones para el pelo; \u00bfQuieres saber cu\u00e1les son nuestras propuestas?\u00a1Te ayudamos!","robots":{"index":"index","follow":"follow","max-snippet":"max-snippet:-1","max-image-preview":"max-image-preview:large","max-video-preview":"max-video-preview:-1"},"canonical":"https:\/\/joseppons.com\/formacion\/coloraciones-pelo-deseadas-2019\/","og_locale":"es_ES","og_type":"article","og_title":"Las t\u00e9cnicas y coloraciones para el pelo que desear\u00e1s este 2019","og_description":"Los rubios y todas sus variaciones seguir\u00e1n liderando el r\u00e1nking en coloraciones para el pelo; \u00bfQuieres saber cu\u00e1les son nuestras propuestas?\u00a1Te ayudamos!","og_url":"https:\/\/joseppons.com\/formacion\/coloraciones-pelo-deseadas-2019\/","og_site_name":"Josep Pons Formaci\u00f3n","article_publisher":"https:\/\/es-es.facebook.com\/JosepPonsFormacio\/","article_published_time":"2019-01-03T10:57:11+00:00","article_modified_time":"2025-11-10T08:10:44+00:00","og_image":[{"width":1182,"height":1182,"url":"https:\/\/joseppons.com\/formacion\/wp-content\/uploads\/2018\/09\/img-home-josepponsformacio.jpg","type":"image\/jpeg"}],"author":"joseppons","twitter_card":"summary_large_image","twitter_creator":"@josepponsimatge","twitter_site":"@josepponsimatge","twitter_misc":{"Escrito por":"joseppons","Tiempo de lectura":"3 minutos"},"schema":{"@context":"https:\/\/schema.org","@graph":[{"@type":"Article","@id":"https:\/\/joseppons.com\/formacion\/coloraciones-pelo-deseadas-2019\/#article","isPartOf":{"@id":"https:\/\/joseppons.com\/formacion\/coloraciones-pelo-deseadas-2019\/"},"author":{"name":"joseppons","@id":"https:\/\/joseppons.com\/formacion\/#\/schema\/person\/52350c76759824d67ee4b9d948063ed1"},"headline":"Las t\u00e9cnicas y coloraciones para el pelo que desear\u00e1s este 2019","datePublished":"2019-01-03T10:57:11+00:00","dateModified":"2025-11-10T08:10:44+00:00","mainEntityOfPage":{"@id":"https:\/\/joseppons.com\/formacion\/coloraciones-pelo-deseadas-2019\/"},"wordCount":655,"commentCount":1,"publisher":{"@id":"https:\/\/joseppons.com\/formacion\/#organization"},"image":{"@id":"https:\/\/joseppons.com\/formacion\/coloraciones-pelo-deseadas-2019\/#primaryimage"},"thumbnailUrl":"https:\/\/joseppons.com\/formacion\/wp-content\/uploads\/2018\/09\/img-home-josepponsformacio.jpg","keywords":["balaye","color caramelo","Mechas","mechas Bronde","ombr\u00e9","Peluquer\u00eda","Rubio platino","T\u00e9cnicas y coloraciones","tono ronce"],"articleSection":["Actualidad","Peluquer\u00eda","t\u00e9cnicas y coloraciones"],"inLanguage":"es","potentialAction":[{"@type":"CommentAction","name":"Comment","target":["https:\/\/joseppons.com\/formacion\/coloraciones-pelo-deseadas-2019\/#respond"]}]},{"@type":"WebPage","@id":"https:\/\/joseppons.com\/formacion\/coloraciones-pelo-deseadas-2019\/","url":"https:\/\/joseppons.com\/formacion\/coloraciones-pelo-deseadas-2019\/","name":"Las t\u00e9cnicas y coloraciones para el pelo que desear\u00e1s este 2019","isPartOf":{"@id":"https:\/\/joseppons.com\/formacion\/#website"},"primaryImageOfPage":{"@id":"https:\/\/joseppons.com\/formacion\/coloraciones-pelo-deseadas-2019\/#primaryimage"},"image":{"@id":"https:\/\/joseppons.com\/formacion\/coloraciones-pelo-deseadas-2019\/#primaryimage"},"thumbnailUrl":"https:\/\/joseppons.com\/formacion\/wp-content\/uploads\/2018\/09\/img-home-josepponsformacio.jpg","datePublished":"2019-01-03T10:57:11+00:00","dateModified":"2025-11-10T08:10:44+00:00","description":"Los rubios y todas sus variaciones seguir\u00e1n liderando el r\u00e1nking en coloraciones para el pelo; \u00bfQuieres saber cu\u00e1les son nuestras propuestas?\u00a1Te ayudamos!","breadcrumb":{"@id":"https:\/\/joseppons.com\/formacion\/coloraciones-pelo-deseadas-2019\/#breadcrumb"},"inLanguage":"es","potentialAction":[{"@type":"ReadAction","target":["https:\/\/joseppons.com\/formacion\/coloraciones-pelo-deseadas-2019\/"]}]},{"@type":"ImageObject","inLanguage":"es","@id":"https:\/\/joseppons.com\/formacion\/coloraciones-pelo-deseadas-2019\/#primaryimage","url":"https:\/\/joseppons.com\/formacion\/wp-content\/uploads\/2018\/09\/img-home-josepponsformacio.jpg","contentUrl":"https:\/\/joseppons.com\/formacion\/wp-content\/uploads\/2018\/09\/img-home-josepponsformacio.jpg","width":1182,"height":1182},{"@type":"BreadcrumbList","@id":"https:\/\/joseppons.com\/formacion\/coloraciones-pelo-deseadas-2019\/#breadcrumb","itemListElement":[{"@type":"ListItem","position":1,"name":"Portada","item":"https:\/\/joseppons.com\/formacion\/"},{"@type":"ListItem","position":2,"name":"Las t\u00e9cnicas y coloraciones para el pelo que desear\u00e1s este 2019"}]},{"@type":"WebSite","@id":"https:\/\/joseppons.com\/formacion\/#website","url":"https:\/\/joseppons.com\/formacion\/","name":"Josep Pons Formaci\u00f3n","description":"","publisher":{"@id":"https:\/\/joseppons.com\/formacion\/#organization"},"potentialAction":[{"@type":"SearchAction","target":{"@type":"EntryPoint","urlTemplate":"https:\/\/joseppons.com\/formacion\/?s={search_term_string}"},"query-input":{"@type":"PropertyValueSpecification","valueRequired":true,"valueName":"search_term_string"}}],"inLanguage":"es"},{"@type":"Organization","@id":"https:\/\/joseppons.com\/formacion\/#organization","name":"Josep Pons","url":"https:\/\/joseppons.com\/formacion\/","logo":{"@type":"ImageObject","inLanguage":"es","@id":"https:\/\/joseppons.com\/formacion\/#\/schema\/logo\/image\/","url":"https:\/\/joseppons.com\/formacion\/wp-content\/uploads\/2018\/09\/logotipo-home-josepponsformacio-1.png","contentUrl":"https:\/\/joseppons.com\/formacion\/wp-content\/uploads\/2018\/09\/logotipo-home-josepponsformacio-1.png","width":420,"height":280,"caption":"Josep Pons"},"image":{"@id":"https:\/\/joseppons.com\/formacion\/#\/schema\/logo\/image\/"},"sameAs":["https:\/\/es-es.facebook.com\/JosepPonsFormacio\/","https:\/\/x.com\/josepponsimatge","https:\/\/www.instagram.com\/ponsformacion\/"]},{"@type":"Person","@id":"https:\/\/joseppons.com\/formacion\/#\/schema\/person\/52350c76759824d67ee4b9d948063ed1","name":"joseppons"}]}},"_links":{"self":[{"href":"https:\/\/joseppons.com\/formacion\/wp-json\/wp\/v2\/posts\/1","targetHints":{"allow":["GET"]}}],"collection":[{"href":"https:\/\/joseppons.com\/formacion\/wp-json\/wp\/v2\/posts"}],"about":[{"href":"https:\/\/joseppons.com\/formacion\/wp-json\/wp\/v2\/types\/post"}],"author":[{"embeddable":true,"href":"https:\/\/joseppons.com\/formacion\/wp-json\/wp\/v2\/users\/2"}],"replies":[{"embeddable":true,"href":"https:\/\/joseppons.com\/formacion\/wp-json\/wp\/v2\/comments?post=1"}],"version-history":[{"count":3,"href":"https:\/\/joseppons.com\/formacion\/wp-json\/wp\/v2\/posts\/1\/revisions"}],"predecessor-version":[{"id":18933,"href":"https:\/\/joseppons.com\/formacion\/wp-json\/wp\/v2\/posts\/1\/revisions\/18933"}],"wp:featuredmedia":[{"embeddable":true,"href":"https:\/\/joseppons.com\/formacion\/wp-json\/wp\/v2\/media\/211"}],"wp:attachment":[{"href":"https:\/\/joseppons.com\/formacion\/wp-json\/wp\/v2\/media?parent=1"}],"wp:term":[{"taxonomy":"category","embeddable":true,"href":"https:\/\/joseppons.com\/formacion\/wp-json\/wp\/v2\/categories?post=1"},{"taxonomy":"post_tag","embeddable":true,"href":"https:\/\/joseppons.com\/formacion\/wp-json\/wp\/v2\/tags?post=1"}],"curies":[{"name":"wp","href":"https:\/\/api.w.org\/{rel}","templated":true}]}}